{"id":14685,"date":"2018-12-12T13:12:09","date_gmt":"2018-12-12T13:12:09","guid":{"rendered":"http:\/\/www.shqiperia.com\/blog\/?p=14685"},"modified":"2018-12-12T13:12:09","modified_gmt":"2018-12-12T13:12:09","slug":"juristja-e-ministrise-se-arsimit-u-paraqit-si-student-ne-debat-xhunga-e-perze-nga-studio-juristen-e-masr","status":"publish","type":"post","link":"https:\/\/www.shqiperia.com\/blog\/juristja-e-ministrise-se-arsimit-u-paraqit-si-student-ne-debat-xhunga-e-perze-nga-studio-juristen-e-masr\/","title":{"rendered":"Juristja e Ministrise se Arsimit u  paraqit si student ne debat. &#8211; Xhunga e p\u00ebrz\u00eb nga studio juristen e MASR."},"content":{"rendered":"<p><img data-recalc-dims=\"1\" loading=\"lazy\" decoding=\"async\" data-attachment-id=\"14686\" data-permalink=\"https:\/\/www.shqiperia.com\/blog\/juristja-e-ministrise-se-arsimit-u-paraqit-si-student-ne-debat-xhunga-e-perze-nga-studio-juristen-e-masr\/rudina-1-770x433\/\" data-orig-file=\"https:\/\/i0.wp.com\/www.shqiperia.com\/blog\/wp-content\/uploads\/2018\/12\/rudina-1-770x433.jpg?fit=770%2C433&amp;ssl=1\" data-orig-size=\"770,433\" data-comments-opened=\"1\" data-image-meta=\"{&quot;aperture&quot;:&quot;0&quot;,&quot;credit&quot;:&quot;&quot;,&quot;camera&quot;:&quot;&quot;,&quot;caption&quot;:&quot;&quot;,&quot;created_timestamp&quot;:&quot;0&quot;,&quot;copyright&quot;:&quot;&quot;,&quot;focal_length&quot;:&quot;0&quot;,&quot;iso&quot;:&quot;0&quot;,&quot;shutter_speed&quot;:&quot;0&quot;,&quot;title&quot;:&quot;&quot;,&quot;orientation&quot;:&quot;0&quot;}\" data-image-title=\"rudina-1-770&#215;433\" data-image-description=\"\" data-image-caption=\"\" data-medium-file=\"https:\/\/i0.wp.com\/www.shqiperia.com\/blog\/wp-content\/uploads\/2018\/12\/rudina-1-770x433.jpg?fit=300%2C169&amp;ssl=1\" data-large-file=\"https:\/\/i0.wp.com\/www.shqiperia.com\/blog\/wp-content\/uploads\/2018\/12\/rudina-1-770x433.jpg?fit=770%2C433&amp;ssl=1\" class=\"alignnone  wp-image-14686\" alt=\"\" src=\"https:\/\/i0.wp.com\/www.shqiperia.com\/blog\/wp-content\/uploads\/2018\/12\/rudina-1-770x433-300x169.jpg?resize=541%2C305\" width=\"541\" height=\"305\" srcset=\"https:\/\/i0.wp.com\/www.shqiperia.com\/blog\/wp-content\/uploads\/2018\/12\/rudina-1-770x433.jpg?resize=300%2C169&amp;ssl=1 300w, https:\/\/i0.wp.com\/www.shqiperia.com\/blog\/wp-content\/uploads\/2018\/12\/rudina-1-770x433.jpg?resize=768%2C432&amp;ssl=1 768w, https:\/\/i0.wp.com\/www.shqiperia.com\/blog\/wp-content\/uploads\/2018\/12\/rudina-1-770x433.jpg?resize=450%2C253&amp;ssl=1 450w, https:\/\/i0.wp.com\/www.shqiperia.com\/blog\/wp-content\/uploads\/2018\/12\/rudina-1-770x433.jpg?resize=600%2C337&amp;ssl=1 600w, https:\/\/i0.wp.com\/www.shqiperia.com\/blog\/wp-content\/uploads\/2018\/12\/rudina-1-770x433.jpg?resize=400%2C225&amp;ssl=1 400w, https:\/\/i0.wp.com\/www.shqiperia.com\/blog\/wp-content\/uploads\/2018\/12\/rudina-1-770x433.jpg?resize=770%2C433&amp;ssl=1 770w\" sizes=\"auto, (max-width: 541px) 100vw, 541px\" \/><\/p>\n<p><strong>Juristja e Ministrise se Arsimit u \u00a0paraqit si student ne debat. &#8211; Xhunga e p\u00ebrz\u00eb nga studio juristen e MASR.<\/strong><\/p>\n<p>Pas lidhjes me \u201cSkype\u201d n\u00eb emisionin \u201c Dritare me Rudin\u00ebn\u201d, ish-zv.ministri i Arsimit , Taulant Muka ka zbuluar se nj\u00eb nga t\u00eb ftuarat n\u00eb studio, e prezantuar si studente, punon juriste pran\u00eb Ministris\u00eb s\u00eb Arsimit, Sportit dhe Rinis\u00eb.<\/p>\n<p>Komentin e Muk\u00ebs e lexoi, edhe drejtuesja e emisionit, gazetarja Rudina Xhunga, duke sjell\u00eb edhe debate n\u00eb studio deri n\u00eb largimin e juristes.<\/p>\n<p><img data-recalc-dims=\"1\" loading=\"lazy\" decoding=\"async\" data-attachment-id=\"14687\" data-permalink=\"https:\/\/www.shqiperia.com\/blog\/juristja-e-ministrise-se-arsimit-u-paraqit-si-student-ne-debat-xhunga-e-perze-nga-studio-juristen-e-masr\/rudina-1-770x433-2\/\" data-orig-file=\"https:\/\/i0.wp.com\/www.shqiperia.com\/blog\/wp-content\/uploads\/2018\/12\/rudina-1-770x433-1.jpg?fit=770%2C433&amp;ssl=1\" data-orig-size=\"770,433\" data-comments-opened=\"1\" data-image-meta=\"{&quot;aperture&quot;:&quot;0&quot;,&quot;credit&quot;:&quot;&quot;,&quot;camera&quot;:&quot;&quot;,&quot;caption&quot;:&quot;&quot;,&quot;created_timestamp&quot;:&quot;0&quot;,&quot;copyright&quot;:&quot;&quot;,&quot;focal_length&quot;:&quot;0&quot;,&quot;iso&quot;:&quot;0&quot;,&quot;shutter_speed&quot;:&quot;0&quot;,&quot;title&quot;:&quot;&quot;,&quot;orientation&quot;:&quot;0&quot;}\" data-image-title=\"rudina-1-770&#215;433\" data-image-description=\"\" data-image-caption=\"\" data-medium-file=\"https:\/\/i0.wp.com\/www.shqiperia.com\/blog\/wp-content\/uploads\/2018\/12\/rudina-1-770x433-1.jpg?fit=300%2C169&amp;ssl=1\" data-large-file=\"https:\/\/i0.wp.com\/www.shqiperia.com\/blog\/wp-content\/uploads\/2018\/12\/rudina-1-770x433-1.jpg?fit=770%2C433&amp;ssl=1\" class=\"alignnone  wp-image-14687\" alt=\"\" src=\"https:\/\/i0.wp.com\/www.shqiperia.com\/blog\/wp-content\/uploads\/2018\/12\/rudina-1-770x433-1-300x169.jpg?resize=852%2C480\" width=\"852\" height=\"480\" srcset=\"https:\/\/i0.wp.com\/www.shqiperia.com\/blog\/wp-content\/uploads\/2018\/12\/rudina-1-770x433-1.jpg?resize=300%2C169&amp;ssl=1 300w, https:\/\/i0.wp.com\/www.shqiperia.com\/blog\/wp-content\/uploads\/2018\/12\/rudina-1-770x433-1.jpg?resize=768%2C432&amp;ssl=1 768w, https:\/\/i0.wp.com\/www.shqiperia.com\/blog\/wp-content\/uploads\/2018\/12\/rudina-1-770x433-1.jpg?resize=450%2C253&amp;ssl=1 450w, https:\/\/i0.wp.com\/www.shqiperia.com\/blog\/wp-content\/uploads\/2018\/12\/rudina-1-770x433-1.jpg?resize=600%2C337&amp;ssl=1 600w, https:\/\/i0.wp.com\/www.shqiperia.com\/blog\/wp-content\/uploads\/2018\/12\/rudina-1-770x433-1.jpg?resize=400%2C225&amp;ssl=1 400w, https:\/\/i0.wp.com\/www.shqiperia.com\/blog\/wp-content\/uploads\/2018\/12\/rudina-1-770x433-1.jpg?w=770&amp;ssl=1 770w\" sizes=\"auto, (max-width: 852px) 100vw, 852px\" \/><\/p>\n<p><span>\u00a0<\/span><\/p>\n","protected":false},"excerpt":{"rendered":"<p>Juristja e Ministrise se Arsimit u \u00a0paraqit si student ne debat. &#8211; Xhunga e p\u00ebrz\u00eb nga studio juristen e MASR. Pas lidhjes me \u201cSkype\u201d n\u00eb emisionin \u201c Dritare me Rudin\u00ebn\u201d, ish-zv.ministri i Arsimit , Taulant Muka ka zbuluar se nj\u00eb nga t\u00eb ftuarat n\u00eb studio, e prezantuar si studente, punon juriste pran\u00eb Ministris\u00eb s\u00eb Arsimit, [&hellip;]<\/p>\n","protected":false},"author":9,"featured_media":14686,"comment_status":"open","ping_status":"open","sticky":false,"template":"","format":"standard","meta":{"jetpack_post_was_ever_published":false,"_jetpack_newsletter_access":"","_jetpack_dont_email_post_to_subs":false,"_jetpack_newsletter_tier_id":0,"_jetpack_memberships_contains_paywalled_content":false,"_jetpack_memberships_contains_paid_content":false,"footnotes":"","jetpack_publicize_message":"","jetpack_publicize_feature_enabled":true,"jetpack_social_post_already_shared":true,"jetpack_social_options":{"image_generator_settings":{"template":"highway","default_image_id":0,"font":"","enabled":false},"version":2}},"categories":[27,10],"tags":[],"class_list":["post-14685","post","type-post","status-publish","format-standard","has-post-thumbnail","hentry","category-blogu-i-udhetarit","category-kultura"],"jetpack_publicize_connections":[],"jetpack_featured_media_url":"https:\/\/i0.wp.com\/www.shqiperia.com\/blog\/wp-content\/uploads\/2018\/12\/rudina-1-770x433.jpg?fit=770%2C433&ssl=1","jetpack_sharing_enabled":true,"jetpack_shortlink":"https:\/\/wp.me\/p5Z6wp-3OR","jetpack-related-posts":[{"id":4987,"url":"https:\/\/www.shqiperia.com\/blog\/kristali-nje-pirg-diploma-false-edhe-900-italiane-te-diplomuar\/","url_meta":{"origin":14685,"position":0},"title":"\u201cKristali\u201d, nj\u00eb pirg me diploma false, edhe 900 italian\u00eb t\u00eb diplomuar. &#8211;","author":"Kurt Farka","date":"March 16, 2018","format":false,"excerpt":"Universitetet private, t\u00eb cilat u mbyll\u00ebn n\u00eb 2014-\u00ebn me nj\u00eb vendim t\u00eb K\u00ebshillit t\u00eb Ministrave, dor\u00ebzuan pran\u00eb Ministris\u00eb s\u00eb Arsimit regjistrat e tyre, por universiteti jo publik \u201cKristal\u201d nuk e b\u00ebri di\u00e7ka t\u00eb till\u00eb. Duke u nisur nga k\u00ebto kushte, Ministria e Arsimit b\u00ebri nj\u00eb kall\u00ebzim n\u00eb Prokurorin\u00eb e Tiran\u00ebs\u2026","rel":"","context":"In &quot;Njoftime Shtypi&quot;","block_context":{"text":"Njoftime Shtypi","link":"https:\/\/www.shqiperia.com\/blog\/category\/njoftime-shtypi\/"},"img":{"alt_text":"","src":"https:\/\/i0.wp.com\/www.shqiperia.com\/blog\/wp-content\/uploads\/2018\/03\/Universiteti-Kristal-3.jpg?fit=469%2C328&ssl=1&resize=350%2C200","width":350,"height":200},"classes":[]},{"id":87589,"url":"https:\/\/www.shqiperia.com\/blog\/studentet-ne-marshim-drejt-ministrise-se-arsimit-dhe-sportit\/","url_meta":{"origin":14685,"position":1},"title":"Student\u00ebt n\u00eb marshim drejt Ministrise se Arsimit dhe Sportit","author":"Kurt Farka","date":"December 19, 2024","format":false,"excerpt":"19 Dhjetor 2024 Pakti p\u00ebr Universitetin po mban marshim drejt Ministris\u00eb s\u00eb Arsimit dhe Sportit. Student\u00ebt k\u00ebrkojn\u00eb rritjen e buxhetit p\u00ebr arsimin n\u00eb 5 p\u00ebrqind. Gjithashtu, student\u00ebt k\u00ebrkojn\u00eb transparenc\u00eb me buxhetin nga MAS. Student\u00ebt k\u00ebrkojn\u00eb rritjen e pesh\u00ebs t\u00eb vot\u00ebs p\u00ebr zgjedhje. Po ashtu, k\u00ebrkohet rishikimi i titujve akademik\u00eb. Balkanweb","rel":"","context":"In &quot;Blogu i Udh\u00ebtarit&quot;","block_context":{"text":"Blogu i Udh\u00ebtarit","link":"https:\/\/www.shqiperia.com\/blog\/category\/blogu-i-udhetarit\/"},"img":{"alt_text":"","src":"https:\/\/i0.wp.com\/www.shqiperia.com\/blog\/wp-content\/uploads\/2024\/12\/marshim-para-MAS1.jpg?fit=849%2C475&ssl=1&resize=350%2C200","width":350,"height":200,"srcset":"https:\/\/i0.wp.com\/www.shqiperia.com\/blog\/wp-content\/uploads\/2024\/12\/marshim-para-MAS1.jpg?fit=849%2C475&ssl=1&resize=350%2C200 1x, https:\/\/i0.wp.com\/www.shqiperia.com\/blog\/wp-content\/uploads\/2024\/12\/marshim-para-MAS1.jpg?fit=849%2C475&ssl=1&resize=525%2C300 1.5x, https:\/\/i0.wp.com\/www.shqiperia.com\/blog\/wp-content\/uploads\/2024\/12\/marshim-para-MAS1.jpg?fit=849%2C475&ssl=1&resize=700%2C400 2x"},"classes":[]},{"id":17031,"url":"https:\/\/www.shqiperia.com\/blog\/reagimi-i-lleshajt-shperthen-rudina-xhunga-ti-te-kerkosh-falje\/","url_meta":{"origin":14685,"position":2},"title":"Reagimi i Lleshajt, shp\u00ebrthen Rudina Xhunga: &#8211; Ti t\u00eb k\u00ebrkosh falje!-","author":"Kurt Farka","date":"February 6, 2019","format":false,"excerpt":"Reagimi i Lleshajt, shp\u00ebrthen Rudina Xhunga: - Ti t\u00eb k\u00ebrkosh falje!- 05 Shkurt, 2019 22 Pas mesazhit t\u00eb ministrit t\u00eb Brendsh\u00ebm, Sand\u00ebr Lleshaj se neveriste kryeministrin Berisha n\u00eb lidhje me publikimet dhe akuzat e tij ndaj policis\u00eb p\u00ebr rastin e p\u00ebrdhunimit t\u00eb minorenes n\u00eb Kavaj\u00eb, ka reaguar ashp\u00ebr edhe gazetarja\u2026","rel":"","context":"In &quot;Kultura&quot;","block_context":{"text":"Kultura","link":"https:\/\/www.shqiperia.com\/blog\/category\/kultura\/"},"img":{"alt_text":"","src":"https:\/\/i0.wp.com\/www.shqiperia.com\/blog\/wp-content\/uploads\/2019\/02\/rudina-xhunga-770x450.jpg?fit=620%2C346&ssl=1&resize=350%2C200","width":350,"height":200,"srcset":"https:\/\/i0.wp.com\/www.shqiperia.com\/blog\/wp-content\/uploads\/2019\/02\/rudina-xhunga-770x450.jpg?fit=620%2C346&ssl=1&resize=350%2C200 1x, https:\/\/i0.wp.com\/www.shqiperia.com\/blog\/wp-content\/uploads\/2019\/02\/rudina-xhunga-770x450.jpg?fit=620%2C346&ssl=1&resize=525%2C300 1.5x"},"classes":[]},{"id":50668,"url":"https:\/\/www.shqiperia.com\/blog\/proteste-perballe-ministrise-se-arsimit-studentet-bllokojne-kete-aks-kryesor-te-kryeqytetit\/","url_meta":{"origin":14685,"position":3},"title":"Protest\u00eb p\u00ebrball\u00eb Ministris\u00eb s\u00eb Arsimit, student\u00ebt bllokojn\u00eb k\u00ebt\u00eb aks kryesor t\u00eb kryeqytetit.","author":"Kurt Farka","date":"October 18, 2021","format":false,"excerpt":"Protest\u00eb p\u00ebrball\u00eb Ministris\u00eb s\u00eb Arsimit, student\u00ebt bllokojn\u00eb k\u00ebt\u00eb aks kryesor t\u00eb kryeqytetit 18 TETOR 2021 Studentet dit\u00ebn e sotme duhet t\u00eb riktheheshin n\u00eb auditore por nuk ndodhi k\u00ebshtu. Detyrimi p\u00ebr vaksinim ose PCR \u00e7do dit\u00eb, ka ngritur n\u00eb protest\u00eb t\u00eb rinjt\u00eb t\u00eb cil\u00ebt prej 1 vite studionin online n\u00eb sht\u00ebpi.\u2026","rel":"","context":"In &quot;Blogu i Udh\u00ebtarit&quot;","block_context":{"text":"Blogu i Udh\u00ebtarit","link":"https:\/\/www.shqiperia.com\/blog\/category\/blogu-i-udhetarit\/"},"img":{"alt_text":"","src":"https:\/\/i0.wp.com\/www.shqiperia.com\/blog\/wp-content\/uploads\/2021\/10\/800-0-616d3e82858b9.jpg?fit=800%2C480&ssl=1&resize=350%2C200","width":350,"height":200,"srcset":"https:\/\/i0.wp.com\/www.shqiperia.com\/blog\/wp-content\/uploads\/2021\/10\/800-0-616d3e82858b9.jpg?fit=800%2C480&ssl=1&resize=350%2C200 1x, https:\/\/i0.wp.com\/www.shqiperia.com\/blog\/wp-content\/uploads\/2021\/10\/800-0-616d3e82858b9.jpg?fit=800%2C480&ssl=1&resize=525%2C300 1.5x, https:\/\/i0.wp.com\/www.shqiperia.com\/blog\/wp-content\/uploads\/2021\/10\/800-0-616d3e82858b9.jpg?fit=800%2C480&ssl=1&resize=700%2C400 2x"},"classes":[]},{"id":14495,"url":"https:\/\/www.shqiperia.com\/blog\/studentet-i-frikesohen-percarjes-shami-te-kuqe-per-tu-dalluar\/","url_meta":{"origin":14685,"position":4},"title":"Student\u00ebt i frik\u00ebsohen p\u00ebr\u00e7arjes: \u201cShami t\u00eb kuqe p\u00ebr t\u2019u dalluar\u201d. &#8211;","author":"Kurt Farka","date":"December 9, 2018","format":false,"excerpt":"Student\u00ebt i frik\u00ebsohen p\u00ebr\u00e7arjes: \u201cShami t\u00eb kuqe p\u00ebr t\u2019u dalluar\u201d. - 9.12, 2018 Student\u00ebt vijojn\u00eb protest\u00ebn n\u00eb Tiran\u00eb duke b\u00ebr\u00eb thirrje p\u00ebr mos politizim. Ata thon\u00eb se duke qen\u00eb se grupe t\u00eb tjera po mundohen t\u2019i p\u00ebr\u00e7ajn\u00eb kan\u00eb hedhur disa ide. E para, k\u00ebrkojn\u00eb q\u00eb mos ket\u00eb nj\u00eb drejtues, por\u2026","rel":"","context":"In &quot;Blogu i Udh\u00ebtarit&quot;","block_context":{"text":"Blogu i Udh\u00ebtarit","link":"https:\/\/www.shqiperia.com\/blog\/category\/blogu-i-udhetarit\/"},"img":{"alt_text":"","src":"https:\/\/i0.wp.com\/www.shqiperia.com\/blog\/wp-content\/uploads\/2018\/12\/index-14-300x150.jpg?resize=350%2C200","width":350,"height":200,"srcset":"https:\/\/i0.wp.com\/www.shqiperia.com\/blog\/wp-content\/uploads\/2018\/12\/index-14-300x150.jpg?resize=350%2C200 1x, https:\/\/i0.wp.com\/www.shqiperia.com\/blog\/wp-content\/uploads\/2018\/12\/index-14-300x150.jpg?resize=525%2C300 1.5x"},"classes":[]},{"id":35672,"url":"https:\/\/www.shqiperia.com\/blog\/maturantet-ne-proteste-qe-prej-mengjesit-ministria-e-arsimit-jep-njoftimin-e-rendesishem\/","url_meta":{"origin":14685,"position":5},"title":"Maturant\u00ebt n\u00eb protest\u00eb q\u00eb prej m\u00ebngjesit, Ministria e Arsimit\u00a0jep njoftimin e r\u00ebnd\u00ebsish\u00ebm","author":"Kurt Farka","date":"June 12, 2020","format":false,"excerpt":"Maturant\u00ebt n\u00eb protest\u00eb q\u00eb prej m\u00ebngjesit, Ministria e Arsimit\u00a0jep njoftimin e r\u00ebnd\u00ebsish\u00ebm 12 QERSHOR 2020 Maturant\u00ebt vijojn\u00eb t\u00eb protestojn\u00eb p\u00ebrpara Ministris\u00eb s\u00eb Arsimit q\u00eb prej m\u00ebngjesit t\u00eb dit\u00ebs s\u00eb sotme. Ata k\u00ebrkojn\u00eb q\u00eb t\u00eb b\u00ebhet rivler\u00ebsimi i provimit t\u00eb Gjuh\u00ebs Shqipe dhe Let\u00ebrsis\u00eb q\u00eb u zhvillua dit\u00ebn e djeshme, pasi\u2026","rel":"","context":"In &quot;Blogu i Udh\u00ebtarit&quot;","block_context":{"text":"Blogu i Udh\u00ebtarit","link":"https:\/\/www.shqiperia.com\/blog\/category\/blogu-i-udhetarit\/"},"img":{"alt_text":"","src":"https:\/\/i0.wp.com\/www.shqiperia.com\/blog\/wp-content\/uploads\/2020\/06\/800-0-5ee37ba4eb561-Copy.jpg?fit=800%2C455&ssl=1&resize=350%2C200","width":350,"height":200,"srcset":"https:\/\/i0.wp.com\/www.shqiperia.com\/blog\/wp-content\/uploads\/2020\/06\/800-0-5ee37ba4eb561-Copy.jpg?fit=800%2C455&ssl=1&resize=350%2C200 1x, https:\/\/i0.wp.com\/www.shqiperia.com\/blog\/wp-content\/uploads\/2020\/06\/800-0-5ee37ba4eb561-Copy.jpg?fit=800%2C455&ssl=1&resize=525%2C300 1.5x, https:\/\/i0.wp.com\/www.shqiperia.com\/blog\/wp-content\/uploads\/2020\/06\/800-0-5ee37ba4eb561-Copy.jpg?fit=800%2C455&ssl=1&resize=700%2C400 2x"},"classes":[]}],"_links":{"self":[{"href":"https:\/\/www.shqiperia.com\/blog\/wp-json\/wp\/v2\/posts\/14685","targetHints":{"allow":["GET"]}}],"collection":[{"href":"https:\/\/www.shqiperia.com\/blog\/wp-json\/wp\/v2\/posts"}],"about":[{"href":"https:\/\/www.shqiperia.com\/blog\/wp-json\/wp\/v2\/types\/post"}],"author":[{"embeddable":true,"href":"https:\/\/www.shqiperia.com\/blog\/wp-json\/wp\/v2\/users\/9"}],"replies":[{"embeddable":true,"href":"https:\/\/www.shqiperia.com\/blog\/wp-json\/wp\/v2\/comments?post=14685"}],"version-history":[{"count":1,"href":"https:\/\/www.shqiperia.com\/blog\/wp-json\/wp\/v2\/posts\/14685\/revisions"}],"predecessor-version":[{"id":14688,"href":"https:\/\/www.shqiperia.com\/blog\/wp-json\/wp\/v2\/posts\/14685\/revisions\/14688"}],"wp:featuredmedia":[{"embeddable":true,"href":"https:\/\/www.shqiperia.com\/blog\/wp-json\/wp\/v2\/media\/14686"}],"wp:attachment":[{"href":"https:\/\/www.shqiperia.com\/blog\/wp-json\/wp\/v2\/media?parent=14685"}],"wp:term":[{"taxonomy":"category","embeddable":true,"href":"https:\/\/www.shqiperia.com\/blog\/wp-json\/wp\/v2\/categories?post=14685"},{"taxonomy":"post_tag","embeddable":true,"href":"https:\/\/www.shqiperia.com\/blog\/wp-json\/wp\/v2\/tags?post=14685"}],"curies":[{"name":"wp","href":"https:\/\/api.w.org\/{rel}","templated":true}]}}