{"id":14680,"date":"2018-12-12T13:01:47","date_gmt":"2018-12-12T13:01:47","guid":{"rendered":"http:\/\/www.shqiperia.com\/blog\/?p=14680"},"modified":"2018-12-12T13:01:47","modified_gmt":"2018-12-12T13:01:47","slug":"pas-studenteve-nje-grupim-tjeter-paralajmeron-protesta-behuni-gati-do-jemi-te-gjithe-bashke","status":"publish","type":"post","link":"https:\/\/www.shqiperia.com\/blog\/pas-studenteve-nje-grupim-tjeter-paralajmeron-protesta-behuni-gati-do-jemi-te-gjithe-bashke\/","title":{"rendered":"Pas student\u00ebve nj\u00eb grupim tjet\u00ebr paralajm\u00ebron protesta: B\u00ebhuni gati, do jemi t\u00eb gjith\u00eb bashk\u00eb. &#8211;"},"content":{"rendered":"<p><img data-recalc-dims=\"1\" loading=\"lazy\" decoding=\"async\" data-attachment-id=\"14681\" data-permalink=\"https:\/\/www.shqiperia.com\/blog\/pas-studenteve-nje-grupim-tjeter-paralajmeron-protesta-behuni-gati-do-jemi-te-gjithe-bashke\/mjeket12-587x396-640x358-640x358\/\" data-orig-file=\"https:\/\/i0.wp.com\/www.shqiperia.com\/blog\/wp-content\/uploads\/2018\/12\/mjeket12-587x396-640x358-640x358.jpg?fit=640%2C358&amp;ssl=1\" data-orig-size=\"640,358\" data-comments-opened=\"1\" data-image-meta=\"{&quot;aperture&quot;:&quot;0&quot;,&quot;credit&quot;:&quot;&quot;,&quot;camera&quot;:&quot;&quot;,&quot;caption&quot;:&quot;&quot;,&quot;created_timestamp&quot;:&quot;0&quot;,&quot;copyright&quot;:&quot;&quot;,&quot;focal_length&quot;:&quot;0&quot;,&quot;iso&quot;:&quot;0&quot;,&quot;shutter_speed&quot;:&quot;0&quot;,&quot;title&quot;:&quot;&quot;,&quot;orientation&quot;:&quot;0&quot;}\" data-image-title=\"mjeket12-587&#215;396-640&#215;358-640&#215;358\" data-image-description=\"\" data-image-caption=\"\" data-medium-file=\"https:\/\/i0.wp.com\/www.shqiperia.com\/blog\/wp-content\/uploads\/2018\/12\/mjeket12-587x396-640x358-640x358.jpg?fit=300%2C168&amp;ssl=1\" data-large-file=\"https:\/\/i0.wp.com\/www.shqiperia.com\/blog\/wp-content\/uploads\/2018\/12\/mjeket12-587x396-640x358-640x358.jpg?fit=640%2C358&amp;ssl=1\" class=\"alignnone  wp-image-14681\" alt=\"\" src=\"https:\/\/i0.wp.com\/www.shqiperia.com\/blog\/wp-content\/uploads\/2018\/12\/mjeket12-587x396-640x358-640x358-300x168.jpg?resize=609%2C341\" width=\"609\" height=\"341\" srcset=\"https:\/\/i0.wp.com\/www.shqiperia.com\/blog\/wp-content\/uploads\/2018\/12\/mjeket12-587x396-640x358-640x358.jpg?resize=300%2C168&amp;ssl=1 300w, https:\/\/i0.wp.com\/www.shqiperia.com\/blog\/wp-content\/uploads\/2018\/12\/mjeket12-587x396-640x358-640x358.jpg?resize=450%2C252&amp;ssl=1 450w, https:\/\/i0.wp.com\/www.shqiperia.com\/blog\/wp-content\/uploads\/2018\/12\/mjeket12-587x396-640x358-640x358.jpg?resize=600%2C336&amp;ssl=1 600w, https:\/\/i0.wp.com\/www.shqiperia.com\/blog\/wp-content\/uploads\/2018\/12\/mjeket12-587x396-640x358-640x358.jpg?resize=400%2C224&amp;ssl=1 400w, https:\/\/i0.wp.com\/www.shqiperia.com\/blog\/wp-content\/uploads\/2018\/12\/mjeket12-587x396-640x358-640x358.jpg?resize=640%2C358&amp;ssl=1 640w\" sizes=\"auto, (max-width: 609px) 100vw, 609px\" \/><\/p>\n<p><strong>Pas student\u00ebve nj\u00eb grupim tjet\u00ebr paralajm\u00ebron protesta: B\u00ebhuni gati, do jemi t\u00eb gjith\u00eb bashk\u00eb. &#8211;<br \/>\n<\/strong><\/p>\n<p><strong>12\/12\/2018 <\/strong><\/p>\n<p>Pas protest\u00ebs 8 ditore t\u00eb student\u00ebve edhe nj\u00eb grupim tjet\u00ebr ka paralajm\u00ebruar se do t\u00eb nisin protestat.<\/p>\n<p>Shoqata e Infermier\u00ebve n\u00eb Shqip\u00ebri ka paralajm\u00ebruar se do zhvillojn\u00eb protesta.<\/p>\n<p>Bluzat e bardha do protestojn\u00eb para Ministris\u00eb s\u00eb Sh\u00ebndet\u00ebsis\u00eb dhe Mbrojtjes Sociale m\u00eb 20 dhjetor.<\/p>\n<p>N\u00ebp\u00ebrmjet nj\u00eb postimi n\u00eb rrjetet sociale, Shoqata e Infermier\u00ebve b\u00ebjn\u00eb thirrje t\u00eb b\u00ebhen gati sepse pak dit\u00eb i ndajn\u00eb q\u00eb t\u00eb jen\u00eb t\u00eb gjith\u00eb bashk\u00eb.<\/p>\n<p>&#8220;B\u00ebhuni gati edhe pak dite na ndajn\u00eb t\u00eb jemi t\u00eb gjith\u00eb bashk\u00eb,&#8221;-shkruan Shoqata Infermier\u00ebve.<\/p>\n<p>Bluzat e Bardha shprehen se do protestojn\u00eb p\u00ebr t\u00eb drejtat e tyre kund\u00ebr presioneve, diskriminimit dhe politizimit t\u00eb Sh\u00ebndet\u00ebsis\u00eb.<\/p>\n<p>Ata k\u00ebrkojn\u00eb:<\/p>\n<p>-Shp\u00ebrblim p\u00ebr fundvit<\/p>\n<p>-Rritje page<\/p>\n<p>-Kushte m\u00eb t\u00eb mira pune<\/p>\n<p>-Siguri n\u00eb pune<\/p>\n<p>-Protokollet e pun\u00ebs<\/p>\n<p>-Shfuqizimin e gabimit mjekesor si vep\u00ebr penale<\/p>\n<p>-Pagesa e dit\u00ebve t\u00eb fundjav\u00ebs sipas ligjit<\/p>\n<p>-Pagesa e dit\u00ebve t\u00eb festave sipas ligjit<\/p>\n<p>-Stop koncesioneve n\u00eb kurriz t\u00eb personelit sh\u00ebndet\u00ebsor<\/p>\n<p>-Stop abuzimeve me pun\u00ebsime partiake<\/p>\n<p>-Stop dhun\u00ebs ndaj bluzave t\u00eb bardha<\/p>\n<p>Protesta do nis\u00eb nga QSUT drejt Ministrise se Shendetesise dhe Mbrojtjes Sociale.<\/p>\n<p><img data-recalc-dims=\"1\" loading=\"lazy\" decoding=\"async\" data-attachment-id=\"14682\" data-permalink=\"https:\/\/www.shqiperia.com\/blog\/pas-studenteve-nje-grupim-tjeter-paralajmeron-protesta-behuni-gati-do-jemi-te-gjithe-bashke\/mjeket12-587x396-640x358-640x358-2\/\" data-orig-file=\"https:\/\/i0.wp.com\/www.shqiperia.com\/blog\/wp-content\/uploads\/2018\/12\/mjeket12-587x396-640x358-640x358-1.jpg?fit=640%2C358&amp;ssl=1\" data-orig-size=\"640,358\" data-comments-opened=\"1\" data-image-meta=\"{&quot;aperture&quot;:&quot;0&quot;,&quot;credit&quot;:&quot;&quot;,&quot;camera&quot;:&quot;&quot;,&quot;caption&quot;:&quot;&quot;,&quot;created_timestamp&quot;:&quot;0&quot;,&quot;copyright&quot;:&quot;&quot;,&quot;focal_length&quot;:&quot;0&quot;,&quot;iso&quot;:&quot;0&quot;,&quot;shutter_speed&quot;:&quot;0&quot;,&quot;title&quot;:&quot;&quot;,&quot;orientation&quot;:&quot;0&quot;}\" data-image-title=\"mjeket12-587&#215;396-640&#215;358-640&#215;358\" data-image-description=\"\" data-image-caption=\"\" data-medium-file=\"https:\/\/i0.wp.com\/www.shqiperia.com\/blog\/wp-content\/uploads\/2018\/12\/mjeket12-587x396-640x358-640x358-1.jpg?fit=300%2C168&amp;ssl=1\" data-large-file=\"https:\/\/i0.wp.com\/www.shqiperia.com\/blog\/wp-content\/uploads\/2018\/12\/mjeket12-587x396-640x358-640x358-1.jpg?fit=640%2C358&amp;ssl=1\" class=\"alignnone  wp-image-14682\" alt=\"\" src=\"https:\/\/i0.wp.com\/www.shqiperia.com\/blog\/wp-content\/uploads\/2018\/12\/mjeket12-587x396-640x358-640x358-1-300x168.jpg?resize=836%2C468\" width=\"836\" height=\"468\" srcset=\"https:\/\/i0.wp.com\/www.shqiperia.com\/blog\/wp-content\/uploads\/2018\/12\/mjeket12-587x396-640x358-640x358-1.jpg?resize=300%2C168&amp;ssl=1 300w, https:\/\/i0.wp.com\/www.shqiperia.com\/blog\/wp-content\/uploads\/2018\/12\/mjeket12-587x396-640x358-640x358-1.jpg?resize=450%2C252&amp;ssl=1 450w, https:\/\/i0.wp.com\/www.shqiperia.com\/blog\/wp-content\/uploads\/2018\/12\/mjeket12-587x396-640x358-640x358-1.jpg?resize=600%2C336&amp;ssl=1 600w, https:\/\/i0.wp.com\/www.shqiperia.com\/blog\/wp-content\/uploads\/2018\/12\/mjeket12-587x396-640x358-640x358-1.jpg?resize=400%2C224&amp;ssl=1 400w, https:\/\/i0.wp.com\/www.shqiperia.com\/blog\/wp-content\/uploads\/2018\/12\/mjeket12-587x396-640x358-640x358-1.jpg?w=640&amp;ssl=1 640w\" sizes=\"auto, (max-width: 836px) 100vw, 836px\" \/><\/p>\n<p><strong>\/Agjensia e Lajmeve Sot News\/<\/strong><\/p>\n","protected":false},"excerpt":{"rendered":"<p>Pas student\u00ebve nj\u00eb grupim tjet\u00ebr paralajm\u00ebron protesta: B\u00ebhuni gati, do jemi t\u00eb gjith\u00eb bashk\u00eb. &#8211; 12\/12\/2018 Pas protest\u00ebs 8 ditore t\u00eb student\u00ebve edhe nj\u00eb grupim tjet\u00ebr ka paralajm\u00ebruar se do t\u00eb nisin protestat. Shoqata e Infermier\u00ebve n\u00eb Shqip\u00ebri ka paralajm\u00ebruar se do zhvillojn\u00eb protesta. Bluzat e bardha do protestojn\u00eb para Ministris\u00eb s\u00eb Sh\u00ebndet\u00ebsis\u00eb dhe Mbrojtjes [&hellip;]<\/p>\n","protected":false},"author":9,"featured_media":14681,"comment_status":"open","ping_status":"open","sticky":false,"template":"","format":"standard","meta":{"jetpack_post_was_ever_published":false,"_jetpack_newsletter_access":"","_jetpack_dont_email_post_to_subs":false,"_jetpack_newsletter_tier_id":0,"_jetpack_memberships_contains_paywalled_content":false,"_jetpack_memberships_contains_paid_content":false,"footnotes":"","jetpack_publicize_message":"","jetpack_publicize_feature_enabled":true,"jetpack_social_post_already_shared":true,"jetpack_social_options":{"image_generator_settings":{"template":"highway","default_image_id":0,"font":"","enabled":false},"version":2}},"categories":[27,2,35],"tags":[],"class_list":["post-14680","post","type-post","status-publish","format-standard","has-post-thumbnail","hentry","category-blogu-i-udhetarit","category-politika","category-shoqerore"],"jetpack_publicize_connections":[],"jetpack_featured_media_url":"https:\/\/i0.wp.com\/www.shqiperia.com\/blog\/wp-content\/uploads\/2018\/12\/mjeket12-587x396-640x358-640x358.jpg?fit=640%2C358&ssl=1","jetpack_sharing_enabled":true,"jetpack_shortlink":"https:\/\/wp.me\/p5Z6wp-3OM","jetpack-related-posts":[{"id":16013,"url":"https:\/\/www.shqiperia.com\/blog\/pas-shkodres-nje-tjeter-universitet-i-bashkohet-protestes-se-studenteve\/","url_meta":{"origin":14680,"position":0},"title":"Pas Shkodr\u00ebs, nj\u00eb tjet\u00ebr universitet i bashkohet protest\u00ebs s\u00eb student\u00ebve. &#8211;","author":"Kurt Farka","date":"January 13, 2019","format":false,"excerpt":"Pas Shkodr\u00ebs, nj\u00eb tjet\u00ebr universitet i bashkohet protest\u00ebs s\u00eb student\u00ebve. - 13\/01\/2019. Nd\u00ebrkoh\u00eb q\u00eb student\u00ebt e Universitetit t\u00eb Tiran\u00ebs, prej dit\u00ebsh po protestojn\u00eb duke bojkotuar m\u00ebsimin dhe duke u ngujuar n\u00eb fakultete, edhe koleg\u00ebt e tyre n\u00eb Elbasan kan\u00eb vendosur q\u00eb nes\u00ebr t\u00eb protestojn\u00eb s\u00ebrish. N\u00eb nj\u00eb njoftim n\u00eb rrjetet\u2026","rel":"","context":"In &quot;Blogu i Udh\u00ebtarit&quot;","block_context":{"text":"Blogu i Udh\u00ebtarit","link":"https:\/\/www.shqiperia.com\/blog\/category\/blogu-i-udhetarit\/"},"img":{"alt_text":"","src":"https:\/\/i0.wp.com\/www.shqiperia.com\/blog\/wp-content\/uploads\/2019\/01\/elbasan_0.jpg?fit=535%2C309&ssl=1&resize=350%2C200","width":350,"height":200,"srcset":"https:\/\/i0.wp.com\/www.shqiperia.com\/blog\/wp-content\/uploads\/2019\/01\/elbasan_0.jpg?fit=535%2C309&ssl=1&resize=350%2C200 1x, https:\/\/i0.wp.com\/www.shqiperia.com\/blog\/wp-content\/uploads\/2019\/01\/elbasan_0.jpg?fit=535%2C309&ssl=1&resize=525%2C300 1.5x"},"classes":[]},{"id":59623,"url":"https:\/\/www.shqiperia.com\/blog\/skeni-pare-gje-akoma-alarmi-i-shoqates-se-infermiereve-ska-personel-po-telefonohen-punonjesit-qe-kane-dale-ne-pension\/","url_meta":{"origin":14680,"position":1},"title":"\u201cS&#8217;keni par\u00eb gj\u00eb akoma\u201d: &#8211; Alarmi i Shoqat\u00ebs s\u00eb infermier\u00ebve: S\u2019ka personel, po telefonohen punonj\u00ebsit q\u00eb kan\u00eb dal\u00eb n\u00eb pension","author":"Kurt Farka","date":"July 1, 2022","format":false,"excerpt":"1 KORRIK 2022 Shoqata e Infermier\u00ebve ka ngritur shqet\u00ebsimin e munges\u00ebs s\u00eb madhe t\u00eb bluzave t\u00eb bardha n\u00eb Shqip\u00ebri. Sipas saj, vendi po kalon n\u00eb kolaps p\u00ebr shkak t\u00eb munges\u00ebs s\u00eb mjek\u00ebve dhe infermier\u00ebve si n\u00eb spitalet shtet\u00ebrore edhe n\u00eb ato private. Shoqata b\u00ebn me dije se Ministria e Sh\u00ebndet\u00ebsis\u00eb\u2026","rel":"","context":"In &quot;Blogu i Udh\u00ebtarit&quot;","block_context":{"text":"Blogu i Udh\u00ebtarit","link":"https:\/\/www.shqiperia.com\/blog\/category\/blogu-i-udhetarit\/"},"img":{"alt_text":"","src":"https:\/\/i0.wp.com\/www.shqiperia.com\/blog\/wp-content\/uploads\/2022\/07\/mjekettt-2.jpg?fit=768%2C512&ssl=1&resize=350%2C200","width":350,"height":200,"srcset":"https:\/\/i0.wp.com\/www.shqiperia.com\/blog\/wp-content\/uploads\/2022\/07\/mjekettt-2.jpg?fit=768%2C512&ssl=1&resize=350%2C200 1x, https:\/\/i0.wp.com\/www.shqiperia.com\/blog\/wp-content\/uploads\/2022\/07\/mjekettt-2.jpg?fit=768%2C512&ssl=1&resize=525%2C300 1.5x, https:\/\/i0.wp.com\/www.shqiperia.com\/blog\/wp-content\/uploads\/2022\/07\/mjekettt-2.jpg?fit=768%2C512&ssl=1&resize=700%2C400 2x"},"classes":[]},{"id":17749,"url":"https:\/\/www.shqiperia.com\/blog\/mbyllet-protesta-e-opozites-basha-thirrje-shqiptareve-behuni-gati-per\/","url_meta":{"origin":14680,"position":2},"title":"Mbyllet protesta e opozit\u00ebs, Basha thirrje shqiptar\u00ebve: B\u00ebhuni gati p\u00ebr\u2026","author":"Kurt Farka","date":"February 21, 2019","format":false,"excerpt":"Mbyllet protesta e opozit\u00ebs, Basha thirrje shqiptar\u00ebve: B\u00ebhuni gati p\u00ebr\u2026 21 shkurt 2019 Ka zgjatur pak me shum\u00eb se tre ore protesta masive e opozites.\u00a0Ndryshe nga protesta e s\u00eb shtun\u00ebs, para Kryeministrise, protesta e sotme kaloi e qete dhe pa asnje incident. Protesta nisi n\u00eb sheshin p\u00ebrpara parlamentit e m\u00eb\u2026","rel":"","context":"In &quot;Blogu i Udh\u00ebtarit&quot;","block_context":{"text":"Blogu i Udh\u00ebtarit","link":"https:\/\/www.shqiperia.com\/blog\/category\/blogu-i-udhetarit\/"},"img":{"alt_text":"","src":"https:\/\/i0.wp.com\/www.shqiperia.com\/blog\/wp-content\/uploads\/2019\/02\/protesta-PD-Kuvendi11-1024x683.jpg?fit=1024%2C530&ssl=1&resize=350%2C200","width":350,"height":200,"srcset":"https:\/\/i0.wp.com\/www.shqiperia.com\/blog\/wp-content\/uploads\/2019\/02\/protesta-PD-Kuvendi11-1024x683.jpg?fit=1024%2C530&ssl=1&resize=350%2C200 1x, https:\/\/i0.wp.com\/www.shqiperia.com\/blog\/wp-content\/uploads\/2019\/02\/protesta-PD-Kuvendi11-1024x683.jpg?fit=1024%2C530&ssl=1&resize=525%2C300 1.5x, https:\/\/i0.wp.com\/www.shqiperia.com\/blog\/wp-content\/uploads\/2019\/02\/protesta-PD-Kuvendi11-1024x683.jpg?fit=1024%2C530&ssl=1&resize=700%2C400 2x"},"classes":[]},{"id":16422,"url":"https:\/\/www.shqiperia.com\/blog\/studentet-thirrje-pedagogeve-te-bashkohen-me-ne-ne-proteste\/","url_meta":{"origin":14680,"position":3},"title":"Student\u00ebt thirrje pedagog\u00ebve: T\u00eb bashkohen me ne n\u00eb protest\u00eb. &#8211;","author":"Kurt Farka","date":"January 20, 2019","format":false,"excerpt":"Student\u00ebt thirrje pedagog\u00ebve: T\u00eb bashkohen me ne n\u00eb protest\u00eb. - 19 Janar, 2019 Pavar\u00ebsisht Draft-Paktit t\u00eb prezantuar nj\u00eb dit\u00eb m\u00eb par\u00eb nga Ministria e Arsimit, Rinis\u00eb dhe Sporteve, student\u00ebt shprehen t\u00eb vendosur n\u00eb protest\u00ebn e tyre dhe t\u00eb bindur p\u00ebr bojkotimin e m\u00ebsimit. P\u00ebrmes nj\u00eb deklarat\u00eb p\u00ebr mediat, p\u00ebrfaq\u00ebsues nga\u2026","rel":"","context":"In &quot;Blogu i Udh\u00ebtarit&quot;","block_context":{"text":"Blogu i Udh\u00ebtarit","link":"https:\/\/www.shqiperia.com\/blog\/category\/blogu-i-udhetarit\/"},"img":{"alt_text":"","src":"https:\/\/i0.wp.com\/www.shqiperia.com\/blog\/wp-content\/uploads\/2019\/01\/studenti-edi-rama-754x450.jpg?fit=754%2C407&ssl=1&resize=350%2C200","width":350,"height":200,"srcset":"https:\/\/i0.wp.com\/www.shqiperia.com\/blog\/wp-content\/uploads\/2019\/01\/studenti-edi-rama-754x450.jpg?fit=754%2C407&ssl=1&resize=350%2C200 1x, https:\/\/i0.wp.com\/www.shqiperia.com\/blog\/wp-content\/uploads\/2019\/01\/studenti-edi-rama-754x450.jpg?fit=754%2C407&ssl=1&resize=525%2C300 1.5x, https:\/\/i0.wp.com\/www.shqiperia.com\/blog\/wp-content\/uploads\/2019\/01\/studenti-edi-rama-754x450.jpg?fit=754%2C407&ssl=1&resize=700%2C400 2x"},"classes":[]},{"id":32167,"url":"https:\/\/www.shqiperia.com\/blog\/behuni-gati-javen-tjeter-ndryshon-totalisht-moti\/","url_meta":{"origin":14680,"position":4},"title":"B\u00ebhuni gati, jav\u00ebn tjet\u00ebr ndryshon totalisht moti","author":"Kurt Farka","date":"March 8, 2020","format":false,"excerpt":"B\u00ebhuni gati, jav\u00ebn tjet\u00ebr ndryshon totalisht moti 8 MARS 2020 Jav\u00ebn e ardhshme Shqip\u00ebria kalon n\u00eb kushtet e motit t\u00eb kthjell\u00ebt me temperatura t\u00eb larta, kryesisht n\u00eb vlerat e mesdit\u00ebs kur temperaturat do t\u00eb ngjiten n\u00eb 16\u00b0C p\u00ebr zonat malore dhe mbi 20\u00b0C, n\u00eb bregdet dhe zonat e ul\u00ebta. Nj\u00eb\u2026","rel":"","context":"In &quot;Kultura&quot;","block_context":{"text":"Kultura","link":"https:\/\/www.shqiperia.com\/blog\/category\/kultura\/"},"img":{"alt_text":"","src":"https:\/\/i0.wp.com\/www.shqiperia.com\/blog\/wp-content\/uploads\/2020\/03\/800-0-5e652a2859a5b.jpg?fit=800%2C414&ssl=1&resize=350%2C200","width":350,"height":200,"srcset":"https:\/\/i0.wp.com\/www.shqiperia.com\/blog\/wp-content\/uploads\/2020\/03\/800-0-5e652a2859a5b.jpg?fit=800%2C414&ssl=1&resize=350%2C200 1x, https:\/\/i0.wp.com\/www.shqiperia.com\/blog\/wp-content\/uploads\/2020\/03\/800-0-5e652a2859a5b.jpg?fit=800%2C414&ssl=1&resize=525%2C300 1.5x, https:\/\/i0.wp.com\/www.shqiperia.com\/blog\/wp-content\/uploads\/2020\/03\/800-0-5e652a2859a5b.jpg?fit=800%2C414&ssl=1&resize=700%2C400 2x"},"classes":[]},{"id":48860,"url":"https:\/\/www.shqiperia.com\/blog\/behuni-gati-brenda-javes-ballkani-goditet-nga-stuhia-e-frikshme-preket-edhe-shqiperia\/","url_meta":{"origin":14680,"position":5},"title":"&#8220;B\u00ebhuni gati !!! &#8220;: &#8211; \u00a0Brenda jav\u00ebs Ballkani goditet nga stuhia e frikshme, preket edhe Shqip\u00ebria.","author":"Kurt Farka","date":"August 5, 2021","format":false,"excerpt":"\"B\u00ebhuni gati !!! \": - \u00a0Brenda jav\u00ebs Ballkani goditet nga stuhia e frikshme, preket edhe Shqip\u00ebria. 5 GUSHT 2021 Agjencia e njohur meteorologjike \u201cSevere Weather\u201d flet p\u00ebr nj\u00eb rrezik q\u00eb i kanoset Gadishullit Ballkanik nga stuhit\u00eb. Vendet e Ballkanit pas val\u00ebs s\u00eb t\u00eb nxehtit q\u00eb u godit\u00ebn gjat\u00eb korrikut e\u2026","rel":"","context":"In &quot;Njoftime Shtypi&quot;","block_context":{"text":"Njoftime Shtypi","link":"https:\/\/www.shqiperia.com\/blog\/category\/njoftime-shtypi\/"},"img":{"alt_text":"","src":"https:\/\/i0.wp.com\/www.shqiperia.com\/blog\/wp-content\/uploads\/2021\/08\/Stuhia-e-pritshme-e-frikeshme-1.jpg?fit=604%2C330&ssl=1&resize=350%2C200","width":350,"height":200,"srcset":"https:\/\/i0.wp.com\/www.shqiperia.com\/blog\/wp-content\/uploads\/2021\/08\/Stuhia-e-pritshme-e-frikeshme-1.jpg?fit=604%2C330&ssl=1&resize=350%2C200 1x, https:\/\/i0.wp.com\/www.shqiperia.com\/blog\/wp-content\/uploads\/2021\/08\/Stuhia-e-pritshme-e-frikeshme-1.jpg?fit=604%2C330&ssl=1&resize=525%2C300 1.5x"},"classes":[]}],"_links":{"self":[{"href":"https:\/\/www.shqiperia.com\/blog\/wp-json\/wp\/v2\/posts\/14680","targetHints":{"allow":["GET"]}}],"collection":[{"href":"https:\/\/www.shqiperia.com\/blog\/wp-json\/wp\/v2\/posts"}],"about":[{"href":"https:\/\/www.shqiperia.com\/blog\/wp-json\/wp\/v2\/types\/post"}],"author":[{"embeddable":true,"href":"https:\/\/www.shqiperia.com\/blog\/wp-json\/wp\/v2\/users\/9"}],"replies":[{"embeddable":true,"href":"https:\/\/www.shqiperia.com\/blog\/wp-json\/wp\/v2\/comments?post=14680"}],"version-history":[{"count":1,"href":"https:\/\/www.shqiperia.com\/blog\/wp-json\/wp\/v2\/posts\/14680\/revisions"}],"predecessor-version":[{"id":14683,"href":"https:\/\/www.shqiperia.com\/blog\/wp-json\/wp\/v2\/posts\/14680\/revisions\/14683"}],"wp:featuredmedia":[{"embeddable":true,"href":"https:\/\/www.shqiperia.com\/blog\/wp-json\/wp\/v2\/media\/14681"}],"wp:attachment":[{"href":"https:\/\/www.shqiperia.com\/blog\/wp-json\/wp\/v2\/media?parent=14680"}],"wp:term":[{"taxonomy":"category","embeddable":true,"href":"https:\/\/www.shqiperia.com\/blog\/wp-json\/wp\/v2\/categories?post=14680"},{"taxonomy":"post_tag","embeddable":true,"href":"https:\/\/www.shqiperia.com\/blog\/wp-json\/wp\/v2\/tags?post=14680"}],"curies":[{"name":"wp","href":"https:\/\/api.w.org\/{rel}","templated":true}]}}