{"id":14676,"date":"2018-12-12T11:58:26","date_gmt":"2018-12-12T11:58:26","guid":{"rendered":"http:\/\/www.shqiperia.com\/blog\/?p=14676"},"modified":"2018-12-12T12:01:58","modified_gmt":"2018-12-12T12:01:58","slug":"zoti-minister-je-sylesh-apo-hajdut-ne-te-dyja-rastet-duhet-te-largohesh","status":"publish","type":"post","link":"https:\/\/www.shqiperia.com\/blog\/zoti-minister-je-sylesh-apo-hajdut-ne-te-dyja-rastet-duhet-te-largohesh\/","title":{"rendered":"Zoti minist\u00ebr je sylesh apo hajdut? N\u00eb t\u00eb dyja rastet duhet t\u00eb largohesh!"},"content":{"rendered":"<p><img data-recalc-dims=\"1\" loading=\"lazy\" decoding=\"async\" data-attachment-id=\"14677\" data-permalink=\"https:\/\/www.shqiperia.com\/blog\/zoti-minister-je-sylesh-apo-hajdut-ne-te-dyja-rastet-duhet-te-largohesh\/index-110\/\" data-orig-file=\"https:\/\/i0.wp.com\/www.shqiperia.com\/blog\/wp-content\/uploads\/2018\/12\/index-20.jpg?fit=329%2C148&amp;ssl=1\" data-orig-size=\"329,148\" data-comments-opened=\"1\" data-image-meta=\"{&quot;aperture&quot;:&quot;0&quot;,&quot;credit&quot;:&quot;&quot;,&quot;camera&quot;:&quot;&quot;,&quot;caption&quot;:&quot;&quot;,&quot;created_timestamp&quot;:&quot;0&quot;,&quot;copyright&quot;:&quot;&quot;,&quot;focal_length&quot;:&quot;0&quot;,&quot;iso&quot;:&quot;0&quot;,&quot;shutter_speed&quot;:&quot;0&quot;,&quot;title&quot;:&quot;&quot;,&quot;orientation&quot;:&quot;0&quot;}\" data-image-title=\"index\" data-image-description=\"\" data-image-caption=\"\" data-medium-file=\"https:\/\/i0.wp.com\/www.shqiperia.com\/blog\/wp-content\/uploads\/2018\/12\/index-20.jpg?fit=300%2C135&amp;ssl=1\" data-large-file=\"https:\/\/i0.wp.com\/www.shqiperia.com\/blog\/wp-content\/uploads\/2018\/12\/index-20.jpg?fit=329%2C148&amp;ssl=1\" class=\"alignnone wp-image-14677\" alt=\"\" src=\"https:\/\/i0.wp.com\/www.shqiperia.com\/blog\/wp-content\/uploads\/2018\/12\/index-20-300x135.jpg?resize=484%2C218\" width=\"484\" height=\"218\" srcset=\"https:\/\/i0.wp.com\/www.shqiperia.com\/blog\/wp-content\/uploads\/2018\/12\/index-20.jpg?resize=300%2C135&amp;ssl=1 300w, https:\/\/i0.wp.com\/www.shqiperia.com\/blog\/wp-content\/uploads\/2018\/12\/index-20.jpg?w=329&amp;ssl=1 329w\" sizes=\"auto, (max-width: 484px) 100vw, 484px\" \/><\/p>\n<p><strong>Zoti minist\u00ebr je sylesh apo hajdut? N\u00eb t\u00eb dyja rastet duhet t\u00eb largohesh!<\/strong><\/p>\n<p><strong>Redaksionale<\/strong><\/p>\n<p>Tani \u00ebsht\u00eb pranuar edhe nga ministri i Infrastruktur\u00ebs dhe Energjetik\u00ebs, Damian Gjiknuri se firma fituese e lotit t\u00eb par\u00eb t\u00eb Unaz\u00ebs s\u00eb Re, Pallati me Shigjeta \u2013 Sheshi Shqiponja, e njohur si firma D.H Albania, ka falsifikuar dokumentet dhe p\u00ebr k\u00ebt\u00eb tenderi \u00ebsht\u00eb anuluar.<\/p>\n<p>Po ashtu, gjithnj\u00eb sipas ministrit, edhe tenderi i fituar nga e nj\u00ebjta kompani fantaz\u00ebm n\u00eb OST \u00ebsht\u00eb anuluar.<\/p>\n<p>Gjithnj\u00eb sipas tij shteti shqiptar nuk pask\u00ebsh humbur asgj\u00eb. P\u00ebr falsifikimet e b\u00ebra \u00e7\u00ebshtja, gjithnj\u00eb sipas Gjiknurit, \u00ebsht\u00eb paraqitur n\u00eb prokurori dhe me k\u00ebt\u00eb dikasteri tij i ka lar\u00eb duart nga gjith\u00e7ka mund t\u00eb lidhej me t\u00eb.<\/p>\n<p>Strukturat p\u00ebrgjegj\u00ebse p\u00ebr tenderat, n\u00eb ARRSH dhe n\u00eb OST, nuk e paskan detyr\u00eb ligjore t\u00eb verifikojn\u00eb dokumentet e paraqitura dhe, pik\u00ebrisht p\u00ebr k\u00ebt\u00eb ata nuk bartin asnj\u00eb p\u00ebrgjegj\u00ebsi ligjore, meq\u00eb dhe falsifikimi \u201c\u00ebsht\u00eb b\u00ebr\u00eb jasht\u00ebterritorit\u201d (!)<\/p>\n<p>Ky ishte thelbi i deklarimit t\u00eb ministrit, i cili, pasi shfaqi edhe mendimet e tij p\u00ebr ngjarjet dhe se si mund t\u00eb operohet n\u00eb t\u00eb ardhmen, u largua i qet\u00eb, si nj\u00eb guru indian.<\/p>\n<p>Disa gj\u00ebra mbet\u00ebn jo vet\u00ebm pa p\u00ebrgjigje, por edhe t\u00eb detyrueshme p\u00ebr t\u2019u zbardhur:<\/p>\n<p>T\u00eb dy tender\u00ebt kan\u00eb lidhje t\u00eb drejtp\u00ebrdrejt\u00eb me dikasterin q\u00eb drejton zoti Gjiknuri. Ministri mund t\u00eb laj\u00eb duart si ai Pons Pilati i lasht\u00ebsis\u00eb, por, faktet jan\u00eb kok\u00ebfort\u00eb: Nj\u00eb firm\u00eb fantazm\u00eb, n\u00eb pak dit\u00eb fiton dy tender\u00eb me mbi 30 milion\u00eb euro vler\u00eb! Kush e rekomandoi k\u00ebt\u00eb firm\u00eb fantaz\u00ebm n\u00eb dy tender\u00eb kaq t\u00eb r\u00ebnd\u00ebsish\u00ebm?<\/p>\n<p>Kush fshihet pas nj\u00eb djali 26 vje\u00e7ar, recepsionist spitali?\u00a0 Cila ishte lidhja mes biznesmenit pas tij dhe titullar\u00ebve ose titullarit n\u00eb k\u00ebt\u00eb dikaster? Kaq leshko jan\u00eb drejtuesit n\u00eb k\u00ebt\u00eb ministri sa t\u00eb mos marrin as mundimin t\u00eb pyesin se nga doli ky djalth\u00eb recepsionist, p\u00ebrfaq\u00ebsues i nj\u00eb firme amerikane me mbi 2500 pun\u00ebtor\u00eb n\u00eb t\u00eb gjith\u00eb vendin dhe si \u00ebsht\u00eb e mundur q\u00eb oferta e tij ishte n\u00eb limitin e mundsh\u00ebm? Si \u00ebsht\u00eb e mundur q\u00eb nj\u00eb recepsionist t\u00eb jet\u00eb kaq i informuar?<\/p>\n<p>Si i m\u00ebsoi kaq shpejt rregullat e hekurta t\u00eb tender\u00ebve recepsionisti q\u00eb nuk kishte asnj\u00eb lidhje me nd\u00ebrtimin, aq m\u00eb tep\u00ebr edhe t\u00eb krijoj\u00eb besimin se ky \u00ebsht\u00eb m\u00eb i miri i mundsh\u00ebm?\u00a0N\u00eb ARRSH dhe as n\u00eb OST nuk din\u00eb gj\u00eb fare?<\/p>\n<p><img data-recalc-dims=\"1\" loading=\"lazy\" decoding=\"async\" data-attachment-id=\"14678\" data-permalink=\"https:\/\/www.shqiperia.com\/blog\/zoti-minister-je-sylesh-apo-hajdut-ne-te-dyja-rastet-duhet-te-largohesh\/index-111\/\" data-orig-file=\"https:\/\/i0.wp.com\/www.shqiperia.com\/blog\/wp-content\/uploads\/2018\/12\/index-21.jpg?fit=329%2C148&amp;ssl=1\" data-orig-size=\"329,148\" data-comments-opened=\"1\" data-image-meta=\"{&quot;aperture&quot;:&quot;0&quot;,&quot;credit&quot;:&quot;&quot;,&quot;camera&quot;:&quot;&quot;,&quot;caption&quot;:&quot;&quot;,&quot;created_timestamp&quot;:&quot;0&quot;,&quot;copyright&quot;:&quot;&quot;,&quot;focal_length&quot;:&quot;0&quot;,&quot;iso&quot;:&quot;0&quot;,&quot;shutter_speed&quot;:&quot;0&quot;,&quot;title&quot;:&quot;&quot;,&quot;orientation&quot;:&quot;0&quot;}\" data-image-title=\"index\" data-image-description=\"\" data-image-caption=\"\" data-medium-file=\"https:\/\/i0.wp.com\/www.shqiperia.com\/blog\/wp-content\/uploads\/2018\/12\/index-21.jpg?fit=300%2C135&amp;ssl=1\" data-large-file=\"https:\/\/i0.wp.com\/www.shqiperia.com\/blog\/wp-content\/uploads\/2018\/12\/index-21.jpg?fit=329%2C148&amp;ssl=1\" class=\"alignnone wp-image-14678\" alt=\"\" src=\"https:\/\/i0.wp.com\/www.shqiperia.com\/blog\/wp-content\/uploads\/2018\/12\/index-21-300x135.jpg?resize=889%2C400\" width=\"889\" height=\"400\" srcset=\"https:\/\/i0.wp.com\/www.shqiperia.com\/blog\/wp-content\/uploads\/2018\/12\/index-21.jpg?resize=300%2C135&amp;ssl=1 300w, https:\/\/i0.wp.com\/www.shqiperia.com\/blog\/wp-content\/uploads\/2018\/12\/index-21.jpg?w=329&amp;ssl=1 329w\" sizes=\"auto, (max-width: 889px) 100vw, 889px\" \/><\/p>\n<p>T\u00eb besosh se kjo \u00ebsht\u00eb e gjitha nj\u00eb rast\u00ebsi duhet t\u00eb jesh miop i madh.<\/p>\n<p>Zoti minist\u00ebr, n\u00eb t\u00eb gjith\u00eb bot\u00ebn, n\u00ebse do t\u00eb kishin plasur dy skandale t\u00eb k\u00ebsaj p\u00ebrmase, m\u00eb e pakta q\u00eb do t\u00eb ndodhte do t\u00eb ishte largimi juaj i menj\u00ebhersh\u00ebm nga posti.\u00a0 Je sylesh apo hajdut? K\u00ebt\u00eb le ta zgjidh\u00eb drejt\u00ebsia q\u00eb shpresojm\u00eb mos jet\u00eb m\u00eb ajo e dikurshmja, por n\u00eb t\u00eb dyja pandehmat, ju duhet t\u00eb largoheni.\u00a0 Sa m\u00eb shpejt, aq m\u00eb mir\u00eb!<\/p>\n<p>Gaz.: Dita<\/p>\n","protected":false},"excerpt":{"rendered":"<p>Zoti minist\u00ebr je sylesh apo hajdut? N\u00eb t\u00eb dyja rastet duhet t\u00eb largohesh! Redaksionale Tani \u00ebsht\u00eb pranuar edhe nga ministri i Infrastruktur\u00ebs dhe Energjetik\u00ebs, Damian Gjiknuri se firma fituese e lotit t\u00eb par\u00eb t\u00eb Unaz\u00ebs s\u00eb Re, Pallati me Shigjeta \u2013 Sheshi Shqiponja, e njohur si firma D.H Albania, ka falsifikuar dokumentet dhe p\u00ebr k\u00ebt\u00eb [&hellip;]<\/p>\n","protected":false},"author":9,"featured_media":14677,"comment_status":"open","ping_status":"open","sticky":false,"template":"","format":"standard","meta":{"jetpack_post_was_ever_published":false,"_jetpack_newsletter_access":"","_jetpack_dont_email_post_to_subs":false,"_jetpack_newsletter_tier_id":0,"_jetpack_memberships_contains_paywalled_content":false,"_jetpack_memberships_contains_paid_content":false,"footnotes":"","jetpack_publicize_message":"","jetpack_publicize_feature_enabled":true,"jetpack_social_post_already_shared":true,"jetpack_social_options":{"image_generator_settings":{"template":"highway","default_image_id":0,"font":"","enabled":false},"version":2}},"categories":[27,2,35],"tags":[],"class_list":["post-14676","post","type-post","status-publish","format-standard","has-post-thumbnail","hentry","category-blogu-i-udhetarit","category-politika","category-shoqerore"],"jetpack_publicize_connections":[],"jetpack_featured_media_url":"https:\/\/i0.wp.com\/www.shqiperia.com\/blog\/wp-content\/uploads\/2018\/12\/index-20.jpg?fit=329%2C148&ssl=1","jetpack_sharing_enabled":true,"jetpack_shortlink":"https:\/\/wp.me\/p5Z6wp-3OI","jetpack-related-posts":[{"id":70276,"url":"https:\/\/www.shqiperia.com\/blog\/300-mln-leke-tender-per-peme-e-lule-para-zgjedhjeve-tender-nga-kryebashkiakja-e-durresit-emirjana-sako\/","url_meta":{"origin":14676,"position":0},"title":"300 mln lek\u00eb tender p\u00ebr pem\u00eb e lule para zgjedhjeve. &#8211; Tender nga Kryebashkiakja e Durr\u00ebsit, Emirjana Sako.","author":"Kurt Farka","date":"March 30, 2023","format":false,"excerpt":"30 Mars 2023 Teksa na ndajn\u00eb pak jav\u00eb nga zgjedhjet lokale t\u00eb 14 majit, pushteti qendror e vendor, me n\u00eb krye Edi Ram\u00ebn, \u00ebsht\u00eb l\u00ebshuar si lukuni p\u00ebr t\u00eb kryer vjedhjet e fundit, duke shp\u00ebrfillur e shkelur me t\u00eb dyja k\u00ebmb\u00ebt ligjin dhe Kodin Zgjedhor. Ndon\u00ebse Kodi Zgjedhor e p\u00ebrcakton\u2026","rel":"","context":"In &quot;Blogu i Udh\u00ebtarit&quot;","block_context":{"text":"Blogu i Udh\u00ebtarit","link":"https:\/\/www.shqiperia.com\/blog\/category\/blogu-i-udhetarit\/"},"img":{"alt_text":"","src":"https:\/\/i0.wp.com\/www.shqiperia.com\/blog\/wp-content\/uploads\/2023\/03\/336651373_908078263834023_5202221734484281831_n.jpg?fit=1200%2C773&ssl=1&resize=350%2C200","width":350,"height":200,"srcset":"https:\/\/i0.wp.com\/www.shqiperia.com\/blog\/wp-content\/uploads\/2023\/03\/336651373_908078263834023_5202221734484281831_n.jpg?fit=1200%2C773&ssl=1&resize=350%2C200 1x, https:\/\/i0.wp.com\/www.shqiperia.com\/blog\/wp-content\/uploads\/2023\/03\/336651373_908078263834023_5202221734484281831_n.jpg?fit=1200%2C773&ssl=1&resize=525%2C300 1.5x, https:\/\/i0.wp.com\/www.shqiperia.com\/blog\/wp-content\/uploads\/2023\/03\/336651373_908078263834023_5202221734484281831_n.jpg?fit=1200%2C773&ssl=1&resize=700%2C400 2x, https:\/\/i0.wp.com\/www.shqiperia.com\/blog\/wp-content\/uploads\/2023\/03\/336651373_908078263834023_5202221734484281831_n.jpg?fit=1200%2C773&ssl=1&resize=1050%2C600 3x"},"classes":[]},{"id":95210,"url":"https:\/\/www.shqiperia.com\/blog\/do-kete-trazira-artan-hoxha-zbulon-paralajmerimin-e-ilir-metes-para-21-janarit-ja-pse-duhet-thirrur-ne-spak\/","url_meta":{"origin":14676,"position":1},"title":"\u201cDo ket\u00eb trazira\u201d, Artan Hoxha zbulon paralajm\u00ebrimin e Ilir Met\u00ebs para 21 Janarit: Ja pse duhet thirrur n\u00eb SPAK","author":"Kurt Farka","date":"November 27, 2025","format":false,"excerpt":"27 Nentor 2025 Gazetari Artan Hoxha n\u00eb nj\u00eb studio televizive tha se Prokuroria e Posa\u00e7me duhet ta th\u00ebrras\u00eb ish-Presidentin Ilir Meta, q\u00eb t\u00eb d\u00ebshmoj\u00eb p\u00ebr rastin e 21 Janarit, pasi ai ishte objekti p\u00ebr t\u00eb cilin qytetar\u00ebt u thirr\u00ebn n\u00eb at\u00eb protest\u00eb nga PS, n\u00eb opozit\u00eb asokohe. \u201cUn\u00eb kam th\u00ebn\u00eb\u2026","rel":"","context":"In &quot;Blogu i Udh\u00ebtarit&quot;","block_context":{"text":"Blogu i Udh\u00ebtarit","link":"https:\/\/www.shqiperia.com\/blog\/category\/blogu-i-udhetarit\/"},"img":{"alt_text":"","src":"https:\/\/i0.wp.com\/www.shqiperia.com\/blog\/wp-content\/uploads\/2025\/11\/Ilir-Meta-foto-1-Facebook-Ilir-Meta.jpg?fit=1200%2C800&ssl=1&resize=350%2C200","width":350,"height":200,"srcset":"https:\/\/i0.wp.com\/www.shqiperia.com\/blog\/wp-content\/uploads\/2025\/11\/Ilir-Meta-foto-1-Facebook-Ilir-Meta.jpg?fit=1200%2C800&ssl=1&resize=350%2C200 1x, https:\/\/i0.wp.com\/www.shqiperia.com\/blog\/wp-content\/uploads\/2025\/11\/Ilir-Meta-foto-1-Facebook-Ilir-Meta.jpg?fit=1200%2C800&ssl=1&resize=525%2C300 1.5x, https:\/\/i0.wp.com\/www.shqiperia.com\/blog\/wp-content\/uploads\/2025\/11\/Ilir-Meta-foto-1-Facebook-Ilir-Meta.jpg?fit=1200%2C800&ssl=1&resize=700%2C400 2x, https:\/\/i0.wp.com\/www.shqiperia.com\/blog\/wp-content\/uploads\/2025\/11\/Ilir-Meta-foto-1-Facebook-Ilir-Meta.jpg?fit=1200%2C800&ssl=1&resize=1050%2C600 3x"},"classes":[]},{"id":91429,"url":"https:\/\/www.shqiperia.com\/blog\/provat-e-reja-kryeministri-edi-rama-pas-aferes-19-mln-euro-tek-eco-park\/","url_meta":{"origin":14676,"position":2},"title":"Provat e reja &#8211; Kryeministri Edi Rama pas afer\u00ebs 19 mln euro tek &#8216;Eco Park&#8217;","author":"Kurt Farka","date":"April 14, 2025","format":false,"excerpt":"14 Prill 2025 Zbulohen detaje t\u00eb reja rreth afer\u00ebs 19 milion\u00eb euro t\u00eb Eko Park n\u00eb Durr\u00ebs. Me pamje provohet se jo vet\u00ebm firma, por projektues dhe zbatues i k\u00ebtij projekti \u00ebsht\u00eb kryeministri Edi Rama, duke p\u00ebrdorur kompanin\u00eb e menaxhimit t\u00eb afer\u00ebs s\u00eb incinerator\u00ebve. Kryeministri Rama s\u00eb bashku me drejtorin\u2026","rel":"","context":"In &quot;Blogu i Udh\u00ebtarit&quot;","block_context":{"text":"Blogu i Udh\u00ebtarit","link":"https:\/\/www.shqiperia.com\/blog\/category\/blogu-i-udhetarit\/"},"img":{"alt_text":"","src":"https:\/\/i0.wp.com\/www.shqiperia.com\/blog\/wp-content\/uploads\/2025\/04\/Edi-Rama-1.png?fit=900%2C546&ssl=1&resize=350%2C200","width":350,"height":200,"srcset":"https:\/\/i0.wp.com\/www.shqiperia.com\/blog\/wp-content\/uploads\/2025\/04\/Edi-Rama-1.png?fit=900%2C546&ssl=1&resize=350%2C200 1x, https:\/\/i0.wp.com\/www.shqiperia.com\/blog\/wp-content\/uploads\/2025\/04\/Edi-Rama-1.png?fit=900%2C546&ssl=1&resize=525%2C300 1.5x, https:\/\/i0.wp.com\/www.shqiperia.com\/blog\/wp-content\/uploads\/2025\/04\/Edi-Rama-1.png?fit=900%2C546&ssl=1&resize=700%2C400 2x"},"classes":[]},{"id":22999,"url":"https:\/\/www.shqiperia.com\/blog\/zbulohet-pazari-i-shkarkimit-te-metes-2\/","url_meta":{"origin":14676,"position":3},"title":"Zbulohet pazari i &#8220;shkarkimit&#8221; t\u00eb Met\u00ebs.","author":"Kurt Farka","date":"July 9, 2019","format":false,"excerpt":"Zbulohet pazari i \"shkarkimit\" t\u00eb Met\u00ebs. 9 korrik 2019 - Hajdari ka theksuar se deputet\u00ebve t\u00eb rinj t\u00eb opozit\u00ebs u \u00ebsht\u00eb b\u00ebr\u00eb presion, duke u th\u00ebn\u00eb se n\u00eb rast mosshkarkimi t\u00eb Met\u00ebs, kreu i shtetit do t\u00eb nxjerr\u00eb nj\u00eb dekret t\u00eb ri p\u00ebr shp\u00ebrndarjen e Parlamentit \u2026. Nga Ervin Koci.\u2026","rel":"","context":"In &quot;Blogu i Udh\u00ebtarit&quot;","block_context":{"text":"Blogu i Udh\u00ebtarit","link":"https:\/\/www.shqiperia.com\/blog\/category\/blogu-i-udhetarit\/"},"img":{"alt_text":"","src":"https:\/\/i0.wp.com\/www.shqiperia.com\/blog\/wp-content\/uploads\/2019\/07\/parlamenti-660x317.jpg?fit=618%2C317&ssl=1&resize=350%2C200","width":350,"height":200,"srcset":"https:\/\/i0.wp.com\/www.shqiperia.com\/blog\/wp-content\/uploads\/2019\/07\/parlamenti-660x317.jpg?fit=618%2C317&ssl=1&resize=350%2C200 1x, https:\/\/i0.wp.com\/www.shqiperia.com\/blog\/wp-content\/uploads\/2019\/07\/parlamenti-660x317.jpg?fit=618%2C317&ssl=1&resize=525%2C300 1.5x"},"classes":[]},{"id":57439,"url":"https:\/\/www.shqiperia.com\/blog\/ben-andoni-pd-eshte-oferta-e-vetme-qe-vendi-te-kete-opozite\/","url_meta":{"origin":14676,"position":4},"title":"Ben Andoni: &#8211; PD \u00ebsht\u00eb oferta e vetme q\u00eb vendi t\u00eb ket\u00eb opozit\u00eb","author":"Kurt Farka","date":"April 30, 2022","format":false,"excerpt":"Ben Andoni: - PD \u00ebsht\u00eb oferta e vetme q\u00eb vendi t\u00eb ket\u00eb opozit\u00eb 30 PRILL 2022 \u2026 \u201cPor \u00ebsht\u00eb nj\u00eb realitet q\u00eb duhet t\u00eb pranohet, q\u00eb baza e PD anon n\u00eb pjes\u00ebn e Grupit te Rithemelimit\u201d. \u2026 Synimi p\u00ebr t\u00eb mundur politikisht Edi Ram\u00ebn, \u00ebsht\u00eb karta me t\u00eb cil\u00ebn ish\u2026","rel":"","context":"In &quot;Blogu i Udh\u00ebtarit&quot;","block_context":{"text":"Blogu i Udh\u00ebtarit","link":"https:\/\/www.shqiperia.com\/blog\/category\/blogu-i-udhetarit\/"},"img":{"alt_text":"","src":"https:\/\/i0.wp.com\/www.shqiperia.com\/blog\/wp-content\/uploads\/2022\/04\/Ben-Andoni-2.jpg?fit=800%2C451&ssl=1&resize=350%2C200","width":350,"height":200,"srcset":"https:\/\/i0.wp.com\/www.shqiperia.com\/blog\/wp-content\/uploads\/2022\/04\/Ben-Andoni-2.jpg?fit=800%2C451&ssl=1&resize=350%2C200 1x, https:\/\/i0.wp.com\/www.shqiperia.com\/blog\/wp-content\/uploads\/2022\/04\/Ben-Andoni-2.jpg?fit=800%2C451&ssl=1&resize=525%2C300 1.5x, https:\/\/i0.wp.com\/www.shqiperia.com\/blog\/wp-content\/uploads\/2022\/04\/Ben-Andoni-2.jpg?fit=800%2C451&ssl=1&resize=700%2C400 2x"},"classes":[]},{"id":23351,"url":"https:\/\/www.shqiperia.com\/blog\/rama-kryeministri-me-hajdut-me-arrogant-dhe-me-mashtrues-basha-takime-ne-lezhe-drejtesia-teresisht-e-privatizuar\/","url_meta":{"origin":14676,"position":5},"title":"\u201cRama, kryeministri m\u00eb hajdut, m\u00eb arrogant dhe m\u00eb mashtrues\u201d-Basha takime n\u00eb Lezh\u00eb: Drejt\u00ebsia t\u00ebr\u00ebsisht e privatizuar","author":"Kurt Farka","date":"July 21, 2019","format":false,"excerpt":"\u201cRama, kryeministri m\u00eb hajdut, m\u00eb arrogant dhe m\u00eb mashtrues\u201d-Basha takime n\u00eb Lezh\u00eb: Drejt\u00ebsia t\u00ebr\u00ebsisht e privatizuar \u00a0 N\u00eb takimin me demokrat\u00ebt e Lezh\u00ebs, kreu i opozit\u00ebs e konsideroi Edi Ram\u00ebn si problemin m\u00eb t\u00eb madh p\u00ebr ekonomin\u00eb, papun\u00ebsin\u00eb dhe shkat\u00ebrrimin e drejt\u00ebsis\u00eb. \u00a0 Zoti Basha iu referua skandalit t\u00eb Gjykat\u00ebs\u2026","rel":"","context":"In &quot;Politika&quot;","block_context":{"text":"Politika","link":"https:\/\/www.shqiperia.com\/blog\/category\/politika\/"},"img":{"alt_text":"","src":"https:\/\/i0.wp.com\/www.shqiperia.com\/blog\/wp-content\/uploads\/2019\/07\/1558515096_edirama.jpg?fit=539%2C305&ssl=1&resize=350%2C200","width":350,"height":200,"srcset":"https:\/\/i0.wp.com\/www.shqiperia.com\/blog\/wp-content\/uploads\/2019\/07\/1558515096_edirama.jpg?fit=539%2C305&ssl=1&resize=350%2C200 1x, https:\/\/i0.wp.com\/www.shqiperia.com\/blog\/wp-content\/uploads\/2019\/07\/1558515096_edirama.jpg?fit=539%2C305&ssl=1&resize=525%2C300 1.5x"},"classes":[]}],"_links":{"self":[{"href":"https:\/\/www.shqiperia.com\/blog\/wp-json\/wp\/v2\/posts\/14676","targetHints":{"allow":["GET"]}}],"collection":[{"href":"https:\/\/www.shqiperia.com\/blog\/wp-json\/wp\/v2\/posts"}],"about":[{"href":"https:\/\/www.shqiperia.com\/blog\/wp-json\/wp\/v2\/types\/post"}],"author":[{"embeddable":true,"href":"https:\/\/www.shqiperia.com\/blog\/wp-json\/wp\/v2\/users\/9"}],"replies":[{"embeddable":true,"href":"https:\/\/www.shqiperia.com\/blog\/wp-json\/wp\/v2\/comments?post=14676"}],"version-history":[{"count":1,"href":"https:\/\/www.shqiperia.com\/blog\/wp-json\/wp\/v2\/posts\/14676\/revisions"}],"predecessor-version":[{"id":14679,"href":"https:\/\/www.shqiperia.com\/blog\/wp-json\/wp\/v2\/posts\/14676\/revisions\/14679"}],"wp:featuredmedia":[{"embeddable":true,"href":"https:\/\/www.shqiperia.com\/blog\/wp-json\/wp\/v2\/media\/14677"}],"wp:attachment":[{"href":"https:\/\/www.shqiperia.com\/blog\/wp-json\/wp\/v2\/media?parent=14676"}],"wp:term":[{"taxonomy":"category","embeddable":true,"href":"https:\/\/www.shqiperia.com\/blog\/wp-json\/wp\/v2\/categories?post=14676"},{"taxonomy":"post_tag","embeddable":true,"href":"https:\/\/www.shqiperia.com\/blog\/wp-json\/wp\/v2\/tags?post=14676"}],"curies":[{"name":"wp","href":"https:\/\/api.w.org\/{rel}","templated":true}]}}