{"id":14672,"date":"2018-12-12T11:23:55","date_gmt":"2018-12-12T11:23:55","guid":{"rendered":"http:\/\/www.shqiperia.com\/blog\/?p=14672"},"modified":"2018-12-12T11:40:42","modified_gmt":"2018-12-12T11:40:42","slug":"nga-oficer-ushtrie-rektor-universiteti-studentet-ja-si-na-rrjep-ekonomikisht-pedagogu-pse-99-ngelen-ne-provimin-e-pare-shitja-e-librave-pa-cmim-pa-isbn-dhe-me","status":"publish","type":"post","link":"https:\/\/www.shqiperia.com\/blog\/nga-oficer-ushtrie-rektor-universiteti-studentet-ja-si-na-rrjep-ekonomikisht-pedagogu-pse-99-ngelen-ne-provimin-e-pare-shitja-e-librave-pa-cmim-pa-isbn-dhe-me\/","title":{"rendered":"Nga oficer ushtrie, rektor universiteti. Student\u00ebt, ja si na rrjep ekonomikisht pedagogu, pse 99% ngelen n\u00eb provimin e par\u00eb, shitja e librave pa \u00e7mim, pa ISBN, dhe me\u2026"},"content":{"rendered":"<p><img data-recalc-dims=\"1\" loading=\"lazy\" decoding=\"async\" data-attachment-id=\"14673\" data-permalink=\"https:\/\/www.shqiperia.com\/blog\/nga-oficer-ushtrie-rektor-universiteti-studentet-ja-si-na-rrjep-ekonomikisht-pedagogu-pse-99-ngelen-ne-provimin-e-pare-shitja-e-librave-pa-cmim-pa-isbn-dhe-me\/ok-3-696x318\/\" data-orig-file=\"https:\/\/i0.wp.com\/www.shqiperia.com\/blog\/wp-content\/uploads\/2018\/12\/OK-3-696x318.jpg?fit=696%2C318&amp;ssl=1\" data-orig-size=\"696,318\" data-comments-opened=\"1\" data-image-meta=\"{&quot;aperture&quot;:&quot;0&quot;,&quot;credit&quot;:&quot;&quot;,&quot;camera&quot;:&quot;&quot;,&quot;caption&quot;:&quot;&quot;,&quot;created_timestamp&quot;:&quot;0&quot;,&quot;copyright&quot;:&quot;&quot;,&quot;focal_length&quot;:&quot;0&quot;,&quot;iso&quot;:&quot;0&quot;,&quot;shutter_speed&quot;:&quot;0&quot;,&quot;title&quot;:&quot;&quot;,&quot;orientation&quot;:&quot;0&quot;}\" data-image-title=\"OK-3-696&#215;318\" data-image-description=\"\" data-image-caption=\"\" data-medium-file=\"https:\/\/i0.wp.com\/www.shqiperia.com\/blog\/wp-content\/uploads\/2018\/12\/OK-3-696x318.jpg?fit=300%2C137&amp;ssl=1\" data-large-file=\"https:\/\/i0.wp.com\/www.shqiperia.com\/blog\/wp-content\/uploads\/2018\/12\/OK-3-696x318.jpg?fit=696%2C318&amp;ssl=1\" class=\"alignnone wp-image-14673\" alt=\"\" src=\"https:\/\/i0.wp.com\/www.shqiperia.com\/blog\/wp-content\/uploads\/2018\/12\/OK-3-696x318-300x137.jpg?resize=493%2C225\" width=\"493\" height=\"225\" srcset=\"https:\/\/i0.wp.com\/www.shqiperia.com\/blog\/wp-content\/uploads\/2018\/12\/OK-3-696x318.jpg?resize=300%2C137&amp;ssl=1 300w, https:\/\/i0.wp.com\/www.shqiperia.com\/blog\/wp-content\/uploads\/2018\/12\/OK-3-696x318.jpg?resize=450%2C206&amp;ssl=1 450w, https:\/\/i0.wp.com\/www.shqiperia.com\/blog\/wp-content\/uploads\/2018\/12\/OK-3-696x318.jpg?resize=600%2C274&amp;ssl=1 600w, https:\/\/i0.wp.com\/www.shqiperia.com\/blog\/wp-content\/uploads\/2018\/12\/OK-3-696x318.jpg?resize=400%2C183&amp;ssl=1 400w, https:\/\/i0.wp.com\/www.shqiperia.com\/blog\/wp-content\/uploads\/2018\/12\/OK-3-696x318.jpg?resize=696%2C318&amp;ssl=1 696w\" sizes=\"auto, (max-width: 493px) 100vw, 493px\" \/><\/p>\n<p><strong>Nga oficer ushtrie, rektor universiteti. Student\u00ebt, ja si na rrjep ekonomikisht pedagogu, pse 99% ngelen n\u00eb provimin e par\u00eb, shitja e librave pa \u00e7mim, pa ISBN, dhe me\u2026<\/strong><\/p>\n<p>Nga oficer ushtrie, rektor universiteti. Student\u00ebt, ja si na rrjep ekonomikisht pedagogu, pse 99% ngelen n\u00eb provimin e par\u00eb, shitja e librave pa \u00e7mim, pa ISBN, dhe me firm\u00ebn e pedagogut q\u00eb vitin tjet\u00ebr student\u00ebt t\u00eb blejn\u00eb libra t\u00eb rinj. Ja faksimilet<\/p>\n<p><strong>Ermal Xhelilaj, nga student p\u00ebr oficer, b\u00ebhet rektor universiteti dhe shet librat e kopjuar<\/strong><\/p>\n<p><strong>Denoncimi nga studenti i Universitetit \u201cIsmail Qemali\u201d i Vlor\u00ebs: Ja si i rrjep ekonomikisht pedagogu student\u00ebt<\/strong><\/p>\n<p>N\u00eb redaksin\u00eb e gazet\u00ebs \u201cTelegraf\u201d ka mb\u00ebrritur mbr\u00ebm\u00eb n\u00eb or\u00ebt e vona nj\u00eb denoncim konkret nga nj\u00eb student i Universitetit \u201cIsmail Qemali\u201d n\u00eb Vlor\u00eb. Studenti F. Lamaj sjell fakte konkrete, se si Ermal Xhelilaj, nj\u00eb student q\u00eb d\u00ebshtoi t\u00eb diplomohej, arrin q\u00eb t\u00eb b\u00ebj\u00eb karrier\u00eb politike, duke u em\u00ebruar drejtor i Drejtoris\u00eb Arsimore t\u00eb Qarkut, e m\u00eb von\u00eb, b\u00ebn edhe karrier\u00eb akademike, si dekan dhe rektor i Universitetit t\u00eb Vlor\u00ebs. Por, meq\u00eb \u00ebsht\u00eb i paaft\u00eb, kopjon librat nga anglishtja dhe detyron student\u00ebt, t\u2019i blejn\u00eb librat e tij, t\u00eb cilat nuk kan\u00eb t\u00eb sh\u00ebnuar asnj\u00eb sht\u00ebpi botuese, nuk kan\u00eb asnj\u00eb vul\u00eb tatimore. Studenti, shpjegon edhe mekanizmin, sesi pedagog\u00ebt i l\u00ebn\u00eb q\u00ebllimisht student\u00ebt n\u00eb provime, n\u00eb m\u00ebnyr\u00eb q\u00eb t\u00eb rip\u00ebrs\u00ebritin provimin, p\u00ebr t\u00eb marr\u00eb tarifa.<\/p>\n<p><strong>Ja denoncimi konkret<\/strong><\/p>\n<p>Jam nj\u00eb student i universitetit t\u00eb Vlor\u00ebs \u201cIsmail Qemali\u201d. Dua t\u00eb v\u00eb n\u00eb dukje faktin, q\u00eb jam nj\u00eb student i inxhinieris\u00eb navale, aktualisht n\u00eb master, por n\u00eb vit t\u00eb 3-t\u00eb n\u00eb semest\u00ebr t\u00eb par\u00eb u shkel\u00ebm me k\u00ebmb\u00eb, u thyem n\u00eb dinjitet dhe n\u00eb moral, si student\u00eb nga pedagogu Ermal Xhelilaj, q\u00eb jep t\u00eb \u2018Drejt\u00ebn e detit\u2019. Ky pedagog ka p\u00ebrkthyer ca leksione nga anglishtja dhe i ka b\u00ebr\u00eb lib\u00ebr dhe i shet sa t\u00eb doj\u00eb ai, libra pa pull\u00eb, t\u00eb pa licencuar dhe pa sht\u00ebpi botuese, p\u00ebrve\u00e7 k\u00ebsaj hodhi firm\u00ebn n\u00eb librat tan\u00eb, q\u00eb ata q\u00eb vijn\u00eb nga viti i 2-t\u00eb n\u00eb vit t\u00eb 3-t\u00eb t\u00eb blejn\u00eb lib\u00ebr, mos ta ken\u00eb me firm\u00eb, por me q\u00eb kjo s\u2019i mjaftoi, ai b\u00ebri provimin tjet\u00ebr p\u00ebr tjet\u00ebr, na vler\u00ebsoi me nga 1 % deri n\u00eb 7 %, me q\u00ebllim q\u00eb t\u00eb na ngelte, ose t\u00eb na merrte lek\u00eb dhe me logjik\u00ebn e thjesht\u00eb, po t\u00eb na ngelte, na vononte p\u00ebrfundimin e Ba\u00e7elorit me 6 muaj dhe na mori lek\u00eb nga 200 mij\u00eb lek\u00eb. Ishim 16 student\u00eb q\u00eb vinim rregullisht, nga 9 veta mori nga 200 mij\u00eb lek\u00eb, por p\u00ebrve\u00e7 faktit n\u00eb let\u00ebr prezenc\u00eb ishim 22 veta. Me pak fjal\u00eb, ky pedagog 6 veta i vler\u00ebsoi me pik\u00eb, pa u futur n\u00eb provim, por p\u00ebrve\u00e7 k\u00ebsaj, ka student\u00eb q\u00eb me 1 % n\u00eb provim t\u00eb par\u00eb kan\u00eb marr\u00eb 6 si not\u00eb, n\u00eb p\u00ebrfundim. Por kjo s\u2019mjafton dhe b\u00ebra nj\u00eb skanim p\u00ebr jet\u00ebn e tij.<\/p>\n<p><img data-recalc-dims=\"1\" loading=\"lazy\" decoding=\"async\" data-attachment-id=\"14674\" data-permalink=\"https:\/\/www.shqiperia.com\/blog\/nga-oficer-ushtrie-rektor-universiteti-studentet-ja-si-na-rrjep-ekonomikisht-pedagogu-pse-99-ngelen-ne-provimin-e-pare-shitja-e-librave-pa-cmim-pa-isbn-dhe-me\/attachment\/41\/\" data-orig-file=\"https:\/\/i0.wp.com\/www.shqiperia.com\/blog\/wp-content\/uploads\/2018\/12\/41.jpg?fit=677%2C493&amp;ssl=1\" data-orig-size=\"677,493\" data-comments-opened=\"1\" data-image-meta=\"{&quot;aperture&quot;:&quot;0&quot;,&quot;credit&quot;:&quot;User&quot;,&quot;camera&quot;:&quot;&quot;,&quot;caption&quot;:&quot;&quot;,&quot;created_timestamp&quot;:&quot;1544605649&quot;,&quot;copyright&quot;:&quot;&quot;,&quot;focal_length&quot;:&quot;0&quot;,&quot;iso&quot;:&quot;0&quot;,&quot;shutter_speed&quot;:&quot;0&quot;,&quot;title&quot;:&quot;&quot;,&quot;orientation&quot;:&quot;0&quot;}\" data-image-title=\"41\" data-image-description=\"\" data-image-caption=\"\" data-medium-file=\"https:\/\/i0.wp.com\/www.shqiperia.com\/blog\/wp-content\/uploads\/2018\/12\/41.jpg?fit=300%2C218&amp;ssl=1\" data-large-file=\"https:\/\/i0.wp.com\/www.shqiperia.com\/blog\/wp-content\/uploads\/2018\/12\/41.jpg?fit=677%2C493&amp;ssl=1\" class=\"alignnone wp-image-14674\" alt=\"\" src=\"https:\/\/i0.wp.com\/www.shqiperia.com\/blog\/wp-content\/uploads\/2018\/12\/41-300x218.jpg?resize=771%2C560\" width=\"771\" height=\"560\" srcset=\"https:\/\/i0.wp.com\/www.shqiperia.com\/blog\/wp-content\/uploads\/2018\/12\/41.jpg?resize=300%2C218&amp;ssl=1 300w, https:\/\/i0.wp.com\/www.shqiperia.com\/blog\/wp-content\/uploads\/2018\/12\/41.jpg?resize=450%2C328&amp;ssl=1 450w, https:\/\/i0.wp.com\/www.shqiperia.com\/blog\/wp-content\/uploads\/2018\/12\/41.jpg?resize=600%2C437&amp;ssl=1 600w, https:\/\/i0.wp.com\/www.shqiperia.com\/blog\/wp-content\/uploads\/2018\/12\/41.jpg?resize=400%2C291&amp;ssl=1 400w, https:\/\/i0.wp.com\/www.shqiperia.com\/blog\/wp-content\/uploads\/2018\/12\/41.jpg?w=677&amp;ssl=1 677w\" sizes=\"auto, (max-width: 771px) 100vw, 771px\" \/><\/p>\n<p><strong>\u201cKarriera\u201d politike dhe akademike e Ermal Xhelilaj<\/strong><\/p>\n<p>Nga oficer, e l\u00eb p\u00ebr gjysm\u00eb dhe p\u00ebrfundon drejtor i Drejtoris\u00eb Arsimore Vlor\u00eb, nga andej b\u00ebhet dekan n\u00eb Universitetin e Vlor\u00ebs, m\u00eb von\u00eb rektor dhe sot q\u00eb flasim \u00ebsht\u00eb pedagog q\u00eb jep t\u00eb \u2018Drejt\u00ebn e detit\u2019, me pak fjal\u00eb, nj\u00eb oficer detar, q\u00eb nuk mbyll sh\u00ebrbimin 8 vje\u00e7ar, ik\u00ebn nga sh\u00ebrbimi ushtarak dhe vjen e jep m\u00ebsim, shet libra e merr lek\u00eb nga student\u00ebt dhe prek dinjitetin e studentit. Ky \u00ebsht\u00eb Ermal Xhelilaj, nj\u00eb dezertor shteti, nj\u00eb tradhtar i korruptuar q\u00eb jep m\u00ebsim n\u00eb universitet. Ju lutem p\u00ebrcillja k\u00ebt\u00eb ministres s\u00eb Arsimit, sepse ministrja s\u2019m\u00eb p\u00ebrgjigjet n\u00eb e-mail. 2 libra nga 10 mij\u00eb lek\u00eb t\u00eb vjetra 20 mij\u00eb lek\u00eb, po kjo ndodh t\u00eb tek student\u00ebt dhe s\u2019\u00ebsht\u00eb se \u00ebsht\u00eb lib\u00ebr fotokopjo bardh\u00eb e zi ,\u00ebsht\u00eb me nj\u00eb kapak me ngjyra, pa pulla, si lib\u00ebr i pa licencuar dhe pa sht\u00ebpi botuese. P\u00ebr t\u00eb marr\u00eb not\u00ebn 5 duhen minimalisht 41 pik\u00eb. \u00cbsht\u00eb 41 pik\u00eb minimalisht p\u00ebr \u00e7do l\u00ebnd\u00eb, jo vet\u00ebm me at\u00eb 30 % b\u00ebhet, ose n\u00eb provim t\u00eb 2-t\u00eb, ose n\u00eb vjesht\u00eb, po duhet t\u00eb marr\u00ebsh leje dhe miratim.<\/p>\n","protected":false},"excerpt":{"rendered":"<p>Nga oficer ushtrie, rektor universiteti. Student\u00ebt, ja si na rrjep ekonomikisht pedagogu, pse 99% ngelen n\u00eb provimin e par\u00eb, shitja e librave pa \u00e7mim, pa ISBN, dhe me\u2026 Nga oficer ushtrie, rektor universiteti. Student\u00ebt, ja si na rrjep ekonomikisht pedagogu, pse 99% ngelen n\u00eb provimin e par\u00eb, shitja e librave pa \u00e7mim, pa ISBN, dhe [&hellip;]<\/p>\n","protected":false},"author":9,"featured_media":14673,"comment_status":"open","ping_status":"open","sticky":false,"template":"","format":"standard","meta":{"jetpack_post_was_ever_published":false,"_jetpack_newsletter_access":"","_jetpack_dont_email_post_to_subs":false,"_jetpack_newsletter_tier_id":0,"_jetpack_memberships_contains_paywalled_content":false,"_jetpack_memberships_contains_paid_content":false,"footnotes":"","jetpack_publicize_message":"","jetpack_publicize_feature_enabled":true,"jetpack_social_post_already_shared":true,"jetpack_social_options":{"image_generator_settings":{"template":"highway","default_image_id":0,"font":"","enabled":false},"version":2}},"categories":[27,10,2],"tags":[],"class_list":["post-14672","post","type-post","status-publish","format-standard","has-post-thumbnail","hentry","category-blogu-i-udhetarit","category-kultura","category-politika"],"jetpack_publicize_connections":[],"jetpack_featured_media_url":"https:\/\/i0.wp.com\/www.shqiperia.com\/blog\/wp-content\/uploads\/2018\/12\/OK-3-696x318.jpg?fit=696%2C318&ssl=1","jetpack_sharing_enabled":true,"jetpack_shortlink":"https:\/\/wp.me\/p5Z6wp-3OE","jetpack-related-posts":[{"id":15655,"url":"https:\/\/www.shqiperia.com\/blog\/policia-nis-arrestimet-ndalohen-dy-studentet-dy-te-shoqeruarit-jane-te-rinjte-qe-varen-carcafin-e-madh-tek-universiteti-politeknik\/","url_meta":{"origin":14672,"position":0},"title":"Policia nis arrestimet, ndalohen dy student\u00ebt. &#8211; Dy t\u00eb shoq\u00ebruarit jan\u00eb t\u00eb rinjt\u00eb q\u00eb var\u00ebn \u00e7ar\u00e7afin e madh tek Universiteti Politeknik.","author":"Kurt Farka","date":"January 7, 2019","format":false,"excerpt":"Policia nis arrestimet, ndalohen dy student\u00ebt. - Dy t\u00eb shoq\u00ebruarit jan\u00eb t\u00eb rinjt\u00eb q\u00eb var\u00ebn\u00a0\u00e7ar\u00e7afin e madh tek Universiteti Politeknik. 17:41 - 07. Nga: Gazeta Shqiptare Dy student\u00eb t\u00eb cil\u00ebt protestuan para Kryeministris\u00eb jan\u00eb ndaluar nga policia e Tiran\u00ebs. Student\u00ebt Vilson Kulemani dhe G\u00ebzim Almeta jan\u00eb shoq\u00ebruar p\u00ebr n\u00eb rajonin\u2026","rel":"","context":"In &quot;Blogu i Udh\u00ebtarit&quot;","block_context":{"text":"Blogu i Udh\u00ebtarit","link":"https:\/\/www.shqiperia.com\/blog\/category\/blogu-i-udhetarit\/"},"img":{"alt_text":"","src":"https:\/\/i0.wp.com\/www.shqiperia.com\/blog\/wp-content\/uploads\/2019\/01\/safe_image.php_.jpg?fit=476%2C249&ssl=1&resize=350%2C200","width":350,"height":200},"classes":[]},{"id":16422,"url":"https:\/\/www.shqiperia.com\/blog\/studentet-thirrje-pedagogeve-te-bashkohen-me-ne-ne-proteste\/","url_meta":{"origin":14672,"position":1},"title":"Student\u00ebt thirrje pedagog\u00ebve: T\u00eb bashkohen me ne n\u00eb protest\u00eb. &#8211;","author":"Kurt Farka","date":"January 20, 2019","format":false,"excerpt":"Student\u00ebt thirrje pedagog\u00ebve: T\u00eb bashkohen me ne n\u00eb protest\u00eb. - 19 Janar, 2019 Pavar\u00ebsisht Draft-Paktit t\u00eb prezantuar nj\u00eb dit\u00eb m\u00eb par\u00eb nga Ministria e Arsimit, Rinis\u00eb dhe Sporteve, student\u00ebt shprehen t\u00eb vendosur n\u00eb protest\u00ebn e tyre dhe t\u00eb bindur p\u00ebr bojkotimin e m\u00ebsimit. P\u00ebrmes nj\u00eb deklarat\u00eb p\u00ebr mediat, p\u00ebrfaq\u00ebsues nga\u2026","rel":"","context":"In &quot;Blogu i Udh\u00ebtarit&quot;","block_context":{"text":"Blogu i Udh\u00ebtarit","link":"https:\/\/www.shqiperia.com\/blog\/category\/blogu-i-udhetarit\/"},"img":{"alt_text":"","src":"https:\/\/i0.wp.com\/www.shqiperia.com\/blog\/wp-content\/uploads\/2019\/01\/studenti-edi-rama-754x450.jpg?fit=754%2C407&ssl=1&resize=350%2C200","width":350,"height":200,"srcset":"https:\/\/i0.wp.com\/www.shqiperia.com\/blog\/wp-content\/uploads\/2019\/01\/studenti-edi-rama-754x450.jpg?fit=754%2C407&ssl=1&resize=350%2C200 1x, https:\/\/i0.wp.com\/www.shqiperia.com\/blog\/wp-content\/uploads\/2019\/01\/studenti-edi-rama-754x450.jpg?fit=754%2C407&ssl=1&resize=525%2C300 1.5x, https:\/\/i0.wp.com\/www.shqiperia.com\/blog\/wp-content\/uploads\/2019\/01\/studenti-edi-rama-754x450.jpg?fit=754%2C407&ssl=1&resize=700%2C400 2x"},"classes":[]},{"id":16068,"url":"https:\/\/www.shqiperia.com\/blog\/studentet-e-durresit-pershkallezojne-protesten-ja-cfare-do-te-ndodhe-neser\/","url_meta":{"origin":14672,"position":2},"title":"Student\u00ebt e Durr\u00ebsit p\u00ebrshkall\u00ebzojn\u00eb protest\u00ebn, ja \u00e7far\u00eb do t\u00eb ndodh\u00eb nes\u00ebr. &#8211;","author":"Kurt Farka","date":"January 14, 2019","format":false,"excerpt":"Student\u00ebt e Durr\u00ebsit p\u00ebrshkall\u00ebzojn\u00eb protest\u00ebn, ja \u00e7far\u00eb do t\u00eb ndodh\u00eb nes\u00ebr. - 14\/01\/2019 Pas vendimit t\u00eb student\u00ebve t\u00eb Universitetit t\u00eb Tiran\u00ebs p\u00ebr t\u2019u ngujuar brenda ambienteve t\u00eb fakulteteve, m\u00ebsohet se t\u00eb nj\u00ebjt\u00ebn gj\u00eb do t\u00eb b\u00ebjn\u00eb bashk\u00ebmoshataret e tyre t\u00eb Universitetit Aleksand\u00ebr Moisiu n\u00eb Durr\u00ebs. P\u00ebrmes nj\u00eb reagimi zyrtar an\u00ebtar\u00ebt\u2026","rel":"","context":"In &quot;Blogu i Udh\u00ebtarit&quot;","block_context":{"text":"Blogu i Udh\u00ebtarit","link":"https:\/\/www.shqiperia.com\/blog\/category\/blogu-i-udhetarit\/"},"img":{"alt_text":"","src":"https:\/\/i0.wp.com\/www.shqiperia.com\/blog\/wp-content\/uploads\/2019\/01\/49913114_1144248059086213_6975652583834648576_n-600x450-300x164.jpg?resize=350%2C200","width":350,"height":200},"classes":[]},{"id":14895,"url":"https:\/\/www.shqiperia.com\/blog\/deutsche-welle-ja-cili-eshte-shqetesimi-kryesor-i-studenteve-qe-protestojne\/","url_meta":{"origin":14672,"position":3},"title":"Deutsche Welle: Ja cili \u00ebsht\u00eb shqet\u00ebsimi kryesor i student\u00ebve q\u00eb protestojn\u00eb. &#8211;","author":"Kurt Farka","date":"December 17, 2018","format":false,"excerpt":"Deutsche Welle: Ja cili \u00ebsht\u00eb shqet\u00ebsimi kryesor i student\u00ebve q\u00eb protestojn\u00eb. - 17 dhjetor 2018. gaz. Panorama. Mij\u00ebra student\u00eb kan\u00eb protestuar t\u00eb h\u00ebn\u00ebn (17.12) para kryeministris\u00eb n\u00eb Tiran\u00eb p\u00ebr 8 k\u00ebrkesat e parashtruara p\u00ebr ndryshime n\u00eb arsimin e lart\u00eb shqiptar. Madje ka pasur edhe tensione, kur student\u00ebt kan\u00eb tentuar t\u00eb\u2026","rel":"","context":"In &quot;Blogu i Udh\u00ebtarit&quot;","block_context":{"text":"Blogu i Udh\u00ebtarit","link":"https:\/\/www.shqiperia.com\/blog\/category\/blogu-i-udhetarit\/"},"img":{"alt_text":"","src":"https:\/\/i0.wp.com\/www.shqiperia.com\/blog\/wp-content\/uploads\/2018\/12\/Deutsche-Welle-Protesta-e-Studenteve..jpg?fit=700%2C394&ssl=1&resize=350%2C200","width":350,"height":200,"srcset":"https:\/\/i0.wp.com\/www.shqiperia.com\/blog\/wp-content\/uploads\/2018\/12\/Deutsche-Welle-Protesta-e-Studenteve..jpg?fit=700%2C394&ssl=1&resize=350%2C200 1x, https:\/\/i0.wp.com\/www.shqiperia.com\/blog\/wp-content\/uploads\/2018\/12\/Deutsche-Welle-Protesta-e-Studenteve..jpg?fit=700%2C394&ssl=1&resize=525%2C300 1.5x, https:\/\/i0.wp.com\/www.shqiperia.com\/blog\/wp-content\/uploads\/2018\/12\/Deutsche-Welle-Protesta-e-Studenteve..jpg?fit=700%2C394&ssl=1&resize=700%2C400 2x"},"classes":[]},{"id":16913,"url":"https:\/\/www.shqiperia.com\/blog\/mark-marku-i-kthen-pergjigje-rames-per-tre-pyetjet-sikur-une-per-qeverisjen-tuaj-te-pyesja-ne-madagaskar\/","url_meta":{"origin":14672,"position":4},"title":"Mark Marku i kthen p\u00ebrgjigje Ram\u00ebs p\u00ebr tre pyetjet: Sikur un\u00eb p\u00ebr qeverisjen tuaj t\u00eb pyesja n\u00eb Madagaskar\u2026","author":"Kurt Farka","date":"February 3, 2019","format":false,"excerpt":"Mark Marku i kthen p\u00ebrgjigje Ram\u00ebs p\u00ebr tre pyetjet: Sikur un\u00eb p\u00ebr qeverisjen tuaj t\u00eb pyesja n\u00eb Madagaskar\u2026 MARK MARKU\/\u00a0Edi Ram\u00ebs, por pa e marr\u00eb shum\u00eb seriozisht Kryeministri Edi Rama u ka sugjeruar student\u00ebve t\u00eb mi q\u00eb t\u00eb m\u00eb b\u00ebjn\u00eb tre pyetje t\u00eb cilat jan\u00eb pak a shum\u00eb k\u00ebto: A\u2026","rel":"","context":"In &quot;Kultura&quot;","block_context":{"text":"Kultura","link":"https:\/\/www.shqiperia.com\/blog\/category\/kultura\/"},"img":{"alt_text":"","src":"https:\/\/i0.wp.com\/www.shqiperia.com\/blog\/wp-content\/uploads\/2019\/02\/Marku.jpg?fit=1200%2C637&ssl=1&resize=350%2C200","width":350,"height":200,"srcset":"https:\/\/i0.wp.com\/www.shqiperia.com\/blog\/wp-content\/uploads\/2019\/02\/Marku.jpg?fit=1200%2C637&ssl=1&resize=350%2C200 1x, https:\/\/i0.wp.com\/www.shqiperia.com\/blog\/wp-content\/uploads\/2019\/02\/Marku.jpg?fit=1200%2C637&ssl=1&resize=525%2C300 1.5x, https:\/\/i0.wp.com\/www.shqiperia.com\/blog\/wp-content\/uploads\/2019\/02\/Marku.jpg?fit=1200%2C637&ssl=1&resize=700%2C400 2x, https:\/\/i0.wp.com\/www.shqiperia.com\/blog\/wp-content\/uploads\/2019\/02\/Marku.jpg?fit=1200%2C637&ssl=1&resize=1050%2C600 3x"},"classes":[]},{"id":15061,"url":"https:\/\/www.shqiperia.com\/blog\/studentet-protestues-leter-kuvendit-kerkesat-te-pasqyrohen-ne-buxhet\/","url_meta":{"origin":14672,"position":5},"title":"Student\u00ebt protestues let\u00ebr Kuvendit: K\u00ebrkesat t\u00eb pasqyrohen n\u00eb buxhet.-","author":"Kurt Farka","date":"December 20, 2018","format":false,"excerpt":"Student\u00ebt protestues let\u00ebr Kuvendit: K\u00ebrkesat t\u00eb pasqyrohen n\u00eb buxhet.- 20 dhjetor 2018 Student\u00ebt protestues i kan\u00eb drejtuar Kuvendit t\u00eb Shqip\u00ebris\u00eb disa k\u00ebrkesa q\u00eb duan t\u00eb plot\u00ebsohen me buxhetin e vitit 2019, t\u00eb cilat kan\u00eb n\u00eb baz\u00eb 8 pikat e parashtruara prej tyre q\u00eb n\u00eb fillimet e protest\u00ebs. Si pik\u00eb t\u00eb\u2026","rel":"","context":"In &quot;Blogu i Udh\u00ebtarit&quot;","block_context":{"text":"Blogu i Udh\u00ebtarit","link":"https:\/\/www.shqiperia.com\/blog\/category\/blogu-i-udhetarit\/"},"img":{"alt_text":"","src":"https:\/\/i0.wp.com\/www.shqiperia.com\/blog\/wp-content\/uploads\/2018\/12\/index-27-300x131.jpg?resize=350%2C200","width":350,"height":200},"classes":[]}],"_links":{"self":[{"href":"https:\/\/www.shqiperia.com\/blog\/wp-json\/wp\/v2\/posts\/14672","targetHints":{"allow":["GET"]}}],"collection":[{"href":"https:\/\/www.shqiperia.com\/blog\/wp-json\/wp\/v2\/posts"}],"about":[{"href":"https:\/\/www.shqiperia.com\/blog\/wp-json\/wp\/v2\/types\/post"}],"author":[{"embeddable":true,"href":"https:\/\/www.shqiperia.com\/blog\/wp-json\/wp\/v2\/users\/9"}],"replies":[{"embeddable":true,"href":"https:\/\/www.shqiperia.com\/blog\/wp-json\/wp\/v2\/comments?post=14672"}],"version-history":[{"count":1,"href":"https:\/\/www.shqiperia.com\/blog\/wp-json\/wp\/v2\/posts\/14672\/revisions"}],"predecessor-version":[{"id":14675,"href":"https:\/\/www.shqiperia.com\/blog\/wp-json\/wp\/v2\/posts\/14672\/revisions\/14675"}],"wp:featuredmedia":[{"embeddable":true,"href":"https:\/\/www.shqiperia.com\/blog\/wp-json\/wp\/v2\/media\/14673"}],"wp:attachment":[{"href":"https:\/\/www.shqiperia.com\/blog\/wp-json\/wp\/v2\/media?parent=14672"}],"wp:term":[{"taxonomy":"category","embeddable":true,"href":"https:\/\/www.shqiperia.com\/blog\/wp-json\/wp\/v2\/categories?post=14672"},{"taxonomy":"post_tag","embeddable":true,"href":"https:\/\/www.shqiperia.com\/blog\/wp-json\/wp\/v2\/tags?post=14672"}],"curies":[{"name":"wp","href":"https:\/\/api.w.org\/{rel}","templated":true}]}}