{"id":14649,"date":"2018-12-11T17:33:26","date_gmt":"2018-12-11T17:33:26","guid":{"rendered":"http:\/\/www.shqiperia.com\/blog\/?p=14649"},"modified":"2018-12-11T17:33:26","modified_gmt":"2018-12-11T17:33:26","slug":"zeri-i-amerikes-dyshime-te-forta-se-pas-dh-albania-fshihet-bashkim-ulaj","status":"publish","type":"post","link":"https:\/\/www.shqiperia.com\/blog\/zeri-i-amerikes-dyshime-te-forta-se-pas-dh-albania-fshihet-bashkim-ulaj\/","title":{"rendered":"Z\u00ebri i Amerik\u00ebs: Dyshime t\u00eb forta se pas DH Albania fshihet Bashkim Ulaj. \u2013"},"content":{"rendered":"<p><img data-recalc-dims=\"1\" loading=\"lazy\" decoding=\"async\" data-attachment-id=\"14651\" data-permalink=\"https:\/\/www.shqiperia.com\/blog\/zeri-i-amerikes-dyshime-te-forta-se-pas-dh-albania-fshihet-bashkim-ulaj\/dunwell-haberman-main-investigim-e1544125589223\/\" data-orig-file=\"https:\/\/i0.wp.com\/www.shqiperia.com\/blog\/wp-content\/uploads\/2018\/12\/dunwell-haberman-main-investigim-e1544125589223.jpg?fit=1050%2C508&amp;ssl=1\" data-orig-size=\"1050,508\" data-comments-opened=\"1\" data-image-meta=\"{&quot;aperture&quot;:&quot;0&quot;,&quot;credit&quot;:&quot;&quot;,&quot;camera&quot;:&quot;&quot;,&quot;caption&quot;:&quot;&quot;,&quot;created_timestamp&quot;:&quot;0&quot;,&quot;copyright&quot;:&quot;&quot;,&quot;focal_length&quot;:&quot;0&quot;,&quot;iso&quot;:&quot;0&quot;,&quot;shutter_speed&quot;:&quot;0&quot;,&quot;title&quot;:&quot;&quot;,&quot;orientation&quot;:&quot;0&quot;}\" data-image-title=\"dunwell-haberman-main-investigim-e1544125589223\" data-image-description=\"\" data-image-caption=\"\" data-medium-file=\"https:\/\/i0.wp.com\/www.shqiperia.com\/blog\/wp-content\/uploads\/2018\/12\/dunwell-haberman-main-investigim-e1544125589223.jpg?fit=300%2C145&amp;ssl=1\" data-large-file=\"https:\/\/i0.wp.com\/www.shqiperia.com\/blog\/wp-content\/uploads\/2018\/12\/dunwell-haberman-main-investigim-e1544125589223.jpg?fit=1024%2C495&amp;ssl=1\" class=\"alignnone  wp-image-14651\" alt=\"\" src=\"https:\/\/i0.wp.com\/www.shqiperia.com\/blog\/wp-content\/uploads\/2018\/12\/dunwell-haberman-main-investigim-e1544125589223-300x145.jpg?resize=488%2C236\" width=\"488\" height=\"236\" srcset=\"https:\/\/i0.wp.com\/www.shqiperia.com\/blog\/wp-content\/uploads\/2018\/12\/dunwell-haberman-main-investigim-e1544125589223.jpg?resize=300%2C145&amp;ssl=1 300w, https:\/\/i0.wp.com\/www.shqiperia.com\/blog\/wp-content\/uploads\/2018\/12\/dunwell-haberman-main-investigim-e1544125589223.jpg?resize=768%2C372&amp;ssl=1 768w, https:\/\/i0.wp.com\/www.shqiperia.com\/blog\/wp-content\/uploads\/2018\/12\/dunwell-haberman-main-investigim-e1544125589223.jpg?resize=1024%2C495&amp;ssl=1 1024w, https:\/\/i0.wp.com\/www.shqiperia.com\/blog\/wp-content\/uploads\/2018\/12\/dunwell-haberman-main-investigim-e1544125589223.jpg?resize=450%2C218&amp;ssl=1 450w, https:\/\/i0.wp.com\/www.shqiperia.com\/blog\/wp-content\/uploads\/2018\/12\/dunwell-haberman-main-investigim-e1544125589223.jpg?resize=600%2C290&amp;ssl=1 600w, https:\/\/i0.wp.com\/www.shqiperia.com\/blog\/wp-content\/uploads\/2018\/12\/dunwell-haberman-main-investigim-e1544125589223.jpg?resize=400%2C194&amp;ssl=1 400w, https:\/\/i0.wp.com\/www.shqiperia.com\/blog\/wp-content\/uploads\/2018\/12\/dunwell-haberman-main-investigim-e1544125589223.jpg?w=1050&amp;ssl=1 1050w\" sizes=\"auto, (max-width: 488px) 100vw, 488px\" \/><\/p>\n<p><strong>Z\u00ebri i Amerik\u00ebs: Dyshime t\u00eb forta se pas DH Albania fshihet Bashkim Ulaj. \u2013<\/strong><\/p>\n<p>\u201c\u2026Z\u00ebri i Amerik\u00ebs ka m\u00ebsuar se zoti Dobi, ka lidhje familjare me biznesmenin Ulaj. \u201c \u2026<\/p>\n<p>N\u00eb Shqip\u00ebri jan\u00eb shtuar pyetjet rreth firm\u00ebs s\u00eb regjistruar n\u00eb Delaware t\u00eb SHBA, Dunwell Haberman, e cila p\u00ebrmes falsifikimit t\u00eb dokumenteve t\u00eb regjistrimit kompani kishte arritur t\u00eb siguronte dy kontrata me vler\u00eb prej rreth 30 milion\u00eb eurosh nga qeveria shqiptare.<\/p>\n<p>Firma kryente biznes me emrin DH Albania dhe n\u00eb regjistrat komb\u00ebtar\u00eb si p\u00ebrfaq\u00ebsues i saj figuron 26-vje\u00e7ari Avdjol Dobi.<\/p>\n<p>Kur k\u00ebto fakte u b\u00ebn\u00eb publike, lind\u00ebn dyshimet se si nj\u00eb firm\u00eb pothuajse anonime mundi q\u00eb me kaq leht\u00ebsi dhe falsifikime, t\u00eb siguronte kontrata t\u00eb k\u00ebsaj natyre. P\u00ebr t\u00eb fituar nj\u00eb kontrat\u00eb t\u00eb till\u00eb, firma fituese duhet t\u00eb depozitonte nj\u00eb shum\u00eb prej 10 p\u00ebr qind t\u00eb vler\u00ebs s\u00eb investimit, nd\u00ebrsa zoti Dobi nuk dihet t\u00eb ket\u00eb patur biznese p\u00ebr t\u00eb b\u00ebr\u00eb k\u00ebt\u00eb depozit\u00eb.<\/p>\n<p>Nd\u00ebrkoh\u00eb, ka dyshime t\u00eb forta se pas kompanis\u00eb DH Albania fshihet biznesmeni i njohur Bashkim Ulaj. Para nj\u00eb muaji, p\u00ebrfaq\u00ebsuesi i firm\u00ebs e ka transferuar adres\u00ebn e tij n\u00eb kull\u00ebn \u201cABA Business Center\u201d, n\u00eb pron\u00ebsi t\u00eb zotit Ulaj. Z\u00ebri i Amerik\u00ebs ka m\u00ebsuar se zoti Dobi, ka lidhje familjare me biznesmenin Ulaj.<\/p>\n<p><img data-recalc-dims=\"1\" loading=\"lazy\" decoding=\"async\" data-attachment-id=\"14652\" data-permalink=\"https:\/\/www.shqiperia.com\/blog\/zeri-i-amerikes-dyshime-te-forta-se-pas-dh-albania-fshihet-bashkim-ulaj\/bashkim-ulaj-e1536065159587\/\" data-orig-file=\"https:\/\/i0.wp.com\/www.shqiperia.com\/blog\/wp-content\/uploads\/2018\/12\/bashkim-ulaj-e1536065159587.jpg?fit=658%2C395&amp;ssl=1\" data-orig-size=\"658,395\" data-comments-opened=\"1\" data-image-meta=\"{&quot;aperture&quot;:&quot;0&quot;,&quot;credit&quot;:&quot;&quot;,&quot;camera&quot;:&quot;&quot;,&quot;caption&quot;:&quot;&quot;,&quot;created_timestamp&quot;:&quot;0&quot;,&quot;copyright&quot;:&quot;&quot;,&quot;focal_length&quot;:&quot;0&quot;,&quot;iso&quot;:&quot;0&quot;,&quot;shutter_speed&quot;:&quot;0&quot;,&quot;title&quot;:&quot;&quot;,&quot;orientation&quot;:&quot;0&quot;}\" data-image-title=\"bashkim-ulaj-e1536065159587\" data-image-description=\"\" data-image-caption=\"\" data-medium-file=\"https:\/\/i0.wp.com\/www.shqiperia.com\/blog\/wp-content\/uploads\/2018\/12\/bashkim-ulaj-e1536065159587.jpg?fit=300%2C180&amp;ssl=1\" data-large-file=\"https:\/\/i0.wp.com\/www.shqiperia.com\/blog\/wp-content\/uploads\/2018\/12\/bashkim-ulaj-e1536065159587.jpg?fit=658%2C395&amp;ssl=1\" class=\"alignnone  wp-image-14652\" alt=\"\" src=\"https:\/\/i0.wp.com\/www.shqiperia.com\/blog\/wp-content\/uploads\/2018\/12\/bashkim-ulaj-e1536065159587-300x180.jpg?resize=842%2C505\" width=\"842\" height=\"505\" srcset=\"https:\/\/i0.wp.com\/www.shqiperia.com\/blog\/wp-content\/uploads\/2018\/12\/bashkim-ulaj-e1536065159587.jpg?resize=300%2C180&amp;ssl=1 300w, https:\/\/i0.wp.com\/www.shqiperia.com\/blog\/wp-content\/uploads\/2018\/12\/bashkim-ulaj-e1536065159587.jpg?resize=450%2C270&amp;ssl=1 450w, https:\/\/i0.wp.com\/www.shqiperia.com\/blog\/wp-content\/uploads\/2018\/12\/bashkim-ulaj-e1536065159587.jpg?resize=600%2C360&amp;ssl=1 600w, https:\/\/i0.wp.com\/www.shqiperia.com\/blog\/wp-content\/uploads\/2018\/12\/bashkim-ulaj-e1536065159587.jpg?resize=400%2C240&amp;ssl=1 400w, https:\/\/i0.wp.com\/www.shqiperia.com\/blog\/wp-content\/uploads\/2018\/12\/bashkim-ulaj-e1536065159587.jpg?w=658&amp;ssl=1 658w\" sizes=\"auto, (max-width: 842px) 100vw, 842px\" \/><\/p>\n<p>Z\u00ebri i Amerik\u00ebs u lidh me zotin Ulaj p\u00ebr t\u2019i k\u00ebrkuar konfirmim p\u00ebr k\u00ebto informacione, por p\u00ebrpjekjet rezultuan pa sukses. I pyetur n\u00eb telefon zoti Ulaj nuk pranoi t\u00eb p\u00ebrgjigjet, duke th\u00ebn\u00eb se ishte i z\u00ebn\u00eb. Po ashtu, ai nuk ka kthyer ende p\u00ebrgjigje p\u00ebr mesazhet ose e-mailet me t\u00eb nj\u00ebjt\u00ebn k\u00ebrkes\u00eb.<\/p>\n<p>E nj\u00ebjta p\u00ebrpjekje e Z\u00ebrit t\u00eb Amerik\u00ebs p\u00ebr t\u00eb marr\u00eb m\u00eb shum\u00eb informacion d\u00ebrguar disa dit\u00eb m\u00eb par\u00eb n\u00eb emailin e firm\u00ebs Dunwell Haberman rezultoi e pasukseshme. Kompania nuk ka pranuar t\u00eb kthej\u00eb p\u00ebrgjigje.<\/p>\n<p>Bilanci i kompanis\u00eb Dunwell Haberman, i dor\u00ebzuar n\u00eb Qendr\u00ebn e Regjistrimit t\u00eb Bizneseve, rezulton t\u00eb jet\u00eb p\u00ebrkthyer nga zonja Shenda Kruja, e cila nuk figuron n\u00eb list\u00ebn e p\u00ebrkthyesve zyrtar\u00eb, t\u00eb miratuar nga Ministria e Drejt\u00ebsis\u00eb. Ajo rezulton n\u00eb rrjetet sociale si specialiste pran\u00eb kompanis\u00eb GENER 2 t\u00eb zotit Ulaj.<\/p>\n<p>VOA<\/p>\n","protected":false},"excerpt":{"rendered":"<p>Z\u00ebri i Amerik\u00ebs: Dyshime t\u00eb forta se pas DH Albania fshihet Bashkim Ulaj. \u2013 \u201c\u2026Z\u00ebri i Amerik\u00ebs ka m\u00ebsuar se zoti Dobi, ka lidhje familjare me biznesmenin Ulaj. \u201c \u2026 N\u00eb Shqip\u00ebri jan\u00eb shtuar pyetjet rreth firm\u00ebs s\u00eb regjistruar n\u00eb Delaware t\u00eb SHBA, Dunwell Haberman, e cila p\u00ebrmes falsifikimit t\u00eb dokumenteve t\u00eb regjistrimit kompani kishte [&hellip;]<\/p>\n","protected":false},"author":9,"featured_media":14650,"comment_status":"open","ping_status":"open","sticky":false,"template":"","format":"standard","meta":{"jetpack_post_was_ever_published":false,"_jetpack_newsletter_access":"","_jetpack_dont_email_post_to_subs":false,"_jetpack_newsletter_tier_id":0,"_jetpack_memberships_contains_paywalled_content":false,"_jetpack_memberships_contains_paid_content":false,"footnotes":"","jetpack_publicize_message":"","jetpack_publicize_feature_enabled":true,"jetpack_social_post_already_shared":true,"jetpack_social_options":{"image_generator_settings":{"template":"highway","default_image_id":0,"font":"","enabled":false},"version":2}},"categories":[27,2,35],"tags":[],"class_list":["post-14649","post","type-post","status-publish","format-standard","has-post-thumbnail","hentry","category-blogu-i-udhetarit","category-politika","category-shoqerore"],"jetpack_publicize_connections":[],"jetpack_featured_media_url":"https:\/\/i0.wp.com\/www.shqiperia.com\/blog\/wp-content\/uploads\/2018\/12\/dunwell-haberman-main-investigim-e1544125589223-250x110.jpg?fit=250%2C110&ssl=1","jetpack_sharing_enabled":true,"jetpack_shortlink":"https:\/\/wp.me\/p5Z6wp-3Oh","jetpack-related-posts":[{"id":16521,"url":"https:\/\/www.shqiperia.com\/blog\/zeri-i-amerikes-pse-po-ikin-drejtoret-kur-dh-albania-ishte-ne-rregull\/","url_meta":{"origin":14649,"position":0},"title":"Z\u00ebri i Amerik\u00ebs: Pse po ikin drejtor\u00ebt kur DH Albania ishte \u201cn\u00eb rregull\u201d?","author":"Kurt Farka","date":"January 23, 2019","format":false,"excerpt":"Z\u00ebri i Amerik\u00ebs: Pse po ikin drejtor\u00ebt kur DH Albania ishte \u201cn\u00eb rregull\u201d? 23 janar 2019. Drejtuesit e dy institucioneve n\u00eb Shqip\u00ebri, pran\u00eb t\u00eb cilave kompania DH Albania kishte mundur t\u00eb fitonte dy gara publike p\u00ebrmes dokumenteve t\u00eb falsifikuara, jan\u00eb larguar nga detyra. Dy dit\u00eb m\u00eb par\u00eb, administratori i Operatorit\u2026","rel":"","context":"In &quot;Blogu i Udh\u00ebtarit&quot;","block_context":{"text":"Blogu i Udh\u00ebtarit","link":"https:\/\/www.shqiperia.com\/blog\/category\/blogu-i-udhetarit\/"},"img":{"alt_text":"","src":"https:\/\/i0.wp.com\/www.shqiperia.com\/blog\/wp-content\/uploads\/2019\/01\/drejtoret-Gjiknuri-1-905x395.jpg?fit=797%2C395&ssl=1&resize=350%2C200","width":350,"height":200,"srcset":"https:\/\/i0.wp.com\/www.shqiperia.com\/blog\/wp-content\/uploads\/2019\/01\/drejtoret-Gjiknuri-1-905x395.jpg?fit=797%2C395&ssl=1&resize=350%2C200 1x, https:\/\/i0.wp.com\/www.shqiperia.com\/blog\/wp-content\/uploads\/2019\/01\/drejtoret-Gjiknuri-1-905x395.jpg?fit=797%2C395&ssl=1&resize=525%2C300 1.5x, https:\/\/i0.wp.com\/www.shqiperia.com\/blog\/wp-content\/uploads\/2019\/01\/drejtoret-Gjiknuri-1-905x395.jpg?fit=797%2C395&ssl=1&resize=700%2C400 2x"},"classes":[]},{"id":15773,"url":"https:\/\/www.shqiperia.com\/blog\/recepsionisti-26-vjecar-i-skandalit-te-unazes-ne-drejtim-te-paditur\/","url_meta":{"origin":14649,"position":1},"title":"Recepsionisti 26 vje\u00e7ar i skandalit t\u00eb Unaz\u00ebs \u201cn\u00eb drejtim t\u00eb paditur\u201d. &#8211;","author":"Kurt Farka","date":"January 10, 2019","format":false,"excerpt":"Recepsionisti 26 vje\u00e7ar i skandalit t\u00eb Unaz\u00ebs \u201cn\u00eb drejtim t\u00eb paditur\u201d. - 9 janar 2019 Avdjol Dobi, administratori i kompanis\u00eb shqiptare \u201cDH-Albania\u201d, e cila rezultoi fituese e dy tenderave 18 milion\u00eb dhe 12 milion\u00eb eure, p\u00ebr nd\u00ebrtimin e mbikalimit tek sheshi \u201cShqiponja\u201d dhe nd\u00ebrtimin e linj\u00ebs s\u00eb tensionit t\u00eb lart\u00eb\u2026","rel":"","context":"In &quot;Blogu i Udh\u00ebtarit&quot;","block_context":{"text":"Blogu i Udh\u00ebtarit","link":"https:\/\/www.shqiperia.com\/blog\/category\/blogu-i-udhetarit\/"},"img":{"alt_text":"","src":"https:\/\/i0.wp.com\/www.shqiperia.com\/blog\/wp-content\/uploads\/2019\/01\/index-Copy.jpg?resize=350%2C200","width":350,"height":200},"classes":[]},{"id":98807,"url":"https:\/\/www.shqiperia.com\/blog\/rama-kritikon-deputetet-e-shkodres-mos-mbroni-banoret-e-rrjollit-nuk-jane-pronare\/","url_meta":{"origin":14649,"position":2},"title":"Rama kritikon deputet\u00ebt e Shkodr\u00ebs: &#8211; Mos mbroni banor\u00ebt e Rrjollit, nuk jan\u00eb pronar\u00eb","author":"Kurt Farka","date":"March 29, 2026","format":false,"excerpt":"29 Mars 2026 Zbulohen detaje t\u00eb reja nga ajo \u00e7far\u00eb prodhoi mbledhja e zgjeruar mes Grupit Parlamentar t\u00eb PS dhe ministrave t\u00eb kabinetit qeveritar. Tch shkruan se, Rama ka p\u00ebrcjell\u00eb nj\u00eb mesazh kritikues p\u00ebr deputet\u00ebt socialist\u00eb t\u00eb qarkut, Shkod\u00ebr n\u00eb lidhje me protest\u00ebn e banor\u00ebve t\u00eb Rrjolit. E nd\u00ebrsa drejtoresha\u2026","rel":"","context":"In &quot;Blogu i Udh\u00ebtarit&quot;","block_context":{"text":"Blogu i Udh\u00ebtarit","link":"https:\/\/www.shqiperia.com\/blog\/category\/blogu-i-udhetarit\/"},"img":{"alt_text":"","src":"https:\/\/i0.wp.com\/www.shqiperia.com\/blog\/wp-content\/uploads\/2026\/03\/900-0-1734554382xrama-ulaj-918-860x544-1-1536x1192-1.jpg?fit=1200%2C750&ssl=1&resize=350%2C200","width":350,"height":200,"srcset":"https:\/\/i0.wp.com\/www.shqiperia.com\/blog\/wp-content\/uploads\/2026\/03\/900-0-1734554382xrama-ulaj-918-860x544-1-1536x1192-1.jpg?fit=1200%2C750&ssl=1&resize=350%2C200 1x, https:\/\/i0.wp.com\/www.shqiperia.com\/blog\/wp-content\/uploads\/2026\/03\/900-0-1734554382xrama-ulaj-918-860x544-1-1536x1192-1.jpg?fit=1200%2C750&ssl=1&resize=525%2C300 1.5x, https:\/\/i0.wp.com\/www.shqiperia.com\/blog\/wp-content\/uploads\/2026\/03\/900-0-1734554382xrama-ulaj-918-860x544-1-1536x1192-1.jpg?fit=1200%2C750&ssl=1&resize=700%2C400 2x, https:\/\/i0.wp.com\/www.shqiperia.com\/blog\/wp-content\/uploads\/2026\/03\/900-0-1734554382xrama-ulaj-918-860x544-1-1536x1192-1.jpg?fit=1200%2C750&ssl=1&resize=1050%2C600 3x"},"classes":[]},{"id":50297,"url":"https:\/\/www.shqiperia.com\/blog\/zeri-i-amerikes-cfare-dyshohet-se-fshihet-pas-avionit-te-vogel-qe-u-rrezua-ne-vermosh\/","url_meta":{"origin":14649,"position":3},"title":"Z\u00ebri i Amerik\u00ebs: &#8211; \u00c7far\u00eb dyshohet se fshihet pas avionit t\u00eb vog\u00ebl q\u00eb u rr\u00ebzua n\u00eb Vermosh","author":"Kurt Farka","date":"October 5, 2021","format":false,"excerpt":"Z\u00ebri i Amerik\u00ebs: - \u00c7far\u00eb dyshohet se fshihet pas avionit t\u00eb vog\u00ebl q\u00eb u rr\u00ebzua n\u00eb Vermosh 4 TETOR 2021 Z\u00ebri i Amerik\u00ebs: \u00c7far\u00eb dyshohet se fshihet pas avionit Nj\u00eb avion i p\u00ebrmasave t\u00eb vogla \u00ebsht\u00eb rr\u00ebzuar paraditen e s\u00eb h\u00ebn\u00ebs n\u00eb rrethana ende t\u00eb paqarta,n\u00eb Vermosh t\u00eb Mal\u00ebsis\u00eb s\u00eb\u2026","rel":"","context":"In &quot;Blogu i Udh\u00ebtarit&quot;","block_context":{"text":"Blogu i Udh\u00ebtarit","link":"https:\/\/www.shqiperia.com\/blog\/category\/blogu-i-udhetarit\/"},"img":{"alt_text":"","src":"https:\/\/i0.wp.com\/www.shqiperia.com\/blog\/wp-content\/uploads\/2021\/10\/800-0-8d41a5cf8d48fb1f27e4f3fd132f6172.jpg?fit=800%2C450&ssl=1&resize=350%2C200","width":350,"height":200,"srcset":"https:\/\/i0.wp.com\/www.shqiperia.com\/blog\/wp-content\/uploads\/2021\/10\/800-0-8d41a5cf8d48fb1f27e4f3fd132f6172.jpg?fit=800%2C450&ssl=1&resize=350%2C200 1x, https:\/\/i0.wp.com\/www.shqiperia.com\/blog\/wp-content\/uploads\/2021\/10\/800-0-8d41a5cf8d48fb1f27e4f3fd132f6172.jpg?fit=800%2C450&ssl=1&resize=525%2C300 1.5x, https:\/\/i0.wp.com\/www.shqiperia.com\/blog\/wp-content\/uploads\/2021\/10\/800-0-8d41a5cf8d48fb1f27e4f3fd132f6172.jpg?fit=800%2C450&ssl=1&resize=700%2C400 2x"},"classes":[]},{"id":97819,"url":"https:\/\/www.shqiperia.com\/blog\/banoret-e-rrjollit-bllokojne-perseri-punimet-per-resortin-e-ualjt-policia-shoqeron-6-veta-mes-tyre-dhe-nje-grua\/","url_meta":{"origin":14649,"position":4},"title":"Banor\u00ebt e Rrjollit bllokojn\u00eb p\u00ebrs\u00ebri punimet p\u00ebr resortin e Ualjt, policia shoq\u00ebron 6 veta, mes tyre dhe nj\u00eb grua","author":"Kurt Farka","date":"February 18, 2026","format":false,"excerpt":"18 Shkurt 2026 Banor\u00ebt e Rrjollit n\u00eb Velipoj\u00eb sot i kan\u00eb b\u00ebr\u00eb prit\u00eb q\u00eb her\u00ebt n\u00eb m\u00ebngjes punonj\u00ebsve t\u00eb kompanis\u00eb \u201cGener 2\u201d t\u00eb botuesit Bashkim Ulaj, duke i bllokuar rrug\u00ebn makinerive. Ulaj po nd\u00ebrton n\u00eb Rrjoll nj\u00eb resort luksoz nd\u00ebrsa banor\u00ebt prej dit\u00ebsh protestojn\u00eb e p\u00ebrplasen me policin\u00eb me pretendimin\u2026","rel":"","context":"In &quot;Blogu i Udh\u00ebtarit&quot;","block_context":{"text":"Blogu i Udh\u00ebtarit","link":"https:\/\/www.shqiperia.com\/blog\/category\/blogu-i-udhetarit\/"},"img":{"alt_text":"","src":"https:\/\/i0.wp.com\/www.shqiperia.com\/blog\/wp-content\/uploads\/2026\/02\/1771408916_rrjoll.jpeg?fit=780%2C440&ssl=1&resize=350%2C200","width":350,"height":200,"srcset":"https:\/\/i0.wp.com\/www.shqiperia.com\/blog\/wp-content\/uploads\/2026\/02\/1771408916_rrjoll.jpeg?fit=780%2C440&ssl=1&resize=350%2C200 1x, https:\/\/i0.wp.com\/www.shqiperia.com\/blog\/wp-content\/uploads\/2026\/02\/1771408916_rrjoll.jpeg?fit=780%2C440&ssl=1&resize=525%2C300 1.5x, https:\/\/i0.wp.com\/www.shqiperia.com\/blog\/wp-content\/uploads\/2026\/02\/1771408916_rrjoll.jpeg?fit=780%2C440&ssl=1&resize=700%2C400 2x"},"classes":[]},{"id":16811,"url":"https:\/\/www.shqiperia.com\/blog\/pergjimet-dako-si-rama-sulmon-voa-n-zeri-i-amerikes-ka-degraduar\/","url_meta":{"origin":14649,"position":5},"title":"P\u00ebrgjimet\/ Dako si Rama, sulmon VOA-n: Z\u00ebri i Amerik\u00ebs, ka degraduar\u2026","author":"Kurt Farka","date":"January 31, 2019","format":false,"excerpt":"P\u00ebrgjimet\/ Dako si Rama, sulmon VOA-n: Z\u00ebri i Amerik\u00ebs, ka degraduar\u2026 31 janar 2019 Vangjush Dako ka sulmuar \u201cZ\u00ebrin e Amerik\u00ebs\u201d q\u00eb publikoi p\u00ebrgjimet e prokuroris\u00eb, q\u00eb ngren\u00eb dyshime se kryetari i Bashkis\u00eb s\u00eb Durr\u00ebsit \u00ebsht\u00eb i p\u00ebrfshir\u00eb n\u00eb shit-blerje votash. \u201cKa degradim t\u00eb Z\u00ebrit t\u00eb Amerik\u00ebs, ulje t\u00eb atij\u2026","rel":"","context":"In &quot;Blogu i Udh\u00ebtarit&quot;","block_context":{"text":"Blogu i Udh\u00ebtarit","link":"https:\/\/www.shqiperia.com\/blog\/category\/blogu-i-udhetarit\/"},"img":{"alt_text":"","src":"https:\/\/i0.wp.com\/www.shqiperia.com\/blog\/wp-content\/uploads\/2019\/01\/vangjush-dako.jpeg?fit=800%2C450&ssl=1&resize=350%2C200","width":350,"height":200,"srcset":"https:\/\/i0.wp.com\/www.shqiperia.com\/blog\/wp-content\/uploads\/2019\/01\/vangjush-dako.jpeg?fit=800%2C450&ssl=1&resize=350%2C200 1x, https:\/\/i0.wp.com\/www.shqiperia.com\/blog\/wp-content\/uploads\/2019\/01\/vangjush-dako.jpeg?fit=800%2C450&ssl=1&resize=525%2C300 1.5x, https:\/\/i0.wp.com\/www.shqiperia.com\/blog\/wp-content\/uploads\/2019\/01\/vangjush-dako.jpeg?fit=800%2C450&ssl=1&resize=700%2C400 2x"},"classes":[]}],"_links":{"self":[{"href":"https:\/\/www.shqiperia.com\/blog\/wp-json\/wp\/v2\/posts\/14649","targetHints":{"allow":["GET"]}}],"collection":[{"href":"https:\/\/www.shqiperia.com\/blog\/wp-json\/wp\/v2\/posts"}],"about":[{"href":"https:\/\/www.shqiperia.com\/blog\/wp-json\/wp\/v2\/types\/post"}],"author":[{"embeddable":true,"href":"https:\/\/www.shqiperia.com\/blog\/wp-json\/wp\/v2\/users\/9"}],"replies":[{"embeddable":true,"href":"https:\/\/www.shqiperia.com\/blog\/wp-json\/wp\/v2\/comments?post=14649"}],"version-history":[{"count":1,"href":"https:\/\/www.shqiperia.com\/blog\/wp-json\/wp\/v2\/posts\/14649\/revisions"}],"predecessor-version":[{"id":14653,"href":"https:\/\/www.shqiperia.com\/blog\/wp-json\/wp\/v2\/posts\/14649\/revisions\/14653"}],"wp:featuredmedia":[{"embeddable":true,"href":"https:\/\/www.shqiperia.com\/blog\/wp-json\/wp\/v2\/media\/14650"}],"wp:attachment":[{"href":"https:\/\/www.shqiperia.com\/blog\/wp-json\/wp\/v2\/media?parent=14649"}],"wp:term":[{"taxonomy":"category","embeddable":true,"href":"https:\/\/www.shqiperia.com\/blog\/wp-json\/wp\/v2\/categories?post=14649"},{"taxonomy":"post_tag","embeddable":true,"href":"https:\/\/www.shqiperia.com\/blog\/wp-json\/wp\/v2\/tags?post=14649"}],"curies":[{"name":"wp","href":"https:\/\/api.w.org\/{rel}","templated":true}]}}