{"id":14640,"date":"2018-12-11T16:02:59","date_gmt":"2018-12-11T16:02:59","guid":{"rendered":"http:\/\/www.shqiperia.com\/blog\/?p=14640"},"modified":"2018-12-11T16:02:59","modified_gmt":"2018-12-11T16:02:59","slug":"vendi-ne-kaos-proteste-ne-durres-fier-elbasan-vlore-dhe-korce-bllokohen-akset-kombetare","status":"publish","type":"post","link":"https:\/\/www.shqiperia.com\/blog\/vendi-ne-kaos-proteste-ne-durres-fier-elbasan-vlore-dhe-korce-bllokohen-akset-kombetare\/","title":{"rendered":"Vendi n\u00eb kaos\/ Protest\u00eb n\u00eb Durr\u00ebs, Fier, Elbasan, Vlor\u00eb dhe Kor\u00e7\u00eb, bllokohen akset komb\u00ebtare-"},"content":{"rendered":"<p><img data-recalc-dims=\"1\" loading=\"lazy\" decoding=\"async\" data-attachment-id=\"14641\" data-permalink=\"https:\/\/www.shqiperia.com\/blog\/vendi-ne-kaos-proteste-ne-durres-fier-elbasan-vlore-dhe-korce-bllokohen-akset-kombetare\/durres-protesta-1024x768\/\" data-orig-file=\"https:\/\/i0.wp.com\/www.shqiperia.com\/blog\/wp-content\/uploads\/2018\/12\/Durres-protesta-1024x768.jpg?fit=1024%2C509&amp;ssl=1\" data-orig-size=\"1024,509\" data-comments-opened=\"1\" data-image-meta=\"{&quot;aperture&quot;:&quot;0&quot;,&quot;credit&quot;:&quot;&quot;,&quot;camera&quot;:&quot;&quot;,&quot;caption&quot;:&quot;?????????????????????????????????????????????????????????&quot;,&quot;created_timestamp&quot;:&quot;0&quot;,&quot;copyright&quot;:&quot;&quot;,&quot;focal_length&quot;:&quot;0&quot;,&quot;iso&quot;:&quot;0&quot;,&quot;shutter_speed&quot;:&quot;0&quot;,&quot;title&quot;:&quot;&quot;,&quot;orientation&quot;:&quot;0&quot;}\" data-image-title=\"Durres-protesta-1024&#215;768\" data-image-description=\"\" data-image-caption=\"&lt;p&gt;?????????????????????????????????????????????????????????&lt;\/p&gt;\n\" data-medium-file=\"https:\/\/i0.wp.com\/www.shqiperia.com\/blog\/wp-content\/uploads\/2018\/12\/Durres-protesta-1024x768.jpg?fit=300%2C149&amp;ssl=1\" data-large-file=\"https:\/\/i0.wp.com\/www.shqiperia.com\/blog\/wp-content\/uploads\/2018\/12\/Durres-protesta-1024x768.jpg?fit=1024%2C509&amp;ssl=1\" class=\" wp-image-14641\" alt=\"\" src=\"https:\/\/i0.wp.com\/www.shqiperia.com\/blog\/wp-content\/uploads\/2018\/12\/Durres-protesta-1024x768-300x149.jpg?resize=447%2C222\" width=\"447\" height=\"222\" srcset=\"https:\/\/i0.wp.com\/www.shqiperia.com\/blog\/wp-content\/uploads\/2018\/12\/Durres-protesta-1024x768.jpg?resize=300%2C149&amp;ssl=1 300w, https:\/\/i0.wp.com\/www.shqiperia.com\/blog\/wp-content\/uploads\/2018\/12\/Durres-protesta-1024x768.jpg?resize=768%2C382&amp;ssl=1 768w, https:\/\/i0.wp.com\/www.shqiperia.com\/blog\/wp-content\/uploads\/2018\/12\/Durres-protesta-1024x768.jpg?resize=1024%2C768&amp;ssl=1 1024w, https:\/\/i0.wp.com\/www.shqiperia.com\/blog\/wp-content\/uploads\/2018\/12\/Durres-protesta-1024x768.jpg?resize=450%2C224&amp;ssl=1 450w, https:\/\/i0.wp.com\/www.shqiperia.com\/blog\/wp-content\/uploads\/2018\/12\/Durres-protesta-1024x768.jpg?resize=600%2C298&amp;ssl=1 600w, https:\/\/i0.wp.com\/www.shqiperia.com\/blog\/wp-content\/uploads\/2018\/12\/Durres-protesta-1024x768.jpg?resize=400%2C199&amp;ssl=1 400w\" sizes=\"auto, (max-width: 447px) 100vw, 447px\" \/><\/p>\n<p><strong>Vendi n\u00eb kaos\/ Protest\u00eb n\u00eb Durr\u00ebs, Fier, Elbasan, Vlor\u00eb dhe Kor\u00e7\u00eb, bllokohen akset komb\u00ebtare-<\/strong><\/p>\n<p>11,12. 2018<\/p>\n<p><span>\u00a0<\/span><\/p>\n<p><strong>UPDATE-Banor\u00ebt e qytetit t\u00eb Fierit, Durr\u00ebsit, Vlor\u00ebs dhe Elbasanit kan\u00eb dal\u00eb sot n\u00eb protesta.<\/strong><\/p>\n<p>Sipas raportimeve n\u00eb terren nga korrespondentet m\u00ebsohet se banor\u00ebt t\u00eb drejtuar nga Partia Demokratike kan\u00eb bllokuar akset rrugore.<\/p>\n<p><span>\u00a0<img data-recalc-dims=\"1\" loading=\"lazy\" decoding=\"async\" data-attachment-id=\"14642\" data-permalink=\"https:\/\/www.shqiperia.com\/blog\/vendi-ne-kaos-proteste-ne-durres-fier-elbasan-vlore-dhe-korce-bllokohen-akset-kombetare\/protesta-vlore-1024x576\/\" data-orig-file=\"https:\/\/i0.wp.com\/www.shqiperia.com\/blog\/wp-content\/uploads\/2018\/12\/Protesta-vlore-1024x576.jpg?fit=1024%2C576&amp;ssl=1\" data-orig-size=\"1024,576\" data-comments-opened=\"1\" data-image-meta=\"{&quot;aperture&quot;:&quot;0&quot;,&quot;credit&quot;:&quot;&quot;,&quot;camera&quot;:&quot;&quot;,&quot;caption&quot;:&quot;&quot;,&quot;created_timestamp&quot;:&quot;0&quot;,&quot;copyright&quot;:&quot;&quot;,&quot;focal_length&quot;:&quot;0&quot;,&quot;iso&quot;:&quot;0&quot;,&quot;shutter_speed&quot;:&quot;0&quot;,&quot;title&quot;:&quot;&quot;,&quot;orientation&quot;:&quot;0&quot;}\" data-image-title=\"Protesta-vlore-1024&#215;576\" data-image-description=\"\" data-image-caption=\"\" data-medium-file=\"https:\/\/i0.wp.com\/www.shqiperia.com\/blog\/wp-content\/uploads\/2018\/12\/Protesta-vlore-1024x576.jpg?fit=300%2C169&amp;ssl=1\" data-large-file=\"https:\/\/i0.wp.com\/www.shqiperia.com\/blog\/wp-content\/uploads\/2018\/12\/Protesta-vlore-1024x576.jpg?fit=1024%2C576&amp;ssl=1\" class=\"alignnone  wp-image-14642\" alt=\"\" src=\"https:\/\/i0.wp.com\/www.shqiperia.com\/blog\/wp-content\/uploads\/2018\/12\/Protesta-vlore-1024x576-300x169.jpg?resize=739%2C416\" width=\"739\" height=\"416\" srcset=\"https:\/\/i0.wp.com\/www.shqiperia.com\/blog\/wp-content\/uploads\/2018\/12\/Protesta-vlore-1024x576.jpg?resize=300%2C169&amp;ssl=1 300w, https:\/\/i0.wp.com\/www.shqiperia.com\/blog\/wp-content\/uploads\/2018\/12\/Protesta-vlore-1024x576.jpg?resize=768%2C432&amp;ssl=1 768w, https:\/\/i0.wp.com\/www.shqiperia.com\/blog\/wp-content\/uploads\/2018\/12\/Protesta-vlore-1024x576.jpg?resize=1024%2C576&amp;ssl=1 1024w, https:\/\/i0.wp.com\/www.shqiperia.com\/blog\/wp-content\/uploads\/2018\/12\/Protesta-vlore-1024x576.jpg?resize=450%2C253&amp;ssl=1 450w, https:\/\/i0.wp.com\/www.shqiperia.com\/blog\/wp-content\/uploads\/2018\/12\/Protesta-vlore-1024x576.jpg?resize=600%2C338&amp;ssl=1 600w, https:\/\/i0.wp.com\/www.shqiperia.com\/blog\/wp-content\/uploads\/2018\/12\/Protesta-vlore-1024x576.jpg?resize=400%2C225&amp;ssl=1 400w\" sizes=\"auto, (max-width: 739px) 100vw, 739px\" \/><\/span><\/p>\n<p>Banor\u00ebt e veshur me jelek\u00eb t\u00eb gjelb\u00ebr kan\u00eb kan\u00eb bllokuar rrug\u00ebn n\u00eb shenj\u00eb proteste.<\/p>\n<p>\u201cQytetar\u00ebt e Fierit k\u00ebrkojn\u00eb uljen e tyre, pasi kushtet ekonomike t\u00eb familjeve t\u00eb tyre po v\u00ebshtir\u00ebsohet \u00e7do dit\u00eb e m\u00eb shum\u00eb. Taksat e larta rrezikojn\u00eb mbylljen e biznesit t\u00eb vog\u00ebl n\u00eb Fier, burimi kryesor ekonomik dhe pun\u00ebsimi p\u00ebr shum\u00eb prej familjeve protestuese\u201d, b\u00ebn\u00eb t\u00eb ditur korrespondeti i Panorama.<\/p>\n<p><img data-recalc-dims=\"1\" loading=\"lazy\" decoding=\"async\" data-attachment-id=\"14644\" data-permalink=\"https:\/\/www.shqiperia.com\/blog\/vendi-ne-kaos-proteste-ne-durres-fier-elbasan-vlore-dhe-korce-bllokohen-akset-kombetare\/kaos-1024x576\/\" data-orig-file=\"https:\/\/i0.wp.com\/www.shqiperia.com\/blog\/wp-content\/uploads\/2018\/12\/Kaos-1024x576.jpg?fit=1024%2C576&amp;ssl=1\" data-orig-size=\"1024,576\" data-comments-opened=\"1\" data-image-meta=\"{&quot;aperture&quot;:&quot;0&quot;,&quot;credit&quot;:&quot;&quot;,&quot;camera&quot;:&quot;&quot;,&quot;caption&quot;:&quot;&quot;,&quot;created_timestamp&quot;:&quot;0&quot;,&quot;copyright&quot;:&quot;&quot;,&quot;focal_length&quot;:&quot;0&quot;,&quot;iso&quot;:&quot;0&quot;,&quot;shutter_speed&quot;:&quot;0&quot;,&quot;title&quot;:&quot;&quot;,&quot;orientation&quot;:&quot;0&quot;}\" data-image-title=\"Kaos-1024&#215;576\" data-image-description=\"\" data-image-caption=\"\" data-medium-file=\"https:\/\/i0.wp.com\/www.shqiperia.com\/blog\/wp-content\/uploads\/2018\/12\/Kaos-1024x576.jpg?fit=300%2C169&amp;ssl=1\" data-large-file=\"https:\/\/i0.wp.com\/www.shqiperia.com\/blog\/wp-content\/uploads\/2018\/12\/Kaos-1024x576.jpg?fit=1024%2C576&amp;ssl=1\" class=\"alignnone  wp-image-14644\" alt=\"\" src=\"https:\/\/i0.wp.com\/www.shqiperia.com\/blog\/wp-content\/uploads\/2018\/12\/Kaos-1024x576-300x169.jpg?resize=888%2C500\" width=\"888\" height=\"500\" srcset=\"https:\/\/i0.wp.com\/www.shqiperia.com\/blog\/wp-content\/uploads\/2018\/12\/Kaos-1024x576.jpg?resize=300%2C169&amp;ssl=1 300w, https:\/\/i0.wp.com\/www.shqiperia.com\/blog\/wp-content\/uploads\/2018\/12\/Kaos-1024x576.jpg?resize=768%2C432&amp;ssl=1 768w, https:\/\/i0.wp.com\/www.shqiperia.com\/blog\/wp-content\/uploads\/2018\/12\/Kaos-1024x576.jpg?resize=1024%2C576&amp;ssl=1 1024w, https:\/\/i0.wp.com\/www.shqiperia.com\/blog\/wp-content\/uploads\/2018\/12\/Kaos-1024x576.jpg?resize=450%2C253&amp;ssl=1 450w, https:\/\/i0.wp.com\/www.shqiperia.com\/blog\/wp-content\/uploads\/2018\/12\/Kaos-1024x576.jpg?resize=600%2C338&amp;ssl=1 600w, https:\/\/i0.wp.com\/www.shqiperia.com\/blog\/wp-content\/uploads\/2018\/12\/Kaos-1024x576.jpg?resize=400%2C225&amp;ssl=1 400w\" sizes=\"auto, (max-width: 888px) 100vw, 888px\" \/><\/p>\n<p>Protesta ne Durres<\/p>\n<p>Edhe n\u00eb Durr\u00ebs sipas korrespondentit t\u00eb \u201cPanorama\u201d, banor\u00ebt kan\u00eb dal\u00eb n\u00eb rrug\u00eb dhe k\u00ebrkojn\u00eb ulje t\u00eb taksave.<\/p>\n<p>Nd\u00ebrkoh\u00eb q\u00eb raportohet se prej or\u00ebs 16:00, protestuesit kan\u00eb bllokuar Rrug\u00ebn Nacionale Durr\u00ebs-Tiran\u00eb<\/p>\n<p><strong>Bllokimet<\/strong><\/p>\n<p><img data-recalc-dims=\"1\" loading=\"lazy\" decoding=\"async\" data-attachment-id=\"14643\" data-permalink=\"https:\/\/www.shqiperia.com\/blog\/vendi-ne-kaos-proteste-ne-durres-fier-elbasan-vlore-dhe-korce-bllokohen-akset-kombetare\/vloreprotesa-1024x768\/\" data-orig-file=\"https:\/\/i0.wp.com\/www.shqiperia.com\/blog\/wp-content\/uploads\/2018\/12\/Vlor%C3%ABprotesa-1024x768.jpg?fit=1024%2C768&amp;ssl=1\" data-orig-size=\"1024,768\" data-comments-opened=\"1\" data-image-meta=\"{&quot;aperture&quot;:&quot;0&quot;,&quot;credit&quot;:&quot;&quot;,&quot;camera&quot;:&quot;&quot;,&quot;caption&quot;:&quot;&quot;,&quot;created_timestamp&quot;:&quot;0&quot;,&quot;copyright&quot;:&quot;&quot;,&quot;focal_length&quot;:&quot;0&quot;,&quot;iso&quot;:&quot;0&quot;,&quot;shutter_speed&quot;:&quot;0&quot;,&quot;title&quot;:&quot;&quot;,&quot;orientation&quot;:&quot;0&quot;}\" data-image-title=\"Vlor\u00ebprotesa-1024&#215;768\" data-image-description=\"\" data-image-caption=\"\" data-medium-file=\"https:\/\/i0.wp.com\/www.shqiperia.com\/blog\/wp-content\/uploads\/2018\/12\/Vlor%C3%ABprotesa-1024x768.jpg?fit=300%2C225&amp;ssl=1\" data-large-file=\"https:\/\/i0.wp.com\/www.shqiperia.com\/blog\/wp-content\/uploads\/2018\/12\/Vlor%C3%ABprotesa-1024x768.jpg?fit=1024%2C768&amp;ssl=1\" class=\"alignnone  wp-image-14643\" alt=\"\" src=\"https:\/\/i0.wp.com\/www.shqiperia.com\/blog\/wp-content\/uploads\/2018\/12\/Vlor%C3%ABprotesa-1024x768-300x225.jpg?resize=865%2C649\" width=\"865\" height=\"649\" srcset=\"https:\/\/i0.wp.com\/www.shqiperia.com\/blog\/wp-content\/uploads\/2018\/12\/Vlor%C3%ABprotesa-1024x768.jpg?resize=300%2C225&amp;ssl=1 300w, https:\/\/i0.wp.com\/www.shqiperia.com\/blog\/wp-content\/uploads\/2018\/12\/Vlor%C3%ABprotesa-1024x768.jpg?resize=768%2C576&amp;ssl=1 768w, https:\/\/i0.wp.com\/www.shqiperia.com\/blog\/wp-content\/uploads\/2018\/12\/Vlor%C3%ABprotesa-1024x768.jpg?resize=1024%2C768&amp;ssl=1 1024w, https:\/\/i0.wp.com\/www.shqiperia.com\/blog\/wp-content\/uploads\/2018\/12\/Vlor%C3%ABprotesa-1024x768.jpg?resize=450%2C338&amp;ssl=1 450w, https:\/\/i0.wp.com\/www.shqiperia.com\/blog\/wp-content\/uploads\/2018\/12\/Vlor%C3%ABprotesa-1024x768.jpg?resize=600%2C450&amp;ssl=1 600w, https:\/\/i0.wp.com\/www.shqiperia.com\/blog\/wp-content\/uploads\/2018\/12\/Vlor%C3%ABprotesa-1024x768.jpg?resize=400%2C300&amp;ssl=1 400w\" sizes=\"auto, (max-width: 865px) 100vw, 865px\" \/><\/p>\n<p>Edhe n\u00eb Vlor\u00eb qytetar\u00ebt kan\u00eb bllokuar hyrjen e autostrad\u00ebs Vlor\u00eb-Fier.<\/p>\n<p>Bllokimi i akseve rrugore ka ndodhur dhe n\u00eb Bradashesh. Sipas korrespondentit t\u00eb Panorama, qytetar\u00ebt kan\u00eb b\u00ebr\u00eb thirrje p\u00ebr ulje t\u00eb \u00e7mimit t\u00eb naft\u00ebs dhe energjis\u00eb elektrike.<\/p>\n<p>M\u00ebsohet se n\u00eb Elbasan jan\u00eb bashkuar edhe student\u00ebt q\u00eb protestuan paradite n\u00eb Tiran\u00eb.<\/p>\n<p><img data-recalc-dims=\"1\" loading=\"lazy\" decoding=\"async\" data-attachment-id=\"14645\" data-permalink=\"https:\/\/www.shqiperia.com\/blog\/vendi-ne-kaos-proteste-ne-durres-fier-elbasan-vlore-dhe-korce-bllokohen-akset-kombetare\/durres-protesta-1024x768-2\/\" data-orig-file=\"https:\/\/i0.wp.com\/www.shqiperia.com\/blog\/wp-content\/uploads\/2018\/12\/Durres-protesta-1024x768-1.jpg?fit=1024%2C509&amp;ssl=1\" data-orig-size=\"1024,509\" data-comments-opened=\"1\" data-image-meta=\"{&quot;aperture&quot;:&quot;0&quot;,&quot;credit&quot;:&quot;&quot;,&quot;camera&quot;:&quot;&quot;,&quot;caption&quot;:&quot;?????????????????????????????????????????????????????????&quot;,&quot;created_timestamp&quot;:&quot;0&quot;,&quot;copyright&quot;:&quot;&quot;,&quot;focal_length&quot;:&quot;0&quot;,&quot;iso&quot;:&quot;0&quot;,&quot;shutter_speed&quot;:&quot;0&quot;,&quot;title&quot;:&quot;&quot;,&quot;orientation&quot;:&quot;0&quot;}\" data-image-title=\"Durres-protesta-1024&#215;768\" data-image-description=\"\" data-image-caption=\"\" data-medium-file=\"https:\/\/i0.wp.com\/www.shqiperia.com\/blog\/wp-content\/uploads\/2018\/12\/Durres-protesta-1024x768-1.jpg?fit=300%2C149&amp;ssl=1\" data-large-file=\"https:\/\/i0.wp.com\/www.shqiperia.com\/blog\/wp-content\/uploads\/2018\/12\/Durres-protesta-1024x768-1.jpg?fit=1024%2C509&amp;ssl=1\" class=\"alignnone  wp-image-14645\" alt=\"\" src=\"https:\/\/i0.wp.com\/www.shqiperia.com\/blog\/wp-content\/uploads\/2018\/12\/Durres-protesta-1024x768-1-300x149.jpg?resize=844%2C419\" width=\"844\" height=\"419\" srcset=\"https:\/\/i0.wp.com\/www.shqiperia.com\/blog\/wp-content\/uploads\/2018\/12\/Durres-protesta-1024x768-1.jpg?resize=300%2C149&amp;ssl=1 300w, https:\/\/i0.wp.com\/www.shqiperia.com\/blog\/wp-content\/uploads\/2018\/12\/Durres-protesta-1024x768-1.jpg?resize=768%2C382&amp;ssl=1 768w, https:\/\/i0.wp.com\/www.shqiperia.com\/blog\/wp-content\/uploads\/2018\/12\/Durres-protesta-1024x768-1.jpg?w=1024&amp;ssl=1 1024w, https:\/\/i0.wp.com\/www.shqiperia.com\/blog\/wp-content\/uploads\/2018\/12\/Durres-protesta-1024x768-1.jpg?resize=450%2C224&amp;ssl=1 450w, https:\/\/i0.wp.com\/www.shqiperia.com\/blog\/wp-content\/uploads\/2018\/12\/Durres-protesta-1024x768-1.jpg?resize=600%2C298&amp;ssl=1 600w, https:\/\/i0.wp.com\/www.shqiperia.com\/blog\/wp-content\/uploads\/2018\/12\/Durres-protesta-1024x768-1.jpg?resize=400%2C199&amp;ssl=1 400w\" sizes=\"auto, (max-width: 844px) 100vw, 844px\" \/><\/p>\n<p>Vijon<\/p>\n","protected":false},"excerpt":{"rendered":"<p>Vendi n\u00eb kaos\/ Protest\u00eb n\u00eb Durr\u00ebs, Fier, Elbasan, Vlor\u00eb dhe Kor\u00e7\u00eb, bllokohen akset komb\u00ebtare- 11,12. 2018 \u00a0 UPDATE-Banor\u00ebt e qytetit t\u00eb Fierit, Durr\u00ebsit, Vlor\u00ebs dhe Elbasanit kan\u00eb dal\u00eb sot n\u00eb protesta. Sipas raportimeve n\u00eb terren nga korrespondentet m\u00ebsohet se banor\u00ebt t\u00eb drejtuar nga Partia Demokratike kan\u00eb bllokuar akset rrugore. \u00a0 Banor\u00ebt e veshur me jelek\u00eb [&hellip;]<\/p>\n","protected":false},"author":9,"featured_media":14641,"comment_status":"open","ping_status":"open","sticky":false,"template":"","format":"standard","meta":{"jetpack_post_was_ever_published":false,"_jetpack_newsletter_access":"","_jetpack_dont_email_post_to_subs":false,"_jetpack_newsletter_tier_id":0,"_jetpack_memberships_contains_paywalled_content":false,"_jetpack_memberships_contains_paid_content":false,"footnotes":"","jetpack_publicize_message":"","jetpack_publicize_feature_enabled":true,"jetpack_social_post_already_shared":true,"jetpack_social_options":{"image_generator_settings":{"template":"highway","default_image_id":0,"font":"","enabled":false},"version":2}},"categories":[27,2,35],"tags":[],"class_list":["post-14640","post","type-post","status-publish","format-standard","has-post-thumbnail","hentry","category-blogu-i-udhetarit","category-politika","category-shoqerore"],"jetpack_publicize_connections":[],"jetpack_featured_media_url":"https:\/\/i0.wp.com\/www.shqiperia.com\/blog\/wp-content\/uploads\/2018\/12\/Durres-protesta-1024x768.jpg?fit=1024%2C509&ssl=1","jetpack_sharing_enabled":true,"jetpack_shortlink":"https:\/\/wp.me\/p5Z6wp-3O8","jetpack-related-posts":[{"id":14730,"url":"https:\/\/www.shqiperia.com\/blog\/protesta-ne-mbare-vendin-sot-pasdite-bllokohen-disa-akse-rrugore\/","url_meta":{"origin":14640,"position":0},"title":"Protesta n\u00eb mbar\u00eb vendin, sot pasdite bllokohen disa akse rrugore.","author":"Kurt Farka","date":"December 13, 2018","format":false,"excerpt":"Protesta n\u00eb mbar\u00eb vendin, sot pasdite bllokohen disa akse rrugore. Nd\u00ebrkoh\u00eb q\u00eb prej disa dit\u00ebsh Tirana po \u2018g\u00eblon\u2019 nga protestat, duket se qytetar\u00ebt jan\u00eb ngritur n\u00eb protest\u00eb dhe\u00a0 n\u00eb qytete t\u00eb tjera t\u00eb Shqip\u00ebris\u00eb. Qytetar\u00ebt kan\u00eb nisur protestat me karakter ekonomik, shum\u00eb prej tyre jan\u00eb familjar\u00eb q\u00eb kan\u00eb nj\u00eb biznes\u2026","rel":"","context":"In &quot;Blogu i Udh\u00ebtarit&quot;","block_context":{"text":"Blogu i Udh\u00ebtarit","link":"https:\/\/www.shqiperia.com\/blog\/category\/blogu-i-udhetarit\/"},"img":{"alt_text":"","src":"https:\/\/i0.wp.com\/www.shqiperia.com\/blog\/wp-content\/uploads\/2018\/12\/berat1-copy-544x400.jpg?fit=544%2C400&ssl=1&resize=350%2C200","width":350,"height":200,"srcset":"https:\/\/i0.wp.com\/www.shqiperia.com\/blog\/wp-content\/uploads\/2018\/12\/berat1-copy-544x400.jpg?fit=544%2C400&ssl=1&resize=350%2C200 1x, https:\/\/i0.wp.com\/www.shqiperia.com\/blog\/wp-content\/uploads\/2018\/12\/berat1-copy-544x400.jpg?fit=544%2C400&ssl=1&resize=525%2C300 1.5x"},"classes":[]},{"id":21200,"url":"https:\/\/www.shqiperia.com\/blog\/shqiptaret-hyjne-ne-karantine-dhe-izolim-pagesa-per-te-shikuar-vendin-e-tyre\/","url_meta":{"origin":14640,"position":1},"title":"Shqiptaret\u00a0 hyjne ne Karantine dhe izolim, \u2013 Pagesa per te shikuar Vendin e tyre.\u00a0","author":"Kurt Farka","date":"May 16, 2019","format":false,"excerpt":"Shqiptaret\u00a0 hyjne ne Karantine dhe izolim, \u2013 Pagesa per te shikuar Vendin e tyre.\u00a0 16 maji 2019. P\u00ebrve\u00e7 autostrad\u00ebs Tiran\u00eb-Durr\u00ebs, qeveria ka n\u00eb plan t\u00eb jap\u00eb me koncesion edhe disa akse t\u00eb tjera, nj\u00eb pjes\u00eb e t\u00eb cilave ende t\u00eb pap\u00ebrfunduara. B\u00ebhet fjal\u00eb p\u00ebr akset Tiran\u00eb-Elbasan, Rruga e Arbrit, Levan-Vlor\u00eb,\u2026","rel":"","context":"In &quot;Blogu i Udh\u00ebtarit&quot;","block_context":{"text":"Blogu i Udh\u00ebtarit","link":"https:\/\/www.shqiperia.com\/blog\/category\/blogu-i-udhetarit\/"},"img":{"alt_text":"","src":"https:\/\/i0.wp.com\/www.shqiperia.com\/blog\/wp-content\/uploads\/2019\/05\/rruges-Durr%C3%ABs-Kuk%C3%ABs-905x450.jpg?fit=905%2C450&ssl=1&resize=350%2C200","width":350,"height":200,"srcset":"https:\/\/i0.wp.com\/www.shqiperia.com\/blog\/wp-content\/uploads\/2019\/05\/rruges-Durr%C3%ABs-Kuk%C3%ABs-905x450.jpg?fit=905%2C450&ssl=1&resize=350%2C200 1x, https:\/\/i0.wp.com\/www.shqiperia.com\/blog\/wp-content\/uploads\/2019\/05\/rruges-Durr%C3%ABs-Kuk%C3%ABs-905x450.jpg?fit=905%2C450&ssl=1&resize=525%2C300 1.5x, https:\/\/i0.wp.com\/www.shqiperia.com\/blog\/wp-content\/uploads\/2019\/05\/rruges-Durr%C3%ABs-Kuk%C3%ABs-905x450.jpg?fit=905%2C450&ssl=1&resize=700%2C400 2x"},"classes":[]},{"id":14555,"url":"https:\/\/www.shqiperia.com\/blog\/protestat-ne-rrethe-banoret-bllokojne-autostraden-durres-rrogozhine-dhe-hyrjen-ne-shkoder\/","url_meta":{"origin":14640,"position":2},"title":"Protestat n\u00eb rrethe\/ Banor\u00ebt bllokojn\u00eb autostrad\u00ebn Durr\u00ebs-Rrogozhin\u00eb dhe hyrjen n\u00eb Shkod\u00ebr","author":"Kurt Farka","date":"December 10, 2018","format":false,"excerpt":"Protestat n\u00eb rrethe\/ Banor\u00ebt bllokojn\u00eb autostrad\u00ebn Durr\u00ebs-Rrogozhin\u00eb dhe hyrjen n\u00eb Shkod\u00ebr Banor\u00ebt e Shkodr\u00ebs dhe Kavaj\u00ebs jan\u00eb ngritur k\u00ebt\u00eb pasdite n\u00eb protest\u00eb, nd\u00ebrsa deri m\u00eb tani raportohet se jan\u00eb duke protestuar p\u00ebr \u00e7mimin e lart\u00eb t\u00eb naft\u00ebs, \u00e7mimet e ushqimeve, etj, si\u00e7 shprehen banor\u00ebt. Sakaq banor\u00ebt e Shkodr\u00ebs kan\u00eb bllokuar\u2026","rel":"","context":"In &quot;Blogu i Udh\u00ebtarit&quot;","block_context":{"text":"Blogu i Udh\u00ebtarit","link":"https:\/\/www.shqiperia.com\/blog\/category\/blogu-i-udhetarit\/"},"img":{"alt_text":"","src":"https:\/\/i0.wp.com\/www.shqiperia.com\/blog\/wp-content\/uploads\/2018\/12\/protesta-5-768x416.jpg?fit=768%2C416&ssl=1&resize=350%2C200","width":350,"height":200,"srcset":"https:\/\/i0.wp.com\/www.shqiperia.com\/blog\/wp-content\/uploads\/2018\/12\/protesta-5-768x416.jpg?fit=768%2C416&ssl=1&resize=350%2C200 1x, https:\/\/i0.wp.com\/www.shqiperia.com\/blog\/wp-content\/uploads\/2018\/12\/protesta-5-768x416.jpg?fit=768%2C416&ssl=1&resize=525%2C300 1.5x, https:\/\/i0.wp.com\/www.shqiperia.com\/blog\/wp-content\/uploads\/2018\/12\/protesta-5-768x416.jpg?fit=768%2C416&ssl=1&resize=700%2C400 2x"},"classes":[]},{"id":44203,"url":"https:\/\/www.shqiperia.com\/blog\/vendi-i-mbuluar-nga-bora-fshatra-te-bllokuara-rruge-te-pakalueshme-probleme-me-energjine-elektrike\/","url_meta":{"origin":14640,"position":3},"title":"Vendi i mbuluar nga bora \u2013 Fshatra t\u00eb bllokuara, rrug\u00eb t\u00eb pakalueshme, probleme me energjin\u00eb elektrike","author":"Kurt Farka","date":"February 14, 2021","format":false,"excerpt":"Vendi i mbuluar nga bora \u2013 Fshatra t\u00eb bllokuara, rrug\u00eb t\u00eb pakalueshme, probleme me energjin\u00eb elektrike - 14\/02\/21 Shqip\u00ebria \u00ebsht\u00eb zbardhur k\u00ebt\u00eb t\u00eb diel nga d\u00ebbora, nd\u00ebrsa ka shkaktuar problematika t\u00eb m\u00ebdha n\u00eb mjaft qarqe. Kruj\u00eb 3000 banor\u00eb jan\u00eb bllokuar n\u00eb Mal\u00ebsin\u00eb e Kruj\u00ebs, pasi d\u00ebbora n\u00eb rrug\u00eb ka shkuar\u2026","rel":"","context":"In &quot;Blogu i Udh\u00ebtarit&quot;","block_context":{"text":"Blogu i Udh\u00ebtarit","link":"https:\/\/www.shqiperia.com\/blog\/category\/blogu-i-udhetarit\/"},"img":{"alt_text":"","src":"https:\/\/i0.wp.com\/www.shqiperia.com\/blog\/wp-content\/uploads\/2021\/02\/697DCB1A-F3CE-4131-AEB2-9AD2405C2B7B-750x375-1.jpeg?fit=750%2C375&ssl=1&resize=350%2C200","width":350,"height":200,"srcset":"https:\/\/i0.wp.com\/www.shqiperia.com\/blog\/wp-content\/uploads\/2021\/02\/697DCB1A-F3CE-4131-AEB2-9AD2405C2B7B-750x375-1.jpeg?fit=750%2C375&ssl=1&resize=350%2C200 1x, https:\/\/i0.wp.com\/www.shqiperia.com\/blog\/wp-content\/uploads\/2021\/02\/697DCB1A-F3CE-4131-AEB2-9AD2405C2B7B-750x375-1.jpeg?fit=750%2C375&ssl=1&resize=525%2C300 1.5x, https:\/\/i0.wp.com\/www.shqiperia.com\/blog\/wp-content\/uploads\/2021\/02\/697DCB1A-F3CE-4131-AEB2-9AD2405C2B7B-750x375-1.jpeg?fit=750%2C375&ssl=1&resize=700%2C400 2x"},"classes":[]},{"id":88409,"url":"https:\/\/www.shqiperia.com\/blog\/ministria-e-mbrojtjes-disa-akse-rrugore-te-izoluara-nderprerje-energjie-dalje-nga-shtrati-e-lumenjve-ne\/","url_meta":{"origin":14640,"position":4},"title":"Ministria e Mbrojtjes: &#8211; Disa akse rrugore t\u00eb izoluara, nd\u00ebrprerje energjie. &#8211; Dalje nga shtrati e lumenjve n\u00eb\u2026","author":"Kurt Farka","date":"January 14, 2025","format":false,"excerpt":"14 Janar 2025 Ministria e Mbrojtjes ka ofruar informacion t\u00eb ri n\u00eb lidhje me pasojat e motit t\u00eb keq dhe veprimet e nd\u00ebrmarra p\u00ebr menaxhimin e situat\u00ebs. Sipas raportimeve nga strukturat e sistemit t\u00eb Mbrojtjes Civile n\u00eb Qendr\u00ebn Komb\u00ebtare Operacionale t\u00eb Emergjencave Civile, situata deri n\u00eb k\u00ebto momente \u00ebsht\u00eb si\u2026","rel":"","context":"In &quot;Blogu i Udh\u00ebtarit&quot;","block_context":{"text":"Blogu i Udh\u00ebtarit","link":"https:\/\/www.shqiperia.com\/blog\/category\/blogu-i-udhetarit\/"},"img":{"alt_text":"","src":"https:\/\/i0.wp.com\/www.shqiperia.com\/blog\/wp-content\/uploads\/2025\/01\/WhatsApp-Image-2025-01-13-at-20.03.11.jpeg?fit=1200%2C900&ssl=1&resize=350%2C200","width":350,"height":200,"srcset":"https:\/\/i0.wp.com\/www.shqiperia.com\/blog\/wp-content\/uploads\/2025\/01\/WhatsApp-Image-2025-01-13-at-20.03.11.jpeg?fit=1200%2C900&ssl=1&resize=350%2C200 1x, https:\/\/i0.wp.com\/www.shqiperia.com\/blog\/wp-content\/uploads\/2025\/01\/WhatsApp-Image-2025-01-13-at-20.03.11.jpeg?fit=1200%2C900&ssl=1&resize=525%2C300 1.5x, https:\/\/i0.wp.com\/www.shqiperia.com\/blog\/wp-content\/uploads\/2025\/01\/WhatsApp-Image-2025-01-13-at-20.03.11.jpeg?fit=1200%2C900&ssl=1&resize=700%2C400 2x, https:\/\/i0.wp.com\/www.shqiperia.com\/blog\/wp-content\/uploads\/2025\/01\/WhatsApp-Image-2025-01-13-at-20.03.11.jpeg?fit=1200%2C900&ssl=1&resize=1050%2C600 3x"},"classes":[]},{"id":96345,"url":"https:\/\/www.shqiperia.com\/blog\/pamje-apokaliptike-nga-permbytjet-situate-kritike-ne-durres\/","url_meta":{"origin":14640,"position":5},"title":"Pamje apokaliptike nga p\u00ebrmbytjet. Situat\u00eb kritike n\u00eb Durr\u00ebs","author":"Kurt Farka","date":"January 7, 2026","format":false,"excerpt":"7 Janar 2026 Vijon t\u00eb mbetet kritike situata nga p\u00ebrmbytjet n\u00eb vend, p\u00ebr shkak t\u00eb reshjeve t\u00eb dendura t\u00eb shiut q\u00eb prej dit\u00ebs s\u00eb djeshme. M\u00eb e goditura nga p\u00ebrmbytjet \u00ebsht\u00eb\u00a0Gjirokastra. 70 biznese, shum\u00eb sht\u00ebpi dhe automjete jan\u00eb shkat\u00ebrruar n\u00eb lagjen \u201c18 shtatori\u201d. Pamjet gati apokaliptike me masive inertesh dhe\u2026","rel":"","context":"In &quot;Blogu i Udh\u00ebtarit&quot;","block_context":{"text":"Blogu i Udh\u00ebtarit","link":"https:\/\/www.shqiperia.com\/blog\/category\/blogu-i-udhetarit\/"},"img":{"alt_text":"","src":"https:\/\/i0.wp.com\/www.shqiperia.com\/blog\/wp-content\/uploads\/2026\/01\/SHKODER-800x450-1.webp?fit=800%2C450&ssl=1&resize=350%2C200","width":350,"height":200,"srcset":"https:\/\/i0.wp.com\/www.shqiperia.com\/blog\/wp-content\/uploads\/2026\/01\/SHKODER-800x450-1.webp?fit=800%2C450&ssl=1&resize=350%2C200 1x, https:\/\/i0.wp.com\/www.shqiperia.com\/blog\/wp-content\/uploads\/2026\/01\/SHKODER-800x450-1.webp?fit=800%2C450&ssl=1&resize=525%2C300 1.5x, https:\/\/i0.wp.com\/www.shqiperia.com\/blog\/wp-content\/uploads\/2026\/01\/SHKODER-800x450-1.webp?fit=800%2C450&ssl=1&resize=700%2C400 2x"},"classes":[]}],"_links":{"self":[{"href":"https:\/\/www.shqiperia.com\/blog\/wp-json\/wp\/v2\/posts\/14640","targetHints":{"allow":["GET"]}}],"collection":[{"href":"https:\/\/www.shqiperia.com\/blog\/wp-json\/wp\/v2\/posts"}],"about":[{"href":"https:\/\/www.shqiperia.com\/blog\/wp-json\/wp\/v2\/types\/post"}],"author":[{"embeddable":true,"href":"https:\/\/www.shqiperia.com\/blog\/wp-json\/wp\/v2\/users\/9"}],"replies":[{"embeddable":true,"href":"https:\/\/www.shqiperia.com\/blog\/wp-json\/wp\/v2\/comments?post=14640"}],"version-history":[{"count":1,"href":"https:\/\/www.shqiperia.com\/blog\/wp-json\/wp\/v2\/posts\/14640\/revisions"}],"predecessor-version":[{"id":14646,"href":"https:\/\/www.shqiperia.com\/blog\/wp-json\/wp\/v2\/posts\/14640\/revisions\/14646"}],"wp:featuredmedia":[{"embeddable":true,"href":"https:\/\/www.shqiperia.com\/blog\/wp-json\/wp\/v2\/media\/14641"}],"wp:attachment":[{"href":"https:\/\/www.shqiperia.com\/blog\/wp-json\/wp\/v2\/media?parent=14640"}],"wp:term":[{"taxonomy":"category","embeddable":true,"href":"https:\/\/www.shqiperia.com\/blog\/wp-json\/wp\/v2\/categories?post=14640"},{"taxonomy":"post_tag","embeddable":true,"href":"https:\/\/www.shqiperia.com\/blog\/wp-json\/wp\/v2\/tags?post=14640"}],"curies":[{"name":"wp","href":"https:\/\/api.w.org\/{rel}","templated":true}]}}