{"id":14635,"date":"2018-12-11T15:40:52","date_gmt":"2018-12-11T15:40:52","guid":{"rendered":"http:\/\/www.shqiperia.com\/blog\/?p=14635"},"modified":"2018-12-11T15:40:52","modified_gmt":"2018-12-11T15:40:52","slug":"bashkimi-europian-i-studenteve-jemi-me-studentet-shqiptare","status":"publish","type":"post","link":"https:\/\/www.shqiperia.com\/blog\/bashkimi-europian-i-studenteve-jemi-me-studentet-shqiptare\/","title":{"rendered":"Bashkimi Europian i Student\u00ebve: Jemi me student\u00ebt shqiptar\u00eb.-"},"content":{"rendered":"<p><img data-recalc-dims=\"1\" loading=\"lazy\" decoding=\"async\" data-attachment-id=\"14636\" data-permalink=\"https:\/\/www.shqiperia.com\/blog\/bashkimi-europian-i-studenteve-jemi-me-studentet-shqiptare\/unioni-stude-eu\/\" data-orig-file=\"https:\/\/i0.wp.com\/www.shqiperia.com\/blog\/wp-content\/uploads\/2018\/12\/unioni-stude-eu.png?fit=730%2C421&amp;ssl=1\" data-orig-size=\"730,421\" data-comments-opened=\"1\" data-image-meta=\"{&quot;aperture&quot;:&quot;0&quot;,&quot;credit&quot;:&quot;&quot;,&quot;camera&quot;:&quot;&quot;,&quot;caption&quot;:&quot;&quot;,&quot;created_timestamp&quot;:&quot;0&quot;,&quot;copyright&quot;:&quot;&quot;,&quot;focal_length&quot;:&quot;0&quot;,&quot;iso&quot;:&quot;0&quot;,&quot;shutter_speed&quot;:&quot;0&quot;,&quot;title&quot;:&quot;&quot;,&quot;orientation&quot;:&quot;0&quot;}\" data-image-title=\"unioni-stude-eu\" data-image-description=\"\" data-image-caption=\"\" data-medium-file=\"https:\/\/i0.wp.com\/www.shqiperia.com\/blog\/wp-content\/uploads\/2018\/12\/unioni-stude-eu.png?fit=300%2C173&amp;ssl=1\" data-large-file=\"https:\/\/i0.wp.com\/www.shqiperia.com\/blog\/wp-content\/uploads\/2018\/12\/unioni-stude-eu.png?fit=730%2C421&amp;ssl=1\" class=\"alignnone  wp-image-14636\" alt=\"\" src=\"https:\/\/i0.wp.com\/www.shqiperia.com\/blog\/wp-content\/uploads\/2018\/12\/unioni-stude-eu-300x173.png?resize=597%2C344\" width=\"597\" height=\"344\" srcset=\"https:\/\/i0.wp.com\/www.shqiperia.com\/blog\/wp-content\/uploads\/2018\/12\/unioni-stude-eu.png?resize=300%2C173&amp;ssl=1 300w, https:\/\/i0.wp.com\/www.shqiperia.com\/blog\/wp-content\/uploads\/2018\/12\/unioni-stude-eu.png?resize=450%2C260&amp;ssl=1 450w, https:\/\/i0.wp.com\/www.shqiperia.com\/blog\/wp-content\/uploads\/2018\/12\/unioni-stude-eu.png?resize=600%2C346&amp;ssl=1 600w, https:\/\/i0.wp.com\/www.shqiperia.com\/blog\/wp-content\/uploads\/2018\/12\/unioni-stude-eu.png?resize=400%2C231&amp;ssl=1 400w, https:\/\/i0.wp.com\/www.shqiperia.com\/blog\/wp-content\/uploads\/2018\/12\/unioni-stude-eu.png?w=730&amp;ssl=1 730w\" sizes=\"auto, (max-width: 597px) 100vw, 597px\" \/><\/p>\n<p><strong>Bashkimi Europian i Student\u00ebve: Jemi me student\u00ebt shqiptar\u00eb.-<\/strong><\/p>\n<p>11 Dhjetor, 2018<\/p>\n<p><a href=\"http:\/\/www.specificfeeds.com\/follow\">\\<\/a><\/p>\n<p>Bashkimi Europian i Student\u00ebve, nj\u00eb organizat\u00eb nd\u00ebrkomb\u00ebtare, mb\u00ebshtet vendimin e student\u00ebve shqiptar\u00eb p\u00ebr t\u00eb protestuar p\u00ebr t\u00eb drejtat e tyre. \u201cESU \u00ebsht\u00eb me student\u00ebt dhe rrjedhimisht mb\u00ebshtet synimet e protestave paq\u00ebsore n\u00eb vazhdim\u2019, tha Marta Nunez, z\u00ebdh\u00ebn\u00ebse e Unionit.<\/p>\n<p><img data-recalc-dims=\"1\" loading=\"lazy\" decoding=\"async\" data-attachment-id=\"14637\" data-permalink=\"https:\/\/www.shqiperia.com\/blog\/bashkimi-europian-i-studenteve-jemi-me-studentet-shqiptare\/esu\/\" data-orig-file=\"https:\/\/i0.wp.com\/www.shqiperia.com\/blog\/wp-content\/uploads\/2018\/12\/esu.png?fit=577%2C576&amp;ssl=1\" data-orig-size=\"577,576\" data-comments-opened=\"1\" data-image-meta=\"{&quot;aperture&quot;:&quot;0&quot;,&quot;credit&quot;:&quot;&quot;,&quot;camera&quot;:&quot;&quot;,&quot;caption&quot;:&quot;&quot;,&quot;created_timestamp&quot;:&quot;0&quot;,&quot;copyright&quot;:&quot;&quot;,&quot;focal_length&quot;:&quot;0&quot;,&quot;iso&quot;:&quot;0&quot;,&quot;shutter_speed&quot;:&quot;0&quot;,&quot;title&quot;:&quot;&quot;,&quot;orientation&quot;:&quot;0&quot;}\" data-image-title=\"esu\" data-image-description=\"\" data-image-caption=\"\" data-medium-file=\"https:\/\/i0.wp.com\/www.shqiperia.com\/blog\/wp-content\/uploads\/2018\/12\/esu.png?fit=300%2C300&amp;ssl=1\" data-large-file=\"https:\/\/i0.wp.com\/www.shqiperia.com\/blog\/wp-content\/uploads\/2018\/12\/esu.png?fit=577%2C576&amp;ssl=1\" class=\"alignnone  wp-image-14637\" alt=\"\" src=\"https:\/\/i0.wp.com\/www.shqiperia.com\/blog\/wp-content\/uploads\/2018\/12\/esu-300x300.png?resize=655%2C655\" width=\"655\" height=\"655\" srcset=\"https:\/\/i0.wp.com\/www.shqiperia.com\/blog\/wp-content\/uploads\/2018\/12\/esu.png?resize=300%2C300&amp;ssl=1 300w, https:\/\/i0.wp.com\/www.shqiperia.com\/blog\/wp-content\/uploads\/2018\/12\/esu.png?resize=150%2C150&amp;ssl=1 150w, https:\/\/i0.wp.com\/www.shqiperia.com\/blog\/wp-content\/uploads\/2018\/12\/esu.png?resize=450%2C449&amp;ssl=1 450w, https:\/\/i0.wp.com\/www.shqiperia.com\/blog\/wp-content\/uploads\/2018\/12\/esu.png?resize=65%2C65&amp;ssl=1 65w, https:\/\/i0.wp.com\/www.shqiperia.com\/blog\/wp-content\/uploads\/2018\/12\/esu.png?resize=50%2C50&amp;ssl=1 50w, https:\/\/i0.wp.com\/www.shqiperia.com\/blog\/wp-content\/uploads\/2018\/12\/esu.png?resize=400%2C399&amp;ssl=1 400w, https:\/\/i0.wp.com\/www.shqiperia.com\/blog\/wp-content\/uploads\/2018\/12\/esu.png?w=577&amp;ssl=1 577w\" sizes=\"auto, (max-width: 655px) 100vw, 655px\" \/><\/p>\n<p>N\u00eb nj\u00eb deklarat\u00eb t\u00eb organizat\u00ebs studentore nd\u00ebrkomb\u00ebtare thuhet gjithashtu se k\u00ebto jan\u00eb \u2018protestat m\u00eb t\u00eb m\u00ebdha q\u00eb nga viti 1990\u2019. Po aty theksohet se nj\u00eb vendim i K\u00ebshillit t\u00eb Ministrave t\u00eb Shqip\u00ebris\u00eb ka krijuar pak\u00ebnaq\u00ebsi t\u00eb m\u00ebdha nd\u00ebr student\u00ebt shqiptar\u00eb, gj\u00eb e cila ka \u00e7uar n\u00eb protesta masive.<\/p>\n","protected":false},"excerpt":{"rendered":"<p>Bashkimi Europian i Student\u00ebve: Jemi me student\u00ebt shqiptar\u00eb.- 11 Dhjetor, 2018 \\ Bashkimi Europian i Student\u00ebve, nj\u00eb organizat\u00eb nd\u00ebrkomb\u00ebtare, mb\u00ebshtet vendimin e student\u00ebve shqiptar\u00eb p\u00ebr t\u00eb protestuar p\u00ebr t\u00eb drejtat e tyre. \u201cESU \u00ebsht\u00eb me student\u00ebt dhe rrjedhimisht mb\u00ebshtet synimet e protestave paq\u00ebsore n\u00eb vazhdim\u2019, tha Marta Nunez, z\u00ebdh\u00ebn\u00ebse e Unionit. N\u00eb nj\u00eb deklarat\u00eb t\u00eb [&hellip;]<\/p>\n","protected":false},"author":9,"featured_media":14636,"comment_status":"open","ping_status":"open","sticky":false,"template":"","format":"standard","meta":{"jetpack_post_was_ever_published":false,"_jetpack_newsletter_access":"","_jetpack_dont_email_post_to_subs":false,"_jetpack_newsletter_tier_id":0,"_jetpack_memberships_contains_paywalled_content":false,"_jetpack_memberships_contains_paid_content":false,"footnotes":"","jetpack_publicize_message":"","jetpack_publicize_feature_enabled":true,"jetpack_social_post_already_shared":true,"jetpack_social_options":{"image_generator_settings":{"template":"highway","default_image_id":0,"font":"","enabled":false},"version":2}},"categories":[27,2,35],"tags":[],"class_list":["post-14635","post","type-post","status-publish","format-standard","has-post-thumbnail","hentry","category-blogu-i-udhetarit","category-politika","category-shoqerore"],"jetpack_publicize_connections":[],"jetpack_featured_media_url":"https:\/\/i0.wp.com\/www.shqiperia.com\/blog\/wp-content\/uploads\/2018\/12\/unioni-stude-eu.png?fit=730%2C421&ssl=1","jetpack_sharing_enabled":true,"jetpack_shortlink":"https:\/\/wp.me\/p5Z6wp-3O3","jetpack-related-posts":[{"id":14535,"url":"https:\/\/www.shqiperia.com\/blog\/rama-dialog-me-studentet-ngjela-ata-skane-lidhje-me-korrupsionin-nga-na-vjen-ky-partizan-nga\/","url_meta":{"origin":14635,"position":0},"title":"Rama dialog me student\u00ebt? Ngjela: Ata s\u2019kan\u00eb lidhje me korrupsionin, nga na vjen ky partizan nga\u2026","author":"Kurt Farka","date":"December 10, 2018","format":false,"excerpt":"Rama dialog me student\u00ebt? Ngjela: Ata s\u2019kan\u00eb lidhje me korrupsionin, nga na vjen ky partizan nga\u2026 Nga Spartak Ngjela Zoti kryeminist\u00ebr! Studentati i universiteteve publike po thot\u00eb: antiintelektualizmit t\u00ebnd i erdhi fundi \u2013 jep dor\u00ebheqjen! \u00a0 A do t\u00eb krijohet dot masa kompakte e student\u00ebve p\u00ebr t\u00eb shp\u00ebrb\u00ebr\u00eb amoralitetin e\u2026","rel":"","context":"In &quot;Blogu i Udh\u00ebtarit&quot;","block_context":{"text":"Blogu i Udh\u00ebtarit","link":"https:\/\/www.shqiperia.com\/blog\/category\/blogu-i-udhetarit\/"},"img":{"alt_text":"","src":"https:\/\/i0.wp.com\/www.shqiperia.com\/blog\/wp-content\/uploads\/2018\/12\/protesta-studentetok-1024x683-Copy.jpg?fit=1024%2C556&ssl=1&resize=350%2C200","width":350,"height":200,"srcset":"https:\/\/i0.wp.com\/www.shqiperia.com\/blog\/wp-content\/uploads\/2018\/12\/protesta-studentetok-1024x683-Copy.jpg?fit=1024%2C556&ssl=1&resize=350%2C200 1x, https:\/\/i0.wp.com\/www.shqiperia.com\/blog\/wp-content\/uploads\/2018\/12\/protesta-studentetok-1024x683-Copy.jpg?fit=1024%2C556&ssl=1&resize=525%2C300 1.5x, https:\/\/i0.wp.com\/www.shqiperia.com\/blog\/wp-content\/uploads\/2018\/12\/protesta-studentetok-1024x683-Copy.jpg?fit=1024%2C556&ssl=1&resize=700%2C400 2x"},"classes":[]},{"id":16038,"url":"https:\/\/www.shqiperia.com\/blog\/dekanati-i-filologjikut-mbeshtet-studentet-denojme-dhunen-policore-te-rishikohet-ligji-i-arsimit-te-larte\/","url_meta":{"origin":14635,"position":1},"title":"Dekanati i Filologjikut mb\u00ebshtet student\u00ebt: D\u00ebnojm\u00eb dhun\u00ebn policore, t\u00eb rishikohet Ligji i Arsimit t\u00eb Lart\u00eb. &#8211;","author":"Kurt Farka","date":"January 14, 2019","format":false,"excerpt":"Dekanati i Filologjikut mb\u00ebshtet student\u00ebt: D\u00ebnojm\u00eb dhun\u00ebn policore, t\u00eb rishikohet Ligji i Arsimit t\u00eb Lart\u00eb. - 14 janar 2019 Nderkohe qe studentet vijojne ngujimin e tyre neper auditore te fakulteve dhe sot, protestes i jane bashkuar edhe studente te tjere qe jane ngujuar ne universitete te tjera, Dekanarti i Fakultetit\u2026","rel":"","context":"In &quot;Blogu i Udh\u00ebtarit&quot;","block_context":{"text":"Blogu i Udh\u00ebtarit","link":"https:\/\/www.shqiperia.com\/blog\/category\/blogu-i-udhetarit\/"},"img":{"alt_text":"","src":"https:\/\/i0.wp.com\/www.shqiperia.com\/blog\/wp-content\/uploads\/2019\/01\/Fakulteti-GJuhet-e-Huaja-bojkoti-protesta.jpg?fit=1200%2C607&ssl=1&resize=350%2C200","width":350,"height":200,"srcset":"https:\/\/i0.wp.com\/www.shqiperia.com\/blog\/wp-content\/uploads\/2019\/01\/Fakulteti-GJuhet-e-Huaja-bojkoti-protesta.jpg?fit=1200%2C607&ssl=1&resize=350%2C200 1x, https:\/\/i0.wp.com\/www.shqiperia.com\/blog\/wp-content\/uploads\/2019\/01\/Fakulteti-GJuhet-e-Huaja-bojkoti-protesta.jpg?fit=1200%2C607&ssl=1&resize=525%2C300 1.5x, https:\/\/i0.wp.com\/www.shqiperia.com\/blog\/wp-content\/uploads\/2019\/01\/Fakulteti-GJuhet-e-Huaja-bojkoti-protesta.jpg?fit=1200%2C607&ssl=1&resize=700%2C400 2x, https:\/\/i0.wp.com\/www.shqiperia.com\/blog\/wp-content\/uploads\/2019\/01\/Fakulteti-GJuhet-e-Huaja-bojkoti-protesta.jpg?fit=1200%2C607&ssl=1&resize=1050%2C600 3x"},"classes":[]},{"id":14382,"url":"https:\/\/www.shqiperia.com\/blog\/studentet-shqiptare-me-shpenzimet-me-te-larta-per-arsim-ne-europe-gati-4-here-me-shume\/","url_meta":{"origin":14635,"position":2},"title":"Student\u00ebt shqiptar\u00eb me shpenzimet m\u00eb t\u00eb larta p\u00ebr arsim n\u00eb Europ\u00eb, gati 4 her\u00eb m\u00eb shum\u00eb. &#8211;","author":"Kurt Farka","date":"December 6, 2018","format":false,"excerpt":"Student\u00ebt shqiptar\u00eb me shpenzimet m\u00eb t\u00eb larta p\u00ebr arsim n\u00eb Europ\u00eb, gati 4 her\u00eb m\u00eb shum\u00eb. - Gazeta Panorama Student\u00ebt kan\u00eb pushtuar rrug\u00ebt e Tiran\u00ebs kund\u00ebr rritjes s\u00eb tarifave n\u00eb Universitetit.\u00a0 Edhe pse Shqip\u00ebria nuk ka shkollat dhe univeristetet m\u00eb t\u00eb mira t\u00eb Europ\u00ebs, n\u00eb raport me moshatar\u00ebt e tyre\u2026","rel":"","context":"In &quot;Blogu i Udh\u00ebtarit&quot;","block_context":{"text":"Blogu i Udh\u00ebtarit","link":"https:\/\/www.shqiperia.com\/blog\/category\/blogu-i-udhetarit\/"},"img":{"alt_text":"","src":"https:\/\/i0.wp.com\/www.shqiperia.com\/blog\/wp-content\/uploads\/2018\/12\/index-8.jpg?resize=350%2C200","width":350,"height":200},"classes":[]},{"id":14502,"url":"https:\/\/www.shqiperia.com\/blog\/jemi-vone-por-me-mire-vone-se-sa-kurre-ja-kush-i-eshte-bashkuar-protestes-se-studenteve\/","url_meta":{"origin":14635,"position":3},"title":"\u201c&#8230; Jemi von\u00eb, por m\u00eb mir\u00eb von\u00eb se sa kurr\u00eb.&#8221;  &#8211; Ja kush i \u00ebsht\u00eb bashkuar protest\u00ebs s\u00eb student\u00ebve. &#8211;","author":"Kurt Farka","date":"December 9, 2018","format":false,"excerpt":"\u00a0\u201c... Jemi von\u00eb, por m\u00eb mir\u00eb von\u00eb se sa kurr\u00eb.\"\u00a0 - Ja kush i \u00ebsht\u00eb bashkuar protest\u00ebs s\u00eb student\u00ebve. - 09\/12\/2018 Student\u00ebt kan\u00eb nisur marshimin, nga fakultet ku jan\u00eb grumbulluar m\u00eb her\u00ebt, drejt Ministris\u00eb s\u00eb Arsimit dhe Sportit p\u00ebr t\u00eb protestuar p\u00ebr plot\u00ebsimin e k\u00ebrkesave q\u00eb kan\u00eb parashtruar. Student\u00ebt e\u2026","rel":"","context":"In &quot;Blogu i Udh\u00ebtarit&quot;","block_context":{"text":"Blogu i Udh\u00ebtarit","link":"https:\/\/www.shqiperia.com\/blog\/category\/blogu-i-udhetarit\/"},"img":{"alt_text":"","src":"https:\/\/i0.wp.com\/www.shqiperia.com\/blog\/wp-content\/uploads\/2018\/12\/parulla-meme-3-600x450-300x184.jpg?resize=350%2C200","width":350,"height":200,"srcset":"https:\/\/i0.wp.com\/www.shqiperia.com\/blog\/wp-content\/uploads\/2018\/12\/parulla-meme-3-600x450-300x184.jpg?resize=350%2C200 1x, https:\/\/i0.wp.com\/www.shqiperia.com\/blog\/wp-content\/uploads\/2018\/12\/parulla-meme-3-600x450-300x184.jpg?resize=525%2C300 1.5x"},"classes":[]},{"id":14580,"url":"https:\/\/www.shqiperia.com\/blog\/protestes-se-studenteve-sot-11-12-18-u-eshte-shtuar-dhe-nje-aleat-tjeter-gjimnazet\/","url_meta":{"origin":14635,"position":4},"title":"Protest\u00ebs s\u00eb student\u00ebve sot (11.12.18) u \u00ebsht\u00eb shtuar dhe nj\u00eb aleat tjet\u00ebr, gjimnazet.-","author":"Kurt Farka","date":"December 11, 2018","format":false,"excerpt":"Protest\u00ebs s\u00eb student\u00ebve sot (11.12.18) u \u00ebsht\u00eb shtuar dhe nj\u00eb aleat tjet\u00ebr, gjimnazet.- Sot gjimnazist\u00ebt e Tiran\u00ebs nuk kan\u00eb pranuar q\u00eb t\u00eb futen brenda oborreve t\u00eb shkoll\u00ebs s\u00eb tyre n\u00eb shenj\u00eb solidarizmi dhe bashkimi m\u00eb student\u00ebt q\u00eb kan\u00eb 7 dit\u00eb q\u00eb protestojn\u00eb. Nx\u00ebn\u00ebsit e shkoll\u00ebs, Petro Nini Luarasi, Sami Frash\u00ebri\u2026","rel":"","context":"In &quot;Blogu i Udh\u00ebtarit&quot;","block_context":{"text":"Blogu i Udh\u00ebtarit","link":"https:\/\/www.shqiperia.com\/blog\/category\/blogu-i-udhetarit\/"},"img":{"alt_text":"","src":"https:\/\/i0.wp.com\/www.shqiperia.com\/blog\/wp-content\/uploads\/2018\/12\/petro-nini-luarasi.jpg?fit=1200%2C619&ssl=1&resize=350%2C200","width":350,"height":200,"srcset":"https:\/\/i0.wp.com\/www.shqiperia.com\/blog\/wp-content\/uploads\/2018\/12\/petro-nini-luarasi.jpg?fit=1200%2C619&ssl=1&resize=350%2C200 1x, https:\/\/i0.wp.com\/www.shqiperia.com\/blog\/wp-content\/uploads\/2018\/12\/petro-nini-luarasi.jpg?fit=1200%2C619&ssl=1&resize=525%2C300 1.5x, https:\/\/i0.wp.com\/www.shqiperia.com\/blog\/wp-content\/uploads\/2018\/12\/petro-nini-luarasi.jpg?fit=1200%2C619&ssl=1&resize=700%2C400 2x, https:\/\/i0.wp.com\/www.shqiperia.com\/blog\/wp-content\/uploads\/2018\/12\/petro-nini-luarasi.jpg?fit=1200%2C619&ssl=1&resize=1050%2C600 3x"},"classes":[]},{"id":14956,"url":"https:\/\/www.shqiperia.com\/blog\/protesta-e-studenteve-delegacioni-i-be-eshte-koha-per-dialog-qe-te-sigurohet\/","url_meta":{"origin":14635,"position":5},"title":"Protesta e student\u00ebve, delegacioni i BE: \u00cbsht\u00eb koha p\u00ebr dialog q\u00eb t\u00eb sigurohet\u2026-","author":"Kurt Farka","date":"December 18, 2018","format":false,"excerpt":"Protesta e student\u00ebve, delegacioni i BE: \u00cbsht\u00eb koha p\u00ebr dialog q\u00eb t\u00eb sigurohet\u2026- 18 dhjetor 2018. \u00a0 Protest\u00ebn prej 2 jav\u00ebsh t\u00eb student\u00ebve, e ka p\u00ebrsh\u00ebndetur edhe delegacioni i BE n\u00eb Shqip\u00ebri, nd\u00ebrsa kan\u00eb b\u00ebr\u00eb thirrje q\u00eb tashm\u00eb t\u00eb k\u00ebt\u00eb nj\u00eb dialog\u00a0p\u00ebr t\u00eb gjetur zgjidhjen e t\u00eb gjitha k\u00ebtyre k\u00ebrkesave.\u2026","rel":"","context":"In &quot;Blogu i Udh\u00ebtarit&quot;","block_context":{"text":"Blogu i Udh\u00ebtarit","link":"https:\/\/www.shqiperia.com\/blog\/category\/blogu-i-udhetarit\/"},"img":{"alt_text":"","src":"https:\/\/i0.wp.com\/www.shqiperia.com\/blog\/wp-content\/uploads\/2018\/12\/Harta-dhe-flamuri-i-BE-se-650x358.jpg?fit=650%2C358&ssl=1&resize=350%2C200","width":350,"height":200,"srcset":"https:\/\/i0.wp.com\/www.shqiperia.com\/blog\/wp-content\/uploads\/2018\/12\/Harta-dhe-flamuri-i-BE-se-650x358.jpg?fit=650%2C358&ssl=1&resize=350%2C200 1x, https:\/\/i0.wp.com\/www.shqiperia.com\/blog\/wp-content\/uploads\/2018\/12\/Harta-dhe-flamuri-i-BE-se-650x358.jpg?fit=650%2C358&ssl=1&resize=525%2C300 1.5x"},"classes":[]}],"_links":{"self":[{"href":"https:\/\/www.shqiperia.com\/blog\/wp-json\/wp\/v2\/posts\/14635","targetHints":{"allow":["GET"]}}],"collection":[{"href":"https:\/\/www.shqiperia.com\/blog\/wp-json\/wp\/v2\/posts"}],"about":[{"href":"https:\/\/www.shqiperia.com\/blog\/wp-json\/wp\/v2\/types\/post"}],"author":[{"embeddable":true,"href":"https:\/\/www.shqiperia.com\/blog\/wp-json\/wp\/v2\/users\/9"}],"replies":[{"embeddable":true,"href":"https:\/\/www.shqiperia.com\/blog\/wp-json\/wp\/v2\/comments?post=14635"}],"version-history":[{"count":1,"href":"https:\/\/www.shqiperia.com\/blog\/wp-json\/wp\/v2\/posts\/14635\/revisions"}],"predecessor-version":[{"id":14638,"href":"https:\/\/www.shqiperia.com\/blog\/wp-json\/wp\/v2\/posts\/14635\/revisions\/14638"}],"wp:featuredmedia":[{"embeddable":true,"href":"https:\/\/www.shqiperia.com\/blog\/wp-json\/wp\/v2\/media\/14636"}],"wp:attachment":[{"href":"https:\/\/www.shqiperia.com\/blog\/wp-json\/wp\/v2\/media?parent=14635"}],"wp:term":[{"taxonomy":"category","embeddable":true,"href":"https:\/\/www.shqiperia.com\/blog\/wp-json\/wp\/v2\/categories?post=14635"},{"taxonomy":"post_tag","embeddable":true,"href":"https:\/\/www.shqiperia.com\/blog\/wp-json\/wp\/v2\/tags?post=14635"}],"curies":[{"name":"wp","href":"https:\/\/api.w.org\/{rel}","templated":true}]}}