{"id":14631,"date":"2018-12-11T13:52:45","date_gmt":"2018-12-11T13:52:45","guid":{"rendered":"http:\/\/www.shqiperia.com\/blog\/?p=14631"},"modified":"2018-12-11T13:55:12","modified_gmt":"2018-12-11T13:55:12","slug":"studenti-nga-kosova-mes-protestes-te-gjithe-trevat-shqiptare-jemi-me-ju","status":"publish","type":"post","link":"https:\/\/www.shqiperia.com\/blog\/studenti-nga-kosova-mes-protestes-te-gjithe-trevat-shqiptare-jemi-me-ju\/","title":{"rendered":"Studenti nga Kosova mes protest\u00ebs: T\u00eb gjith\u00eb trevat shqiptare, jemi me ju! &#8211;"},"content":{"rendered":"<p><img data-recalc-dims=\"1\" loading=\"lazy\" decoding=\"async\" data-attachment-id=\"14632\" data-permalink=\"https:\/\/www.shqiperia.com\/blog\/studenti-nga-kosova-mes-protestes-te-gjithe-trevat-shqiptare-jemi-me-ju\/studenti-nga-kosova-1014x570\/\" data-orig-file=\"https:\/\/i0.wp.com\/www.shqiperia.com\/blog\/wp-content\/uploads\/2018\/12\/studenti-nga-kosova-1014x570.jpg?fit=1014%2C570&amp;ssl=1\" data-orig-size=\"1014,570\" data-comments-opened=\"1\" data-image-meta=\"{&quot;aperture&quot;:&quot;0&quot;,&quot;credit&quot;:&quot;&quot;,&quot;camera&quot;:&quot;&quot;,&quot;caption&quot;:&quot;&quot;,&quot;created_timestamp&quot;:&quot;0&quot;,&quot;copyright&quot;:&quot;&quot;,&quot;focal_length&quot;:&quot;0&quot;,&quot;iso&quot;:&quot;0&quot;,&quot;shutter_speed&quot;:&quot;0&quot;,&quot;title&quot;:&quot;&quot;,&quot;orientation&quot;:&quot;0&quot;}\" data-image-title=\"studenti-nga-kosova-1014&#215;570\" data-image-description=\"\" data-image-caption=\"\" data-medium-file=\"https:\/\/i0.wp.com\/www.shqiperia.com\/blog\/wp-content\/uploads\/2018\/12\/studenti-nga-kosova-1014x570.jpg?fit=300%2C169&amp;ssl=1\" data-large-file=\"https:\/\/i0.wp.com\/www.shqiperia.com\/blog\/wp-content\/uploads\/2018\/12\/studenti-nga-kosova-1014x570.jpg?fit=1014%2C570&amp;ssl=1\" class=\"alignnone wp-image-14632\" alt=\"\" src=\"https:\/\/i0.wp.com\/www.shqiperia.com\/blog\/wp-content\/uploads\/2018\/12\/studenti-nga-kosova-1014x570-300x169.jpg?resize=666%2C375\" width=\"666\" height=\"375\" srcset=\"https:\/\/i0.wp.com\/www.shqiperia.com\/blog\/wp-content\/uploads\/2018\/12\/studenti-nga-kosova-1014x570.jpg?resize=300%2C169&amp;ssl=1 300w, https:\/\/i0.wp.com\/www.shqiperia.com\/blog\/wp-content\/uploads\/2018\/12\/studenti-nga-kosova-1014x570.jpg?resize=768%2C432&amp;ssl=1 768w, https:\/\/i0.wp.com\/www.shqiperia.com\/blog\/wp-content\/uploads\/2018\/12\/studenti-nga-kosova-1014x570.jpg?resize=450%2C253&amp;ssl=1 450w, https:\/\/i0.wp.com\/www.shqiperia.com\/blog\/wp-content\/uploads\/2018\/12\/studenti-nga-kosova-1014x570.jpg?resize=600%2C337&amp;ssl=1 600w, https:\/\/i0.wp.com\/www.shqiperia.com\/blog\/wp-content\/uploads\/2018\/12\/studenti-nga-kosova-1014x570.jpg?resize=400%2C225&amp;ssl=1 400w, https:\/\/i0.wp.com\/www.shqiperia.com\/blog\/wp-content\/uploads\/2018\/12\/studenti-nga-kosova-1014x570.jpg?resize=1014%2C570&amp;ssl=1 1014w\" sizes=\"auto, (max-width: 666px) 100vw, 666px\" \/><\/p>\n<p><strong>Studenti nga Kosova mes protest\u00ebs: T\u00eb gjith\u00eb trevat shqiptare, jemi me ju! &#8211;<br \/>\n<\/strong><\/p>\n<p>11 Dhjetor, 2018 14:41<\/p>\n<p>Nj\u00eb student nga Kosova ka marr\u00eb fjal\u00ebn\u00a0 n\u00eb mes t\u00eb protest\u00ebs duke p\u00ebrkrahur t\u00eb rinjt\u00eb shqiptar\u00eb.<\/p>\n<p>Ai i ka ofruar mb\u00ebshtetjen student\u00ebve, nd\u00ebrsa shprehet se t\u00eb gjitha trevat shqiptare jan\u00eb me rinin\u00eb.<\/p>\n<p>\u201cT\u00eb gjith\u00eb trevat shqiptare jemi me ju. Ne jemi ardh\u00ebria. Si Kosov\u00eb si Shqip\u00ebri nuk ka dallim. Ne duhet t\u2019i shyjm\u00eb idelalet tona, t\u00eb p\u00ebrmbushim \u00ebnd\u00ebrrat tona\u201d, u shpreh studenti.<\/p>\n<p>M\u00eb tej ai iu drejtua student\u00ebve, \u201cKush \u00ebsht\u00eb me ne, le t\u00eb thot\u00eb \u2018un\u00eb jam student\u2019\u201d.<\/p>\n<p>Nd\u00ebrsa t\u00eb gjith\u00eb nj\u00ebz\u00ebri brohorit\u00ebn, \u201cjemi student\u00eb\u201d.<\/p>\n<p><img data-recalc-dims=\"1\" loading=\"lazy\" decoding=\"async\" data-attachment-id=\"14633\" data-permalink=\"https:\/\/www.shqiperia.com\/blog\/studenti-nga-kosova-mes-protestes-te-gjithe-trevat-shqiptare-jemi-me-ju\/studenti-nga-kosova-1014x570-2\/\" data-orig-file=\"https:\/\/i0.wp.com\/www.shqiperia.com\/blog\/wp-content\/uploads\/2018\/12\/studenti-nga-kosova-1014x570-1.jpg?fit=1014%2C570&amp;ssl=1\" data-orig-size=\"1014,570\" data-comments-opened=\"1\" data-image-meta=\"{&quot;aperture&quot;:&quot;0&quot;,&quot;credit&quot;:&quot;&quot;,&quot;camera&quot;:&quot;&quot;,&quot;caption&quot;:&quot;&quot;,&quot;created_timestamp&quot;:&quot;0&quot;,&quot;copyright&quot;:&quot;&quot;,&quot;focal_length&quot;:&quot;0&quot;,&quot;iso&quot;:&quot;0&quot;,&quot;shutter_speed&quot;:&quot;0&quot;,&quot;title&quot;:&quot;&quot;,&quot;orientation&quot;:&quot;0&quot;}\" data-image-title=\"studenti-nga-kosova-1014&#215;570\" data-image-description=\"\" data-image-caption=\"\" data-medium-file=\"https:\/\/i0.wp.com\/www.shqiperia.com\/blog\/wp-content\/uploads\/2018\/12\/studenti-nga-kosova-1014x570-1.jpg?fit=300%2C169&amp;ssl=1\" data-large-file=\"https:\/\/i0.wp.com\/www.shqiperia.com\/blog\/wp-content\/uploads\/2018\/12\/studenti-nga-kosova-1014x570-1.jpg?fit=1014%2C570&amp;ssl=1\" class=\"alignnone wp-image-14633\" alt=\"\" src=\"https:\/\/i0.wp.com\/www.shqiperia.com\/blog\/wp-content\/uploads\/2018\/12\/studenti-nga-kosova-1014x570-1-300x169.jpg?resize=829%2C467\" width=\"829\" height=\"467\" srcset=\"https:\/\/i0.wp.com\/www.shqiperia.com\/blog\/wp-content\/uploads\/2018\/12\/studenti-nga-kosova-1014x570-1.jpg?resize=300%2C169&amp;ssl=1 300w, https:\/\/i0.wp.com\/www.shqiperia.com\/blog\/wp-content\/uploads\/2018\/12\/studenti-nga-kosova-1014x570-1.jpg?resize=768%2C432&amp;ssl=1 768w, https:\/\/i0.wp.com\/www.shqiperia.com\/blog\/wp-content\/uploads\/2018\/12\/studenti-nga-kosova-1014x570-1.jpg?resize=450%2C253&amp;ssl=1 450w, https:\/\/i0.wp.com\/www.shqiperia.com\/blog\/wp-content\/uploads\/2018\/12\/studenti-nga-kosova-1014x570-1.jpg?resize=600%2C337&amp;ssl=1 600w, https:\/\/i0.wp.com\/www.shqiperia.com\/blog\/wp-content\/uploads\/2018\/12\/studenti-nga-kosova-1014x570-1.jpg?resize=400%2C225&amp;ssl=1 400w, https:\/\/i0.wp.com\/www.shqiperia.com\/blog\/wp-content\/uploads\/2018\/12\/studenti-nga-kosova-1014x570-1.jpg?w=1014&amp;ssl=1 1014w\" sizes=\"auto, (max-width: 829px) 100vw, 829px\" \/><\/p>\n","protected":false},"excerpt":{"rendered":"<p>Studenti nga Kosova mes protest\u00ebs: T\u00eb gjith\u00eb trevat shqiptare, jemi me ju! &#8211; 11 Dhjetor, 2018 14:41 Nj\u00eb student nga Kosova ka marr\u00eb fjal\u00ebn\u00a0 n\u00eb mes t\u00eb protest\u00ebs duke p\u00ebrkrahur t\u00eb rinjt\u00eb shqiptar\u00eb. Ai i ka ofruar mb\u00ebshtetjen student\u00ebve, nd\u00ebrsa shprehet se t\u00eb gjitha trevat shqiptare jan\u00eb me rinin\u00eb. \u201cT\u00eb gjith\u00eb trevat shqiptare jemi me [&hellip;]<\/p>\n","protected":false},"author":9,"featured_media":14632,"comment_status":"open","ping_status":"open","sticky":false,"template":"","format":"standard","meta":{"jetpack_post_was_ever_published":false,"_jetpack_newsletter_access":"","_jetpack_dont_email_post_to_subs":false,"_jetpack_newsletter_tier_id":0,"_jetpack_memberships_contains_paywalled_content":false,"_jetpack_memberships_contains_paid_content":false,"footnotes":"","jetpack_publicize_message":"","jetpack_publicize_feature_enabled":true,"jetpack_social_post_already_shared":true,"jetpack_social_options":{"image_generator_settings":{"template":"highway","default_image_id":0,"font":"","enabled":false},"version":2}},"categories":[27,10,35],"tags":[],"class_list":["post-14631","post","type-post","status-publish","format-standard","has-post-thumbnail","hentry","category-blogu-i-udhetarit","category-kultura","category-shoqerore"],"jetpack_publicize_connections":[],"jetpack_featured_media_url":"https:\/\/i0.wp.com\/www.shqiperia.com\/blog\/wp-content\/uploads\/2018\/12\/studenti-nga-kosova-1014x570.jpg?fit=1014%2C570&ssl=1","jetpack_sharing_enabled":true,"jetpack_shortlink":"https:\/\/wp.me\/p5Z6wp-3NZ","jetpack-related-posts":[{"id":26583,"url":"https:\/\/www.shqiperia.com\/blog\/lahutaret-jemi-te-vonuar-si-komb-nuk-shkohet-ne-unesco-me-duar-ne-xhepa\/","url_meta":{"origin":14631,"position":0},"title":"Lahutar\u00ebt: &#8211; Jemi t\u00eb vonuar si komb, nuk shkohet n\u00eb UNESCO me duar n\u00eb xhepa. &#8211;","author":"Kurt Farka","date":"October 3, 2019","format":false,"excerpt":"Lahutar\u00ebt: - Jemi t\u00eb vonuar si komb, nuk shkohet n\u00eb UNESCO me duar n\u00eb xhepa Studiuesi Zymer Neziri prezanton 40 vjet studime p\u00ebr Eposin e Kreshnik\u00ebve dhe lahut\u00ebn. Ai u b\u00ebn thirrje institucioneve shqiptare, q\u00eb t\u00eb punojn\u00eb q\u00eb kjo pasuri komb\u00ebtare t\u00eb futet n\u00eb UNESCO edhe t\u00eb futet n\u00eb shkolla.\u2026","rel":"","context":"In &quot;Arte&quot;","block_context":{"text":"Arte","link":"https:\/\/www.shqiperia.com\/blog\/category\/arte\/"},"img":{"alt_text":"","src":"https:\/\/i0.wp.com\/www.shqiperia.com\/blog\/wp-content\/uploads\/2019\/10\/Lahutar-nga-Kosova.jpg?fit=1200%2C655&ssl=1&resize=350%2C200","width":350,"height":200,"srcset":"https:\/\/i0.wp.com\/www.shqiperia.com\/blog\/wp-content\/uploads\/2019\/10\/Lahutar-nga-Kosova.jpg?fit=1200%2C655&ssl=1&resize=350%2C200 1x, https:\/\/i0.wp.com\/www.shqiperia.com\/blog\/wp-content\/uploads\/2019\/10\/Lahutar-nga-Kosova.jpg?fit=1200%2C655&ssl=1&resize=525%2C300 1.5x, https:\/\/i0.wp.com\/www.shqiperia.com\/blog\/wp-content\/uploads\/2019\/10\/Lahutar-nga-Kosova.jpg?fit=1200%2C655&ssl=1&resize=700%2C400 2x, https:\/\/i0.wp.com\/www.shqiperia.com\/blog\/wp-content\/uploads\/2019\/10\/Lahutar-nga-Kosova.jpg?fit=1200%2C655&ssl=1&resize=1050%2C600 3x"},"classes":[]},{"id":55451,"url":"https:\/\/www.shqiperia.com\/blog\/revoltohen-edhe-studentet-i-bashkohen-protestes-kombetare-te-rinjte-bejne-publike-tre-kerkesat-e-tyre-nga-neser-nisim-organizimet-per\/","url_meta":{"origin":14631,"position":1},"title":"Revoltohen edhe student\u00ebt, i bashkohen protest\u00ebs komb\u00ebtare. T\u00eb rinjt\u00eb b\u00ebjn\u00eb publike tre k\u00ebrkesat e tyre: &#8211; Nga nes\u00ebr nisim organizimet p\u00ebr\u2026","author":"Kurt Farka","date":"March 15, 2022","format":false,"excerpt":"Revoltohen edhe student\u00ebt, i bashkohen protest\u00ebs komb\u00ebtare. T\u00eb rinjt\u00eb b\u00ebjn\u00eb publike tre k\u00ebrkesat e tyre: - Nga nes\u00ebr nisim organizimet p\u00ebr\u2026 15 Mars 2022 Student\u00ebt e fakulteteve t\u00eb Tiran\u00ebs do i bashkohen protest\u00ebs komb\u00ebtare q\u00eb ka nisur prej disa dit\u00ebsh me t\u00eb pakt\u00ebn tre k\u00ebrkesa q\u00eb shtohen n\u00eb drejtim t\u00eb\u2026","rel":"","context":"In &quot;Blogu i Udh\u00ebtarit&quot;","block_context":{"text":"Blogu i Udh\u00ebtarit","link":"https:\/\/www.shqiperia.com\/blog\/category\/blogu-i-udhetarit\/"},"img":{"alt_text":"","src":"https:\/\/i0.wp.com\/www.shqiperia.com\/blog\/wp-content\/uploads\/2022\/03\/studentet-proteste.jpg?fit=1200%2C562&ssl=1&resize=350%2C200","width":350,"height":200,"srcset":"https:\/\/i0.wp.com\/www.shqiperia.com\/blog\/wp-content\/uploads\/2022\/03\/studentet-proteste.jpg?fit=1200%2C562&ssl=1&resize=350%2C200 1x, https:\/\/i0.wp.com\/www.shqiperia.com\/blog\/wp-content\/uploads\/2022\/03\/studentet-proteste.jpg?fit=1200%2C562&ssl=1&resize=525%2C300 1.5x, https:\/\/i0.wp.com\/www.shqiperia.com\/blog\/wp-content\/uploads\/2022\/03\/studentet-proteste.jpg?fit=1200%2C562&ssl=1&resize=700%2C400 2x, https:\/\/i0.wp.com\/www.shqiperia.com\/blog\/wp-content\/uploads\/2022\/03\/studentet-proteste.jpg?fit=1200%2C562&ssl=1&resize=1050%2C600 3x"},"classes":[]},{"id":16247,"url":"https:\/\/www.shqiperia.com\/blog\/batutat-studentet-e-ngujuar-publikojne-telefonaten-me-ramen-ca-tha-ai-veshgjati\/","url_meta":{"origin":14631,"position":2},"title":"Batutat\/ Student\u00ebt e ngujuar publikojn\u00eb telefonat\u00ebn me Ram\u00ebn: \u00c7a tha ai veshgjati?-","author":"Kurt Farka","date":"January 17, 2019","format":false,"excerpt":"Batutat\/ Student\u00ebt e ngujuar publikojn\u00eb telefonat\u00ebn me Ram\u00ebn: \u00c7a tha ai veshgjati?- 17 janar 2019 \u00a0 Nj\u00eb grup student\u00ebsh ka telefonuar kryeministrin e vendit, Edi Rama dhe e ka regjistruar bised\u00ebn. Dritare.net ka siguruar p\u00ebr ju videon ku student\u00ebt komunikojn\u00eb me Ram\u00ebn. \u00a0 Pjes\u00eb nga biseda e Ram\u00ebs me student\u00ebt\u2026","rel":"","context":"In &quot;Blogu i Udh\u00ebtarit&quot;","block_context":{"text":"Blogu i Udh\u00ebtarit","link":"https:\/\/www.shqiperia.com\/blog\/category\/blogu-i-udhetarit\/"},"img":{"alt_text":"","src":"https:\/\/i0.wp.com\/www.shqiperia.com\/blog\/wp-content\/uploads\/2019\/01\/protesta-studentet-bllokimi2-433x300.jpg?fit=433%2C300&ssl=1&resize=350%2C200","width":350,"height":200},"classes":[]},{"id":14560,"url":"https:\/\/www.shqiperia.com\/blog\/dhoma-e-fasonisteve-te-shqiperise-u-del-ne-krah-studenteve-ju-mbeshtesim-pa-me-te-voglen-medyshje\/","url_meta":{"origin":14631,"position":3},"title":"Dhoma e Fasonist\u00ebve t\u00eb Shqip\u00ebris\u00eb u del n\u00eb krah student\u00ebve: Ju mb\u00ebshtesim pa m\u00eb t\u00eb vogl\u00ebn m\u00ebdyshje. &#8211;","author":"Kurt Farka","date":"December 10, 2018","format":false,"excerpt":"Dhoma e Fasonist\u00ebve t\u00eb Shqip\u00ebris\u00eb u del n\u00eb krah student\u00ebve: Ju mb\u00ebshtesim pa m\u00eb t\u00eb vogl\u00ebn m\u00ebdyshje. - Student\u00ebt vijojn\u00eb t\u00eb protestojn\u00eb prej 6 dit\u00ebsh para Ministris\u00eb s\u00eb Arsimit n\u00eb Tiran\u00eb, ku k\u00ebrkojn\u00eb ulje tarifash studimore, kushte m\u00eb t\u00eb mira n\u00eb konvikte etj. Protest\u00ebs s\u00eb tyre u ka dal\u00eb mbr\u00ebmjen\u2026","rel":"","context":"In &quot;Blogu i Udh\u00ebtarit&quot;","block_context":{"text":"Blogu i Udh\u00ebtarit","link":"https:\/\/www.shqiperia.com\/blog\/category\/blogu-i-udhetarit\/"},"img":{"alt_text":"","src":"https:\/\/i0.wp.com\/www.shqiperia.com\/blog\/wp-content\/uploads\/2018\/12\/studentet-protesta-19-1000x600-compressor-e1544169054635-770x433-1.jpg?fit=770%2C433&ssl=1&resize=350%2C200","width":350,"height":200,"srcset":"https:\/\/i0.wp.com\/www.shqiperia.com\/blog\/wp-content\/uploads\/2018\/12\/studentet-protesta-19-1000x600-compressor-e1544169054635-770x433-1.jpg?fit=770%2C433&ssl=1&resize=350%2C200 1x, https:\/\/i0.wp.com\/www.shqiperia.com\/blog\/wp-content\/uploads\/2018\/12\/studentet-protesta-19-1000x600-compressor-e1544169054635-770x433-1.jpg?fit=770%2C433&ssl=1&resize=525%2C300 1.5x, https:\/\/i0.wp.com\/www.shqiperia.com\/blog\/wp-content\/uploads\/2018\/12\/studentet-protesta-19-1000x600-compressor-e1544169054635-770x433-1.jpg?fit=770%2C433&ssl=1&resize=700%2C400 2x"},"classes":[]},{"id":93864,"url":"https:\/\/www.shqiperia.com\/blog\/album-foto-mynih-per-here-te-pare-ne-oktoberfest-shfaqen-veshjet-tradicionale-shqiptare\/","url_meta":{"origin":14631,"position":4},"title":"Album FOTO: Mynih &#8211; P\u00ebr her\u00eb t\u00eb par\u00eb n\u00eb \u2018Oktoberfest\u2019, shfaqen veshjet tradicionale shqiptare","author":"Kurt Farka","date":"September 21, 2025","format":false,"excerpt":"22 Shtator 2025 Shqiptar\u00ebt q\u00eb jetojn\u00eb n\u00eb Mynih t\u00eb Gjermanis\u00eb kan\u00eb p\u00ebrjetuar nj\u00eb ngjarje historike, ku p\u00ebr her\u00eb t\u00eb par\u00eb n\u00eb parakalimin e Oktoberfest, nj\u00eb nga festivalet m\u00eb t\u00eb njohura dhe m\u00eb t\u00eb m\u00ebdha t\u00eb vitit n\u00eb Gjermani, u shfaq\u00ebn veshjet tradicionale shqiptare. Deutsche Welle raporton se p\u00ebrfaq\u00ebsues t\u00eb komunitetit\u2026","rel":"","context":"In &quot;Arte&quot;","block_context":{"text":"Arte","link":"https:\/\/www.shqiperia.com\/blog\/category\/arte\/"},"img":{"alt_text":"","src":"https:\/\/i0.wp.com\/www.shqiperia.com\/blog\/wp-content\/uploads\/2025\/09\/01-Parade-Madheshtore-e-Veshjeve-Kombetre-nga-te-gjidha-trevat-e-Etnise-tone.-Mynih-Gjermani.jpg?fit=1068%2C601&ssl=1&resize=350%2C200","width":350,"height":200,"srcset":"https:\/\/i0.wp.com\/www.shqiperia.com\/blog\/wp-content\/uploads\/2025\/09\/01-Parade-Madheshtore-e-Veshjeve-Kombetre-nga-te-gjidha-trevat-e-Etnise-tone.-Mynih-Gjermani.jpg?fit=1068%2C601&ssl=1&resize=350%2C200 1x, https:\/\/i0.wp.com\/www.shqiperia.com\/blog\/wp-content\/uploads\/2025\/09\/01-Parade-Madheshtore-e-Veshjeve-Kombetre-nga-te-gjidha-trevat-e-Etnise-tone.-Mynih-Gjermani.jpg?fit=1068%2C601&ssl=1&resize=525%2C300 1.5x, https:\/\/i0.wp.com\/www.shqiperia.com\/blog\/wp-content\/uploads\/2025\/09\/01-Parade-Madheshtore-e-Veshjeve-Kombetre-nga-te-gjidha-trevat-e-Etnise-tone.-Mynih-Gjermani.jpg?fit=1068%2C601&ssl=1&resize=700%2C400 2x, https:\/\/i0.wp.com\/www.shqiperia.com\/blog\/wp-content\/uploads\/2025\/09\/01-Parade-Madheshtore-e-Veshjeve-Kombetre-nga-te-gjidha-trevat-e-Etnise-tone.-Mynih-Gjermani.jpg?fit=1068%2C601&ssl=1&resize=1050%2C600 3x"},"classes":[]},{"id":15347,"url":"https:\/\/www.shqiperia.com\/blog\/genc-sejko-rames-lejove-ekstremistet-greke-dhe-doje-te-na-ndaloje-ne\/","url_meta":{"origin":14631,"position":5},"title":"Genc Sejko, Ram\u00ebs: Lejove ekstremist\u00ebt grek\u00eb dhe doje t\u00eb na ndaloje ne! &#8211;","author":"Kurt Farka","date":"December 28, 2018","format":false,"excerpt":"Genc Sejko, Ram\u00ebs: Lejove ekstremist\u00ebt grek\u00eb dhe doje t\u00eb na ndaloje ne! - 28 Dhjetor, 2018 Ka filluar protesta e paralajm\u00ebruar e Diaspor\u00ebs, ndon\u00ebse Policia e Shteti nuk u dha atyre leje. N\u00eb hapje t\u00eb protest\u00ebs, organizatori Genc Sejko, i njohur ndryshe si \u201cNjeriu Meme\u201d, u shpreh se pushteti u\u2026","rel":"","context":"In &quot;Blogu i Udh\u00ebtarit&quot;","block_context":{"text":"Blogu i Udh\u00ebtarit","link":"https:\/\/www.shqiperia.com\/blog\/category\/blogu-i-udhetarit\/"},"img":{"alt_text":"","src":"https:\/\/i0.wp.com\/www.shqiperia.com\/blog\/wp-content\/uploads\/2018\/12\/sejko-1.jpg?fit=900%2C467&ssl=1&resize=350%2C200","width":350,"height":200,"srcset":"https:\/\/i0.wp.com\/www.shqiperia.com\/blog\/wp-content\/uploads\/2018\/12\/sejko-1.jpg?fit=900%2C467&ssl=1&resize=350%2C200 1x, https:\/\/i0.wp.com\/www.shqiperia.com\/blog\/wp-content\/uploads\/2018\/12\/sejko-1.jpg?fit=900%2C467&ssl=1&resize=525%2C300 1.5x, https:\/\/i0.wp.com\/www.shqiperia.com\/blog\/wp-content\/uploads\/2018\/12\/sejko-1.jpg?fit=900%2C467&ssl=1&resize=700%2C400 2x"},"classes":[]}],"_links":{"self":[{"href":"https:\/\/www.shqiperia.com\/blog\/wp-json\/wp\/v2\/posts\/14631","targetHints":{"allow":["GET"]}}],"collection":[{"href":"https:\/\/www.shqiperia.com\/blog\/wp-json\/wp\/v2\/posts"}],"about":[{"href":"https:\/\/www.shqiperia.com\/blog\/wp-json\/wp\/v2\/types\/post"}],"author":[{"embeddable":true,"href":"https:\/\/www.shqiperia.com\/blog\/wp-json\/wp\/v2\/users\/9"}],"replies":[{"embeddable":true,"href":"https:\/\/www.shqiperia.com\/blog\/wp-json\/wp\/v2\/comments?post=14631"}],"version-history":[{"count":1,"href":"https:\/\/www.shqiperia.com\/blog\/wp-json\/wp\/v2\/posts\/14631\/revisions"}],"predecessor-version":[{"id":14634,"href":"https:\/\/www.shqiperia.com\/blog\/wp-json\/wp\/v2\/posts\/14631\/revisions\/14634"}],"wp:featuredmedia":[{"embeddable":true,"href":"https:\/\/www.shqiperia.com\/blog\/wp-json\/wp\/v2\/media\/14632"}],"wp:attachment":[{"href":"https:\/\/www.shqiperia.com\/blog\/wp-json\/wp\/v2\/media?parent=14631"}],"wp:term":[{"taxonomy":"category","embeddable":true,"href":"https:\/\/www.shqiperia.com\/blog\/wp-json\/wp\/v2\/categories?post=14631"},{"taxonomy":"post_tag","embeddable":true,"href":"https:\/\/www.shqiperia.com\/blog\/wp-json\/wp\/v2\/tags?post=14631"}],"curies":[{"name":"wp","href":"https:\/\/api.w.org\/{rel}","templated":true}]}}