{"id":14626,"date":"2018-12-11T13:42:45","date_gmt":"2018-12-11T13:42:45","guid":{"rendered":"http:\/\/www.shqiperia.com\/blog\/?p=14626"},"modified":"2018-12-11T13:43:08","modified_gmt":"2018-12-11T13:43:08","slug":"14626-2","status":"publish","type":"post","link":"https:\/\/www.shqiperia.com\/blog\/14626-2\/","title":{"rendered":"Mediat bot\u00ebrore zbarkojn\u00eb n\u00eb Tiran\u00eb. &#8211; Protesta e student\u00ebve i kalon kufijt\u00eb. &#8211;"},"content":{"rendered":"<p><img data-recalc-dims=\"1\" loading=\"lazy\" decoding=\"async\" data-attachment-id=\"14627\" data-permalink=\"https:\/\/www.shqiperia.com\/blog\/14626-2\/index-109\/\" data-orig-file=\"https:\/\/i0.wp.com\/www.shqiperia.com\/blog\/wp-content\/uploads\/2018\/12\/index-19.jpg?fit=301%2C167&amp;ssl=1\" data-orig-size=\"301,167\" data-comments-opened=\"1\" data-image-meta=\"{&quot;aperture&quot;:&quot;0&quot;,&quot;credit&quot;:&quot;&quot;,&quot;camera&quot;:&quot;&quot;,&quot;caption&quot;:&quot;&quot;,&quot;created_timestamp&quot;:&quot;0&quot;,&quot;copyright&quot;:&quot;&quot;,&quot;focal_length&quot;:&quot;0&quot;,&quot;iso&quot;:&quot;0&quot;,&quot;shutter_speed&quot;:&quot;0&quot;,&quot;title&quot;:&quot;&quot;,&quot;orientation&quot;:&quot;0&quot;}\" data-image-title=\"index\" data-image-description=\"\" data-image-caption=\"\" data-medium-file=\"https:\/\/i0.wp.com\/www.shqiperia.com\/blog\/wp-content\/uploads\/2018\/12\/index-19.jpg?fit=300%2C166&amp;ssl=1\" data-large-file=\"https:\/\/i0.wp.com\/www.shqiperia.com\/blog\/wp-content\/uploads\/2018\/12\/index-19.jpg?fit=301%2C167&amp;ssl=1\" class=\"alignnone wp-image-14627\" alt=\"\" src=\"https:\/\/i0.wp.com\/www.shqiperia.com\/blog\/wp-content\/uploads\/2018\/12\/index-19-300x166.jpg?resize=577%2C319\" width=\"577\" height=\"319\" srcset=\"https:\/\/i0.wp.com\/www.shqiperia.com\/blog\/wp-content\/uploads\/2018\/12\/index-19.jpg?resize=300%2C166&amp;ssl=1 300w, https:\/\/i0.wp.com\/www.shqiperia.com\/blog\/wp-content\/uploads\/2018\/12\/index-19.jpg?w=301&amp;ssl=1 301w\" sizes=\"auto, (max-width: 577px) 100vw, 577px\" \/><\/p>\n<p><strong>\u00a0Mediat bot\u00ebrore zbarkojn\u00eb n\u00eb Tiran\u00eb. &#8211; Protesta e student\u00ebve i kalon kufijt\u00eb. &#8211;<br \/>\n<\/strong><\/p>\n<p>Protesta madh\u00ebshtore e student\u00ebve shqiptar\u00eb ka t\u00ebrhequr v\u00ebmendjen e mediave m\u00eb t\u00eb m\u00ebdha bot\u00ebrore. P\u00ebrve\u00e7 shkrimeve t\u00eb botuara n\u00eb to, mediat kan\u00eb vendosur t\u00eb sjellin ekipet e tyre n\u00eb Tiran\u00eb p\u00ebr t\u00eb ndjekur protest\u00ebs.<\/p>\n<p>K\u00ebshtu agjencia Reuters, Associated Press dhe mediat e tjera kan\u00eb sjell\u00eb gazetar\u00ebt e tyre n\u00eb kryeqytetin shqiptar. Sipas burimeve n\u00eb Tiran\u00eb ndodhen edhe perfaq\u00ebsues nga agjencia ANSA edhe gazetat amerikane si New York Times dhe Washington Post.<\/p>\n<p><img data-recalc-dims=\"1\" loading=\"lazy\" decoding=\"async\" data-attachment-id=\"14627\" data-permalink=\"https:\/\/www.shqiperia.com\/blog\/14626-2\/index-109\/\" data-orig-file=\"https:\/\/i0.wp.com\/www.shqiperia.com\/blog\/wp-content\/uploads\/2018\/12\/index-19.jpg?fit=301%2C167&amp;ssl=1\" data-orig-size=\"301,167\" data-comments-opened=\"1\" data-image-meta=\"{&quot;aperture&quot;:&quot;0&quot;,&quot;credit&quot;:&quot;&quot;,&quot;camera&quot;:&quot;&quot;,&quot;caption&quot;:&quot;&quot;,&quot;created_timestamp&quot;:&quot;0&quot;,&quot;copyright&quot;:&quot;&quot;,&quot;focal_length&quot;:&quot;0&quot;,&quot;iso&quot;:&quot;0&quot;,&quot;shutter_speed&quot;:&quot;0&quot;,&quot;title&quot;:&quot;&quot;,&quot;orientation&quot;:&quot;0&quot;}\" data-image-title=\"index\" data-image-description=\"\" data-image-caption=\"\" data-medium-file=\"https:\/\/i0.wp.com\/www.shqiperia.com\/blog\/wp-content\/uploads\/2018\/12\/index-19.jpg?fit=300%2C166&amp;ssl=1\" data-large-file=\"https:\/\/i0.wp.com\/www.shqiperia.com\/blog\/wp-content\/uploads\/2018\/12\/index-19.jpg?fit=301%2C167&amp;ssl=1\" class=\"alignnone wp-image-14627\" alt=\"\" src=\"https:\/\/i0.wp.com\/www.shqiperia.com\/blog\/wp-content\/uploads\/2018\/12\/index-19-300x166.jpg?resize=810%2C448\" width=\"810\" height=\"448\" srcset=\"https:\/\/i0.wp.com\/www.shqiperia.com\/blog\/wp-content\/uploads\/2018\/12\/index-19.jpg?resize=300%2C166&amp;ssl=1 300w, https:\/\/i0.wp.com\/www.shqiperia.com\/blog\/wp-content\/uploads\/2018\/12\/index-19.jpg?w=301&amp;ssl=1 301w\" sizes=\"auto, (max-width: 810px) 100vw, 810px\" \/><\/p>\n","protected":false},"excerpt":{"rendered":"<p>\u00a0Mediat bot\u00ebrore zbarkojn\u00eb n\u00eb Tiran\u00eb. &#8211; Protesta e student\u00ebve i kalon kufijt\u00eb. &#8211; Protesta madh\u00ebshtore e student\u00ebve shqiptar\u00eb ka t\u00ebrhequr v\u00ebmendjen e mediave m\u00eb t\u00eb m\u00ebdha bot\u00ebrore. P\u00ebrve\u00e7 shkrimeve t\u00eb botuara n\u00eb to, mediat kan\u00eb vendosur t\u00eb sjellin ekipet e tyre n\u00eb Tiran\u00eb p\u00ebr t\u00eb ndjekur protest\u00ebs. K\u00ebshtu agjencia Reuters, Associated Press dhe mediat e [&hellip;]<\/p>\n","protected":false},"author":9,"featured_media":14627,"comment_status":"open","ping_status":"open","sticky":false,"template":"","format":"standard","meta":{"jetpack_post_was_ever_published":false,"_jetpack_newsletter_access":"","_jetpack_dont_email_post_to_subs":false,"_jetpack_newsletter_tier_id":0,"_jetpack_memberships_contains_paywalled_content":false,"_jetpack_memberships_contains_paid_content":false,"footnotes":"","jetpack_publicize_message":"","jetpack_publicize_feature_enabled":true,"jetpack_social_post_already_shared":true,"jetpack_social_options":{"image_generator_settings":{"template":"highway","default_image_id":0,"font":"","enabled":false},"version":2}},"categories":[27,2,35],"tags":[],"class_list":["post-14626","post","type-post","status-publish","format-standard","has-post-thumbnail","hentry","category-blogu-i-udhetarit","category-politika","category-shoqerore"],"jetpack_publicize_connections":[],"jetpack_featured_media_url":"https:\/\/i0.wp.com\/www.shqiperia.com\/blog\/wp-content\/uploads\/2018\/12\/index-19.jpg?fit=301%2C167&ssl=1","jetpack_sharing_enabled":true,"jetpack_shortlink":"https:\/\/wp.me\/p5Z6wp-3NU","jetpack-related-posts":[{"id":14617,"url":"https:\/\/www.shqiperia.com\/blog\/brilante-thenia-e-atij-skeni-pare-gje-akoma\/","url_meta":{"origin":14626,"position":0},"title":"Brilante thenia: e ATIJ: &#8211; &#8220;S&#8217;KENI PARE GJE AKOMA&#8221;. &#8211;","author":"Kurt Farka","date":"December 11, 2018","format":false,"excerpt":"Brilante thenia: e ATIJ: - \"SKENI PARE GJE AKOMA\". - - Mediat boterore zbarkojne ne Tirane. - Pas dite jane paralajmeruar Protesta popullore per ceshtje ekonomike ne Kavaje, Korce, Lac, Vadejs, Shkoder, Lezhe etj.","rel":"","context":"In &quot;Blogu i Udh\u00ebtarit&quot;","block_context":{"text":"Blogu i Udh\u00ebtarit","link":"https:\/\/www.shqiperia.com\/blog\/category\/blogu-i-udhetarit\/"},"img":{"alt_text":"","src":"https:\/\/i0.wp.com\/www.shqiperia.com\/blog\/wp-content\/uploads\/2018\/12\/index-17.jpg?resize=350%2C200","width":350,"height":200},"classes":[]},{"id":16422,"url":"https:\/\/www.shqiperia.com\/blog\/studentet-thirrje-pedagogeve-te-bashkohen-me-ne-ne-proteste\/","url_meta":{"origin":14626,"position":1},"title":"Student\u00ebt thirrje pedagog\u00ebve: T\u00eb bashkohen me ne n\u00eb protest\u00eb. &#8211;","author":"Kurt Farka","date":"January 20, 2019","format":false,"excerpt":"Student\u00ebt thirrje pedagog\u00ebve: T\u00eb bashkohen me ne n\u00eb protest\u00eb. - 19 Janar, 2019 Pavar\u00ebsisht Draft-Paktit t\u00eb prezantuar nj\u00eb dit\u00eb m\u00eb par\u00eb nga Ministria e Arsimit, Rinis\u00eb dhe Sporteve, student\u00ebt shprehen t\u00eb vendosur n\u00eb protest\u00ebn e tyre dhe t\u00eb bindur p\u00ebr bojkotimin e m\u00ebsimit. P\u00ebrmes nj\u00eb deklarat\u00eb p\u00ebr mediat, p\u00ebrfaq\u00ebsues nga\u2026","rel":"","context":"In &quot;Blogu i Udh\u00ebtarit&quot;","block_context":{"text":"Blogu i Udh\u00ebtarit","link":"https:\/\/www.shqiperia.com\/blog\/category\/blogu-i-udhetarit\/"},"img":{"alt_text":"","src":"https:\/\/i0.wp.com\/www.shqiperia.com\/blog\/wp-content\/uploads\/2019\/01\/studenti-edi-rama-754x450.jpg?fit=754%2C407&ssl=1&resize=350%2C200","width":350,"height":200,"srcset":"https:\/\/i0.wp.com\/www.shqiperia.com\/blog\/wp-content\/uploads\/2019\/01\/studenti-edi-rama-754x450.jpg?fit=754%2C407&ssl=1&resize=350%2C200 1x, https:\/\/i0.wp.com\/www.shqiperia.com\/blog\/wp-content\/uploads\/2019\/01\/studenti-edi-rama-754x450.jpg?fit=754%2C407&ssl=1&resize=525%2C300 1.5x, https:\/\/i0.wp.com\/www.shqiperia.com\/blog\/wp-content\/uploads\/2019\/01\/studenti-edi-rama-754x450.jpg?fit=754%2C407&ssl=1&resize=700%2C400 2x"},"classes":[]},{"id":14362,"url":"https:\/\/www.shqiperia.com\/blog\/ja-cfare-paralajmerojne-studentet-per-diten-e-neserme-ministrja-nikolla-rrezoi-kerkesen-e-tyre-2\/","url_meta":{"origin":14626,"position":2},"title":"Ja \u00e7far\u00eb paralajm\u00ebrojn\u00eb student\u00ebt p\u00ebr dit\u00ebn e nes\u00ebrme. -Protest\u00ebs n\u00eb Tiran\u00eb i bashkohen edhe student\u00ebt e Elbasanit.","author":"Kurt Farka","date":"December 5, 2018","format":false,"excerpt":"Ja \u00e7far\u00eb paralajm\u00ebrojn\u00eb student\u00ebt p\u00ebr dit\u00ebn e nes\u00ebrme. -Protest\u00ebs n\u00eb Tiran\u00eb i bashkohen edhe student\u00ebt e Elbasanit. 05\/12\/2018 Ministrja e Arsimit Lindita Nikolla rr\u00ebzoi k\u00ebrkesat e student\u00ebve p\u00ebr uljen e tarif\u00ebs s\u00eb studimit. Menj\u00ebher\u00eb pas k\u00ebsaj student\u00ebt kan\u00eb b daj qwndrimit t\u00eb ministres, duke paralajm\u00ebruar s\u00ebrish protest\u00eb dit\u00ebn e nes\u00ebrme.\u2026","rel":"","context":"In &quot;Blogu i Udh\u00ebtarit&quot;","block_context":{"text":"Blogu i Udh\u00ebtarit","link":"https:\/\/www.shqiperia.com\/blog\/category\/blogu-i-udhetarit\/"},"img":{"alt_text":"","src":"https:\/\/i0.wp.com\/www.shqiperia.com\/blog\/wp-content\/uploads\/2018\/12\/085f7cec-29a5-41d7-a052-964dafb62708-1068x570_2-2-300x169.jpg?resize=350%2C200","width":350,"height":200},"classes":[]},{"id":14922,"url":"https:\/\/www.shqiperia.com\/blog\/protesta-e-studenteve-reagon-ambasadori-i-osbe-se-borchardt\/","url_meta":{"origin":14626,"position":3},"title":"Protesta e student\u00ebve, reagon ambasadori i OSBE-s\u00eb, Borchardt. &#8211;","author":"Kurt Farka","date":"December 18, 2018","format":false,"excerpt":"Protesta e student\u00ebve, reagon ambasadori i OSBE-s\u00eb, Borchardt. - 18 dhjetor 2018 Nga: SENAD NIKSHIQI\/ Kreu i prezences se OSBE-s\u00eb ne vendin tone, ambasadori Borchardt ka theksuar sot se eshte ne mbeshtetje te protestes se studenteve, per sa kohe qe ajo eshte paqesore. Deklaraten Ambasadori Borchardt e ka bere sot\u2026","rel":"","context":"In &quot;Blogu i Udh\u00ebtarit&quot;","block_context":{"text":"Blogu i Udh\u00ebtarit","link":"https:\/\/www.shqiperia.com\/blog\/category\/blogu-i-udhetarit\/"},"img":{"alt_text":"","src":"https:\/\/i0.wp.com\/www.shqiperia.com\/blog\/wp-content\/uploads\/2018\/12\/bern_borchard1477647941.jpg?fit=900%2C505&ssl=1&resize=350%2C200","width":350,"height":200,"srcset":"https:\/\/i0.wp.com\/www.shqiperia.com\/blog\/wp-content\/uploads\/2018\/12\/bern_borchard1477647941.jpg?fit=900%2C505&ssl=1&resize=350%2C200 1x, https:\/\/i0.wp.com\/www.shqiperia.com\/blog\/wp-content\/uploads\/2018\/12\/bern_borchard1477647941.jpg?fit=900%2C505&ssl=1&resize=525%2C300 1.5x, https:\/\/i0.wp.com\/www.shqiperia.com\/blog\/wp-content\/uploads\/2018\/12\/bern_borchard1477647941.jpg?fit=900%2C505&ssl=1&resize=700%2C400 2x"},"classes":[]},{"id":14895,"url":"https:\/\/www.shqiperia.com\/blog\/deutsche-welle-ja-cili-eshte-shqetesimi-kryesor-i-studenteve-qe-protestojne\/","url_meta":{"origin":14626,"position":4},"title":"Deutsche Welle: Ja cili \u00ebsht\u00eb shqet\u00ebsimi kryesor i student\u00ebve q\u00eb protestojn\u00eb. &#8211;","author":"Kurt Farka","date":"December 17, 2018","format":false,"excerpt":"Deutsche Welle: Ja cili \u00ebsht\u00eb shqet\u00ebsimi kryesor i student\u00ebve q\u00eb protestojn\u00eb. - 17 dhjetor 2018. gaz. Panorama. Mij\u00ebra student\u00eb kan\u00eb protestuar t\u00eb h\u00ebn\u00ebn (17.12) para kryeministris\u00eb n\u00eb Tiran\u00eb p\u00ebr 8 k\u00ebrkesat e parashtruara p\u00ebr ndryshime n\u00eb arsimin e lart\u00eb shqiptar. Madje ka pasur edhe tensione, kur student\u00ebt kan\u00eb tentuar t\u00eb\u2026","rel":"","context":"In &quot;Blogu i Udh\u00ebtarit&quot;","block_context":{"text":"Blogu i Udh\u00ebtarit","link":"https:\/\/www.shqiperia.com\/blog\/category\/blogu-i-udhetarit\/"},"img":{"alt_text":"","src":"https:\/\/i0.wp.com\/www.shqiperia.com\/blog\/wp-content\/uploads\/2018\/12\/Deutsche-Welle-Protesta-e-Studenteve..jpg?fit=700%2C394&ssl=1&resize=350%2C200","width":350,"height":200,"srcset":"https:\/\/i0.wp.com\/www.shqiperia.com\/blog\/wp-content\/uploads\/2018\/12\/Deutsche-Welle-Protesta-e-Studenteve..jpg?fit=700%2C394&ssl=1&resize=350%2C200 1x, https:\/\/i0.wp.com\/www.shqiperia.com\/blog\/wp-content\/uploads\/2018\/12\/Deutsche-Welle-Protesta-e-Studenteve..jpg?fit=700%2C394&ssl=1&resize=525%2C300 1.5x, https:\/\/i0.wp.com\/www.shqiperia.com\/blog\/wp-content\/uploads\/2018\/12\/Deutsche-Welle-Protesta-e-Studenteve..jpg?fit=700%2C394&ssl=1&resize=700%2C400 2x"},"classes":[]},{"id":14851,"url":"https:\/\/www.shqiperia.com\/blog\/protesta-e-studenteve-para-kryeministrise-ne-diten-e-12-te-bashkohen-edhe-qytetare\/","url_meta":{"origin":14626,"position":5},"title":"Protesta e student\u00ebve para kryeministris\u00eb n\u00eb dit\u00ebn e 12-t\u00eb, bashkohen edhe qytetar\u00eb. &#8211;","author":"Kurt Farka","date":"December 16, 2018","format":false,"excerpt":"Protesta e student\u00ebve para kryeministris\u00eb n\u00eb dit\u00ebn e 12-t\u00eb, bashkohen edhe qytetar\u00eb. - 16\/12\/2018. Protesta e student\u00ebve vijon dhe \u00ebsht\u00eb futur sot n\u00eb dit\u00ebn e 12 t\u00eb saj, por sot para kryeministris\u00eb numri i pjes\u00ebmarr\u00ebsve ishte m\u00eb i ul\u00ebt se zakonisht. Nj\u00eb pjes\u00eb e mir\u00eb jan\u00eb larguar n\u00eb vendlindjet e\u2026","rel":"","context":"In &quot;Blogu i Udh\u00ebtarit&quot;","block_context":{"text":"Blogu i Udh\u00ebtarit","link":"https:\/\/www.shqiperia.com\/blog\/category\/blogu-i-udhetarit\/"},"img":{"alt_text":"","src":"https:\/\/i0.wp.com\/www.shqiperia.com\/blog\/wp-content\/uploads\/2018\/12\/studentet-4-1-e1544963448203.jpg?fit=859%2C432&ssl=1&resize=350%2C200","width":350,"height":200,"srcset":"https:\/\/i0.wp.com\/www.shqiperia.com\/blog\/wp-content\/uploads\/2018\/12\/studentet-4-1-e1544963448203.jpg?fit=859%2C432&ssl=1&resize=350%2C200 1x, https:\/\/i0.wp.com\/www.shqiperia.com\/blog\/wp-content\/uploads\/2018\/12\/studentet-4-1-e1544963448203.jpg?fit=859%2C432&ssl=1&resize=525%2C300 1.5x, https:\/\/i0.wp.com\/www.shqiperia.com\/blog\/wp-content\/uploads\/2018\/12\/studentet-4-1-e1544963448203.jpg?fit=859%2C432&ssl=1&resize=700%2C400 2x"},"classes":[]}],"_links":{"self":[{"href":"https:\/\/www.shqiperia.com\/blog\/wp-json\/wp\/v2\/posts\/14626","targetHints":{"allow":["GET"]}}],"collection":[{"href":"https:\/\/www.shqiperia.com\/blog\/wp-json\/wp\/v2\/posts"}],"about":[{"href":"https:\/\/www.shqiperia.com\/blog\/wp-json\/wp\/v2\/types\/post"}],"author":[{"embeddable":true,"href":"https:\/\/www.shqiperia.com\/blog\/wp-json\/wp\/v2\/users\/9"}],"replies":[{"embeddable":true,"href":"https:\/\/www.shqiperia.com\/blog\/wp-json\/wp\/v2\/comments?post=14626"}],"version-history":[{"count":2,"href":"https:\/\/www.shqiperia.com\/blog\/wp-json\/wp\/v2\/posts\/14626\/revisions"}],"predecessor-version":[{"id":14629,"href":"https:\/\/www.shqiperia.com\/blog\/wp-json\/wp\/v2\/posts\/14626\/revisions\/14629"}],"wp:featuredmedia":[{"embeddable":true,"href":"https:\/\/www.shqiperia.com\/blog\/wp-json\/wp\/v2\/media\/14627"}],"wp:attachment":[{"href":"https:\/\/www.shqiperia.com\/blog\/wp-json\/wp\/v2\/media?parent=14626"}],"wp:term":[{"taxonomy":"category","embeddable":true,"href":"https:\/\/www.shqiperia.com\/blog\/wp-json\/wp\/v2\/categories?post=14626"},{"taxonomy":"post_tag","embeddable":true,"href":"https:\/\/www.shqiperia.com\/blog\/wp-json\/wp\/v2\/tags?post=14626"}],"curies":[{"name":"wp","href":"https:\/\/api.w.org\/{rel}","templated":true}]}}