{"id":14617,"date":"2018-12-11T11:46:43","date_gmt":"2018-12-11T11:46:43","guid":{"rendered":"http:\/\/www.shqiperia.com\/blog\/?p=14617"},"modified":"2018-12-11T12:36:27","modified_gmt":"2018-12-11T12:36:27","slug":"brilante-thenia-e-atij-skeni-pare-gje-akoma","status":"publish","type":"post","link":"https:\/\/www.shqiperia.com\/blog\/brilante-thenia-e-atij-skeni-pare-gje-akoma\/","title":{"rendered":"Brilante thenia: e ATIJ: &#8211; &#8220;S&#8217;KENI PARE GJE AKOMA&#8221;. &#8211;"},"content":{"rendered":"<div id=\"attachment_14618\" style=\"width: 492px\" class=\"wp-caption alignnone\"><img data-recalc-dims=\"1\" loading=\"lazy\" decoding=\"async\" aria-describedby=\"caption-attachment-14618\" data-attachment-id=\"14618\" data-permalink=\"https:\/\/www.shqiperia.com\/blog\/brilante-thenia-e-atij-skeni-pare-gje-akoma\/index-107\/\" data-orig-file=\"https:\/\/i0.wp.com\/www.shqiperia.com\/blog\/wp-content\/uploads\/2018\/12\/index-17.jpg?fit=259%2C194&amp;ssl=1\" data-orig-size=\"259,194\" data-comments-opened=\"1\" data-image-meta=\"{&quot;aperture&quot;:&quot;0&quot;,&quot;credit&quot;:&quot;&quot;,&quot;camera&quot;:&quot;&quot;,&quot;caption&quot;:&quot;&quot;,&quot;created_timestamp&quot;:&quot;0&quot;,&quot;copyright&quot;:&quot;&quot;,&quot;focal_length&quot;:&quot;0&quot;,&quot;iso&quot;:&quot;0&quot;,&quot;shutter_speed&quot;:&quot;0&quot;,&quot;title&quot;:&quot;&quot;,&quot;orientation&quot;:&quot;0&quot;}\" data-image-title=\"index\" data-image-description=\"\" data-image-caption=\"&lt;p&gt;Protestat e mbremshme ne Shkoder.&lt;\/p&gt;\n\" data-medium-file=\"https:\/\/i0.wp.com\/www.shqiperia.com\/blog\/wp-content\/uploads\/2018\/12\/index-17.jpg?fit=259%2C194&amp;ssl=1\" data-large-file=\"https:\/\/i0.wp.com\/www.shqiperia.com\/blog\/wp-content\/uploads\/2018\/12\/index-17.jpg?fit=259%2C194&amp;ssl=1\" class=\" wp-image-14618\" alt=\"\" src=\"https:\/\/i0.wp.com\/www.shqiperia.com\/blog\/wp-content\/uploads\/2018\/12\/index-17.jpg?resize=482%2C361\" width=\"482\" height=\"361\" \/><p id=\"caption-attachment-14618\" class=\"wp-caption-text\">Protestat e mbremshme ne Shkoder.<\/p><\/div>\n<p>Brilante thenia: e ATIJ: &#8211; &#8220;SKENI PARE GJE AKOMA&#8221;. &#8211;<\/p>\n<p>&#8211; Mediat boterore zbarkojne ne Tirane.<\/p>\n<p>&#8211; Pas dite jane paralajmeruar Protesta popullore per ceshtje ekonomike ne Kavaje, Korce, Lac, Vadejs, Shkoder, Lezhe etj.<\/p>\n<p><img data-recalc-dims=\"1\" loading=\"lazy\" decoding=\"async\" data-attachment-id=\"14619\" data-permalink=\"https:\/\/www.shqiperia.com\/blog\/brilante-thenia-e-atij-skeni-pare-gje-akoma\/index-108\/\" data-orig-file=\"https:\/\/i0.wp.com\/www.shqiperia.com\/blog\/wp-content\/uploads\/2018\/12\/index-18.jpg?fit=259%2C194&amp;ssl=1\" data-orig-size=\"259,194\" data-comments-opened=\"1\" data-image-meta=\"{&quot;aperture&quot;:&quot;0&quot;,&quot;credit&quot;:&quot;&quot;,&quot;camera&quot;:&quot;&quot;,&quot;caption&quot;:&quot;&quot;,&quot;created_timestamp&quot;:&quot;0&quot;,&quot;copyright&quot;:&quot;&quot;,&quot;focal_length&quot;:&quot;0&quot;,&quot;iso&quot;:&quot;0&quot;,&quot;shutter_speed&quot;:&quot;0&quot;,&quot;title&quot;:&quot;&quot;,&quot;orientation&quot;:&quot;0&quot;}\" data-image-title=\"index\" data-image-description=\"\" data-image-caption=\"\" data-medium-file=\"https:\/\/i0.wp.com\/www.shqiperia.com\/blog\/wp-content\/uploads\/2018\/12\/index-18.jpg?fit=259%2C194&amp;ssl=1\" data-large-file=\"https:\/\/i0.wp.com\/www.shqiperia.com\/blog\/wp-content\/uploads\/2018\/12\/index-18.jpg?fit=259%2C194&amp;ssl=1\" class=\"alignnone wp-image-14619\" alt=\"\" src=\"https:\/\/i0.wp.com\/www.shqiperia.com\/blog\/wp-content\/uploads\/2018\/12\/index-18.jpg?resize=846%2C634\" width=\"846\" height=\"634\" \/><\/p>\n","protected":false},"excerpt":{"rendered":"<p>Brilante thenia: e ATIJ: &#8211; &#8220;SKENI PARE GJE AKOMA&#8221;. &#8211; &#8211; Mediat boterore zbarkojne ne Tirane. &#8211; Pas dite jane paralajmeruar Protesta popullore per ceshtje ekonomike ne Kavaje, Korce, Lac, Vadejs, Shkoder, Lezhe etj.<\/p>\n","protected":false},"author":9,"featured_media":14618,"comment_status":"open","ping_status":"open","sticky":false,"template":"","format":"standard","meta":{"jetpack_post_was_ever_published":false,"_jetpack_newsletter_access":"","_jetpack_dont_email_post_to_subs":false,"_jetpack_newsletter_tier_id":0,"_jetpack_memberships_contains_paywalled_content":false,"_jetpack_memberships_contains_paid_content":false,"footnotes":"","jetpack_publicize_message":"","jetpack_publicize_feature_enabled":true,"jetpack_social_post_already_shared":true,"jetpack_social_options":{"image_generator_settings":{"template":"highway","default_image_id":0,"font":"","enabled":false},"version":2}},"categories":[27,2,35],"tags":[],"class_list":["post-14617","post","type-post","status-publish","format-standard","has-post-thumbnail","hentry","category-blogu-i-udhetarit","category-politika","category-shoqerore"],"jetpack_publicize_connections":[],"jetpack_featured_media_url":"https:\/\/i0.wp.com\/www.shqiperia.com\/blog\/wp-content\/uploads\/2018\/12\/index-17.jpg?fit=259%2C194&ssl=1","jetpack_sharing_enabled":true,"jetpack_shortlink":"https:\/\/wp.me\/p5Z6wp-3NL","jetpack-related-posts":[{"id":31026,"url":"https:\/\/www.shqiperia.com\/blog\/rama-pd-ve-ne-dyshim-anti-kck-nuk-kane-pare-gje-akoma\/","url_meta":{"origin":14617,"position":0},"title":"Rama: PD v\u00eb n\u00eb dyshim anti-K\u00c7K? Nuk kan\u00eb par\u00eb gj\u00eb akoma","author":"Kurt Farka","date":"February 3, 2020","format":false,"excerpt":"Rama: PD v\u00eb n\u00eb dyshim anti-K\u00c7K? Nuk kan\u00eb par\u00eb gj\u00eb akoma 3 shkurt \u00a02020 Kryeministri Rama u \u00ebsht\u00eb p\u00ebrgjigjur n\u00eb Twitter pretendimeve t\u00eb Partis\u00eb Demokratike p\u00ebr paket\u00ebn \u201canti-K\u00c7K\u201d. Sipas tij, PD v\u00eb n\u00eb dyshim kushtetueshm\u00ebrin\u00eb e paket\u00ebs antiK\u00c7K, por q\u00eb nuk p\u00ebrb\u00ebn surpriz\u00eb. \u201cPD v\u00eb n\u00eb dyshim kushtetutshm\u00ebrin\u00eb e paket\u00ebs\u2026","rel":"","context":"In &quot;Blogu i Udh\u00ebtarit&quot;","block_context":{"text":"Blogu i Udh\u00ebtarit","link":"https:\/\/www.shqiperia.com\/blog\/category\/blogu-i-udhetarit\/"},"img":{"alt_text":"","src":"https:\/\/i0.wp.com\/www.shqiperia.com\/blog\/wp-content\/uploads\/2020\/02\/dd-14-905x450-1.jpg?fit=905%2C450&ssl=1&resize=350%2C200","width":350,"height":200,"srcset":"https:\/\/i0.wp.com\/www.shqiperia.com\/blog\/wp-content\/uploads\/2020\/02\/dd-14-905x450-1.jpg?fit=905%2C450&ssl=1&resize=350%2C200 1x, https:\/\/i0.wp.com\/www.shqiperia.com\/blog\/wp-content\/uploads\/2020\/02\/dd-14-905x450-1.jpg?fit=905%2C450&ssl=1&resize=525%2C300 1.5x, https:\/\/i0.wp.com\/www.shqiperia.com\/blog\/wp-content\/uploads\/2020\/02\/dd-14-905x450-1.jpg?fit=905%2C450&ssl=1&resize=700%2C400 2x"},"classes":[]},{"id":90582,"url":"https:\/\/www.shqiperia.com\/blog\/shqiperia-do-te-synoje-integrimin-ne-be-por-me-merite-berisha-rames-nuk-ke-pare-gje-akoma-eshte-vetem-fillimi\/","url_meta":{"origin":14617,"position":1},"title":"\u201cShqip\u00ebria do t\u00eb synoj\u00eb integrimin n\u00eb BE, por me merit\u00eb\u201d, Berisha-Ram\u00ebs: &#8211; Nuk ke par\u00eb gj\u00eb akoma, \u00ebsht\u00eb vet\u00ebm fillimi","author":"Kurt Farka","date":"March 19, 2025","format":false,"excerpt":"19 Mars 2025 Kreu i Partis\u00eb Demokratike, Sali Berisha, ka akuzuar kryeministrin Edi Rama si \u201cmashtruesin m\u00eb t\u00eb madh q\u00eb ka njohur politika shqiptare\u201d, duke e cil\u00ebsuar si njeriun q\u00eb ka manipuluar shqiptar\u00ebt p\u00ebr m\u00eb shum\u00eb se nj\u00eb dekad\u00eb. Gjat\u00eb fjal\u00ebs s\u00eb tij, Berisha kujtoi sesi Rama festoi hapjen e\u2026","rel":"","context":"In &quot;Blogu i Udh\u00ebtarit&quot;","block_context":{"text":"Blogu i Udh\u00ebtarit","link":"https:\/\/www.shqiperia.com\/blog\/category\/blogu-i-udhetarit\/"},"img":{"alt_text":"","src":"https:\/\/i0.wp.com\/www.shqiperia.com\/blog\/wp-content\/uploads\/2025\/03\/600-388-dffhszfhfszhsfzhfsdh-1740600350.jpg?fit=600%2C388&ssl=1&resize=350%2C200","width":350,"height":200,"srcset":"https:\/\/i0.wp.com\/www.shqiperia.com\/blog\/wp-content\/uploads\/2025\/03\/600-388-dffhszfhfszhsfzhfsdh-1740600350.jpg?fit=600%2C388&ssl=1&resize=350%2C200 1x, https:\/\/i0.wp.com\/www.shqiperia.com\/blog\/wp-content\/uploads\/2025\/03\/600-388-dffhszfhfszhsfzhfsdh-1740600350.jpg?fit=600%2C388&ssl=1&resize=525%2C300 1.5x"},"classes":[]},{"id":23362,"url":"https:\/\/www.shqiperia.com\/blog\/skeni-pare-gje-akoma-trondit-dylgjeri-ne-gare-per-postin-e-haradinajt-thuhet-se-jane-vene-baton-haxhija-dhe-gent-cakaj\/","url_meta":{"origin":14617,"position":2},"title":"Skeni par\u00eb gj\u00eb akoma? \u201cTrondit\u201d Dylgjeri: \u201cN\u00eb gar\u00eb p\u00ebr postin e Haradinajt thuhet se jan\u00eb v\u00ebn\u00eb Baton Haxhija dhe Gent Cakaj\u201d","author":"Kurt Farka","date":"July 21, 2019","format":false,"excerpt":"Skeni par\u00eb gj\u00eb akoma? \u201cTrondit\u201d Dylgjeri: \u201cN\u00eb gar\u00eb p\u00ebr postin e Haradinajt thuhet se jan\u00eb v\u00ebn\u00eb Baton Haxhija dhe Gent Cakaj\u201d 19 korrik 2019 Nga Ylli Dylgjeri Skeni pare gje akoma? Pas marifereve per te goditur News 24 dhe mbyllur njehersh edhe \u201cTe pa ekspozuarit\u201d, u ekspozua emeri i Drejtorit\u2026","rel":"","context":"In &quot;Blogu i Udh\u00ebtarit&quot;","block_context":{"text":"Blogu i Udh\u00ebtarit","link":"https:\/\/www.shqiperia.com\/blog\/category\/blogu-i-udhetarit\/"},"img":{"alt_text":"","src":"https:\/\/i0.wp.com\/www.shqiperia.com\/blog\/wp-content\/uploads\/2019\/07\/dylgjeri-1-750x430.jpg?fit=750%2C430&ssl=1&resize=350%2C200","width":350,"height":200,"srcset":"https:\/\/i0.wp.com\/www.shqiperia.com\/blog\/wp-content\/uploads\/2019\/07\/dylgjeri-1-750x430.jpg?fit=750%2C430&ssl=1&resize=350%2C200 1x, https:\/\/i0.wp.com\/www.shqiperia.com\/blog\/wp-content\/uploads\/2019\/07\/dylgjeri-1-750x430.jpg?fit=750%2C430&ssl=1&resize=525%2C300 1.5x, https:\/\/i0.wp.com\/www.shqiperia.com\/blog\/wp-content\/uploads\/2019\/07\/dylgjeri-1-750x430.jpg?fit=750%2C430&ssl=1&resize=700%2C400 2x"},"classes":[]},{"id":77635,"url":"https:\/\/www.shqiperia.com\/blog\/sjellim-robote-per-operacione-rama-mjekeve-nuk-keni-pare-gje-akoma\/","url_meta":{"origin":14617,"position":3},"title":"\u201cSjellim robot\u00eb p\u00ebr operacione\u201d, Rama-mjek\u00ebve: &#8211; Nuk keni par\u00eb gj\u00eb akoma\u2026","author":"Kurt Farka","date":"January 26, 2024","format":false,"excerpt":"26 Janar 2024 Kryeministri Edi Rama u shpreh se sh\u00ebrbimi sh\u00ebndet\u00ebsor tashm\u00eb \u00ebsht\u00eb n\u00eb nj\u00eb tjet\u00ebr nivel. Rama n\u00ebnvizoi se pagat e mjek\u00ebve dhe infermier\u00ebve do t\u00eb rriten. Kryeministri theksoi se Shqip\u00ebria e vitit 2030 do t\u00eb jen\u00eb nj\u00eb vend me nj\u00eb sh\u00ebrbim t\u00eb transformuar sh\u00ebndet\u00ebsor. \u201cTani po punojm\u00eb me\u2026","rel":"","context":"In &quot;Blogu i Udh\u00ebtarit&quot;","block_context":{"text":"Blogu i Udh\u00ebtarit","link":"https:\/\/www.shqiperia.com\/blog\/category\/blogu-i-udhetarit\/"},"img":{"alt_text":"","src":"https:\/\/i0.wp.com\/www.shqiperia.com\/blog\/wp-content\/uploads\/2024\/01\/640-0-1704814638xedi-ramapng-241.png?fit=640%2C377&ssl=1&resize=350%2C200","width":350,"height":200,"srcset":"https:\/\/i0.wp.com\/www.shqiperia.com\/blog\/wp-content\/uploads\/2024\/01\/640-0-1704814638xedi-ramapng-241.png?fit=640%2C377&ssl=1&resize=350%2C200 1x, https:\/\/i0.wp.com\/www.shqiperia.com\/blog\/wp-content\/uploads\/2024\/01\/640-0-1704814638xedi-ramapng-241.png?fit=640%2C377&ssl=1&resize=525%2C300 1.5x"},"classes":[]},{"id":59623,"url":"https:\/\/www.shqiperia.com\/blog\/skeni-pare-gje-akoma-alarmi-i-shoqates-se-infermiereve-ska-personel-po-telefonohen-punonjesit-qe-kane-dale-ne-pension\/","url_meta":{"origin":14617,"position":4},"title":"\u201cS&#8217;keni par\u00eb gj\u00eb akoma\u201d: &#8211; Alarmi i Shoqat\u00ebs s\u00eb infermier\u00ebve: S\u2019ka personel, po telefonohen punonj\u00ebsit q\u00eb kan\u00eb dal\u00eb n\u00eb pension","author":"Kurt Farka","date":"July 1, 2022","format":false,"excerpt":"1 KORRIK 2022 Shoqata e Infermier\u00ebve ka ngritur shqet\u00ebsimin e munges\u00ebs s\u00eb madhe t\u00eb bluzave t\u00eb bardha n\u00eb Shqip\u00ebri. Sipas saj, vendi po kalon n\u00eb kolaps p\u00ebr shkak t\u00eb munges\u00ebs s\u00eb mjek\u00ebve dhe infermier\u00ebve si n\u00eb spitalet shtet\u00ebrore edhe n\u00eb ato private. Shoqata b\u00ebn me dije se Ministria e Sh\u00ebndet\u00ebsis\u00eb\u2026","rel":"","context":"In &quot;Blogu i Udh\u00ebtarit&quot;","block_context":{"text":"Blogu i Udh\u00ebtarit","link":"https:\/\/www.shqiperia.com\/blog\/category\/blogu-i-udhetarit\/"},"img":{"alt_text":"","src":"https:\/\/i0.wp.com\/www.shqiperia.com\/blog\/wp-content\/uploads\/2022\/07\/mjekettt-2.jpg?fit=768%2C512&ssl=1&resize=350%2C200","width":350,"height":200,"srcset":"https:\/\/i0.wp.com\/www.shqiperia.com\/blog\/wp-content\/uploads\/2022\/07\/mjekettt-2.jpg?fit=768%2C512&ssl=1&resize=350%2C200 1x, https:\/\/i0.wp.com\/www.shqiperia.com\/blog\/wp-content\/uploads\/2022\/07\/mjekettt-2.jpg?fit=768%2C512&ssl=1&resize=525%2C300 1.5x, https:\/\/i0.wp.com\/www.shqiperia.com\/blog\/wp-content\/uploads\/2022\/07\/mjekettt-2.jpg?fit=768%2C512&ssl=1&resize=700%2C400 2x"},"classes":[]},{"id":16271,"url":"https:\/\/www.shqiperia.com\/blog\/viti-2018-qeshni-me-karikaturat-me-te-bukura-te-kapexhiut\/","url_meta":{"origin":14617,"position":5},"title":"Viti 2018: Qeshni me karikaturat m\u00eb t\u00eb bukura t\u00eb Kapexhiut .","author":"Kurt Farka","date":"January 18, 2019","format":false,"excerpt":"Viti 2018: Qeshni me karikaturat m\u00eb t\u00eb bukura t\u00eb Kapexhiut . Viti 2018 iku \u00a0dhe \u00ebsht\u00eb koha q\u00eb t\u00eb kujtojm\u00eb disa prej ngjarjeve m\u00eb t\u00eb r\u00ebnd\u00ebsishme q\u00eb lam\u00eb pas. Karikaturat jan\u00eb nj\u00eb m\u00ebnyr\u00eb e mir\u00eb p\u00ebr ta b\u00ebr\u00eb k\u00ebt\u00eb analiz\u00eb t\u00eb ngjarjeve t\u00eb r\u00ebnd\u00ebsishme duke qeshur. \u00a0 M\u00eb posht\u00eb do\u2026","rel":"","context":"In &quot;Arte&quot;","block_context":{"text":"Arte","link":"https:\/\/www.shqiperia.com\/blog\/category\/arte\/"},"img":{"alt_text":"","src":"https:\/\/i0.wp.com\/www.shqiperia.com\/blog\/wp-content\/uploads\/2019\/01\/1-Bujar-Kapexhiu-15.jpg?fit=831%2C478&ssl=1&resize=350%2C200","width":350,"height":200,"srcset":"https:\/\/i0.wp.com\/www.shqiperia.com\/blog\/wp-content\/uploads\/2019\/01\/1-Bujar-Kapexhiu-15.jpg?fit=831%2C478&ssl=1&resize=350%2C200 1x, https:\/\/i0.wp.com\/www.shqiperia.com\/blog\/wp-content\/uploads\/2019\/01\/1-Bujar-Kapexhiu-15.jpg?fit=831%2C478&ssl=1&resize=525%2C300 1.5x, https:\/\/i0.wp.com\/www.shqiperia.com\/blog\/wp-content\/uploads\/2019\/01\/1-Bujar-Kapexhiu-15.jpg?fit=831%2C478&ssl=1&resize=700%2C400 2x"},"classes":[]}],"_links":{"self":[{"href":"https:\/\/www.shqiperia.com\/blog\/wp-json\/wp\/v2\/posts\/14617","targetHints":{"allow":["GET"]}}],"collection":[{"href":"https:\/\/www.shqiperia.com\/blog\/wp-json\/wp\/v2\/posts"}],"about":[{"href":"https:\/\/www.shqiperia.com\/blog\/wp-json\/wp\/v2\/types\/post"}],"author":[{"embeddable":true,"href":"https:\/\/www.shqiperia.com\/blog\/wp-json\/wp\/v2\/users\/9"}],"replies":[{"embeddable":true,"href":"https:\/\/www.shqiperia.com\/blog\/wp-json\/wp\/v2\/comments?post=14617"}],"version-history":[{"count":5,"href":"https:\/\/www.shqiperia.com\/blog\/wp-json\/wp\/v2\/posts\/14617\/revisions"}],"predecessor-version":[{"id":14624,"href":"https:\/\/www.shqiperia.com\/blog\/wp-json\/wp\/v2\/posts\/14617\/revisions\/14624"}],"wp:featuredmedia":[{"embeddable":true,"href":"https:\/\/www.shqiperia.com\/blog\/wp-json\/wp\/v2\/media\/14618"}],"wp:attachment":[{"href":"https:\/\/www.shqiperia.com\/blog\/wp-json\/wp\/v2\/media?parent=14617"}],"wp:term":[{"taxonomy":"category","embeddable":true,"href":"https:\/\/www.shqiperia.com\/blog\/wp-json\/wp\/v2\/categories?post=14617"},{"taxonomy":"post_tag","embeddable":true,"href":"https:\/\/www.shqiperia.com\/blog\/wp-json\/wp\/v2\/tags?post=14617"}],"curies":[{"name":"wp","href":"https:\/\/api.w.org\/{rel}","templated":true}]}}