{"id":14611,"date":"2018-12-11T10:56:33","date_gmt":"2018-12-11T10:56:33","guid":{"rendered":"http:\/\/www.shqiperia.com\/blog\/?p=14611"},"modified":"2018-12-11T10:57:14","modified_gmt":"2018-12-11T10:57:14","slug":"14611-2","status":"publish","type":"post","link":"https:\/\/www.shqiperia.com\/blog\/14611-2\/","title":{"rendered":"Ju pres tek Dera &#8230;.."},"content":{"rendered":"<div class=\"_5pcp _5lel _2jyu _232_\" id=\"feed_subtitle_10156302357836523:5:0\"><img data-recalc-dims=\"1\" loading=\"lazy\" decoding=\"async\" data-attachment-id=\"14612\" data-permalink=\"https:\/\/www.shqiperia.com\/blog\/14611-2\/4_1\/\" data-orig-file=\"https:\/\/i0.wp.com\/www.shqiperia.com\/blog\/wp-content\/uploads\/2018\/12\/4_1.jpg?fit=462%2C246&amp;ssl=1\" data-orig-size=\"462,246\" data-comments-opened=\"1\" data-image-meta=\"{&quot;aperture&quot;:&quot;0&quot;,&quot;credit&quot;:&quot;&quot;,&quot;camera&quot;:&quot;&quot;,&quot;caption&quot;:&quot;&quot;,&quot;created_timestamp&quot;:&quot;0&quot;,&quot;copyright&quot;:&quot;&quot;,&quot;focal_length&quot;:&quot;0&quot;,&quot;iso&quot;:&quot;0&quot;,&quot;shutter_speed&quot;:&quot;0&quot;,&quot;title&quot;:&quot;&quot;,&quot;orientation&quot;:&quot;0&quot;}\" data-image-title=\"4_1\" data-image-description=\"\" data-image-caption=\"\" data-medium-file=\"https:\/\/i0.wp.com\/www.shqiperia.com\/blog\/wp-content\/uploads\/2018\/12\/4_1.jpg?fit=300%2C160&amp;ssl=1\" data-large-file=\"https:\/\/i0.wp.com\/www.shqiperia.com\/blog\/wp-content\/uploads\/2018\/12\/4_1.jpg?fit=462%2C246&amp;ssl=1\" class=\"alignnone wp-image-14612\" alt=\"\" src=\"https:\/\/i0.wp.com\/www.shqiperia.com\/blog\/wp-content\/uploads\/2018\/12\/4_1-300x160.jpg?resize=639%2C341\" width=\"639\" height=\"341\" srcset=\"https:\/\/i0.wp.com\/www.shqiperia.com\/blog\/wp-content\/uploads\/2018\/12\/4_1.jpg?resize=300%2C160&amp;ssl=1 300w, https:\/\/i0.wp.com\/www.shqiperia.com\/blog\/wp-content\/uploads\/2018\/12\/4_1.jpg?resize=450%2C240&amp;ssl=1 450w, https:\/\/i0.wp.com\/www.shqiperia.com\/blog\/wp-content\/uploads\/2018\/12\/4_1.jpg?resize=400%2C213&amp;ssl=1 400w, https:\/\/i0.wp.com\/www.shqiperia.com\/blog\/wp-content\/uploads\/2018\/12\/4_1.jpg?w=462&amp;ssl=1 462w\" sizes=\"auto, (max-width: 639px) 100vw, 639px\" \/><\/div>\n<div class=\"mtm _5pco\">\n<div class=\"text_exposed_root text_exposed\" id=\"id_5c0f967bcbee59e40099609\">\n<p>Edi Rama: -T\u00eb dashur protestues,<\/p>\n<p>\u202aKjo s&#8217;\u00ebsht\u00eb nj\u00eb loj\u00eb force, as nj\u00eb loj\u00eb kungulleshkash dhe as nj\u00eb loj\u00eb e ka kush e ka. Vazhdojeni protest\u00ebn sa t\u00eb doni, po ngrini ur\u00ebn e<span class=\"text_exposed_show\"> komunikimit me qeverin\u00eb. Un\u00eb ju pres n\u00eb \u00e7do or\u00eb q\u00eb t\u00eb doni dhe jam gati t\u00eb punoj me ju, jo p\u00ebr t&#8217;i dh\u00ebn\u00eb p\u00ebrgjigje pozitive 8 pikave po e po, por p\u00ebr ta kthyer k\u00ebt\u00eb moment, n\u00eb \u00e7eljen e nj\u00eb faze t\u00eb re transformimesh p\u00ebr universitetin. \u202c<\/span><\/p>\n<div class=\"text_exposed_show\">\n<p>\u202aDo t\u00eb ishte hera e par\u00eb n\u00eb historin\u00eb e protestave n\u00eb bot\u00eb, q\u00eb protestuesit k\u00ebrkojn\u00eb nga qeveria plot\u00ebsimin e disa k\u00ebrkesave dhe s&#8217;duan t\u00eb ulen n\u00eb tryez\u00eb me qeverin\u00eb q\u00eb u thot\u00eb hajdeni t&#8217;i plot\u00ebsojm\u00eb! (Mbase &#8220;tryeza e qeveris\u00eb&#8221; \u00ebsht\u00eb nj\u00eb term q\u00eb e kufizon imagjinat\u00ebn, po fare mir\u00eb mund t\u00eb takohemi n\u00eb sall\u00ebn e parlamentit n\u00eb syt\u00eb e gjith\u00eb popullit shqiptar. Ju 140 plus t\u00ebr\u00eb karriget e ministrave me 8 pikat tuaja dhe un\u00eb p\u00ebrball\u00eb jush, me 8+ pikat e mia:-)<\/p>\n<p>\u202aKujdes nga kushdo ju m\u00ebson t&#8217;u jepni ultimatume atyre q\u00eb ju shtrijn\u00eb dor\u00ebn e bashk\u00ebpunimit, sepse ju m\u00ebson si t\u00eb b\u00ebheni humb\u00ebs n\u00eb jet\u00eb! Nd\u00ebrsa kush kujton se nj\u00eb qeveri mund t\u00eb kuptoj\u00eb gjuh\u00ebn e ultimatumeve, nd\u00ebrkoh\u00eb q\u00eb vet\u00eb qeveria flet me gjuh\u00ebn e Dialogut, e ka gabim. N\u00ebse ju keni l\u00ebn\u00eb m\u00ebsimin p\u00ebr ta b\u00ebr\u00eb universitetin m\u00eb t\u00eb mir\u00eb, bujrum t\u00eb ulemi dhe t\u00eb fillojm\u00eb pun\u00ebn bashkarisht p\u00ebr k\u00ebt\u00eb q\u00ebllim pa humbur koh\u00eb. \u00c7far\u00eb presim?\u202c<\/p>\n<p>\u202aJu jeni 10 mij\u00eb, student\u00ebt n\u00eb Shqip\u00ebri jan\u00eb 140 mij\u00eb. Ju flisni dhe s&#8217;doni t\u00eb d\u00ebgjoni, un\u00eb i d\u00ebgjoj t\u00eb gjith\u00eb dhe dua t\u00eb flas edhe me ju. Ju keni 1 pik\u00eb pastaj b\u00ebhen 4 pika dhe m\u00eb pas shkojn\u00eb 8 pika, nd\u00ebrsa un\u00eb kam m\u00eb shum\u00eb se 8 pika. N\u00eb parim jam dakord me pikat tuaja, por secila prej tyre duhet zb\u00ebrthyer dhe kthyer n\u00eb nj\u00eb politik\u00eb financimi, investimi apo administrimi. \u202cE kjo nuk b\u00ebhet si gj\u00ebagj\u00ebz\u00eb n\u00eb distanc\u00eb, po si produkt i pun\u00ebs s\u00eb p\u00ebrbashk\u00ebt me laps e me let\u00ebr.<\/p>\n<div id=\"attachment_14613\" style=\"width: 874px\" class=\"wp-caption alignnone\"><img data-recalc-dims=\"1\" loading=\"lazy\" decoding=\"async\" aria-describedby=\"caption-attachment-14613\" data-attachment-id=\"14613\" data-permalink=\"https:\/\/www.shqiperia.com\/blog\/14611-2\/4_1-copy\/\" data-orig-file=\"https:\/\/i0.wp.com\/www.shqiperia.com\/blog\/wp-content\/uploads\/2018\/12\/4_1-Copy.jpg?fit=600%2C400&amp;ssl=1\" data-orig-size=\"600,400\" data-comments-opened=\"1\" data-image-meta=\"{&quot;aperture&quot;:&quot;0&quot;,&quot;credit&quot;:&quot;&quot;,&quot;camera&quot;:&quot;&quot;,&quot;caption&quot;:&quot;&quot;,&quot;created_timestamp&quot;:&quot;0&quot;,&quot;copyright&quot;:&quot;&quot;,&quot;focal_length&quot;:&quot;0&quot;,&quot;iso&quot;:&quot;0&quot;,&quot;shutter_speed&quot;:&quot;0&quot;,&quot;title&quot;:&quot;&quot;,&quot;orientation&quot;:&quot;0&quot;}\" data-image-title=\"4_1 &#8211; Copy\" data-image-description=\"\" data-image-caption=\"&lt;p&gt;Ju Pres te Dera &#8230;&lt;\/p&gt;\n\" data-medium-file=\"https:\/\/i0.wp.com\/www.shqiperia.com\/blog\/wp-content\/uploads\/2018\/12\/4_1-Copy.jpg?fit=300%2C200&amp;ssl=1\" data-large-file=\"https:\/\/i0.wp.com\/www.shqiperia.com\/blog\/wp-content\/uploads\/2018\/12\/4_1-Copy.jpg?fit=600%2C400&amp;ssl=1\" class=\" wp-image-14613\" alt=\"\" src=\"https:\/\/i0.wp.com\/www.shqiperia.com\/blog\/wp-content\/uploads\/2018\/12\/4_1-Copy-300x200.jpg?resize=864%2C576\" width=\"864\" height=\"576\" srcset=\"https:\/\/i0.wp.com\/www.shqiperia.com\/blog\/wp-content\/uploads\/2018\/12\/4_1-Copy.jpg?resize=300%2C200&amp;ssl=1 300w, https:\/\/i0.wp.com\/www.shqiperia.com\/blog\/wp-content\/uploads\/2018\/12\/4_1-Copy.jpg?resize=450%2C300&amp;ssl=1 450w, https:\/\/i0.wp.com\/www.shqiperia.com\/blog\/wp-content\/uploads\/2018\/12\/4_1-Copy.jpg?w=600&amp;ssl=1 600w, https:\/\/i0.wp.com\/www.shqiperia.com\/blog\/wp-content\/uploads\/2018\/12\/4_1-Copy.jpg?resize=400%2C267&amp;ssl=1 400w\" sizes=\"auto, (max-width: 864px) 100vw, 864px\" \/><p id=\"caption-attachment-14613\" class=\"wp-caption-text\">Ju Pres te Dera &#8230;<\/p><\/div>\n<p>\u202aJu e dini vet\u00eb, po un\u00eb jam me ju jo me Ariun dhe Ariun se keni n\u00eb qeveri po brenda e rrotull jush;-)\u202c<\/p>\n<\/div>\n<\/div>\n<\/div>\n","protected":false},"excerpt":{"rendered":"<p>Edi Rama: -T\u00eb dashur protestues, \u202aKjo s&#8217;\u00ebsht\u00eb nj\u00eb loj\u00eb force, as nj\u00eb loj\u00eb kungulleshkash dhe as nj\u00eb loj\u00eb e ka kush e ka. Vazhdojeni protest\u00ebn sa t\u00eb doni, po ngrini ur\u00ebn e komunikimit me qeverin\u00eb. Un\u00eb ju pres n\u00eb \u00e7do or\u00eb q\u00eb t\u00eb doni dhe jam gati t\u00eb punoj me ju, jo p\u00ebr t&#8217;i dh\u00ebn\u00eb [&hellip;]<\/p>\n","protected":false},"author":9,"featured_media":14612,"comment_status":"open","ping_status":"open","sticky":false,"template":"","format":"standard","meta":{"jetpack_post_was_ever_published":false,"_jetpack_newsletter_access":"","_jetpack_dont_email_post_to_subs":false,"_jetpack_newsletter_tier_id":0,"_jetpack_memberships_contains_paywalled_content":false,"_jetpack_memberships_contains_paid_content":false,"footnotes":"","jetpack_publicize_message":"","jetpack_publicize_feature_enabled":true,"jetpack_social_post_already_shared":true,"jetpack_social_options":{"image_generator_settings":{"template":"highway","default_image_id":0,"font":"","enabled":false},"version":2}},"categories":[27,2,35],"tags":[],"class_list":["post-14611","post","type-post","status-publish","format-standard","has-post-thumbnail","hentry","category-blogu-i-udhetarit","category-politika","category-shoqerore"],"jetpack_publicize_connections":[],"jetpack_featured_media_url":"https:\/\/i0.wp.com\/www.shqiperia.com\/blog\/wp-content\/uploads\/2018\/12\/4_1.jpg?fit=462%2C246&ssl=1","jetpack_sharing_enabled":true,"jetpack_shortlink":"https:\/\/wp.me\/p5Z6wp-3NF","jetpack-related-posts":[{"id":55929,"url":"https:\/\/www.shqiperia.com\/blog\/kriza-ne-partine-demokratike-sapo-ka-filluar-befason-arian-cani-leshon-bomben-eshte-futur-ne-loje-rama-infiltron-njerez-dhe\/","url_meta":{"origin":14611,"position":0},"title":"&#8220;Kriza n\u00eb Partin\u00eb Demokratike sapo ka filluar&#8221;, befason Arian \u00c7ani, l\u00ebshon &#8216;bomb\u00ebn&#8217;: &#8211; \u00cbsht\u00eb futur n\u00eb loj\u00eb Rama, infiltron njer\u00ebz dhe&#8230;","author":"Kurt Farka","date":"March 25, 2022","format":false,"excerpt":"\"Kriza n\u00eb Partin\u00eb Demokratike sapo ka filluar\", befason Arian \u00c7ani, l\u00ebshon 'bomb\u00ebn': - \u00cbsht\u00eb futur n\u00eb loj\u00eb Rama, infiltron njer\u00ebz dhe... 24 MARS 2022 Gazetari Arjan \u00c7ani thot\u00eb se kriza n\u00eb Partin\u00eb Demokratike sapo ka filluar.\u00a0 \u00c7ani deklaroi se n\u00eb loj\u00ebn e PD-s\u00eb \u00ebsht\u00eb futur edhe vet\u00eb kryeministri Edi Rama\u2026","rel":"","context":"In &quot;Blogu i Udh\u00ebtarit&quot;","block_context":{"text":"Blogu i Udh\u00ebtarit","link":"https:\/\/www.shqiperia.com\/blog\/category\/blogu-i-udhetarit\/"},"img":{"alt_text":"","src":"https:\/\/i0.wp.com\/www.shqiperia.com\/blog\/wp-content\/uploads\/2022\/03\/800-0-116f4d574ef90e486205d284d7b6ba63.png?fit=800%2C406&ssl=1&resize=350%2C200","width":350,"height":200,"srcset":"https:\/\/i0.wp.com\/www.shqiperia.com\/blog\/wp-content\/uploads\/2022\/03\/800-0-116f4d574ef90e486205d284d7b6ba63.png?fit=800%2C406&ssl=1&resize=350%2C200 1x, https:\/\/i0.wp.com\/www.shqiperia.com\/blog\/wp-content\/uploads\/2022\/03\/800-0-116f4d574ef90e486205d284d7b6ba63.png?fit=800%2C406&ssl=1&resize=525%2C300 1.5x, https:\/\/i0.wp.com\/www.shqiperia.com\/blog\/wp-content\/uploads\/2022\/03\/800-0-116f4d574ef90e486205d284d7b6ba63.png?fit=800%2C406&ssl=1&resize=700%2C400 2x"},"classes":[]},{"id":21799,"url":"https:\/\/www.shqiperia.com\/blog\/tiede-kam-gjera-me-te-medha-ajo-qe-kam-publikuar-eshte-shume-pak\/","url_meta":{"origin":14611,"position":1},"title":"Tiede: Kam gj\u00ebra m\u00eb t\u00eb m\u00ebdha, ajo q\u00eb kam publikuar \u00ebsht\u00eb shum\u00eb pak. &#8211;","author":"Kurt Farka","date":"June 9, 2019","format":false,"excerpt":"Tiede: Kam gj\u00ebra m\u00eb t\u00eb m\u00ebdha, ajo q\u00eb kam publikuar \u00ebsht\u00eb shum\u00eb pak. - Nga: mapo.al Gazetari gjerman i t\u00eb p\u00ebrditshmes Bild, Peter Tiede thot\u00eb se ka t\u00eb tjera materiale p\u00ebr publikim. Ai u shpreh n\u00eb nj\u00eb lidhje t\u00eb drejt\u00ebp\u00ebrdrejt\u00eb n\u00eb RTV Ora se ka ngjarje edhe m% t\u00eb m\u00ebdha\u2026","rel":"","context":"In &quot;Blogu i Udh\u00ebtarit&quot;","block_context":{"text":"Blogu i Udh\u00ebtarit","link":"https:\/\/www.shqiperia.com\/blog\/category\/blogu-i-udhetarit\/"},"img":{"alt_text":"","src":"https:\/\/i0.wp.com\/www.shqiperia.com\/blog\/wp-content\/uploads\/2019\/06\/peter-tiede1.jpg?fit=648%2C369&ssl=1&resize=350%2C200","width":350,"height":200,"srcset":"https:\/\/i0.wp.com\/www.shqiperia.com\/blog\/wp-content\/uploads\/2019\/06\/peter-tiede1.jpg?fit=648%2C369&ssl=1&resize=350%2C200 1x, https:\/\/i0.wp.com\/www.shqiperia.com\/blog\/wp-content\/uploads\/2019\/06\/peter-tiede1.jpg?fit=648%2C369&ssl=1&resize=525%2C300 1.5x"},"classes":[]},{"id":50878,"url":"https:\/\/www.shqiperia.com\/blog\/disa-te-verteta-qe-i-mesoni-me-vonese\/","url_meta":{"origin":14611,"position":2},"title":"Disa t\u00eb v\u00ebrteta q\u00eb i m\u00ebsoni me vones\u00eb.","author":"Kurt Farka","date":"October 25, 2021","format":false,"excerpt":"Disa t\u00eb v\u00ebrteta q\u00eb i m\u00ebsoni me vones\u00eb. - 25.10.21 E keni v\u00ebn\u00eb re q\u00eb shpesh na duhet nj\u00eb jet\u00eb p\u00ebr t\u00eb m\u00ebsuar disa t\u00eb v\u00ebrteta, t\u00eb cilat po t\u2019i dinim m\u00eb par\u00eb do t\u00eb reagonim ndryshe. Shpesh jan\u00eb zhg\u00ebnjim, shpesh jan\u00eb nj\u00eb konfirmim i asaj q\u00eb mendonim n\u00eb fakt,\u2026","rel":"","context":"In &quot;Press Releases&quot;","block_context":{"text":"Press Releases","link":"https:\/\/www.shqiperia.com\/blog\/category\/press-releases\/"},"img":{"alt_text":"","src":"https:\/\/i0.wp.com\/www.shqiperia.com\/blog\/wp-content\/uploads\/2021\/10\/own-biggest-fan-web-youtube-FM-600x400-1-780x439-770x433-1.jpg?fit=770%2C418&ssl=1&resize=350%2C200","width":350,"height":200,"srcset":"https:\/\/i0.wp.com\/www.shqiperia.com\/blog\/wp-content\/uploads\/2021\/10\/own-biggest-fan-web-youtube-FM-600x400-1-780x439-770x433-1.jpg?fit=770%2C418&ssl=1&resize=350%2C200 1x, https:\/\/i0.wp.com\/www.shqiperia.com\/blog\/wp-content\/uploads\/2021\/10\/own-biggest-fan-web-youtube-FM-600x400-1-780x439-770x433-1.jpg?fit=770%2C418&ssl=1&resize=525%2C300 1.5x, https:\/\/i0.wp.com\/www.shqiperia.com\/blog\/wp-content\/uploads\/2021\/10\/own-biggest-fan-web-youtube-FM-600x400-1-780x439-770x433-1.jpg?fit=770%2C418&ssl=1&resize=700%2C400 2x"},"classes":[]},{"id":65263,"url":"https:\/\/www.shqiperia.com\/blog\/rama-mitsotakis-loje-fjalesh-per-te-fshehur-ceshtjen-e-detit\/","url_meta":{"origin":14611,"position":3},"title":"&#8211; Rama &#8211; Mitsotakis. &#8211; Loje fjalesh per te fshehur  ceshtjen e Detit.","author":"Kurt Farka","date":"December 7, 2022","format":false,"excerpt":"7 Dhjetor 2022 Mediat greke i kan\u00eb kushtuar nj\u00eb artikull takimit t\u00eb kryeministrit Edi Rama s\u00eb bashku me homologun grek Kyriakos Mitsotakis. Ekathimerini\u00a0shkruan se\u00a0Rama i ka k\u00ebrkuar falje kryeministrit Mitsotakis n\u00eb lidhje me deklaratat e b\u00ebra se Greqia ka mashtruar p\u00ebr t\u00eb hyr\u00eb n\u00eb Bashkimin Europian. N\u00eb artikull thuhet se\u2026","rel":"","context":"In &quot;Blogu i Udh\u00ebtarit&quot;","block_context":{"text":"Blogu i Udh\u00ebtarit","link":"https:\/\/www.shqiperia.com\/blog\/category\/blogu-i-udhetarit\/"},"img":{"alt_text":"","src":"https:\/\/i0.wp.com\/www.shqiperia.com\/blog\/wp-content\/uploads\/2022\/12\/page-40-770x433-1.jpg?fit=770%2C433&ssl=1&resize=350%2C200","width":350,"height":200,"srcset":"https:\/\/i0.wp.com\/www.shqiperia.com\/blog\/wp-content\/uploads\/2022\/12\/page-40-770x433-1.jpg?fit=770%2C433&ssl=1&resize=350%2C200 1x, https:\/\/i0.wp.com\/www.shqiperia.com\/blog\/wp-content\/uploads\/2022\/12\/page-40-770x433-1.jpg?fit=770%2C433&ssl=1&resize=525%2C300 1.5x, https:\/\/i0.wp.com\/www.shqiperia.com\/blog\/wp-content\/uploads\/2022\/12\/page-40-770x433-1.jpg?fit=770%2C433&ssl=1&resize=700%2C400 2x"},"classes":[]},{"id":22701,"url":"https:\/\/www.shqiperia.com\/blog\/doni-ti-shpetoni-mushkonjave-ja-3-receta-qe-mund-ti-pergatisni-ne-shtepi\/","url_meta":{"origin":14611,"position":4},"title":"Doni t&#8217;i shp\u00ebtoni mushkonjave? Ja 3 receta q\u00eb mund t&#8217;i p\u00ebrgatisni n\u00eb sht\u00ebpi. &#8211;","author":"Kurt Farka","date":"July 2, 2019","format":false,"excerpt":"Doni t'i shp\u00ebtoni mushkonjave? Ja 3 receta q\u00eb mund t'i p\u00ebrgatisni n\u00eb sht\u00ebpi N\u00eb ver\u00eb, t\u00eb gjith\u00eb duam t\u00eb kalojm\u00eb m\u00eb shum\u00eb koh\u00eb n\u00eb aj\u00ebr t\u00eb past\u00ebr, t\u00eb ecim n\u00eb park dhe t\u00eb shijojm\u00eb gjelb\u00ebrimin dhe lulet. Por mushkonjat mund t\u00eb shkat\u00ebrrojn\u00eb edhe pushimet m\u00eb t\u00eb mrekullueshme. Ka 3 receta\u2026","rel":"","context":"In &quot;Blogu i Udh\u00ebtarit&quot;","block_context":{"text":"Blogu i Udh\u00ebtarit","link":"https:\/\/www.shqiperia.com\/blog\/category\/blogu-i-udhetarit\/"},"img":{"alt_text":"","src":"https:\/\/i0.wp.com\/www.shqiperia.com\/blog\/wp-content\/uploads\/2019\/07\/1-98-780x439.jpg?fit=780%2C439&ssl=1&resize=350%2C200","width":350,"height":200,"srcset":"https:\/\/i0.wp.com\/www.shqiperia.com\/blog\/wp-content\/uploads\/2019\/07\/1-98-780x439.jpg?fit=780%2C439&ssl=1&resize=350%2C200 1x, https:\/\/i0.wp.com\/www.shqiperia.com\/blog\/wp-content\/uploads\/2019\/07\/1-98-780x439.jpg?fit=780%2C439&ssl=1&resize=525%2C300 1.5x, https:\/\/i0.wp.com\/www.shqiperia.com\/blog\/wp-content\/uploads\/2019\/07\/1-98-780x439.jpg?fit=780%2C439&ssl=1&resize=700%2C400 2x"},"classes":[]},{"id":14713,"url":"https:\/\/www.shqiperia.com\/blog\/rudina-hajdari-deputete-ju-them-se-jeni-kryehajdute-qe-nuk-e-doni-kete-vend\/","url_meta":{"origin":14611,"position":5},"title":"Rudina Hajdari : -Deputete, ju them se jeni kryehajdut\u00eb q\u00eb nuk e doni k\u00ebt\u00eb vend&#8230; &#8211;","author":"Kurt Farka","date":"December 13, 2018","format":false,"excerpt":"Rudina Hajdari : -Deputete, ju them se jeni kryehajdut\u00eb q\u00eb nuk e doni k\u00ebt\u00eb vend... - 13 Dhjetor, 2018 Deputetja e Partis\u00eb Demokratike Rudina Hajdari ka thyer sot bojkotin e opozit\u00ebs duke marr\u00eb pjes\u00eb n\u00eb sall\u00ebn e kuvendit. Vajza e liderit t\u00eb student\u00ebve t\u00eb dhjetorit 90, Azem Hajdari ka qen\u00eb\u2026","rel":"","context":"In &quot;Blogu i Udh\u00ebtarit&quot;","block_context":{"text":"Blogu i Udh\u00ebtarit","link":"https:\/\/www.shqiperia.com\/blog\/category\/blogu-i-udhetarit\/"},"img":{"alt_text":"","src":"https:\/\/i0.wp.com\/www.shqiperia.com\/blog\/wp-content\/uploads\/2018\/12\/rudina-hajdari-1-1.jpg?fit=707%2C435&ssl=1&resize=350%2C200","width":350,"height":200,"srcset":"https:\/\/i0.wp.com\/www.shqiperia.com\/blog\/wp-content\/uploads\/2018\/12\/rudina-hajdari-1-1.jpg?fit=707%2C435&ssl=1&resize=350%2C200 1x, https:\/\/i0.wp.com\/www.shqiperia.com\/blog\/wp-content\/uploads\/2018\/12\/rudina-hajdari-1-1.jpg?fit=707%2C435&ssl=1&resize=525%2C300 1.5x, https:\/\/i0.wp.com\/www.shqiperia.com\/blog\/wp-content\/uploads\/2018\/12\/rudina-hajdari-1-1.jpg?fit=707%2C435&ssl=1&resize=700%2C400 2x"},"classes":[]}],"_links":{"self":[{"href":"https:\/\/www.shqiperia.com\/blog\/wp-json\/wp\/v2\/posts\/14611","targetHints":{"allow":["GET"]}}],"collection":[{"href":"https:\/\/www.shqiperia.com\/blog\/wp-json\/wp\/v2\/posts"}],"about":[{"href":"https:\/\/www.shqiperia.com\/blog\/wp-json\/wp\/v2\/types\/post"}],"author":[{"embeddable":true,"href":"https:\/\/www.shqiperia.com\/blog\/wp-json\/wp\/v2\/users\/9"}],"replies":[{"embeddable":true,"href":"https:\/\/www.shqiperia.com\/blog\/wp-json\/wp\/v2\/comments?post=14611"}],"version-history":[{"count":2,"href":"https:\/\/www.shqiperia.com\/blog\/wp-json\/wp\/v2\/posts\/14611\/revisions"}],"predecessor-version":[{"id":14615,"href":"https:\/\/www.shqiperia.com\/blog\/wp-json\/wp\/v2\/posts\/14611\/revisions\/14615"}],"wp:featuredmedia":[{"embeddable":true,"href":"https:\/\/www.shqiperia.com\/blog\/wp-json\/wp\/v2\/media\/14612"}],"wp:attachment":[{"href":"https:\/\/www.shqiperia.com\/blog\/wp-json\/wp\/v2\/media?parent=14611"}],"wp:term":[{"taxonomy":"category","embeddable":true,"href":"https:\/\/www.shqiperia.com\/blog\/wp-json\/wp\/v2\/categories?post=14611"},{"taxonomy":"post_tag","embeddable":true,"href":"https:\/\/www.shqiperia.com\/blog\/wp-json\/wp\/v2\/tags?post=14611"}],"curies":[{"name":"wp","href":"https:\/\/api.w.org\/{rel}","templated":true}]}}