{"id":13996,"date":"2018-11-23T08:36:25","date_gmt":"2018-11-23T08:36:25","guid":{"rendered":"http:\/\/www.shqiperia.com\/blog\/?p=13996"},"modified":"2018-11-23T08:36:25","modified_gmt":"2018-11-23T08:36:25","slug":"monument-banesa-e-pashko-vases-shkoder-album-foto","status":"publish","type":"post","link":"https:\/\/www.shqiperia.com\/blog\/monument-banesa-e-pashko-vases-shkoder-album-foto\/","title":{"rendered":"Monument \u2013Banesa e Pashko Vases, Shkoder, (album foto). &#8211;"},"content":{"rendered":"<p><img data-recalc-dims=\"1\" loading=\"lazy\" decoding=\"async\" data-attachment-id=\"13997\" data-permalink=\"https:\/\/www.shqiperia.com\/blog\/monument-banesa-e-pashko-vases-shkoder-album-foto\/banesa-pashko-vaso-2\/\" data-orig-file=\"https:\/\/i0.wp.com\/www.shqiperia.com\/blog\/wp-content\/uploads\/2018\/11\/Banesa-Pashko-Vaso-2.jpg?fit=835%2C464&amp;ssl=1\" data-orig-size=\"835,464\" data-comments-opened=\"1\" data-image-meta=\"{&quot;aperture&quot;:&quot;0&quot;,&quot;credit&quot;:&quot;&quot;,&quot;camera&quot;:&quot;&quot;,&quot;caption&quot;:&quot;&quot;,&quot;created_timestamp&quot;:&quot;0&quot;,&quot;copyright&quot;:&quot;&quot;,&quot;focal_length&quot;:&quot;0&quot;,&quot;iso&quot;:&quot;0&quot;,&quot;shutter_speed&quot;:&quot;0&quot;,&quot;title&quot;:&quot;&quot;,&quot;orientation&quot;:&quot;0&quot;}\" data-image-title=\"Banesa Pashko Vaso (2)\" data-image-description=\"\" data-image-caption=\"\" data-medium-file=\"https:\/\/i0.wp.com\/www.shqiperia.com\/blog\/wp-content\/uploads\/2018\/11\/Banesa-Pashko-Vaso-2.jpg?fit=300%2C167&amp;ssl=1\" data-large-file=\"https:\/\/i0.wp.com\/www.shqiperia.com\/blog\/wp-content\/uploads\/2018\/11\/Banesa-Pashko-Vaso-2.jpg?fit=835%2C464&amp;ssl=1\" class=\"alignnone  wp-image-13997\" alt=\"\" src=\"https:\/\/i0.wp.com\/www.shqiperia.com\/blog\/wp-content\/uploads\/2018\/11\/Banesa-Pashko-Vaso-2-300x167.jpg?resize=465%2C259\" width=\"465\" height=\"259\" srcset=\"https:\/\/i0.wp.com\/www.shqiperia.com\/blog\/wp-content\/uploads\/2018\/11\/Banesa-Pashko-Vaso-2.jpg?resize=300%2C167&amp;ssl=1 300w, https:\/\/i0.wp.com\/www.shqiperia.com\/blog\/wp-content\/uploads\/2018\/11\/Banesa-Pashko-Vaso-2.jpg?resize=768%2C427&amp;ssl=1 768w, https:\/\/i0.wp.com\/www.shqiperia.com\/blog\/wp-content\/uploads\/2018\/11\/Banesa-Pashko-Vaso-2.jpg?resize=450%2C250&amp;ssl=1 450w, https:\/\/i0.wp.com\/www.shqiperia.com\/blog\/wp-content\/uploads\/2018\/11\/Banesa-Pashko-Vaso-2.jpg?resize=600%2C333&amp;ssl=1 600w, https:\/\/i0.wp.com\/www.shqiperia.com\/blog\/wp-content\/uploads\/2018\/11\/Banesa-Pashko-Vaso-2.jpg?resize=400%2C222&amp;ssl=1 400w, https:\/\/i0.wp.com\/www.shqiperia.com\/blog\/wp-content\/uploads\/2018\/11\/Banesa-Pashko-Vaso-2.jpg?w=835&amp;ssl=1 835w\" sizes=\"auto, (max-width: 465px) 100vw, 465px\" \/><\/p>\n<p>Monument \u2013Banesa e Pashko Vases, Shkoder, (album foto). &#8211;<\/p>\n<p>\u00c7do dit\u00eb me monumentet. Punime restauruese n\u00eb banes\u00ebn e patriotit Pashko Vasa n\u00eb qytetin e Shkodr\u00ebs, monument kulture i kategoris\u00eb s\u00eb I-re.<\/p>\n<p><img data-recalc-dims=\"1\" loading=\"lazy\" decoding=\"async\" data-attachment-id=\"13998\" data-permalink=\"https:\/\/www.shqiperia.com\/blog\/monument-banesa-e-pashko-vases-shkoder-album-foto\/banesa-pashko-vaso-6\/\" data-orig-file=\"https:\/\/i0.wp.com\/www.shqiperia.com\/blog\/wp-content\/uploads\/2018\/11\/Banesa-Pashko-Vaso-6.jpg?fit=960%2C720&amp;ssl=1\" data-orig-size=\"960,720\" data-comments-opened=\"1\" data-image-meta=\"{&quot;aperture&quot;:&quot;0&quot;,&quot;credit&quot;:&quot;&quot;,&quot;camera&quot;:&quot;&quot;,&quot;caption&quot;:&quot;&quot;,&quot;created_timestamp&quot;:&quot;0&quot;,&quot;copyright&quot;:&quot;&quot;,&quot;focal_length&quot;:&quot;0&quot;,&quot;iso&quot;:&quot;0&quot;,&quot;shutter_speed&quot;:&quot;0&quot;,&quot;title&quot;:&quot;&quot;,&quot;orientation&quot;:&quot;0&quot;}\" data-image-title=\"Banesa Pashko Vaso (6)\" data-image-description=\"\" data-image-caption=\"\" data-medium-file=\"https:\/\/i0.wp.com\/www.shqiperia.com\/blog\/wp-content\/uploads\/2018\/11\/Banesa-Pashko-Vaso-6.jpg?fit=300%2C225&amp;ssl=1\" data-large-file=\"https:\/\/i0.wp.com\/www.shqiperia.com\/blog\/wp-content\/uploads\/2018\/11\/Banesa-Pashko-Vaso-6.jpg?fit=960%2C720&amp;ssl=1\" class=\"alignnone  wp-image-13998\" alt=\"\" src=\"https:\/\/i0.wp.com\/www.shqiperia.com\/blog\/wp-content\/uploads\/2018\/11\/Banesa-Pashko-Vaso-6-300x225.jpg?resize=592%2C444\" width=\"592\" height=\"444\" srcset=\"https:\/\/i0.wp.com\/www.shqiperia.com\/blog\/wp-content\/uploads\/2018\/11\/Banesa-Pashko-Vaso-6.jpg?resize=300%2C225&amp;ssl=1 300w, https:\/\/i0.wp.com\/www.shqiperia.com\/blog\/wp-content\/uploads\/2018\/11\/Banesa-Pashko-Vaso-6.jpg?resize=768%2C576&amp;ssl=1 768w, https:\/\/i0.wp.com\/www.shqiperia.com\/blog\/wp-content\/uploads\/2018\/11\/Banesa-Pashko-Vaso-6.jpg?resize=450%2C338&amp;ssl=1 450w, https:\/\/i0.wp.com\/www.shqiperia.com\/blog\/wp-content\/uploads\/2018\/11\/Banesa-Pashko-Vaso-6.jpg?resize=600%2C450&amp;ssl=1 600w, https:\/\/i0.wp.com\/www.shqiperia.com\/blog\/wp-content\/uploads\/2018\/11\/Banesa-Pashko-Vaso-6.jpg?resize=400%2C300&amp;ssl=1 400w, https:\/\/i0.wp.com\/www.shqiperia.com\/blog\/wp-content\/uploads\/2018\/11\/Banesa-Pashko-Vaso-6.jpg?w=960&amp;ssl=1 960w\" sizes=\"auto, (max-width: 592px) 100vw, 592px\" \/> <img data-recalc-dims=\"1\" loading=\"lazy\" decoding=\"async\" data-attachment-id=\"13999\" data-permalink=\"https:\/\/www.shqiperia.com\/blog\/monument-banesa-e-pashko-vases-shkoder-album-foto\/banesa-pashko-vaso-7\/\" data-orig-file=\"https:\/\/i0.wp.com\/www.shqiperia.com\/blog\/wp-content\/uploads\/2018\/11\/Banesa-Pashko-Vaso-7.jpg?fit=960%2C720&amp;ssl=1\" data-orig-size=\"960,720\" data-comments-opened=\"1\" data-image-meta=\"{&quot;aperture&quot;:&quot;0&quot;,&quot;credit&quot;:&quot;&quot;,&quot;camera&quot;:&quot;&quot;,&quot;caption&quot;:&quot;&quot;,&quot;created_timestamp&quot;:&quot;0&quot;,&quot;copyright&quot;:&quot;&quot;,&quot;focal_length&quot;:&quot;0&quot;,&quot;iso&quot;:&quot;0&quot;,&quot;shutter_speed&quot;:&quot;0&quot;,&quot;title&quot;:&quot;&quot;,&quot;orientation&quot;:&quot;0&quot;}\" data-image-title=\"Banesa Pashko Vaso (7)\" data-image-description=\"\" data-image-caption=\"\" data-medium-file=\"https:\/\/i0.wp.com\/www.shqiperia.com\/blog\/wp-content\/uploads\/2018\/11\/Banesa-Pashko-Vaso-7.jpg?fit=300%2C225&amp;ssl=1\" data-large-file=\"https:\/\/i0.wp.com\/www.shqiperia.com\/blog\/wp-content\/uploads\/2018\/11\/Banesa-Pashko-Vaso-7.jpg?fit=960%2C720&amp;ssl=1\" class=\"alignnone  wp-image-13999\" alt=\"\" src=\"https:\/\/i0.wp.com\/www.shqiperia.com\/blog\/wp-content\/uploads\/2018\/11\/Banesa-Pashko-Vaso-7-300x225.jpg?resize=571%2C428\" width=\"571\" height=\"428\" srcset=\"https:\/\/i0.wp.com\/www.shqiperia.com\/blog\/wp-content\/uploads\/2018\/11\/Banesa-Pashko-Vaso-7.jpg?resize=300%2C225&amp;ssl=1 300w, https:\/\/i0.wp.com\/www.shqiperia.com\/blog\/wp-content\/uploads\/2018\/11\/Banesa-Pashko-Vaso-7.jpg?resize=768%2C576&amp;ssl=1 768w, https:\/\/i0.wp.com\/www.shqiperia.com\/blog\/wp-content\/uploads\/2018\/11\/Banesa-Pashko-Vaso-7.jpg?resize=450%2C338&amp;ssl=1 450w, https:\/\/i0.wp.com\/www.shqiperia.com\/blog\/wp-content\/uploads\/2018\/11\/Banesa-Pashko-Vaso-7.jpg?resize=600%2C450&amp;ssl=1 600w, https:\/\/i0.wp.com\/www.shqiperia.com\/blog\/wp-content\/uploads\/2018\/11\/Banesa-Pashko-Vaso-7.jpg?resize=400%2C300&amp;ssl=1 400w, https:\/\/i0.wp.com\/www.shqiperia.com\/blog\/wp-content\/uploads\/2018\/11\/Banesa-Pashko-Vaso-7.jpg?w=960&amp;ssl=1 960w\" sizes=\"auto, (max-width: 571px) 100vw, 571px\" \/> <img data-recalc-dims=\"1\" loading=\"lazy\" decoding=\"async\" data-attachment-id=\"14000\" data-permalink=\"https:\/\/www.shqiperia.com\/blog\/monument-banesa-e-pashko-vases-shkoder-album-foto\/banesa-pashko-vaso-8\/\" data-orig-file=\"https:\/\/i0.wp.com\/www.shqiperia.com\/blog\/wp-content\/uploads\/2018\/11\/Banesa-Pashko-Vaso-8.jpg?fit=960%2C720&amp;ssl=1\" data-orig-size=\"960,720\" data-comments-opened=\"1\" data-image-meta=\"{&quot;aperture&quot;:&quot;0&quot;,&quot;credit&quot;:&quot;&quot;,&quot;camera&quot;:&quot;&quot;,&quot;caption&quot;:&quot;&quot;,&quot;created_timestamp&quot;:&quot;0&quot;,&quot;copyright&quot;:&quot;&quot;,&quot;focal_length&quot;:&quot;0&quot;,&quot;iso&quot;:&quot;0&quot;,&quot;shutter_speed&quot;:&quot;0&quot;,&quot;title&quot;:&quot;&quot;,&quot;orientation&quot;:&quot;0&quot;}\" data-image-title=\"Banesa Pashko Vaso (8)\" data-image-description=\"\" data-image-caption=\"\" data-medium-file=\"https:\/\/i0.wp.com\/www.shqiperia.com\/blog\/wp-content\/uploads\/2018\/11\/Banesa-Pashko-Vaso-8.jpg?fit=300%2C225&amp;ssl=1\" data-large-file=\"https:\/\/i0.wp.com\/www.shqiperia.com\/blog\/wp-content\/uploads\/2018\/11\/Banesa-Pashko-Vaso-8.jpg?fit=960%2C720&amp;ssl=1\" class=\"alignnone  wp-image-14000\" alt=\"\" src=\"https:\/\/i0.wp.com\/www.shqiperia.com\/blog\/wp-content\/uploads\/2018\/11\/Banesa-Pashko-Vaso-8-300x225.jpg?resize=599%2C449\" width=\"599\" height=\"449\" srcset=\"https:\/\/i0.wp.com\/www.shqiperia.com\/blog\/wp-content\/uploads\/2018\/11\/Banesa-Pashko-Vaso-8.jpg?resize=300%2C225&amp;ssl=1 300w, https:\/\/i0.wp.com\/www.shqiperia.com\/blog\/wp-content\/uploads\/2018\/11\/Banesa-Pashko-Vaso-8.jpg?resize=768%2C576&amp;ssl=1 768w, https:\/\/i0.wp.com\/www.shqiperia.com\/blog\/wp-content\/uploads\/2018\/11\/Banesa-Pashko-Vaso-8.jpg?resize=450%2C338&amp;ssl=1 450w, https:\/\/i0.wp.com\/www.shqiperia.com\/blog\/wp-content\/uploads\/2018\/11\/Banesa-Pashko-Vaso-8.jpg?resize=600%2C450&amp;ssl=1 600w, https:\/\/i0.wp.com\/www.shqiperia.com\/blog\/wp-content\/uploads\/2018\/11\/Banesa-Pashko-Vaso-8.jpg?resize=400%2C300&amp;ssl=1 400w, https:\/\/i0.wp.com\/www.shqiperia.com\/blog\/wp-content\/uploads\/2018\/11\/Banesa-Pashko-Vaso-8.jpg?w=960&amp;ssl=1 960w\" sizes=\"auto, (max-width: 599px) 100vw, 599px\" \/> <img data-recalc-dims=\"1\" loading=\"lazy\" decoding=\"async\" data-attachment-id=\"14001\" data-permalink=\"https:\/\/www.shqiperia.com\/blog\/monument-banesa-e-pashko-vases-shkoder-album-foto\/banesa-pashko-vaso\/\" data-orig-file=\"https:\/\/i0.wp.com\/www.shqiperia.com\/blog\/wp-content\/uploads\/2018\/11\/Banesa-Pashko-Vaso.jpg?fit=720%2C960&amp;ssl=1\" data-orig-size=\"720,960\" data-comments-opened=\"1\" data-image-meta=\"{&quot;aperture&quot;:&quot;0&quot;,&quot;credit&quot;:&quot;&quot;,&quot;camera&quot;:&quot;&quot;,&quot;caption&quot;:&quot;&quot;,&quot;created_timestamp&quot;:&quot;0&quot;,&quot;copyright&quot;:&quot;&quot;,&quot;focal_length&quot;:&quot;0&quot;,&quot;iso&quot;:&quot;0&quot;,&quot;shutter_speed&quot;:&quot;0&quot;,&quot;title&quot;:&quot;&quot;,&quot;orientation&quot;:&quot;0&quot;}\" data-image-title=\"Banesa Pashko Vaso\" data-image-description=\"\" data-image-caption=\"\" data-medium-file=\"https:\/\/i0.wp.com\/www.shqiperia.com\/blog\/wp-content\/uploads\/2018\/11\/Banesa-Pashko-Vaso.jpg?fit=225%2C300&amp;ssl=1\" data-large-file=\"https:\/\/i0.wp.com\/www.shqiperia.com\/blog\/wp-content\/uploads\/2018\/11\/Banesa-Pashko-Vaso.jpg?fit=720%2C960&amp;ssl=1\" class=\"alignnone  wp-image-14001\" alt=\"\" src=\"https:\/\/i0.wp.com\/www.shqiperia.com\/blog\/wp-content\/uploads\/2018\/11\/Banesa-Pashko-Vaso-225x300.jpg?resize=424%2C565\" width=\"424\" height=\"565\" srcset=\"https:\/\/i0.wp.com\/www.shqiperia.com\/blog\/wp-content\/uploads\/2018\/11\/Banesa-Pashko-Vaso.jpg?resize=225%2C300&amp;ssl=1 225w, https:\/\/i0.wp.com\/www.shqiperia.com\/blog\/wp-content\/uploads\/2018\/11\/Banesa-Pashko-Vaso.jpg?resize=450%2C600&amp;ssl=1 450w, https:\/\/i0.wp.com\/www.shqiperia.com\/blog\/wp-content\/uploads\/2018\/11\/Banesa-Pashko-Vaso.jpg?resize=600%2C800&amp;ssl=1 600w, https:\/\/i0.wp.com\/www.shqiperia.com\/blog\/wp-content\/uploads\/2018\/11\/Banesa-Pashko-Vaso.jpg?resize=400%2C533&amp;ssl=1 400w, https:\/\/i0.wp.com\/www.shqiperia.com\/blog\/wp-content\/uploads\/2018\/11\/Banesa-Pashko-Vaso.jpg?w=720&amp;ssl=1 720w\" sizes=\"auto, (max-width: 424px) 100vw, 424px\" \/><br \/>\nNd\u00ebrhyrja konsiston n\u00eb p\u00ebrforcimin e elementeve konstruktiv prej druri n\u00eb pjes\u00ebn e \u00e7atis\u00eb dhe punime t\u00eb tjera konservuese dhe mir\u00ebmbajtjeje n\u00eb k\u00ebt\u00eb banes\u00eb shkodrane t\u00eb shek.XVIII.<\/p>\n<p><img data-recalc-dims=\"1\" loading=\"lazy\" decoding=\"async\" data-attachment-id=\"14002\" data-permalink=\"https:\/\/www.shqiperia.com\/blog\/monument-banesa-e-pashko-vases-shkoder-album-foto\/42174158_1619523601526895_5656648271599239168_n\/\" data-orig-file=\"https:\/\/i0.wp.com\/www.shqiperia.com\/blog\/wp-content\/uploads\/2018\/11\/42174158_1619523601526895_5656648271599239168_n.jpg?fit=720%2C960&amp;ssl=1\" data-orig-size=\"720,960\" data-comments-opened=\"1\" data-image-meta=\"{&quot;aperture&quot;:&quot;0&quot;,&quot;credit&quot;:&quot;&quot;,&quot;camera&quot;:&quot;&quot;,&quot;caption&quot;:&quot;&quot;,&quot;created_timestamp&quot;:&quot;0&quot;,&quot;copyright&quot;:&quot;&quot;,&quot;focal_length&quot;:&quot;0&quot;,&quot;iso&quot;:&quot;0&quot;,&quot;shutter_speed&quot;:&quot;0&quot;,&quot;title&quot;:&quot;&quot;,&quot;orientation&quot;:&quot;0&quot;}\" data-image-title=\"42174158_1619523601526895_5656648271599239168_n\" data-image-description=\"\" data-image-caption=\"\" data-medium-file=\"https:\/\/i0.wp.com\/www.shqiperia.com\/blog\/wp-content\/uploads\/2018\/11\/42174158_1619523601526895_5656648271599239168_n.jpg?fit=225%2C300&amp;ssl=1\" data-large-file=\"https:\/\/i0.wp.com\/www.shqiperia.com\/blog\/wp-content\/uploads\/2018\/11\/42174158_1619523601526895_5656648271599239168_n.jpg?fit=720%2C960&amp;ssl=1\" class=\"alignnone  wp-image-14002\" alt=\"\" src=\"https:\/\/i0.wp.com\/www.shqiperia.com\/blog\/wp-content\/uploads\/2018\/11\/42174158_1619523601526895_5656648271599239168_n-225x300.jpg?resize=330%2C440\" width=\"330\" height=\"440\" srcset=\"https:\/\/i0.wp.com\/www.shqiperia.com\/blog\/wp-content\/uploads\/2018\/11\/42174158_1619523601526895_5656648271599239168_n.jpg?resize=225%2C300&amp;ssl=1 225w, https:\/\/i0.wp.com\/www.shqiperia.com\/blog\/wp-content\/uploads\/2018\/11\/42174158_1619523601526895_5656648271599239168_n.jpg?resize=450%2C600&amp;ssl=1 450w, https:\/\/i0.wp.com\/www.shqiperia.com\/blog\/wp-content\/uploads\/2018\/11\/42174158_1619523601526895_5656648271599239168_n.jpg?resize=600%2C800&amp;ssl=1 600w, https:\/\/i0.wp.com\/www.shqiperia.com\/blog\/wp-content\/uploads\/2018\/11\/42174158_1619523601526895_5656648271599239168_n.jpg?resize=400%2C533&amp;ssl=1 400w, https:\/\/i0.wp.com\/www.shqiperia.com\/blog\/wp-content\/uploads\/2018\/11\/42174158_1619523601526895_5656648271599239168_n.jpg?w=720&amp;ssl=1 720w\" sizes=\"auto, (max-width: 330px) 100vw, 330px\" \/> <img data-recalc-dims=\"1\" loading=\"lazy\" decoding=\"async\" data-attachment-id=\"14003\" data-permalink=\"https:\/\/www.shqiperia.com\/blog\/monument-banesa-e-pashko-vases-shkoder-album-foto\/42489188_1625308724281716_2772168950232907776_n\/\" data-orig-file=\"https:\/\/i0.wp.com\/www.shqiperia.com\/blog\/wp-content\/uploads\/2018\/11\/42489188_1625308724281716_2772168950232907776_n.jpg?fit=960%2C720&amp;ssl=1\" data-orig-size=\"960,720\" data-comments-opened=\"1\" data-image-meta=\"{&quot;aperture&quot;:&quot;0&quot;,&quot;credit&quot;:&quot;&quot;,&quot;camera&quot;:&quot;&quot;,&quot;caption&quot;:&quot;&quot;,&quot;created_timestamp&quot;:&quot;0&quot;,&quot;copyright&quot;:&quot;&quot;,&quot;focal_length&quot;:&quot;0&quot;,&quot;iso&quot;:&quot;0&quot;,&quot;shutter_speed&quot;:&quot;0&quot;,&quot;title&quot;:&quot;&quot;,&quot;orientation&quot;:&quot;0&quot;}\" data-image-title=\"42489188_1625308724281716_2772168950232907776_n\" data-image-description=\"\" data-image-caption=\"\" data-medium-file=\"https:\/\/i0.wp.com\/www.shqiperia.com\/blog\/wp-content\/uploads\/2018\/11\/42489188_1625308724281716_2772168950232907776_n.jpg?fit=300%2C225&amp;ssl=1\" data-large-file=\"https:\/\/i0.wp.com\/www.shqiperia.com\/blog\/wp-content\/uploads\/2018\/11\/42489188_1625308724281716_2772168950232907776_n.jpg?fit=960%2C720&amp;ssl=1\" class=\"alignnone  wp-image-14003\" alt=\"\" src=\"https:\/\/i0.wp.com\/www.shqiperia.com\/blog\/wp-content\/uploads\/2018\/11\/42489188_1625308724281716_2772168950232907776_n-300x225.jpg?resize=564%2C423\" width=\"564\" height=\"423\" srcset=\"https:\/\/i0.wp.com\/www.shqiperia.com\/blog\/wp-content\/uploads\/2018\/11\/42489188_1625308724281716_2772168950232907776_n.jpg?resize=300%2C225&amp;ssl=1 300w, https:\/\/i0.wp.com\/www.shqiperia.com\/blog\/wp-content\/uploads\/2018\/11\/42489188_1625308724281716_2772168950232907776_n.jpg?resize=768%2C576&amp;ssl=1 768w, https:\/\/i0.wp.com\/www.shqiperia.com\/blog\/wp-content\/uploads\/2018\/11\/42489188_1625308724281716_2772168950232907776_n.jpg?resize=450%2C338&amp;ssl=1 450w, https:\/\/i0.wp.com\/www.shqiperia.com\/blog\/wp-content\/uploads\/2018\/11\/42489188_1625308724281716_2772168950232907776_n.jpg?resize=600%2C450&amp;ssl=1 600w, https:\/\/i0.wp.com\/www.shqiperia.com\/blog\/wp-content\/uploads\/2018\/11\/42489188_1625308724281716_2772168950232907776_n.jpg?resize=400%2C300&amp;ssl=1 400w, https:\/\/i0.wp.com\/www.shqiperia.com\/blog\/wp-content\/uploads\/2018\/11\/42489188_1625308724281716_2772168950232907776_n.jpg?w=960&amp;ssl=1 960w\" sizes=\"auto, (max-width: 564px) 100vw, 564px\" \/> <img data-recalc-dims=\"1\" loading=\"lazy\" decoding=\"async\" data-attachment-id=\"14004\" data-permalink=\"https:\/\/www.shqiperia.com\/blog\/monument-banesa-e-pashko-vases-shkoder-album-foto\/banesa-pashko-vaso-4\/\" data-orig-file=\"https:\/\/i0.wp.com\/www.shqiperia.com\/blog\/wp-content\/uploads\/2018\/11\/Banesa-Pashko-Vaso-4.jpg?fit=960%2C720&amp;ssl=1\" data-orig-size=\"960,720\" data-comments-opened=\"1\" data-image-meta=\"{&quot;aperture&quot;:&quot;0&quot;,&quot;credit&quot;:&quot;&quot;,&quot;camera&quot;:&quot;&quot;,&quot;caption&quot;:&quot;&quot;,&quot;created_timestamp&quot;:&quot;0&quot;,&quot;copyright&quot;:&quot;&quot;,&quot;focal_length&quot;:&quot;0&quot;,&quot;iso&quot;:&quot;0&quot;,&quot;shutter_speed&quot;:&quot;0&quot;,&quot;title&quot;:&quot;&quot;,&quot;orientation&quot;:&quot;0&quot;}\" data-image-title=\"Banesa Pashko Vaso (4)\" data-image-description=\"\" data-image-caption=\"\" data-medium-file=\"https:\/\/i0.wp.com\/www.shqiperia.com\/blog\/wp-content\/uploads\/2018\/11\/Banesa-Pashko-Vaso-4.jpg?fit=300%2C225&amp;ssl=1\" data-large-file=\"https:\/\/i0.wp.com\/www.shqiperia.com\/blog\/wp-content\/uploads\/2018\/11\/Banesa-Pashko-Vaso-4.jpg?fit=960%2C720&amp;ssl=1\" class=\"alignnone  wp-image-14004\" alt=\"\" src=\"https:\/\/i0.wp.com\/www.shqiperia.com\/blog\/wp-content\/uploads\/2018\/11\/Banesa-Pashko-Vaso-4-300x225.jpg?resize=557%2C418\" width=\"557\" height=\"418\" srcset=\"https:\/\/i0.wp.com\/www.shqiperia.com\/blog\/wp-content\/uploads\/2018\/11\/Banesa-Pashko-Vaso-4.jpg?resize=300%2C225&amp;ssl=1 300w, https:\/\/i0.wp.com\/www.shqiperia.com\/blog\/wp-content\/uploads\/2018\/11\/Banesa-Pashko-Vaso-4.jpg?resize=768%2C576&amp;ssl=1 768w, https:\/\/i0.wp.com\/www.shqiperia.com\/blog\/wp-content\/uploads\/2018\/11\/Banesa-Pashko-Vaso-4.jpg?resize=450%2C338&amp;ssl=1 450w, https:\/\/i0.wp.com\/www.shqiperia.com\/blog\/wp-content\/uploads\/2018\/11\/Banesa-Pashko-Vaso-4.jpg?resize=600%2C450&amp;ssl=1 600w, https:\/\/i0.wp.com\/www.shqiperia.com\/blog\/wp-content\/uploads\/2018\/11\/Banesa-Pashko-Vaso-4.jpg?resize=400%2C300&amp;ssl=1 400w, https:\/\/i0.wp.com\/www.shqiperia.com\/blog\/wp-content\/uploads\/2018\/11\/Banesa-Pashko-Vaso-4.jpg?w=960&amp;ssl=1 960w\" sizes=\"auto, (max-width: 557px) 100vw, 557px\" \/> <img data-recalc-dims=\"1\" loading=\"lazy\" decoding=\"async\" data-attachment-id=\"14005\" data-permalink=\"https:\/\/www.shqiperia.com\/blog\/monument-banesa-e-pashko-vases-shkoder-album-foto\/banesa-pashko-vaso-5\/\" data-orig-file=\"https:\/\/i0.wp.com\/www.shqiperia.com\/blog\/wp-content\/uploads\/2018\/11\/Banesa-Pashko-Vaso-5.jpg?fit=720%2C960&amp;ssl=1\" data-orig-size=\"720,960\" data-comments-opened=\"1\" data-image-meta=\"{&quot;aperture&quot;:&quot;0&quot;,&quot;credit&quot;:&quot;&quot;,&quot;camera&quot;:&quot;&quot;,&quot;caption&quot;:&quot;&quot;,&quot;created_timestamp&quot;:&quot;0&quot;,&quot;copyright&quot;:&quot;&quot;,&quot;focal_length&quot;:&quot;0&quot;,&quot;iso&quot;:&quot;0&quot;,&quot;shutter_speed&quot;:&quot;0&quot;,&quot;title&quot;:&quot;&quot;,&quot;orientation&quot;:&quot;0&quot;}\" data-image-title=\"Banesa Pashko Vaso (5)\" data-image-description=\"\" data-image-caption=\"\" data-medium-file=\"https:\/\/i0.wp.com\/www.shqiperia.com\/blog\/wp-content\/uploads\/2018\/11\/Banesa-Pashko-Vaso-5.jpg?fit=225%2C300&amp;ssl=1\" data-large-file=\"https:\/\/i0.wp.com\/www.shqiperia.com\/blog\/wp-content\/uploads\/2018\/11\/Banesa-Pashko-Vaso-5.jpg?fit=720%2C960&amp;ssl=1\" class=\"alignnone  wp-image-14005\" alt=\"\" src=\"https:\/\/i0.wp.com\/www.shqiperia.com\/blog\/wp-content\/uploads\/2018\/11\/Banesa-Pashko-Vaso-5-225x300.jpg?resize=453%2C604\" width=\"453\" height=\"604\" srcset=\"https:\/\/i0.wp.com\/www.shqiperia.com\/blog\/wp-content\/uploads\/2018\/11\/Banesa-Pashko-Vaso-5.jpg?resize=225%2C300&amp;ssl=1 225w, https:\/\/i0.wp.com\/www.shqiperia.com\/blog\/wp-content\/uploads\/2018\/11\/Banesa-Pashko-Vaso-5.jpg?resize=450%2C600&amp;ssl=1 450w, https:\/\/i0.wp.com\/www.shqiperia.com\/blog\/wp-content\/uploads\/2018\/11\/Banesa-Pashko-Vaso-5.jpg?resize=600%2C800&amp;ssl=1 600w, https:\/\/i0.wp.com\/www.shqiperia.com\/blog\/wp-content\/uploads\/2018\/11\/Banesa-Pashko-Vaso-5.jpg?resize=400%2C533&amp;ssl=1 400w, https:\/\/i0.wp.com\/www.shqiperia.com\/blog\/wp-content\/uploads\/2018\/11\/Banesa-Pashko-Vaso-5.jpg?w=720&amp;ssl=1 720w\" sizes=\"auto, (max-width: 453px) 100vw, 453px\" \/><\/p>\n<p>Nj\u00eb nga pjes\u00ebt ku i kushtohej r\u00ebnd\u00ebsi ishte dhe Oda e miqve e cila q\u00eb nga tavani, oxhaku, dyert, dritaret, sergjit\u00eb, trapazani, raftet e murit e \u00e7do gj\u00eb punohej me gdhendje.<\/p>\n<p><img data-recalc-dims=\"1\" loading=\"lazy\" decoding=\"async\" data-attachment-id=\"14006\" data-permalink=\"https:\/\/www.shqiperia.com\/blog\/monument-banesa-e-pashko-vases-shkoder-album-foto\/banesa-pashko-vaso-3\/\" data-orig-file=\"https:\/\/i0.wp.com\/www.shqiperia.com\/blog\/wp-content\/uploads\/2018\/11\/Banesa-Pashko-Vaso-3.jpg?fit=835%2C800&amp;ssl=1\" data-orig-size=\"835,800\" data-comments-opened=\"1\" data-image-meta=\"{&quot;aperture&quot;:&quot;0&quot;,&quot;credit&quot;:&quot;&quot;,&quot;camera&quot;:&quot;&quot;,&quot;caption&quot;:&quot;&quot;,&quot;created_timestamp&quot;:&quot;0&quot;,&quot;copyright&quot;:&quot;&quot;,&quot;focal_length&quot;:&quot;0&quot;,&quot;iso&quot;:&quot;0&quot;,&quot;shutter_speed&quot;:&quot;0&quot;,&quot;title&quot;:&quot;&quot;,&quot;orientation&quot;:&quot;0&quot;}\" data-image-title=\"Banesa Pashko Vaso (3)\" data-image-description=\"\" data-image-caption=\"\" data-medium-file=\"https:\/\/i0.wp.com\/www.shqiperia.com\/blog\/wp-content\/uploads\/2018\/11\/Banesa-Pashko-Vaso-3.jpg?fit=300%2C287&amp;ssl=1\" data-large-file=\"https:\/\/i0.wp.com\/www.shqiperia.com\/blog\/wp-content\/uploads\/2018\/11\/Banesa-Pashko-Vaso-3.jpg?fit=835%2C800&amp;ssl=1\" class=\"alignnone  wp-image-14006\" alt=\"\" src=\"https:\/\/i0.wp.com\/www.shqiperia.com\/blog\/wp-content\/uploads\/2018\/11\/Banesa-Pashko-Vaso-3-300x287.jpg?resize=861%2C824\" width=\"861\" height=\"824\" srcset=\"https:\/\/i0.wp.com\/www.shqiperia.com\/blog\/wp-content\/uploads\/2018\/11\/Banesa-Pashko-Vaso-3.jpg?resize=300%2C287&amp;ssl=1 300w, https:\/\/i0.wp.com\/www.shqiperia.com\/blog\/wp-content\/uploads\/2018\/11\/Banesa-Pashko-Vaso-3.jpg?resize=768%2C736&amp;ssl=1 768w, https:\/\/i0.wp.com\/www.shqiperia.com\/blog\/wp-content\/uploads\/2018\/11\/Banesa-Pashko-Vaso-3.jpg?resize=450%2C431&amp;ssl=1 450w, https:\/\/i0.wp.com\/www.shqiperia.com\/blog\/wp-content\/uploads\/2018\/11\/Banesa-Pashko-Vaso-3.jpg?resize=600%2C575&amp;ssl=1 600w, https:\/\/i0.wp.com\/www.shqiperia.com\/blog\/wp-content\/uploads\/2018\/11\/Banesa-Pashko-Vaso-3.jpg?resize=400%2C383&amp;ssl=1 400w, https:\/\/i0.wp.com\/www.shqiperia.com\/blog\/wp-content\/uploads\/2018\/11\/Banesa-Pashko-Vaso-3.jpg?w=835&amp;ssl=1 835w\" sizes=\"auto, (max-width: 861px) 100vw, 861px\" \/><\/p>\n<p>Fotot Drkk Shkoder.<\/p>\n","protected":false},"excerpt":{"rendered":"<p>Monument \u2013Banesa e Pashko Vases, Shkoder, (album foto). &#8211; \u00c7do dit\u00eb me monumentet. Punime restauruese n\u00eb banes\u00ebn e patriotit Pashko Vasa n\u00eb qytetin e Shkodr\u00ebs, monument kulture i kategoris\u00eb s\u00eb I-re. Nd\u00ebrhyrja konsiston n\u00eb p\u00ebrforcimin e elementeve konstruktiv prej druri n\u00eb pjes\u00ebn e \u00e7atis\u00eb dhe punime t\u00eb tjera konservuese dhe mir\u00ebmbajtjeje n\u00eb k\u00ebt\u00eb banes\u00eb shkodrane [&hellip;]<\/p>\n","protected":false},"author":9,"featured_media":13997,"comment_status":"open","ping_status":"open","sticky":false,"template":"","format":"standard","meta":{"jetpack_post_was_ever_published":false,"_jetpack_newsletter_access":"","_jetpack_dont_email_post_to_subs":false,"_jetpack_newsletter_tier_id":0,"_jetpack_memberships_contains_paywalled_content":false,"_jetpack_memberships_contains_paid_content":false,"footnotes":"","jetpack_publicize_message":"","jetpack_publicize_feature_enabled":true,"jetpack_social_post_already_shared":true,"jetpack_social_options":{"image_generator_settings":{"template":"highway","default_image_id":0,"font":"","enabled":false},"version":2}},"categories":[85,10,86],"tags":[],"class_list":["post-13996","post","type-post","status-publish","format-standard","has-post-thumbnail","hentry","category-histori","category-kultura","category-trashegimi-kulturore"],"jetpack_publicize_connections":[],"jetpack_featured_media_url":"https:\/\/i0.wp.com\/www.shqiperia.com\/blog\/wp-content\/uploads\/2018\/11\/Banesa-Pashko-Vaso-2.jpg?fit=835%2C464&ssl=1","jetpack_sharing_enabled":true,"jetpack_shortlink":"https:\/\/wp.me\/p5Z6wp-3DK","jetpack-related-posts":[{"id":55958,"url":"https:\/\/www.shqiperia.com\/blog\/shtepia-monument-kulture-e-pashko-vases-drejt-degradimit-total-shteti-nuk-mbron-monumentin-e-kultures\/","url_meta":{"origin":13996,"position":0},"title":"Sht\u00ebpia Monument Kulture e Pashko Vas\u00ebs drejt degradimit total. &#8211; Shteti nuk mbron monumentin e Kultur\u00ebs","author":"Kurt Farka","date":"March 25, 2022","format":false,"excerpt":"Sht\u00ebpia Monument Kulture e Pashko Vas\u00ebs drejt degradimit total. - Shteti nuk mbron monumentin e Kultur\u00ebs 24 Mars 2022 \"N\u00eb 2018 \u00ebsht\u00eb b\u00ebr\u00eb nj\u00eb investim dhe \u00ebsht\u00eb punuar n\u00eb m\u00ebnyr\u00ebn m\u00eb skandaloze, prandaj \u00e7atia ka pikuar dhe vjen degradimi i sht\u00ebpis\u00eb\", tha trash\u00ebgimtarja e sht\u00ebpis\u00eb. \u00cbsht\u00eb ky mbishkrimi q\u00eb prej\u2026","rel":"","context":"In &quot;Histori&quot;","block_context":{"text":"Histori","link":"https:\/\/www.shqiperia.com\/blog\/category\/histori\/"},"img":{"alt_text":"","src":"https:\/\/i0.wp.com\/www.shqiperia.com\/blog\/wp-content\/uploads\/2022\/03\/Shtepia-Monument-Kulture-e-Pashko-Vases-Shkoder-.jpg?fit=466%2C283&ssl=1&resize=350%2C200","width":350,"height":200},"classes":[]},{"id":12101,"url":"https:\/\/www.shqiperia.com\/blog\/vdekja-e-gruas-se-pashko-vases-ne-liban-nje-ngjarje-plot-nderime-dhe-tolerance-revue-internationale-britannique-1884\/","url_meta":{"origin":13996,"position":1},"title":"VDEKJA E GRUAS S\u00cb PASHKO VAS\u00cbS N\u00cb LIBAN, NJ\u00cb NGJARJE PLOT NDERIME DHE TOLERANC\u00cb. &#8211; REVUE INTERNATIONALE BRITANNIQUE (1884). &#8211;","author":"Kurt Farka","date":"October 1, 2018","format":false,"excerpt":"VDEKJA E GRUAS S\u00cb PASHKO VAS\u00cbS N\u00cb LIBAN, NJ\u00cb NGJARJE PLOT NDERIME DHE TOLERANC\u00cb. - REVUE INTERNATIONALE BRITANNIQUE (1884). - Franc\u00eb, 21 Prill 2018: N\u00eb Revist\u00ebn Nd\u00ebrkomb\u00ebtare Britanike, t\u00eb botuar n\u00eb vitin 1884, n\u00eb Paris, n\u00eb versionin francez, gjejm\u00eb nj\u00eb shkrim, n\u00eb faqen n\u00b0 211, ku flitet p\u00ebr ndarjen nga\u2026","rel":"","context":"In &quot;Blogu i Udh\u00ebtarit&quot;","block_context":{"text":"Blogu i Udh\u00ebtarit","link":"https:\/\/www.shqiperia.com\/blog\/category\/blogu-i-udhetarit\/"},"img":{"alt_text":"","src":"https:\/\/i0.wp.com\/www.shqiperia.com\/blog\/wp-content\/uploads\/2018\/10\/pashko-vas-shkodrani-liban-Copy.jpg?fit=683%2C330&ssl=1&resize=350%2C200","width":350,"height":200,"srcset":"https:\/\/i0.wp.com\/www.shqiperia.com\/blog\/wp-content\/uploads\/2018\/10\/pashko-vas-shkodrani-liban-Copy.jpg?fit=683%2C330&ssl=1&resize=350%2C200 1x, https:\/\/i0.wp.com\/www.shqiperia.com\/blog\/wp-content\/uploads\/2018\/10\/pashko-vas-shkodrani-liban-Copy.jpg?fit=683%2C330&ssl=1&resize=525%2C300 1.5x"},"classes":[]},{"id":13944,"url":"https:\/\/www.shqiperia.com\/blog\/monument-kulla-e-gjon-markut-shkoder\/","url_meta":{"origin":13996,"position":2},"title":"Monument: &#8211; Kulla e Gjon Markut, Shkoder. &#8211;","author":"Kurt Farka","date":"November 21, 2018","format":false,"excerpt":"Monument: - Kulla e Gjon Markut, Shkoder. - Nj\u00eb nga objektet m\u00eb t\u00eb ve\u00e7anta, p\u00ebrsa i p\u00ebrket form\u00ebs, kompozimit planimetriko-funksional dhe trajtimit arkitektonik, n\u00eb qytetin e Shkodr\u00ebs \u00ebsht\u00eb dhe banesa e njohur si \"Kulla e Gjon Markagjonit\". Monument kulture i kategoris\u00eb s\u00eb I, shpallur n\u00eb vitin 1977. Foto nga Drkk\u2026","rel":"","context":"In &quot;Kultura&quot;","block_context":{"text":"Kultura","link":"https:\/\/www.shqiperia.com\/blog\/category\/kultura\/"},"img":{"alt_text":"","src":"https:\/\/i0.wp.com\/www.shqiperia.com\/blog\/wp-content\/uploads\/2018\/11\/Kulla-e-Gjon-Markut.jpg?fit=578%2C270&ssl=1&resize=350%2C200","width":350,"height":200,"srcset":"https:\/\/i0.wp.com\/www.shqiperia.com\/blog\/wp-content\/uploads\/2018\/11\/Kulla-e-Gjon-Markut.jpg?fit=578%2C270&ssl=1&resize=350%2C200 1x, https:\/\/i0.wp.com\/www.shqiperia.com\/blog\/wp-content\/uploads\/2018\/11\/Kulla-e-Gjon-Markut.jpg?fit=578%2C270&ssl=1&resize=525%2C300 1.5x"},"classes":[]},{"id":14960,"url":"https:\/\/www.shqiperia.com\/blog\/banesa-shkodrane-e-familjes-jubani-thesar-i-arkitektures\/","url_meta":{"origin":13996,"position":3},"title":"Banesa shkodrane e familjes Jubani, thesar i arkitektur\u00ebs. &#8211;","author":"Kurt Farka","date":"December 18, 2018","format":false,"excerpt":"Banesa shkodrane e familjes Jubani, thesar i arkitektur\u00ebs. - Banesat shkodrane njihen p\u00ebr vlerat arkitekturore, kulturore dhe historike q\u00eb ato mbartin. Gjithnj\u00eb e m\u00eb shum\u00eb k\u00ebto banesa jan\u00eb n\u00eb v\u00ebmendjen e institucioneve p\u00ebrkat\u00ebse p\u00ebr t\u2019i mir\u00ebmbajtur, n\u00eb m\u00ebnyr\u00eb q\u00eb t\u00eb ruajn\u00eb k\u00ebto vlera dhe t\u00eb jen\u00eb atraksione t\u00eb denja turistike.\u2026","rel":"","context":"In &quot;Histori&quot;","block_context":{"text":"Histori","link":"https:\/\/www.shqiperia.com\/blog\/category\/histori\/"},"img":{"alt_text":"","src":"https:\/\/i0.wp.com\/www.shqiperia.com\/blog\/wp-content\/uploads\/2018\/12\/banesa1-696x392.jpg?fit=696%2C392&ssl=1&resize=350%2C200","width":350,"height":200,"srcset":"https:\/\/i0.wp.com\/www.shqiperia.com\/blog\/wp-content\/uploads\/2018\/12\/banesa1-696x392.jpg?fit=696%2C392&ssl=1&resize=350%2C200 1x, https:\/\/i0.wp.com\/www.shqiperia.com\/blog\/wp-content\/uploads\/2018\/12\/banesa1-696x392.jpg?fit=696%2C392&ssl=1&resize=525%2C300 1.5x"},"classes":[]},{"id":31282,"url":"https:\/\/www.shqiperia.com\/blog\/banesa-kale-monument-kulture-gjirokaster\/","url_meta":{"origin":13996,"position":4},"title":"Banesa &#8220;Kale&#8221;, \u00a0Monument Kulture. Gjirokaster.","author":"Kurt Farka","date":"February 8, 2020","format":false,"excerpt":"Banesa \"Kale\", \u00a0Monument Kulture. Gjirokaster. Shkurt 2020 Ne hyrjen e lagjes Pllak\u00eb ne Gjirokaster. Eshte monument i kategorise se dyte dhe objekti i pare qe has kur viziton Gjirokastren. Banesa mbante nje datim (1884) si dhe nje mbishkrim ne osmanisht e stilizuar me nje motiv floreal e nje pellumb. Sot,\u2026","rel":"","context":"In &quot;Histori&quot;","block_context":{"text":"Histori","link":"https:\/\/www.shqiperia.com\/blog\/category\/histori\/"},"img":{"alt_text":"","src":"https:\/\/i0.wp.com\/www.shqiperia.com\/blog\/wp-content\/uploads\/2020\/02\/Banesa-Kale-Gjirokaster-Copy.jpg?fit=960%2C484&ssl=1&resize=350%2C200","width":350,"height":200,"srcset":"https:\/\/i0.wp.com\/www.shqiperia.com\/blog\/wp-content\/uploads\/2020\/02\/Banesa-Kale-Gjirokaster-Copy.jpg?fit=960%2C484&ssl=1&resize=350%2C200 1x, https:\/\/i0.wp.com\/www.shqiperia.com\/blog\/wp-content\/uploads\/2020\/02\/Banesa-Kale-Gjirokaster-Copy.jpg?fit=960%2C484&ssl=1&resize=525%2C300 1.5x, https:\/\/i0.wp.com\/www.shqiperia.com\/blog\/wp-content\/uploads\/2020\/02\/Banesa-Kale-Gjirokaster-Copy.jpg?fit=960%2C484&ssl=1&resize=700%2C400 2x"},"classes":[]},{"id":5409,"url":"https:\/\/www.shqiperia.com\/blog\/pashko-gjeci-mesues-ne-fushe-kruje-kur-perkthente-danten\/","url_meta":{"origin":13996,"position":5},"title":"Pashko Gje\u00e7i: M\u00ebsues n\u00eb Fush\u00eb-Kruj\u00eb kur p\u00ebrkthente Danten. &#8211;","author":"Kurt Farka","date":"March 22, 2018","format":false,"excerpt":"\u00a0 \u00a0 \u00a0 Lindi n\u00eb Shkod\u00ebr n\u00eb lagjen Arra e Madhe m\u00eb 7 shtator 1918 dhe nd\u00ebrroi jet\u00eb\u00a0 m\u00eb 21 janar 2010 n\u00eb Tiran\u00eb. Mbas mbarimit t\u00eb fillores nis kolegjin Jezuit po n\u00eb Shkod\u00ebr, 1930-\u201934. Me ligjin Ivanaj, shkollat fetare mbyllen dhe nx\u00ebn\u00ebsit kalojn\u00eb n\u00eb gjimnazin e Shkodr\u00ebs, 1934-\u201938. Ishte\u2026","rel":"","context":"In &quot;Kultura&quot;","block_context":{"text":"Kultura","link":"https:\/\/www.shqiperia.com\/blog\/category\/kultura\/"},"img":{"alt_text":"","src":"https:\/\/i0.wp.com\/www.shqiperia.com\/blog\/wp-content\/uploads\/2018\/03\/pashko-gjeci--300x281.jpg?resize=350%2C200","width":350,"height":200},"classes":[]}],"_links":{"self":[{"href":"https:\/\/www.shqiperia.com\/blog\/wp-json\/wp\/v2\/posts\/13996","targetHints":{"allow":["GET"]}}],"collection":[{"href":"https:\/\/www.shqiperia.com\/blog\/wp-json\/wp\/v2\/posts"}],"about":[{"href":"https:\/\/www.shqiperia.com\/blog\/wp-json\/wp\/v2\/types\/post"}],"author":[{"embeddable":true,"href":"https:\/\/www.shqiperia.com\/blog\/wp-json\/wp\/v2\/users\/9"}],"replies":[{"embeddable":true,"href":"https:\/\/www.shqiperia.com\/blog\/wp-json\/wp\/v2\/comments?post=13996"}],"version-history":[{"count":1,"href":"https:\/\/www.shqiperia.com\/blog\/wp-json\/wp\/v2\/posts\/13996\/revisions"}],"predecessor-version":[{"id":14007,"href":"https:\/\/www.shqiperia.com\/blog\/wp-json\/wp\/v2\/posts\/13996\/revisions\/14007"}],"wp:featuredmedia":[{"embeddable":true,"href":"https:\/\/www.shqiperia.com\/blog\/wp-json\/wp\/v2\/media\/13997"}],"wp:attachment":[{"href":"https:\/\/www.shqiperia.com\/blog\/wp-json\/wp\/v2\/media?parent=13996"}],"wp:term":[{"taxonomy":"category","embeddable":true,"href":"https:\/\/www.shqiperia.com\/blog\/wp-json\/wp\/v2\/categories?post=13996"},{"taxonomy":"post_tag","embeddable":true,"href":"https:\/\/www.shqiperia.com\/blog\/wp-json\/wp\/v2\/tags?post=13996"}],"curies":[{"name":"wp","href":"https:\/\/api.w.org\/{rel}","templated":true}]}}