{"id":13985,"date":"2018-11-22T21:58:20","date_gmt":"2018-11-22T21:58:20","guid":{"rendered":"http:\/\/www.shqiperia.com\/blog\/?p=13985"},"modified":"2018-11-22T21:58:20","modified_gmt":"2018-11-22T21:58:20","slug":"blendi-klosi-shet-gjelin-e-eger-te-siberise-si-specien-e-shpetuar-ne-tomorr-por-del-zbuluar-dhe-fshin-postimin","status":"publish","type":"post","link":"https:\/\/www.shqiperia.com\/blog\/blendi-klosi-shet-gjelin-e-eger-te-siberise-si-specien-e-shpetuar-ne-tomorr-por-del-zbuluar-dhe-fshin-postimin\/","title":{"rendered":"Blendi Klosi \u2018shet\u2019 gjelin e eg\u00ebr t\u00eb Siberis\u00eb si specien e shp\u00ebtuar n\u00eb Tomorr, por del zbuluar dhe fshin postimin. &#8211;"},"content":{"rendered":"<div id=\"attachment_13989\" style=\"width: 691px\" class=\"wp-caption alignnone\"><img data-recalc-dims=\"1\" loading=\"lazy\" decoding=\"async\" aria-describedby=\"caption-attachment-13989\" data-attachment-id=\"13989\" data-permalink=\"https:\/\/www.shqiperia.com\/blog\/blendi-klosi-shet-gjelin-e-eger-te-siberise-si-specien-e-shpetuar-ne-tomorr-por-del-zbuluar-dhe-fshin-postimin\/gjeli-i-rusise-shitet-na-blendi-klosi-2-2\/\" data-orig-file=\"https:\/\/i0.wp.com\/www.shqiperia.com\/blog\/wp-content\/uploads\/2018\/11\/Gjeli-i-Rusise-shitet-na-Blendi-Klosi-2-1.jpg?fit=713%2C465&amp;ssl=1\" data-orig-size=\"713,465\" data-comments-opened=\"1\" data-image-meta=\"{&quot;aperture&quot;:&quot;0&quot;,&quot;credit&quot;:&quot;&quot;,&quot;camera&quot;:&quot;&quot;,&quot;caption&quot;:&quot;&quot;,&quot;created_timestamp&quot;:&quot;0&quot;,&quot;copyright&quot;:&quot;&quot;,&quot;focal_length&quot;:&quot;0&quot;,&quot;iso&quot;:&quot;0&quot;,&quot;shutter_speed&quot;:&quot;0&quot;,&quot;title&quot;:&quot;&quot;,&quot;orientation&quot;:&quot;0&quot;}\" data-image-title=\"Gjeli i Rusise shitet na Blendi Klosi (2)\" data-image-description=\"\" data-image-caption=\"&lt;p&gt;Gjeli i Rusise shitet na Blendi Klosi&lt;\/p&gt;\n\" data-medium-file=\"https:\/\/i0.wp.com\/www.shqiperia.com\/blog\/wp-content\/uploads\/2018\/11\/Gjeli-i-Rusise-shitet-na-Blendi-Klosi-2-1.jpg?fit=300%2C196&amp;ssl=1\" data-large-file=\"https:\/\/i0.wp.com\/www.shqiperia.com\/blog\/wp-content\/uploads\/2018\/11\/Gjeli-i-Rusise-shitet-na-Blendi-Klosi-2-1.jpg?fit=713%2C465&amp;ssl=1\" class=\" wp-image-13989\" alt=\"\" src=\"https:\/\/i0.wp.com\/www.shqiperia.com\/blog\/wp-content\/uploads\/2018\/11\/Gjeli-i-Rusise-shitet-na-Blendi-Klosi-2-1-300x196.jpg?resize=681%2C445\" width=\"681\" height=\"445\" srcset=\"https:\/\/i0.wp.com\/www.shqiperia.com\/blog\/wp-content\/uploads\/2018\/11\/Gjeli-i-Rusise-shitet-na-Blendi-Klosi-2-1.jpg?resize=300%2C196&amp;ssl=1 300w, https:\/\/i0.wp.com\/www.shqiperia.com\/blog\/wp-content\/uploads\/2018\/11\/Gjeli-i-Rusise-shitet-na-Blendi-Klosi-2-1.jpg?resize=450%2C293&amp;ssl=1 450w, https:\/\/i0.wp.com\/www.shqiperia.com\/blog\/wp-content\/uploads\/2018\/11\/Gjeli-i-Rusise-shitet-na-Blendi-Klosi-2-1.jpg?resize=600%2C391&amp;ssl=1 600w, https:\/\/i0.wp.com\/www.shqiperia.com\/blog\/wp-content\/uploads\/2018\/11\/Gjeli-i-Rusise-shitet-na-Blendi-Klosi-2-1.jpg?resize=400%2C261&amp;ssl=1 400w, https:\/\/i0.wp.com\/www.shqiperia.com\/blog\/wp-content\/uploads\/2018\/11\/Gjeli-i-Rusise-shitet-na-Blendi-Klosi-2-1.jpg?w=713&amp;ssl=1 713w\" sizes=\"auto, (max-width: 681px) 100vw, 681px\" \/><p id=\"caption-attachment-13989\" class=\"wp-caption-text\">Gjeli i Rusise shitet na Blendi Klosi<\/p><\/div>\n<p><strong>Blendi Klosi \u2018shet\u2019 gjelin e eg\u00ebr t\u00eb Siberis\u00eb si specien e shp\u00ebtuar n\u00eb Tomorr, por del zbuluar dhe fshin postimin. &#8211;<br \/>\n<\/strong><\/p>\n<p><strong>Ish-banori i \u201cBig Brother\u201d, Algen Nikolla ka nxjerr zbuluar Ministrin e Turizmit dhe Mjedisit, Blendi Klosi, i cili n\u00eb nj\u00eb postim n\u00eb faqen e Facebook ka prezantuar fotografit\u00eb e nj\u00eb specia n\u00eb zhdukje, ato t\u00eb gjelit t\u00eb eg\u00ebr n\u00eb Parkun Komb\u00ebtar t\u00eb Tomorrit.<\/strong><\/p>\n<div id=\"attachment_13990\" style=\"width: 607px\" class=\"wp-caption alignnone\"><img data-recalc-dims=\"1\" loading=\"lazy\" decoding=\"async\" aria-describedby=\"caption-attachment-13990\" data-attachment-id=\"13990\" data-permalink=\"https:\/\/www.shqiperia.com\/blog\/blendi-klosi-shet-gjelin-e-eger-te-siberise-si-specien-e-shpetuar-ne-tomorr-por-del-zbuluar-dhe-fshin-postimin\/gjeli-i-rusise-shitet-na-blendi-klosi-3\/\" data-orig-file=\"https:\/\/i0.wp.com\/www.shqiperia.com\/blog\/wp-content\/uploads\/2018\/11\/Gjeli-i-Rusise-shitet-na-Blendi-Klosi-1.jpg?fit=713%2C1120&amp;ssl=1\" data-orig-size=\"713,1120\" data-comments-opened=\"1\" data-image-meta=\"{&quot;aperture&quot;:&quot;0&quot;,&quot;credit&quot;:&quot;&quot;,&quot;camera&quot;:&quot;&quot;,&quot;caption&quot;:&quot;&quot;,&quot;created_timestamp&quot;:&quot;0&quot;,&quot;copyright&quot;:&quot;&quot;,&quot;focal_length&quot;:&quot;0&quot;,&quot;iso&quot;:&quot;0&quot;,&quot;shutter_speed&quot;:&quot;0&quot;,&quot;title&quot;:&quot;&quot;,&quot;orientation&quot;:&quot;0&quot;}\" data-image-title=\"Gjeli i Rusise shitet na Blendi Klosi\" data-image-description=\"\" data-image-caption=\"&lt;p&gt;Gjeli i Rusise shitet na Blendi Klosi&lt;\/p&gt;\n\" data-medium-file=\"https:\/\/i0.wp.com\/www.shqiperia.com\/blog\/wp-content\/uploads\/2018\/11\/Gjeli-i-Rusise-shitet-na-Blendi-Klosi-1.jpg?fit=191%2C300&amp;ssl=1\" data-large-file=\"https:\/\/i0.wp.com\/www.shqiperia.com\/blog\/wp-content\/uploads\/2018\/11\/Gjeli-i-Rusise-shitet-na-Blendi-Klosi-1.jpg?fit=652%2C1024&amp;ssl=1\" class=\" wp-image-13990\" alt=\"\" src=\"https:\/\/i0.wp.com\/www.shqiperia.com\/blog\/wp-content\/uploads\/2018\/11\/Gjeli-i-Rusise-shitet-na-Blendi-Klosi-1-191x300.jpg?resize=597%2C938\" width=\"597\" height=\"938\" srcset=\"https:\/\/i0.wp.com\/www.shqiperia.com\/blog\/wp-content\/uploads\/2018\/11\/Gjeli-i-Rusise-shitet-na-Blendi-Klosi-1.jpg?resize=191%2C300&amp;ssl=1 191w, https:\/\/i0.wp.com\/www.shqiperia.com\/blog\/wp-content\/uploads\/2018\/11\/Gjeli-i-Rusise-shitet-na-Blendi-Klosi-1.jpg?resize=652%2C1024&amp;ssl=1 652w, https:\/\/i0.wp.com\/www.shqiperia.com\/blog\/wp-content\/uploads\/2018\/11\/Gjeli-i-Rusise-shitet-na-Blendi-Klosi-1.jpg?resize=450%2C707&amp;ssl=1 450w, https:\/\/i0.wp.com\/www.shqiperia.com\/blog\/wp-content\/uploads\/2018\/11\/Gjeli-i-Rusise-shitet-na-Blendi-Klosi-1.jpg?resize=600%2C942&amp;ssl=1 600w, https:\/\/i0.wp.com\/www.shqiperia.com\/blog\/wp-content\/uploads\/2018\/11\/Gjeli-i-Rusise-shitet-na-Blendi-Klosi-1.jpg?resize=400%2C628&amp;ssl=1 400w, https:\/\/i0.wp.com\/www.shqiperia.com\/blog\/wp-content\/uploads\/2018\/11\/Gjeli-i-Rusise-shitet-na-Blendi-Klosi-1.jpg?w=713&amp;ssl=1 713w\" sizes=\"auto, (max-width: 597px) 100vw, 597px\" \/><p id=\"caption-attachment-13990\" class=\"wp-caption-text\">Gjeli i Rusise shitet na Blendi Klosi<\/p><\/div>\n<p>Por Nikolla ka publikuar nj\u00eb fotografi t\u00eb nj\u00eb faqen online ruse, ku duket q\u00eb \u00ebsht\u00eb e nj\u00ebjta foto me at\u00eb t\u00eb postuar n\u00eb statusin e Ministrit t\u00eb Turizmit dhe Mjedisit, Blendi Klosi.<\/p>\n<p><strong>\u201cFotoja te Blendi Klosi q\u00eb shp\u00ebtoi Gjelin e Eg\u00ebr. Fotoja e Wild Siberia e sitit rus. Fotoja ka dal\u00eb n\u00eb 2016 n\u00eb Kam\u00e7atka. T\u00eb nj\u00ebjt\u00ebt i paska kap Blendi n\u00eb Park t\u00eb Tomorit. Ngel\u00ebt tu na kopju rus\u00ebt\u2026\u201d, ironizon ish-banori i Big Brother.<\/strong><\/p>\n<p><img data-recalc-dims=\"1\" loading=\"lazy\" decoding=\"async\" data-attachment-id=\"13991\" data-permalink=\"https:\/\/www.shqiperia.com\/blog\/blendi-klosi-shet-gjelin-e-eger-te-siberise-si-specien-e-shpetuar-ne-tomorr-por-del-zbuluar-dhe-fshin-postimin\/blendi-klosi-gafa-gjeli-eger\/\" data-orig-file=\"https:\/\/i0.wp.com\/www.shqiperia.com\/blog\/wp-content\/uploads\/2018\/11\/Blendi-Klosi-gafa-gjeli-eger.jpg?fit=600%2C500&amp;ssl=1\" data-orig-size=\"600,500\" data-comments-opened=\"1\" data-image-meta=\"{&quot;aperture&quot;:&quot;0&quot;,&quot;credit&quot;:&quot;&quot;,&quot;camera&quot;:&quot;&quot;,&quot;caption&quot;:&quot;&quot;,&quot;created_timestamp&quot;:&quot;0&quot;,&quot;copyright&quot;:&quot;&quot;,&quot;focal_length&quot;:&quot;0&quot;,&quot;iso&quot;:&quot;0&quot;,&quot;shutter_speed&quot;:&quot;0&quot;,&quot;title&quot;:&quot;&quot;,&quot;orientation&quot;:&quot;0&quot;}\" data-image-title=\"Blendi-Klosi-gafa-gjeli-eger\" data-image-description=\"\" data-image-caption=\"\" data-medium-file=\"https:\/\/i0.wp.com\/www.shqiperia.com\/blog\/wp-content\/uploads\/2018\/11\/Blendi-Klosi-gafa-gjeli-eger.jpg?fit=300%2C250&amp;ssl=1\" data-large-file=\"https:\/\/i0.wp.com\/www.shqiperia.com\/blog\/wp-content\/uploads\/2018\/11\/Blendi-Klosi-gafa-gjeli-eger.jpg?fit=600%2C500&amp;ssl=1\" class=\"alignnone  wp-image-13991\" alt=\"\" src=\"https:\/\/i0.wp.com\/www.shqiperia.com\/blog\/wp-content\/uploads\/2018\/11\/Blendi-Klosi-gafa-gjeli-eger-300x250.jpg?resize=834%2C695\" width=\"834\" height=\"695\" srcset=\"https:\/\/i0.wp.com\/www.shqiperia.com\/blog\/wp-content\/uploads\/2018\/11\/Blendi-Klosi-gafa-gjeli-eger.jpg?resize=300%2C250&amp;ssl=1 300w, https:\/\/i0.wp.com\/www.shqiperia.com\/blog\/wp-content\/uploads\/2018\/11\/Blendi-Klosi-gafa-gjeli-eger.jpg?resize=450%2C375&amp;ssl=1 450w, https:\/\/i0.wp.com\/www.shqiperia.com\/blog\/wp-content\/uploads\/2018\/11\/Blendi-Klosi-gafa-gjeli-eger.jpg?w=600&amp;ssl=1 600w, https:\/\/i0.wp.com\/www.shqiperia.com\/blog\/wp-content\/uploads\/2018\/11\/Blendi-Klosi-gafa-gjeli-eger.jpg?resize=400%2C333&amp;ssl=1 400w\" sizes=\"auto, (max-width: 834px) 100vw, 834px\" \/><\/p>\n<p><em>M\u00eb her\u00ebt n\u00eb statusin e publikuar nga ministri Klosi, postim i cili nuk gjendet m\u00eb n\u00eb faqen e tij t\u00eb Facebook, thuhej se kjo specia e rrall\u00eb e faun\u00ebs u shp\u00ebtua fale moratoriumit t\u00eb gjuetis\u00eb. <\/em><\/p>\n<p><em>\u201cPasi rrezikoi zhdukjen, nj\u00eb nga speciet e rralla t\u00eb faun\u00ebs s\u00eb eg\u00ebr, \u00ebsht\u00eb vrojtuar s\u00ebrish nga ekspert\u00ebt n\u00eb Parkun Komb\u00ebtar t\u00eb Tomorit. Gjeli i eg\u00ebr, i shtuar s\u00eb fundmi fal\u00eb qet\u00ebsis\u00eb nga moratoriumi i gjuetis\u00eb, \u00ebsht\u00eb tashm\u00eb pjes\u00eb e nj\u00eb projekti europian, t\u00eb zbatuar nga zonat e mbrojtura\u201d, thekson Klosi<\/em>.<\/p>\n<div id=\"attachment_13992\" style=\"width: 876px\" class=\"wp-caption alignnone\"><img data-recalc-dims=\"1\" loading=\"lazy\" decoding=\"async\" aria-describedby=\"caption-attachment-13992\" data-attachment-id=\"13992\" data-permalink=\"https:\/\/www.shqiperia.com\/blog\/blendi-klosi-shet-gjelin-e-eger-te-siberise-si-specien-e-shpetuar-ne-tomorr-por-del-zbuluar-dhe-fshin-postimin\/gjeli-i-rusise-shitet-na-blendi-klosi-2-3\/\" data-orig-file=\"https:\/\/i0.wp.com\/www.shqiperia.com\/blog\/wp-content\/uploads\/2018\/11\/Gjeli-i-Rusise-shitet-na-Blendi-Klosi-2-2.jpg?fit=713%2C465&amp;ssl=1\" data-orig-size=\"713,465\" data-comments-opened=\"1\" data-image-meta=\"{&quot;aperture&quot;:&quot;0&quot;,&quot;credit&quot;:&quot;&quot;,&quot;camera&quot;:&quot;&quot;,&quot;caption&quot;:&quot;&quot;,&quot;created_timestamp&quot;:&quot;0&quot;,&quot;copyright&quot;:&quot;&quot;,&quot;focal_length&quot;:&quot;0&quot;,&quot;iso&quot;:&quot;0&quot;,&quot;shutter_speed&quot;:&quot;0&quot;,&quot;title&quot;:&quot;&quot;,&quot;orientation&quot;:&quot;0&quot;}\" data-image-title=\"Gjeli i Rusise shitet na Blendi Klosi (2)\" data-image-description=\"\" data-image-caption=\"&lt;p&gt;Gjeli i Rusise shitet na Blendi Klosi&lt;\/p&gt;\n\" data-medium-file=\"https:\/\/i0.wp.com\/www.shqiperia.com\/blog\/wp-content\/uploads\/2018\/11\/Gjeli-i-Rusise-shitet-na-Blendi-Klosi-2-2.jpg?fit=300%2C196&amp;ssl=1\" data-large-file=\"https:\/\/i0.wp.com\/www.shqiperia.com\/blog\/wp-content\/uploads\/2018\/11\/Gjeli-i-Rusise-shitet-na-Blendi-Klosi-2-2.jpg?fit=713%2C465&amp;ssl=1\" class=\" wp-image-13992\" alt=\"\" src=\"https:\/\/i0.wp.com\/www.shqiperia.com\/blog\/wp-content\/uploads\/2018\/11\/Gjeli-i-Rusise-shitet-na-Blendi-Klosi-2-2-300x196.jpg?resize=866%2C566\" width=\"866\" height=\"566\" srcset=\"https:\/\/i0.wp.com\/www.shqiperia.com\/blog\/wp-content\/uploads\/2018\/11\/Gjeli-i-Rusise-shitet-na-Blendi-Klosi-2-2.jpg?resize=300%2C196&amp;ssl=1 300w, https:\/\/i0.wp.com\/www.shqiperia.com\/blog\/wp-content\/uploads\/2018\/11\/Gjeli-i-Rusise-shitet-na-Blendi-Klosi-2-2.jpg?resize=450%2C293&amp;ssl=1 450w, https:\/\/i0.wp.com\/www.shqiperia.com\/blog\/wp-content\/uploads\/2018\/11\/Gjeli-i-Rusise-shitet-na-Blendi-Klosi-2-2.jpg?resize=600%2C391&amp;ssl=1 600w, https:\/\/i0.wp.com\/www.shqiperia.com\/blog\/wp-content\/uploads\/2018\/11\/Gjeli-i-Rusise-shitet-na-Blendi-Klosi-2-2.jpg?resize=400%2C261&amp;ssl=1 400w, https:\/\/i0.wp.com\/www.shqiperia.com\/blog\/wp-content\/uploads\/2018\/11\/Gjeli-i-Rusise-shitet-na-Blendi-Klosi-2-2.jpg?w=713&amp;ssl=1 713w\" sizes=\"auto, (max-width: 866px) 100vw, 866px\" \/><p id=\"caption-attachment-13992\" class=\"wp-caption-text\">Gjeli i Rusise shitet na Blendi Klosi<\/p><\/div>\n","protected":false},"excerpt":{"rendered":"<p>Blendi Klosi \u2018shet\u2019 gjelin e eg\u00ebr t\u00eb Siberis\u00eb si specien e shp\u00ebtuar n\u00eb Tomorr, por del zbuluar dhe fshin postimin. &#8211; Ish-banori i \u201cBig Brother\u201d, Algen Nikolla ka nxjerr zbuluar Ministrin e Turizmit dhe Mjedisit, Blendi Klosi, i cili n\u00eb nj\u00eb postim n\u00eb faqen e Facebook ka prezantuar fotografit\u00eb e nj\u00eb specia n\u00eb zhdukje, ato [&hellip;]<\/p>\n","protected":false},"author":9,"featured_media":13986,"comment_status":"open","ping_status":"open","sticky":false,"template":"","format":"standard","meta":{"jetpack_post_was_ever_published":false,"_jetpack_newsletter_access":"","_jetpack_dont_email_post_to_subs":false,"_jetpack_newsletter_tier_id":0,"_jetpack_memberships_contains_paywalled_content":false,"_jetpack_memberships_contains_paid_content":false,"footnotes":"","jetpack_publicize_message":"","jetpack_publicize_feature_enabled":true,"jetpack_social_post_already_shared":true,"jetpack_social_options":{"image_generator_settings":{"template":"highway","default_image_id":0,"font":"","enabled":false},"version":2}},"categories":[27,2,35],"tags":[],"class_list":["post-13985","post","type-post","status-publish","format-standard","has-post-thumbnail","hentry","category-blogu-i-udhetarit","category-politika","category-shoqerore"],"jetpack_publicize_connections":[],"jetpack_featured_media_url":"https:\/\/i0.wp.com\/www.shqiperia.com\/blog\/wp-content\/uploads\/2018\/11\/KLosi-faqja-facebook-e1542730584306.jpg?fit=713%2C465&ssl=1","jetpack_sharing_enabled":true,"jetpack_shortlink":"https:\/\/wp.me\/p5Z6wp-3Dz","jetpack-related-posts":[{"id":78207,"url":"https:\/\/www.shqiperia.com\/blog\/blendi-klosi-zbardh-detaje-nga-vizita-e-sekretarit-te-shtetit-amerikan-ja-pse-do-takohet-me-kreun-e-spak\/","url_meta":{"origin":13985,"position":0},"title":"Blendi Klosi zbardh detaje nga vizita e sekretarit t\u00eb shtetit amerikan: &#8211; Ja pse do takohet me kreun e SPAK","author":"Kurt Farka","date":"February 12, 2024","format":false,"excerpt":"12 Shkurt 2024 Sekretari i P\u00ebrgjithsh\u00ebm i PS, Blendi Klosi foli n\u00eb lidhje me vizit\u00ebn e sekretarit t\u00eb shtetit amerikan n\u00eb vendin ton\u00eb Antony Blinken. N\u00eb nj\u00eb lidhje t\u00eb drejtp\u00ebrdrejt p\u00ebr mediat, ai theksoi se Shqip\u00ebria \u00ebsht\u00eb i vetmi vend me nj\u00eb qeverisje stab\u00ebl e ndaj nuk habitet me vizit\u00ebn\u2026","rel":"","context":"In &quot;Blogu i Udh\u00ebtarit&quot;","block_context":{"text":"Blogu i Udh\u00ebtarit","link":"https:\/\/www.shqiperia.com\/blog\/category\/blogu-i-udhetarit\/"},"img":{"alt_text":"","src":"https:\/\/i0.wp.com\/www.shqiperia.com\/blog\/wp-content\/uploads\/2024\/02\/800-0-65ca1e408a7db.jpg?fit=800%2C451&ssl=1&resize=350%2C200","width":350,"height":200,"srcset":"https:\/\/i0.wp.com\/www.shqiperia.com\/blog\/wp-content\/uploads\/2024\/02\/800-0-65ca1e408a7db.jpg?fit=800%2C451&ssl=1&resize=350%2C200 1x, https:\/\/i0.wp.com\/www.shqiperia.com\/blog\/wp-content\/uploads\/2024\/02\/800-0-65ca1e408a7db.jpg?fit=800%2C451&ssl=1&resize=525%2C300 1.5x, https:\/\/i0.wp.com\/www.shqiperia.com\/blog\/wp-content\/uploads\/2024\/02\/800-0-65ca1e408a7db.jpg?fit=800%2C451&ssl=1&resize=700%2C400 2x"},"classes":[]},{"id":75503,"url":"https:\/\/www.shqiperia.com\/blog\/shperdorimi-i-detyres-eshte-vepra-me-e-perdorur-nga-drejtesia-kunder-pushtetareve-mundet-te-hiqet-nga-kodi-i-ri-penal-blendi-klosi-nuk-e-mohoi\/","url_meta":{"origin":13985,"position":1},"title":"\u201cShp\u00ebrdorimi i detyr\u00ebs\u201d \u00ebsht\u00eb vepra m\u00eb e p\u00ebrdorur nga drejt\u00ebsia kund\u00ebr pushtetar\u00ebve, mundet te hiqet nga Kodi i ri Penal. Blendi Klosi, nuk e mohoi","author":"Kurt Farka","date":"November 11, 2023","format":false,"excerpt":"11 Nentor 2023 Statistikat zyrtare tregojn\u00eb se vepra penale \u201cShp\u00ebrdorimi i detyr\u00ebs\u201d \u00ebsht\u00eb vepra m\u00eb e p\u00ebrdorur nga drejt\u00ebsia kund\u00ebr pushtetar\u00ebve. Por s\u00eb fundmi jan\u00eb shtuar z\u00ebrat se kjo vep\u00ebr penale do t\u00eb hiqet nga Kodi Penal.\u00a0 K\u00ebta z\u00ebra nuk i mohoi as Sekretari i P\u00ebrgjithsh\u00ebm i LS, Blendi Klosi,\u2026","rel":"","context":"In &quot;Blogu i Udh\u00ebtarit&quot;","block_context":{"text":"Blogu i Udh\u00ebtarit","link":"https:\/\/www.shqiperia.com\/blog\/category\/blogu-i-udhetarit\/"},"img":{"alt_text":"","src":"https:\/\/i0.wp.com\/www.shqiperia.com\/blog\/wp-content\/uploads\/2023\/11\/800-0-654f20042b724.jpg?fit=800%2C532&ssl=1&resize=350%2C200","width":350,"height":200,"srcset":"https:\/\/i0.wp.com\/www.shqiperia.com\/blog\/wp-content\/uploads\/2023\/11\/800-0-654f20042b724.jpg?fit=800%2C532&ssl=1&resize=350%2C200 1x, https:\/\/i0.wp.com\/www.shqiperia.com\/blog\/wp-content\/uploads\/2023\/11\/800-0-654f20042b724.jpg?fit=800%2C532&ssl=1&resize=525%2C300 1.5x, https:\/\/i0.wp.com\/www.shqiperia.com\/blog\/wp-content\/uploads\/2023\/11\/800-0-654f20042b724.jpg?fit=800%2C532&ssl=1&resize=700%2C400 2x"},"classes":[]},{"id":25646,"url":"https:\/\/www.shqiperia.com\/blog\/ministri-klosi-promovon-nudizmin-ne-plazhe-jane-te-mirepritur-cdo-vit-ne-shqiperi\/","url_meta":{"origin":13985,"position":2},"title":"Ministri Klosi promovon nudizmin n\u00eb plazhe: Jan\u00eb t\u00eb mir\u00ebpritur \u00e7do vit n\u00eb Shqip\u00ebri","author":"Kurt Farka","date":"September 8, 2019","format":false,"excerpt":"Ministri Klosi promovon nudizmin n\u00eb plazhe: Jan\u00eb t\u00eb mir\u00ebpritur \u00e7do vit n\u00eb Shqip\u00ebri 8 Shtator 2019 Ministri i Turizmit Blendi Klosi, p\u00ebrmes nj\u00eb statusi n\u00eb faqen e tij n\u00eb facebook ka promovuar at\u00eb \u00e7far\u00eb ndodhi disa dit\u00eb m\u00eb par\u00eb n\u00eb zon\u00ebn e plazhit t\u00eb Vil\u00eb Bashtov\u00ebs. \u201cVil\u00eb Bashtova, arena e\u2026","rel":"","context":"In &quot;Blogu i Udh\u00ebtarit&quot;","block_context":{"text":"Blogu i Udh\u00ebtarit","link":"https:\/\/www.shqiperia.com\/blog\/category\/blogu-i-udhetarit\/"},"img":{"alt_text":"","src":"https:\/\/i0.wp.com\/www.shqiperia.com\/blog\/wp-content\/uploads\/2019\/09\/Plazhe-nudo-ne-Shqiperi.png?fit=581%2C292&ssl=1&resize=350%2C200","width":350,"height":200,"srcset":"https:\/\/i0.wp.com\/www.shqiperia.com\/blog\/wp-content\/uploads\/2019\/09\/Plazhe-nudo-ne-Shqiperi.png?fit=581%2C292&ssl=1&resize=350%2C200 1x, https:\/\/i0.wp.com\/www.shqiperia.com\/blog\/wp-content\/uploads\/2019\/09\/Plazhe-nudo-ne-Shqiperi.png?fit=581%2C292&ssl=1&resize=525%2C300 1.5x"},"classes":[]},{"id":63429,"url":"https:\/\/www.shqiperia.com\/blog\/blendi-klosi-prej-patronazhisteve-jemi-me-te-forte\/","url_meta":{"origin":13985,"position":3},"title":"Blendi Klosi: &#8211; Prej\u00a0 patronazhist\u00ebve jemi me t\u00eb fort\u00eb!","author":"Kurt Farka","date":"October 20, 2022","format":false,"excerpt":"20 Tetor 2022 Deputeti socialist Blendi Klosi ka deklaruar se PS ka angazhuar patronazhist\u00ebt edhe p\u00ebr zgjedhjet e ardhshme vendore. Ish-ministri u shpreh n\u00eb Euronews Albania se Partia Socialist\u00eb \u00ebsht\u00eb e fort\u00eb prej patronazhist\u00ebve, t\u00eb cil\u00ebt dalin n\u00eb terren dhe komunikojn\u00eb me qytetar\u00ebt. Sipas tij ato jan\u00eb struktura elektorale dhe\u2026","rel":"","context":"In &quot;Blogu i Udh\u00ebtarit&quot;","block_context":{"text":"Blogu i Udh\u00ebtarit","link":"https:\/\/www.shqiperia.com\/blog\/category\/blogu-i-udhetarit\/"},"img":{"alt_text":"","src":"https:\/\/i0.wp.com\/www.shqiperia.com\/blog\/wp-content\/uploads\/2022\/10\/Blendi-Klosi.jpg?fit=701%2C364&ssl=1&resize=350%2C200","width":350,"height":200,"srcset":"https:\/\/i0.wp.com\/www.shqiperia.com\/blog\/wp-content\/uploads\/2022\/10\/Blendi-Klosi.jpg?fit=701%2C364&ssl=1&resize=350%2C200 1x, https:\/\/i0.wp.com\/www.shqiperia.com\/blog\/wp-content\/uploads\/2022\/10\/Blendi-Klosi.jpg?fit=701%2C364&ssl=1&resize=525%2C300 1.5x, https:\/\/i0.wp.com\/www.shqiperia.com\/blog\/wp-content\/uploads\/2022\/10\/Blendi-Klosi.jpg?fit=701%2C364&ssl=1&resize=700%2C400 2x"},"classes":[]},{"id":16623,"url":"https:\/\/www.shqiperia.com\/blog\/ministrja-balluku-dhe-klosi-priten-me-proteste-nga-dhjetera-qytetare-ja-si-qendron-e-verteta-e-vendimit\/","url_meta":{"origin":13985,"position":4},"title":"Ministrja Balluku dhe Klosi priten me protest\u00eb nga dhjet\u00ebra qytetar\u00eb, ja si q\u00ebndron e v\u00ebrteta e vendimit.-","author":"Kurt Farka","date":"January 27, 2019","format":false,"excerpt":"Ministrja Balluku dhe Klosi priten me protest\u00eb nga dhjet\u00ebra qytetar\u00eb, ja si q\u00ebndron e v\u00ebrteta e vendimit.- 26\/01\/2019 Qeveria dhe opozita u p\u00ebrballen sot n\u00eb Gramsh. Ka qen\u00eb\u00a0Partia Demokratike q\u00eb ka organizuar n\u00eb mesdit\u00eb nj\u00eb protest\u00eb kund\u00ebr nd\u00ebrtimit t\u00eb hidrocentralit n\u00eb Holt\u00eb. Nd\u00ebrkoh\u00eb ministrja e Infrastruktur\u00ebs dhe Energjis\u00eb Belinda Balluku\u2026","rel":"","context":"In &quot;Blogu i Udh\u00ebtarit&quot;","block_context":{"text":"Blogu i Udh\u00ebtarit","link":"https:\/\/www.shqiperia.com\/blog\/category\/blogu-i-udhetarit\/"},"img":{"alt_text":"","src":"https:\/\/i0.wp.com\/www.shqiperia.com\/blog\/wp-content\/uploads\/2019\/01\/50739351_1174784999355700_2962926014264508416_o.jpg?fit=1200%2C638&ssl=1&resize=350%2C200","width":350,"height":200,"srcset":"https:\/\/i0.wp.com\/www.shqiperia.com\/blog\/wp-content\/uploads\/2019\/01\/50739351_1174784999355700_2962926014264508416_o.jpg?fit=1200%2C638&ssl=1&resize=350%2C200 1x, https:\/\/i0.wp.com\/www.shqiperia.com\/blog\/wp-content\/uploads\/2019\/01\/50739351_1174784999355700_2962926014264508416_o.jpg?fit=1200%2C638&ssl=1&resize=525%2C300 1.5x, https:\/\/i0.wp.com\/www.shqiperia.com\/blog\/wp-content\/uploads\/2019\/01\/50739351_1174784999355700_2962926014264508416_o.jpg?fit=1200%2C638&ssl=1&resize=700%2C400 2x, https:\/\/i0.wp.com\/www.shqiperia.com\/blog\/wp-content\/uploads\/2019\/01\/50739351_1174784999355700_2962926014264508416_o.jpg?fit=1200%2C638&ssl=1&resize=1050%2C600 3x"},"classes":[]},{"id":22806,"url":"https:\/\/www.shqiperia.com\/blog\/zbuloi-nje-takim-sekret-te-blendi-klosit-rama-e-masakron-ne-mbledhjen-e-ps\/","url_meta":{"origin":13985,"position":5},"title":"Zbuloi nj\u00eb takim sekret t\u00eb Blendi Klosit, Rama e masakron n\u00eb mbledhjen e PS. &#8211;","author":"Kurt Farka","date":"July 3, 2019","format":false,"excerpt":"3 Korrik 2019 Nga: Gazeta Shqip. Nj\u00eb skenar q\u00eb po qarkullonte prej disa dit\u00ebsh pran\u00eb gazetar\u00ebsh dhe pronar\u00ebsh t\u00eb mediave, i v\u00ebn\u00eb n\u00eb n\u00eb zbatim nga njer\u00ebzit e Erion Veliajt dhe k\u00ebshilltari mediatik i kryeministrit, \u00ebsht\u00eb b\u00ebr\u00eb sot publik nga vet\u00eb Edi Rama, n\u00eb mbledhjen e mbyllur t\u00eb kryesis\u00eb s\u00eb\u2026","rel":"","context":"In &quot;Njoftime Shtypi&quot;","block_context":{"text":"Njoftime Shtypi","link":"https:\/\/www.shqiperia.com\/blog\/category\/njoftime-shtypi\/"},"img":{"alt_text":"","src":"https:\/\/i0.wp.com\/www.shqiperia.com\/blog\/wp-content\/uploads\/2019\/07\/edi-rama-benzi2-1.jpg?fit=1021%2C561&ssl=1&resize=350%2C200","width":350,"height":200,"srcset":"https:\/\/i0.wp.com\/www.shqiperia.com\/blog\/wp-content\/uploads\/2019\/07\/edi-rama-benzi2-1.jpg?fit=1021%2C561&ssl=1&resize=350%2C200 1x, https:\/\/i0.wp.com\/www.shqiperia.com\/blog\/wp-content\/uploads\/2019\/07\/edi-rama-benzi2-1.jpg?fit=1021%2C561&ssl=1&resize=525%2C300 1.5x, https:\/\/i0.wp.com\/www.shqiperia.com\/blog\/wp-content\/uploads\/2019\/07\/edi-rama-benzi2-1.jpg?fit=1021%2C561&ssl=1&resize=700%2C400 2x"},"classes":[]}],"_links":{"self":[{"href":"https:\/\/www.shqiperia.com\/blog\/wp-json\/wp\/v2\/posts\/13985","targetHints":{"allow":["GET"]}}],"collection":[{"href":"https:\/\/www.shqiperia.com\/blog\/wp-json\/wp\/v2\/posts"}],"about":[{"href":"https:\/\/www.shqiperia.com\/blog\/wp-json\/wp\/v2\/types\/post"}],"author":[{"embeddable":true,"href":"https:\/\/www.shqiperia.com\/blog\/wp-json\/wp\/v2\/users\/9"}],"replies":[{"embeddable":true,"href":"https:\/\/www.shqiperia.com\/blog\/wp-json\/wp\/v2\/comments?post=13985"}],"version-history":[{"count":1,"href":"https:\/\/www.shqiperia.com\/blog\/wp-json\/wp\/v2\/posts\/13985\/revisions"}],"predecessor-version":[{"id":13993,"href":"https:\/\/www.shqiperia.com\/blog\/wp-json\/wp\/v2\/posts\/13985\/revisions\/13993"}],"wp:featuredmedia":[{"embeddable":true,"href":"https:\/\/www.shqiperia.com\/blog\/wp-json\/wp\/v2\/media\/13986"}],"wp:attachment":[{"href":"https:\/\/www.shqiperia.com\/blog\/wp-json\/wp\/v2\/media?parent=13985"}],"wp:term":[{"taxonomy":"category","embeddable":true,"href":"https:\/\/www.shqiperia.com\/blog\/wp-json\/wp\/v2\/categories?post=13985"},{"taxonomy":"post_tag","embeddable":true,"href":"https:\/\/www.shqiperia.com\/blog\/wp-json\/wp\/v2\/tags?post=13985"}],"curies":[{"name":"wp","href":"https:\/\/api.w.org\/{rel}","templated":true}]}}