{"id":13968,"date":"2018-11-22T12:12:48","date_gmt":"2018-11-22T12:12:48","guid":{"rendered":"http:\/\/www.shqiperia.com\/blog\/?p=13968"},"modified":"2018-11-23T00:06:32","modified_gmt":"2018-11-23T00:06:32","slug":"perleshje-para-shpelles-kuvendi-12-police-te-plagosur-protestues-te-gjakosur-arrestohen","status":"publish","type":"post","link":"https:\/\/www.shqiperia.com\/blog\/perleshje-para-shpelles-kuvendi-12-police-te-plagosur-protestues-te-gjakosur-arrestohen\/","title":{"rendered":"P\u00ebrleshje para \u201cShpelles\u201d Kuvendi, 12 polic\u00eb t\u00eb plagosur &#8211; Protestues te gjakosur Arrestohen. &#8211;"},"content":{"rendered":"<p><img data-recalc-dims=\"1\" loading=\"lazy\" decoding=\"async\" data-attachment-id=\"13969\" data-permalink=\"https:\/\/www.shqiperia.com\/blog\/perleshje-para-shpelles-kuvendi-12-police-te-plagosur-protestues-te-gjakosur-arrestohen\/f1-7\/\" data-orig-file=\"https:\/\/i0.wp.com\/www.shqiperia.com\/blog\/wp-content\/uploads\/2018\/11\/f1-7.jpg?fit=1280%2C672&amp;ssl=1\" data-orig-size=\"1280,672\" data-comments-opened=\"1\" data-image-meta=\"{&quot;aperture&quot;:&quot;0&quot;,&quot;credit&quot;:&quot;&quot;,&quot;camera&quot;:&quot;&quot;,&quot;caption&quot;:&quot;&quot;,&quot;created_timestamp&quot;:&quot;0&quot;,&quot;copyright&quot;:&quot;&quot;,&quot;focal_length&quot;:&quot;0&quot;,&quot;iso&quot;:&quot;0&quot;,&quot;shutter_speed&quot;:&quot;0&quot;,&quot;title&quot;:&quot;&quot;,&quot;orientation&quot;:&quot;0&quot;}\" data-image-title=\"f1-7\" data-image-description=\"\" data-image-caption=\"\" data-medium-file=\"https:\/\/i0.wp.com\/www.shqiperia.com\/blog\/wp-content\/uploads\/2018\/11\/f1-7.jpg?fit=300%2C158&amp;ssl=1\" data-large-file=\"https:\/\/i0.wp.com\/www.shqiperia.com\/blog\/wp-content\/uploads\/2018\/11\/f1-7.jpg?fit=1024%2C538&amp;ssl=1\" class=\"alignnone wp-image-13969\" alt=\"\" src=\"https:\/\/i0.wp.com\/www.shqiperia.com\/blog\/wp-content\/uploads\/2018\/11\/f1-7-300x158.jpg?resize=478%2C252\" width=\"478\" height=\"252\" srcset=\"https:\/\/i0.wp.com\/www.shqiperia.com\/blog\/wp-content\/uploads\/2018\/11\/f1-7.jpg?resize=300%2C158&amp;ssl=1 300w, https:\/\/i0.wp.com\/www.shqiperia.com\/blog\/wp-content\/uploads\/2018\/11\/f1-7.jpg?resize=768%2C403&amp;ssl=1 768w, https:\/\/i0.wp.com\/www.shqiperia.com\/blog\/wp-content\/uploads\/2018\/11\/f1-7.jpg?resize=1024%2C538&amp;ssl=1 1024w, https:\/\/i0.wp.com\/www.shqiperia.com\/blog\/wp-content\/uploads\/2018\/11\/f1-7.jpg?resize=450%2C236&amp;ssl=1 450w, https:\/\/i0.wp.com\/www.shqiperia.com\/blog\/wp-content\/uploads\/2018\/11\/f1-7.jpg?resize=600%2C315&amp;ssl=1 600w, https:\/\/i0.wp.com\/www.shqiperia.com\/blog\/wp-content\/uploads\/2018\/11\/f1-7.jpg?resize=400%2C210&amp;ssl=1 400w, https:\/\/i0.wp.com\/www.shqiperia.com\/blog\/wp-content\/uploads\/2018\/11\/f1-7.jpg?w=1280&amp;ssl=1 1280w\" sizes=\"auto, (max-width: 478px) 100vw, 478px\" \/><\/p>\n<p><strong>P\u00ebrleshje para \u201cShpelles\u201dKuvendi, 12 polic\u00eb t\u00eb plagosur &#8211; Protestues te gjakosur Arrestohen. &#8211; <\/strong><\/p>\n<p>Dhun\u00eb e p\u00ebrleshje tek Parlamenti. Banor\u00ebt e Unaz\u00ebs s\u00eb Re jan\u00eb p\u00ebrplasur fizikisht me policin\u00eb. Ata kan\u00eb tentuar t\u00eb \u00e7ajn\u00eb rrethimin e formuar nga efektiv\u00ebt e policis\u00eb p\u00ebr t\u00eb hyr\u00eb n\u00eb parlament ku po zhvillohej seanca plenare.<\/p>\n<p>Protestuesit kan\u00eb hedhur edhe shashka e fishekzjarr\u00eb. Sipas z\u00ebdh\u00ebn\u00ebsit t\u00eb Policis\u00eb s\u00eb Shtetit, Gentian Mullai nga protesta \u201cjan\u00eb plagosur 12 efektiv\u00eb policie, dy prej t\u00eb cil\u00ebve n\u00eb gjendje t\u00eb r\u00ebnd\u00eb\u201d.<\/p>\n<p><img data-recalc-dims=\"1\" loading=\"lazy\" decoding=\"async\" data-attachment-id=\"13970\" data-permalink=\"https:\/\/www.shqiperia.com\/blog\/perleshje-para-shpelles-kuvendi-12-police-te-plagosur-protestues-te-gjakosur-arrestohen\/protesta-naten-3-675x450\/\" data-orig-file=\"https:\/\/i0.wp.com\/www.shqiperia.com\/blog\/wp-content\/uploads\/2018\/11\/protesta-naten-3-675x450.jpeg?fit=675%2C450&amp;ssl=1\" data-orig-size=\"675,450\" data-comments-opened=\"1\" data-image-meta=\"{&quot;aperture&quot;:&quot;0&quot;,&quot;credit&quot;:&quot;&quot;,&quot;camera&quot;:&quot;&quot;,&quot;caption&quot;:&quot;&quot;,&quot;created_timestamp&quot;:&quot;0&quot;,&quot;copyright&quot;:&quot;&quot;,&quot;focal_length&quot;:&quot;0&quot;,&quot;iso&quot;:&quot;0&quot;,&quot;shutter_speed&quot;:&quot;0&quot;,&quot;title&quot;:&quot;&quot;,&quot;orientation&quot;:&quot;0&quot;}\" data-image-title=\"protesta-naten-3-675&#215;450\" data-image-description=\"\" data-image-caption=\"\" data-medium-file=\"https:\/\/i0.wp.com\/www.shqiperia.com\/blog\/wp-content\/uploads\/2018\/11\/protesta-naten-3-675x450.jpeg?fit=300%2C200&amp;ssl=1\" data-large-file=\"https:\/\/i0.wp.com\/www.shqiperia.com\/blog\/wp-content\/uploads\/2018\/11\/protesta-naten-3-675x450.jpeg?fit=675%2C450&amp;ssl=1\" class=\"alignnone wp-image-13970\" alt=\"\" src=\"https:\/\/i0.wp.com\/www.shqiperia.com\/blog\/wp-content\/uploads\/2018\/11\/protesta-naten-3-675x450-300x200.jpeg?resize=828%2C552\" width=\"828\" height=\"552\" srcset=\"https:\/\/i0.wp.com\/www.shqiperia.com\/blog\/wp-content\/uploads\/2018\/11\/protesta-naten-3-675x450.jpeg?resize=300%2C200&amp;ssl=1 300w, https:\/\/i0.wp.com\/www.shqiperia.com\/blog\/wp-content\/uploads\/2018\/11\/protesta-naten-3-675x450.jpeg?resize=600%2C400&amp;ssl=1 600w, https:\/\/i0.wp.com\/www.shqiperia.com\/blog\/wp-content\/uploads\/2018\/11\/protesta-naten-3-675x450.jpeg?resize=450%2C300&amp;ssl=1 450w, https:\/\/i0.wp.com\/www.shqiperia.com\/blog\/wp-content\/uploads\/2018\/11\/protesta-naten-3-675x450.jpeg?resize=400%2C267&amp;ssl=1 400w, https:\/\/i0.wp.com\/www.shqiperia.com\/blog\/wp-content\/uploads\/2018\/11\/protesta-naten-3-675x450.jpeg?resize=675%2C450&amp;ssl=1 675w\" sizes=\"auto, (max-width: 828px) 100vw, 828px\" \/><\/p>\n<p>Ende nuk dihet sakt\u00eb numri i t\u00eb plagosurve dhe t\u00eb arrestuarve. Policia nuk ka dh\u00ebn\u00eb informacion p\u00ebr protestuesit e plagosur, si dhe numrin e t\u00eb arrestuar\u00ebve. Nga disa video q\u00eb protestuesit kan\u00eb hedhur n\u00eb rrjetet sociale shihet se gjat\u00eb aksionit t\u00eb policis\u00eb ka pasur p\u00ebrdorim dhune.<\/p>\n<p>Policia ka shoq\u00ebruar disa protestues n\u00eb komisariat dhe u b\u00ebri thirrje me megafon q\u00eb t\u00eb mos hedhin kapsolla dhe te distancohen nga dhuna.\u00a0\u201cDistancohuni nga dhuna. Jemi n\u00eb detyr\u00eb. Ju lutem mos hidhni kapsolla\u201d, kan\u00eb k\u00ebrkuar policia. Rreth 20 mjete t\u00eb FNSH-s\u00eb ishin\u00a0 prezente si dhe shum\u00eb forca\u00a0kan\u00eb hyr\u00eb n\u00eb oborrin e Xhamis\u00eb.<\/p>\n<p><strong>Video\/Monenti i arrestimit t\u00eb disa protestuesve<\/strong><\/p>\n<p>Pas incidenteve para Kuvendit, qytetar\u00ebt jan\u00eb larguar por kan\u00eb paralajm\u00ebruar vazhdimin e protest\u00ebs n\u00eb or\u00ebt e pasdites. Banor\u00ebt kan\u00eb deklaruar se do t\u00eb rinisin revolt\u00ebn e tyre n\u00eb or\u00ebn 17:00.<\/p>\n<p>Banor\u00ebve t\u00eb Unaz\u00ebs s\u00eb Re iu bashkuan edhe banor\u00ebt e Shkoz\u00ebs. Me pankarta n\u00eb duar ku shkruhet: \u201cT\u00eb mjer\u00eb, t\u00eb pashpirt, t\u00eb \u00e7mendur\u201d si dhe p\u00ebr \u201cfamiljen japim jet\u00ebn\u201d protestuesit i k\u00ebrkojn\u00eb qeveris\u00eb t\u00eb mos preken sht\u00ebpit\u00eb pa marr\u00eb vler\u00ebn 100 % te d\u00ebmshp\u00ebrblimet me vler\u00ebn e tregut.<\/p>\n<p><img data-recalc-dims=\"1\" loading=\"lazy\" decoding=\"async\" data-attachment-id=\"13971\" data-permalink=\"https:\/\/www.shqiperia.com\/blog\/perleshje-para-shpelles-kuvendi-12-police-te-plagosur-protestues-te-gjakosur-arrestohen\/policia-tek-parlamentit-1_1542877215-4648143\/\" data-orig-file=\"https:\/\/i0.wp.com\/www.shqiperia.com\/blog\/wp-content\/uploads\/2018\/11\/policia-tek-parlamentit-1_1542877215-4648143.jpg?fit=1280%2C960&amp;ssl=1\" data-orig-size=\"1280,960\" data-comments-opened=\"1\" data-image-meta=\"{&quot;aperture&quot;:&quot;0&quot;,&quot;credit&quot;:&quot;&quot;,&quot;camera&quot;:&quot;&quot;,&quot;caption&quot;:&quot;&quot;,&quot;created_timestamp&quot;:&quot;0&quot;,&quot;copyright&quot;:&quot;&quot;,&quot;focal_length&quot;:&quot;0&quot;,&quot;iso&quot;:&quot;0&quot;,&quot;shutter_speed&quot;:&quot;0&quot;,&quot;title&quot;:&quot;&quot;,&quot;orientation&quot;:&quot;0&quot;}\" data-image-title=\"policia-tek-parlamentit-1_1542877215-4648143\" data-image-description=\"\" data-image-caption=\"\" data-medium-file=\"https:\/\/i0.wp.com\/www.shqiperia.com\/blog\/wp-content\/uploads\/2018\/11\/policia-tek-parlamentit-1_1542877215-4648143.jpg?fit=300%2C225&amp;ssl=1\" data-large-file=\"https:\/\/i0.wp.com\/www.shqiperia.com\/blog\/wp-content\/uploads\/2018\/11\/policia-tek-parlamentit-1_1542877215-4648143.jpg?fit=1024%2C768&amp;ssl=1\" class=\"alignnone wp-image-13971\" alt=\"\" src=\"https:\/\/i0.wp.com\/www.shqiperia.com\/blog\/wp-content\/uploads\/2018\/11\/policia-tek-parlamentit-1_1542877215-4648143-300x225.jpg?resize=883%2C662\" width=\"883\" height=\"662\" srcset=\"https:\/\/i0.wp.com\/www.shqiperia.com\/blog\/wp-content\/uploads\/2018\/11\/policia-tek-parlamentit-1_1542877215-4648143.jpg?resize=300%2C225&amp;ssl=1 300w, https:\/\/i0.wp.com\/www.shqiperia.com\/blog\/wp-content\/uploads\/2018\/11\/policia-tek-parlamentit-1_1542877215-4648143.jpg?resize=768%2C576&amp;ssl=1 768w, https:\/\/i0.wp.com\/www.shqiperia.com\/blog\/wp-content\/uploads\/2018\/11\/policia-tek-parlamentit-1_1542877215-4648143.jpg?resize=1024%2C768&amp;ssl=1 1024w, https:\/\/i0.wp.com\/www.shqiperia.com\/blog\/wp-content\/uploads\/2018\/11\/policia-tek-parlamentit-1_1542877215-4648143.jpg?resize=450%2C338&amp;ssl=1 450w, https:\/\/i0.wp.com\/www.shqiperia.com\/blog\/wp-content\/uploads\/2018\/11\/policia-tek-parlamentit-1_1542877215-4648143.jpg?resize=600%2C450&amp;ssl=1 600w, https:\/\/i0.wp.com\/www.shqiperia.com\/blog\/wp-content\/uploads\/2018\/11\/policia-tek-parlamentit-1_1542877215-4648143.jpg?resize=400%2C300&amp;ssl=1 400w, https:\/\/i0.wp.com\/www.shqiperia.com\/blog\/wp-content\/uploads\/2018\/11\/policia-tek-parlamentit-1_1542877215-4648143.jpg?w=1280&amp;ssl=1 1280w\" sizes=\"auto, (max-width: 883px) 100vw, 883px\" \/><\/p>\n","protected":false},"excerpt":{"rendered":"<p>P\u00ebrleshje para \u201cShpelles\u201dKuvendi, 12 polic\u00eb t\u00eb plagosur &#8211; Protestues te gjakosur Arrestohen. &#8211; Dhun\u00eb e p\u00ebrleshje tek Parlamenti. Banor\u00ebt e Unaz\u00ebs s\u00eb Re jan\u00eb p\u00ebrplasur fizikisht me policin\u00eb. Ata kan\u00eb tentuar t\u00eb \u00e7ajn\u00eb rrethimin e formuar nga efektiv\u00ebt e policis\u00eb p\u00ebr t\u00eb hyr\u00eb n\u00eb parlament ku po zhvillohej seanca plenare. Protestuesit kan\u00eb hedhur edhe shashka [&hellip;]<\/p>\n","protected":false},"author":9,"featured_media":13969,"comment_status":"open","ping_status":"open","sticky":false,"template":"","format":"standard","meta":{"jetpack_post_was_ever_published":false,"_jetpack_newsletter_access":"","_jetpack_dont_email_post_to_subs":false,"_jetpack_newsletter_tier_id":0,"_jetpack_memberships_contains_paywalled_content":false,"_jetpack_memberships_contains_paid_content":false,"footnotes":"","jetpack_publicize_message":"","jetpack_publicize_feature_enabled":true,"jetpack_social_post_already_shared":true,"jetpack_social_options":{"image_generator_settings":{"template":"highway","default_image_id":0,"font":"","enabled":false},"version":2}},"categories":[10],"tags":[],"class_list":["post-13968","post","type-post","status-publish","format-standard","has-post-thumbnail","hentry","category-kultura"],"jetpack_publicize_connections":[],"jetpack_featured_media_url":"https:\/\/i0.wp.com\/www.shqiperia.com\/blog\/wp-content\/uploads\/2018\/11\/f1-7.jpg?fit=1280%2C672&ssl=1","jetpack_sharing_enabled":true,"jetpack_shortlink":"https:\/\/wp.me\/p5Z6wp-3Di","jetpack-related-posts":[{"id":71854,"url":"https:\/\/www.shqiperia.com\/blog\/tensionet-ne-veri-te-kosoves-protestuesit-serbe-perplasen-me-kfor-25-ushtare-te-plagosur-nato-sulmet-te-papranueshme\/","url_meta":{"origin":13968,"position":0},"title":"Tensionet n\u00eb veri t\u00eb Kosov\u00ebs, protestuesit serb\u00eb p\u00ebrplasen me KFOR, 25 ushtar\u00eb t\u00eb plagosur! NATO: &#8211; Sulmet t\u00eb papranueshme","author":"Kurt Farka","date":"May 30, 2023","format":false,"excerpt":"30 Maji 2023 Policia e Kosov\u00ebs deklaroi mbr\u00ebmjen e sotme (29 Maji) se vijon t\u00eb jet\u00eb e tensionuar situata sidomos n\u00eb Zve\u00e7an ku pati p\u00ebrleshje t\u00eb dhunshme mes ushtar\u00ebve t\u00eb KFOR dhe protestuesve serb\u00eb. Prej m\u00ebngjesit grupe qytetar\u00ebsh serb\u00eb jan\u00eb mbledhur para zyr\u00ebs s\u00eb komun\u00ebs p\u00ebr t\u00eb penguar hyrjen e\u2026","rel":"","context":"In &quot;Blogu i Udh\u00ebtarit&quot;","block_context":{"text":"Blogu i Udh\u00ebtarit","link":"https:\/\/www.shqiperia.com\/blog\/category\/blogu-i-udhetarit\/"},"img":{"alt_text":"","src":"https:\/\/i0.wp.com\/www.shqiperia.com\/blog\/wp-content\/uploads\/2023\/05\/640-0-68201111765800f8d2618133868aff6a.jpg?fit=640%2C360&ssl=1&resize=350%2C200","width":350,"height":200,"srcset":"https:\/\/i0.wp.com\/www.shqiperia.com\/blog\/wp-content\/uploads\/2023\/05\/640-0-68201111765800f8d2618133868aff6a.jpg?fit=640%2C360&ssl=1&resize=350%2C200 1x, https:\/\/i0.wp.com\/www.shqiperia.com\/blog\/wp-content\/uploads\/2023\/05\/640-0-68201111765800f8d2618133868aff6a.jpg?fit=640%2C360&ssl=1&resize=525%2C300 1.5x"},"classes":[]},{"id":94539,"url":"https:\/\/www.shqiperia.com\/blog\/akuzat-per-farse-zgjedhore-dhe-minim-te-demokracise-tanzania-ne-flake-nga-protesta-masive\/","url_meta":{"origin":13968,"position":1},"title":"Akuzat p\u00ebr fars\u00eb zgjedhore dhe minim t\u00eb demokracis\u00eb, Tanzania n\u00eb flak\u00eb nga protesta masive","author":"Kurt Farka","date":"October 31, 2025","format":false,"excerpt":"31 Tetor 2025 Nga Basillioh Rukanga dhe Akisa Wandera,\u00a0BBC Protestat jan\u00eb p\u00ebrshkall\u00ebzuar n\u00eb qytetet kryesore t\u00eb Tanzanis\u00eb, nd\u00ebrsa mb\u00ebshtet\u00ebsit e opozit\u00ebs i cil\u00ebsojn\u00eb zgjedhjet presidenciale dhe parlamentare t\u00eb s\u00eb m\u00ebrkur\u00ebs si nj\u00eb fars\u00eb. Qindra protestues gjithashtu kan\u00eb kaluar n\u00eb territorin kenian, duke bllokuar rrug\u00ebt, ndezur zjarre dhe grisur posterat e\u2026","rel":"","context":"In &quot;Blogu i Udh\u00ebtarit&quot;","block_context":{"text":"Blogu i Udh\u00ebtarit","link":"https:\/\/www.shqiperia.com\/blog\/category\/blogu-i-udhetarit\/"},"img":{"alt_text":"","src":"https:\/\/i0.wp.com\/www.shqiperia.com\/blog\/wp-content\/uploads\/2025\/10\/640-0-download-602.jpeg?fit=640%2C426&ssl=1&resize=350%2C200","width":350,"height":200,"srcset":"https:\/\/i0.wp.com\/www.shqiperia.com\/blog\/wp-content\/uploads\/2025\/10\/640-0-download-602.jpeg?fit=640%2C426&ssl=1&resize=350%2C200 1x, https:\/\/i0.wp.com\/www.shqiperia.com\/blog\/wp-content\/uploads\/2025\/10\/640-0-download-602.jpeg?fit=640%2C426&ssl=1&resize=525%2C300 1.5x"},"classes":[]},{"id":83276,"url":"https:\/\/www.shqiperia.com\/blog\/bangladesh-mbi-90-te-vrare-nga-protestat\/","url_meta":{"origin":13968,"position":2},"title":"Bangladesh &#8211; Mbi 90 t\u00eb vrar\u00eb nga protestat","author":"Kurt Farka","date":"August 5, 2024","format":false,"excerpt":"5 Gusht 2024 T\u00eb pakt\u00ebn 90 persona kan\u00eb vdekur t\u00eb diel\u00ebn n\u00eb Bangladesh teksa policia u p\u00ebrlesh me protestuesit antiqeveritar. Zyrtar\u00ebt dhe mjek\u00ebt n\u00ebp\u00ebr spitale kan\u00eb njoftuar se numri i t\u00eb vdekurve ka arritur n\u00eb 94, raporton BBC-ja. E diela \u00ebsht\u00eb cil\u00ebsuar si nj\u00eb nga dit\u00ebt m\u00eb vdekjeprur\u00ebse q\u00eb nga\u2026","rel":"","context":"In &quot;Blogu i Udh\u00ebtarit&quot;","block_context":{"text":"Blogu i Udh\u00ebtarit","link":"https:\/\/www.shqiperia.com\/blog\/category\/blogu-i-udhetarit\/"},"img":{"alt_text":"","src":"https:\/\/i0.wp.com\/www.shqiperia.com\/blog\/wp-content\/uploads\/2024\/08\/640-0-f775b0bf39ab1b1b903e053b14a8b874.jpg?fit=640%2C409&ssl=1&resize=350%2C200","width":350,"height":200,"srcset":"https:\/\/i0.wp.com\/www.shqiperia.com\/blog\/wp-content\/uploads\/2024\/08\/640-0-f775b0bf39ab1b1b903e053b14a8b874.jpg?fit=640%2C409&ssl=1&resize=350%2C200 1x, https:\/\/i0.wp.com\/www.shqiperia.com\/blog\/wp-content\/uploads\/2024\/08\/640-0-f775b0bf39ab1b1b903e053b14a8b874.jpg?fit=640%2C409&ssl=1&resize=525%2C300 1.5x"},"classes":[]},{"id":40513,"url":"https:\/\/www.shqiperia.com\/blog\/zgjedhjet-ne-shba-perleshje-dhe-tensione-mes-protestuesve-para-shtepise-se-bardhe\/","url_meta":{"origin":13968,"position":3},"title":"Zgjedhjet n\u00eb SHBA , p\u00ebrleshje dhe tensione mes protestuesve para Shtepis\u00eb s\u00eb Bardh\u00eb","author":"Kurt Farka","date":"November 4, 2020","format":false,"excerpt":"Zgjedhjet n\u00eb SHBA , p\u00ebrleshje dhe tensione mes protestuesve para Shtepis\u00eb s\u00eb Bardh\u00eb 04\/11\/2020 - 11:48 N\u00eb mbyllje t\u00eb procesit t\u00eb votimit dhe nisjes s\u00eb num\u00ebrimit protestuesit zbrit\u00ebn n\u00eb rrug\u00eb n\u00eb Washington, ku u pan\u00eb skena t\u00eb tensionuara. Qindra protestues marshuan n\u00ebp\u00ebr rrug\u00ebt e Kapitolit, duke bllokuar trafikun dhe ndez\u00ebn\u2026","rel":"","context":"In &quot;Blogu i Udh\u00ebtarit&quot;","block_context":{"text":"Blogu i Udh\u00ebtarit","link":"https:\/\/www.shqiperia.com\/blog\/category\/blogu-i-udhetarit\/"},"img":{"alt_text":"","src":"https:\/\/i0.wp.com\/www.shqiperia.com\/blog\/wp-content\/uploads\/2020\/11\/protestues-1-1.jpg?fit=962%2C522&ssl=1&resize=350%2C200","width":350,"height":200,"srcset":"https:\/\/i0.wp.com\/www.shqiperia.com\/blog\/wp-content\/uploads\/2020\/11\/protestues-1-1.jpg?fit=962%2C522&ssl=1&resize=350%2C200 1x, https:\/\/i0.wp.com\/www.shqiperia.com\/blog\/wp-content\/uploads\/2020\/11\/protestues-1-1.jpg?fit=962%2C522&ssl=1&resize=525%2C300 1.5x, https:\/\/i0.wp.com\/www.shqiperia.com\/blog\/wp-content\/uploads\/2020\/11\/protestues-1-1.jpg?fit=962%2C522&ssl=1&resize=700%2C400 2x"},"classes":[]},{"id":67916,"url":"https:\/\/www.shqiperia.com\/blog\/flakadane-e-shashka-protestuesit-tentojne-te-hyjne-ne-parlament\/","url_meta":{"origin":13968,"position":4},"title":"Flakadan\u00eb e shashka\/ Protestuesit tentojn\u00eb t\u00eb hyjn\u00eb n\u00eb Parlament","author":"Kurt Farka","date":"February 13, 2023","format":false,"excerpt":"13 Shkurt 2023 N\u00eb ambientet e jashtme n\u00eb Kuvend situata \u00ebsht\u00eb e tensionuar. Protestuesit kan\u00eb hedhur flakad\u00eb e shashka si edhe kan\u00eb tentuar kordonin e policis\u00eb p\u00ebr t\u00eb hyr\u00eb n\u00eb ambientet e brendshme t\u00eb parlamentit. Gazetarja Klodiana Lala tha p\u00ebr BalkanWeb se kordoni i policis\u00eb \u00ebsht\u00eb i vendosur larg nga\u2026","rel":"","context":"In &quot;Blogu i Udh\u00ebtarit&quot;","block_context":{"text":"Blogu i Udh\u00ebtarit","link":"https:\/\/www.shqiperia.com\/blog\/category\/blogu-i-udhetarit\/"},"img":{"alt_text":"","src":"https:\/\/i0.wp.com\/www.shqiperia.com\/blog\/wp-content\/uploads\/2023\/02\/forcat-e-policise-770x392-1.jpg?fit=770%2C392&ssl=1&resize=350%2C200","width":350,"height":200,"srcset":"https:\/\/i0.wp.com\/www.shqiperia.com\/blog\/wp-content\/uploads\/2023\/02\/forcat-e-policise-770x392-1.jpg?fit=770%2C392&ssl=1&resize=350%2C200 1x, https:\/\/i0.wp.com\/www.shqiperia.com\/blog\/wp-content\/uploads\/2023\/02\/forcat-e-policise-770x392-1.jpg?fit=770%2C392&ssl=1&resize=525%2C300 1.5x, https:\/\/i0.wp.com\/www.shqiperia.com\/blog\/wp-content\/uploads\/2023\/02\/forcat-e-policise-770x392-1.jpg?fit=770%2C392&ssl=1&resize=700%2C400 2x"},"classes":[]},{"id":19602,"url":"https:\/\/www.shqiperia.com\/blog\/protesta-kombetare-godina-e-qeverise-goditet-me-boje-dhe-domate-basha-i-bashkohet-protestes\/","url_meta":{"origin":13968,"position":5},"title":"Protesta Kombetare\/ &#8211; Godina e Qeveris\u00eb goditet me boj\u00eb dhe domate. Basha i bashkohet protest\u00ebs. &#8211;","author":"Kurt Farka","date":"April 13, 2019","format":false,"excerpt":"Protesta Kombetare\/ - Godina e Qeveris\u00eb goditet me boj\u00eb dhe domate. Basha i bashkohet protest\u00ebs. - 13 prill 2019 Protesta e opozit\u00ebs ka nisur ashtu sikurse ishte paralajm\u00ebruar n\u00eb or\u00ebn 18:00 t\u00eb k\u00ebsaj t\u00eb shtune (13 prill). Pas rreth 30 minutash nga nisja e protest\u00ebs, fermer\u00eb t\u00eb shumt\u00eb kan\u00eb derdhur\u2026","rel":"","context":"In &quot;Blogu i Udh\u00ebtarit&quot;","block_context":{"text":"Blogu i Udh\u00ebtarit","link":"https:\/\/www.shqiperia.com\/blog\/category\/blogu-i-udhetarit\/"},"img":{"alt_text":"","src":"https:\/\/i0.wp.com\/www.shqiperia.com\/blog\/wp-content\/uploads\/2019\/04\/3dc93faa-1803-4437-a891-91e1c5842fc5.jpg?fit=1200%2C563&ssl=1&resize=350%2C200","width":350,"height":200,"srcset":"https:\/\/i0.wp.com\/www.shqiperia.com\/blog\/wp-content\/uploads\/2019\/04\/3dc93faa-1803-4437-a891-91e1c5842fc5.jpg?fit=1200%2C563&ssl=1&resize=350%2C200 1x, https:\/\/i0.wp.com\/www.shqiperia.com\/blog\/wp-content\/uploads\/2019\/04\/3dc93faa-1803-4437-a891-91e1c5842fc5.jpg?fit=1200%2C563&ssl=1&resize=525%2C300 1.5x, https:\/\/i0.wp.com\/www.shqiperia.com\/blog\/wp-content\/uploads\/2019\/04\/3dc93faa-1803-4437-a891-91e1c5842fc5.jpg?fit=1200%2C563&ssl=1&resize=700%2C400 2x, https:\/\/i0.wp.com\/www.shqiperia.com\/blog\/wp-content\/uploads\/2019\/04\/3dc93faa-1803-4437-a891-91e1c5842fc5.jpg?fit=1200%2C563&ssl=1&resize=1050%2C600 3x"},"classes":[]}],"_links":{"self":[{"href":"https:\/\/www.shqiperia.com\/blog\/wp-json\/wp\/v2\/posts\/13968","targetHints":{"allow":["GET"]}}],"collection":[{"href":"https:\/\/www.shqiperia.com\/blog\/wp-json\/wp\/v2\/posts"}],"about":[{"href":"https:\/\/www.shqiperia.com\/blog\/wp-json\/wp\/v2\/types\/post"}],"author":[{"embeddable":true,"href":"https:\/\/www.shqiperia.com\/blog\/wp-json\/wp\/v2\/users\/9"}],"replies":[{"embeddable":true,"href":"https:\/\/www.shqiperia.com\/blog\/wp-json\/wp\/v2\/comments?post=13968"}],"version-history":[{"count":2,"href":"https:\/\/www.shqiperia.com\/blog\/wp-json\/wp\/v2\/posts\/13968\/revisions"}],"predecessor-version":[{"id":13994,"href":"https:\/\/www.shqiperia.com\/blog\/wp-json\/wp\/v2\/posts\/13968\/revisions\/13994"}],"wp:featuredmedia":[{"embeddable":true,"href":"https:\/\/www.shqiperia.com\/blog\/wp-json\/wp\/v2\/media\/13969"}],"wp:attachment":[{"href":"https:\/\/www.shqiperia.com\/blog\/wp-json\/wp\/v2\/media?parent=13968"}],"wp:term":[{"taxonomy":"category","embeddable":true,"href":"https:\/\/www.shqiperia.com\/blog\/wp-json\/wp\/v2\/categories?post=13968"},{"taxonomy":"post_tag","embeddable":true,"href":"https:\/\/www.shqiperia.com\/blog\/wp-json\/wp\/v2\/tags?post=13968"}],"curies":[{"name":"wp","href":"https:\/\/api.w.org\/{rel}","templated":true}]}}