{"id":13954,"date":"2018-11-22T11:44:45","date_gmt":"2018-11-22T11:44:45","guid":{"rendered":"http:\/\/www.shqiperia.com\/blog\/?p=13954"},"modified":"2018-11-22T11:44:45","modified_gmt":"2018-11-22T11:44:45","slug":"10-zbulimet-qe-askush-spo-mundet-ti-shpjegoje","status":"publish","type":"post","link":"https:\/\/www.shqiperia.com\/blog\/10-zbulimet-qe-askush-spo-mundet-ti-shpjegoje\/","title":{"rendered":"10 zbulimet q\u00eb askush s\u2019po mundet t\u2019i shpjegoj\u00eb. &#8211;"},"content":{"rendered":"<p><img data-recalc-dims=\"1\" loading=\"lazy\" decoding=\"async\" data-attachment-id=\"13956\" data-permalink=\"https:\/\/www.shqiperia.com\/blog\/10-zbulimet-qe-askush-spo-mundet-ti-shpjegoje\/3-porta-e-diellit-bolivi-2\/\" data-orig-file=\"https:\/\/i0.wp.com\/www.shqiperia.com\/blog\/wp-content\/uploads\/2018\/11\/3-Porta-e-Diellit-Bolivi-1.jpg?fit=676%2C282&amp;ssl=1\" data-orig-size=\"676,282\" data-comments-opened=\"1\" data-image-meta=\"{&quot;aperture&quot;:&quot;0&quot;,&quot;credit&quot;:&quot;&quot;,&quot;camera&quot;:&quot;&quot;,&quot;caption&quot;:&quot;&quot;,&quot;created_timestamp&quot;:&quot;0&quot;,&quot;copyright&quot;:&quot;&quot;,&quot;focal_length&quot;:&quot;0&quot;,&quot;iso&quot;:&quot;0&quot;,&quot;shutter_speed&quot;:&quot;0&quot;,&quot;title&quot;:&quot;&quot;,&quot;orientation&quot;:&quot;0&quot;}\" data-image-title=\"3 Porta e Diellit, Bolivi\" data-image-description=\"\" data-image-caption=\"\" data-medium-file=\"https:\/\/i0.wp.com\/www.shqiperia.com\/blog\/wp-content\/uploads\/2018\/11\/3-Porta-e-Diellit-Bolivi-1.jpg?fit=300%2C125&amp;ssl=1\" data-large-file=\"https:\/\/i0.wp.com\/www.shqiperia.com\/blog\/wp-content\/uploads\/2018\/11\/3-Porta-e-Diellit-Bolivi-1.jpg?fit=676%2C282&amp;ssl=1\" class=\"alignnone  wp-image-13956\" alt=\"\" src=\"https:\/\/i0.wp.com\/www.shqiperia.com\/blog\/wp-content\/uploads\/2018\/11\/3-Porta-e-Diellit-Bolivi-1-300x125.jpg?resize=499%2C208\" width=\"499\" height=\"208\" srcset=\"https:\/\/i0.wp.com\/www.shqiperia.com\/blog\/wp-content\/uploads\/2018\/11\/3-Porta-e-Diellit-Bolivi-1.jpg?resize=300%2C125&amp;ssl=1 300w, https:\/\/i0.wp.com\/www.shqiperia.com\/blog\/wp-content\/uploads\/2018\/11\/3-Porta-e-Diellit-Bolivi-1.jpg?resize=450%2C188&amp;ssl=1 450w, https:\/\/i0.wp.com\/www.shqiperia.com\/blog\/wp-content\/uploads\/2018\/11\/3-Porta-e-Diellit-Bolivi-1.jpg?resize=600%2C250&amp;ssl=1 600w, https:\/\/i0.wp.com\/www.shqiperia.com\/blog\/wp-content\/uploads\/2018\/11\/3-Porta-e-Diellit-Bolivi-1.jpg?w=676&amp;ssl=1 676w, https:\/\/i0.wp.com\/www.shqiperia.com\/blog\/wp-content\/uploads\/2018\/11\/3-Porta-e-Diellit-Bolivi-1.jpg?resize=400%2C167&amp;ssl=1 400w\" sizes=\"auto, (max-width: 499px) 100vw, 499px\" \/><\/p>\n<p><strong>10 zbulimet q\u00eb askush s\u2019po mundet t\u2019i shpjegoj\u00eb. &#8211;<\/strong><\/p>\n<p>Historia e bot\u00ebs \u00ebsht\u00eb p\u00ebrplot mistere. Asnj\u00ebri prej nesh nuk do t\u00eb jetoj\u00eb aq gjat\u00eb sa p\u00ebr t\u2019i par\u00eb t\u00eb gjitha k\u00ebto mistere duke u zgjidhur.<\/p>\n<p>Por, \u00ebsht\u00eb gjithmon\u00eb interesante t\u2019i shoh\u00ebsh disa prej gj\u00ebrave me t\u00eb v\u00ebrtet\u00eb t\u00eb \u00e7uditshme q\u00eb jan\u00eb zbuluar.<\/p>\n<p>N\u00eb nj\u00eb list\u00eb m\u00eb posht\u00eb, ju do t\u00eb mund t\u2019i shihni 10 zbulimet q\u00eb askush nuk mund t\u2019i shpjegoj\u00eb, transmeton Gazeta Express.<\/p>\n<ol>\n<li>Zogjt\u00eb Moa.<img data-recalc-dims=\"1\" loading=\"lazy\" decoding=\"async\" data-attachment-id=\"13957\" data-permalink=\"https:\/\/www.shqiperia.com\/blog\/10-zbulimet-qe-askush-spo-mundet-ti-shpjegoje\/1-zogjte-moa\/\" data-orig-file=\"https:\/\/i0.wp.com\/www.shqiperia.com\/blog\/wp-content\/uploads\/2018\/11\/1.-Zogjt%C3%AB-Moa.jpg?fit=1000%2C500&amp;ssl=1\" data-orig-size=\"1000,500\" data-comments-opened=\"1\" data-image-meta=\"{&quot;aperture&quot;:&quot;0&quot;,&quot;credit&quot;:&quot;&quot;,&quot;camera&quot;:&quot;&quot;,&quot;caption&quot;:&quot;&quot;,&quot;created_timestamp&quot;:&quot;0&quot;,&quot;copyright&quot;:&quot;&quot;,&quot;focal_length&quot;:&quot;0&quot;,&quot;iso&quot;:&quot;0&quot;,&quot;shutter_speed&quot;:&quot;0&quot;,&quot;title&quot;:&quot;&quot;,&quot;orientation&quot;:&quot;0&quot;}\" data-image-title=\"1. Zogjt\u00eb Moa\" data-image-description=\"\" data-image-caption=\"\" data-medium-file=\"https:\/\/i0.wp.com\/www.shqiperia.com\/blog\/wp-content\/uploads\/2018\/11\/1.-Zogjt%C3%AB-Moa.jpg?fit=300%2C150&amp;ssl=1\" data-large-file=\"https:\/\/i0.wp.com\/www.shqiperia.com\/blog\/wp-content\/uploads\/2018\/11\/1.-Zogjt%C3%AB-Moa.jpg?fit=1000%2C500&amp;ssl=1\" class=\"alignnone  wp-image-13957\" alt=\"\" src=\"https:\/\/i0.wp.com\/www.shqiperia.com\/blog\/wp-content\/uploads\/2018\/11\/1.-Zogjt%C3%AB-Moa-300x150.jpg?resize=896%2C448\" width=\"896\" height=\"448\" srcset=\"https:\/\/i0.wp.com\/www.shqiperia.com\/blog\/wp-content\/uploads\/2018\/11\/1.-Zogjt%C3%AB-Moa.jpg?resize=300%2C150&amp;ssl=1 300w, https:\/\/i0.wp.com\/www.shqiperia.com\/blog\/wp-content\/uploads\/2018\/11\/1.-Zogjt%C3%AB-Moa.jpg?resize=768%2C384&amp;ssl=1 768w, https:\/\/i0.wp.com\/www.shqiperia.com\/blog\/wp-content\/uploads\/2018\/11\/1.-Zogjt%C3%AB-Moa.jpg?resize=450%2C225&amp;ssl=1 450w, https:\/\/i0.wp.com\/www.shqiperia.com\/blog\/wp-content\/uploads\/2018\/11\/1.-Zogjt%C3%AB-Moa.jpg?resize=600%2C300&amp;ssl=1 600w, https:\/\/i0.wp.com\/www.shqiperia.com\/blog\/wp-content\/uploads\/2018\/11\/1.-Zogjt%C3%AB-Moa.jpg?resize=400%2C200&amp;ssl=1 400w, https:\/\/i0.wp.com\/www.shqiperia.com\/blog\/wp-content\/uploads\/2018\/11\/1.-Zogjt%C3%AB-Moa.jpg?w=1000&amp;ssl=1 1000w\" sizes=\"auto, (max-width: 896px) 100vw, 896px\" \/><\/li>\n<\/ol>\n<p>Zogjt\u00eb Moa ishin zogj q\u00eb jetonin n\u00eb Zeland\u00eb t\u00eb Re, q\u00eb u zhduk\u00ebn rreth vitit 1500. Ata ishin vrar\u00eb, thuhet sipas nj\u00eb teori nga populli Maori. Gjat\u00eb nj\u00eb ekspedite n\u00eb shekullin e nj\u00ebzet, shkenc\u00ebtar\u00ebt zbuluan nj\u00eb thua shum\u00eb t\u00eb madh t\u00eb nj\u00ebrit nga zogjt\u00eb i cili ishte ruajtur tep\u00ebr mir\u00eb p\u00ebr shekuj me radh\u00eb.<\/p>\n<ol start=\"2\">\n<li>Kompleksi i Tempullit \u2018Sakasaywaman\u2019, Peru.<img data-recalc-dims=\"1\" loading=\"lazy\" decoding=\"async\" data-attachment-id=\"13958\" data-permalink=\"https:\/\/www.shqiperia.com\/blog\/10-zbulimet-qe-askush-spo-mundet-ti-shpjegoje\/2-kompleksi-i-tempullit-sakasaywaman-peru\/\" data-orig-file=\"https:\/\/i0.wp.com\/www.shqiperia.com\/blog\/wp-content\/uploads\/2018\/11\/2-Kompleksi-i-Tempullit-%E2%80%98Sakasaywaman%E2%80%99-Peru.jpg?fit=1000%2C500&amp;ssl=1\" data-orig-size=\"1000,500\" data-comments-opened=\"1\" data-image-meta=\"{&quot;aperture&quot;:&quot;0&quot;,&quot;credit&quot;:&quot;&quot;,&quot;camera&quot;:&quot;&quot;,&quot;caption&quot;:&quot;&quot;,&quot;created_timestamp&quot;:&quot;0&quot;,&quot;copyright&quot;:&quot;&quot;,&quot;focal_length&quot;:&quot;0&quot;,&quot;iso&quot;:&quot;0&quot;,&quot;shutter_speed&quot;:&quot;0&quot;,&quot;title&quot;:&quot;&quot;,&quot;orientation&quot;:&quot;0&quot;}\" data-image-title=\"2 Kompleksi i Tempullit \u2018Sakasaywaman\u2019, Peru\" data-image-description=\"\" data-image-caption=\"\" data-medium-file=\"https:\/\/i0.wp.com\/www.shqiperia.com\/blog\/wp-content\/uploads\/2018\/11\/2-Kompleksi-i-Tempullit-%E2%80%98Sakasaywaman%E2%80%99-Peru.jpg?fit=300%2C150&amp;ssl=1\" data-large-file=\"https:\/\/i0.wp.com\/www.shqiperia.com\/blog\/wp-content\/uploads\/2018\/11\/2-Kompleksi-i-Tempullit-%E2%80%98Sakasaywaman%E2%80%99-Peru.jpg?fit=1000%2C500&amp;ssl=1\" class=\"alignnone  wp-image-13958\" alt=\"\" src=\"https:\/\/i0.wp.com\/www.shqiperia.com\/blog\/wp-content\/uploads\/2018\/11\/2-Kompleksi-i-Tempullit-%E2%80%98Sakasaywaman%E2%80%99-Peru-300x150.jpg?resize=924%2C462\" width=\"924\" height=\"462\" srcset=\"https:\/\/i0.wp.com\/www.shqiperia.com\/blog\/wp-content\/uploads\/2018\/11\/2-Kompleksi-i-Tempullit-%E2%80%98Sakasaywaman%E2%80%99-Peru.jpg?resize=300%2C150&amp;ssl=1 300w, https:\/\/i0.wp.com\/www.shqiperia.com\/blog\/wp-content\/uploads\/2018\/11\/2-Kompleksi-i-Tempullit-%E2%80%98Sakasaywaman%E2%80%99-Peru.jpg?resize=768%2C384&amp;ssl=1 768w, https:\/\/i0.wp.com\/www.shqiperia.com\/blog\/wp-content\/uploads\/2018\/11\/2-Kompleksi-i-Tempullit-%E2%80%98Sakasaywaman%E2%80%99-Peru.jpg?resize=450%2C225&amp;ssl=1 450w, https:\/\/i0.wp.com\/www.shqiperia.com\/blog\/wp-content\/uploads\/2018\/11\/2-Kompleksi-i-Tempullit-%E2%80%98Sakasaywaman%E2%80%99-Peru.jpg?resize=600%2C300&amp;ssl=1 600w, https:\/\/i0.wp.com\/www.shqiperia.com\/blog\/wp-content\/uploads\/2018\/11\/2-Kompleksi-i-Tempullit-%E2%80%98Sakasaywaman%E2%80%99-Peru.jpg?resize=400%2C200&amp;ssl=1 400w, https:\/\/i0.wp.com\/www.shqiperia.com\/blog\/wp-content\/uploads\/2018\/11\/2-Kompleksi-i-Tempullit-%E2%80%98Sakasaywaman%E2%80%99-Peru.jpg?w=1000&amp;ssl=1 1000w\" sizes=\"auto, (max-width: 924px) 100vw, 924px\" \/><br \/>\nPuna e mahnitshme me gur\u00eb e k\u00ebtij kompleksi t\u00eb lasht\u00eb tempullar, q\u00eb u krijua pa p\u00ebrdorimin e asnj\u00eb pik\u00eb lla\u00e7i, \u00ebsht\u00eb me t\u00eb v\u00ebrtet\u00eb mahnit\u00ebse. N\u00eb disa raste, \u00ebsht\u00eb e pamundur q\u00eb t\u00eb kalosh qoft\u00eb edhe nj\u00eb cop\u00eb let\u00ebr mes gur\u00ebve. \u00c7do bllok, p\u00ebr m\u00eb tep\u00ebr, ka nj\u00eb sip\u00ebrfaqe t\u00eb l\u00ebmuar dhe qoshe t\u00eb rrumbullakosura. Si u nd\u00ebrtua? Askush nuk e di.<\/li>\n<li>Porta e Diellit, Bolivi..<img data-recalc-dims=\"1\" loading=\"lazy\" decoding=\"async\" data-attachment-id=\"13959\" data-permalink=\"https:\/\/www.shqiperia.com\/blog\/10-zbulimet-qe-askush-spo-mundet-ti-shpjegoje\/3-porta-e-diellit-bolivi-copy\/\" data-orig-file=\"https:\/\/i0.wp.com\/www.shqiperia.com\/blog\/wp-content\/uploads\/2018\/11\/3-Porta-e-Diellit-Bolivi-Copy.jpg?fit=1000%2C642&amp;ssl=1\" data-orig-size=\"1000,642\" data-comments-opened=\"1\" data-image-meta=\"{&quot;aperture&quot;:&quot;0&quot;,&quot;credit&quot;:&quot;&quot;,&quot;camera&quot;:&quot;&quot;,&quot;caption&quot;:&quot;&quot;,&quot;created_timestamp&quot;:&quot;0&quot;,&quot;copyright&quot;:&quot;&quot;,&quot;focal_length&quot;:&quot;0&quot;,&quot;iso&quot;:&quot;0&quot;,&quot;shutter_speed&quot;:&quot;0&quot;,&quot;title&quot;:&quot;&quot;,&quot;orientation&quot;:&quot;0&quot;}\" data-image-title=\"3 Porta e Diellit, Bolivi &#8211; Copy\" data-image-description=\"\" data-image-caption=\"\" data-medium-file=\"https:\/\/i0.wp.com\/www.shqiperia.com\/blog\/wp-content\/uploads\/2018\/11\/3-Porta-e-Diellit-Bolivi-Copy.jpg?fit=300%2C193&amp;ssl=1\" data-large-file=\"https:\/\/i0.wp.com\/www.shqiperia.com\/blog\/wp-content\/uploads\/2018\/11\/3-Porta-e-Diellit-Bolivi-Copy.jpg?fit=1000%2C642&amp;ssl=1\" class=\"alignnone  wp-image-13959\" alt=\"\" src=\"https:\/\/i0.wp.com\/www.shqiperia.com\/blog\/wp-content\/uploads\/2018\/11\/3-Porta-e-Diellit-Bolivi-Copy-300x193.jpg?resize=1003%2C645\" width=\"1003\" height=\"645\" srcset=\"https:\/\/i0.wp.com\/www.shqiperia.com\/blog\/wp-content\/uploads\/2018\/11\/3-Porta-e-Diellit-Bolivi-Copy.jpg?resize=300%2C193&amp;ssl=1 300w, https:\/\/i0.wp.com\/www.shqiperia.com\/blog\/wp-content\/uploads\/2018\/11\/3-Porta-e-Diellit-Bolivi-Copy.jpg?resize=768%2C493&amp;ssl=1 768w, https:\/\/i0.wp.com\/www.shqiperia.com\/blog\/wp-content\/uploads\/2018\/11\/3-Porta-e-Diellit-Bolivi-Copy.jpg?resize=450%2C289&amp;ssl=1 450w, https:\/\/i0.wp.com\/www.shqiperia.com\/blog\/wp-content\/uploads\/2018\/11\/3-Porta-e-Diellit-Bolivi-Copy.jpg?resize=600%2C385&amp;ssl=1 600w, https:\/\/i0.wp.com\/www.shqiperia.com\/blog\/wp-content\/uploads\/2018\/11\/3-Porta-e-Diellit-Bolivi-Copy.jpg?resize=400%2C257&amp;ssl=1 400w, https:\/\/i0.wp.com\/www.shqiperia.com\/blog\/wp-content\/uploads\/2018\/11\/3-Porta-e-Diellit-Bolivi-Copy.jpg?w=1000&amp;ssl=1 1000w\" sizes=\"auto, (max-width: 1000px) 100vw, 1000px\" \/><br \/>\nPorta e Diellit gjendet n\u00eb Tiwanaku \u2013 nj\u00eb qytet i lasht\u00eb dhe misterioz n\u00eb Bolivi. Disa arkeolog\u00eb besojn\u00eb se qyteti ishte qendra e nj\u00eb perandorie t\u00eb madhe diku gjat\u00eb mileniumit t\u00eb par\u00eb. Askush nuk ia ka iden\u00eb se \u00e7far\u00eb n\u00ebnkuptojn\u00eb gdhendjet n\u00eb Port\u00eb.<\/li>\n<li>Shpellat Longyou, Kin\u00eb.<img data-recalc-dims=\"1\" loading=\"lazy\" decoding=\"async\" data-attachment-id=\"13961\" data-permalink=\"https:\/\/www.shqiperia.com\/blog\/10-zbulimet-qe-askush-spo-mundet-ti-shpjegoje\/4-shpellat-longyou-kine\/\" data-orig-file=\"https:\/\/i0.wp.com\/www.shqiperia.com\/blog\/wp-content\/uploads\/2018\/11\/4-Shpellat-Longyou-Kin%C3%AB.jpg?fit=1000%2C500&amp;ssl=1\" data-orig-size=\"1000,500\" data-comments-opened=\"1\" data-image-meta=\"{&quot;aperture&quot;:&quot;0&quot;,&quot;credit&quot;:&quot;&quot;,&quot;camera&quot;:&quot;&quot;,&quot;caption&quot;:&quot;&quot;,&quot;created_timestamp&quot;:&quot;0&quot;,&quot;copyright&quot;:&quot;&quot;,&quot;focal_length&quot;:&quot;0&quot;,&quot;iso&quot;:&quot;0&quot;,&quot;shutter_speed&quot;:&quot;0&quot;,&quot;title&quot;:&quot;&quot;,&quot;orientation&quot;:&quot;0&quot;}\" data-image-title=\"4 Shpellat Longyou, Kin\u00eb\" data-image-description=\"\" data-image-caption=\"\" data-medium-file=\"https:\/\/i0.wp.com\/www.shqiperia.com\/blog\/wp-content\/uploads\/2018\/11\/4-Shpellat-Longyou-Kin%C3%AB.jpg?fit=300%2C150&amp;ssl=1\" data-large-file=\"https:\/\/i0.wp.com\/www.shqiperia.com\/blog\/wp-content\/uploads\/2018\/11\/4-Shpellat-Longyou-Kin%C3%AB.jpg?fit=1000%2C500&amp;ssl=1\" class=\"alignnone  wp-image-13961\" alt=\"\" src=\"https:\/\/i0.wp.com\/www.shqiperia.com\/blog\/wp-content\/uploads\/2018\/11\/4-Shpellat-Longyou-Kin%C3%AB-300x150.jpg?resize=832%2C416\" width=\"832\" height=\"416\" srcset=\"https:\/\/i0.wp.com\/www.shqiperia.com\/blog\/wp-content\/uploads\/2018\/11\/4-Shpellat-Longyou-Kin%C3%AB.jpg?resize=300%2C150&amp;ssl=1 300w, https:\/\/i0.wp.com\/www.shqiperia.com\/blog\/wp-content\/uploads\/2018\/11\/4-Shpellat-Longyou-Kin%C3%AB.jpg?resize=768%2C384&amp;ssl=1 768w, https:\/\/i0.wp.com\/www.shqiperia.com\/blog\/wp-content\/uploads\/2018\/11\/4-Shpellat-Longyou-Kin%C3%AB.jpg?resize=450%2C225&amp;ssl=1 450w, https:\/\/i0.wp.com\/www.shqiperia.com\/blog\/wp-content\/uploads\/2018\/11\/4-Shpellat-Longyou-Kin%C3%AB.jpg?resize=600%2C300&amp;ssl=1 600w, https:\/\/i0.wp.com\/www.shqiperia.com\/blog\/wp-content\/uploads\/2018\/11\/4-Shpellat-Longyou-Kin%C3%AB.jpg?resize=400%2C200&amp;ssl=1 400w, https:\/\/i0.wp.com\/www.shqiperia.com\/blog\/wp-content\/uploads\/2018\/11\/4-Shpellat-Longyou-Kin%C3%AB.jpg?w=1000&amp;ssl=1 1000w\" sizes=\"auto, (max-width: 832px) 100vw, 832px\" \/><br \/>\nK\u00ebto shpella u punuan nga duart e njer\u00ebzve. Nj\u00eb pun\u00eb e till\u00eb e v\u00ebshtir\u00eb sigurisht k\u00ebrkon p\u00ebrfshirjen e mij\u00ebra njer\u00ebzve. Ende nuk dihet asgj\u00eb p\u00ebr k\u00ebto shpella, apo p\u00ebr metodat q\u00eb u p\u00ebrdor\u00ebn p\u00ebr t\u2019i nd\u00ebrtuar ato.<\/li>\n<li>Obelsiku i Pap\u00ebrfunduar, Egjipt.<img data-recalc-dims=\"1\" loading=\"lazy\" decoding=\"async\" data-attachment-id=\"13960\" data-permalink=\"https:\/\/www.shqiperia.com\/blog\/10-zbulimet-qe-askush-spo-mundet-ti-shpjegoje\/5-obelsiku-i-paperfunduar-egjipt\/\" data-orig-file=\"https:\/\/i0.wp.com\/www.shqiperia.com\/blog\/wp-content\/uploads\/2018\/11\/5.-Obelsiku-i-Pap%C3%ABrfunduar-Egjipt.jpg?fit=1000%2C667&amp;ssl=1\" data-orig-size=\"1000,667\" data-comments-opened=\"1\" data-image-meta=\"{&quot;aperture&quot;:&quot;0&quot;,&quot;credit&quot;:&quot;&quot;,&quot;camera&quot;:&quot;&quot;,&quot;caption&quot;:&quot;&quot;,&quot;created_timestamp&quot;:&quot;0&quot;,&quot;copyright&quot;:&quot;&quot;,&quot;focal_length&quot;:&quot;0&quot;,&quot;iso&quot;:&quot;0&quot;,&quot;shutter_speed&quot;:&quot;0&quot;,&quot;title&quot;:&quot;&quot;,&quot;orientation&quot;:&quot;0&quot;}\" data-image-title=\"5. Obelsiku i Pap\u00ebrfunduar, Egjipt\" data-image-description=\"\" data-image-caption=\"\" data-medium-file=\"https:\/\/i0.wp.com\/www.shqiperia.com\/blog\/wp-content\/uploads\/2018\/11\/5.-Obelsiku-i-Pap%C3%ABrfunduar-Egjipt.jpg?fit=300%2C200&amp;ssl=1\" data-large-file=\"https:\/\/i0.wp.com\/www.shqiperia.com\/blog\/wp-content\/uploads\/2018\/11\/5.-Obelsiku-i-Pap%C3%ABrfunduar-Egjipt.jpg?fit=1000%2C667&amp;ssl=1\" class=\"alignnone  wp-image-13960\" alt=\"\" src=\"https:\/\/i0.wp.com\/www.shqiperia.com\/blog\/wp-content\/uploads\/2018\/11\/5.-Obelsiku-i-Pap%C3%ABrfunduar-Egjipt-300x200.jpg?resize=863%2C575\" width=\"863\" height=\"575\" srcset=\"https:\/\/i0.wp.com\/www.shqiperia.com\/blog\/wp-content\/uploads\/2018\/11\/5.-Obelsiku-i-Pap%C3%ABrfunduar-Egjipt.jpg?resize=300%2C200&amp;ssl=1 300w, https:\/\/i0.wp.com\/www.shqiperia.com\/blog\/wp-content\/uploads\/2018\/11\/5.-Obelsiku-i-Pap%C3%ABrfunduar-Egjipt.jpg?resize=768%2C512&amp;ssl=1 768w, https:\/\/i0.wp.com\/www.shqiperia.com\/blog\/wp-content\/uploads\/2018\/11\/5.-Obelsiku-i-Pap%C3%ABrfunduar-Egjipt.jpg?resize=600%2C400&amp;ssl=1 600w, https:\/\/i0.wp.com\/www.shqiperia.com\/blog\/wp-content\/uploads\/2018\/11\/5.-Obelsiku-i-Pap%C3%ABrfunduar-Egjipt.jpg?resize=450%2C300&amp;ssl=1 450w, https:\/\/i0.wp.com\/www.shqiperia.com\/blog\/wp-content\/uploads\/2018\/11\/5.-Obelsiku-i-Pap%C3%ABrfunduar-Egjipt.jpg?resize=400%2C267&amp;ssl=1 400w, https:\/\/i0.wp.com\/www.shqiperia.com\/blog\/wp-content\/uploads\/2018\/11\/5.-Obelsiku-i-Pap%C3%ABrfunduar-Egjipt.jpg?w=1000&amp;ssl=1 1000w\" sizes=\"auto, (max-width: 863px) 100vw, 863px\" \/><br \/>\nKy obelisk fillimisht filloi t\u00eb gdhendej drejt\u00eb nga nj\u00eb guri, por duket se filloi t\u00eb thyhej. Ai u la n\u00eb k\u00ebt\u00eb gjendje, i pap\u00ebrfunduar. Madh\u00ebsia e tij \u00ebsht\u00eb thjesht\u00eb mahnit\u00ebse!<\/li>\n<li>Qyteti n\u00ebnujor i Yonaguni, Japoni.<img data-recalc-dims=\"1\" loading=\"lazy\" decoding=\"async\" data-attachment-id=\"13962\" data-permalink=\"https:\/\/www.shqiperia.com\/blog\/10-zbulimet-qe-askush-spo-mundet-ti-shpjegoje\/6-qyteti-nenujor-i-yonaguni-japoni\/\" data-orig-file=\"https:\/\/i0.wp.com\/www.shqiperia.com\/blog\/wp-content\/uploads\/2018\/11\/6.-Qyteti-n%C3%ABnujor-i-Yonaguni-Japoni.jpg?fit=1000%2C646&amp;ssl=1\" data-orig-size=\"1000,646\" data-comments-opened=\"1\" data-image-meta=\"{&quot;aperture&quot;:&quot;0&quot;,&quot;credit&quot;:&quot;&quot;,&quot;camera&quot;:&quot;&quot;,&quot;caption&quot;:&quot;&quot;,&quot;created_timestamp&quot;:&quot;0&quot;,&quot;copyright&quot;:&quot;&quot;,&quot;focal_length&quot;:&quot;0&quot;,&quot;iso&quot;:&quot;0&quot;,&quot;shutter_speed&quot;:&quot;0&quot;,&quot;title&quot;:&quot;&quot;,&quot;orientation&quot;:&quot;0&quot;}\" data-image-title=\"6. Qyteti n\u00ebnujor i Yonaguni, Japoni\" data-image-description=\"\" data-image-caption=\"\" data-medium-file=\"https:\/\/i0.wp.com\/www.shqiperia.com\/blog\/wp-content\/uploads\/2018\/11\/6.-Qyteti-n%C3%ABnujor-i-Yonaguni-Japoni.jpg?fit=300%2C194&amp;ssl=1\" data-large-file=\"https:\/\/i0.wp.com\/www.shqiperia.com\/blog\/wp-content\/uploads\/2018\/11\/6.-Qyteti-n%C3%ABnujor-i-Yonaguni-Japoni.jpg?fit=1000%2C646&amp;ssl=1\" class=\"alignnone  wp-image-13962\" alt=\"\" src=\"https:\/\/i0.wp.com\/www.shqiperia.com\/blog\/wp-content\/uploads\/2018\/11\/6.-Qyteti-n%C3%ABnujor-i-Yonaguni-Japoni-300x194.jpg?resize=666%2C431\" width=\"666\" height=\"431\" srcset=\"https:\/\/i0.wp.com\/www.shqiperia.com\/blog\/wp-content\/uploads\/2018\/11\/6.-Qyteti-n%C3%ABnujor-i-Yonaguni-Japoni.jpg?resize=300%2C194&amp;ssl=1 300w, https:\/\/i0.wp.com\/www.shqiperia.com\/blog\/wp-content\/uploads\/2018\/11\/6.-Qyteti-n%C3%ABnujor-i-Yonaguni-Japoni.jpg?resize=768%2C496&amp;ssl=1 768w, https:\/\/i0.wp.com\/www.shqiperia.com\/blog\/wp-content\/uploads\/2018\/11\/6.-Qyteti-n%C3%ABnujor-i-Yonaguni-Japoni.jpg?resize=450%2C291&amp;ssl=1 450w, https:\/\/i0.wp.com\/www.shqiperia.com\/blog\/wp-content\/uploads\/2018\/11\/6.-Qyteti-n%C3%ABnujor-i-Yonaguni-Japoni.jpg?resize=600%2C388&amp;ssl=1 600w, https:\/\/i0.wp.com\/www.shqiperia.com\/blog\/wp-content\/uploads\/2018\/11\/6.-Qyteti-n%C3%ABnujor-i-Yonaguni-Japoni.jpg?resize=400%2C258&amp;ssl=1 400w, https:\/\/i0.wp.com\/www.shqiperia.com\/blog\/wp-content\/uploads\/2018\/11\/6.-Qyteti-n%C3%ABnujor-i-Yonaguni-Japoni.jpg?w=1000&amp;ssl=1 1000w\" sizes=\"auto, (max-width: 666px) 100vw, 666px\" \/><br \/>\nKy kompleks i lasht\u00eb u zbulua nga disa zhyt\u00ebs. Rreth k\u00ebtij qyteti n\u00ebnujor jan\u00eb harxhuar t\u00eb gjitha teorit\u00eb shkencore. Guri nga i cili \u00ebsht\u00eb i gdhendur ishte zhytur n\u00ebn uj\u00eb diku rreth 10,000 vjet m\u00eb par\u00eb \u2013 shum\u00eb koh\u00eb para se piramidat e Egjiptit t\u00eb nd\u00ebrtoheshin.<\/li>\n<li>Mohenjo-Daro (Tuma e t\u00eb Vdekurit), Pakistan.<img data-recalc-dims=\"1\" loading=\"lazy\" decoding=\"async\" data-attachment-id=\"13963\" data-permalink=\"https:\/\/www.shqiperia.com\/blog\/10-zbulimet-qe-askush-spo-mundet-ti-shpjegoje\/7-mohenjo-daro-tuma-e-te-vdekurit-pakistan\/\" data-orig-file=\"https:\/\/i0.wp.com\/www.shqiperia.com\/blog\/wp-content\/uploads\/2018\/11\/7.-Mohenjo-Daro-Tuma-e-t%C3%AB-Vdekurit-Pakistan.jpg?fit=1000%2C749&amp;ssl=1\" data-orig-size=\"1000,749\" data-comments-opened=\"1\" data-image-meta=\"{&quot;aperture&quot;:&quot;0&quot;,&quot;credit&quot;:&quot;&quot;,&quot;camera&quot;:&quot;&quot;,&quot;caption&quot;:&quot;&quot;,&quot;created_timestamp&quot;:&quot;0&quot;,&quot;copyright&quot;:&quot;&quot;,&quot;focal_length&quot;:&quot;0&quot;,&quot;iso&quot;:&quot;0&quot;,&quot;shutter_speed&quot;:&quot;0&quot;,&quot;title&quot;:&quot;&quot;,&quot;orientation&quot;:&quot;0&quot;}\" data-image-title=\"7. Mohenjo-Daro (Tuma e t\u00eb Vdekurit), Pakistan\" data-image-description=\"\" data-image-caption=\"\" data-medium-file=\"https:\/\/i0.wp.com\/www.shqiperia.com\/blog\/wp-content\/uploads\/2018\/11\/7.-Mohenjo-Daro-Tuma-e-t%C3%AB-Vdekurit-Pakistan.jpg?fit=300%2C225&amp;ssl=1\" data-large-file=\"https:\/\/i0.wp.com\/www.shqiperia.com\/blog\/wp-content\/uploads\/2018\/11\/7.-Mohenjo-Daro-Tuma-e-t%C3%AB-Vdekurit-Pakistan.jpg?fit=1000%2C749&amp;ssl=1\" class=\"alignnone  wp-image-13963\" alt=\"\" src=\"https:\/\/i0.wp.com\/www.shqiperia.com\/blog\/wp-content\/uploads\/2018\/11\/7.-Mohenjo-Daro-Tuma-e-t%C3%AB-Vdekurit-Pakistan-300x225.jpg?resize=675%2C506\" width=\"675\" height=\"506\" srcset=\"https:\/\/i0.wp.com\/www.shqiperia.com\/blog\/wp-content\/uploads\/2018\/11\/7.-Mohenjo-Daro-Tuma-e-t%C3%AB-Vdekurit-Pakistan.jpg?resize=300%2C225&amp;ssl=1 300w, https:\/\/i0.wp.com\/www.shqiperia.com\/blog\/wp-content\/uploads\/2018\/11\/7.-Mohenjo-Daro-Tuma-e-t%C3%AB-Vdekurit-Pakistan.jpg?resize=768%2C575&amp;ssl=1 768w, https:\/\/i0.wp.com\/www.shqiperia.com\/blog\/wp-content\/uploads\/2018\/11\/7.-Mohenjo-Daro-Tuma-e-t%C3%AB-Vdekurit-Pakistan.jpg?resize=450%2C337&amp;ssl=1 450w, https:\/\/i0.wp.com\/www.shqiperia.com\/blog\/wp-content\/uploads\/2018\/11\/7.-Mohenjo-Daro-Tuma-e-t%C3%AB-Vdekurit-Pakistan.jpg?resize=600%2C449&amp;ssl=1 600w, https:\/\/i0.wp.com\/www.shqiperia.com\/blog\/wp-content\/uploads\/2018\/11\/7.-Mohenjo-Daro-Tuma-e-t%C3%AB-Vdekurit-Pakistan.jpg?resize=400%2C300&amp;ssl=1 400w, https:\/\/i0.wp.com\/www.shqiperia.com\/blog\/wp-content\/uploads\/2018\/11\/7.-Mohenjo-Daro-Tuma-e-t%C3%AB-Vdekurit-Pakistan.jpg?w=1000&amp;ssl=1 1000w\" sizes=\"auto, (max-width: 675px) 100vw, 675px\" \/><br \/>\nSekreti i r\u00ebnies s\u00eb k\u00ebtij qyteti ka hutuar ekspert\u00ebt p\u00ebr dekada t\u00eb t\u00ebra. N\u00eb vitin 1922, arkeologu indian R. D. Banerji zbuloi rr\u00ebnojat e lashta n\u00eb nj\u00eb nga ishujt n\u00eb lumin Indus. Menj\u00ebher\u00eb u ngrit\u00ebn disa pyetje: Si u shkat\u00ebrrua ky qytet i madh? \u00c7far\u00eb ndodhi me banor\u00ebt e tij? G\u00ebrmimet e shumta nuk kan\u00eb ofruar ndonj\u00eb p\u00ebrgjigje.<\/li>\n<li>L\u2019Anse aux Meadows, Kanada.<img data-recalc-dims=\"1\" loading=\"lazy\" decoding=\"async\" data-attachment-id=\"13964\" data-permalink=\"https:\/\/www.shqiperia.com\/blog\/10-zbulimet-qe-askush-spo-mundet-ti-shpjegoje\/8-lanse-aux-meadows-kanade\/\" data-orig-file=\"https:\/\/i0.wp.com\/www.shqiperia.com\/blog\/wp-content\/uploads\/2018\/11\/8.-L%E2%80%99Anse-aux-Meadows-Kanad%C3%AB.jpg?fit=1000%2C500&amp;ssl=1\" data-orig-size=\"1000,500\" data-comments-opened=\"1\" data-image-meta=\"{&quot;aperture&quot;:&quot;0&quot;,&quot;credit&quot;:&quot;&quot;,&quot;camera&quot;:&quot;&quot;,&quot;caption&quot;:&quot;&quot;,&quot;created_timestamp&quot;:&quot;0&quot;,&quot;copyright&quot;:&quot;&quot;,&quot;focal_length&quot;:&quot;0&quot;,&quot;iso&quot;:&quot;0&quot;,&quot;shutter_speed&quot;:&quot;0&quot;,&quot;title&quot;:&quot;&quot;,&quot;orientation&quot;:&quot;0&quot;}\" data-image-title=\"8. L\u2019Anse aux Meadows, Kanad\u00eb\" data-image-description=\"\" data-image-caption=\"\" data-medium-file=\"https:\/\/i0.wp.com\/www.shqiperia.com\/blog\/wp-content\/uploads\/2018\/11\/8.-L%E2%80%99Anse-aux-Meadows-Kanad%C3%AB.jpg?fit=300%2C150&amp;ssl=1\" data-large-file=\"https:\/\/i0.wp.com\/www.shqiperia.com\/blog\/wp-content\/uploads\/2018\/11\/8.-L%E2%80%99Anse-aux-Meadows-Kanad%C3%AB.jpg?fit=1000%2C500&amp;ssl=1\" class=\"alignnone  wp-image-13964\" alt=\"\" src=\"https:\/\/i0.wp.com\/www.shqiperia.com\/blog\/wp-content\/uploads\/2018\/11\/8.-L%E2%80%99Anse-aux-Meadows-Kanad%C3%AB-300x150.jpg?resize=774%2C387\" width=\"774\" height=\"387\" srcset=\"https:\/\/i0.wp.com\/www.shqiperia.com\/blog\/wp-content\/uploads\/2018\/11\/8.-L%E2%80%99Anse-aux-Meadows-Kanad%C3%AB.jpg?resize=300%2C150&amp;ssl=1 300w, https:\/\/i0.wp.com\/www.shqiperia.com\/blog\/wp-content\/uploads\/2018\/11\/8.-L%E2%80%99Anse-aux-Meadows-Kanad%C3%AB.jpg?resize=768%2C384&amp;ssl=1 768w, https:\/\/i0.wp.com\/www.shqiperia.com\/blog\/wp-content\/uploads\/2018\/11\/8.-L%E2%80%99Anse-aux-Meadows-Kanad%C3%AB.jpg?resize=450%2C225&amp;ssl=1 450w, https:\/\/i0.wp.com\/www.shqiperia.com\/blog\/wp-content\/uploads\/2018\/11\/8.-L%E2%80%99Anse-aux-Meadows-Kanad%C3%AB.jpg?resize=600%2C300&amp;ssl=1 600w, https:\/\/i0.wp.com\/www.shqiperia.com\/blog\/wp-content\/uploads\/2018\/11\/8.-L%E2%80%99Anse-aux-Meadows-Kanad%C3%AB.jpg?resize=400%2C200&amp;ssl=1 400w, https:\/\/i0.wp.com\/www.shqiperia.com\/blog\/wp-content\/uploads\/2018\/11\/8.-L%E2%80%99Anse-aux-Meadows-Kanad%C3%AB.jpg?w=1000&amp;ssl=1 1000w\" sizes=\"auto, (max-width: 774px) 100vw, 774px\" \/><br \/>\nKjo zon\u00eb arkeologjike n\u00eb Kanada dikur ishte nj\u00eb vendbanim i Viking\u00ebve mij\u00ebra vjet m\u00eb par\u00eb. Fakti se kjo ekziston atje tregon se skandinav\u00ebt kishin shkuar n\u00eb Amerik\u00eb Veriore shum\u00eb koh\u00eb para lindjes s\u00eb Kristofor Kolombos.<\/li>\n<li>Tunelet e Koh\u00ebs s\u00eb Gurit.<img data-recalc-dims=\"1\" loading=\"lazy\" decoding=\"async\" data-attachment-id=\"13965\" data-permalink=\"https:\/\/www.shqiperia.com\/blog\/10-zbulimet-qe-askush-spo-mundet-ti-shpjegoje\/9-tunelet-e-kohes-se-gurit\/\" data-orig-file=\"https:\/\/i0.wp.com\/www.shqiperia.com\/blog\/wp-content\/uploads\/2018\/11\/9.-Tunelet-e-Koh%C3%ABs-s%C3%AB-Gurit.jpg?fit=1000%2C500&amp;ssl=1\" data-orig-size=\"1000,500\" data-comments-opened=\"1\" data-image-meta=\"{&quot;aperture&quot;:&quot;0&quot;,&quot;credit&quot;:&quot;&quot;,&quot;camera&quot;:&quot;&quot;,&quot;caption&quot;:&quot;&quot;,&quot;created_timestamp&quot;:&quot;0&quot;,&quot;copyright&quot;:&quot;&quot;,&quot;focal_length&quot;:&quot;0&quot;,&quot;iso&quot;:&quot;0&quot;,&quot;shutter_speed&quot;:&quot;0&quot;,&quot;title&quot;:&quot;&quot;,&quot;orientation&quot;:&quot;0&quot;}\" data-image-title=\"9. Tunelet e Koh\u00ebs s\u00eb Gurit\" data-image-description=\"\" data-image-caption=\"\" data-medium-file=\"https:\/\/i0.wp.com\/www.shqiperia.com\/blog\/wp-content\/uploads\/2018\/11\/9.-Tunelet-e-Koh%C3%ABs-s%C3%AB-Gurit.jpg?fit=300%2C150&amp;ssl=1\" data-large-file=\"https:\/\/i0.wp.com\/www.shqiperia.com\/blog\/wp-content\/uploads\/2018\/11\/9.-Tunelet-e-Koh%C3%ABs-s%C3%AB-Gurit.jpg?fit=1000%2C500&amp;ssl=1\" class=\"alignnone  wp-image-13965\" alt=\"\" src=\"https:\/\/i0.wp.com\/www.shqiperia.com\/blog\/wp-content\/uploads\/2018\/11\/9.-Tunelet-e-Koh%C3%ABs-s%C3%AB-Gurit-300x150.jpg?resize=826%2C413\" width=\"826\" height=\"413\" srcset=\"https:\/\/i0.wp.com\/www.shqiperia.com\/blog\/wp-content\/uploads\/2018\/11\/9.-Tunelet-e-Koh%C3%ABs-s%C3%AB-Gurit.jpg?resize=300%2C150&amp;ssl=1 300w, https:\/\/i0.wp.com\/www.shqiperia.com\/blog\/wp-content\/uploads\/2018\/11\/9.-Tunelet-e-Koh%C3%ABs-s%C3%AB-Gurit.jpg?resize=768%2C384&amp;ssl=1 768w, https:\/\/i0.wp.com\/www.shqiperia.com\/blog\/wp-content\/uploads\/2018\/11\/9.-Tunelet-e-Koh%C3%ABs-s%C3%AB-Gurit.jpg?resize=450%2C225&amp;ssl=1 450w, https:\/\/i0.wp.com\/www.shqiperia.com\/blog\/wp-content\/uploads\/2018\/11\/9.-Tunelet-e-Koh%C3%ABs-s%C3%AB-Gurit.jpg?resize=600%2C300&amp;ssl=1 600w, https:\/\/i0.wp.com\/www.shqiperia.com\/blog\/wp-content\/uploads\/2018\/11\/9.-Tunelet-e-Koh%C3%ABs-s%C3%AB-Gurit.jpg?resize=400%2C200&amp;ssl=1 400w, https:\/\/i0.wp.com\/www.shqiperia.com\/blog\/wp-content\/uploads\/2018\/11\/9.-Tunelet-e-Koh%C3%ABs-s%C3%AB-Gurit.jpg?w=1000&amp;ssl=1 1000w\" sizes=\"auto, (max-width: 826px) 100vw, 826px\" \/><br \/>\nZbulimi i nj\u00eb rrjeti t\u00eb gjer\u00eb t\u00eb tuneleve n\u00ebntok\u00ebsore, q\u00eb shtrihen n\u00ebp\u00ebr gjith\u00eb Evrop\u00ebn nga Skocia deri n\u00eb Turqi, tregon se komunitetet e Koh\u00ebs s\u00eb Gurit nuk ishin thjesht\u00eb shpellar\u00eb. Por q\u00ebllimi i v\u00ebrtet\u00eb i tuneleve ende mbetet nj\u00eb mister. Disa studiues besojn\u00eb se ata jan\u00eb p\u00ebrdorur si mbrojtje kund\u00ebr grabitqar\u00ebve, nd\u00ebrsa t\u00eb tjer\u00ebt besojn\u00eb se njer\u00ebzit e asaj kohe kishin siguruar nj\u00eb m\u00ebnyr\u00eb p\u00ebr t\u00eb udh\u00ebtuar p\u00ebrreth n\u00eb m\u00ebnyr\u00eb t\u00eb sigurt, duke u mbrojtur nga masat e rrepta t\u00eb motit dhe konflikteve t\u00eb ndryshme.<\/li>\n<li>Sferat e m\u00ebdha prej guri n\u00eb Kosta Rika.<img data-recalc-dims=\"1\" loading=\"lazy\" decoding=\"async\" data-attachment-id=\"13966\" data-permalink=\"https:\/\/www.shqiperia.com\/blog\/10-zbulimet-qe-askush-spo-mundet-ti-shpjegoje\/10-sferat-e-medha-prej-guri-ne-kosta-rika\/\" data-orig-file=\"https:\/\/i0.wp.com\/www.shqiperia.com\/blog\/wp-content\/uploads\/2018\/11\/10.-Sferat-e-m%C3%ABdha-prej-guri-n%C3%AB-Kosta-Rika.jpg?fit=1000%2C669&amp;ssl=1\" data-orig-size=\"1000,669\" data-comments-opened=\"1\" data-image-meta=\"{&quot;aperture&quot;:&quot;0&quot;,&quot;credit&quot;:&quot;&quot;,&quot;camera&quot;:&quot;&quot;,&quot;caption&quot;:&quot;&quot;,&quot;created_timestamp&quot;:&quot;0&quot;,&quot;copyright&quot;:&quot;&quot;,&quot;focal_length&quot;:&quot;0&quot;,&quot;iso&quot;:&quot;0&quot;,&quot;shutter_speed&quot;:&quot;0&quot;,&quot;title&quot;:&quot;&quot;,&quot;orientation&quot;:&quot;0&quot;}\" data-image-title=\"10. Sferat e m\u00ebdha prej guri n\u00eb Kosta Rika\" data-image-description=\"\" data-image-caption=\"\" data-medium-file=\"https:\/\/i0.wp.com\/www.shqiperia.com\/blog\/wp-content\/uploads\/2018\/11\/10.-Sferat-e-m%C3%ABdha-prej-guri-n%C3%AB-Kosta-Rika.jpg?fit=300%2C201&amp;ssl=1\" data-large-file=\"https:\/\/i0.wp.com\/www.shqiperia.com\/blog\/wp-content\/uploads\/2018\/11\/10.-Sferat-e-m%C3%ABdha-prej-guri-n%C3%AB-Kosta-Rika.jpg?fit=1000%2C669&amp;ssl=1\" class=\"alignnone  wp-image-13966\" alt=\"\" src=\"https:\/\/i0.wp.com\/www.shqiperia.com\/blog\/wp-content\/uploads\/2018\/11\/10.-Sferat-e-m%C3%ABdha-prej-guri-n%C3%AB-Kosta-Rika-300x201.jpg?resize=821%2C550\" width=\"821\" height=\"550\" srcset=\"https:\/\/i0.wp.com\/www.shqiperia.com\/blog\/wp-content\/uploads\/2018\/11\/10.-Sferat-e-m%C3%ABdha-prej-guri-n%C3%AB-Kosta-Rika.jpg?resize=300%2C201&amp;ssl=1 300w, https:\/\/i0.wp.com\/www.shqiperia.com\/blog\/wp-content\/uploads\/2018\/11\/10.-Sferat-e-m%C3%ABdha-prej-guri-n%C3%AB-Kosta-Rika.jpg?resize=768%2C514&amp;ssl=1 768w, https:\/\/i0.wp.com\/www.shqiperia.com\/blog\/wp-content\/uploads\/2018\/11\/10.-Sferat-e-m%C3%ABdha-prej-guri-n%C3%AB-Kosta-Rika.jpg?resize=450%2C301&amp;ssl=1 450w, https:\/\/i0.wp.com\/www.shqiperia.com\/blog\/wp-content\/uploads\/2018\/11\/10.-Sferat-e-m%C3%ABdha-prej-guri-n%C3%AB-Kosta-Rika.jpg?resize=600%2C401&amp;ssl=1 600w, https:\/\/i0.wp.com\/www.shqiperia.com\/blog\/wp-content\/uploads\/2018\/11\/10.-Sferat-e-m%C3%ABdha-prej-guri-n%C3%AB-Kosta-Rika.jpg?resize=400%2C268&amp;ssl=1 400w, https:\/\/i0.wp.com\/www.shqiperia.com\/blog\/wp-content\/uploads\/2018\/11\/10.-Sferat-e-m%C3%ABdha-prej-guri-n%C3%AB-Kosta-Rika.jpg?w=1000&amp;ssl=1 1000w\" sizes=\"auto, (max-width: 821px) 100vw, 821px\" \/><br \/>\nK\u00ebto formacione misterioze prej guri jan\u00eb interesant jo vet\u00ebm p\u00ebr shkak t\u00eb form\u00ebs, por edhe p\u00ebr shkak t\u00eb origjin\u00ebs s\u00eb tyre t\u00eb panjohur dhe q\u00ebllimit. Ato u zbuluan n\u00eb vitin 1930 nga disa punonj\u00ebs. Legjendat vendase atje sugjerojn\u00eb se sferat misterioze p\u00ebrmbanin ari t\u00eb fshehur, por t\u00eb cilat dol\u00ebn t\u00eb ishin t\u00eb zbrazura.<\/li>\n<\/ol>\n","protected":false},"excerpt":{"rendered":"<p>10 zbulimet q\u00eb askush s\u2019po mundet t\u2019i shpjegoj\u00eb. &#8211; Historia e bot\u00ebs \u00ebsht\u00eb p\u00ebrplot mistere. Asnj\u00ebri prej nesh nuk do t\u00eb jetoj\u00eb aq gjat\u00eb sa p\u00ebr t\u2019i par\u00eb t\u00eb gjitha k\u00ebto mistere duke u zgjidhur. Por, \u00ebsht\u00eb gjithmon\u00eb interesante t\u2019i shoh\u00ebsh disa prej gj\u00ebrave me t\u00eb v\u00ebrtet\u00eb t\u00eb \u00e7uditshme q\u00eb jan\u00eb zbuluar. N\u00eb nj\u00eb list\u00eb [&hellip;]<\/p>\n","protected":false},"author":9,"featured_media":13955,"comment_status":"open","ping_status":"open","sticky":false,"template":"","format":"standard","meta":{"jetpack_post_was_ever_published":false,"_jetpack_newsletter_access":"","_jetpack_dont_email_post_to_subs":false,"_jetpack_newsletter_tier_id":0,"_jetpack_memberships_contains_paywalled_content":false,"_jetpack_memberships_contains_paid_content":false,"footnotes":"","jetpack_publicize_message":"","jetpack_publicize_feature_enabled":true,"jetpack_social_post_already_shared":true,"jetpack_social_options":{"image_generator_settings":{"template":"highway","default_image_id":0,"font":"","enabled":false},"version":2}},"categories":[27,85,10],"tags":[],"class_list":["post-13954","post","type-post","status-publish","format-standard","has-post-thumbnail","hentry","category-blogu-i-udhetarit","category-histori","category-kultura"],"jetpack_publicize_connections":[],"jetpack_featured_media_url":"https:\/\/i0.wp.com\/www.shqiperia.com\/blog\/wp-content\/uploads\/2018\/11\/3-Porta-e-Diellit-Bolivi.jpg?fit=1000%2C642&ssl=1","jetpack_sharing_enabled":true,"jetpack_shortlink":"https:\/\/wp.me\/p5Z6wp-3D4","jetpack-related-posts":[{"id":65366,"url":"https:\/\/www.shqiperia.com\/blog\/mistere-pervojat-ne-prag-te-vdekjes-dhe-jeta-pas-saj\/","url_meta":{"origin":13954,"position":0},"title":"Mistere\/ P\u00ebrvojat n\u00eb prag t\u00eb vdekjes dhe jeta pas saj","author":"Kurt Farka","date":"December 9, 2022","format":false,"excerpt":"9 Dhjetor 2022 Njer\u00ebzit q\u00eb kan\u00eb qen\u00eb nj\u00ebher\u00eb pran\u00eb vdekjes kan\u00eb raportuar p\u00ebrvoja mistike, si: shk\u00ebputja prej trupit, ngritja n\u00eb aj\u00ebr, prania e nj\u00eb qenie shum\u00eb t\u00eb dashur prej drite - ndonj\u00ebher\u00eb e interpretuar si Per\u00ebndia, duke kaluar n\u00eb nj\u00eb tunel e pas k\u00ebsaj duke dal\u00eb n\u00eb drit\u00eb, duke u\u2026","rel":"","context":"In &quot;Blogu i Udh\u00ebtarit&quot;","block_context":{"text":"Blogu i Udh\u00ebtarit","link":"https:\/\/www.shqiperia.com\/blog\/category\/blogu-i-udhetarit\/"},"img":{"alt_text":"","src":"https:\/\/i0.wp.com\/www.shqiperia.com\/blog\/wp-content\/uploads\/2022\/12\/640-0-eee-700.jpg?fit=640%2C363&ssl=1&resize=350%2C200","width":350,"height":200,"srcset":"https:\/\/i0.wp.com\/www.shqiperia.com\/blog\/wp-content\/uploads\/2022\/12\/640-0-eee-700.jpg?fit=640%2C363&ssl=1&resize=350%2C200 1x, https:\/\/i0.wp.com\/www.shqiperia.com\/blog\/wp-content\/uploads\/2022\/12\/640-0-eee-700.jpg?fit=640%2C363&ssl=1&resize=525%2C300 1.5x"},"classes":[]},{"id":30192,"url":"https:\/\/www.shqiperia.com\/blog\/kush-shkel-aty-vdes-njihuni-me-ishullin-e-vetem-ne-toke-qe-askush-nuk-guxon-te-shkoje\/","url_meta":{"origin":13954,"position":1},"title":"\u201cKush shkel aty, vdes\u201d, njihuni me ishullin e vet\u00ebm n\u00eb Tok\u00eb q\u00eb askush nuk guxon t\u00eb shkoj\u00eb.","author":"Kurt Farka","date":"January 10, 2020","format":false,"excerpt":"\u201cKush shkel aty, vdes\u201d, njihuni me ishullin e vet\u00ebm n\u00eb Tok\u00eb q\u00eb askush nuk guxon t\u00eb shkoj\u00eb T\u00eb gjith\u00eb e din\u00eb q\u00eb nuk ka asnj\u00eb vend n\u00eb hart\u00ebn e planetit Tok\u00eb q\u00eb nuk \u00ebsht\u00eb eksploruar nga njer\u00ebzit. Por ja q\u00eb \u00ebsht\u00eb nj\u00eb vend ku as aventurieri m\u00eb guximtar nuk ka\u2026","rel":"","context":"In &quot;Blogu i Udh\u00ebtarit&quot;","block_context":{"text":"Blogu i Udh\u00ebtarit","link":"https:\/\/www.shqiperia.com\/blog\/category\/blogu-i-udhetarit\/"},"img":{"alt_text":"","src":"https:\/\/i0.wp.com\/www.shqiperia.com\/blog\/wp-content\/uploads\/2020\/01\/ishullio.jpg?fit=520%2C281&ssl=1&resize=350%2C200","width":350,"height":200},"classes":[]},{"id":30200,"url":"https:\/\/www.shqiperia.com\/blog\/kush-shkel-aty-vdes-njihuni-me-ishullin-e-vetem-ne-toke-qe-askush-nuk-guxon-te-shkoje-2\/","url_meta":{"origin":13954,"position":2},"title":"\u201cKush shkel aty, vdes\u201d, njihuni me ishullin e vet\u00ebm n\u00eb Tok\u00eb q\u00eb askush nuk guxon t\u00eb shkoje.","author":"Kurt Farka","date":"January 10, 2020","format":false,"excerpt":"\u201cKush shkel aty, vdes\u201d, njihuni me ishullin e vet\u00ebm n\u00eb Tok\u00eb q\u00eb askush nuk guxon t\u00eb shkoje. T\u00eb gjith\u00eb e din\u00eb q\u00eb nuk ka asnj\u00eb vend n\u00eb hart\u00ebn e planetit Tok\u00eb q\u00eb nuk \u00ebsht\u00eb eksploruar nga njer\u00ebzit. Por ja q\u00eb \u00ebsht\u00eb nj\u00eb vend ku as aventurieri m\u00eb guximtar nuk ka\u2026","rel":"","context":"In &quot;Blogu i Udh\u00ebtarit&quot;","block_context":{"text":"Blogu i Udh\u00ebtarit","link":"https:\/\/www.shqiperia.com\/blog\/category\/blogu-i-udhetarit\/"},"img":{"alt_text":"","src":"https:\/\/i0.wp.com\/www.shqiperia.com\/blog\/wp-content\/uploads\/2020\/01\/%E2%80%9CKush-shkel-aty-vdes%E2%80%9D.-3.jpg?fit=520%2C281&ssl=1&resize=350%2C200","width":350,"height":200},"classes":[]},{"id":40778,"url":"https:\/\/www.shqiperia.com\/blog\/mistere-te-shkences-qe-nuk-i-ka-zbuluar-askush\/","url_meta":{"origin":13954,"position":3},"title":"Mistere t\u00eb shkenc\u00ebs q\u00eb nuk i ka zbuluar askush&#8230;","author":"Kurt Farka","date":"November 12, 2020","format":false,"excerpt":"Mistere t\u00eb shkenc\u00ebs q\u00eb nuk i ka zbuluar askush Materja e zez\u00eb. Shkenc\u00ebtar\u00ebt besojn\u00eb se shumica e universit p\u00ebrb\u00ebhet nga \u201cmateria e zez\u00eb\u201d, e cila nuk l\u00ebshon drit\u00eb ose energji. Nd\u00ebrsa shkenc\u00ebtar\u00ebt mund t\u00eb ju tregojn\u00eb se \u00e7far\u00eb nuk \u00ebsht\u00eb \u201cMaterie e err\u00ebt\u201d, ata nuk mund t\u00eb tregojn\u00eb se \u00e7far\u00eb\u2026","rel":"","context":"In &quot;Blogu i Udh\u00ebtarit&quot;","block_context":{"text":"Blogu i Udh\u00ebtarit","link":"https:\/\/www.shqiperia.com\/blog\/category\/blogu-i-udhetarit\/"},"img":{"alt_text":"","src":"https:\/\/i0.wp.com\/www.shqiperia.com\/blog\/wp-content\/uploads\/2020\/11\/4-32.jpg?fit=760%2C506&ssl=1&resize=350%2C200","width":350,"height":200,"srcset":"https:\/\/i0.wp.com\/www.shqiperia.com\/blog\/wp-content\/uploads\/2020\/11\/4-32.jpg?fit=760%2C506&ssl=1&resize=350%2C200 1x, https:\/\/i0.wp.com\/www.shqiperia.com\/blog\/wp-content\/uploads\/2020\/11\/4-32.jpg?fit=760%2C506&ssl=1&resize=525%2C300 1.5x, https:\/\/i0.wp.com\/www.shqiperia.com\/blog\/wp-content\/uploads\/2020\/11\/4-32.jpg?fit=760%2C506&ssl=1&resize=700%2C400 2x"},"classes":[]},{"id":40789,"url":"https:\/\/www.shqiperia.com\/blog\/artisti-kosovar-petrit-halilaj-ka-hapur-ekspozite-pesonale-ne-spanje\/","url_meta":{"origin":13954,"position":4},"title":"Artisti kosovar Petrit Halilaj ka hapur ekspozit\u00eb pesonale n\u00eb Spanj\u00eb","author":"Kurt Farka","date":"November 12, 2020","format":false,"excerpt":"Artisti kosovar Petrit Halilaj ka hapur ekspozit\u00eb pesonale n\u00eb Spanj\u00eb Ekspozita e hapur n\u00eb Pallatin e Kristalt\u00eb n\u00eb Madrid, artisti ka p\u00ebrdorur nj\u00eb gam\u00eb t\u00eb gjer\u00eb elementesh p\u00ebr t\u2019i eksploruar temat si sht\u00ebpia, kombi, dashuria dhe identiteti kulturor. Kjo \u00ebsht\u00eb ekspozita e par\u00eb q\u00eb p\u00ebrurohet nga Muzeu Reina Sof\u00eda q\u00ebkur\u2026","rel":"","context":"In &quot;Arte&quot;","block_context":{"text":"Arte","link":"https:\/\/www.shqiperia.com\/blog\/category\/arte\/"},"img":{"alt_text":"","src":"https:\/\/i0.wp.com\/www.shqiperia.com\/blog\/wp-content\/uploads\/2020\/11\/850x636_fatir_krypa-_vepra1594237169-Copy.jpg?fit=850%2C388&ssl=1&resize=350%2C200","width":350,"height":200,"srcset":"https:\/\/i0.wp.com\/www.shqiperia.com\/blog\/wp-content\/uploads\/2020\/11\/850x636_fatir_krypa-_vepra1594237169-Copy.jpg?fit=850%2C388&ssl=1&resize=350%2C200 1x, https:\/\/i0.wp.com\/www.shqiperia.com\/blog\/wp-content\/uploads\/2020\/11\/850x636_fatir_krypa-_vepra1594237169-Copy.jpg?fit=850%2C388&ssl=1&resize=525%2C300 1.5x, https:\/\/i0.wp.com\/www.shqiperia.com\/blog\/wp-content\/uploads\/2020\/11\/850x636_fatir_krypa-_vepra1594237169-Copy.jpg?fit=850%2C388&ssl=1&resize=700%2C400 2x"},"classes":[]},{"id":55001,"url":"https:\/\/www.shqiperia.com\/blog\/skulptura-e-lashte-prej-shkumesi-eshte-arti-me-i-rendesishem-parahistorik\/","url_meta":{"origin":13954,"position":5},"title":"Skulptura e lasht\u00eb prej shkum\u00ebsi \u00ebsht\u00eb \u2018arti m\u00eb i r\u00ebnd\u00ebsish\u00ebm parahistorik\u2019","author":"Kurt Farka","date":"March 8, 2022","format":false,"excerpt":"Skulptura e lasht\u00eb prej shkum\u00ebsi \u00ebsht\u00eb \u2018arti m\u00eb i r\u00ebnd\u00ebsish\u00ebm parahistorik\u2019 Nga muzeu thon\u00eb se ishte \u201cnj\u00eb nga zbulimet m\u00eb dometh\u00ebn\u00ebse\u201d q\u00eb i takon lasht\u00ebsis\u00eb, n\u00eb Mbret\u00ebrin\u00eb e Bashkuar. Nj\u00eb skulptur\u00eb 5 mij\u00ebvje\u00e7are q\u00eb u gjet n\u00eb varrin e tre f\u00ebmij\u00ebve konsiderohet si \u201cvepra m\u00eb e r\u00ebnd\u00ebsishme e artit parahistorik\u201d\u2026","rel":"","context":"In &quot;Blogu i Udh\u00ebtarit&quot;","block_context":{"text":"Blogu i Udh\u00ebtarit","link":"https:\/\/www.shqiperia.com\/blog\/category\/blogu-i-udhetarit\/"},"img":{"alt_text":"","src":"https:\/\/i0.wp.com\/www.shqiperia.com\/blog\/wp-content\/uploads\/2022\/03\/Nje-skulpture-5-mijevjecare-u-gjet-ne-Britani.jpg?fit=1000%2C508&ssl=1&resize=350%2C200","width":350,"height":200,"srcset":"https:\/\/i0.wp.com\/www.shqiperia.com\/blog\/wp-content\/uploads\/2022\/03\/Nje-skulpture-5-mijevjecare-u-gjet-ne-Britani.jpg?fit=1000%2C508&ssl=1&resize=350%2C200 1x, https:\/\/i0.wp.com\/www.shqiperia.com\/blog\/wp-content\/uploads\/2022\/03\/Nje-skulpture-5-mijevjecare-u-gjet-ne-Britani.jpg?fit=1000%2C508&ssl=1&resize=525%2C300 1.5x, https:\/\/i0.wp.com\/www.shqiperia.com\/blog\/wp-content\/uploads\/2022\/03\/Nje-skulpture-5-mijevjecare-u-gjet-ne-Britani.jpg?fit=1000%2C508&ssl=1&resize=700%2C400 2x"},"classes":[]}],"_links":{"self":[{"href":"https:\/\/www.shqiperia.com\/blog\/wp-json\/wp\/v2\/posts\/13954","targetHints":{"allow":["GET"]}}],"collection":[{"href":"https:\/\/www.shqiperia.com\/blog\/wp-json\/wp\/v2\/posts"}],"about":[{"href":"https:\/\/www.shqiperia.com\/blog\/wp-json\/wp\/v2\/types\/post"}],"author":[{"embeddable":true,"href":"https:\/\/www.shqiperia.com\/blog\/wp-json\/wp\/v2\/users\/9"}],"replies":[{"embeddable":true,"href":"https:\/\/www.shqiperia.com\/blog\/wp-json\/wp\/v2\/comments?post=13954"}],"version-history":[{"count":1,"href":"https:\/\/www.shqiperia.com\/blog\/wp-json\/wp\/v2\/posts\/13954\/revisions"}],"predecessor-version":[{"id":13967,"href":"https:\/\/www.shqiperia.com\/blog\/wp-json\/wp\/v2\/posts\/13954\/revisions\/13967"}],"wp:featuredmedia":[{"embeddable":true,"href":"https:\/\/www.shqiperia.com\/blog\/wp-json\/wp\/v2\/media\/13955"}],"wp:attachment":[{"href":"https:\/\/www.shqiperia.com\/blog\/wp-json\/wp\/v2\/media?parent=13954"}],"wp:term":[{"taxonomy":"category","embeddable":true,"href":"https:\/\/www.shqiperia.com\/blog\/wp-json\/wp\/v2\/categories?post=13954"},{"taxonomy":"post_tag","embeddable":true,"href":"https:\/\/www.shqiperia.com\/blog\/wp-json\/wp\/v2\/tags?post=13954"}],"curies":[{"name":"wp","href":"https:\/\/api.w.org\/{rel}","templated":true}]}}