{"id":13948,"date":"2018-11-21T15:33:33","date_gmt":"2018-11-21T15:33:33","guid":{"rendered":"http:\/\/www.shqiperia.com\/blog\/?p=13948"},"modified":"2018-11-21T15:33:33","modified_gmt":"2018-11-21T15:33:33","slug":"ju-lutem-mos-i-fyeni-dhe-mos-i-lendoni-aktoret-tane-qe-perpiqen-te-kene-ne-truallin-e-tyre-shumevjecar-nje-teater-kombetar-dinjitoz","status":"publish","type":"post","link":"https:\/\/www.shqiperia.com\/blog\/ju-lutem-mos-i-fyeni-dhe-mos-i-lendoni-aktoret-tane-qe-perpiqen-te-kene-ne-truallin-e-tyre-shumevjecar-nje-teater-kombetar-dinjitoz\/","title":{"rendered":"Ju lutem, mos i fyeni dhe mos i l\u00ebndoni aktor\u00ebt tan\u00eb q\u00eb p\u00ebrpiqen t\u00eb ken\u00eb (n\u00eb truallin e tyre shum\u00ebvje\u00e7ar) nj\u00eb Teat\u00ebr Komb\u00ebtar dinjitoz.-"},"content":{"rendered":"<p><img data-recalc-dims=\"1\" loading=\"lazy\" decoding=\"async\" data-attachment-id=\"13949\" data-permalink=\"https:\/\/www.shqiperia.com\/blog\/ju-lutem-mos-i-fyeni-dhe-mos-i-lendoni-aktoret-tane-qe-perpiqen-te-kene-ne-truallin-e-tyre-shumevjecar-nje-teater-kombetar-dinjitoz\/mimika-luca-copy\/\" data-orig-file=\"https:\/\/i0.wp.com\/www.shqiperia.com\/blog\/wp-content\/uploads\/2018\/11\/mimika-luca-Copy.jpg?fit=640%2C340&amp;ssl=1\" data-orig-size=\"640,340\" data-comments-opened=\"1\" data-image-meta=\"{&quot;aperture&quot;:&quot;0&quot;,&quot;credit&quot;:&quot;&quot;,&quot;camera&quot;:&quot;&quot;,&quot;caption&quot;:&quot;&quot;,&quot;created_timestamp&quot;:&quot;0&quot;,&quot;copyright&quot;:&quot;&quot;,&quot;focal_length&quot;:&quot;0&quot;,&quot;iso&quot;:&quot;0&quot;,&quot;shutter_speed&quot;:&quot;0&quot;,&quot;title&quot;:&quot;&quot;,&quot;orientation&quot;:&quot;0&quot;}\" data-image-title=\"mimika luca &#8211; Copy\" data-image-description=\"\" data-image-caption=\"\" data-medium-file=\"https:\/\/i0.wp.com\/www.shqiperia.com\/blog\/wp-content\/uploads\/2018\/11\/mimika-luca-Copy.jpg?fit=300%2C159&amp;ssl=1\" data-large-file=\"https:\/\/i0.wp.com\/www.shqiperia.com\/blog\/wp-content\/uploads\/2018\/11\/mimika-luca-Copy.jpg?fit=640%2C340&amp;ssl=1\" class=\"alignnone size-medium wp-image-13949\" alt=\"\" src=\"https:\/\/i0.wp.com\/www.shqiperia.com\/blog\/wp-content\/uploads\/2018\/11\/mimika-luca-Copy-300x159.jpg?resize=300%2C159\" width=\"300\" height=\"159\" srcset=\"https:\/\/i0.wp.com\/www.shqiperia.com\/blog\/wp-content\/uploads\/2018\/11\/mimika-luca-Copy.jpg?resize=300%2C159&amp;ssl=1 300w, https:\/\/i0.wp.com\/www.shqiperia.com\/blog\/wp-content\/uploads\/2018\/11\/mimika-luca-Copy.jpg?resize=450%2C239&amp;ssl=1 450w, https:\/\/i0.wp.com\/www.shqiperia.com\/blog\/wp-content\/uploads\/2018\/11\/mimika-luca-Copy.jpg?resize=600%2C319&amp;ssl=1 600w, https:\/\/i0.wp.com\/www.shqiperia.com\/blog\/wp-content\/uploads\/2018\/11\/mimika-luca-Copy.jpg?resize=400%2C213&amp;ssl=1 400w, https:\/\/i0.wp.com\/www.shqiperia.com\/blog\/wp-content\/uploads\/2018\/11\/mimika-luca-Copy.jpg?w=640&amp;ssl=1 640w\" sizes=\"auto, (max-width: 300px) 100vw, 300px\" \/><\/p>\n<p>Ju lutem, mos i fyeni dhe mos i l\u00ebndoni aktor\u00ebt tan\u00eb q\u00eb p\u00ebrpiqen t\u00eb ken\u00eb (n\u00eb truallin e tyre shum\u00ebvje\u00e7ar) nj\u00eb Teat\u00ebr Komb\u00ebtar dinjitoz.-<\/p>\n<p><strong>\u00a0<\/strong><\/p>\n<p><strong>Nga MIMIKA LUCA*<\/strong><\/p>\n<p><strong>\u00a0M\u00eb 1 shkurt t\u00eb vitit 1950, me vendim t\u00eb qeveris\u00eb, kompleksi i Teatrit Komb\u00ebtar u quajt Filarmonia e Par\u00eb Shqiptare. M\u00eb 12 maj t\u00eb vitit 1951, nga nj\u00eb rast\u00ebsi e \u00e7uditshme dhe me nj\u00eb provim q\u00eb nuk zgjati as gjysm\u00eb ore, un\u00eb tremb\u00ebdhjet\u00ebvje\u00e7arja Mimika Sami (Luca) fillova pun\u00eb si balerin\u00eb, n\u00eb at\u00eb truall q\u00eb m\u2019u duk i madh\u00ebrish\u00ebm.<\/strong><\/p>\n<p>N\u00eb Filarmoni b\u00ebnin pjes\u00eb k\u00ebng\u00ebtar\u00ebt lirik\u00eb, Orkestra Simfonike, Baleti Klasik -Folklorik, q\u00eb ve\u00e7 koncerteve t\u00eb shumta, n\u00eb vitet 1951-1953, p\u00ebr her\u00eb t\u00eb par\u00eb n\u00eb historin\u00eb e Shqip\u00ebris\u00eb u ngjit\u00ebn n\u00eb sken\u00eb kat\u00ebr vepra t\u00eb plota klasike: 1-Baleti \u201cShat\u00ebrvani i Bashcisarait\u201d dhe \u201cEsmeralda\u201d, Opera \u201cRusalka\u201d dhe \u201cIvan Susanjin\u201d. 2- Teatri Popullor, pas shk\u00eblqimit n\u00eb dramaturgjin\u00eb nacionale, klasike e konteporane, mori emrin Teatri Komb\u00ebtar. 3- K\u00ebng\u00ebtar\u00ebt e muzik\u00ebs popullore me orkestrin\u00ebn e tyre. 4- Mjesht\u00ebrit e dekoreve, rrobaqep\u00ebsia, k\u00ebpucari q\u00eb arriti t\u00eb b\u00ebj\u00eb edhe puantat e baletit klasik q\u00eb vinin nga importi. Parukeria ndodhej posht\u00eb drejtoris\u00eb dhe administrat\u00ebs, nj\u00eb klub q\u00eb un\u00eb e kam quajtur dhe e quaj foleja e par\u00eb e Lidhjes s\u00eb Shkrimtar\u00ebve dhe artist\u00ebve t\u00eb Shqip\u00ebris\u00eb, q\u00eb n\u00eb dit\u00ebt e sotme nuk ekziston. Ai klub ka sh\u00ebrbyer p\u00ebr disa vjet jo vet\u00ebm si vend \u00e7lodhjeje p\u00ebr shkrimtar\u00ebt e artist\u00ebt, por edhe si ekspozit\u00eb e arteve figurative tonat dhe t\u00eb artist\u00ebve t\u00eb huaj, miqve t\u00eb Shqip\u00ebris\u00eb. N\u00eb at\u00eb klub jan\u00eb b\u00ebr\u00eb mbledhje t\u00eb bukura promovimesh e ndonj\u00ebher\u00eb t\u00eb dhimbshme. Dikush q\u00eb nuk e njeh mir\u00eb historikun e atij trualli t\u00eb shenjt\u00eb, shkroi: \u201c\u2026Aty pihej kafe e f\u00ebrnet dhe ne e shnd\u00ebrruam n\u00eb Teat\u00ebr Eksperimental\u2026\u201d.<\/p>\n<p><img data-recalc-dims=\"1\" loading=\"lazy\" decoding=\"async\" data-attachment-id=\"13950\" data-permalink=\"https:\/\/www.shqiperia.com\/blog\/ju-lutem-mos-i-fyeni-dhe-mos-i-lendoni-aktoret-tane-qe-perpiqen-te-kene-ne-truallin-e-tyre-shumevjecar-nje-teater-kombetar-dinjitoz\/mimika-dhe-ndrek-luca\/\" data-orig-file=\"https:\/\/i0.wp.com\/www.shqiperia.com\/blog\/wp-content\/uploads\/2018\/11\/Mimika-dhe-Ndrek-Luca.jpg?fit=640%2C360&amp;ssl=1\" data-orig-size=\"640,360\" data-comments-opened=\"1\" data-image-meta=\"{&quot;aperture&quot;:&quot;0&quot;,&quot;credit&quot;:&quot;&quot;,&quot;camera&quot;:&quot;&quot;,&quot;caption&quot;:&quot;&quot;,&quot;created_timestamp&quot;:&quot;0&quot;,&quot;copyright&quot;:&quot;&quot;,&quot;focal_length&quot;:&quot;0&quot;,&quot;iso&quot;:&quot;0&quot;,&quot;shutter_speed&quot;:&quot;0&quot;,&quot;title&quot;:&quot;&quot;,&quot;orientation&quot;:&quot;0&quot;}\" data-image-title=\"Mimika dhe Ndrek Luca\" data-image-description=\"\" data-image-caption=\"\" data-medium-file=\"https:\/\/i0.wp.com\/www.shqiperia.com\/blog\/wp-content\/uploads\/2018\/11\/Mimika-dhe-Ndrek-Luca.jpg?fit=300%2C169&amp;ssl=1\" data-large-file=\"https:\/\/i0.wp.com\/www.shqiperia.com\/blog\/wp-content\/uploads\/2018\/11\/Mimika-dhe-Ndrek-Luca.jpg?fit=640%2C360&amp;ssl=1\" class=\"alignnone  wp-image-13950\" alt=\"\" src=\"https:\/\/i0.wp.com\/www.shqiperia.com\/blog\/wp-content\/uploads\/2018\/11\/Mimika-dhe-Ndrek-Luca-300x169.jpg?resize=724%2C408\" width=\"724\" height=\"408\" srcset=\"https:\/\/i0.wp.com\/www.shqiperia.com\/blog\/wp-content\/uploads\/2018\/11\/Mimika-dhe-Ndrek-Luca.jpg?resize=300%2C169&amp;ssl=1 300w, https:\/\/i0.wp.com\/www.shqiperia.com\/blog\/wp-content\/uploads\/2018\/11\/Mimika-dhe-Ndrek-Luca.jpg?resize=450%2C253&amp;ssl=1 450w, https:\/\/i0.wp.com\/www.shqiperia.com\/blog\/wp-content\/uploads\/2018\/11\/Mimika-dhe-Ndrek-Luca.jpg?resize=600%2C338&amp;ssl=1 600w, https:\/\/i0.wp.com\/www.shqiperia.com\/blog\/wp-content\/uploads\/2018\/11\/Mimika-dhe-Ndrek-Luca.jpg?resize=400%2C225&amp;ssl=1 400w, https:\/\/i0.wp.com\/www.shqiperia.com\/blog\/wp-content\/uploads\/2018\/11\/Mimika-dhe-Ndrek-Luca.jpg?w=640&amp;ssl=1 640w\" sizes=\"auto, (max-width: 724px) 100vw, 724px\" \/><\/p>\n<p>Nj\u00eb duartrokitje t\u00eb fort\u00eb p\u00ebr t\u00eb gjith\u00eb ata q\u00eb ndihmuan n\u00eb ngritjen e tij, e ca m\u00eb tep\u00ebr p\u00ebr emrin q\u00eb i \u00ebsht\u00eb v\u00ebn\u00eb\u2026 Kujtim Spahivogli ishte dhe mbetet nj\u00eb nga regjisor\u00ebt m\u00eb interesant e frytdh\u00ebn\u00ebs i Teatrit Komb\u00ebtar, pedagog i shk\u00eblqyer i Institutit t\u00eb Lart\u00eb p\u00ebr Aktor\u00eb, (q\u00eb u hap p\u00ebr her\u00eb t\u00eb par\u00eb n\u00eb truallin e Teatrit dhe un\u00eb u b\u00ebra pjes\u00eb e tij, pa u shk\u00ebputur nga puna si balerin\u00eb).<\/p>\n<p>Kujtimi ishte njeri i ndersh\u00ebm dhe idealist\u2026 Fatkeq\u00ebsisht, nj\u00eb nga viktimat e shumta t\u00eb epok\u00ebs s\u00eb komunizmit. Teatri Komb\u00ebtar, p\u00ebr Shqip\u00ebrin\u00eb dhe shqiptar\u00ebt ka nj\u00eb histori 68-vje\u00e7are t\u00eb mbushur me art e let\u00ebrsi, fal\u00eb nj\u00eb pune t\u00eb shk\u00eblqyer, k\u00ebmb\u00ebngul\u00ebse, profesionale e pasionante.<\/p>\n<p>Aktor\u00ebt e k\u00ebtij Teatri krijuan dhe p\u00ebrjet\u00ebsuan figura t\u00eb bukura artistike jo vet\u00ebm n\u00eb teat\u00ebr, por edhe n\u00eb kinematografin\u00eb ton\u00eb, pavar\u00ebsisht dar\u00ebs s\u00eb hekurt (censur\u00ebs) s\u00eb realizmit socialist. Aktor\u00eb t\u00eb Teatrit Komb\u00ebtar kan\u00eb kontribuar edhe n\u00eb fush\u00ebn e dramaturgjis\u00eb, duke shkruar drama historike dhe t\u00eb koh\u00ebs, q\u00eb jan\u00eb v\u00ebn\u00eb jo vet\u00ebm n\u00eb sken\u00ebn e Teatrit Komb\u00ebtar, por edhe n\u00eb teatrin e Shkodr\u00ebs, Elbasanit, Fierit, Durr\u00ebsit, Vlor\u00ebs, Gjirokastr\u00ebs, Sarand\u00ebs etj.. Shqiptar\u00ebt, gjenetikisht kan\u00eb adhurim p\u00ebr t\u00eb gjitha llojet e arteve, p\u00ebr t\u00eb bukur\u00ebn dhe t\u00eb v\u00ebrtet\u00ebn, pavar\u00ebsisht historis\u00eb son\u00eb shekullore tep\u00ebr t\u00eb dhimbshme. Dhe kjo nuk faktohet vet\u00ebm me g\u00ebrmimet arkeologjike prej shum\u00eb vitesh t\u00eb heshtura e t\u00eb pamir\u00ebmbajtura, as me folklorin ton\u00eb q\u00eb dikur \u00e7uditi t\u00eb gjitha vendet e ish-kampit socialist, por edhe gjith\u00eb Franc\u00ebn ku meritoi gjerdanin e art\u00eb. Fal\u00eb t\u00eb paarritshmit profesor Panajot Kana\u00e7i, i cili p\u00ebrpunoi k\u00ebrcimet tona popullore nga Veriu n\u00eb Jug. Nuk \u00ebsht\u00eb rast\u00ebsi, q\u00eb sot artist\u00ebt shqiptar\u00eb po shndrisin dhe shk\u00eblqejn\u00eb n\u00eb shum\u00eb tempuj t\u00eb artit e let\u00ebrsis\u00eb s\u00eb rruzullit ton\u00eb. E gjitha kjo, a e dini se ku i kan\u00eb rr\u00ebnj\u00ebt? Te t\u00eb shkolluarit jasht\u00eb shtetit, para Luft\u00ebs s\u00eb Dyt\u00eb Bot\u00ebrore dhe mbas \u00e7lirimit t\u00eb\u00a0vendit, q\u00eb jo vet\u00ebm shk\u00eblqyen n\u00eb sken\u00ebn e Teatrit Komb\u00ebtar, por edhe arrit\u00ebn t\u00eb krijojn\u00eb e drejtojn\u00eb shkollat e para t\u00eb larta n\u00eb fush\u00ebn e t\u00eb gjitha arteve. Shpesh kam menduar se, n\u00ebse eksodi i bujsh\u00ebm i vitit 1991 do t\u00eb kishte ndodhur n\u00eb vitin 1970, disa aktor\u00eb, artist\u00eb t\u00eb teatrove tona do t\u00eb renditeshin n\u00eb Europ\u00eb pran\u00eb emrit t\u00eb aktorit t\u00eb madh me origjin\u00eb shqiptare, Aleksand\u00ebr Moisiu. Ndaj, ju lutem, mos i fyeni dhe mos i l\u00ebndoni aktor\u00ebt tan\u00eb q\u00eb p\u00ebrpiqen t\u00eb ken\u00eb (n\u00eb truallin e tyre shum\u00ebvje\u00e7ar) nj\u00eb Teat\u00ebr Komb\u00ebtar dinjitoz. Mos e p\u00ebrdorni vend e pa vend fjal\u00ebn: \u201cAktor\u00ebt\u201d. Gjuha jon\u00eb \u00ebsht\u00eb shum\u00eb e pasur\u2026! Kam bindjen se, artet, let\u00ebrsia, shkencat, n\u00eb \u00e7do koh\u00eb, n\u00eb \u00e7do periudh\u00eb kan\u00eb b\u00ebr\u00eb dhe b\u00ebjn\u00eb pjes\u00eb n\u00eb superstruktur\u00ebn e \u00e7do shteti, pavar\u00ebsisht regjimeve q\u00eb mund t\u00eb ken\u00eb pasur.<\/p>\n<p><img data-recalc-dims=\"1\" loading=\"lazy\" decoding=\"async\" data-attachment-id=\"13951\" data-permalink=\"https:\/\/www.shqiperia.com\/blog\/ju-lutem-mos-i-fyeni-dhe-mos-i-lendoni-aktoret-tane-qe-perpiqen-te-kene-ne-truallin-e-tyre-shumevjecar-nje-teater-kombetar-dinjitoz\/mimika-luca\/\" data-orig-file=\"https:\/\/i0.wp.com\/www.shqiperia.com\/blog\/wp-content\/uploads\/2018\/11\/mimika-luca.jpg?fit=640%2C446&amp;ssl=1\" data-orig-size=\"640,446\" data-comments-opened=\"1\" data-image-meta=\"{&quot;aperture&quot;:&quot;0&quot;,&quot;credit&quot;:&quot;&quot;,&quot;camera&quot;:&quot;&quot;,&quot;caption&quot;:&quot;&quot;,&quot;created_timestamp&quot;:&quot;0&quot;,&quot;copyright&quot;:&quot;&quot;,&quot;focal_length&quot;:&quot;0&quot;,&quot;iso&quot;:&quot;0&quot;,&quot;shutter_speed&quot;:&quot;0&quot;,&quot;title&quot;:&quot;&quot;,&quot;orientation&quot;:&quot;0&quot;}\" data-image-title=\"mimika luca\" data-image-description=\"\" data-image-caption=\"\" data-medium-file=\"https:\/\/i0.wp.com\/www.shqiperia.com\/blog\/wp-content\/uploads\/2018\/11\/mimika-luca.jpg?fit=300%2C209&amp;ssl=1\" data-large-file=\"https:\/\/i0.wp.com\/www.shqiperia.com\/blog\/wp-content\/uploads\/2018\/11\/mimika-luca.jpg?fit=640%2C446&amp;ssl=1\" class=\"alignnone  wp-image-13951\" alt=\"\" src=\"https:\/\/i0.wp.com\/www.shqiperia.com\/blog\/wp-content\/uploads\/2018\/11\/mimika-luca-300x209.jpg?resize=685%2C477\" width=\"685\" height=\"477\" srcset=\"https:\/\/i0.wp.com\/www.shqiperia.com\/blog\/wp-content\/uploads\/2018\/11\/mimika-luca.jpg?resize=300%2C209&amp;ssl=1 300w, https:\/\/i0.wp.com\/www.shqiperia.com\/blog\/wp-content\/uploads\/2018\/11\/mimika-luca.jpg?resize=450%2C314&amp;ssl=1 450w, https:\/\/i0.wp.com\/www.shqiperia.com\/blog\/wp-content\/uploads\/2018\/11\/mimika-luca.jpg?resize=600%2C418&amp;ssl=1 600w, https:\/\/i0.wp.com\/www.shqiperia.com\/blog\/wp-content\/uploads\/2018\/11\/mimika-luca.jpg?resize=400%2C279&amp;ssl=1 400w, https:\/\/i0.wp.com\/www.shqiperia.com\/blog\/wp-content\/uploads\/2018\/11\/mimika-luca.jpg?w=640&amp;ssl=1 640w\" sizes=\"auto, (max-width: 685px) 100vw, 685px\" \/><\/p>\n<p>Ndoshta disa dekada m\u00eb par\u00eb, n\u00eb nj\u00eb vend t\u00eb duksh\u00ebm t\u00eb kompleksit t\u00eb Teatrit Komb\u00ebtar duhej t\u00eb ishte v\u00ebn\u00eb nj\u00eb tabel\u00eb, ku t\u00eb ishte shkruar me germa t\u00eb m\u00ebdha:<\/p>\n<p><img data-recalc-dims=\"1\" loading=\"lazy\" decoding=\"async\" data-attachment-id=\"13952\" data-permalink=\"https:\/\/www.shqiperia.com\/blog\/ju-lutem-mos-i-fyeni-dhe-mos-i-lendoni-aktoret-tane-qe-perpiqen-te-kene-ne-truallin-e-tyre-shumevjecar-nje-teater-kombetar-dinjitoz\/mimika-luca-2\/\" data-orig-file=\"https:\/\/i0.wp.com\/www.shqiperia.com\/blog\/wp-content\/uploads\/2018\/11\/mimika-Luca.png?fit=538%2C313&amp;ssl=1\" data-orig-size=\"538,313\" data-comments-opened=\"1\" data-image-meta=\"{&quot;aperture&quot;:&quot;0&quot;,&quot;credit&quot;:&quot;&quot;,&quot;camera&quot;:&quot;&quot;,&quot;caption&quot;:&quot;&quot;,&quot;created_timestamp&quot;:&quot;0&quot;,&quot;copyright&quot;:&quot;&quot;,&quot;focal_length&quot;:&quot;0&quot;,&quot;iso&quot;:&quot;0&quot;,&quot;shutter_speed&quot;:&quot;0&quot;,&quot;title&quot;:&quot;&quot;,&quot;orientation&quot;:&quot;0&quot;}\" data-image-title=\"mimika Luca\" data-image-description=\"\" data-image-caption=\"\" data-medium-file=\"https:\/\/i0.wp.com\/www.shqiperia.com\/blog\/wp-content\/uploads\/2018\/11\/mimika-Luca.png?fit=300%2C175&amp;ssl=1\" data-large-file=\"https:\/\/i0.wp.com\/www.shqiperia.com\/blog\/wp-content\/uploads\/2018\/11\/mimika-Luca.png?fit=538%2C313&amp;ssl=1\" class=\"alignnone  wp-image-13952\" alt=\"\" src=\"https:\/\/i0.wp.com\/www.shqiperia.com\/blog\/wp-content\/uploads\/2018\/11\/mimika-Luca-300x175.png?resize=643%2C375\" width=\"643\" height=\"375\" srcset=\"https:\/\/i0.wp.com\/www.shqiperia.com\/blog\/wp-content\/uploads\/2018\/11\/mimika-Luca.png?resize=300%2C175&amp;ssl=1 300w, https:\/\/i0.wp.com\/www.shqiperia.com\/blog\/wp-content\/uploads\/2018\/11\/mimika-Luca.png?resize=450%2C262&amp;ssl=1 450w, https:\/\/i0.wp.com\/www.shqiperia.com\/blog\/wp-content\/uploads\/2018\/11\/mimika-Luca.png?resize=400%2C233&amp;ssl=1 400w, https:\/\/i0.wp.com\/www.shqiperia.com\/blog\/wp-content\/uploads\/2018\/11\/mimika-Luca.png?w=538&amp;ssl=1 538w\" sizes=\"auto, (max-width: 643px) 100vw, 643px\" \/><\/p>\n<p>KY TRUALL \u00cbSHT\u00cb DJEPI I KULTUR\u00cbS DHE I T\u00cb GJITHA ARTEVE PROFESIONISTE SHQIPTARE\u2026 MBROHET E MIR\u00cbMBAHET NGA SHTETI!<\/p>\n<p><strong>*Aktore, \u201cArtiste e Merituar\u201d <\/strong><\/p>\n","protected":false},"excerpt":{"rendered":"<p>Ju lutem, mos i fyeni dhe mos i l\u00ebndoni aktor\u00ebt tan\u00eb q\u00eb p\u00ebrpiqen t\u00eb ken\u00eb (n\u00eb truallin e tyre shum\u00ebvje\u00e7ar) nj\u00eb Teat\u00ebr Komb\u00ebtar dinjitoz.- \u00a0 Nga MIMIKA LUCA* \u00a0M\u00eb 1 shkurt t\u00eb vitit 1950, me vendim t\u00eb qeveris\u00eb, kompleksi i Teatrit Komb\u00ebtar u quajt Filarmonia e Par\u00eb Shqiptare. M\u00eb 12 maj t\u00eb vitit 1951, nga [&hellip;]<\/p>\n","protected":false},"author":9,"featured_media":13949,"comment_status":"open","ping_status":"open","sticky":false,"template":"","format":"standard","meta":{"jetpack_post_was_ever_published":false,"_jetpack_newsletter_access":"","_jetpack_dont_email_post_to_subs":false,"_jetpack_newsletter_tier_id":0,"_jetpack_memberships_contains_paywalled_content":false,"_jetpack_memberships_contains_paid_content":false,"footnotes":"","jetpack_publicize_message":"","jetpack_publicize_feature_enabled":true,"jetpack_social_post_already_shared":true,"jetpack_social_options":{"image_generator_settings":{"template":"highway","default_image_id":0,"font":"","enabled":false},"version":2}},"categories":[87,27,10],"tags":[],"class_list":["post-13948","post","type-post","status-publish","format-standard","has-post-thumbnail","hentry","category-arte","category-blogu-i-udhetarit","category-kultura"],"jetpack_publicize_connections":[],"jetpack_featured_media_url":"https:\/\/i0.wp.com\/www.shqiperia.com\/blog\/wp-content\/uploads\/2018\/11\/mimika-luca-Copy.jpg?fit=640%2C340&ssl=1","jetpack_sharing_enabled":true,"jetpack_shortlink":"https:\/\/wp.me\/p5Z6wp-3CY","jetpack-related-posts":[{"id":24002,"url":"https:\/\/www.shqiperia.com\/blog\/leter-e-hapur-kryeministrit-edi-rama\/","url_meta":{"origin":13948,"position":0},"title":"Let\u00ebr e hapur kryeministrit Edi Rama. &#8211;","author":"Kurt Farka","date":"July 30, 2019","format":false,"excerpt":"Let\u00ebr e hapur kryeministrit Edi Rama. - 30\/07\/19 Bujar Kapexhiu I nderuar KryeM\u2026 P\u00ebr her\u00eb t\u00eb par\u00eb n\u00eb jet\u00ebn time po t\u00eb shkruaj nj\u00eb let\u00ebr t\u00eb hapur, nd\u00ebrkoh\u00eb q\u00eb ti n\u00eb jet\u00ebn t\u00ebnde m\u00eb ke shkruar nj\u00eb let\u00ebr t\u00eb mbyllur, me disa bashk\u00ebshkrues. E ruaj ende at\u00eb let\u00ebr si di\u00e7ka\u2026","rel":"","context":"In &quot;Blogu i Udh\u00ebtarit&quot;","block_context":{"text":"Blogu i Udh\u00ebtarit","link":"https:\/\/www.shqiperia.com\/blog\/category\/blogu-i-udhetarit\/"},"img":{"alt_text":"","src":"https:\/\/i0.wp.com\/www.shqiperia.com\/blog\/wp-content\/uploads\/2019\/07\/auto_Screenshot_21564472758.jpg?fit=900%2C808&ssl=1&resize=350%2C200","width":350,"height":200,"srcset":"https:\/\/i0.wp.com\/www.shqiperia.com\/blog\/wp-content\/uploads\/2019\/07\/auto_Screenshot_21564472758.jpg?fit=900%2C808&ssl=1&resize=350%2C200 1x, https:\/\/i0.wp.com\/www.shqiperia.com\/blog\/wp-content\/uploads\/2019\/07\/auto_Screenshot_21564472758.jpg?fit=900%2C808&ssl=1&resize=525%2C300 1.5x, https:\/\/i0.wp.com\/www.shqiperia.com\/blog\/wp-content\/uploads\/2019\/07\/auto_Screenshot_21564472758.jpg?fit=900%2C808&ssl=1&resize=700%2C400 2x"},"classes":[]},{"id":9520,"url":"https:\/\/www.shqiperia.com\/blog\/rezistenca-per-teatrin-kombetar-maks-velo-teatri-mund-te-restaurohet-ne-menyre-perfekte\/","url_meta":{"origin":13948,"position":1},"title":"Rezistenca p\u00ebr Teatrin Komb\u00ebtar, Maks Velo: Teatri mund t\u00eb restaurohet n\u00eb m\u00ebnyr\u00eb perfekte. &#8211;","author":"Kurt Farka","date":"July 9, 2018","format":false,"excerpt":"Rezistenca p\u00ebr Teatrin Komb\u00ebtar,\u00a0Maks Velo: Teatri mund t\u00eb restaurohet n\u00eb m\u00ebnyr\u00eb perfekte. - Oborri i Teatrit Komb\u00ebtar \u00ebsht\u00eb shnd\u00ebrruar n\u00eb nj\u00eb agor\u00eb, ku mbahen prej jav\u00ebsh, \u00e7do dit\u00eb ligj\u00ebrata nga qytetar\u00eb, aktor\u00eb, inxhinier\u00eb, jurist\u00eb e intelektual\u00eb t\u00eb fushave t\u00eb ndryshme. Duket se kulminacionin e ka sh\u00ebnuar dalja publike e Maks\u2026","rel":"","context":"In &quot;Arte&quot;","block_context":{"text":"Arte","link":"https:\/\/www.shqiperia.com\/blog\/category\/arte\/"},"img":{"alt_text":"","src":"https:\/\/i0.wp.com\/www.shqiperia.com\/blog\/wp-content\/uploads\/2018\/07\/Maks-Velo.jpg?fit=1024%2C683&ssl=1&resize=350%2C200","width":350,"height":200,"srcset":"https:\/\/i0.wp.com\/www.shqiperia.com\/blog\/wp-content\/uploads\/2018\/07\/Maks-Velo.jpg?fit=1024%2C683&ssl=1&resize=350%2C200 1x, https:\/\/i0.wp.com\/www.shqiperia.com\/blog\/wp-content\/uploads\/2018\/07\/Maks-Velo.jpg?fit=1024%2C683&ssl=1&resize=525%2C300 1.5x, https:\/\/i0.wp.com\/www.shqiperia.com\/blog\/wp-content\/uploads\/2018\/07\/Maks-Velo.jpg?fit=1024%2C683&ssl=1&resize=700%2C400 2x"},"classes":[]},{"id":13882,"url":"https:\/\/www.shqiperia.com\/blog\/shuhet-ne-moshen-75-vjecare-aktori-sulejman-dibra-lexoni-bashkangjitur-intervisten-e-fundit-dhene-gazetares-juli-vrapi-me-4-nentor-2018\/","url_meta":{"origin":13948,"position":2},"title":"Shuhet n\u00eb mosh\u00ebn 75-vje\u00e7are aktori Sulejman Dibra. &#8211; Lexoni bashkangjitur Intervisten e fundit dhene gazetares Julia Vrapi me 4 nentor 2018.","author":"Kurt Farka","date":"November 19, 2018","format":false,"excerpt":"Shuhet n\u00eb mosh\u00ebn 75-vje\u00e7are aktori Sulejman Dibra. - Lexoni bashkangjitur Intervisten e fundit dhene gazetares Juli Vrapi me 4 nentor 2018. Aktori i njohur Sulejman Dibra \u00ebsht\u00eb ndar\u00eb nga jeta n\u00eb mosh\u00ebn 75-vje\u00e7are. Aktori i njohur i qindra roleve nd\u00ebrroi jet\u00eb nga nj\u00eb atak kardiak. Sulejman Dibra ka lindur m\u00eb\u2026","rel":"","context":"In &quot;Arte&quot;","block_context":{"text":"Arte","link":"https:\/\/www.shqiperia.com\/blog\/category\/arte\/"},"img":{"alt_text":"","src":"https:\/\/i0.wp.com\/www.shqiperia.com\/blog\/wp-content\/uploads\/2018\/11\/Sulejman-Dibra.jpg?fit=540%2C281&ssl=1&resize=350%2C200","width":350,"height":200,"srcset":"https:\/\/i0.wp.com\/www.shqiperia.com\/blog\/wp-content\/uploads\/2018\/11\/Sulejman-Dibra.jpg?fit=540%2C281&ssl=1&resize=350%2C200 1x, https:\/\/i0.wp.com\/www.shqiperia.com\/blog\/wp-content\/uploads\/2018\/11\/Sulejman-Dibra.jpg?fit=540%2C281&ssl=1&resize=525%2C300 1.5x"},"classes":[]},{"id":96948,"url":"https:\/\/www.shqiperia.com\/blog\/baleti-i-tish-daise-halili-dhe-hajria-nje-veper-qe-skena-shqiptare-e-kerkon-ende-sot\/","url_meta":{"origin":13948,"position":3},"title":"Baleti  i Tish Daise \u201cHalili dhe Hajria\u201d, nj\u00eb vep\u00ebr q\u00eb skena shqiptare e k\u00ebrkon ende sot","author":"Kurt Farka","date":"January 25, 2026","format":false,"excerpt":"25 Janar 2026 Nga Julia Vrapi \u201cHalili dhe Hajria\u201d baleti i par\u00eb shqiptar, q\u00eb hap siparin e baleteve komb\u00ebtare, i v\u00ebn\u00eb n\u00eb sken\u00eb m\u00eb 13 janar t\u00eb vitit 1963. Vep\u00ebr e kompozitorit Tish Daija, baletmaest\u00ebr Panajot Kana\u00e7i dhe dirigjent Mustafa Krantja. Premiera n\u00eb vitin 1963 u shnd\u00ebrrua n\u00eb nj\u00eb ngjarje\u2026","rel":"","context":"In &quot;Arte&quot;","block_context":{"text":"Arte","link":"https:\/\/www.shqiperia.com\/blog\/category\/arte\/"},"img":{"alt_text":"","src":"https:\/\/i0.wp.com\/www.shqiperia.com\/blog\/wp-content\/uploads\/2026\/01\/Baleti-Halili-dhe-Hajrija-4.jpg?fit=900%2C635&ssl=1&resize=350%2C200","width":350,"height":200,"srcset":"https:\/\/i0.wp.com\/www.shqiperia.com\/blog\/wp-content\/uploads\/2026\/01\/Baleti-Halili-dhe-Hajrija-4.jpg?fit=900%2C635&ssl=1&resize=350%2C200 1x, https:\/\/i0.wp.com\/www.shqiperia.com\/blog\/wp-content\/uploads\/2026\/01\/Baleti-Halili-dhe-Hajrija-4.jpg?fit=900%2C635&ssl=1&resize=525%2C300 1.5x, https:\/\/i0.wp.com\/www.shqiperia.com\/blog\/wp-content\/uploads\/2026\/01\/Baleti-Halili-dhe-Hajrija-4.jpg?fit=900%2C635&ssl=1&resize=700%2C400 2x"},"classes":[]},{"id":34808,"url":"https:\/\/www.shqiperia.com\/blog\/falenderojme-gjithe-ato-gazeta-dhe-tv-qe-e-pasqyruan-ceshtjen-e-mbrojtjes-dhe-dokumentimit-te-pasurise-trashegimi-te-teatrit-kombetar\/","url_meta":{"origin":13948,"position":4},"title":"Falenderojme gjithe ato gazeta dhe Tv qe e pasqyruan Ceshtjen e mbrojtjes dhe dokumentimit te Pasurise Trashegimi te Teatrit Kombetar.","author":"Kurt Farka","date":"May 20, 2020","format":false,"excerpt":"Falenderojme gjithe ato gazeta dhe Tv qe e pasqyruan Ceshtjen e mbrojtjes dhe dokumentimit te Pasurise Trashegimi te Teatrit Kombetar. Jaho Brahaj: - Ministria e Kultur\u00ebs t\u00eb dokumentoj\u00eb objektet e Teatrit Komb\u00ebtar q\u00eb klasifikohen trash\u00ebgimi kulturore 20 MAJ 2020 Ministria e Kultur\u00ebs ka p\u00ebrgjegj\u00ebsi p\u00ebr pasurin\u00eb e trash\u00ebgimis\u00eb kulturore, p\u00ebr\u2026","rel":"","context":"In &quot;Histori&quot;","block_context":{"text":"Histori","link":"https:\/\/www.shqiperia.com\/blog\/category\/histori\/"},"img":{"alt_text":"","src":"https:\/\/i0.wp.com\/www.shqiperia.com\/blog\/wp-content\/uploads\/2020\/05\/Jaho-Brahaj-1.jpg?fit=800%2C378&ssl=1&resize=350%2C200","width":350,"height":200,"srcset":"https:\/\/i0.wp.com\/www.shqiperia.com\/blog\/wp-content\/uploads\/2020\/05\/Jaho-Brahaj-1.jpg?fit=800%2C378&ssl=1&resize=350%2C200 1x, https:\/\/i0.wp.com\/www.shqiperia.com\/blog\/wp-content\/uploads\/2020\/05\/Jaho-Brahaj-1.jpg?fit=800%2C378&ssl=1&resize=525%2C300 1.5x, https:\/\/i0.wp.com\/www.shqiperia.com\/blog\/wp-content\/uploads\/2020\/05\/Jaho-Brahaj-1.jpg?fit=800%2C378&ssl=1&resize=700%2C400 2x"},"classes":[]},{"id":68439,"url":"https:\/\/www.shqiperia.com\/blog\/mimika-luca-nuk-eshte-me-mes-nesh\/","url_meta":{"origin":13948,"position":5},"title":"Mimika Luca, nuk \u00ebsht\u00eb m\u00eb mes nesh!","author":"Kurt Farka","date":"February 21, 2023","format":false,"excerpt":"21 Shkurt 2023 Nga; Albert Vataj Lamtumir\u00eb n\u00ebn\u00eb Mimika Luca, shprehje e p\u00ebrkor\u00eb e nj\u00eb shpirti t\u00eb dritur n\u00eb mir\u00ebsi Ajo, Mimika Luca, nuk \u00ebsht\u00eb m\u00eb mes nesh! Ajo nuk do t\u00eb vij\u00eb m\u00eb, si her\u00eb t\u00eb tjera t\u00eb festoj\u00eb dit\u00eblindjet apo kremtet e z\u00ebshme t\u00eb nj\u00eb zemre n\u00ebne, n\u00eb\u2026","rel":"","context":"In &quot;Arte&quot;","block_context":{"text":"Arte","link":"https:\/\/www.shqiperia.com\/blog\/category\/arte\/"},"img":{"alt_text":"","src":"https:\/\/i0.wp.com\/www.shqiperia.com\/blog\/wp-content\/uploads\/2023\/02\/Mimika-Luca-2.jpg?fit=550%2C365&ssl=1&resize=350%2C200","width":350,"height":200,"srcset":"https:\/\/i0.wp.com\/www.shqiperia.com\/blog\/wp-content\/uploads\/2023\/02\/Mimika-Luca-2.jpg?fit=550%2C365&ssl=1&resize=350%2C200 1x, https:\/\/i0.wp.com\/www.shqiperia.com\/blog\/wp-content\/uploads\/2023\/02\/Mimika-Luca-2.jpg?fit=550%2C365&ssl=1&resize=525%2C300 1.5x"},"classes":[]}],"_links":{"self":[{"href":"https:\/\/www.shqiperia.com\/blog\/wp-json\/wp\/v2\/posts\/13948","targetHints":{"allow":["GET"]}}],"collection":[{"href":"https:\/\/www.shqiperia.com\/blog\/wp-json\/wp\/v2\/posts"}],"about":[{"href":"https:\/\/www.shqiperia.com\/blog\/wp-json\/wp\/v2\/types\/post"}],"author":[{"embeddable":true,"href":"https:\/\/www.shqiperia.com\/blog\/wp-json\/wp\/v2\/users\/9"}],"replies":[{"embeddable":true,"href":"https:\/\/www.shqiperia.com\/blog\/wp-json\/wp\/v2\/comments?post=13948"}],"version-history":[{"count":1,"href":"https:\/\/www.shqiperia.com\/blog\/wp-json\/wp\/v2\/posts\/13948\/revisions"}],"predecessor-version":[{"id":13953,"href":"https:\/\/www.shqiperia.com\/blog\/wp-json\/wp\/v2\/posts\/13948\/revisions\/13953"}],"wp:featuredmedia":[{"embeddable":true,"href":"https:\/\/www.shqiperia.com\/blog\/wp-json\/wp\/v2\/media\/13949"}],"wp:attachment":[{"href":"https:\/\/www.shqiperia.com\/blog\/wp-json\/wp\/v2\/media?parent=13948"}],"wp:term":[{"taxonomy":"category","embeddable":true,"href":"https:\/\/www.shqiperia.com\/blog\/wp-json\/wp\/v2\/categories?post=13948"},{"taxonomy":"post_tag","embeddable":true,"href":"https:\/\/www.shqiperia.com\/blog\/wp-json\/wp\/v2\/tags?post=13948"}],"curies":[{"name":"wp","href":"https:\/\/api.w.org\/{rel}","templated":true}]}}