{"id":13944,"date":"2018-11-21T11:28:03","date_gmt":"2018-11-21T11:28:03","guid":{"rendered":"http:\/\/www.shqiperia.com\/blog\/?p=13944"},"modified":"2018-11-21T11:28:03","modified_gmt":"2018-11-21T11:28:03","slug":"monument-kulla-e-gjon-markut-shkoder","status":"publish","type":"post","link":"https:\/\/www.shqiperia.com\/blog\/monument-kulla-e-gjon-markut-shkoder\/","title":{"rendered":"Monument: &#8211; Kulla e Gjon Markut, Shkoder. &#8211;"},"content":{"rendered":"<p><img data-recalc-dims=\"1\" loading=\"lazy\" decoding=\"async\" data-attachment-id=\"13945\" data-permalink=\"https:\/\/www.shqiperia.com\/blog\/monument-kulla-e-gjon-markut-shkoder\/kulla-e-gjon-markut\/\" data-orig-file=\"https:\/\/i0.wp.com\/www.shqiperia.com\/blog\/wp-content\/uploads\/2018\/11\/Kulla-e-Gjon-Markut.jpg?fit=578%2C270&amp;ssl=1\" data-orig-size=\"578,270\" data-comments-opened=\"1\" data-image-meta=\"{&quot;aperture&quot;:&quot;0&quot;,&quot;credit&quot;:&quot;&quot;,&quot;camera&quot;:&quot;&quot;,&quot;caption&quot;:&quot;&quot;,&quot;created_timestamp&quot;:&quot;0&quot;,&quot;copyright&quot;:&quot;&quot;,&quot;focal_length&quot;:&quot;0&quot;,&quot;iso&quot;:&quot;0&quot;,&quot;shutter_speed&quot;:&quot;0&quot;,&quot;title&quot;:&quot;&quot;,&quot;orientation&quot;:&quot;0&quot;}\" data-image-title=\"Kulla e Gjon Markut\" data-image-description=\"\" data-image-caption=\"\" data-medium-file=\"https:\/\/i0.wp.com\/www.shqiperia.com\/blog\/wp-content\/uploads\/2018\/11\/Kulla-e-Gjon-Markut.jpg?fit=300%2C140&amp;ssl=1\" data-large-file=\"https:\/\/i0.wp.com\/www.shqiperia.com\/blog\/wp-content\/uploads\/2018\/11\/Kulla-e-Gjon-Markut.jpg?fit=578%2C270&amp;ssl=1\" class=\"alignnone  wp-image-13945\" alt=\"\" src=\"https:\/\/i0.wp.com\/www.shqiperia.com\/blog\/wp-content\/uploads\/2018\/11\/Kulla-e-Gjon-Markut-300x140.jpg?resize=551%2C257\" width=\"551\" height=\"257\" srcset=\"https:\/\/i0.wp.com\/www.shqiperia.com\/blog\/wp-content\/uploads\/2018\/11\/Kulla-e-Gjon-Markut.jpg?resize=300%2C140&amp;ssl=1 300w, https:\/\/i0.wp.com\/www.shqiperia.com\/blog\/wp-content\/uploads\/2018\/11\/Kulla-e-Gjon-Markut.jpg?resize=450%2C210&amp;ssl=1 450w, https:\/\/i0.wp.com\/www.shqiperia.com\/blog\/wp-content\/uploads\/2018\/11\/Kulla-e-Gjon-Markut.jpg?resize=400%2C187&amp;ssl=1 400w, https:\/\/i0.wp.com\/www.shqiperia.com\/blog\/wp-content\/uploads\/2018\/11\/Kulla-e-Gjon-Markut.jpg?w=578&amp;ssl=1 578w\" sizes=\"auto, (max-width: 551px) 100vw, 551px\" \/><\/p>\n<p><span>Monument: &#8211; Kulla e Gjon Markut, Shkoder. &#8211;<br \/>\n<\/span><\/p>\n<p><span>Nj\u00eb nga objektet m\u00eb t\u00eb ve\u00e7anta, p\u00ebrsa i p\u00ebrket form\u00ebs, kompozimit planimetriko-funksional dhe trajtimit arkitektonik, n\u00eb qytetin e Shkodr\u00ebs \u00ebsht\u00eb dhe banesa e njohur si &#8220;Kulla e Gjon Markagjonit&#8221;. Monument kulture i kategoris\u00eb s\u00eb I, shpallur n\u00eb vitin 1977.<\/span><\/p>\n<p><img data-recalc-dims=\"1\" loading=\"lazy\" decoding=\"async\" data-attachment-id=\"13946\" data-permalink=\"https:\/\/www.shqiperia.com\/blog\/monument-kulla-e-gjon-markut-shkoder\/kulla-e-gjon-markut-copy\/\" data-orig-file=\"https:\/\/i0.wp.com\/www.shqiperia.com\/blog\/wp-content\/uploads\/2018\/11\/Kulla-e-Gjon-Markut-Copy.jpg?fit=960%2C540&amp;ssl=1\" data-orig-size=\"960,540\" data-comments-opened=\"1\" data-image-meta=\"{&quot;aperture&quot;:&quot;0&quot;,&quot;credit&quot;:&quot;&quot;,&quot;camera&quot;:&quot;&quot;,&quot;caption&quot;:&quot;&quot;,&quot;created_timestamp&quot;:&quot;0&quot;,&quot;copyright&quot;:&quot;&quot;,&quot;focal_length&quot;:&quot;0&quot;,&quot;iso&quot;:&quot;0&quot;,&quot;shutter_speed&quot;:&quot;0&quot;,&quot;title&quot;:&quot;&quot;,&quot;orientation&quot;:&quot;0&quot;}\" data-image-title=\"Kulla e Gjon Markut &#8211; Copy\" data-image-description=\"\" data-image-caption=\"\" data-medium-file=\"https:\/\/i0.wp.com\/www.shqiperia.com\/blog\/wp-content\/uploads\/2018\/11\/Kulla-e-Gjon-Markut-Copy.jpg?fit=300%2C169&amp;ssl=1\" data-large-file=\"https:\/\/i0.wp.com\/www.shqiperia.com\/blog\/wp-content\/uploads\/2018\/11\/Kulla-e-Gjon-Markut-Copy.jpg?fit=960%2C540&amp;ssl=1\" class=\"alignnone  wp-image-13946\" alt=\"\" src=\"https:\/\/i0.wp.com\/www.shqiperia.com\/blog\/wp-content\/uploads\/2018\/11\/Kulla-e-Gjon-Markut-Copy-300x169.jpg?resize=921%2C519\" width=\"921\" height=\"519\" srcset=\"https:\/\/i0.wp.com\/www.shqiperia.com\/blog\/wp-content\/uploads\/2018\/11\/Kulla-e-Gjon-Markut-Copy.jpg?resize=300%2C169&amp;ssl=1 300w, https:\/\/i0.wp.com\/www.shqiperia.com\/blog\/wp-content\/uploads\/2018\/11\/Kulla-e-Gjon-Markut-Copy.jpg?resize=768%2C432&amp;ssl=1 768w, https:\/\/i0.wp.com\/www.shqiperia.com\/blog\/wp-content\/uploads\/2018\/11\/Kulla-e-Gjon-Markut-Copy.jpg?resize=450%2C253&amp;ssl=1 450w, https:\/\/i0.wp.com\/www.shqiperia.com\/blog\/wp-content\/uploads\/2018\/11\/Kulla-e-Gjon-Markut-Copy.jpg?resize=600%2C338&amp;ssl=1 600w, https:\/\/i0.wp.com\/www.shqiperia.com\/blog\/wp-content\/uploads\/2018\/11\/Kulla-e-Gjon-Markut-Copy.jpg?resize=400%2C225&amp;ssl=1 400w, https:\/\/i0.wp.com\/www.shqiperia.com\/blog\/wp-content\/uploads\/2018\/11\/Kulla-e-Gjon-Markut-Copy.jpg?w=960&amp;ssl=1 960w\" sizes=\"auto, (max-width: 921px) 100vw, 921px\" \/><\/p>\n<p><span>Foto nga Drkk Shkoder.<\/span><\/p>\n","protected":false},"excerpt":{"rendered":"<p>Monument: &#8211; Kulla e Gjon Markut, Shkoder. &#8211; Nj\u00eb nga objektet m\u00eb t\u00eb ve\u00e7anta, p\u00ebrsa i p\u00ebrket form\u00ebs, kompozimit planimetriko-funksional dhe trajtimit arkitektonik, n\u00eb qytetin e Shkodr\u00ebs \u00ebsht\u00eb dhe banesa e njohur si &#8220;Kulla e Gjon Markagjonit&#8221;. Monument kulture i kategoris\u00eb s\u00eb I, shpallur n\u00eb vitin 1977. Foto nga Drkk Shkoder.<\/p>\n","protected":false},"author":9,"featured_media":13945,"comment_status":"open","ping_status":"open","sticky":false,"template":"","format":"standard","meta":{"jetpack_post_was_ever_published":false,"_jetpack_newsletter_access":"","_jetpack_dont_email_post_to_subs":false,"_jetpack_newsletter_tier_id":0,"_jetpack_memberships_contains_paywalled_content":false,"_jetpack_memberships_contains_paid_content":false,"footnotes":"","jetpack_publicize_message":"","jetpack_publicize_feature_enabled":true,"jetpack_social_post_already_shared":true,"jetpack_social_options":{"image_generator_settings":{"template":"highway","default_image_id":0,"font":"","enabled":false},"version":2}},"categories":[10,35,86],"tags":[],"class_list":["post-13944","post","type-post","status-publish","format-standard","has-post-thumbnail","hentry","category-kultura","category-shoqerore","category-trashegimi-kulturore"],"jetpack_publicize_connections":[],"jetpack_featured_media_url":"https:\/\/i0.wp.com\/www.shqiperia.com\/blog\/wp-content\/uploads\/2018\/11\/Kulla-e-Gjon-Markut.jpg?fit=578%2C270&ssl=1","jetpack_sharing_enabled":true,"jetpack_shortlink":"https:\/\/wp.me\/p5Z6wp-3CU","jetpack-related-posts":[{"id":20488,"url":"https:\/\/www.shqiperia.com\/blog\/kulla-e-sahatit-te-inglizit-shek-19-shkoder\/","url_meta":{"origin":13944,"position":0},"title":"Kulla e Sahatit te Inglizit, shek 19 \u2013 Shkoder. &#8211;","author":"Kurt Farka","date":"April 30, 2019","format":false,"excerpt":"Kulla e Sahatit te Inglizit, shek 19 \u2013 Shkoder. - Kulla e Sahatit e njohur ne histori si Sahati i Inglizit (Englezit) i perket arkitektures se periudhes se aristokracise mesjetare. Kulla e Sahatit\u00a0 bashke me shtepine ngjitur u ndertuan me fondet e lordit anglez Paget, i cili kishte qellim kryesor\u2026","rel":"","context":"In &quot;Histori&quot;","block_context":{"text":"Histori","link":"https:\/\/www.shqiperia.com\/blog\/category\/histori\/"},"img":{"alt_text":"","src":"https:\/\/i0.wp.com\/www.shqiperia.com\/blog\/wp-content\/uploads\/2019\/04\/img_4641-696x522-Copy.jpg?fit=696%2C390&ssl=1&resize=350%2C200","width":350,"height":200,"srcset":"https:\/\/i0.wp.com\/www.shqiperia.com\/blog\/wp-content\/uploads\/2019\/04\/img_4641-696x522-Copy.jpg?fit=696%2C390&ssl=1&resize=350%2C200 1x, https:\/\/i0.wp.com\/www.shqiperia.com\/blog\/wp-content\/uploads\/2019\/04\/img_4641-696x522-Copy.jpg?fit=696%2C390&ssl=1&resize=525%2C300 1.5x"},"classes":[]},{"id":47090,"url":"https:\/\/www.shqiperia.com\/blog\/kullat-e-trieshit-krenari-e-dhimbje-kombetare\/","url_meta":{"origin":13944,"position":1},"title":"Kullat e Trieshit, krenari e dhimbje komb\u00ebtare","author":"Kurt Farka","date":"April 30, 2021","format":false,"excerpt":"Kullat e Trieshit, krenari e dhimbje komb\u00ebtare NGA:\u00a0GJEK\u00cb GJONAJ\u00a0 - 29 PRILL 2021 Duke shfletuar faqet e historis\u00eb t\u00eb Trieshit , v\u00ebrejm\u00eb se kan\u00eb ekzistuar disa kulla, n\u00eb t\u00eb cilat, jan\u00eb sh\u00ebnuar faqe t\u00eb lavdishme t\u00eb trim\u00ebris\u00eb s\u00eb trieshjan\u00ebve. Historia e nd\u00ebrtimit t\u00eb tyre sipas kujtes\u00ebs popullore e ka zanafill\u00ebn\u2026","rel":"","context":"In &quot;Histori&quot;","block_context":{"text":"Histori","link":"https:\/\/www.shqiperia.com\/blog\/category\/histori\/"},"img":{"alt_text":"","src":"https:\/\/i0.wp.com\/www.shqiperia.com\/blog\/wp-content\/uploads\/2021\/04\/Kullat-e-Trieshit-krenari-e-dhimbje-kombetare.jpg?fit=850%2C453&ssl=1&resize=350%2C200","width":350,"height":200,"srcset":"https:\/\/i0.wp.com\/www.shqiperia.com\/blog\/wp-content\/uploads\/2021\/04\/Kullat-e-Trieshit-krenari-e-dhimbje-kombetare.jpg?fit=850%2C453&ssl=1&resize=350%2C200 1x, https:\/\/i0.wp.com\/www.shqiperia.com\/blog\/wp-content\/uploads\/2021\/04\/Kullat-e-Trieshit-krenari-e-dhimbje-kombetare.jpg?fit=850%2C453&ssl=1&resize=525%2C300 1.5x, https:\/\/i0.wp.com\/www.shqiperia.com\/blog\/wp-content\/uploads\/2021\/04\/Kullat-e-Trieshit-krenari-e-dhimbje-kombetare.jpg?fit=850%2C453&ssl=1&resize=700%2C400 2x"},"classes":[]},{"id":18176,"url":"https:\/\/www.shqiperia.com\/blog\/kalaja-e-gjon-bocarit-tragjas-vlore-historiku-dhe-detaje-mbi-te\/","url_meta":{"origin":13944,"position":2},"title":"Kalaja e Gjon Bo\u00e7arit, Tragjas, Vlor\u00eb\/ Historiku dhe detaje mbi t\u00eb","author":"Kurt Farka","date":"March 10, 2019","format":false,"excerpt":"Kalaja e Gjon Bo\u00e7arit, Tragjas, Vlor\u00eb\/ Historiku dhe detaje mbi t\u00eb March 8, 2019. Kalaja e Gjon Bo\u00e7arit Statusi i objektit: Kalaja e Gjon Bo\u00e7arit \u00ebsht\u00eb shpallur monument kulture i kategoris\u00eb s\u00eb par\u00eb nga Rektorati i Universitetit Shtet\u00ebror t\u00eb Tiran\u00ebs me vendim Nr. 6, dat\u00eb 15. 01. 1963. Viti\/koha e\u2026","rel":"","context":"In &quot;Blogu i Udh\u00ebtarit&quot;","block_context":{"text":"Blogu i Udh\u00ebtarit","link":"https:\/\/www.shqiperia.com\/blog\/category\/blogu-i-udhetarit\/"},"img":{"alt_text":"","src":"https:\/\/i0.wp.com\/www.shqiperia.com\/blog\/wp-content\/uploads\/2019\/03\/53057820_2342066869360960_3915013417886285824_o.jpg?fit=1140%2C641&ssl=1&resize=350%2C200","width":350,"height":200,"srcset":"https:\/\/i0.wp.com\/www.shqiperia.com\/blog\/wp-content\/uploads\/2019\/03\/53057820_2342066869360960_3915013417886285824_o.jpg?fit=1140%2C641&ssl=1&resize=350%2C200 1x, https:\/\/i0.wp.com\/www.shqiperia.com\/blog\/wp-content\/uploads\/2019\/03\/53057820_2342066869360960_3915013417886285824_o.jpg?fit=1140%2C641&ssl=1&resize=525%2C300 1.5x, https:\/\/i0.wp.com\/www.shqiperia.com\/blog\/wp-content\/uploads\/2019\/03\/53057820_2342066869360960_3915013417886285824_o.jpg?fit=1140%2C641&ssl=1&resize=700%2C400 2x, https:\/\/i0.wp.com\/www.shqiperia.com\/blog\/wp-content\/uploads\/2019\/03\/53057820_2342066869360960_3915013417886285824_o.jpg?fit=1140%2C641&ssl=1&resize=1050%2C600 3x"},"classes":[]},{"id":7166,"url":"https:\/\/www.shqiperia.com\/blog\/monument-kulla-e-hysni-koshit-gjakove\/","url_meta":{"origin":13944,"position":3},"title":"Monument &#8211; Kulla e Hysni Koshit (Gjakov\u00eb). &#8211;","author":"Kurt Farka","date":"May 7, 2018","format":false,"excerpt":"Kulla e Hysni Koshit (Gjakov\u00eb). - -Kulla\u00a0 gjendet n\u00eb kompleksin e \u00c7arshis\u00eb s\u00eb Madhe, af\u00ebr k\u00ebtyre monumenteve: Teqeja e Sheh Ruzhdis\u00eb, Lapidari i Lidhjes s\u00eb Prizrenit, Kulla e Sylejman Vokshit, Kulla e Avdullah Pash\u00eb Drenit. Objekti \u00ebsht\u00eb nd\u00ebrtuar nga fundi i shek. XIX viti 1870, si vep\u00ebr e arkitektur\u00ebs popullore,\u2026","rel":"","context":"In &quot;Kultura&quot;","block_context":{"text":"Kultura","link":"https:\/\/www.shqiperia.com\/blog\/category\/kultura\/"},"img":{"alt_text":"","src":"https:\/\/i0.wp.com\/www.shqiperia.com\/blog\/wp-content\/uploads\/2018\/05\/Kulla-e-Hysni-Koshit-Gjakov%C3%AB.jpg?fit=635%2C339&ssl=1&resize=350%2C200","width":350,"height":200,"srcset":"https:\/\/i0.wp.com\/www.shqiperia.com\/blog\/wp-content\/uploads\/2018\/05\/Kulla-e-Hysni-Koshit-Gjakov%C3%AB.jpg?fit=635%2C339&ssl=1&resize=350%2C200 1x, https:\/\/i0.wp.com\/www.shqiperia.com\/blog\/wp-content\/uploads\/2018\/05\/Kulla-e-Hysni-Koshit-Gjakov%C3%AB.jpg?fit=635%2C339&ssl=1&resize=525%2C300 1.5x"},"classes":[]},{"id":27193,"url":"https:\/\/www.shqiperia.com\/blog\/sahati-i-inglizit-shkoder-vizatim-nga-dritan-coku\/","url_meta":{"origin":13944,"position":4},"title":"Sahati i Inglizit, Shkoder. Vizatim nga: Dritan \u00c7oku.","author":"Kurt Farka","date":"October 20, 2019","format":false,"excerpt":"Sahati i Inglizit (angglezit), Shkoder. Vizatim nga: Dritan \u00c7oku. Njihet ndryshe edhe si\u00a0''Kulla e sahatit n\u00eb Shkod\u00ebr\" U nd\u00ebrtua rreth \u00e7erekut t\u00eb fundit t\u00eb shek.XIX me fondet e n\u00ebnshtetasit anglez Lord Paget, q\u00eb kishte ardhur n\u00eb Shkod\u00ebr me mision fetar dhe politik. Lordi Paget solli nga Anglia nj\u00eb sahat\u00a0\u00a0t\u00eb madh\u2026","rel":"","context":"In &quot;Histori&quot;","block_context":{"text":"Histori","link":"https:\/\/www.shqiperia.com\/blog\/category\/histori\/"},"img":{"alt_text":"","src":"https:\/\/i0.wp.com\/www.shqiperia.com\/blog\/wp-content\/uploads\/2019\/10\/Kulla-e-sahatit-n%C3%AB-Shkod%C3%ABr-fragment..jpg?fit=542%2C282&ssl=1&resize=350%2C200","width":350,"height":200,"srcset":"https:\/\/i0.wp.com\/www.shqiperia.com\/blog\/wp-content\/uploads\/2019\/10\/Kulla-e-sahatit-n%C3%AB-Shkod%C3%ABr-fragment..jpg?fit=542%2C282&ssl=1&resize=350%2C200 1x, https:\/\/i0.wp.com\/www.shqiperia.com\/blog\/wp-content\/uploads\/2019\/10\/Kulla-e-sahatit-n%C3%AB-Shkod%C3%ABr-fragment..jpg?fit=542%2C282&ssl=1&resize=525%2C300 1.5x"},"classes":[]},{"id":27960,"url":"https:\/\/www.shqiperia.com\/blog\/monumente-kulla-e-fortifikuar-e-sali-markes-2-foto\/","url_meta":{"origin":13944,"position":5},"title":"Monumente: &#8211; Kulla e fortifikuar e Sali Markes, (2 foto). &#8211;","author":"Kurt Farka","date":"November 9, 2019","format":false,"excerpt":"Kulla e fortifikuar e Sali Markes Kulla e fortifikuar e Sali Markes ndodhet n\u00eb fshatin Zogje, Diber n\u00eb nj\u00eb terren dominues. Esht\u00eb\u00a0 kull\u00eb 4 kat\u00ebshe, me avlli dhe ka qen\u00eb e lidhur me t\u00eb tjera ndert\u00ebsa duke krijuar nje ''kala'' t\u00eb vog\u00ebl. Katet lidhen nga jasht\u00eb me shkall\u00eb druri, \u00e7do\u2026","rel":"","context":"In &quot;Histori&quot;","block_context":{"text":"Histori","link":"https:\/\/www.shqiperia.com\/blog\/category\/histori\/"},"img":{"alt_text":"","src":"https:\/\/i0.wp.com\/www.shqiperia.com\/blog\/wp-content\/uploads\/2019\/11\/3-Copy.jpg?fit=400%2C254&ssl=1&resize=350%2C200","width":350,"height":200},"classes":[]}],"_links":{"self":[{"href":"https:\/\/www.shqiperia.com\/blog\/wp-json\/wp\/v2\/posts\/13944","targetHints":{"allow":["GET"]}}],"collection":[{"href":"https:\/\/www.shqiperia.com\/blog\/wp-json\/wp\/v2\/posts"}],"about":[{"href":"https:\/\/www.shqiperia.com\/blog\/wp-json\/wp\/v2\/types\/post"}],"author":[{"embeddable":true,"href":"https:\/\/www.shqiperia.com\/blog\/wp-json\/wp\/v2\/users\/9"}],"replies":[{"embeddable":true,"href":"https:\/\/www.shqiperia.com\/blog\/wp-json\/wp\/v2\/comments?post=13944"}],"version-history":[{"count":1,"href":"https:\/\/www.shqiperia.com\/blog\/wp-json\/wp\/v2\/posts\/13944\/revisions"}],"predecessor-version":[{"id":13947,"href":"https:\/\/www.shqiperia.com\/blog\/wp-json\/wp\/v2\/posts\/13944\/revisions\/13947"}],"wp:featuredmedia":[{"embeddable":true,"href":"https:\/\/www.shqiperia.com\/blog\/wp-json\/wp\/v2\/media\/13945"}],"wp:attachment":[{"href":"https:\/\/www.shqiperia.com\/blog\/wp-json\/wp\/v2\/media?parent=13944"}],"wp:term":[{"taxonomy":"category","embeddable":true,"href":"https:\/\/www.shqiperia.com\/blog\/wp-json\/wp\/v2\/categories?post=13944"},{"taxonomy":"post_tag","embeddable":true,"href":"https:\/\/www.shqiperia.com\/blog\/wp-json\/wp\/v2\/tags?post=13944"}],"curies":[{"name":"wp","href":"https:\/\/api.w.org\/{rel}","templated":true}]}}