{"id":13939,"date":"2018-11-21T10:07:06","date_gmt":"2018-11-21T10:07:06","guid":{"rendered":"http:\/\/www.shqiperia.com\/blog\/?p=13939"},"modified":"2018-11-21T10:07:30","modified_gmt":"2018-11-21T10:07:30","slug":"13939-2","status":"publish","type":"post","link":"https:\/\/www.shqiperia.com\/blog\/13939-2\/","title":{"rendered":"Qeveria Shqiptare pritet te marre vndimin per vendosjen e Bustit te Vangjush Dakos mbi kete kulle ne Durres."},"content":{"rendered":"<p><img data-recalc-dims=\"1\" loading=\"lazy\" decoding=\"async\" data-attachment-id=\"13941\" data-permalink=\"https:\/\/www.shqiperia.com\/blog\/13939-2\/durres-4\/\" data-orig-file=\"https:\/\/i0.wp.com\/www.shqiperia.com\/blog\/wp-content\/uploads\/2018\/11\/DURRES.jpg?fit=960%2C519&amp;ssl=1\" data-orig-size=\"960,519\" data-comments-opened=\"1\" data-image-meta=\"{&quot;aperture&quot;:&quot;0&quot;,&quot;credit&quot;:&quot;KRESHNIKU&quot;,&quot;camera&quot;:&quot;&quot;,&quot;caption&quot;:&quot;&quot;,&quot;created_timestamp&quot;:&quot;0&quot;,&quot;copyright&quot;:&quot;&quot;,&quot;focal_length&quot;:&quot;0&quot;,&quot;iso&quot;:&quot;0&quot;,&quot;shutter_speed&quot;:&quot;0&quot;,&quot;title&quot;:&quot;&quot;,&quot;orientation&quot;:&quot;0&quot;}\" data-image-title=\"DURRES\" data-image-description=\"\" data-image-caption=\"\" data-medium-file=\"https:\/\/i0.wp.com\/www.shqiperia.com\/blog\/wp-content\/uploads\/2018\/11\/DURRES.jpg?fit=300%2C162&amp;ssl=1\" data-large-file=\"https:\/\/i0.wp.com\/www.shqiperia.com\/blog\/wp-content\/uploads\/2018\/11\/DURRES.jpg?fit=960%2C519&amp;ssl=1\" class=\"alignnone wp-image-13941\" alt=\"\" src=\"https:\/\/i0.wp.com\/www.shqiperia.com\/blog\/wp-content\/uploads\/2018\/11\/DURRES-300x162.jpg?resize=474%2C256\" width=\"474\" height=\"256\" srcset=\"https:\/\/i0.wp.com\/www.shqiperia.com\/blog\/wp-content\/uploads\/2018\/11\/DURRES.jpg?resize=300%2C162&amp;ssl=1 300w, https:\/\/i0.wp.com\/www.shqiperia.com\/blog\/wp-content\/uploads\/2018\/11\/DURRES.jpg?resize=768%2C415&amp;ssl=1 768w, https:\/\/i0.wp.com\/www.shqiperia.com\/blog\/wp-content\/uploads\/2018\/11\/DURRES.jpg?resize=450%2C243&amp;ssl=1 450w, https:\/\/i0.wp.com\/www.shqiperia.com\/blog\/wp-content\/uploads\/2018\/11\/DURRES.jpg?resize=600%2C324&amp;ssl=1 600w, https:\/\/i0.wp.com\/www.shqiperia.com\/blog\/wp-content\/uploads\/2018\/11\/DURRES.jpg?resize=400%2C216&amp;ssl=1 400w, https:\/\/i0.wp.com\/www.shqiperia.com\/blog\/wp-content\/uploads\/2018\/11\/DURRES.jpg?w=960&amp;ssl=1 960w\" sizes=\"auto, (max-width: 474px) 100vw, 474px\" \/><\/p>\n<p>Qeveria Shqiptare pritet te marre vndimin per vendosjen e Bustit te Vangjush Dakos mbi kete kulle ne Durres.<\/p>\n<p>Motivacioni: &#8220;Kontribut per shkaterrimin e PasuriseTrashegimi Kombetare&#8221;. Nuk do kete fjalim rasti, por do popullarizohet nga gjithe rrjetet Elektronike te te gjithe institucioneve ne varesi te Ministrise se Kultures \u00a0dhe TV shteterore.<\/p>\n<p>V.O. Pritet te Emetohet nje tip Dekorate per Kontrubitin: \u201cShkaterrues Monumentesh te Kultures Kombetare\u201d.<\/p>\n<p><img data-recalc-dims=\"1\" loading=\"lazy\" decoding=\"async\" data-attachment-id=\"13941\" data-permalink=\"https:\/\/www.shqiperia.com\/blog\/13939-2\/durres-4\/\" data-orig-file=\"https:\/\/i0.wp.com\/www.shqiperia.com\/blog\/wp-content\/uploads\/2018\/11\/DURRES.jpg?fit=960%2C519&amp;ssl=1\" data-orig-size=\"960,519\" data-comments-opened=\"1\" data-image-meta=\"{&quot;aperture&quot;:&quot;0&quot;,&quot;credit&quot;:&quot;KRESHNIKU&quot;,&quot;camera&quot;:&quot;&quot;,&quot;caption&quot;:&quot;&quot;,&quot;created_timestamp&quot;:&quot;0&quot;,&quot;copyright&quot;:&quot;&quot;,&quot;focal_length&quot;:&quot;0&quot;,&quot;iso&quot;:&quot;0&quot;,&quot;shutter_speed&quot;:&quot;0&quot;,&quot;title&quot;:&quot;&quot;,&quot;orientation&quot;:&quot;0&quot;}\" data-image-title=\"DURRES\" data-image-description=\"\" data-image-caption=\"\" data-medium-file=\"https:\/\/i0.wp.com\/www.shqiperia.com\/blog\/wp-content\/uploads\/2018\/11\/DURRES.jpg?fit=300%2C162&amp;ssl=1\" data-large-file=\"https:\/\/i0.wp.com\/www.shqiperia.com\/blog\/wp-content\/uploads\/2018\/11\/DURRES.jpg?fit=960%2C519&amp;ssl=1\" class=\"alignnone wp-image-13941\" alt=\"\" src=\"https:\/\/i0.wp.com\/www.shqiperia.com\/blog\/wp-content\/uploads\/2018\/11\/DURRES-300x162.jpg?resize=870%2C470\" width=\"870\" height=\"470\" srcset=\"https:\/\/i0.wp.com\/www.shqiperia.com\/blog\/wp-content\/uploads\/2018\/11\/DURRES.jpg?resize=300%2C162&amp;ssl=1 300w, https:\/\/i0.wp.com\/www.shqiperia.com\/blog\/wp-content\/uploads\/2018\/11\/DURRES.jpg?resize=768%2C415&amp;ssl=1 768w, https:\/\/i0.wp.com\/www.shqiperia.com\/blog\/wp-content\/uploads\/2018\/11\/DURRES.jpg?resize=450%2C243&amp;ssl=1 450w, https:\/\/i0.wp.com\/www.shqiperia.com\/blog\/wp-content\/uploads\/2018\/11\/DURRES.jpg?resize=600%2C324&amp;ssl=1 600w, https:\/\/i0.wp.com\/www.shqiperia.com\/blog\/wp-content\/uploads\/2018\/11\/DURRES.jpg?resize=400%2C216&amp;ssl=1 400w, https:\/\/i0.wp.com\/www.shqiperia.com\/blog\/wp-content\/uploads\/2018\/11\/DURRES.jpg?w=960&amp;ssl=1 960w\" sizes=\"auto, (max-width: 870px) 100vw, 870px\" \/><\/p>\n","protected":false},"excerpt":{"rendered":"<p>Qeveria Shqiptare pritet te marre vndimin per vendosjen e Bustit te Vangjush Dakos mbi kete kulle ne Durres. Motivacioni: &#8220;Kontribut per shkaterrimin e PasuriseTrashegimi Kombetare&#8221;. Nuk do kete fjalim rasti, por do popullarizohet nga gjithe rrjetet Elektronike te te gjithe institucioneve ne varesi te Ministrise se Kultures \u00a0dhe TV shteterore. V.O. Pritet te Emetohet nje [&hellip;]<\/p>\n","protected":false},"author":9,"featured_media":13940,"comment_status":"open","ping_status":"open","sticky":false,"template":"","format":"standard","meta":{"jetpack_post_was_ever_published":false,"_jetpack_newsletter_access":"","_jetpack_dont_email_post_to_subs":false,"_jetpack_newsletter_tier_id":0,"_jetpack_memberships_contains_paywalled_content":false,"_jetpack_memberships_contains_paid_content":false,"footnotes":"","jetpack_publicize_message":"","jetpack_publicize_feature_enabled":true,"jetpack_social_post_already_shared":true,"jetpack_social_options":{"image_generator_settings":{"template":"highway","default_image_id":0,"font":"","enabled":false},"version":2}},"categories":[2,35,86],"tags":[],"class_list":["post-13939","post","type-post","status-publish","format-standard","has-post-thumbnail","hentry","category-politika","category-shoqerore","category-trashegimi-kulturore"],"jetpack_publicize_connections":[],"jetpack_featured_media_url":"https:\/\/i0.wp.com\/www.shqiperia.com\/blog\/wp-content\/uploads\/2018\/11\/46480214_890958181107581_2348447006025842688_n.jpg?fit=960%2C701&ssl=1","jetpack_sharing_enabled":true,"jetpack_shortlink":"https:\/\/wp.me\/p5Z6wp-3CP","jetpack-related-posts":[{"id":58996,"url":"https:\/\/www.shqiperia.com\/blog\/gazetari-ben-deklaraten-ish-kryebashkiaku-i-vores-vjen-nga-klain-i-vangjush-dakos-tipa-qe-vijne-nga-bota-e-krimit-dhe\/","url_meta":{"origin":13939,"position":0},"title":"Gazetari b\u00ebn deklarat\u00ebn: &#8211; Ish-kryebashkiaku i Vor\u00ebs vjen nga klain i Vangjush Dakos, tipa q\u00eb vijn\u00eb nga bota e krimit dhe&#8230;","author":"Kurt Farka","date":"June 13, 2022","format":false,"excerpt":"13 Qershor 2022 \"...gjith\u00eb kjo histori e kryebashkiak\u00ebve me probleme, qoft\u00eb ish-deputet\u00eb me probleme penale, ka lidhje me zgjedhjet e 2013, kur ata q\u00eb jan\u00eb n\u00eb pushtet aktualisht, shkuan me sloganin \u201cAleanc\u00eb dhe me djallin, mjaft t\u00eb shembim Berish\u00ebn\u201d.\" Gazetari Ferdinand Dervishi ka b\u00ebr\u00eb nj\u00eb deklarat\u00eb t\u00eb fort\u00eb mbr\u00ebmjen e\u2026","rel":"","context":"In &quot;Blogu i Udh\u00ebtarit&quot;","block_context":{"text":"Blogu i Udh\u00ebtarit","link":"https:\/\/www.shqiperia.com\/blog\/category\/blogu-i-udhetarit\/"},"img":{"alt_text":"","src":"https:\/\/i0.wp.com\/www.shqiperia.com\/blog\/wp-content\/uploads\/2022\/06\/Ish-kryebashkiaku-i-Vores-vjen-nga-klain-i-Vangjush-Dakos-tipa-qe-vijne-nga-bota-e-krimit-dhe....jpg?fit=800%2C418&ssl=1&resize=350%2C200","width":350,"height":200,"srcset":"https:\/\/i0.wp.com\/www.shqiperia.com\/blog\/wp-content\/uploads\/2022\/06\/Ish-kryebashkiaku-i-Vores-vjen-nga-klain-i-Vangjush-Dakos-tipa-qe-vijne-nga-bota-e-krimit-dhe....jpg?fit=800%2C418&ssl=1&resize=350%2C200 1x, https:\/\/i0.wp.com\/www.shqiperia.com\/blog\/wp-content\/uploads\/2022\/06\/Ish-kryebashkiaku-i-Vores-vjen-nga-klain-i-Vangjush-Dakos-tipa-qe-vijne-nga-bota-e-krimit-dhe....jpg?fit=800%2C418&ssl=1&resize=525%2C300 1.5x, https:\/\/i0.wp.com\/www.shqiperia.com\/blog\/wp-content\/uploads\/2022\/06\/Ish-kryebashkiaku-i-Vores-vjen-nga-klain-i-Vangjush-Dakos-tipa-qe-vijne-nga-bota-e-krimit-dhe....jpg?fit=800%2C418&ssl=1&resize=700%2C400 2x"},"classes":[]},{"id":72005,"url":"https:\/\/www.shqiperia.com\/blog\/vangjush-dako-ishte-lidhje-direkte-e-rames-artan-hoxha-zbardh-detaje-te-reja-nga-arrestimi-i-ish-kryebashkiakut-te-durresit-jane-bere-tentativa-qe\/","url_meta":{"origin":13939,"position":1},"title":"\u201cVangjush Dako ishte lidhje direkte e Ram\u00ebs\u201d. &#8211;  Artan Hoxha zbardh detaje t\u00eb reja nga arrestimi i ish-kryebashkiakut t\u00eb Durr\u00ebsit: &#8211; Jan\u00eb b\u00ebr\u00eb tentativa q\u00eb&#8230;","author":"Kurt Farka","date":"June 6, 2023","format":false,"excerpt":"6 Qershor 2023 Artan Hoxha, gazetar i njohur i kronik\u00ebs, \u00ebsht\u00eb shprehur mbr\u00ebmjen e sotme se Vangjush Dako ishte nd\u00ebr njer\u00ebzit m\u00eb t\u00eb r\u00ebnd\u00ebsish\u00ebm n\u00eb Durr\u00ebs. Sipas tij, p\u00ebr momentin n\u00eb t\u00eb cilin ndodhemi, ai \u00ebsht\u00eb personi m\u00eb i r\u00ebnd\u00ebsish\u00ebm, edhe se ministri i Brendsh\u00ebm. \u201cP\u00ebr mua, me k\u00ebt\u00eb akuz\u00eb\u2026","rel":"","context":"In &quot;Blogu i Udh\u00ebtarit&quot;","block_context":{"text":"Blogu i Udh\u00ebtarit","link":"https:\/\/www.shqiperia.com\/blog\/category\/blogu-i-udhetarit\/"},"img":{"alt_text":"","src":"https:\/\/i0.wp.com\/www.shqiperia.com\/blog\/wp-content\/uploads\/2023\/06\/800-0-vangjush-dako-2.jpg?fit=800%2C343&ssl=1&resize=350%2C200","width":350,"height":200,"srcset":"https:\/\/i0.wp.com\/www.shqiperia.com\/blog\/wp-content\/uploads\/2023\/06\/800-0-vangjush-dako-2.jpg?fit=800%2C343&ssl=1&resize=350%2C200 1x, https:\/\/i0.wp.com\/www.shqiperia.com\/blog\/wp-content\/uploads\/2023\/06\/800-0-vangjush-dako-2.jpg?fit=800%2C343&ssl=1&resize=525%2C300 1.5x, https:\/\/i0.wp.com\/www.shqiperia.com\/blog\/wp-content\/uploads\/2023\/06\/800-0-vangjush-dako-2.jpg?fit=800%2C343&ssl=1&resize=700%2C400 2x"},"classes":[]},{"id":29200,"url":"https:\/\/www.shqiperia.com\/blog\/ekskluzive-top-story-fijet-qe-lidhin-vellain-e-vangjush-dakos-me-pallatet-e-demtuara-ne-durres\/","url_meta":{"origin":13939,"position":2},"title":"Ekskluzive Top Story: &#8211; Fijet q\u00eb lidhin v\u00ebllain e Vangjush Dakos, me pallatet e d\u00ebmtuara n\u00eb Durr\u00ebs. &#8211;","author":"Kurt Farka","date":"December 12, 2019","format":false,"excerpt":"Ekskluzive Top Story: - Fijet q\u00eb lidhin v\u00ebllain e Vangjush Dakos, me pallatet e d\u00ebmtuara n\u00eb Durr\u00ebs 10 Dhjetor 2019 Nj\u00eb pjes\u00eb e mir\u00eb e nd\u00ebrtimeve, kan\u00eb abuzuar edhe p\u00ebr shkak se kan\u00eb q\u00ebn\u00eb t\u00eb mbrojtur nga institucionet lokale. Tani do t\u00eb fokusohemi te pallatet e nj\u00eb prej firmave m\u00eb\u2026","rel":"","context":"In &quot;Blogu i Udh\u00ebtarit&quot;","block_context":{"text":"Blogu i Udh\u00ebtarit","link":"https:\/\/www.shqiperia.com\/blog\/category\/blogu-i-udhetarit\/"},"img":{"alt_text":"","src":"https:\/\/i0.wp.com\/www.shqiperia.com\/blog\/wp-content\/uploads\/2019\/12\/auto_d731576012271.jpg?fit=900%2C513&ssl=1&resize=350%2C200","width":350,"height":200,"srcset":"https:\/\/i0.wp.com\/www.shqiperia.com\/blog\/wp-content\/uploads\/2019\/12\/auto_d731576012271.jpg?fit=900%2C513&ssl=1&resize=350%2C200 1x, https:\/\/i0.wp.com\/www.shqiperia.com\/blog\/wp-content\/uploads\/2019\/12\/auto_d731576012271.jpg?fit=900%2C513&ssl=1&resize=525%2C300 1.5x, https:\/\/i0.wp.com\/www.shqiperia.com\/blog\/wp-content\/uploads\/2019\/12\/auto_d731576012271.jpg?fit=900%2C513&ssl=1&resize=700%2C400 2x"},"classes":[]},{"id":7996,"url":"https:\/\/www.shqiperia.com\/blog\/deklarata-e-forte-e-avokates-veliera-nje-dosje-skandaloze-pastrim-parash-e-korrupsion-masiv\/","url_meta":{"origin":13939,"position":3},"title":"Deklarata e fort\u00eb e avokates: Veliera nj\u00eb dosje skandaloze, pastrim parash e korrupsion (Vangjush Dako) masiv.-","author":"Kurt Farka","date":"May 28, 2018","format":false,"excerpt":"Deklarata e fort\u00eb e avokates: Veliera nj\u00eb dosje skandaloze, pastrim parash e korrupsion masiv.- E ftuar n\u00eb emisionin \u201cArena\" nga Dritan Hila, avokatja Mirela Jorgo ka folur mbi projektin e 'Velier\u00ebs' n\u00eb Durr\u00ebs, duke e quajtur at\u00eb nj\u00eb projekt skandaloz. \u201cVeliera \u00ebsht\u00eb shembulli i katastrof\u00ebs q\u00eb nj\u00eb shtet mund t\u00eb\u2026","rel":"","context":"In &quot;Shoqerore&quot;","block_context":{"text":"Shoqerore","link":"https:\/\/www.shqiperia.com\/blog\/category\/shoqerore\/"},"img":{"alt_text":"","src":"https:\/\/i0.wp.com\/www.shqiperia.com\/blog\/wp-content\/uploads\/2018\/05\/Veliera-nj%C3%AB-dosje-skandaloze-pastrim-parash-2-Copy.jpg?fit=960%2C540&ssl=1&resize=350%2C200","width":350,"height":200,"srcset":"https:\/\/i0.wp.com\/www.shqiperia.com\/blog\/wp-content\/uploads\/2018\/05\/Veliera-nj%C3%AB-dosje-skandaloze-pastrim-parash-2-Copy.jpg?fit=960%2C540&ssl=1&resize=350%2C200 1x, https:\/\/i0.wp.com\/www.shqiperia.com\/blog\/wp-content\/uploads\/2018\/05\/Veliera-nj%C3%AB-dosje-skandaloze-pastrim-parash-2-Copy.jpg?fit=960%2C540&ssl=1&resize=525%2C300 1.5x, https:\/\/i0.wp.com\/www.shqiperia.com\/blog\/wp-content\/uploads\/2018\/05\/Veliera-nj%C3%AB-dosje-skandaloze-pastrim-parash-2-Copy.jpg?fit=960%2C540&ssl=1&resize=700%2C400 2x"},"classes":[]},{"id":21669,"url":"https:\/\/www.shqiperia.com\/blog\/fevziu-ben-per-uje-te-ftohte-vangjush-dakon-ska-bthe-njeri-te-me-thote-mua-mos-bej-kete-gje\/","url_meta":{"origin":13939,"position":4},"title":"Fevziu b\u00ebn p\u00ebr \u201cuj\u00eb t\u00eb ftoht\u00eb\u201d Vangjush Dakon: S\u2019ka b*th\u00eb njeri t\u00eb m\u00eb thot\u00eb mua mos b\u00ebj k\u00ebt\u00eb gj\u00eb\u2026","author":"Kurt Farka","date":"June 6, 2019","format":false,"excerpt":"Fevziu b\u00ebn p\u00ebr \u201cuj\u00eb t\u00eb ftoht\u00eb\u201d Vangjush Dakon: S\u2019ka b*th\u00eb njeri t\u00eb m\u00eb thot\u00eb mua mos b\u00ebj k\u00ebt\u00eb gj\u00eb\u2026 6 qershor 2019 Teksa p\u00ebrpiqej t\u00eb tregonte se gjithkush mund t\u00eb flas\u00eb n\u00eb telefon, kryebashkiaku i Durr\u00ebsit, Vangjush Dako iu kthye drejtuesit t\u00eb Opinion Blendi Fevziu se edhe at\u00eb e merrnin\u2026","rel":"","context":"In &quot;Blogu i Udh\u00ebtarit&quot;","block_context":{"text":"Blogu i Udh\u00ebtarit","link":"https:\/\/www.shqiperia.com\/blog\/category\/blogu-i-udhetarit\/"},"img":{"alt_text":"","src":"https:\/\/i0.wp.com\/www.shqiperia.com\/blog\/wp-content\/uploads\/2019\/06\/d3-1-Copy.png?fit=459%2C255&ssl=1&resize=350%2C200","width":350,"height":200},"classes":[]},{"id":17938,"url":"https:\/\/www.shqiperia.com\/blog\/perplasja-per-bustin-e-skenderbeut-ne-lezhe-reagon-ministria-e-kultures\/","url_meta":{"origin":13939,"position":5},"title":"\u201cP\u00ebrplasja\u201d p\u00ebr bustin e Sk\u00ebnderbeut n\u00eb Lezh\u00eb, reagon ministria e Kultur\u00ebs","author":"Kurt Farka","date":"March 1, 2019","format":false,"excerpt":"\u201cP\u00ebrplasja\u201d p\u00ebr bustin e Sk\u00ebnderbeut n\u00eb Lezh\u00eb, reagon ministria e Kultur\u00ebs. \u00a01 mars 2019 Pas shembjes nga IKMT, t\u00eb bazamentit ku do t\u00eb vendosej busti i Sk\u00ebnderbeut, ka reaguar Ministria e Kultur\u00ebs. N\u00eb reagimin e saj Ministria sqaron se vendosja e bustit \u00ebsht\u00eb b\u00ebr\u00eb nga Bashkia Lezh\u00eb pa leje, dhe\u2026","rel":"","context":"In &quot;Blogu i Udh\u00ebtarit&quot;","block_context":{"text":"Blogu i Udh\u00ebtarit","link":"https:\/\/www.shqiperia.com\/blog\/category\/blogu-i-udhetarit\/"},"img":{"alt_text":"","src":"","width":0,"height":0},"classes":[]}],"_links":{"self":[{"href":"https:\/\/www.shqiperia.com\/blog\/wp-json\/wp\/v2\/posts\/13939","targetHints":{"allow":["GET"]}}],"collection":[{"href":"https:\/\/www.shqiperia.com\/blog\/wp-json\/wp\/v2\/posts"}],"about":[{"href":"https:\/\/www.shqiperia.com\/blog\/wp-json\/wp\/v2\/types\/post"}],"author":[{"embeddable":true,"href":"https:\/\/www.shqiperia.com\/blog\/wp-json\/wp\/v2\/users\/9"}],"replies":[{"embeddable":true,"href":"https:\/\/www.shqiperia.com\/blog\/wp-json\/wp\/v2\/comments?post=13939"}],"version-history":[{"count":2,"href":"https:\/\/www.shqiperia.com\/blog\/wp-json\/wp\/v2\/posts\/13939\/revisions"}],"predecessor-version":[{"id":13943,"href":"https:\/\/www.shqiperia.com\/blog\/wp-json\/wp\/v2\/posts\/13939\/revisions\/13943"}],"wp:featuredmedia":[{"embeddable":true,"href":"https:\/\/www.shqiperia.com\/blog\/wp-json\/wp\/v2\/media\/13940"}],"wp:attachment":[{"href":"https:\/\/www.shqiperia.com\/blog\/wp-json\/wp\/v2\/media?parent=13939"}],"wp:term":[{"taxonomy":"category","embeddable":true,"href":"https:\/\/www.shqiperia.com\/blog\/wp-json\/wp\/v2\/categories?post=13939"},{"taxonomy":"post_tag","embeddable":true,"href":"https:\/\/www.shqiperia.com\/blog\/wp-json\/wp\/v2\/tags?post=13939"}],"curies":[{"name":"wp","href":"https:\/\/api.w.org\/{rel}","templated":true}]}}