{"id":11992,"date":"2018-09-26T10:00:16","date_gmt":"2018-09-26T10:00:16","guid":{"rendered":"http:\/\/www.shqiperia.com\/blog\/?p=11992"},"modified":"2018-09-26T10:00:16","modified_gmt":"2018-09-26T10:00:16","slug":"kujdes-me-shpjegimet-ne-muze","status":"publish","type":"post","link":"https:\/\/www.shqiperia.com\/blog\/kujdes-me-shpjegimet-ne-muze\/","title":{"rendered":"Kujdes me shpjegimet ne Muze. &#8211;"},"content":{"rendered":"<p><img data-recalc-dims=\"1\" loading=\"lazy\" decoding=\"async\" data-attachment-id=\"11993\" data-permalink=\"https:\/\/www.shqiperia.com\/blog\/kujdes-me-shpjegimet-ne-muze\/42206895_682930678759688_656786849875886080_n\/\" data-orig-file=\"https:\/\/i0.wp.com\/www.shqiperia.com\/blog\/wp-content\/uploads\/2018\/09\/42206895_682930678759688_656786849875886080_n.jpg?fit=540%2C278&amp;ssl=1\" data-orig-size=\"540,278\" data-comments-opened=\"1\" data-image-meta=\"{&quot;aperture&quot;:&quot;0&quot;,&quot;credit&quot;:&quot;&quot;,&quot;camera&quot;:&quot;&quot;,&quot;caption&quot;:&quot;&quot;,&quot;created_timestamp&quot;:&quot;0&quot;,&quot;copyright&quot;:&quot;&quot;,&quot;focal_length&quot;:&quot;0&quot;,&quot;iso&quot;:&quot;0&quot;,&quot;shutter_speed&quot;:&quot;0&quot;,&quot;title&quot;:&quot;&quot;,&quot;orientation&quot;:&quot;0&quot;}\" data-image-title=\"42206895_682930678759688_656786849875886080_n\" data-image-description=\"\" data-image-caption=\"\" data-medium-file=\"https:\/\/i0.wp.com\/www.shqiperia.com\/blog\/wp-content\/uploads\/2018\/09\/42206895_682930678759688_656786849875886080_n.jpg?fit=300%2C154&amp;ssl=1\" data-large-file=\"https:\/\/i0.wp.com\/www.shqiperia.com\/blog\/wp-content\/uploads\/2018\/09\/42206895_682930678759688_656786849875886080_n.jpg?fit=540%2C278&amp;ssl=1\" class=\"alignnone size-medium wp-image-11993\" alt=\"\" src=\"https:\/\/i0.wp.com\/www.shqiperia.com\/blog\/wp-content\/uploads\/2018\/09\/42206895_682930678759688_656786849875886080_n-300x154.jpg?resize=300%2C154\" width=\"300\" height=\"154\" srcset=\"https:\/\/i0.wp.com\/www.shqiperia.com\/blog\/wp-content\/uploads\/2018\/09\/42206895_682930678759688_656786849875886080_n.jpg?resize=300%2C154&amp;ssl=1 300w, https:\/\/i0.wp.com\/www.shqiperia.com\/blog\/wp-content\/uploads\/2018\/09\/42206895_682930678759688_656786849875886080_n.jpg?w=540&amp;ssl=1 540w\" sizes=\"auto, (max-width: 300px) 100vw, 300px\" \/><\/p>\n<p>Kujdes me shpjegimet ne Muze. &#8211;<\/p>\n<p>Teksti dhe fotot nga Ilir Seci<\/p>\n<p><strong>\u00a0<\/strong><\/p>\n<p>&#8230;Ne Muzeun Historik Kombetar gjindet e ekspozueme kjo Stele Vorri e shekullit t\u00eb dyte mbas Krishtit, e gjetun n\u00eb fshatin Margegaj te Tropojes. Kjo Stele Vorri asht gjet\u00eb ne gjendje shume te mire dhe sipas mbishkrimit aty, shkruhet se kjo Stele perkujton nji ngjarje shume te hidhun, baba e ka ngrite k\u00ebt\u00eb Stele Vorri per djalin 11 vje\u00e7ar&#8230;<\/p>\n<p><img data-recalc-dims=\"1\" loading=\"lazy\" decoding=\"async\" data-attachment-id=\"11994\" data-permalink=\"https:\/\/www.shqiperia.com\/blog\/kujdes-me-shpjegimet-ne-muze\/42206895_682930678759688_656786849875886080_n-copy\/\" data-orig-file=\"https:\/\/i0.wp.com\/www.shqiperia.com\/blog\/wp-content\/uploads\/2018\/09\/42206895_682930678759688_656786849875886080_n-Copy.jpg?fit=540%2C720&amp;ssl=1\" data-orig-size=\"540,720\" data-comments-opened=\"1\" data-image-meta=\"{&quot;aperture&quot;:&quot;0&quot;,&quot;credit&quot;:&quot;&quot;,&quot;camera&quot;:&quot;&quot;,&quot;caption&quot;:&quot;&quot;,&quot;created_timestamp&quot;:&quot;0&quot;,&quot;copyright&quot;:&quot;&quot;,&quot;focal_length&quot;:&quot;0&quot;,&quot;iso&quot;:&quot;0&quot;,&quot;shutter_speed&quot;:&quot;0&quot;,&quot;title&quot;:&quot;&quot;,&quot;orientation&quot;:&quot;0&quot;}\" data-image-title=\"42206895_682930678759688_656786849875886080_n &#8211; Copy\" data-image-description=\"\" data-image-caption=\"\" data-medium-file=\"https:\/\/i0.wp.com\/www.shqiperia.com\/blog\/wp-content\/uploads\/2018\/09\/42206895_682930678759688_656786849875886080_n-Copy.jpg?fit=225%2C300&amp;ssl=1\" data-large-file=\"https:\/\/i0.wp.com\/www.shqiperia.com\/blog\/wp-content\/uploads\/2018\/09\/42206895_682930678759688_656786849875886080_n-Copy.jpg?fit=540%2C720&amp;ssl=1\" class=\"alignnone  wp-image-11994\" alt=\"\" src=\"https:\/\/i0.wp.com\/www.shqiperia.com\/blog\/wp-content\/uploads\/2018\/09\/42206895_682930678759688_656786849875886080_n-Copy-225x300.jpg?resize=440%2C587\" width=\"440\" height=\"587\" srcset=\"https:\/\/i0.wp.com\/www.shqiperia.com\/blog\/wp-content\/uploads\/2018\/09\/42206895_682930678759688_656786849875886080_n-Copy.jpg?resize=225%2C300&amp;ssl=1 225w, https:\/\/i0.wp.com\/www.shqiperia.com\/blog\/wp-content\/uploads\/2018\/09\/42206895_682930678759688_656786849875886080_n-Copy.jpg?w=540&amp;ssl=1 540w\" sizes=\"auto, (max-width: 440px) 100vw, 440px\" \/><br \/>\n&#8230;Perskej Steles ne Muze asht nji shpjegim shoqnues qe difton historine e kesaj gjetje&#8230;shpjegimi asht dy-gjuh\u00ebsh, shqip dhe anglisht. Gjaja e habitshme lidhun k\u00ebt\u00eb shenim shoqnues asht se ndersa ne shpjegimin shqip shpjegohet me saktesi si asht e verteta, q\u00eb kjo Stele asht gjet\u00eb n\u00eb fshatin Margegaj Tropoje, n\u00eb shpjegimin anglisht shkruhet \u201cMargegaj (Fier)\u201d&#8230;!? Pse bahet ky transferim vend-gjetje n\u00eb anglisht, k\u00ebt\u00eb gja vetem ata qe e kane shkrue munden me na e shpjegue&#8230;<\/p>\n<p><img data-recalc-dims=\"1\" loading=\"lazy\" decoding=\"async\" data-attachment-id=\"11995\" data-permalink=\"https:\/\/www.shqiperia.com\/blog\/kujdes-me-shpjegimet-ne-muze\/42296302_682930732093016_882735248138305536_n\/\" data-orig-file=\"https:\/\/i0.wp.com\/www.shqiperia.com\/blog\/wp-content\/uploads\/2018\/09\/42296302_682930732093016_882735248138305536_n.jpg?fit=776%2C933&amp;ssl=1\" data-orig-size=\"776,933\" data-comments-opened=\"1\" data-image-meta=\"{&quot;aperture&quot;:&quot;0&quot;,&quot;credit&quot;:&quot;&quot;,&quot;camera&quot;:&quot;&quot;,&quot;caption&quot;:&quot;&quot;,&quot;created_timestamp&quot;:&quot;0&quot;,&quot;copyright&quot;:&quot;&quot;,&quot;focal_length&quot;:&quot;0&quot;,&quot;iso&quot;:&quot;0&quot;,&quot;shutter_speed&quot;:&quot;0&quot;,&quot;title&quot;:&quot;&quot;,&quot;orientation&quot;:&quot;0&quot;}\" data-image-title=\"42296302_682930732093016_882735248138305536_n\" data-image-description=\"\" data-image-caption=\"\" data-medium-file=\"https:\/\/i0.wp.com\/www.shqiperia.com\/blog\/wp-content\/uploads\/2018\/09\/42296302_682930732093016_882735248138305536_n.jpg?fit=250%2C300&amp;ssl=1\" data-large-file=\"https:\/\/i0.wp.com\/www.shqiperia.com\/blog\/wp-content\/uploads\/2018\/09\/42296302_682930732093016_882735248138305536_n.jpg?fit=776%2C933&amp;ssl=1\" class=\"alignnone  wp-image-11995\" alt=\"\" src=\"https:\/\/i0.wp.com\/www.shqiperia.com\/blog\/wp-content\/uploads\/2018\/09\/42296302_682930732093016_882735248138305536_n-250x300.jpg?resize=423%2C508\" width=\"423\" height=\"508\" srcset=\"https:\/\/i0.wp.com\/www.shqiperia.com\/blog\/wp-content\/uploads\/2018\/09\/42296302_682930732093016_882735248138305536_n.jpg?resize=250%2C300&amp;ssl=1 250w, https:\/\/i0.wp.com\/www.shqiperia.com\/blog\/wp-content\/uploads\/2018\/09\/42296302_682930732093016_882735248138305536_n.jpg?resize=768%2C923&amp;ssl=1 768w, https:\/\/i0.wp.com\/www.shqiperia.com\/blog\/wp-content\/uploads\/2018\/09\/42296302_682930732093016_882735248138305536_n.jpg?w=776&amp;ssl=1 776w\" sizes=\"auto, (max-width: 423px) 100vw, 423px\" \/>\u00a0\u00a0 <img data-recalc-dims=\"1\" loading=\"lazy\" decoding=\"async\" data-attachment-id=\"11997\" data-permalink=\"https:\/\/www.shqiperia.com\/blog\/kujdes-me-shpjegimet-ne-muze\/42286822_682930688759687_4609533685761310720_n\/\" data-orig-file=\"https:\/\/i0.wp.com\/www.shqiperia.com\/blog\/wp-content\/uploads\/2018\/09\/42286822_682930688759687_4609533685761310720_n.jpg?fit=333%2C522&amp;ssl=1\" data-orig-size=\"333,522\" data-comments-opened=\"1\" data-image-meta=\"{&quot;aperture&quot;:&quot;0&quot;,&quot;credit&quot;:&quot;&quot;,&quot;camera&quot;:&quot;&quot;,&quot;caption&quot;:&quot;&quot;,&quot;created_timestamp&quot;:&quot;0&quot;,&quot;copyright&quot;:&quot;&quot;,&quot;focal_length&quot;:&quot;0&quot;,&quot;iso&quot;:&quot;0&quot;,&quot;shutter_speed&quot;:&quot;0&quot;,&quot;title&quot;:&quot;&quot;,&quot;orientation&quot;:&quot;0&quot;}\" data-image-title=\"42286822_682930688759687_4609533685761310720_n\" data-image-description=\"\" data-image-caption=\"\" data-medium-file=\"https:\/\/i0.wp.com\/www.shqiperia.com\/blog\/wp-content\/uploads\/2018\/09\/42286822_682930688759687_4609533685761310720_n.jpg?fit=191%2C300&amp;ssl=1\" data-large-file=\"https:\/\/i0.wp.com\/www.shqiperia.com\/blog\/wp-content\/uploads\/2018\/09\/42286822_682930688759687_4609533685761310720_n.jpg?fit=333%2C522&amp;ssl=1\" class=\"alignnone  wp-image-11997\" alt=\"\" src=\"https:\/\/i0.wp.com\/www.shqiperia.com\/blog\/wp-content\/uploads\/2018\/09\/42286822_682930688759687_4609533685761310720_n-191x300.jpg?resize=323%2C507\" width=\"323\" height=\"507\" srcset=\"https:\/\/i0.wp.com\/www.shqiperia.com\/blog\/wp-content\/uploads\/2018\/09\/42286822_682930688759687_4609533685761310720_n.jpg?resize=191%2C300&amp;ssl=1 191w, https:\/\/i0.wp.com\/www.shqiperia.com\/blog\/wp-content\/uploads\/2018\/09\/42286822_682930688759687_4609533685761310720_n.jpg?w=333&amp;ssl=1 333w\" sizes=\"auto, (max-width: 323px) 100vw, 323px\" \/><br \/>\n***<br \/>\nPo ashtu ne seksionin e epokes se hershme, gjindej nji Pitos i madh,(amfor\u00eb), ne gjendje shume te mire, e gjetun ne shpellen e Trenit ne Kor\u00e7e, nje gjetje e mrekullueshme e shekullit te tret\u00eb para Krishtit.<br \/>\nNe shpjegimin shoqnues shkruhej \u201cEna me e madhe e perdorur per mbajtjen e dritherave,(grure, mis\u00ebr, elb,etj)&#8230;<br \/>\nMis\u00ebr?!<br \/>\nMisri na e dim\u00eb se ka ardhe ne Europe nga Amerika mbasi Kristofor Kolombi e zbuloi Token e Re&#8230;Ne kjoft\u00eb se studiuesit tan\u00eb kane prova se ka pase mis\u00ebr ne Tren te Kor\u00e7\u00ebs ne shekullin e tret\u00eb para Krishtit pse nuk e bajne t\u00eb njoftun botnisht k\u00ebt\u00eb gja?<\/p>\n","protected":false},"excerpt":{"rendered":"<p>Kujdes me shpjegimet ne Muze. &#8211; Teksti dhe fotot nga Ilir Seci \u00a0 &#8230;Ne Muzeun Historik Kombetar gjindet e ekspozueme kjo Stele Vorri e shekullit t\u00eb dyte mbas Krishtit, e gjetun n\u00eb fshatin Margegaj te Tropojes. Kjo Stele Vorri asht gjet\u00eb ne gjendje shume te mire dhe sipas mbishkrimit aty, shkruhet se kjo Stele perkujton [&hellip;]<\/p>\n","protected":false},"author":9,"featured_media":11993,"comment_status":"open","ping_status":"open","sticky":false,"template":"","format":"standard","meta":{"jetpack_post_was_ever_published":false,"_jetpack_newsletter_access":"","_jetpack_dont_email_post_to_subs":false,"_jetpack_newsletter_tier_id":0,"_jetpack_memberships_contains_paywalled_content":false,"_jetpack_memberships_contains_paid_content":false,"footnotes":"","jetpack_publicize_message":"","jetpack_publicize_feature_enabled":true,"jetpack_social_post_already_shared":true,"jetpack_social_options":{"image_generator_settings":{"template":"highway","default_image_id":0,"font":"","enabled":false},"version":2}},"categories":[85,10,86],"tags":[],"class_list":["post-11992","post","type-post","status-publish","format-standard","has-post-thumbnail","hentry","category-histori","category-kultura","category-trashegimi-kulturore"],"jetpack_publicize_connections":[],"jetpack_featured_media_url":"https:\/\/i0.wp.com\/www.shqiperia.com\/blog\/wp-content\/uploads\/2018\/09\/42206895_682930678759688_656786849875886080_n.jpg?fit=540%2C278&ssl=1","jetpack_sharing_enabled":true,"jetpack_shortlink":"https:\/\/wp.me\/p5Z6wp-37q","jetpack-related-posts":[{"id":35135,"url":"https:\/\/www.shqiperia.com\/blog\/robert-prennushi-a-asht-anakronike-te-flasim-sot-per-karakter-e-fryme-kombetare-ne-kangen-dhe-muziken-shqiptare-ne-pergjithesi\/","url_meta":{"origin":11992,"position":0},"title":"Robert Prennushi: &#8211; A asht anakronike t\u00eb flasim sot p\u00ebr karakter e frym\u00eb komb\u00ebtare n\u00eb kang\u00ebn dhe muzik\u00ebn shqiptare n\u00eb p\u00ebrgjith\u00ebsi?","author":"Kurt Farka","date":"May 27, 2020","format":false,"excerpt":"Robert Prennushi: - A asht anakronike t\u00eb flasim sot p\u00ebr karakter e frym\u00eb komb\u00ebtare n\u00eb kang\u00ebn dhe muzik\u00ebn shqiptare n\u00eb p\u00ebrgjith\u00ebsi? Sot mjetet e komunikimit jan\u00eb t\u00eb tilla q\u00eb, bashk\u00eb me lajmet e mira e t\u00eb k\u00ebqija, mbartin me shpejt\u00ebsi nga nji cep t\u00eb bot\u00ebs n\u00eb tjetrin edhe kang\u00ebn, gjinin\u00eb\u2026","rel":"","context":"In &quot;Histori&quot;","block_context":{"text":"Histori","link":"https:\/\/www.shqiperia.com\/blog\/category\/histori\/"},"img":{"alt_text":"","src":"https:\/\/i0.wp.com\/www.shqiperia.com\/blog\/wp-content\/uploads\/2020\/05\/safe_image.jpg?fit=540%2C281&ssl=1&resize=350%2C200","width":350,"height":200,"srcset":"https:\/\/i0.wp.com\/www.shqiperia.com\/blog\/wp-content\/uploads\/2020\/05\/safe_image.jpg?fit=540%2C281&ssl=1&resize=350%2C200 1x, https:\/\/i0.wp.com\/www.shqiperia.com\/blog\/wp-content\/uploads\/2020\/05\/safe_image.jpg?fit=540%2C281&ssl=1&resize=525%2C300 1.5x"},"classes":[]},{"id":51410,"url":"https:\/\/www.shqiperia.com\/blog\/botim-i-ri-fjalori-historik-gjeografik-mytologjik-i-lahut%d1%91s-s%d1%91-malcis-nga-benedikt-dema\/","url_meta":{"origin":11992,"position":1},"title":"BOTIM I RI  Fjalori Historik-Gjeografik-Mytologjik i \u201cLahut\u0451s s\u0451 Malc\u00eds\u201d, nga Benedikt Dema.","author":"Kurt Farka","date":"November 15, 2021","format":false,"excerpt":"BOTIM I RI Fjalori Historik-Gjeografik-Mytologjik i \u201cLahut\u0451s s\u0451 Malc\u00eds\u201d, nga Benedikt Dema. Vepra e \u00c1t Benedikt Dem\u00ebs Fjalori\u00a0 Historik \u2013 Gjeografik \u2013 Mytologjik i \u201cLahut\u00ebs s\u00eb Malc\u00eds\u201d q\u00eb po botojm\u00eb \u00e2sht nji kontribut i \u00e7muesh\u00ebm dhe nji ftes\u00eb e r\u00e9 p\u00ebr rileximin e Lahut\u00ebs s\u00eb Malc\u00eds. Fjalorin e kemi pas\u2026","rel":"","context":"In &quot;Histori&quot;","block_context":{"text":"Histori","link":"https:\/\/www.shqiperia.com\/blog\/category\/histori\/"},"img":{"alt_text":"","src":"https:\/\/i0.wp.com\/www.shqiperia.com\/blog\/wp-content\/uploads\/2021\/11\/Dema-Benedikt-At-Fjalori-Historik-Gjeografik-Mytologjik-i-Lahut%D1%91s-s%D1%91-Malcis.jpg?fit=1200%2C713&ssl=1&resize=350%2C200","width":350,"height":200,"srcset":"https:\/\/i0.wp.com\/www.shqiperia.com\/blog\/wp-content\/uploads\/2021\/11\/Dema-Benedikt-At-Fjalori-Historik-Gjeografik-Mytologjik-i-Lahut%D1%91s-s%D1%91-Malcis.jpg?fit=1200%2C713&ssl=1&resize=350%2C200 1x, https:\/\/i0.wp.com\/www.shqiperia.com\/blog\/wp-content\/uploads\/2021\/11\/Dema-Benedikt-At-Fjalori-Historik-Gjeografik-Mytologjik-i-Lahut%D1%91s-s%D1%91-Malcis.jpg?fit=1200%2C713&ssl=1&resize=525%2C300 1.5x, https:\/\/i0.wp.com\/www.shqiperia.com\/blog\/wp-content\/uploads\/2021\/11\/Dema-Benedikt-At-Fjalori-Historik-Gjeografik-Mytologjik-i-Lahut%D1%91s-s%D1%91-Malcis.jpg?fit=1200%2C713&ssl=1&resize=700%2C400 2x, https:\/\/i0.wp.com\/www.shqiperia.com\/blog\/wp-content\/uploads\/2021\/11\/Dema-Benedikt-At-Fjalori-Historik-Gjeografik-Mytologjik-i-Lahut%D1%91s-s%D1%91-Malcis.jpg?fit=1200%2C713&ssl=1&resize=1050%2C600 3x"},"classes":[]},{"id":10363,"url":"https:\/\/www.shqiperia.com\/blog\/trajtim-artistik-i-nji-bestytnie-te-lashte\/","url_meta":{"origin":11992,"position":2},"title":"TRAJTIM ARTISTIK I NJI BESTYTNIE T\u00cb LASHT\u00cb. &#8211;","author":"Kurt Farka","date":"July 28, 2018","format":false,"excerpt":"TRAJTIM ARTISTIK I NJI BESTYTNIE T\u00cb LASHT\u00cb. - Nga: Agim Morina. Qysh me romanin e par\u00eb, P\u00ebrroi i Andrr\u00ebs (2004), shkrimtari Petrit Palushi u paraqit me nji profil mjaft t\u00eb ve\u00e7ant\u00eb, qoft\u00eb n\u00eb pikpamje t\u00eb teknikave t\u00eb rr\u00ebfimit, qoft\u00eb n\u00eb an\u00ebn e trajtimit t\u00eb gjuh\u00ebs. Asht e kuptushme q\u00eb beteja\u2026","rel":"","context":"In &quot;Kultura&quot;","block_context":{"text":"Kultura","link":"https:\/\/www.shqiperia.com\/blog\/category\/kultura\/"},"img":{"alt_text":"","src":"https:\/\/i0.wp.com\/www.shqiperia.com\/blog\/wp-content\/uploads\/2018\/07\/Petrit-Palushi.jpg?fit=580%2C339&ssl=1&resize=350%2C200","width":350,"height":200,"srcset":"https:\/\/i0.wp.com\/www.shqiperia.com\/blog\/wp-content\/uploads\/2018\/07\/Petrit-Palushi.jpg?fit=580%2C339&ssl=1&resize=350%2C200 1x, https:\/\/i0.wp.com\/www.shqiperia.com\/blog\/wp-content\/uploads\/2018\/07\/Petrit-Palushi.jpg?fit=580%2C339&ssl=1&resize=525%2C300 1.5x"},"classes":[]},{"id":7257,"url":"https:\/\/www.shqiperia.com\/blog\/libri-thoti-i-pavdekshem-na-zbulon-atlantiden\/","url_meta":{"origin":11992,"position":3},"title":"Libri: \u201cThoti i pavdeksh\u00ebm na zbulon Atlantid\u00ebn. &#8211;","author":"Kurt Farka","date":"May 8, 2018","format":false,"excerpt":"Libri: \u201cThoti i pavdeksh\u00ebm na zbulon Atlantid\u00ebn. - \u00a0 \u00a0 -Historit\u00eb e shkrimeve t\u00eb THOTIT n\u00eb pllaka prej zmeraldi, t\u00eb p\u00ebrkthyeme n\u00eb faqet n\u00eb vazhdim, jan\u00eb t\u00eb \u00e7uditshme dhe jasht\u00eb \u00e7do mendimi t\u00eb shkenc\u00ebs moderne K\u00ebto dy vende, bashk\u00eb me Gjermanin\u00eb e Holland\u00ebn, me sa di un\u00eb, pranojn\u00eb se e\u2026","rel":"","context":"In &quot;Blogu i Udh\u00ebtarit&quot;","block_context":{"text":"Blogu i Udh\u00ebtarit","link":"https:\/\/www.shqiperia.com\/blog\/category\/blogu-i-udhetarit\/"},"img":{"alt_text":"","src":"https:\/\/i0.wp.com\/www.shqiperia.com\/blog\/wp-content\/uploads\/2018\/05\/bilder-thoth-Pllakat-e-zmeraldit.jpg?fit=640%2C447&ssl=1&resize=350%2C200","width":350,"height":200,"srcset":"https:\/\/i0.wp.com\/www.shqiperia.com\/blog\/wp-content\/uploads\/2018\/05\/bilder-thoth-Pllakat-e-zmeraldit.jpg?fit=640%2C447&ssl=1&resize=350%2C200 1x, https:\/\/i0.wp.com\/www.shqiperia.com\/blog\/wp-content\/uploads\/2018\/05\/bilder-thoth-Pllakat-e-zmeraldit.jpg?fit=640%2C447&ssl=1&resize=525%2C300 1.5x"},"classes":[]},{"id":9328,"url":"https:\/\/www.shqiperia.com\/blog\/biblioteka-muzeume-te-tiranes\/","url_meta":{"origin":11992,"position":4},"title":"Biblioteka- Muzeume t\u00eb Tiran\u00ebs! &#8211;","author":"Kurt Farka","date":"July 1, 2018","format":false,"excerpt":"Biblioteka- Muzeume t\u00eb Tiran\u00ebs! - E sjellim artikullin e m\u00ebposht\u00ebm t\u00eb Arshi Pip\u00ebs, botuar n\u00eb prill 1944, si nj\u00eb sh\u00ebnim krahasues p\u00ebr \u00e7far\u00eb ndodh sot e si shfryt\u00ebzohet qendra muzeale e Tiran\u00ebs. Mjaft specialist\u00eb kan\u00eb sugjeruar q\u00eb p\u00ebrgjat\u00eb bulevardit t\u00eb Tiran\u00ebs t\u00eb ket\u00eb nj\u00eb jet\u00eb t\u00eb pasur muzeale, dhe argumentet\u2026","rel":"","context":"In &quot;Histori&quot;","block_context":{"text":"Histori","link":"https:\/\/www.shqiperia.com\/blog\/category\/histori\/"},"img":{"alt_text":"","src":"https:\/\/i0.wp.com\/www.shqiperia.com\/blog\/wp-content\/uploads\/2018\/07\/tirana1.jpg?fit=794%2C503&ssl=1&resize=350%2C200","width":350,"height":200,"srcset":"https:\/\/i0.wp.com\/www.shqiperia.com\/blog\/wp-content\/uploads\/2018\/07\/tirana1.jpg?fit=794%2C503&ssl=1&resize=350%2C200 1x, https:\/\/i0.wp.com\/www.shqiperia.com\/blog\/wp-content\/uploads\/2018\/07\/tirana1.jpg?fit=794%2C503&ssl=1&resize=525%2C300 1.5x, https:\/\/i0.wp.com\/www.shqiperia.com\/blog\/wp-content\/uploads\/2018\/07\/tirana1.jpg?fit=794%2C503&ssl=1&resize=700%2C400 2x"},"classes":[]},{"id":6235,"url":"https:\/\/www.shqiperia.com\/blog\/murat-basha-para-pushkatimit-i-shkruan-djalit-akil-basha-dhe-gruas-sadete-basha-manoku-frasheri\/","url_meta":{"origin":11992,"position":5},"title":"Murat Basha para pushkatimit i shkruan djalit Akil Basha dhe gruas Sadete Basha, (Manoku-Frasheri). &#8211;","author":"Kurt Farka","date":"April 12, 2018","format":false,"excerpt":"Ah grue moje e zeza grue. Tash shtate vjet qe zemra jote qet vetem vaje,lot e vnere d.m.th. qysh prej 7 prill 939 edhe ti moj e bekume me gjith kalamajte,vuajte,u mundove,u burgose,u internove u dogje dhe u pervlove qe keshtu edhe ti luften tande e bane,e po perse ?\u2026","rel":"","context":"In &quot;Blogu i Udh\u00ebtarit&quot;","block_context":{"text":"Blogu i Udh\u00ebtarit","link":"https:\/\/www.shqiperia.com\/blog\/category\/blogu-i-udhetarit\/"},"img":{"alt_text":"","src":"https:\/\/i0.wp.com\/www.shqiperia.com\/blog\/wp-content\/uploads\/2018\/04\/Murat-Basha.jpg?fit=494%2C457&ssl=1&resize=350%2C200","width":350,"height":200},"classes":[]}],"_links":{"self":[{"href":"https:\/\/www.shqiperia.com\/blog\/wp-json\/wp\/v2\/posts\/11992","targetHints":{"allow":["GET"]}}],"collection":[{"href":"https:\/\/www.shqiperia.com\/blog\/wp-json\/wp\/v2\/posts"}],"about":[{"href":"https:\/\/www.shqiperia.com\/blog\/wp-json\/wp\/v2\/types\/post"}],"author":[{"embeddable":true,"href":"https:\/\/www.shqiperia.com\/blog\/wp-json\/wp\/v2\/users\/9"}],"replies":[{"embeddable":true,"href":"https:\/\/www.shqiperia.com\/blog\/wp-json\/wp\/v2\/comments?post=11992"}],"version-history":[{"count":1,"href":"https:\/\/www.shqiperia.com\/blog\/wp-json\/wp\/v2\/posts\/11992\/revisions"}],"predecessor-version":[{"id":11998,"href":"https:\/\/www.shqiperia.com\/blog\/wp-json\/wp\/v2\/posts\/11992\/revisions\/11998"}],"wp:featuredmedia":[{"embeddable":true,"href":"https:\/\/www.shqiperia.com\/blog\/wp-json\/wp\/v2\/media\/11993"}],"wp:attachment":[{"href":"https:\/\/www.shqiperia.com\/blog\/wp-json\/wp\/v2\/media?parent=11992"}],"wp:term":[{"taxonomy":"category","embeddable":true,"href":"https:\/\/www.shqiperia.com\/blog\/wp-json\/wp\/v2\/categories?post=11992"},{"taxonomy":"post_tag","embeddable":true,"href":"https:\/\/www.shqiperia.com\/blog\/wp-json\/wp\/v2\/tags?post=11992"}],"curies":[{"name":"wp","href":"https:\/\/api.w.org\/{rel}","templated":true}]}}