{"id":11987,"date":"2018-09-25T17:35:23","date_gmt":"2018-09-25T17:35:23","guid":{"rendered":"http:\/\/www.shqiperia.com\/blog\/?p=11987"},"modified":"2018-09-25T17:40:48","modified_gmt":"2018-09-25T17:40:48","slug":"mirdite-kulla-qindra-vjecare-e-shpallurmonument-kulture-drejt-degradimit","status":"publish","type":"post","link":"https:\/\/www.shqiperia.com\/blog\/mirdite-kulla-qindra-vjecare-e-shpallurmonument-kulture-drejt-degradimit\/","title":{"rendered":"Mirdite:-kulla qindra vje\u00e7are e shpallur monument kulture drejt degradimit.-"},"content":{"rendered":"<table>\n<tbody>\n<tr>\n<td><strong>\u00a0<\/strong><\/p>\n<p><img data-recalc-dims=\"1\" loading=\"lazy\" decoding=\"async\" data-attachment-id=\"11988\" data-permalink=\"https:\/\/www.shqiperia.com\/blog\/mirdite-kulla-qindra-vjecare-e-shpallurmonument-kulture-drejt-degradimit\/kulla-e-zf-ndoces-mirdite\/\" data-orig-file=\"https:\/\/i0.wp.com\/www.shqiperia.com\/blog\/wp-content\/uploads\/2018\/09\/Kulla-e-Zf-Ndoces-Mirdite.jpg?fit=452%2C227&amp;ssl=1\" data-orig-size=\"452,227\" data-comments-opened=\"1\" data-image-meta=\"{&quot;aperture&quot;:&quot;0&quot;,&quot;credit&quot;:&quot;&quot;,&quot;camera&quot;:&quot;&quot;,&quot;caption&quot;:&quot;&quot;,&quot;created_timestamp&quot;:&quot;0&quot;,&quot;copyright&quot;:&quot;&quot;,&quot;focal_length&quot;:&quot;0&quot;,&quot;iso&quot;:&quot;0&quot;,&quot;shutter_speed&quot;:&quot;0&quot;,&quot;title&quot;:&quot;&quot;,&quot;orientation&quot;:&quot;0&quot;}\" data-image-title=\"Kulla e Zf Ndoces Mirdite\" data-image-description=\"\" data-image-caption=\"\" data-medium-file=\"https:\/\/i0.wp.com\/www.shqiperia.com\/blog\/wp-content\/uploads\/2018\/09\/Kulla-e-Zf-Ndoces-Mirdite.jpg?fit=300%2C151&amp;ssl=1\" data-large-file=\"https:\/\/i0.wp.com\/www.shqiperia.com\/blog\/wp-content\/uploads\/2018\/09\/Kulla-e-Zf-Ndoces-Mirdite.jpg?fit=452%2C227&amp;ssl=1\" class=\"alignnone size-medium wp-image-11988\" alt=\"\" src=\"https:\/\/i0.wp.com\/www.shqiperia.com\/blog\/wp-content\/uploads\/2018\/09\/Kulla-e-Zf-Ndoces-Mirdite-300x151.jpg?resize=300%2C151\" width=\"300\" height=\"151\" srcset=\"https:\/\/i0.wp.com\/www.shqiperia.com\/blog\/wp-content\/uploads\/2018\/09\/Kulla-e-Zf-Ndoces-Mirdite.jpg?resize=300%2C151&amp;ssl=1 300w, https:\/\/i0.wp.com\/www.shqiperia.com\/blog\/wp-content\/uploads\/2018\/09\/Kulla-e-Zf-Ndoces-Mirdite.jpg?w=452&amp;ssl=1 452w\" sizes=\"auto, (max-width: 300px) 100vw, 300px\" \/><\/p>\n<p><strong>\u00a0<\/strong><\/p>\n<p>\u00cbsht\u00eb unike dhe e ve\u00e7ant\u00eb n\u00eb vendin ton\u00eb, duke mbartur nj\u00eb histori qindra vje\u00e7are, por mungesa e v\u00ebmendjes ka b\u00ebr\u00eb q\u00eb ajo t\u00eb degradoj\u00eb. B\u00ebhet fjal\u00eb p\u00ebr kull\u00ebn ku ka jetuar intelektuali dhe patrioti i madh i Mirdit\u00ebs Zef Ndoc Ndreca<br \/>\nBanesa e tij ndodhet n\u00eb Kod\u00ebr Spa\u00e7 dhe \u00ebsht\u00eb e shpallur monument kulture q\u00eb mbrohet nga shteti, por kjo nuk i ka shqet\u00ebsuar organet kompetente t\u00eb cil\u00ebt e kan\u00eb l\u00ebn\u00eb n\u00eb m\u00ebshir\u00eb t\u00eb fatit.<\/p>\n<p>Teksa tregon historikun e k\u00ebsaj banese nipi i Zef Ndoc Ndreces thot\u00eb se gjat\u00eb gjith\u00eb k\u00ebtyre viteve askush nga pushtetar\u00ebt nuk ka shkuar p\u00ebr ta par\u00eb k\u00ebt\u00eb monument kulture, duke e l\u00ebn\u00eb n\u00eb harres\u00eb t\u00eb plot\u00eb emrin e gjyshit t\u00eb tij.<\/p>\n<p>P\u00ebrgjegj\u00ebsi i Kultur\u00ebs Komb\u00ebtare n\u00eb Qarkun e Lezh\u00ebs Paulin Zefi ka b\u00ebr\u00eb t\u00eb ditur se nd\u00ebrhyrja p\u00ebr restaurimin e k\u00ebsaj kulle \u00ebsht\u00eb emergjente.<\/p>\n<p><img data-recalc-dims=\"1\" loading=\"lazy\" decoding=\"async\" data-attachment-id=\"11989\" data-permalink=\"https:\/\/www.shqiperia.com\/blog\/mirdite-kulla-qindra-vjecare-e-shpallurmonument-kulture-drejt-degradimit\/lezhe-kulla-473x378-copy\/\" data-orig-file=\"https:\/\/i0.wp.com\/www.shqiperia.com\/blog\/wp-content\/uploads\/2018\/09\/lezhe-kulla-473x378-Copy.jpg?fit=473%2C378&amp;ssl=1\" data-orig-size=\"473,378\" data-comments-opened=\"1\" data-image-meta=\"{&quot;aperture&quot;:&quot;0&quot;,&quot;credit&quot;:&quot;&quot;,&quot;camera&quot;:&quot;&quot;,&quot;caption&quot;:&quot;&quot;,&quot;created_timestamp&quot;:&quot;0&quot;,&quot;copyright&quot;:&quot;&quot;,&quot;focal_length&quot;:&quot;0&quot;,&quot;iso&quot;:&quot;0&quot;,&quot;shutter_speed&quot;:&quot;0&quot;,&quot;title&quot;:&quot;&quot;,&quot;orientation&quot;:&quot;0&quot;}\" data-image-title=\"lezhe-kulla-473&#215;378 &#8211; Copy\" data-image-description=\"\" data-image-caption=\"\" data-medium-file=\"https:\/\/i0.wp.com\/www.shqiperia.com\/blog\/wp-content\/uploads\/2018\/09\/lezhe-kulla-473x378-Copy.jpg?fit=300%2C240&amp;ssl=1\" data-large-file=\"https:\/\/i0.wp.com\/www.shqiperia.com\/blog\/wp-content\/uploads\/2018\/09\/lezhe-kulla-473x378-Copy.jpg?fit=473%2C378&amp;ssl=1\" class=\"alignnone wp-image-11989\" alt=\"\" src=\"https:\/\/i0.wp.com\/www.shqiperia.com\/blog\/wp-content\/uploads\/2018\/09\/lezhe-kulla-473x378-Copy-300x240.jpg?resize=694%2C555\" width=\"694\" height=\"555\" srcset=\"https:\/\/i0.wp.com\/www.shqiperia.com\/blog\/wp-content\/uploads\/2018\/09\/lezhe-kulla-473x378-Copy.jpg?resize=300%2C240&amp;ssl=1 300w, https:\/\/i0.wp.com\/www.shqiperia.com\/blog\/wp-content\/uploads\/2018\/09\/lezhe-kulla-473x378-Copy.jpg?w=473&amp;ssl=1 473w\" sizes=\"auto, (max-width: 694px) 100vw, 694px\" \/><\/p>\n<p>Fshati Kod\u00ebr Spa\u00e7 n\u00eb Mirdit\u00eb ku ndodhet ky monument kulture \u00ebsht\u00eb nj\u00eb vendbanim shum\u00eb i hersh\u00ebm, por mungesa e promovimit ka b\u00ebr\u00eb q\u00eb gjat\u00eb gjith\u00eb k\u00ebtyre viteve ti mbuloj\u00eb pluhuri i harres\u00ebs.<\/td>\n<\/tr>\n<\/tbody>\n<\/table>\n","protected":false},"excerpt":{"rendered":"<p>\u00a0 \u00a0 \u00cbsht\u00eb unike dhe e ve\u00e7ant\u00eb n\u00eb vendin ton\u00eb, duke mbartur nj\u00eb histori qindra vje\u00e7are, por mungesa e v\u00ebmendjes ka b\u00ebr\u00eb q\u00eb ajo t\u00eb degradoj\u00eb. B\u00ebhet fjal\u00eb p\u00ebr kull\u00ebn ku ka jetuar intelektuali dhe patrioti i madh i Mirdit\u00ebs Zef Ndoc Ndreca Banesa e tij ndodhet n\u00eb Kod\u00ebr Spa\u00e7 dhe \u00ebsht\u00eb e shpallur monument [&hellip;]<\/p>\n","protected":false},"author":9,"featured_media":11988,"comment_status":"open","ping_status":"open","sticky":false,"template":"","format":"standard","meta":{"jetpack_post_was_ever_published":false,"_jetpack_newsletter_access":"","_jetpack_dont_email_post_to_subs":false,"_jetpack_newsletter_tier_id":0,"_jetpack_memberships_contains_paywalled_content":false,"_jetpack_memberships_contains_paid_content":false,"footnotes":"","jetpack_publicize_message":"","jetpack_publicize_feature_enabled":true,"jetpack_social_post_already_shared":true,"jetpack_social_options":{"image_generator_settings":{"template":"highway","default_image_id":0,"font":"","enabled":false},"version":2}},"categories":[85,10,86],"tags":[],"class_list":["post-11987","post","type-post","status-publish","format-standard","has-post-thumbnail","hentry","category-histori","category-kultura","category-trashegimi-kulturore"],"jetpack_publicize_connections":[],"jetpack_featured_media_url":"https:\/\/i0.wp.com\/www.shqiperia.com\/blog\/wp-content\/uploads\/2018\/09\/Kulla-e-Zf-Ndoces-Mirdite.jpg?fit=452%2C227&ssl=1","jetpack_sharing_enabled":true,"jetpack_shortlink":"https:\/\/wp.me\/p5Z6wp-37l","jetpack-related-posts":[{"id":24037,"url":"https:\/\/www.shqiperia.com\/blog\/kulla-e-zef-ndoc-ndreces\/","url_meta":{"origin":11987,"position":0},"title":"Kulla e Zef Ndoc Ndreces.","author":"Kurt Farka","date":"July 31, 2019","format":false,"excerpt":"Kulla e Zef Ndoc Ndreces. Kulla e Zef Ndoc Ndreces, mbi 300 vjecare ne qender te Spacit, Mirdite. Kulles po i zgjatet jeta fale nje investimi cilesor qe po bejne djemte e kesaj familje te mirenjohur. Puna vazhdonte me ritmet e duhura. Per vlerat akitektonike duhej te ishte perfshire ne\u2026","rel":"","context":"In &quot;Histori&quot;","block_context":{"text":"Histori","link":"https:\/\/www.shqiperia.com\/blog\/category\/histori\/"},"img":{"alt_text":"","src":"https:\/\/i0.wp.com\/www.shqiperia.com\/blog\/wp-content\/uploads\/2019\/07\/Kulla-e-Zef-Ndoc-Ndreces.-3.jpg?fit=960%2C540&ssl=1&resize=350%2C200","width":350,"height":200,"srcset":"https:\/\/i0.wp.com\/www.shqiperia.com\/blog\/wp-content\/uploads\/2019\/07\/Kulla-e-Zef-Ndoc-Ndreces.-3.jpg?fit=960%2C540&ssl=1&resize=350%2C200 1x, https:\/\/i0.wp.com\/www.shqiperia.com\/blog\/wp-content\/uploads\/2019\/07\/Kulla-e-Zef-Ndoc-Ndreces.-3.jpg?fit=960%2C540&ssl=1&resize=525%2C300 1.5x, https:\/\/i0.wp.com\/www.shqiperia.com\/blog\/wp-content\/uploads\/2019\/07\/Kulla-e-Zef-Ndoc-Ndreces.-3.jpg?fit=960%2C540&ssl=1&resize=700%2C400 2x"},"classes":[]},{"id":31725,"url":"https:\/\/www.shqiperia.com\/blog\/kisha-400-vjecare-ne-kolonje-e-degraduar-per-monumentin-i-kategorise-se-pare-asnje-investim\/","url_meta":{"origin":11987,"position":1},"title":"Kisha 400-vje\u00e7are n\u00eb Kolonj\u00eb, e degraduar! P\u00ebr monumentin i kategoris\u00eb s\u00eb par\u00eb, asnj\u00eb investim","author":"Kurt Farka","date":"February 23, 2020","format":false,"excerpt":"Kisha 400-vje\u00e7are n\u00eb Kolonj\u00eb, e degraduar! P\u00ebr monumentin i kategoris\u00eb s\u00eb par\u00eb, asnj\u00eb investim Kisha 400 vje\u00e7are e Barmashit n\u00eb rrethin e Kolonj\u00ebs, e shpallur si monument kulture i kategoris\u00eb s\u00eb par\u00eb rrezikon q\u00eb t\u00eb zhduket. Objekti i nd\u00ebrtuar n\u00eb vitin 1610 me nj\u00eb stil t\u00eb ve\u00e7ant\u00eb arkitekturor, sot ka\u2026","rel":"","context":"In &quot;Histori&quot;","block_context":{"text":"Histori","link":"https:\/\/www.shqiperia.com\/blog\/category\/histori\/"},"img":{"alt_text":"","src":"https:\/\/i0.wp.com\/www.shqiperia.com\/blog\/wp-content\/uploads\/2020\/02\/12514009_949098958541703_6202740155112532534_o.jpg?fit=960%2C720&ssl=1&resize=350%2C200","width":350,"height":200,"srcset":"https:\/\/i0.wp.com\/www.shqiperia.com\/blog\/wp-content\/uploads\/2020\/02\/12514009_949098958541703_6202740155112532534_o.jpg?fit=960%2C720&ssl=1&resize=350%2C200 1x, https:\/\/i0.wp.com\/www.shqiperia.com\/blog\/wp-content\/uploads\/2020\/02\/12514009_949098958541703_6202740155112532534_o.jpg?fit=960%2C720&ssl=1&resize=525%2C300 1.5x, https:\/\/i0.wp.com\/www.shqiperia.com\/blog\/wp-content\/uploads\/2020\/02\/12514009_949098958541703_6202740155112532534_o.jpg?fit=960%2C720&ssl=1&resize=700%2C400 2x"},"classes":[]},{"id":13843,"url":"https:\/\/www.shqiperia.com\/blog\/zef-deda-ne-art-dhe-kulture-ka-rene-bomba-atomike-ministrat-flasin-por-dhe-nuk-bejne-asgje\/","url_meta":{"origin":11987,"position":2},"title":"Zef Deda: N\u00eb art dhe kultur\u00eb ka r\u00ebn\u00eb bomba atomike, ministrat flasin por dhe nuk b\u00ebjn\u00eb asgj\u00eb. &#8211;","author":"Kurt Farka","date":"November 18, 2018","format":false,"excerpt":"Zef Deda: N\u00eb art dhe kultur\u00eb ka r\u00ebn\u00eb bomba atomike, ministrat flasin por dhe nuk b\u00ebjn\u00eb asgj\u00eb. - Artist\u00ebt nuk kan\u00eb deri tani vler\u00ebsimin e duhur nga institucionet. Aktiviteti artistik i p\u00ebrball me jo pak probleme dhe shpeshher\u00eb ata punojn\u00eb dhe n\u00eb kushte q\u00eb l\u00ebn\u00eb p\u00ebr t\u00eb d\u00ebshiruar. P\u00ebr aktorin\u2026","rel":"","context":"In &quot;Blogu i Udh\u00ebtarit&quot;","block_context":{"text":"Blogu i Udh\u00ebtarit","link":"https:\/\/www.shqiperia.com\/blog\/category\/blogu-i-udhetarit\/"},"img":{"alt_text":"","src":"https:\/\/i0.wp.com\/www.shqiperia.com\/blog\/wp-content\/uploads\/2018\/11\/Zef-Deda-300x160.jpg?resize=350%2C200","width":350,"height":200},"classes":[]},{"id":78299,"url":"https:\/\/www.shqiperia.com\/blog\/shembet-banesa-monument-kulture-ne-lezhe-ministria-e-kultures-nuk-nderhyri\/","url_meta":{"origin":11987,"position":3},"title":"Shembet banesa monument kulture n\u00eb Lezh\u00eb, Ministria e Kultur\u00ebs nuk nd\u00ebrhyri","author":"Kurt Farka","date":"February 14, 2024","format":false,"excerpt":"14 Shkurt 2024 P\u00ebr shkak t\u00eb mosnd\u00ebrhyrjes nj\u00eb tjet\u00ebr objekt monument kulture u kthye n\u00eb g\u00ebrmadh\u00eb. Sht\u00ebpia e Zekajve n\u00eb lagjen \"Sheher\" t\u00eb qytetit t\u00eb Lezh\u00ebs ishte banes\u00eb dy kat\u00ebshe karakteristike qytetare q\u00eb dikur sh\u00ebrbente si muze dhe mbante statusin monument kulture i kategoris\u00eb s\u00eb par\u00eb. Por objekti q\u00eb nuk\u2026","rel":"","context":"In &quot;Blogu i Udh\u00ebtarit&quot;","block_context":{"text":"Blogu i Udh\u00ebtarit","link":"https:\/\/www.shqiperia.com\/blog\/category\/blogu-i-udhetarit\/"},"img":{"alt_text":"","src":"https:\/\/i0.wp.com\/www.shqiperia.com\/blog\/wp-content\/uploads\/2024\/02\/800-0-65cc5abbb6738.jpg?fit=800%2C453&ssl=1&resize=350%2C200","width":350,"height":200,"srcset":"https:\/\/i0.wp.com\/www.shqiperia.com\/blog\/wp-content\/uploads\/2024\/02\/800-0-65cc5abbb6738.jpg?fit=800%2C453&ssl=1&resize=350%2C200 1x, https:\/\/i0.wp.com\/www.shqiperia.com\/blog\/wp-content\/uploads\/2024\/02\/800-0-65cc5abbb6738.jpg?fit=800%2C453&ssl=1&resize=525%2C300 1.5x, https:\/\/i0.wp.com\/www.shqiperia.com\/blog\/wp-content\/uploads\/2024\/02\/800-0-65cc5abbb6738.jpg?fit=800%2C453&ssl=1&resize=700%2C400 2x"},"classes":[]},{"id":50421,"url":"https:\/\/www.shqiperia.com\/blog\/rrenohet-kisha-700-vjecare-ne-blinisht-dom-nik-ukgjini-thirrje-ministrise-dhe-dioqezes-se-lezhes-shpetoni-monumentin-e-kultures\/","url_meta":{"origin":11987,"position":4},"title":"Rr\u00ebnohet kisha 700-vje\u00e7are n\u00eb Blinisht, Dom Nik Ukgjini thirrje Ministris\u00eb dhe Dioqez\u00ebs s\u00eb Lezh\u00ebs: Shp\u00ebtoni monumentin e kultur\u00ebs.","author":"Kurt Farka","date":"October 11, 2021","format":false,"excerpt":"Rr\u00ebnohet kisha 700-vje\u00e7are n\u00eb Blinisht, Dom Nik Ukgjini thirrje Ministris\u00eb dhe Dioqez\u00ebs s\u00eb Lezh\u00ebs: Shp\u00ebtoni monumentin e kultur\u00ebs. 9 Tetor 2021 Nga: Elvis Hila Pak gj\u00eb, ka mbetur nga lavdia e dikurshme e kish\u00ebs s\u00eb Sh\u00ebn Shtjefnit n\u00eb Blinisht t\u00eb Lezh\u00ebs. Objekti i kultit i cili g\u00ebzon dhe statusin monument\u2026","rel":"","context":"In &quot;Histori&quot;","block_context":{"text":"Histori","link":"https:\/\/www.shqiperia.com\/blog\/category\/histori\/"},"img":{"alt_text":"","src":"https:\/\/i0.wp.com\/www.shqiperia.com\/blog\/wp-content\/uploads\/2021\/10\/1633789012_1633788698KISHA.jpg?fit=780%2C440&ssl=1&resize=350%2C200","width":350,"height":200,"srcset":"https:\/\/i0.wp.com\/www.shqiperia.com\/blog\/wp-content\/uploads\/2021\/10\/1633789012_1633788698KISHA.jpg?fit=780%2C440&ssl=1&resize=350%2C200 1x, https:\/\/i0.wp.com\/www.shqiperia.com\/blog\/wp-content\/uploads\/2021\/10\/1633789012_1633788698KISHA.jpg?fit=780%2C440&ssl=1&resize=525%2C300 1.5x, https:\/\/i0.wp.com\/www.shqiperia.com\/blog\/wp-content\/uploads\/2021\/10\/1633789012_1633788698KISHA.jpg?fit=780%2C440&ssl=1&resize=700%2C400 2x"},"classes":[]},{"id":52806,"url":"https:\/\/www.shqiperia.com\/blog\/agim-janina-per-studiot-e-artisteve-te-njohur-ka-nje-mosperfillje-nga-shteti-te-marrin-statusin-monument-kulture\/","url_meta":{"origin":11987,"position":5},"title":"Agim Janina: &#8211; P\u00ebr studiot e artist\u00ebve t\u00eb njohur ka nj\u00eb mosp\u00ebrfillje nga shteti, t\u00eb marrin statusin monument kulture","author":"Kurt Farka","date":"December 30, 2021","format":false,"excerpt":"Agim Janina: - P\u00ebr studiot e artist\u00ebve t\u00eb njohur ka nj\u00eb mosp\u00ebrfillje nga shteti, t\u00eb marrin statusin monument kulture NGA JULIA VRAPI 29 DHJETOR 2021 \u201c\u2026 K\u00ebshtu u tjet\u00ebrsua n\u00eb kish\u00eb studio model e Odhise Paskalit, nj\u00eb krenari komb\u00ebtare.\u00a0 \u2026\u201d Agim Janina: P\u00ebr studiot e artist\u00ebve t\u00eb njohur ka nj\u00eb\u2026","rel":"","context":"In &quot;Arte&quot;","block_context":{"text":"Arte","link":"https:\/\/www.shqiperia.com\/blog\/category\/arte\/"},"img":{"alt_text":"","src":"https:\/\/i0.wp.com\/www.shqiperia.com\/blog\/wp-content\/uploads\/2021\/12\/Agim-Janina.jpg?fit=800%2C535&ssl=1&resize=350%2C200","width":350,"height":200,"srcset":"https:\/\/i0.wp.com\/www.shqiperia.com\/blog\/wp-content\/uploads\/2021\/12\/Agim-Janina.jpg?fit=800%2C535&ssl=1&resize=350%2C200 1x, https:\/\/i0.wp.com\/www.shqiperia.com\/blog\/wp-content\/uploads\/2021\/12\/Agim-Janina.jpg?fit=800%2C535&ssl=1&resize=525%2C300 1.5x, https:\/\/i0.wp.com\/www.shqiperia.com\/blog\/wp-content\/uploads\/2021\/12\/Agim-Janina.jpg?fit=800%2C535&ssl=1&resize=700%2C400 2x"},"classes":[]}],"_links":{"self":[{"href":"https:\/\/www.shqiperia.com\/blog\/wp-json\/wp\/v2\/posts\/11987","targetHints":{"allow":["GET"]}}],"collection":[{"href":"https:\/\/www.shqiperia.com\/blog\/wp-json\/wp\/v2\/posts"}],"about":[{"href":"https:\/\/www.shqiperia.com\/blog\/wp-json\/wp\/v2\/types\/post"}],"author":[{"embeddable":true,"href":"https:\/\/www.shqiperia.com\/blog\/wp-json\/wp\/v2\/users\/9"}],"replies":[{"embeddable":true,"href":"https:\/\/www.shqiperia.com\/blog\/wp-json\/wp\/v2\/comments?post=11987"}],"version-history":[{"count":2,"href":"https:\/\/www.shqiperia.com\/blog\/wp-json\/wp\/v2\/posts\/11987\/revisions"}],"predecessor-version":[{"id":11991,"href":"https:\/\/www.shqiperia.com\/blog\/wp-json\/wp\/v2\/posts\/11987\/revisions\/11991"}],"wp:featuredmedia":[{"embeddable":true,"href":"https:\/\/www.shqiperia.com\/blog\/wp-json\/wp\/v2\/media\/11988"}],"wp:attachment":[{"href":"https:\/\/www.shqiperia.com\/blog\/wp-json\/wp\/v2\/media?parent=11987"}],"wp:term":[{"taxonomy":"category","embeddable":true,"href":"https:\/\/www.shqiperia.com\/blog\/wp-json\/wp\/v2\/categories?post=11987"},{"taxonomy":"post_tag","embeddable":true,"href":"https:\/\/www.shqiperia.com\/blog\/wp-json\/wp\/v2\/tags?post=11987"}],"curies":[{"name":"wp","href":"https:\/\/api.w.org\/{rel}","templated":true}]}}