{"id":11983,"date":"2018-09-25T17:17:03","date_gmt":"2018-09-25T17:17:03","guid":{"rendered":"http:\/\/www.shqiperia.com\/blog\/?p=11983"},"modified":"2018-09-25T17:17:03","modified_gmt":"2018-09-25T17:17:03","slug":"3-7-mln-euro-per-1-km-rruge-kardhiq-delvine","status":"publish","type":"post","link":"https:\/\/www.shqiperia.com\/blog\/3-7-mln-euro-per-1-km-rruge-kardhiq-delvine\/","title":{"rendered":"3.7 mln euro p\u00ebr 1 km rrug\u00eb\/ Kardhiq-Delvin\u00eb &#8211;"},"content":{"rendered":"<p><strong><img data-recalc-dims=\"1\" loading=\"lazy\" decoding=\"async\" data-attachment-id=\"11985\" data-permalink=\"https:\/\/www.shqiperia.com\/blog\/3-7-mln-euro-per-1-km-rruge-kardhiq-delvine\/15036451-1139285072833513-3590268501774040647-n_1478787262-5802029-copy-4\/\" data-orig-file=\"https:\/\/i0.wp.com\/www.shqiperia.com\/blog\/wp-content\/uploads\/2018\/09\/15036451-1139285072833513-3590268501774040647-n_1478787262-5802029-Copy-2.jpg?fit=489%2C296&amp;ssl=1\" data-orig-size=\"489,296\" data-comments-opened=\"1\" data-image-meta=\"{&quot;aperture&quot;:&quot;0&quot;,&quot;credit&quot;:&quot;&quot;,&quot;camera&quot;:&quot;&quot;,&quot;caption&quot;:&quot;&quot;,&quot;created_timestamp&quot;:&quot;0&quot;,&quot;copyright&quot;:&quot;&quot;,&quot;focal_length&quot;:&quot;0&quot;,&quot;iso&quot;:&quot;0&quot;,&quot;shutter_speed&quot;:&quot;0&quot;,&quot;title&quot;:&quot;&quot;,&quot;orientation&quot;:&quot;0&quot;}\" data-image-title=\"15036451-1139285072833513-3590268501774040647-n_1478787262-5802029 &#8211; Copy\" data-image-description=\"\" data-image-caption=\"\" data-medium-file=\"https:\/\/i0.wp.com\/www.shqiperia.com\/blog\/wp-content\/uploads\/2018\/09\/15036451-1139285072833513-3590268501774040647-n_1478787262-5802029-Copy-2.jpg?fit=300%2C182&amp;ssl=1\" data-large-file=\"https:\/\/i0.wp.com\/www.shqiperia.com\/blog\/wp-content\/uploads\/2018\/09\/15036451-1139285072833513-3590268501774040647-n_1478787262-5802029-Copy-2.jpg?fit=489%2C296&amp;ssl=1\" class=\"alignnone  wp-image-11985\" alt=\"\" src=\"https:\/\/i0.wp.com\/www.shqiperia.com\/blog\/wp-content\/uploads\/2018\/09\/15036451-1139285072833513-3590268501774040647-n_1478787262-5802029-Copy-2-300x182.jpg?resize=387%2C235\" width=\"387\" height=\"235\" srcset=\"https:\/\/i0.wp.com\/www.shqiperia.com\/blog\/wp-content\/uploads\/2018\/09\/15036451-1139285072833513-3590268501774040647-n_1478787262-5802029-Copy-2.jpg?resize=300%2C182&amp;ssl=1 300w, https:\/\/i0.wp.com\/www.shqiperia.com\/blog\/wp-content\/uploads\/2018\/09\/15036451-1139285072833513-3590268501774040647-n_1478787262-5802029-Copy-2.jpg?w=489&amp;ssl=1 489w\" sizes=\"auto, (max-width: 387px) 100vw, 387px\" \/><\/strong><\/p>\n<p><strong>Nga Gjergj Erebara\/ BIRN<\/strong><\/p>\n<p>T\u00eb tre tender\u00ebt e marra s\u00ebbashku do t\u00eb kushtojn\u00eb rreth 51 milion\u00eb euro sipas rezultateve t\u00eb tender\u00ebve. Kjo do t\u00eb thot\u00eb se \u00e7do kilomet\u00ebr rrug\u00eb do t\u00eb kushtoj\u00eb afro 3.7 milion\u00eb euro dhe \u00e7do met\u00ebr linear do t\u00eb kushtoj\u00eb 3700 euro. P\u00ebr \u00e7do met\u00ebr katror rrug\u00eb, kostoja e pritshme \u00ebsht\u00eb rreth 393 euro.<\/p>\n<p>P\u00ebrve\u00e7 loteve 4,5 dhe 6, rruga Kardhiq Delvin\u00eb ka edhe dy lote t\u00eb tjera t\u00eb cilat p\u00ebrfshijn\u00eb nj\u00eb tunel afro 900 metra t\u00eb gjat\u00eb. K\u00ebto dy lotet e fundit nuk jan\u00eb planifikuar t\u00eb financohen k\u00ebt\u00eb vit, por pritet q\u00eb tenderi p\u00ebr to t\u00eb hapet n\u00eb vitin 2019. Tuneli pritet t\u00eb kushtoj\u00eb 2.8 miliard\u00eb lek\u00eb ose 22.2 milion\u00eb euro dhe do t\u00eb ket\u00eb kosto p\u00ebr met\u00ebr linear prej 26,700 eurosh.<\/p>\n<p>Aktualisht nuk \u00ebsht\u00eb publikuar ndonj\u00eb studim fizibiliteti p\u00ebr leverdisshm\u00ebrin\u00eb e k\u00ebtij segmenti rrugor. N\u00ebse do t\u00eb realizohet deri n\u00eb fund, rreth vitit 2022 nga Tirana p\u00ebr n\u00eb Sarand\u00eb do t\u00eb mund t\u00eb udh\u00ebtohet duke u kthyer n\u00eb drejtim t\u00eb fshatit Kardhiq, 9 kilometra para se t\u00eb mb\u00ebrrihet n\u00eb Gjirokast\u00ebr. Nga kjo pik\u00eb, Saranda \u00ebsht\u00eb 46 kilometra larg. Alternativa tjet\u00ebr nga rruga ekzistuese p\u00ebrmes Qaf\u00ebs s\u00eb Muzin\u00ebs \u00ebsht\u00eb rreth 65 kilometra, me nj\u00eb shkurtim prej rreth 20 kilometrash.<\/p>\n<p>\u00a9 SYRI.net<\/p>\n","protected":false},"excerpt":{"rendered":"<p>Nga Gjergj Erebara\/ BIRN T\u00eb tre tender\u00ebt e marra s\u00ebbashku do t\u00eb kushtojn\u00eb rreth 51 milion\u00eb euro sipas rezultateve t\u00eb tender\u00ebve. Kjo do t\u00eb thot\u00eb se \u00e7do kilomet\u00ebr rrug\u00eb do t\u00eb kushtoj\u00eb afro 3.7 milion\u00eb euro dhe \u00e7do met\u00ebr linear do t\u00eb kushtoj\u00eb 3700 euro. P\u00ebr \u00e7do met\u00ebr katror rrug\u00eb, kostoja e pritshme \u00ebsht\u00eb rreth [&hellip;]<\/p>\n","protected":false},"author":9,"featured_media":11984,"comment_status":"open","ping_status":"open","sticky":false,"template":"","format":"standard","meta":{"jetpack_post_was_ever_published":false,"_jetpack_newsletter_access":"","_jetpack_dont_email_post_to_subs":false,"_jetpack_newsletter_tier_id":0,"_jetpack_memberships_contains_paywalled_content":false,"_jetpack_memberships_contains_paid_content":false,"footnotes":"","jetpack_publicize_message":"","jetpack_publicize_feature_enabled":true,"jetpack_social_post_already_shared":true,"jetpack_social_options":{"image_generator_settings":{"template":"highway","default_image_id":0,"font":"","enabled":false},"version":2}},"categories":[27,2,35],"tags":[],"class_list":["post-11983","post","type-post","status-publish","format-standard","has-post-thumbnail","hentry","category-blogu-i-udhetarit","category-politika","category-shoqerore"],"jetpack_publicize_connections":[],"jetpack_featured_media_url":"https:\/\/i0.wp.com\/www.shqiperia.com\/blog\/wp-content\/uploads\/2018\/09\/15036451-1139285072833513-3590268501774040647-n_1478787262-5802029-Copy-1.jpg?fit=489%2C312&ssl=1","jetpack_sharing_enabled":true,"jetpack_shortlink":"https:\/\/wp.me\/p5Z6wp-37h","jetpack-related-posts":[{"id":59408,"url":"https:\/\/www.shqiperia.com\/blog\/si-u-fry-fatura-nga-50-milione-ne-108-milione-euro-per-33-km-skema-e-dyshimte-me-9-tendera-fluturojne-kostot-e-rruges-kardhiq-delvine\/","url_meta":{"origin":11983,"position":0},"title":"Si u fry fatura nga 50 milion\u00eb n\u00eb 108 milion\u00eb euro p\u00ebr 33 km. Skema e dyshimt\u00eb me 9 tendera. &#8211; Fluturojn\u00eb kostot e rrug\u00ebs Kardhiq-Delvin\u00eb.","author":"Kurt Farka","date":"June 26, 2022","format":false,"excerpt":"Kostot e rrug\u00ebs Kardhiq-Delvin\u00eb kan\u00eb kapur shifra te frikshme. 33 kilometrat e k\u00ebtij aksi interurban t\u00eb kategoris\u00eb C2, kan\u00eb kushtuar gati 13 miliard\u00eb lek\u00eb afro 108 milion euro, nd\u00ebrkoh\u00eb q\u00eb n\u00eb fillim i gjith\u00eb projekti ishte parashikuar me nj\u00eb kosto totale mes 50-60 milion\u00eb euro. Nd\u00ebrtimi ka filluar q\u00eb n\u00eb\u2026","rel":"","context":"In &quot;Blogu i Udh\u00ebtarit&quot;","block_context":{"text":"Blogu i Udh\u00ebtarit","link":"https:\/\/www.shqiperia.com\/blog\/category\/blogu-i-udhetarit\/"},"img":{"alt_text":"","src":"https:\/\/i0.wp.com\/www.shqiperia.com\/blog\/wp-content\/uploads\/2022\/06\/Rama-Balluku-Skarfice-770x399-1.png?fit=770%2C399&ssl=1&resize=350%2C200","width":350,"height":200,"srcset":"https:\/\/i0.wp.com\/www.shqiperia.com\/blog\/wp-content\/uploads\/2022\/06\/Rama-Balluku-Skarfice-770x399-1.png?fit=770%2C399&ssl=1&resize=350%2C200 1x, https:\/\/i0.wp.com\/www.shqiperia.com\/blog\/wp-content\/uploads\/2022\/06\/Rama-Balluku-Skarfice-770x399-1.png?fit=770%2C399&ssl=1&resize=525%2C300 1.5x, https:\/\/i0.wp.com\/www.shqiperia.com\/blog\/wp-content\/uploads\/2022\/06\/Rama-Balluku-Skarfice-770x399-1.png?fit=770%2C399&ssl=1&resize=700%2C400 2x"},"classes":[]},{"id":10351,"url":"https:\/\/www.shqiperia.com\/blog\/plani-1-miliard-dhe-rruga-qe-do-kushtoje-228-5-mln-euro-20-7-km\/","url_meta":{"origin":11983,"position":1},"title":"Plani 1 miliard dhe\u2026 rruga q\u00eb do kushtoj\u00eb 228.5 mln euro 20.7 km. &#8211;","author":"Kurt Farka","date":"July 28, 2018","format":false,"excerpt":"Plani 1 miliard dhe\u2026 rruga q\u00eb do kushtoj\u00eb 228.5 mln euro 20.7 km. - Qeveria thot\u00eb se ka n\u00eb plan t\u00eb akordoj\u00eb 1 miliard\u00eb euro kontrata koncesionare 13 vje\u00e7are.\u00a0T\u00eb kat\u00ebr projektet e dh\u00ebna deri tani, Rruga e Arbrit, rruga Thuman\u00eb- Kashar, rruga Milot-Balldren dhe rruga Orikum \u2013 Dukat, pritet t\u00eb\u2026","rel":"","context":"In &quot;Blogu i Udh\u00ebtarit&quot;","block_context":{"text":"Blogu i Udh\u00ebtarit","link":"https:\/\/www.shqiperia.com\/blog\/category\/blogu-i-udhetarit\/"},"img":{"alt_text":"","src":"https:\/\/i0.wp.com\/www.shqiperia.com\/blog\/wp-content\/uploads\/2018\/07\/gropat-800x450-Copy.jpg?fit=678%2C450&ssl=1&resize=350%2C200","width":350,"height":200,"srcset":"https:\/\/i0.wp.com\/www.shqiperia.com\/blog\/wp-content\/uploads\/2018\/07\/gropat-800x450-Copy.jpg?fit=678%2C450&ssl=1&resize=350%2C200 1x, https:\/\/i0.wp.com\/www.shqiperia.com\/blog\/wp-content\/uploads\/2018\/07\/gropat-800x450-Copy.jpg?fit=678%2C450&ssl=1&resize=525%2C300 1.5x"},"classes":[]},{"id":54133,"url":"https:\/\/www.shqiperia.com\/blog\/instat-nga-2014-2020-ne-shqiperi-jane-investuar-1-2-miliarde-euro-per-rruge-por-numri-i-kilometrave-eshte-ulur\/","url_meta":{"origin":11983,"position":2},"title":"INSTAT: &#8211; Nga 2014-2020, n\u00eb Shqip\u00ebri jan\u00eb investuar 1.2 miliard\u00eb euro p\u00ebr rrug\u00eb, por numri i kilometrave \u00ebsht\u00eb ulur","author":"Kurt Farka","date":"February 17, 2022","format":false,"excerpt":"INSTAT: - Nga 2014-2020, n\u00eb Shqip\u00ebri jan\u00eb investuar 1.2 miliard\u00eb euro p\u00ebr rrug\u00eb, por numri i kilometrave \u00ebsht\u00eb ulur 10 shkurt 2022 INSTAT: Nga 2014-2020, n\u00eb Shqip\u00ebri jan\u00eb investuar 1.2 miliard\u00eb euro p\u00ebr rrug\u00eb, por numri i kilometrave \u00ebsht\u00eb ulur Qeveria ka investuar nga fondet e brendshme 152,7 miliard\u00eb lek\u00eb\u2026","rel":"","context":"In &quot;Blogu i Udh\u00ebtarit&quot;","block_context":{"text":"Blogu i Udh\u00ebtarit","link":"https:\/\/www.shqiperia.com\/blog\/category\/blogu-i-udhetarit\/"},"img":{"alt_text":"","src":"https:\/\/i0.wp.com\/www.shqiperia.com\/blog\/wp-content\/uploads\/2022\/02\/rruget-totoali-kilometrave-2014-2020-640x321-1.png?fit=640%2C321&ssl=1&resize=350%2C200","width":350,"height":200,"srcset":"https:\/\/i0.wp.com\/www.shqiperia.com\/blog\/wp-content\/uploads\/2022\/02\/rruget-totoali-kilometrave-2014-2020-640x321-1.png?fit=640%2C321&ssl=1&resize=350%2C200 1x, https:\/\/i0.wp.com\/www.shqiperia.com\/blog\/wp-content\/uploads\/2022\/02\/rruget-totoali-kilometrave-2014-2020-640x321-1.png?fit=640%2C321&ssl=1&resize=525%2C300 1.5x"},"classes":[]},{"id":59487,"url":"https:\/\/www.shqiperia.com\/blog\/skandali-me-rrugen-kardhiq-delvine-tenderat-i-marrin-gjoka-dhe-albstar-oligarket-e-preferuar\/","url_meta":{"origin":11983,"position":3},"title":"Skandali me rrug\u00ebn Kardhiq-Delvin\u00eb\/ \u201cTenderat i marrin \u2018Gjoka\u2019 dhe \u2018AlbStar\u2019, oligark\u00ebt e preferuar\u201d","author":"Kurt Farka","date":"June 28, 2022","format":false,"excerpt":"\u00a0- 28.06.22 Partia Demokratike ka publikuar sot disa nga shifrat q\u00eb jan\u00eb dh\u00ebn\u00eb p\u00ebr nd\u00ebrtimin e rrug\u00ebs Kardhiq-Delvin\u00eb. An\u00ebtari i Kryesis\u00eb s\u00eb PD-s\u00eb Enno Bozdo publikoi edhe emrat e kompanive \u2018Gjoka\u2019 dhe \u2018AlbStar\u2019 q\u00eb sipas selis\u00eb blu jan\u00eb oligark\u00ebt e preferuar t\u00eb kryeministrit Rama. \u201cN\u00eb serialin \u201cNuk keni par\u00eb gj\u00eb\u2026","rel":"","context":"In &quot;Blogu i Udh\u00ebtarit&quot;","block_context":{"text":"Blogu i Udh\u00ebtarit","link":"https:\/\/www.shqiperia.com\/blog\/category\/blogu-i-udhetarit\/"},"img":{"alt_text":"","src":"https:\/\/i0.wp.com\/www.shqiperia.com\/blog\/wp-content\/uploads\/2022\/06\/Skandali-me-rrugen-Kardhiq-Delvine.jpg?fit=770%2C433&ssl=1&resize=350%2C200","width":350,"height":200,"srcset":"https:\/\/i0.wp.com\/www.shqiperia.com\/blog\/wp-content\/uploads\/2022\/06\/Skandali-me-rrugen-Kardhiq-Delvine.jpg?fit=770%2C433&ssl=1&resize=350%2C200 1x, https:\/\/i0.wp.com\/www.shqiperia.com\/blog\/wp-content\/uploads\/2022\/06\/Skandali-me-rrugen-Kardhiq-Delvine.jpg?fit=770%2C433&ssl=1&resize=525%2C300 1.5x, https:\/\/i0.wp.com\/www.shqiperia.com\/blog\/wp-content\/uploads\/2022\/06\/Skandali-me-rrugen-Kardhiq-Delvine.jpg?fit=770%2C433&ssl=1&resize=700%2C400 2x"},"classes":[]},{"id":37554,"url":"https:\/\/www.shqiperia.com\/blog\/berisha-sfidon-hapur-kryeministrin-rama\/","url_meta":{"origin":11983,"position":4},"title":"Berisha \u2018sfidon\u2019 hapur kryeministrin Rama","author":"Kurt Farka","date":"August 23, 2020","format":false,"excerpt":"Berisha \u2018sfidon\u2019 hapur kryeministrin Rama 10 GUSHT 2020 Ish-kryeministri Sali Berisha thot\u00eb se aksi Kardhiq-Delvin\u00eb duhet t\u00eb kishte p\u00ebrfunduar n\u00eb vitin 2014, pasi punimet dhe loti i par\u00eb p\u00ebrfundoi gjat\u00eb qeverisjes s\u00eb tij. Berisha thot\u00eb se lotin e par\u00eb t\u00eb k\u00ebtij aksi e ka b\u00ebr\u00eb p\u00ebr 7 muaj dhe me\u2026","rel":"","context":"In &quot;Blogu i Udh\u00ebtarit&quot;","block_context":{"text":"Blogu i Udh\u00ebtarit","link":"https:\/\/www.shqiperia.com\/blog\/category\/blogu-i-udhetarit\/"},"img":{"alt_text":"","src":"https:\/\/i0.wp.com\/www.shqiperia.com\/blog\/wp-content\/uploads\/2020\/08\/640-0-5f31b58350026.jpg?fit=640%2C337&ssl=1&resize=350%2C200","width":350,"height":200,"srcset":"https:\/\/i0.wp.com\/www.shqiperia.com\/blog\/wp-content\/uploads\/2020\/08\/640-0-5f31b58350026.jpg?fit=640%2C337&ssl=1&resize=350%2C200 1x, https:\/\/i0.wp.com\/www.shqiperia.com\/blog\/wp-content\/uploads\/2020\/08\/640-0-5f31b58350026.jpg?fit=640%2C337&ssl=1&resize=525%2C300 1.5x"},"classes":[]},{"id":67556,"url":"https:\/\/www.shqiperia.com\/blog\/rruget-e-florinjta-greqia-45-milione-euro-per-km-per-autostraden-janine-kakavije-shqiperia-me-dyfishin-per-aksin-lekaj-fier\/","url_meta":{"origin":11983,"position":5},"title":"Rrug\u00ebt e florinjta\/ Greqia 4,5 milion\u00eb euro p\u00ebr km p\u00ebr autostrad\u00ebn Janin\u00eb-Kakavij\u00eb, Shqip\u00ebria me dyfishin p\u00ebr aksin Lekaj-Fier","author":"Kurt Farka","date":"February 8, 2023","format":false,"excerpt":"8 Shkurt 2023 Janin\u00eb-Kakavij\u00eb \u00ebsht\u00eb autostrada e re q\u00eb do t\u00eb lidh\u00eb Greqin\u00eb me Shqip\u00ebrin\u00eb. Tenderi \u00ebsht\u00eb shpallur n\u00eb 2 shkurt n\u00eb Greqi dhe sipas projektit, autostrada 70 kilometra e gjat\u00eb do t\u00eb shtrihet n\u00eb nj\u00eb terren fushor dhe do t\u00eb kushtoj\u00eb 310 milion\u00eb euro. Sipas nj\u00eb p\u00ebrllogaritjeje t\u00eb thjesht\u00eb,\u2026","rel":"","context":"In &quot;Blogu i Udh\u00ebtarit&quot;","block_context":{"text":"Blogu i Udh\u00ebtarit","link":"https:\/\/www.shqiperia.com\/blog\/category\/blogu-i-udhetarit\/"},"img":{"alt_text":"","src":"https:\/\/i0.wp.com\/www.shqiperia.com\/blog\/wp-content\/uploads\/2023\/02\/1200-630-e67e92703e6eb9b5997ddad6d87143d0.png?fit=1200%2C630&ssl=1&resize=350%2C200","width":350,"height":200,"srcset":"https:\/\/i0.wp.com\/www.shqiperia.com\/blog\/wp-content\/uploads\/2023\/02\/1200-630-e67e92703e6eb9b5997ddad6d87143d0.png?fit=1200%2C630&ssl=1&resize=350%2C200 1x, https:\/\/i0.wp.com\/www.shqiperia.com\/blog\/wp-content\/uploads\/2023\/02\/1200-630-e67e92703e6eb9b5997ddad6d87143d0.png?fit=1200%2C630&ssl=1&resize=525%2C300 1.5x, https:\/\/i0.wp.com\/www.shqiperia.com\/blog\/wp-content\/uploads\/2023\/02\/1200-630-e67e92703e6eb9b5997ddad6d87143d0.png?fit=1200%2C630&ssl=1&resize=700%2C400 2x, https:\/\/i0.wp.com\/www.shqiperia.com\/blog\/wp-content\/uploads\/2023\/02\/1200-630-e67e92703e6eb9b5997ddad6d87143d0.png?fit=1200%2C630&ssl=1&resize=1050%2C600 3x"},"classes":[]}],"_links":{"self":[{"href":"https:\/\/www.shqiperia.com\/blog\/wp-json\/wp\/v2\/posts\/11983","targetHints":{"allow":["GET"]}}],"collection":[{"href":"https:\/\/www.shqiperia.com\/blog\/wp-json\/wp\/v2\/posts"}],"about":[{"href":"https:\/\/www.shqiperia.com\/blog\/wp-json\/wp\/v2\/types\/post"}],"author":[{"embeddable":true,"href":"https:\/\/www.shqiperia.com\/blog\/wp-json\/wp\/v2\/users\/9"}],"replies":[{"embeddable":true,"href":"https:\/\/www.shqiperia.com\/blog\/wp-json\/wp\/v2\/comments?post=11983"}],"version-history":[{"count":1,"href":"https:\/\/www.shqiperia.com\/blog\/wp-json\/wp\/v2\/posts\/11983\/revisions"}],"predecessor-version":[{"id":11986,"href":"https:\/\/www.shqiperia.com\/blog\/wp-json\/wp\/v2\/posts\/11983\/revisions\/11986"}],"wp:featuredmedia":[{"embeddable":true,"href":"https:\/\/www.shqiperia.com\/blog\/wp-json\/wp\/v2\/media\/11984"}],"wp:attachment":[{"href":"https:\/\/www.shqiperia.com\/blog\/wp-json\/wp\/v2\/media?parent=11983"}],"wp:term":[{"taxonomy":"category","embeddable":true,"href":"https:\/\/www.shqiperia.com\/blog\/wp-json\/wp\/v2\/categories?post=11983"},{"taxonomy":"post_tag","embeddable":true,"href":"https:\/\/www.shqiperia.com\/blog\/wp-json\/wp\/v2\/tags?post=11983"}],"curies":[{"name":"wp","href":"https:\/\/api.w.org\/{rel}","templated":true}]}}