{"id":11477,"date":"2018-09-13T10:51:30","date_gmt":"2018-09-13T10:51:30","guid":{"rendered":"http:\/\/www.shqiperia.com\/blog\/?p=11477"},"modified":"2018-09-13T10:51:30","modified_gmt":"2018-09-13T10:51:30","slug":"parlamenti-europian-voton-pro-heqjes-se-vizave-per-kosoven","status":"publish","type":"post","link":"https:\/\/www.shqiperia.com\/blog\/parlamenti-europian-voton-pro-heqjes-se-vizave-per-kosoven\/","title":{"rendered":"Parlamenti Europian voton pro heqjes s\u00eb vizave p\u00ebr Kosov\u00ebn. &#8211;"},"content":{"rendered":"<p><img data-recalc-dims=\"1\" loading=\"lazy\" decoding=\"async\" data-attachment-id=\"11478\" data-permalink=\"https:\/\/www.shqiperia.com\/blog\/parlamenti-europian-voton-pro-heqjes-se-vizave-per-kosoven\/pa_1453281986-714335-copy\/\" data-orig-file=\"https:\/\/i0.wp.com\/www.shqiperia.com\/blog\/wp-content\/uploads\/2018\/09\/pa_1453281986-714335-Copy.jpg?fit=300%2C183&amp;ssl=1\" data-orig-size=\"300,183\" data-comments-opened=\"1\" data-image-meta=\"{&quot;aperture&quot;:&quot;0&quot;,&quot;credit&quot;:&quot;&quot;,&quot;camera&quot;:&quot;&quot;,&quot;caption&quot;:&quot;?????????????????????????????????????????????????????????&quot;,&quot;created_timestamp&quot;:&quot;0&quot;,&quot;copyright&quot;:&quot;&quot;,&quot;focal_length&quot;:&quot;0&quot;,&quot;iso&quot;:&quot;0&quot;,&quot;shutter_speed&quot;:&quot;0&quot;,&quot;title&quot;:&quot;&quot;,&quot;orientation&quot;:&quot;0&quot;}\" data-image-title=\"pa_1453281986-714335 &#8211; Copy\" data-image-description=\"\" data-image-caption=\"&lt;p&gt;?????????????????????????????????????????????????????????&lt;\/p&gt;\n\" data-medium-file=\"https:\/\/i0.wp.com\/www.shqiperia.com\/blog\/wp-content\/uploads\/2018\/09\/pa_1453281986-714335-Copy.jpg?fit=300%2C183&amp;ssl=1\" data-large-file=\"https:\/\/i0.wp.com\/www.shqiperia.com\/blog\/wp-content\/uploads\/2018\/09\/pa_1453281986-714335-Copy.jpg?fit=300%2C183&amp;ssl=1\" class=\"size-medium wp-image-11478\" alt=\"\" src=\"https:\/\/i0.wp.com\/www.shqiperia.com\/blog\/wp-content\/uploads\/2018\/09\/pa_1453281986-714335-Copy-300x183.jpg?resize=300%2C183\" width=\"300\" height=\"183\" \/><\/p>\n<p><strong>Parlamenti Europian voton pro heqjes s\u00eb vizave p\u00ebr Kosov\u00ebn. &#8211;<\/strong><\/p>\n<p><strong>\u00a013\/09\/2018 <\/strong><\/p>\n<ul>\n<li>Parlamenti Europian ka votuar pro heqjes p\u00ebr Kosov\u00ebn.Pro heqjes s\u00eb vizave p\u00ebr Kosov\u00ebn dhe qytetar\u00ebt e saj kan\u00eb votuar 420 deputet\u00eb t\u00eb Parlamentit Evropian.Raportuesja p\u00ebr Kosov\u00ebn n\u00eb Parlamentin Evropian, Tanja Fajon para fillimit t\u00eb votimit tha se Kosova i ka p\u00ebrmbushur t\u00eb gjitha kushtet p\u00ebr liberalizimin e vizave, dhe ka k\u00ebrkuar vot\u00ebn e t\u00eb gjith\u00eb eurodeputet\u00ebve t\u00eb Parlamentit Europian q\u00eb t\u00eb votojn\u00eb me vot\u00eb pro.<\/li>\n<\/ul>\n<p><img data-recalc-dims=\"1\" loading=\"lazy\" decoding=\"async\" data-attachment-id=\"11479\" data-permalink=\"https:\/\/www.shqiperia.com\/blog\/parlamenti-europian-voton-pro-heqjes-se-vizave-per-kosoven\/pa_1453281986-714335\/\" data-orig-file=\"https:\/\/i0.wp.com\/www.shqiperia.com\/blog\/wp-content\/uploads\/2018\/09\/pa_1453281986-714335.jpg?fit=300%2C250&amp;ssl=1\" data-orig-size=\"300,250\" data-comments-opened=\"1\" data-image-meta=\"{&quot;aperture&quot;:&quot;0&quot;,&quot;credit&quot;:&quot;&quot;,&quot;camera&quot;:&quot;&quot;,&quot;caption&quot;:&quot;&quot;,&quot;created_timestamp&quot;:&quot;0&quot;,&quot;copyright&quot;:&quot;&quot;,&quot;focal_length&quot;:&quot;0&quot;,&quot;iso&quot;:&quot;0&quot;,&quot;shutter_speed&quot;:&quot;0&quot;,&quot;title&quot;:&quot;&quot;,&quot;orientation&quot;:&quot;0&quot;}\" data-image-title=\"pa_1453281986-714335\" data-image-description=\"\" data-image-caption=\"\" data-medium-file=\"https:\/\/i0.wp.com\/www.shqiperia.com\/blog\/wp-content\/uploads\/2018\/09\/pa_1453281986-714335.jpg?fit=300%2C250&amp;ssl=1\" data-large-file=\"https:\/\/i0.wp.com\/www.shqiperia.com\/blog\/wp-content\/uploads\/2018\/09\/pa_1453281986-714335.jpg?fit=300%2C250&amp;ssl=1\" class=\"alignnone  wp-image-11479\" alt=\"\" src=\"https:\/\/i0.wp.com\/www.shqiperia.com\/blog\/wp-content\/uploads\/2018\/09\/pa_1453281986-714335-300x250.jpg?resize=790%2C658\" width=\"790\" height=\"658\" \/><\/p>\n<p>Tani radh\u00ebn p\u00ebr t\u00eb votuar k\u00ebt\u00eb rekomandim e ka edhe K\u00ebshilli i Ministrave t\u00eb BE-s\u00eb.<\/p>\n","protected":false},"excerpt":{"rendered":"<p>Parlamenti Europian voton pro heqjes s\u00eb vizave p\u00ebr Kosov\u00ebn. &#8211; \u00a013\/09\/2018 Parlamenti Europian ka votuar pro heqjes p\u00ebr Kosov\u00ebn.Pro heqjes s\u00eb vizave p\u00ebr Kosov\u00ebn dhe qytetar\u00ebt e saj kan\u00eb votuar 420 deputet\u00eb t\u00eb Parlamentit Evropian.Raportuesja p\u00ebr Kosov\u00ebn n\u00eb Parlamentin Evropian, Tanja Fajon para fillimit t\u00eb votimit tha se Kosova i ka p\u00ebrmbushur t\u00eb gjitha kushtet [&hellip;]<\/p>\n","protected":false},"author":9,"featured_media":11478,"comment_status":"open","ping_status":"open","sticky":false,"template":"","format":"standard","meta":{"jetpack_post_was_ever_published":false,"_jetpack_newsletter_access":"","_jetpack_dont_email_post_to_subs":false,"_jetpack_newsletter_tier_id":0,"_jetpack_memberships_contains_paywalled_content":false,"_jetpack_memberships_contains_paid_content":false,"footnotes":"","jetpack_publicize_message":"","jetpack_publicize_feature_enabled":true,"jetpack_social_post_already_shared":true,"jetpack_social_options":{"image_generator_settings":{"template":"highway","default_image_id":0,"font":"","enabled":false},"version":2}},"categories":[1,2,35],"tags":[],"class_list":["post-11477","post","type-post","status-publish","format-standard","has-post-thumbnail","hentry","category-njoftime-shtypi","category-politika","category-shoqerore"],"jetpack_publicize_connections":[],"jetpack_featured_media_url":"https:\/\/i0.wp.com\/www.shqiperia.com\/blog\/wp-content\/uploads\/2018\/09\/pa_1453281986-714335-Copy.jpg?fit=300%2C183&ssl=1","jetpack_sharing_enabled":true,"jetpack_shortlink":"https:\/\/wp.me\/p5Z6wp-2Z7","jetpack-related-posts":[{"id":19732,"url":"https:\/\/www.shqiperia.com\/blog\/parlamenti-holandez-voton-per-heqjen-e-levisjes-shengen-me-shqiperine-por-fjalen-e-fundit-e-thote\/","url_meta":{"origin":11477,"position":0},"title":"Parlamenti Holandez voton p\u00ebr heqjen e Levisjes Shengen me Shqip\u00ebrin\u00eb, por fjal\u00ebn e fundit e thot\u00eb\u2026","author":"Kurt Farka","date":"April 16, 2019","format":false,"excerpt":"Parlamenti Holandez voton p\u00ebr heqjen e Levisjes Shengen me Shqip\u00ebrin\u00eb, por fjal\u00ebn e fundit e thot\u00eb\u2026 16 prill 2019 Holanda ka votuar p\u00ebr rikthimin e vizave p\u00ebr Shqip\u00ebrin\u00eb. Pes\u00eb partit\u00eb politike n\u00eb Holand\u00eb, VVD, CDA, PVV, SP, CU kan\u00eb b\u00ebr\u00eb bashk\u00eb 92 deputet\u00eb, nga 150 duke votuar me shumic\u00eb votash\u2026","rel":"","context":"In &quot;Njoftime Shtypi&quot;","block_context":{"text":"Njoftime Shtypi","link":"https:\/\/www.shqiperia.com\/blog\/category\/njoftime-shtypi\/"},"img":{"alt_text":"","src":"https:\/\/i0.wp.com\/www.shqiperia.com\/blog\/wp-content\/uploads\/2019\/04\/teei-587x352.jpg?fit=587%2C308&ssl=1&resize=350%2C200","width":350,"height":200,"srcset":"https:\/\/i0.wp.com\/www.shqiperia.com\/blog\/wp-content\/uploads\/2019\/04\/teei-587x352.jpg?fit=587%2C308&ssl=1&resize=350%2C200 1x, https:\/\/i0.wp.com\/www.shqiperia.com\/blog\/wp-content\/uploads\/2019\/04\/teei-587x352.jpg?fit=587%2C308&ssl=1&resize=525%2C300 1.5x"},"classes":[]},{"id":66201,"url":"https:\/\/www.shqiperia.com\/blog\/eurodeputetet-votojne-pro-liberalizimit-te-vizave-per-kosoven\/","url_meta":{"origin":11477,"position":1},"title":"Eurodeputet\u00ebt votojn\u00eb pro liberalizimit t\u00eb vizave p\u00ebr Kosov\u00ebn","author":"Kurt Farka","date":"January 12, 2023","format":false,"excerpt":"12 Janar 2023 Nga OraNews Komiteti i Parlamentit Evropian p\u00ebr Lirit\u00eb Civile, Drejt\u00ebsi dhe \u00c7\u00ebshtje t\u00eb Brendshme ka njoftuar se \u00ebsht\u00eb votuar pro liberalizimit t\u00eb vizave. Ky votim \u00ebsht\u00eb b\u00ebr\u00eb me 48 vota pro, 7 kund\u00ebr dhe 3 abstenime. \u201cMarr\u00ebveshja triloge p\u00ebr liberalizimin e vizave me Kosov\u00ebn \u00ebsht\u00eb miratuar nga\u2026","rel":"","context":"In &quot;Blogu i Udh\u00ebtarit&quot;","block_context":{"text":"Blogu i Udh\u00ebtarit","link":"https:\/\/www.shqiperia.com\/blog\/category\/blogu-i-udhetarit\/"},"img":{"alt_text":"","src":"https:\/\/i0.wp.com\/www.shqiperia.com\/blog\/wp-content\/uploads\/2023\/01\/640-0-4t5-1673525950.jpg?fit=640%2C427&ssl=1&resize=350%2C200","width":350,"height":200,"srcset":"https:\/\/i0.wp.com\/www.shqiperia.com\/blog\/wp-content\/uploads\/2023\/01\/640-0-4t5-1673525950.jpg?fit=640%2C427&ssl=1&resize=350%2C200 1x, https:\/\/i0.wp.com\/www.shqiperia.com\/blog\/wp-content\/uploads\/2023\/01\/640-0-4t5-1673525950.jpg?fit=640%2C427&ssl=1&resize=525%2C300 1.5x"},"classes":[]},{"id":69350,"url":"https:\/\/www.shqiperia.com\/blog\/nuk-firmos-kapitullimin-e-serbise-be-liberalizoi-vizat-per-kosoven-reagon-vucic-po-inkurajojne-qendrimet-e-kurtit-mos-krijimi-i-asociacionit\/","url_meta":{"origin":11477,"position":2},"title":"\u201cNuk firmos kapitullimin e Serbis\u00eb\u201d\/ BE liberalizoi vizat p\u00ebr Kosov\u00ebn, reagon Vu\u00e7i\u00e7: &#8211; Po inkurajojn\u00eb q\u00ebndrimet e Kurtit. Mos krijimi i Asociacionit\u2026","author":"Kurt Farka","date":"March 10, 2023","format":false,"excerpt":"10 Mars 2023 Presidenti i Serbis\u00eb, Aleksandar Vu\u00e7i\u00e7, ka deklaruar se kryeministri i Kosov\u00ebs Albin Kurti nuk ka nd\u00ebrmend t\u00eb krijoj\u00eb Asociacionin e komunave me shumic\u00eb serbe.Ai tha se vendimi i marr\u00eb sot nga BE p\u00ebr liberalizimin e vizave p\u00ebr qytetar\u00ebt e Kosov\u00ebs, \u00ebsht\u00eb nj\u00eb inkurajim p\u00ebr Kurtin. \u201cKurti \u00ebsht\u00eb\u2026","rel":"","context":"In &quot;Blogu i Udh\u00ebtarit&quot;","block_context":{"text":"Blogu i Udh\u00ebtarit","link":"https:\/\/www.shqiperia.com\/blog\/category\/blogu-i-udhetarit\/"},"img":{"alt_text":"","src":"https:\/\/i0.wp.com\/www.shqiperia.com\/blog\/wp-content\/uploads\/2023\/03\/vucic-764x450-1.jpg?fit=764%2C450&ssl=1&resize=350%2C200","width":350,"height":200,"srcset":"https:\/\/i0.wp.com\/www.shqiperia.com\/blog\/wp-content\/uploads\/2023\/03\/vucic-764x450-1.jpg?fit=764%2C450&ssl=1&resize=350%2C200 1x, https:\/\/i0.wp.com\/www.shqiperia.com\/blog\/wp-content\/uploads\/2023\/03\/vucic-764x450-1.jpg?fit=764%2C450&ssl=1&resize=525%2C300 1.5x, https:\/\/i0.wp.com\/www.shqiperia.com\/blog\/wp-content\/uploads\/2023\/03\/vucic-764x450-1.jpg?fit=764%2C450&ssl=1&resize=700%2C400 2x"},"classes":[]},{"id":62711,"url":"https:\/\/www.shqiperia.com\/blog\/presidenca-ceke-leter-vendeve-anetare-liberalizimi-i-vizave-per-kosoven-ne-rend-dite-ne-be-me-13-tetor\/","url_meta":{"origin":11477,"position":3},"title":"Presidenca \u00e7eke let\u00ebr vendeve an\u00ebtare, liberalizimi i vizave p\u00ebr Kosov\u00ebn n\u00eb rend dite n\u00eb BE m\u00eb 13 tetor","author":"Kurt Farka","date":"September 26, 2022","format":false,"excerpt":"26 Shtator 2022 \u00c7\u00ebshtja e liberalizimit t\u00eb vizave p\u00ebr Kosov\u00ebn do t\u00eb jet\u00eb n\u00eb rend t\u00eb dit\u00ebs n\u00eb takimin e grupit punues t\u00eb K\u00ebshillit Evropian, m\u00eb 13 tetor, konfirmojn\u00eb burimet diplomatike t\u00eb BE-s\u00eb n\u00eb Bruksel. Presidenca \u00e7eke e BE-s\u00eb tashm\u00eb u ka d\u00ebrguar let\u00ebr vendeve an\u00ebtare si paralajm\u00ebrim p\u00ebr diskutimet\u2026","rel":"","context":"In &quot;Blogu i Udh\u00ebtarit&quot;","block_context":{"text":"Blogu i Udh\u00ebtarit","link":"https:\/\/www.shqiperia.com\/blog\/category\/blogu-i-udhetarit\/"},"img":{"alt_text":"","src":"https:\/\/i0.wp.com\/www.shqiperia.com\/blog\/wp-content\/uploads\/2022\/09\/viza-600x347-1.jpg?fit=600%2C347&ssl=1&resize=350%2C200","width":350,"height":200,"srcset":"https:\/\/i0.wp.com\/www.shqiperia.com\/blog\/wp-content\/uploads\/2022\/09\/viza-600x347-1.jpg?fit=600%2C347&ssl=1&resize=350%2C200 1x, https:\/\/i0.wp.com\/www.shqiperia.com\/blog\/wp-content\/uploads\/2022\/09\/viza-600x347-1.jpg?fit=600%2C347&ssl=1&resize=525%2C300 1.5x"},"classes":[]},{"id":16389,"url":"https:\/\/www.shqiperia.com\/blog\/ne-11-muaj-te-2018-mbi-200-mije-te-ikur-jashte-nuk-u-kthyen\/","url_meta":{"origin":11477,"position":4},"title":"N\u00eb 11 muaj t\u00eb 2018, mbi 200 mij\u00eb t\u00eb ikur jasht\u00eb nuk u kthyen. &#8211;","author":"Kurt Farka","date":"January 19, 2019","format":false,"excerpt":"N\u00eb 11 muaj t\u00eb 2018, mbi 200 mij\u00eb t\u00eb ikur jasht\u00eb nuk u kthyen. - Nga janari n\u00eb n\u00ebntor t\u00eb vitit 2018, diferenca nd\u00ebrmjet shqiptar\u00ebve q\u00eb kan\u00eb udh\u00ebtuar jasht\u00eb vendit ka qen\u00eb shum\u00eb e lart\u00eb n\u00eb raport me kthimet, duke sinjalizuar se Shqip\u00ebria po zbrazet p\u00ebrdit\u00eb prej emigracionit masiv, teksa\u2026","rel":"","context":"In &quot;Blogu i Udh\u00ebtarit&quot;","block_context":{"text":"Blogu i Udh\u00ebtarit","link":"https:\/\/www.shqiperia.com\/blog\/category\/blogu-i-udhetarit\/"},"img":{"alt_text":"","src":"https:\/\/i0.wp.com\/www.shqiperia.com\/blog\/wp-content\/uploads\/2019\/01\/safe_image.php_-2.jpg?fit=540%2C281&ssl=1&resize=350%2C200","width":350,"height":200,"srcset":"https:\/\/i0.wp.com\/www.shqiperia.com\/blog\/wp-content\/uploads\/2019\/01\/safe_image.php_-2.jpg?fit=540%2C281&ssl=1&resize=350%2C200 1x, https:\/\/i0.wp.com\/www.shqiperia.com\/blog\/wp-content\/uploads\/2019\/01\/safe_image.php_-2.jpg?fit=540%2C281&ssl=1&resize=525%2C300 1.5x"},"classes":[]},{"id":71308,"url":"https:\/\/www.shqiperia.com\/blog\/pe-miraton-vendimin-e-rendesishem-per-kosoven-dhe-serbine\/","url_meta":{"origin":11477,"position":5},"title":"PE miraton vendimin e r\u00ebnd\u00ebsish\u00ebm p\u00ebr Kosov\u00ebn dhe Serbin\u00eb","author":"Kurt Farka","date":"May 10, 2023","format":false,"excerpt":"10 Maji 2023 Parlamenti Evropian ka miratuar dy rezoluta vjetore p\u00ebr Kosov\u00ebn dhe Serbin\u00eb, \u201cp\u00ebrmes s\u00eb cilave u b\u00ebhet ftes\u00eb t\u00eb dyja vendeve q\u00eb t\u00eb jen\u00eb konstruktive n\u00eb dialogun p\u00ebr normalizimin e raporteve dhe ky normalizim duhet t\u00eb p\u00ebrfshij\u00eb edhe njohjen e nd\u00ebrsjell\u00eb\u201d. P\u00ebr raportin p\u00ebr Kosov\u00ebn votuan 452 deputet\u00eb,\u2026","rel":"","context":"In &quot;Kultura&quot;","block_context":{"text":"Kultura","link":"https:\/\/www.shqiperia.com\/blog\/category\/kultura\/"},"img":{"alt_text":"","src":"https:\/\/i0.wp.com\/www.shqiperia.com\/blog\/wp-content\/uploads\/2023\/05\/800-0-12e15892089af452b5db0889472af2b3.jpg?fit=800%2C452&ssl=1&resize=350%2C200","width":350,"height":200,"srcset":"https:\/\/i0.wp.com\/www.shqiperia.com\/blog\/wp-content\/uploads\/2023\/05\/800-0-12e15892089af452b5db0889472af2b3.jpg?fit=800%2C452&ssl=1&resize=350%2C200 1x, https:\/\/i0.wp.com\/www.shqiperia.com\/blog\/wp-content\/uploads\/2023\/05\/800-0-12e15892089af452b5db0889472af2b3.jpg?fit=800%2C452&ssl=1&resize=525%2C300 1.5x, https:\/\/i0.wp.com\/www.shqiperia.com\/blog\/wp-content\/uploads\/2023\/05\/800-0-12e15892089af452b5db0889472af2b3.jpg?fit=800%2C452&ssl=1&resize=700%2C400 2x"},"classes":[]}],"_links":{"self":[{"href":"https:\/\/www.shqiperia.com\/blog\/wp-json\/wp\/v2\/posts\/11477","targetHints":{"allow":["GET"]}}],"collection":[{"href":"https:\/\/www.shqiperia.com\/blog\/wp-json\/wp\/v2\/posts"}],"about":[{"href":"https:\/\/www.shqiperia.com\/blog\/wp-json\/wp\/v2\/types\/post"}],"author":[{"embeddable":true,"href":"https:\/\/www.shqiperia.com\/blog\/wp-json\/wp\/v2\/users\/9"}],"replies":[{"embeddable":true,"href":"https:\/\/www.shqiperia.com\/blog\/wp-json\/wp\/v2\/comments?post=11477"}],"version-history":[{"count":1,"href":"https:\/\/www.shqiperia.com\/blog\/wp-json\/wp\/v2\/posts\/11477\/revisions"}],"predecessor-version":[{"id":11480,"href":"https:\/\/www.shqiperia.com\/blog\/wp-json\/wp\/v2\/posts\/11477\/revisions\/11480"}],"wp:featuredmedia":[{"embeddable":true,"href":"https:\/\/www.shqiperia.com\/blog\/wp-json\/wp\/v2\/media\/11478"}],"wp:attachment":[{"href":"https:\/\/www.shqiperia.com\/blog\/wp-json\/wp\/v2\/media?parent=11477"}],"wp:term":[{"taxonomy":"category","embeddable":true,"href":"https:\/\/www.shqiperia.com\/blog\/wp-json\/wp\/v2\/categories?post=11477"},{"taxonomy":"post_tag","embeddable":true,"href":"https:\/\/www.shqiperia.com\/blog\/wp-json\/wp\/v2\/tags?post=11477"}],"curies":[{"name":"wp","href":"https:\/\/api.w.org\/{rel}","templated":true}]}}