{"id":11473,"date":"2018-09-13T10:31:58","date_gmt":"2018-09-13T10:31:58","guid":{"rendered":"http:\/\/www.shqiperia.com\/blog\/?p=11473"},"modified":"2018-09-13T10:31:58","modified_gmt":"2018-09-13T10:31:58","slug":"prej-sllaveve-u-krijua-shqiperia-ja-cfare-mesojne-ne-lenden-e-historise-nxenesit-shqiptar-te-klases-se-6-te-ne-maqedoni","status":"publish","type":"post","link":"https:\/\/www.shqiperia.com\/blog\/prej-sllaveve-u-krijua-shqiperia-ja-cfare-mesojne-ne-lenden-e-historise-nxenesit-shqiptar-te-klases-se-6-te-ne-maqedoni\/","title":{"rendered":"&#8220;Prej Sllaveve u Krijua Shqiperia&#8230; .&#8221;  Ja \u00e7far\u00eb m\u00ebsojn\u00eb n\u00eb l\u00ebnd\u00ebn e historis\u00eb nx\u00ebn\u00ebsit shqiptar t\u00eb klas\u00ebs s\u00eb 6-t\u00eb n\u00eb Maqedoni. &#8211;"},"content":{"rendered":"<p><img data-recalc-dims=\"1\" loading=\"lazy\" decoding=\"async\" data-attachment-id=\"11474\" data-permalink=\"https:\/\/www.shqiperia.com\/blog\/prej-sllaveve-u-krijua-shqiperia-ja-cfare-mesojne-ne-lenden-e-historise-nxenesit-shqiptar-te-klases-se-6-te-ne-maqedoni\/1919118_892502604130843_2418141801628437645_n\/\" data-orig-file=\"https:\/\/i0.wp.com\/www.shqiperia.com\/blog\/wp-content\/uploads\/2018\/09\/1919118_892502604130843_2418141801628437645_n.jpg?fit=459%2C268&amp;ssl=1\" data-orig-size=\"459,268\" data-comments-opened=\"1\" data-image-meta=\"{&quot;aperture&quot;:&quot;0&quot;,&quot;credit&quot;:&quot;&quot;,&quot;camera&quot;:&quot;&quot;,&quot;caption&quot;:&quot;&quot;,&quot;created_timestamp&quot;:&quot;0&quot;,&quot;copyright&quot;:&quot;&quot;,&quot;focal_length&quot;:&quot;0&quot;,&quot;iso&quot;:&quot;0&quot;,&quot;shutter_speed&quot;:&quot;0&quot;,&quot;title&quot;:&quot;&quot;,&quot;orientation&quot;:&quot;0&quot;}\" data-image-title=\"1919118_892502604130843_2418141801628437645_n\" data-image-description=\"\" data-image-caption=\"\" data-medium-file=\"https:\/\/i0.wp.com\/www.shqiperia.com\/blog\/wp-content\/uploads\/2018\/09\/1919118_892502604130843_2418141801628437645_n.jpg?fit=300%2C175&amp;ssl=1\" data-large-file=\"https:\/\/i0.wp.com\/www.shqiperia.com\/blog\/wp-content\/uploads\/2018\/09\/1919118_892502604130843_2418141801628437645_n.jpg?fit=459%2C268&amp;ssl=1\" class=\"alignnone  wp-image-11474\" alt=\"\" src=\"https:\/\/i0.wp.com\/www.shqiperia.com\/blog\/wp-content\/uploads\/2018\/09\/1919118_892502604130843_2418141801628437645_n-300x175.jpg?resize=391%2C228\" width=\"391\" height=\"228\" srcset=\"https:\/\/i0.wp.com\/www.shqiperia.com\/blog\/wp-content\/uploads\/2018\/09\/1919118_892502604130843_2418141801628437645_n.jpg?resize=300%2C175&amp;ssl=1 300w, https:\/\/i0.wp.com\/www.shqiperia.com\/blog\/wp-content\/uploads\/2018\/09\/1919118_892502604130843_2418141801628437645_n.jpg?w=459&amp;ssl=1 459w\" sizes=\"auto, (max-width: 391px) 100vw, 391px\" \/><\/p>\n<p>&#8220;Prej Sllaveve u Krijua Shqiperia&#8230; .&#8221;<\/p>\n<p>Ja \u00e7far\u00eb m\u00ebsojn\u00eb n\u00eb l\u00ebnd\u00ebn e historis\u00eb nx\u00ebn\u00ebsit shqiptar t\u00eb klas\u00ebs s\u00eb 6-t\u00eb n\u00eb Maqedoni. &#8211;<\/p>\n<p>Nga Besir Bajrami.-<\/p>\n<p>Prej Sllaveve u Krijua Shqiperia (etj.)<\/p>\n<p>Ja \u00e7far\u00eb m\u00ebsojn\u00eb n\u00eb l\u00ebnd\u00ebn e historis\u00eb nx\u00ebn\u00ebsit shqiptar t\u00eb klas\u00ebs s\u00eb 6-t\u00eb n\u00eb Maqedoni.<\/p>\n<p><img data-recalc-dims=\"1\" loading=\"lazy\" decoding=\"async\" data-attachment-id=\"11475\" data-permalink=\"https:\/\/www.shqiperia.com\/blog\/prej-sllaveve-u-krijua-shqiperia-ja-cfare-mesojne-ne-lenden-e-historise-nxenesit-shqiptar-te-klases-se-6-te-ne-maqedoni\/1919118_892502604130843_2418141801628437645_n-copy\/\" data-orig-file=\"https:\/\/i0.wp.com\/www.shqiperia.com\/blog\/wp-content\/uploads\/2018\/09\/1919118_892502604130843_2418141801628437645_n-Copy.jpg?fit=960%2C656&amp;ssl=1\" data-orig-size=\"960,656\" data-comments-opened=\"1\" data-image-meta=\"{&quot;aperture&quot;:&quot;0&quot;,&quot;credit&quot;:&quot;&quot;,&quot;camera&quot;:&quot;&quot;,&quot;caption&quot;:&quot;&quot;,&quot;created_timestamp&quot;:&quot;0&quot;,&quot;copyright&quot;:&quot;&quot;,&quot;focal_length&quot;:&quot;0&quot;,&quot;iso&quot;:&quot;0&quot;,&quot;shutter_speed&quot;:&quot;0&quot;,&quot;title&quot;:&quot;&quot;,&quot;orientation&quot;:&quot;0&quot;}\" data-image-title=\"1919118_892502604130843_2418141801628437645_n &#8211; Copy\" data-image-description=\"\" data-image-caption=\"\" data-medium-file=\"https:\/\/i0.wp.com\/www.shqiperia.com\/blog\/wp-content\/uploads\/2018\/09\/1919118_892502604130843_2418141801628437645_n-Copy.jpg?fit=300%2C205&amp;ssl=1\" data-large-file=\"https:\/\/i0.wp.com\/www.shqiperia.com\/blog\/wp-content\/uploads\/2018\/09\/1919118_892502604130843_2418141801628437645_n-Copy.jpg?fit=960%2C656&amp;ssl=1\" class=\"alignnone  wp-image-11475\" alt=\"\" src=\"https:\/\/i0.wp.com\/www.shqiperia.com\/blog\/wp-content\/uploads\/2018\/09\/1919118_892502604130843_2418141801628437645_n-Copy-300x205.jpg?resize=732%2C500\" width=\"732\" height=\"500\" srcset=\"https:\/\/i0.wp.com\/www.shqiperia.com\/blog\/wp-content\/uploads\/2018\/09\/1919118_892502604130843_2418141801628437645_n-Copy.jpg?resize=300%2C205&amp;ssl=1 300w, https:\/\/i0.wp.com\/www.shqiperia.com\/blog\/wp-content\/uploads\/2018\/09\/1919118_892502604130843_2418141801628437645_n-Copy.jpg?resize=768%2C525&amp;ssl=1 768w, https:\/\/i0.wp.com\/www.shqiperia.com\/blog\/wp-content\/uploads\/2018\/09\/1919118_892502604130843_2418141801628437645_n-Copy.jpg?resize=135%2C93&amp;ssl=1 135w, https:\/\/i0.wp.com\/www.shqiperia.com\/blog\/wp-content\/uploads\/2018\/09\/1919118_892502604130843_2418141801628437645_n-Copy.jpg?w=960&amp;ssl=1 960w\" sizes=\"auto, (max-width: 732px) 100vw, 732px\" \/><\/p>\n<p>Ende pa e shfletuar mir\u00eb p\u00ebrmbajtjen, q\u00eb n\u00eb parath\u00ebnie t\u00eb k\u00ebtij libri q\u00eb \u00ebsht\u00eb shkruar edhe me pjesmarrjen e historianit shqiptar &#8220;Doc. dr&#8221; Nebi Dervishi, se:<br \/>\n1: &#8220;Shqiperia \u00ebsht\u00eb renditur si nj\u00eb shtet sllav&#8221;?! (Shiko tekstin e fotos n\u00ebnvizuar me t\u00eb kuqe t\u00eb \u00e7el\u00eb); Dhe paradoksalisht vazhdon:<br \/>\n2: &#8220;N\u00eb Shqip\u00ebri \u00ebsht\u00eb shtypur elementi sllav n\u00eb vazhdim\u00ebsi&#8221;! (n\u00ebnvizuar me t\u00eb kuqe t\u00eb mbyllur);<br \/>\n3: Maqedonia nuk p\u00ebrmendet n\u00eb mesin e shteteve te krijuara nga sllav\u00ebt, duke p\u00ebrkrahur n\u00eb k\u00ebt\u00eb m\u00ebnyr\u00eb iden\u00eb e re t\u00eb sllav\u00ebve t\u00eb Maqedonis\u00eb q\u00eb t\u00eb p\u00ebrvet\u00ebsojn\u00eb historin\u00eb e maqedon\u00ebve antik. Poashtu nuk p\u00ebrmenden shtetet tjera q\u00eb sllav\u00ebt kan\u00eb krijuar n\u00eb Ballkan, si Sllovenia, Kroacia dhe Bosnja, p\u00ebr t\u00eb p\u00ebrkrahur n\u00eb k\u00ebt\u00eb m\u00ebnyr\u00eb p\u00ebrvetsimin e historise ilire n\u00eb ato treva.<\/p>\n<p><img data-recalc-dims=\"1\" loading=\"lazy\" decoding=\"async\" data-attachment-id=\"11474\" data-permalink=\"https:\/\/www.shqiperia.com\/blog\/prej-sllaveve-u-krijua-shqiperia-ja-cfare-mesojne-ne-lenden-e-historise-nxenesit-shqiptar-te-klases-se-6-te-ne-maqedoni\/1919118_892502604130843_2418141801628437645_n\/\" data-orig-file=\"https:\/\/i0.wp.com\/www.shqiperia.com\/blog\/wp-content\/uploads\/2018\/09\/1919118_892502604130843_2418141801628437645_n.jpg?fit=459%2C268&amp;ssl=1\" data-orig-size=\"459,268\" data-comments-opened=\"1\" data-image-meta=\"{&quot;aperture&quot;:&quot;0&quot;,&quot;credit&quot;:&quot;&quot;,&quot;camera&quot;:&quot;&quot;,&quot;caption&quot;:&quot;&quot;,&quot;created_timestamp&quot;:&quot;0&quot;,&quot;copyright&quot;:&quot;&quot;,&quot;focal_length&quot;:&quot;0&quot;,&quot;iso&quot;:&quot;0&quot;,&quot;shutter_speed&quot;:&quot;0&quot;,&quot;title&quot;:&quot;&quot;,&quot;orientation&quot;:&quot;0&quot;}\" data-image-title=\"1919118_892502604130843_2418141801628437645_n\" data-image-description=\"\" data-image-caption=\"\" data-medium-file=\"https:\/\/i0.wp.com\/www.shqiperia.com\/blog\/wp-content\/uploads\/2018\/09\/1919118_892502604130843_2418141801628437645_n.jpg?fit=300%2C175&amp;ssl=1\" data-large-file=\"https:\/\/i0.wp.com\/www.shqiperia.com\/blog\/wp-content\/uploads\/2018\/09\/1919118_892502604130843_2418141801628437645_n.jpg?fit=459%2C268&amp;ssl=1\" class=\"alignnone  wp-image-11474\" alt=\"\" src=\"https:\/\/i0.wp.com\/www.shqiperia.com\/blog\/wp-content\/uploads\/2018\/09\/1919118_892502604130843_2418141801628437645_n-300x175.jpg?resize=768%2C448\" width=\"768\" height=\"448\" srcset=\"https:\/\/i0.wp.com\/www.shqiperia.com\/blog\/wp-content\/uploads\/2018\/09\/1919118_892502604130843_2418141801628437645_n.jpg?resize=300%2C175&amp;ssl=1 300w, https:\/\/i0.wp.com\/www.shqiperia.com\/blog\/wp-content\/uploads\/2018\/09\/1919118_892502604130843_2418141801628437645_n.jpg?w=459&amp;ssl=1 459w\" sizes=\"auto, (max-width: 768px) 100vw, 768px\" \/><\/p>\n<p>Kushedi se \u00e7far\u00eb tjet\u00ebr shkruhet n\u00eb brend\u00ebsi t\u00eb k\u00ebtij libri, apo n\u00eb ato t\u00eb klasave tjera !<br \/>\n__<br \/>\nP.S.: Minist\u00ebr i Arsimit n\u00eb Maqedoni \u00ebsht\u00eb shqiptari nga Tetova, Abdulhaqim Ademi;<br \/>\nQe nga viti 2000, kemi patur tre ministra shqiptar t\u00eb arsimit n\u00eb Maqedoni.<\/p>\n","protected":false},"excerpt":{"rendered":"<p>&#8220;Prej Sllaveve u Krijua Shqiperia&#8230; .&#8221; Ja \u00e7far\u00eb m\u00ebsojn\u00eb n\u00eb l\u00ebnd\u00ebn e historis\u00eb nx\u00ebn\u00ebsit shqiptar t\u00eb klas\u00ebs s\u00eb 6-t\u00eb n\u00eb Maqedoni. &#8211; Nga Besir Bajrami.- Prej Sllaveve u Krijua Shqiperia (etj.) Ja \u00e7far\u00eb m\u00ebsojn\u00eb n\u00eb l\u00ebnd\u00ebn e historis\u00eb nx\u00ebn\u00ebsit shqiptar t\u00eb klas\u00ebs s\u00eb 6-t\u00eb n\u00eb Maqedoni. Ende pa e shfletuar mir\u00eb p\u00ebrmbajtjen, q\u00eb n\u00eb parath\u00ebnie [&hellip;]<\/p>\n","protected":false},"author":9,"featured_media":11474,"comment_status":"open","ping_status":"open","sticky":false,"template":"","format":"standard","meta":{"jetpack_post_was_ever_published":false,"_jetpack_newsletter_access":"","_jetpack_dont_email_post_to_subs":false,"_jetpack_newsletter_tier_id":0,"_jetpack_memberships_contains_paywalled_content":false,"_jetpack_memberships_contains_paid_content":false,"footnotes":"","jetpack_publicize_message":"","jetpack_publicize_feature_enabled":true,"jetpack_social_post_already_shared":true,"jetpack_social_options":{"image_generator_settings":{"template":"highway","default_image_id":0,"font":"","enabled":false},"version":2}},"categories":[27,1,35],"tags":[],"class_list":["post-11473","post","type-post","status-publish","format-standard","has-post-thumbnail","hentry","category-blogu-i-udhetarit","category-njoftime-shtypi","category-shoqerore"],"jetpack_publicize_connections":[],"jetpack_featured_media_url":"https:\/\/i0.wp.com\/www.shqiperia.com\/blog\/wp-content\/uploads\/2018\/09\/1919118_892502604130843_2418141801628437645_n.jpg?fit=459%2C268&ssl=1","jetpack_sharing_enabled":true,"jetpack_shortlink":"https:\/\/wp.me\/p5Z6wp-2Z3","jetpack-related-posts":[{"id":20678,"url":"https:\/\/www.shqiperia.com\/blog\/cmenduri-ne-gjirokaster-mesuesja-u-tregon-nxenesve-si-te-largohen-nga-vendi\/","url_meta":{"origin":11473,"position":0},"title":"\u2018\u00c7menduri\u2019 n\u00eb Gjirokast\u00ebr, m\u00ebsuesja u tregon nx\u00ebn\u00ebsve si t\u00eb largohen nga vendi.","author":"Kurt Farka","date":"May 4, 2019","format":false,"excerpt":"\u2018\u00c7menduri\u2019 n\u00eb Gjirokast\u00ebr, m\u00ebsuesja u tregon nx\u00ebn\u00ebsve si t\u00eb largohen nga vendi. Ndodh edhe kjo. M\u00ebsuesja e shkoll\u00ebs u tregon nx\u00ebn\u00ebsve se si mund t\u00eb largohen nga vendi, pasi t\u00eb jen\u00eb p\u00ebrgatitur profesionalisht. 3 Maj, 2019 GJIROKAST\u00cbR-\u00a0Nd\u00ebrsa kryeministri Edi Rama dhe qeveria e tij po i orienton t\u00eb rinjt\u00eb q\u00eb\u2026","rel":"","context":"In &quot;Blogu i Udh\u00ebtarit&quot;","block_context":{"text":"Blogu i Udh\u00ebtarit","link":"https:\/\/www.shqiperia.com\/blog\/category\/blogu-i-udhetarit\/"},"img":{"alt_text":"","src":"https:\/\/i0.wp.com\/www.shqiperia.com\/blog\/wp-content\/uploads\/2019\/05\/M%C3%ABsuesja-e-shkoll%C3%ABs-Thoma-Papapano.jpg?fit=1200%2C690&ssl=1&resize=350%2C200","width":350,"height":200,"srcset":"https:\/\/i0.wp.com\/www.shqiperia.com\/blog\/wp-content\/uploads\/2019\/05\/M%C3%ABsuesja-e-shkoll%C3%ABs-Thoma-Papapano.jpg?fit=1200%2C690&ssl=1&resize=350%2C200 1x, https:\/\/i0.wp.com\/www.shqiperia.com\/blog\/wp-content\/uploads\/2019\/05\/M%C3%ABsuesja-e-shkoll%C3%ABs-Thoma-Papapano.jpg?fit=1200%2C690&ssl=1&resize=525%2C300 1.5x, https:\/\/i0.wp.com\/www.shqiperia.com\/blog\/wp-content\/uploads\/2019\/05\/M%C3%ABsuesja-e-shkoll%C3%ABs-Thoma-Papapano.jpg?fit=1200%2C690&ssl=1&resize=700%2C400 2x, https:\/\/i0.wp.com\/www.shqiperia.com\/blog\/wp-content\/uploads\/2019\/05\/M%C3%ABsuesja-e-shkoll%C3%ABs-Thoma-Papapano.jpg?fit=1200%2C690&ssl=1&resize=1050%2C600 3x"},"classes":[]},{"id":5470,"url":"https:\/\/www.shqiperia.com\/blog\/skandali-lgbt-mesyn-nxenesit-u-mesojne-te-rinjve-ne-ambientet-e-shkollave-te-mesme-publike-eksperiencat-homoseksuale-foto-te-aktiviteteve\/","url_meta":{"origin":11473,"position":1},"title":"Skandali\/ LGBT m\u00ebsyn nx\u00ebn\u00ebsit, u m\u00ebsojn\u00eb t\u00eb rinjve n\u00eb ambientet e shkollave t\u00eb mesme publike eksperiencat homoseksuale. -Foto te aktiviteteve.","author":"Kurt Farka","date":"March 23, 2018","format":false,"excerpt":"\u00a0 Nuk rreshtin perfaqesuesit e LGBTI ne perpjekjet e tyre per te \u2018socializuar\u2019 te rinjte, kryesisht te shkollave te mesme kryesore te kryeqytetit, me kauzen e tyre per te cilen shprehen se ndjehen shume krenare. Eshte pune e tyre te ndjehen mire, krenare me veten e tyre, por jo te\u2026","rel":"","context":"In &quot;Kultura&quot;","block_context":{"text":"Kultura","link":"https:\/\/www.shqiperia.com\/blog\/category\/kultura\/"},"img":{"alt_text":"","src":"https:\/\/i0.wp.com\/www.shqiperia.com\/blog\/wp-content\/uploads\/2018\/03\/lgbt.jpg?fit=850%2C584&ssl=1&resize=350%2C200","width":350,"height":200,"srcset":"https:\/\/i0.wp.com\/www.shqiperia.com\/blog\/wp-content\/uploads\/2018\/03\/lgbt.jpg?fit=850%2C584&ssl=1&resize=350%2C200 1x, https:\/\/i0.wp.com\/www.shqiperia.com\/blog\/wp-content\/uploads\/2018\/03\/lgbt.jpg?fit=850%2C584&ssl=1&resize=525%2C300 1.5x, https:\/\/i0.wp.com\/www.shqiperia.com\/blog\/wp-content\/uploads\/2018\/03\/lgbt.jpg?fit=850%2C584&ssl=1&resize=700%2C400 2x"},"classes":[]},{"id":87391,"url":"https:\/\/www.shqiperia.com\/blog\/faktori-shqiptar-ne-maqedoni-njezeri-prekja-e-gjuhes-eshte-vija\/","url_meta":{"origin":11473,"position":2},"title":"Faktori shqiptar ne Maqedoni nj\u00ebz\u00ebri: &#8211; Prekja e gjuh\u00ebs \u00ebsht\u00eb vija &#8230;","author":"Kurt Farka","date":"December 14, 2024","format":false,"excerpt":"14 Dhjetor 2024 Tensionet n\u00eb rritje mes shqiptar\u00ebve dhe maqedonasve i kan\u00eb dh\u00ebn\u00eb sinjalet prej muajsh. N\u00ebn pretendimin e nd\u00ebrhyrjeve n\u00eb rrug\u00eb, n\u00eb fillim t\u00eb shtatorit 2024, u hoq mbishkrimi shqip n\u00eb tabel\u00ebn e autostrad\u00ebs Bllac\u00eb- Shkup. Ndryshe nga sinjalistika e vjet\u00ebr, tabela e re p\u00ebrmbante mbishkrime n\u00eb maqedonisht, anglisht\u2026","rel":"","context":"In &quot;Blogu i Udh\u00ebtarit&quot;","block_context":{"text":"Blogu i Udh\u00ebtarit","link":"https:\/\/www.shqiperia.com\/blog\/category\/blogu-i-udhetarit\/"},"img":{"alt_text":"","src":"https:\/\/i0.wp.com\/www.shqiperia.com\/blog\/wp-content\/uploads\/2024\/12\/Shkupi-foto-kualitet.jpg?fit=780%2C520&ssl=1&resize=350%2C200","width":350,"height":200,"srcset":"https:\/\/i0.wp.com\/www.shqiperia.com\/blog\/wp-content\/uploads\/2024\/12\/Shkupi-foto-kualitet.jpg?fit=780%2C520&ssl=1&resize=350%2C200 1x, https:\/\/i0.wp.com\/www.shqiperia.com\/blog\/wp-content\/uploads\/2024\/12\/Shkupi-foto-kualitet.jpg?fit=780%2C520&ssl=1&resize=525%2C300 1.5x, https:\/\/i0.wp.com\/www.shqiperia.com\/blog\/wp-content\/uploads\/2024\/12\/Shkupi-foto-kualitet.jpg?fit=780%2C520&ssl=1&resize=700%2C400 2x"},"classes":[]},{"id":52543,"url":"https:\/\/www.shqiperia.com\/blog\/konfedera-ballkanike1943-dhe-ballkani-i-hapur-mohon-flamurin-kombetar\/","url_meta":{"origin":11473,"position":3},"title":"&#8220;Konfederata Ballkanike&#8221;,1943 dhe Ballkani i Hapur mohon Flamurin Komb\u00ebtar &#8230;","author":"Kurt Farka","date":"December 20, 2021","format":false,"excerpt":"\"Konfederata Ballkanike\",1943 dhe Ballkani i Hapur mohon Flamurin Komb\u00ebtar ... - 20 dhjetor 2021 \"Flamuri i Konfedera Ballkanike\" te 1943 dhe Ballkani i Hapur mohon Flamurin Komb\u00ebtar ... - Nisur nga nje shenim ne FB nga studiuesi Jaho Brahaj ku shkruante: Ne qytetin e Tiranes po shikojme qe jane ngritur\u2026","rel":"","context":"In &quot;Blogu i Udh\u00ebtarit&quot;","block_context":{"text":"Blogu i Udh\u00ebtarit","link":"https:\/\/www.shqiperia.com\/blog\/category\/blogu-i-udhetarit\/"},"img":{"alt_text":"","src":"https:\/\/i0.wp.com\/www.shqiperia.com\/blog\/wp-content\/uploads\/2021\/12\/Disa-botime-te-Monografise-Flamuri-i-Kombit-Shqiptare-te-studiuesit-Jaho-Brahaj..jpg?fit=1200%2C685&ssl=1&resize=350%2C200","width":350,"height":200,"srcset":"https:\/\/i0.wp.com\/www.shqiperia.com\/blog\/wp-content\/uploads\/2021\/12\/Disa-botime-te-Monografise-Flamuri-i-Kombit-Shqiptare-te-studiuesit-Jaho-Brahaj..jpg?fit=1200%2C685&ssl=1&resize=350%2C200 1x, https:\/\/i0.wp.com\/www.shqiperia.com\/blog\/wp-content\/uploads\/2021\/12\/Disa-botime-te-Monografise-Flamuri-i-Kombit-Shqiptare-te-studiuesit-Jaho-Brahaj..jpg?fit=1200%2C685&ssl=1&resize=525%2C300 1.5x, https:\/\/i0.wp.com\/www.shqiperia.com\/blog\/wp-content\/uploads\/2021\/12\/Disa-botime-te-Monografise-Flamuri-i-Kombit-Shqiptare-te-studiuesit-Jaho-Brahaj..jpg?fit=1200%2C685&ssl=1&resize=700%2C400 2x, https:\/\/i0.wp.com\/www.shqiperia.com\/blog\/wp-content\/uploads\/2021\/12\/Disa-botime-te-Monografise-Flamuri-i-Kombit-Shqiptare-te-studiuesit-Jaho-Brahaj..jpg?fit=1200%2C685&ssl=1&resize=1050%2C600 3x"},"classes":[]},{"id":1834,"url":"https:\/\/www.shqiperia.com\/blog\/qemal-haxhihasani-1916-1991\/","url_meta":{"origin":11473,"position":4},"title":"Qemal Haxhihasani (1916-1991). &#8211;","author":"Kurt Farka","date":"January 23, 2018","format":false,"excerpt":"Nga Hyqmet Zane U lind n\u00eb Elbasan m\u00eb 16 shkurt 1916 Prof. folklorist i shquar, hartues i vepr\u00ebs madhore \"Epika Legjendare 1 dhe 2\", studiuesi q\u00eb u mor shum\u00eb me tema t\u00eb pal\u00ebvruara m\u00eb par\u00eb te ne si\u00e7 \u00ebsht\u00eb p.sh. cikli i kreshnik\u00ebve, t\u00eb cilat i p\u00ebrmblodhi n\u00eb \"K\u00ebng\u00eb popullore\u2026","rel":"","context":"In &quot;Kultura&quot;","block_context":{"text":"Kultura","link":"https:\/\/www.shqiperia.com\/blog\/category\/kultura\/"},"img":{"alt_text":"","src":"https:\/\/i0.wp.com\/www.shqiperia.com\/blog\/wp-content\/uploads\/2018\/01\/Qemal-Haxhihasani.png?fit=400%2C376&ssl=1&resize=350%2C200","width":350,"height":200},"classes":[]},{"id":96409,"url":"https:\/\/www.shqiperia.com\/blog\/muzeu-levizes-angazhon-te-rinjte-ne-puke-per-trashegimine-kulturore\/","url_meta":{"origin":11473,"position":5},"title":"\u201cMuzeu L\u00ebviz\u00ebs\u201d angazhon t\u00eb rinjt\u00eb n\u00eb Puk\u00eb p\u00ebr trash\u00ebgimin\u00eb kulturore","author":"Kurt Farka","date":"January 9, 2026","format":false,"excerpt":"9 Janar 2026 Projekti \u201cMuzeu L\u00ebviz\u00ebs\u201d solli trash\u00ebgimin\u00eb kulturore m\u00eb pran\u00eb komunitetit t\u00eb Puk\u00ebs, duke bashkuar Qendr\u00ebn Kulturore \u201cQoshe Kulture\u201d me Muzeun Historik Komb\u00ebtar. Aktiviteti, i hapur p\u00ebr publikun dhe nx\u00ebn\u00ebsit e qytetit, kishte p\u00ebr q\u00ebllim angazhimin e t\u00eb rinjve n\u00eb interpretimin e historis\u00eb vendore dhe promovimin e trash\u00ebgimis\u00eb kulturore.\u2026","rel":"","context":"In &quot;Kultura&quot;","block_context":{"text":"Kultura","link":"https:\/\/www.shqiperia.com\/blog\/category\/kultura\/"},"img":{"alt_text":"","src":"https:\/\/i0.wp.com\/www.shqiperia.com\/blog\/wp-content\/uploads\/2026\/01\/Hani-i-Perparim-Lacit-Puke.jpg?fit=960%2C639&ssl=1&resize=350%2C200","width":350,"height":200,"srcset":"https:\/\/i0.wp.com\/www.shqiperia.com\/blog\/wp-content\/uploads\/2026\/01\/Hani-i-Perparim-Lacit-Puke.jpg?fit=960%2C639&ssl=1&resize=350%2C200 1x, https:\/\/i0.wp.com\/www.shqiperia.com\/blog\/wp-content\/uploads\/2026\/01\/Hani-i-Perparim-Lacit-Puke.jpg?fit=960%2C639&ssl=1&resize=525%2C300 1.5x, https:\/\/i0.wp.com\/www.shqiperia.com\/blog\/wp-content\/uploads\/2026\/01\/Hani-i-Perparim-Lacit-Puke.jpg?fit=960%2C639&ssl=1&resize=700%2C400 2x"},"classes":[]}],"_links":{"self":[{"href":"https:\/\/www.shqiperia.com\/blog\/wp-json\/wp\/v2\/posts\/11473","targetHints":{"allow":["GET"]}}],"collection":[{"href":"https:\/\/www.shqiperia.com\/blog\/wp-json\/wp\/v2\/posts"}],"about":[{"href":"https:\/\/www.shqiperia.com\/blog\/wp-json\/wp\/v2\/types\/post"}],"author":[{"embeddable":true,"href":"https:\/\/www.shqiperia.com\/blog\/wp-json\/wp\/v2\/users\/9"}],"replies":[{"embeddable":true,"href":"https:\/\/www.shqiperia.com\/blog\/wp-json\/wp\/v2\/comments?post=11473"}],"version-history":[{"count":1,"href":"https:\/\/www.shqiperia.com\/blog\/wp-json\/wp\/v2\/posts\/11473\/revisions"}],"predecessor-version":[{"id":11476,"href":"https:\/\/www.shqiperia.com\/blog\/wp-json\/wp\/v2\/posts\/11473\/revisions\/11476"}],"wp:featuredmedia":[{"embeddable":true,"href":"https:\/\/www.shqiperia.com\/blog\/wp-json\/wp\/v2\/media\/11474"}],"wp:attachment":[{"href":"https:\/\/www.shqiperia.com\/blog\/wp-json\/wp\/v2\/media?parent=11473"}],"wp:term":[{"taxonomy":"category","embeddable":true,"href":"https:\/\/www.shqiperia.com\/blog\/wp-json\/wp\/v2\/categories?post=11473"},{"taxonomy":"post_tag","embeddable":true,"href":"https:\/\/www.shqiperia.com\/blog\/wp-json\/wp\/v2\/tags?post=11473"}],"curies":[{"name":"wp","href":"https:\/\/api.w.org\/{rel}","templated":true}]}}