{"id":11290,"date":"2018-09-09T14:14:09","date_gmt":"2018-09-09T14:14:09","guid":{"rendered":"http:\/\/www.shqiperia.com\/blog\/?p=11290"},"modified":"2018-09-09T14:14:09","modified_gmt":"2018-09-09T14:14:09","slug":"nje-qytet-mesjetar-sot-i-zhdukur","status":"publish","type":"post","link":"https:\/\/www.shqiperia.com\/blog\/nje-qytet-mesjetar-sot-i-zhdukur\/","title":{"rendered":"Nj\u00eb qytet mesjetar, sot i zhdukur. &#8211;"},"content":{"rendered":"<p><img data-recalc-dims=\"1\" loading=\"lazy\" decoding=\"async\" data-attachment-id=\"11291\" data-permalink=\"https:\/\/www.shqiperia.com\/blog\/nje-qytet-mesjetar-sot-i-zhdukur\/zverneci\/\" data-orig-file=\"https:\/\/i0.wp.com\/www.shqiperia.com\/blog\/wp-content\/uploads\/2018\/09\/Zverneci.jpg?fit=295%2C148&amp;ssl=1\" data-orig-size=\"295,148\" data-comments-opened=\"1\" data-image-meta=\"{&quot;aperture&quot;:&quot;0&quot;,&quot;credit&quot;:&quot;&quot;,&quot;camera&quot;:&quot;&quot;,&quot;caption&quot;:&quot;&quot;,&quot;created_timestamp&quot;:&quot;0&quot;,&quot;copyright&quot;:&quot;&quot;,&quot;focal_length&quot;:&quot;0&quot;,&quot;iso&quot;:&quot;0&quot;,&quot;shutter_speed&quot;:&quot;0&quot;,&quot;title&quot;:&quot;&quot;,&quot;orientation&quot;:&quot;0&quot;}\" data-image-title=\"Zverneci\" data-image-description=\"\" data-image-caption=\"\" data-medium-file=\"https:\/\/i0.wp.com\/www.shqiperia.com\/blog\/wp-content\/uploads\/2018\/09\/Zverneci.jpg?fit=295%2C148&amp;ssl=1\" data-large-file=\"https:\/\/i0.wp.com\/www.shqiperia.com\/blog\/wp-content\/uploads\/2018\/09\/Zverneci.jpg?fit=295%2C148&amp;ssl=1\" class=\"alignnone size-full wp-image-11291\" alt=\"\" src=\"https:\/\/i0.wp.com\/www.shqiperia.com\/blog\/wp-content\/uploads\/2018\/09\/Zverneci.jpg?resize=295%2C148\" width=\"295\" height=\"148\" \/><\/p>\n<p><strong>Nj\u00eb qytet mesjetar, sot i zhdukur. &#8211;<\/strong><\/p>\n<p>Spinarica ka qen\u00eb nj\u00eb qytet mesjetar me r\u00ebnd\u00ebsi n\u00eb bregdetin e Adriatikut, buz\u00eb kanalit t\u00eb lagun\u00ebs s\u00eb Nart\u00ebs.<\/p>\n<p>Ende sot n\u00eb Zv\u00ebrnec t\u00eb Vlor\u00ebs, n\u00eb nj\u00eb ishull gjendet kisha p\u00ebrkat\u00ebse e stilit bizantin.<\/p>\n<p>Spinarica kaloi nga sundimi i Bizantit n\u00ebn Venedikun, hohenshtauf\u00ebt, Anzhiuni\u00ebt dhe ishte m\u00eb n\u00eb fund pjes\u00eb e Despotatit t\u00eb Vlor\u00ebs.<\/p>\n<p>Spinarica pati nj\u00eb veprimtari t\u00eb gjal\u00eb tregtare, ve\u00e7an\u00ebrisht q\u00eb nga gjysma e dyt\u00eb e shek XII deir n\u00eb gjysm\u00ebn e par\u00eb t\u00eb shek. XIV.<\/p>\n<p>Ajo tregtonte sidomos me drith\u00ebra, krip\u00eb, hekur, sende ushqimore, drur\u00eb, m\u00ebndafsh, prodhime luksi.<\/p>\n<p><img data-recalc-dims=\"1\" loading=\"lazy\" decoding=\"async\" data-attachment-id=\"11292\" data-permalink=\"https:\/\/www.shqiperia.com\/blog\/nje-qytet-mesjetar-sot-i-zhdukur\/zverneci-2\/\" data-orig-file=\"https:\/\/i0.wp.com\/www.shqiperia.com\/blog\/wp-content\/uploads\/2018\/09\/Zverneci-2.jpg?fit=340%2C148&amp;ssl=1\" data-orig-size=\"340,148\" data-comments-opened=\"1\" data-image-meta=\"{&quot;aperture&quot;:&quot;0&quot;,&quot;credit&quot;:&quot;&quot;,&quot;camera&quot;:&quot;&quot;,&quot;caption&quot;:&quot;&quot;,&quot;created_timestamp&quot;:&quot;0&quot;,&quot;copyright&quot;:&quot;&quot;,&quot;focal_length&quot;:&quot;0&quot;,&quot;iso&quot;:&quot;0&quot;,&quot;shutter_speed&quot;:&quot;0&quot;,&quot;title&quot;:&quot;&quot;,&quot;orientation&quot;:&quot;0&quot;}\" data-image-title=\"Zverneci (2)\" data-image-description=\"\" data-image-caption=\"\" data-medium-file=\"https:\/\/i0.wp.com\/www.shqiperia.com\/blog\/wp-content\/uploads\/2018\/09\/Zverneci-2.jpg?fit=300%2C131&amp;ssl=1\" data-large-file=\"https:\/\/i0.wp.com\/www.shqiperia.com\/blog\/wp-content\/uploads\/2018\/09\/Zverneci-2.jpg?fit=340%2C148&amp;ssl=1\" class=\"alignnone  wp-image-11292\" alt=\"\" src=\"https:\/\/i0.wp.com\/www.shqiperia.com\/blog\/wp-content\/uploads\/2018\/09\/Zverneci-2-300x131.jpg?resize=802%2C350\" width=\"802\" height=\"350\" srcset=\"https:\/\/i0.wp.com\/www.shqiperia.com\/blog\/wp-content\/uploads\/2018\/09\/Zverneci-2.jpg?resize=300%2C131&amp;ssl=1 300w, https:\/\/i0.wp.com\/www.shqiperia.com\/blog\/wp-content\/uploads\/2018\/09\/Zverneci-2.jpg?w=340&amp;ssl=1 340w\" sizes=\"auto, (max-width: 802px) 100vw, 802px\" \/><\/p>\n<p>Venediku, Raguza, Pula dhe Zara etj pat\u00ebn n\u00eb Spinaric\u00eb konsujt e tyre.<\/p>\n<p>Roli i saj tregtar ra n\u00eb fund t\u00eb shek. XIV.<\/p>\n<p>Pas pushtimit osman m\u00eb 1417 Spinarica nuk p\u00ebrmendet m\u00eb si qytet.<\/p>\n","protected":false},"excerpt":{"rendered":"<p>Nj\u00eb qytet mesjetar, sot i zhdukur. &#8211; Spinarica ka qen\u00eb nj\u00eb qytet mesjetar me r\u00ebnd\u00ebsi n\u00eb bregdetin e Adriatikut, buz\u00eb kanalit t\u00eb lagun\u00ebs s\u00eb Nart\u00ebs. Ende sot n\u00eb Zv\u00ebrnec t\u00eb Vlor\u00ebs, n\u00eb nj\u00eb ishull gjendet kisha p\u00ebrkat\u00ebse e stilit bizantin. Spinarica kaloi nga sundimi i Bizantit n\u00ebn Venedikun, hohenshtauf\u00ebt, Anzhiuni\u00ebt dhe ishte m\u00eb n\u00eb fund [&hellip;]<\/p>\n","protected":false},"author":9,"featured_media":11291,"comment_status":"open","ping_status":"open","sticky":false,"template":"","format":"standard","meta":{"jetpack_post_was_ever_published":false,"_jetpack_newsletter_access":"","_jetpack_dont_email_post_to_subs":false,"_jetpack_newsletter_tier_id":0,"_jetpack_memberships_contains_paywalled_content":false,"_jetpack_memberships_contains_paid_content":false,"footnotes":"","jetpack_publicize_message":"","jetpack_publicize_feature_enabled":true,"jetpack_social_post_already_shared":true,"jetpack_social_options":{"image_generator_settings":{"template":"highway","default_image_id":0,"font":"","enabled":false},"version":2}},"categories":[85,10,86],"tags":[],"class_list":["post-11290","post","type-post","status-publish","format-standard","has-post-thumbnail","hentry","category-histori","category-kultura","category-trashegimi-kulturore"],"jetpack_publicize_connections":[],"jetpack_featured_media_url":"https:\/\/i0.wp.com\/www.shqiperia.com\/blog\/wp-content\/uploads\/2018\/09\/Zverneci.jpg?fit=295%2C148&ssl=1","jetpack_sharing_enabled":true,"jetpack_shortlink":"https:\/\/wp.me\/p5Z6wp-2W6","jetpack-related-posts":[{"id":928,"url":"https:\/\/www.shqiperia.com\/blog\/sarda-shurrdhahu-qytet-mesjetar-album-fotografik\/","url_meta":{"origin":11290,"position":0},"title":"Sarda (Shurrdhahu), qytet mesjetar, + (Album fotografik)","author":"Kurt Farka","date":"January 9, 2018","format":false,"excerpt":"Qyteti mesjetar\u00a0Sarda, sot kalaja e Shurdhahut ndodhet nj\u00eb ishull t\u00eb liqenit Vau-Dej\u00ebs af\u00ebrsisht 16.09\u00a0km nga qyteza e Vau-Dej\u00ebsit dhe 6.4\u00a0km nga fshati Rragam i cili ndodhet 9\u00a0km nga qyteti iShkodres. Zona p\u00ebrreth k\u00ebsaj qendre kulturore \u00ebsht\u00eb nj\u00eb nga vendet m\u00eb t\u00eb r\u00ebnd\u00ebsishme arkeologjike dhe historike. Qyteza e Sard\u00ebs deri n\u00eb\u2026","rel":"","context":"In &quot;Trashegimi Kulturore&quot;","block_context":{"text":"Trashegimi Kulturore","link":"https:\/\/www.shqiperia.com\/blog\/category\/trashegimi-kulturore\/"},"img":{"alt_text":"","src":"https:\/\/i0.wp.com\/www.shqiperia.com\/blog\/wp-content\/uploads\/2018\/01\/20155606_1246756392136953_5580553144108303236_n.jpg?fit=960%2C576&ssl=1&resize=350%2C200","width":350,"height":200,"srcset":"https:\/\/i0.wp.com\/www.shqiperia.com\/blog\/wp-content\/uploads\/2018\/01\/20155606_1246756392136953_5580553144108303236_n.jpg?fit=960%2C576&ssl=1&resize=350%2C200 1x, https:\/\/i0.wp.com\/www.shqiperia.com\/blog\/wp-content\/uploads\/2018\/01\/20155606_1246756392136953_5580553144108303236_n.jpg?fit=960%2C576&ssl=1&resize=525%2C300 1.5x, https:\/\/i0.wp.com\/www.shqiperia.com\/blog\/wp-content\/uploads\/2018\/01\/20155606_1246756392136953_5580553144108303236_n.jpg?fit=960%2C576&ssl=1&resize=700%2C400 2x"},"classes":[]},{"id":35884,"url":"https:\/\/www.shqiperia.com\/blog\/moikom-zeqo-emri-biblik-i-sardes-shqiptare\/","url_meta":{"origin":11290,"position":1},"title":"Moikom Zeqo: &#8211; Emri biblik i Sard\u00ebs ( Shurrdhahut) shqiptare","author":"Kurt Farka","date":"June 20, 2020","format":false,"excerpt":"Moikom Zeqo: - Emri biblik i Sard\u00ebs (Shurrdhahut) shqiptare 2018 Moikom Zeqo Bibla e shenjt\u00eb \u00ebsht\u00eb nj\u00eb kryethesar i jasht\u00ebzakonsh\u00ebm kulturor dhe mitik i njer\u00ebzimit. Krishterimi i hersh\u00ebm iliro shqiptar p\u00ebrvet\u00ebsoi ide por edhe toponime t\u00eb marra drejtp\u00ebrdrejt nga Bibla e Shenjt\u00eb. Shfletoj nj\u00eb nga librat m\u00eb t\u00eb \u00e7uditsh\u00ebm t\u00eb\u2026","rel":"","context":"In &quot;Histori&quot;","block_context":{"text":"Histori","link":"https:\/\/www.shqiperia.com\/blog\/category\/histori\/"},"img":{"alt_text":"","src":"https:\/\/i0.wp.com\/www.shqiperia.com\/blog\/wp-content\/uploads\/2020\/06\/Sarda-Shurrdhahu.jpg?fit=1024%2C548&ssl=1&resize=350%2C200","width":350,"height":200,"srcset":"https:\/\/i0.wp.com\/www.shqiperia.com\/blog\/wp-content\/uploads\/2020\/06\/Sarda-Shurrdhahu.jpg?fit=1024%2C548&ssl=1&resize=350%2C200 1x, https:\/\/i0.wp.com\/www.shqiperia.com\/blog\/wp-content\/uploads\/2020\/06\/Sarda-Shurrdhahu.jpg?fit=1024%2C548&ssl=1&resize=525%2C300 1.5x, https:\/\/i0.wp.com\/www.shqiperia.com\/blog\/wp-content\/uploads\/2020\/06\/Sarda-Shurrdhahu.jpg?fit=1024%2C548&ssl=1&resize=700%2C400 2x"},"classes":[]},{"id":65890,"url":"https:\/\/www.shqiperia.com\/blog\/ikona-lindja-e-krishtit-nje-nga-veprat-e-vecanta-qe-ruhen-ne-muzeun-e-artit-mesjetar-korce\/","url_meta":{"origin":11290,"position":2},"title":"Ikona \u201cLindja e Krishtit\u201d, nj\u00eb nga veprat e vecanta q\u00eb ruhen n\u00eb Muzeun e Artit Mesjetar Korce","author":"Kurt Farka","date":"December 31, 2022","format":false,"excerpt":"31 Dhjetor 2022 Gazeta Sot Muzeu Komb\u00ebtar i Artit Mesjetar, n\u00eb Kor\u00e7\u00eb, \u00ebsht\u00eb nj\u00eb nga qendrat muzeore m\u00eb t\u00eb r\u00ebnd\u00ebsishme t\u00eb Shqip\u00ebris\u00eb. N\u00eb ambientet e tij ruhet dhe ikona \u201cLindja e Krishtit\u201d. Muzeu b\u00ebn me dije se ikona ishte pjes\u00eb e ikonostasit t\u00eb katedrales \u201cBurimi Jet\u00ebdh\u00ebn\u00ebs\u201d. \u201cG\u00ebzuar nga Muzeu Komb\u00ebtar\u2026","rel":"","context":"In &quot;Arte&quot;","block_context":{"text":"Arte","link":"https:\/\/www.shqiperia.com\/blog\/category\/arte\/"},"img":{"alt_text":"","src":"https:\/\/i0.wp.com\/www.shqiperia.com\/blog\/wp-content\/uploads\/2022\/12\/Lindja-e-Krishtit-e-Konstandin-Zografit-ragment.jpg?fit=800%2C534&ssl=1&resize=350%2C200","width":350,"height":200,"srcset":"https:\/\/i0.wp.com\/www.shqiperia.com\/blog\/wp-content\/uploads\/2022\/12\/Lindja-e-Krishtit-e-Konstandin-Zografit-ragment.jpg?fit=800%2C534&ssl=1&resize=350%2C200 1x, https:\/\/i0.wp.com\/www.shqiperia.com\/blog\/wp-content\/uploads\/2022\/12\/Lindja-e-Krishtit-e-Konstandin-Zografit-ragment.jpg?fit=800%2C534&ssl=1&resize=525%2C300 1.5x, https:\/\/i0.wp.com\/www.shqiperia.com\/blog\/wp-content\/uploads\/2022\/12\/Lindja-e-Krishtit-e-Konstandin-Zografit-ragment.jpg?fit=800%2C534&ssl=1&resize=700%2C400 2x"},"classes":[]},{"id":8162,"url":"https:\/\/www.shqiperia.com\/blog\/saxa-et-documenta-loquuntur-guret-dhe-dokumentet-qe-flasin-belas-belasice-qytet-mesjetar-i-harruar-i-kosoves\/","url_meta":{"origin":11290,"position":3},"title":"Saxa et documenta loquuntur (Gur\u00ebt dhe dokumentet q\u00eb flasin): Belas-Belasic\u00eb, qytet mesjetar i harruar i Kosov\u00ebs! &#8211;","author":"Kurt Farka","date":"May 31, 2018","format":false,"excerpt":"Saxa et documenta loquuntur (Gur\u00ebt dhe dokumentet q\u00eb flasin): Belas-Belasic\u00eb, qytet mesjetar i harruar i Kosov\u00ebs! Nga: Jahja Drancolli-Prishtine. M\u00eb ndihm\u00ebn e koleg\u00ebve t\u00eb mi, MA. sc. Ermal Gashi, Prof. Afrim Azemi, dhe nx\u00ebn\u00ebsit Xheladin Azemi (korrik 2014), nxorr\u00ebm n\u00eb drit\u00eb vet\u00ebm nj\u00eb donzhon (kull\u00eb t\u00eb madhe), si dhe shum\u00eb\u2026","rel":"","context":"In &quot;Blogu i Udh\u00ebtarit&quot;","block_context":{"text":"Blogu i Udh\u00ebtarit","link":"https:\/\/www.shqiperia.com\/blog\/category\/blogu-i-udhetarit\/"},"img":{"alt_text":"","src":"https:\/\/i0.wp.com\/www.shqiperia.com\/blog\/wp-content\/uploads\/2018\/05\/Mkulle-Podujeve-Jahja-Drancolli.jpg?fit=839%2C446&ssl=1&resize=350%2C200","width":350,"height":200,"srcset":"https:\/\/i0.wp.com\/www.shqiperia.com\/blog\/wp-content\/uploads\/2018\/05\/Mkulle-Podujeve-Jahja-Drancolli.jpg?fit=839%2C446&ssl=1&resize=350%2C200 1x, https:\/\/i0.wp.com\/www.shqiperia.com\/blog\/wp-content\/uploads\/2018\/05\/Mkulle-Podujeve-Jahja-Drancolli.jpg?fit=839%2C446&ssl=1&resize=525%2C300 1.5x, https:\/\/i0.wp.com\/www.shqiperia.com\/blog\/wp-content\/uploads\/2018\/05\/Mkulle-Podujeve-Jahja-Drancolli.jpg?fit=839%2C446&ssl=1&resize=700%2C400 2x"},"classes":[]},{"id":7119,"url":"https:\/\/www.shqiperia.com\/blog\/monumente-ulpiana-prishtine\/","url_meta":{"origin":11290,"position":4},"title":"Monumente &#8211; Ulpiana, Prishtine. &#8211;","author":"Kurt Farka","date":"May 6, 2018","format":false,"excerpt":"Ulpiana, Prishtine. -Ulpiana \u00ebsht\u00eb nj\u00eb qytet romak i themeluar n\u00eb fillim t\u00eb shekullit II nga perandori Trajan. G\u00ebrmimet arkeologjike kan\u00eb dh\u00ebn\u00eb gjurm\u00eb t\u00eb jet\u00ebs pararomake, por jo aq sa p\u00ebr t\u00eb th\u00ebn\u00eb se Ulpiana \u00ebsht\u00eb nj\u00eb qytet ilir. Ulpiana \u00ebsht\u00eb nj\u00eb vazhdim\u00ebsi e nj\u00eb vendbanimi ilir. Qyteti ndodhej af\u00ebr qytetit\u2026","rel":"","context":"In &quot;Histori&quot;","block_context":{"text":"Histori","link":"https:\/\/www.shqiperia.com\/blog\/category\/histori\/"},"img":{"alt_text":"","src":"https:\/\/i0.wp.com\/www.shqiperia.com\/blog\/wp-content\/uploads\/2018\/05\/17861852_1866394253601656_8765879734558100336_n.jpg?fit=933%2C635&ssl=1&resize=350%2C200","width":350,"height":200,"srcset":"https:\/\/i0.wp.com\/www.shqiperia.com\/blog\/wp-content\/uploads\/2018\/05\/17861852_1866394253601656_8765879734558100336_n.jpg?fit=933%2C635&ssl=1&resize=350%2C200 1x, https:\/\/i0.wp.com\/www.shqiperia.com\/blog\/wp-content\/uploads\/2018\/05\/17861852_1866394253601656_8765879734558100336_n.jpg?fit=933%2C635&ssl=1&resize=525%2C300 1.5x, https:\/\/i0.wp.com\/www.shqiperia.com\/blog\/wp-content\/uploads\/2018\/05\/17861852_1866394253601656_8765879734558100336_n.jpg?fit=933%2C635&ssl=1&resize=700%2C400 2x"},"classes":[]},{"id":2804,"url":"https:\/\/www.shqiperia.com\/blog\/bylisi-qytet-antik-ilir-themeluar-ne-mesin-e-shek-iv-p-e-s\/","url_meta":{"origin":11290,"position":5},"title":"Bylisi qytet antik Ilir i themeluar n\u00eb mesin e shek. IV p.e.s.","author":"Kurt Farka","date":"February 10, 2018","format":false,"excerpt":"\u00a0Bylisi \u00ebsht\u00eb nj\u00eb nga qytetet antike m\u00eb t\u00eb r\u00ebnd\u00ebsish\u00ebm t\u00eb vendit, i themeluar n\u00eb mesin e shek. IV p.e.s. Shum\u00eb shpejt\u00eb Bylisi mori pamjen e nj\u00eb qyteti t\u00eb madh dhe t\u00eb zhvilluar p\u00ebr koh\u00ebn.\u00a0 Ka disa koh\u00eb q\u00eb togfjal\u00ebshi \u201cPark (apo Parqe) Arkeologjike\u201d po z\u00eb vend gjithnj\u00eb e m\u00eb shum\u00eb\u2026","rel":"","context":"In &quot;Histori&quot;","block_context":{"text":"Histori","link":"https:\/\/www.shqiperia.com\/blog\/category\/histori\/"},"img":{"alt_text":"","src":"https:\/\/i0.wp.com\/www.shqiperia.com\/blog\/wp-content\/uploads\/2018\/02\/Parku-Arkeologjik-Bylis-4.jpg?fit=445%2C242&ssl=1&resize=350%2C200","width":350,"height":200},"classes":[]}],"_links":{"self":[{"href":"https:\/\/www.shqiperia.com\/blog\/wp-json\/wp\/v2\/posts\/11290","targetHints":{"allow":["GET"]}}],"collection":[{"href":"https:\/\/www.shqiperia.com\/blog\/wp-json\/wp\/v2\/posts"}],"about":[{"href":"https:\/\/www.shqiperia.com\/blog\/wp-json\/wp\/v2\/types\/post"}],"author":[{"embeddable":true,"href":"https:\/\/www.shqiperia.com\/blog\/wp-json\/wp\/v2\/users\/9"}],"replies":[{"embeddable":true,"href":"https:\/\/www.shqiperia.com\/blog\/wp-json\/wp\/v2\/comments?post=11290"}],"version-history":[{"count":1,"href":"https:\/\/www.shqiperia.com\/blog\/wp-json\/wp\/v2\/posts\/11290\/revisions"}],"predecessor-version":[{"id":11293,"href":"https:\/\/www.shqiperia.com\/blog\/wp-json\/wp\/v2\/posts\/11290\/revisions\/11293"}],"wp:featuredmedia":[{"embeddable":true,"href":"https:\/\/www.shqiperia.com\/blog\/wp-json\/wp\/v2\/media\/11291"}],"wp:attachment":[{"href":"https:\/\/www.shqiperia.com\/blog\/wp-json\/wp\/v2\/media?parent=11290"}],"wp:term":[{"taxonomy":"category","embeddable":true,"href":"https:\/\/www.shqiperia.com\/blog\/wp-json\/wp\/v2\/categories?post=11290"},{"taxonomy":"post_tag","embeddable":true,"href":"https:\/\/www.shqiperia.com\/blog\/wp-json\/wp\/v2\/tags?post=11290"}],"curies":[{"name":"wp","href":"https:\/\/api.w.org\/{rel}","templated":true}]}}