{"id":11,"date":"2015-04-05T14:43:21","date_gmt":"2015-04-05T14:43:21","guid":{"rendered":"http:\/\/www.shqiperia.com\/blog\/?p=11"},"modified":"2015-04-28T00:54:30","modified_gmt":"2015-04-28T00:54:30","slug":"dy-fjale-mbi-librin-dy-dekada-me-shqiptaret-e-frances-te-autorit-abaz-pllana","status":"publish","type":"post","link":"https:\/\/www.shqiperia.com\/blog\/dy-fjale-mbi-librin-dy-dekada-me-shqiptaret-e-frances-te-autorit-abaz-pllana\/","title":{"rendered":"Dy fjal\u00eb mbi librin &#8220;Dy dekada me shqiptar\u00ebt e Franc\u00ebs&#8221; t\u00eb autorit Abaz Pllana"},"content":{"rendered":"<p>Lyon, Mars 2015<br \/>\nDr. Faik Qytyky<\/p>\n<p>N\u00eb fest\u00ebn e tet\u00ebvjetorit t\u00eb Pavar\u00ebsis\u00eb s\u00eb Kosov\u00ebs, organizuar nga Shoq\u00ebria Shqiptare &#8220;Iliria&#8221; e komunitetit shqiptar n\u00eb Lion t\u00eb Franc\u00ebs, patrioti dhe veprimtari i njohur i \u00e7\u00ebshtjes son\u00eb komb\u00ebtare, Abaz Pllana, promovoi librin e tij t\u00eb ri &#8220;Dy dekada me shqiptar\u00ebt e Franc\u00ebs&#8221; .<\/p>\n<p>Libri i zotit Abaz \u00ebsht\u00eb nj\u00eb d\u00ebshmi autentike e p\u00ebrpjekjeve dhe sakrificave, e rolit q\u00eb ka luajtur dhe kontributet q\u00eb ka dh\u00ebn\u00eb komuniteti i m\u00ebrgimtar\u00ebve shqiptar\u00eb n\u00eb Franc\u00eb, i bashkuar fillimisht rreth Shoq\u00ebris\u00eb &#8220;Fan Noli&#8221; e m\u00eb von\u00eb asaj &#8220;Iliria&#8221;, n\u00eb luft\u00ebn e p\u00ebrbashk\u00ebt t\u00eb popullit shqiptar p\u00ebr \u00e7lirimin e Kosov\u00ebs nga pushtuesit serb\u00eb, p\u00ebr arritjen e liris\u00eb dhe pavar\u00ebsis\u00eb s\u00eb saj, p\u00ebr mbrojtjen dhe propagandimin e \u00e7\u00ebshtjes son\u00eb komb\u00ebtare, t\u00eb gjuh\u00ebs e t\u00eb kultur\u00ebs, t\u00eb historis\u00eb e t\u00eb traditave t\u00eb pasura t\u00eb popullit ton\u00eb t\u00eb lasht\u00eb.<\/p>\n<p>Me botimin e k\u00ebtij libri, zoti Abaz ka nderuar veten dhe familjen e tij, ka nderuar secilin nga ne m\u00ebrgimtar\u00ebt, ka nderuar \u00e7do shqiptar.<\/p>\n<p>P\u00ebr p\u00ebrgatitjen dhe botimin e k\u00ebsaj vepre, autorit i \u00ebsht\u00eb dashur t\u00eb b\u00ebj\u00eb sakrifica t\u00eb m\u00ebdha, t\u00eb p\u00ebrballoj\u00eb nj\u00eb pun\u00eb mjaft\u00eb voluminoze disavje\u00e7are, t\u2019i p\u00ebrkushtohej asaj me k\u00ebmb\u00ebngulje, d\u00ebshir\u00eb e pasion t\u00eb admiruesh\u00ebm.<\/p>\n<p>\u00c7do faqe t\u00eb librit e p\u00ebrshkon v\u00ebrtet\u00ebsia dhe orgjinaliteti n\u00eb trajtimin dhe shtjellimin e problemeve, sinqeriteti, dashuria dhe respekti p\u00ebr shok\u00ebt e bashkatdhetar\u00ebt, fryma patriotike e humanitare, shqet\u00ebsimi p\u00ebr fatet e Kosov\u00ebs, t\u00eb popullit e t\u00eb kombit ton\u00eb, besimi i patundur n\u00eb zgjidhjen e drejt\u00eb e t\u00eb shpejt\u00eb t\u00eb \u00e7\u00ebshtjes son\u00eb komb\u00ebtare.<\/p>\n<p>Libri &#8220;Dy dekada me shqiptar\u00ebt e Franc\u00ebs&#8221; i zotit Abaz Pllana, ndon\u00ebse n\u00eb t\u00eb ka edhe cop\u00ebza kujtimesh, ndjenjash e impresione personale t\u00eb autorit, par\u00eb nga problemet q\u00eb trajton dhe nga m\u00ebnyra si paraqiten ato, p\u00ebrb\u00ebn nj\u00eb botim me karakter t\u00eb mir\u00ebfillt\u00eb historik. Me fakte e dokumente autentike autori shtjellon n\u00eb m\u00ebnyr\u00eb kronologjike historin\u00eb nj\u00ebzetvje\u00e7are, t\u00eb jet\u00ebs dhe veprimtaris\u00eb politike atdhetare, shoq\u00ebrore e organizative, arsimore, kulturore e artistike e t\u00eb tjera t\u00eb komunitetit shqiptar t\u00eb emigrant\u00ebve n\u00eb Franc\u00eb. Si i till\u00eb ai ka vlera t\u00eb shumta edukative e shkencore aktuale edhe p\u00ebr t\u00eb ardhmen. Ai \u00ebsht\u00eb nj\u00eb ndihm\u00eb e \u00e7muar p\u00ebr t\u00eb gjitha komunitetet e emigrant\u00ebve shqiptar\u00eb kudo ku jetojn\u00eb e punojn\u00eb.<\/p>\n<p>\u00cbsht\u00eb v\u00ebrtetuar shkenc\u00ebrisht se pakicat komb\u00ebtare, kur nuk keqp\u00ebrdoren nga politika e politikan\u00ebt, kan\u00eb qen\u00eb dhe jan\u00eb ura lidh\u00ebse t\u00eb miq\u00ebsis\u00eb e t\u00eb bashk\u00ebpunimit midis popujve. Nd\u00ebrsa komunitetet e emigrant\u00ebve jan\u00eb transmetues t\u00eb fuqish\u00ebm t\u00eb linjave t\u00eb gjata, p\u00ebr\u00e7ues t\u00eb nd\u00ebrsjellt\u00eb, t\u00eb dyansh\u00ebm, t\u00eb gjuh\u00ebs e t\u00eb kultur\u00ebs, t\u00eb miq\u00ebsis\u00eb, v\u00ebllaz\u00ebrimit e qytet\u00ebrimit, t\u00eb vlerave dhe idealeve m\u00eb t\u00eb p\u00ebrparuara midis popujve e kombeve. Libri i zotit Abaz Pllana d\u00ebshmon m\u00eb s\u00eb miri dhe me nj\u00eb v\u00ebrtet\u00ebsi t\u00eb pakontestueshme se sa me besnik\u00ebri, p\u00ebrkushtim e vendosm\u00ebri ka punuar, sa mund, p\u00ebrpjekje e sakrifica ka b\u00ebr\u00eb komuniteti shqiptar n\u00eb Franc\u00eb p\u00ebr kryerjen e k\u00ebtij misioni t\u00eb tij. Ky realitet, si v\u00ebrtetohet n\u00eb \u00e7do faqe t\u00eb librit t\u00eb zotit Abaz, shprehet n\u00eb dy aspektet e tij kryesore. Me prezenc\u00ebn dhe me pjes\u00ebmarrjen aktive t\u00eb personaliteteve t\u00eb larta politike e shoq\u00ebrore dhe figurave t\u00eb shquara shkencore, artistike e kulturore si dhe e dhjet\u00ebra e qindra madje edhe mij\u00ebra qytetar\u00ebve francez si n\u00eb veprimtarin\u00eb kulturore e artistike e shkencore ashtu edhe n\u00eb ato politike n\u00eb p\u00ebrkrahje e mb\u00ebshtetje t\u00eb \u00e7\u00ebshtjes son\u00eb komb\u00ebtare, t\u00eb organizuara k\u00ebto nga komuniteti shqiptar n\u00eb Franc\u00eb, n\u00ebn drejtimin fillimisht t\u00eb Shoq\u00ebris\u00eb &#8220;Fan Noli&#8221; e m\u00eb pas t\u00eb asaj &#8220;Iliria&#8221;.<\/p>\n<p>Nga ana tjet\u00ebr komuniteti shqiptar n\u00eb Franc\u00eb ka dh\u00ebn\u00eb dhe jep nj\u00eb kontribut t\u00eb vyer me pjes\u00ebmarrjen e gjer\u00eb dhe aktive t\u00eb tij n\u00eb veprimtarit\u00eb dhe jet\u00ebn politike, social-kulturore dhe ekonomike t\u00eb shoq\u00ebris\u00eb franceze, n\u00eb pasurimin e saj me prurje t\u00eb reja origjinale nga gjuha, kultura e traditat shqiptare, \u00e7ka d\u00ebshmon se p\u00ebr integrimin e tyre me dinjitet (jo asimilimin) n\u00eb shoq\u00ebri franceze ku ata jetojn\u00eb e punojn\u00eb ashtu edhe p\u00ebr ruajtjen e identitietit t\u00eb tyre t\u00eb t\u00eb qenurit shqiptar.<\/p>\n<p>Ne jemi bashk\u00ebkoh\u00ebs t\u00eb ngjarjeve q\u00eb pasqyrohen n\u00eb librin e zotit Abaz. Kush m\u00eb shum\u00eb e kush m\u00eb pak, n\u00eb nj\u00eb form\u00eb a nj\u00eb tjet\u00ebr jemi aktor\u00eb t\u00eb tyre dhe e gjejm\u00eb veten midis faqeve dhe rreshtave t\u00eb k\u00ebtij libri. Kjo mund t\u00eb ndikoj\u00eb e t\u00eb na shtyj\u00eb q\u00eb \u00e7\u00ebshtje t\u00eb trajtuara n\u00eb librin e zotit Abaz t\u00eb na duken si t\u00eb njohura dhe mund t\u00eb mos i konceptojm\u00eb sa e si duhet vlerat e saj historike, vlera q\u00eb sa m\u00eb shum\u00eb vite t\u00eb kalojn\u00eb aq m\u00eb t\u00eb m\u00ebdha e t\u00eb \u00e7muara b\u00ebhen. P\u00ebr brezat e ardhsh\u00ebm ato do t\u00eb jen\u00eb xhevahir\u00eb.<\/p>\n<p>Albanolog\u00ebt shqiptar\u00eb b\u00ebjn\u00eb sakrifica t\u00eb m\u00ebdha duke rr\u00ebmuar si urithi n\u00ebp\u00ebr arkivat e bibliotekat e bot\u00ebs p\u00ebr t\u00eb gjetur th\u00ebrrime e grimca dokumentesh, fjal\u00ebsh apo frazash, mbi veprimtarin\u00eb patriotike, kulturore, arsimore e t\u00eb tjera n\u00eb sh\u00ebrbim t\u00eb \u00e7\u00ebshtjes komb\u00ebtare t\u00eb m\u00ebrgimtar\u00ebve shqiptar\u00eb, t\u00eb shoq\u00ebrive apo klubeve t\u00eb tyre t\u00eb dekadave e shekujve t\u00eb kaluar. Zoti Abaz me vepr\u00ebn e tij ua jep at\u00eb studiuesve dhe historian\u00ebve t\u00eb ardhsh\u00ebm t\u00eb gatshme, t\u00eb gjall\u00eb, me v\u00ebrtet\u00ebsi e dokumente autentike.<\/p>\n<p>D\u00ebshiroj t\u00eb n\u00ebnvizoj gjithashtu se nga p\u00ebrmbajtja dhe problemet e trajtuara n\u00eb k\u00ebt\u00eb vep\u00ebr buron nj\u00eb mesazh sa i r\u00ebnd\u00ebsish\u00ebm aq edhe gjithnj\u00eb aktual : Komunitetet e emigrant\u00ebve shqiptar\u00eb apo diaspora si\u00e7 em\u00ebrtohet shpesh, mund ta kryejn\u00eb me sukses misionin e tyre vet\u00ebm n\u00ebse k\u00ebto komunitetete veprojn\u00eb t\u00eb bashkuar e t\u00eb organizuar n\u00eb shoq\u00ebrira, shoqata apo klube q\u00eb p\u00ebr flamur t\u00eb tyre kan\u00eb vet\u00ebm idealin komb\u00ebtar, idealin e liris\u00eb e t\u00eb v\u00ebllaz\u00ebris\u00eb midis popujve, idealin e paqes e demokracis\u00eb, larg ndikimeve ideologjike, fetare, krahinore e patriotike.<\/p>\n<p>Duke e falenderuar dhe p\u00ebrg\u00ebzuar autorin, zotin Abaz Pllana, p\u00ebr vepr\u00ebn sa interesante aq edhe t\u00eb \u00e7muar q\u00eb na ka sjell\u00eb, i uroj atij suksese t\u00eb m\u00ebtejshme, mir\u00ebseardhje me botime t\u00eb reja.<\/p>\n","protected":false},"excerpt":{"rendered":"<p>Lyon, Mars 2015 Dr. Faik Qytyky N\u00eb fest\u00ebn e tet\u00ebvjetorit t\u00eb Pavar\u00ebsis\u00eb s\u00eb Kosov\u00ebs, organizuar nga Shoq\u00ebria Shqiptare &#8220;Iliria&#8221; e komunitetit shqiptar n\u00eb Lion t\u00eb Franc\u00ebs, patrioti dhe veprimtari i njohur i \u00e7\u00ebshtjes son\u00eb komb\u00ebtare, Abaz Pllana, promovoi librin e tij t\u00eb ri &#8220;Dy dekada me shqiptar\u00ebt e Franc\u00ebs&#8221; . Libri i zotit Abaz \u00ebsht\u00eb [&hellip;]<\/p>\n","protected":false},"author":4,"featured_media":0,"comment_status":"open","ping_status":"open","sticky":false,"template":"","format":"standard","meta":{"jetpack_post_was_ever_published":false,"_jetpack_newsletter_access":"","_jetpack_dont_email_post_to_subs":false,"_jetpack_newsletter_tier_id":0,"_jetpack_memberships_contains_paywalled_content":false,"_jetpack_memberships_contains_paid_content":false,"footnotes":"","jetpack_publicize_message":"","jetpack_publicize_feature_enabled":true,"jetpack_social_post_already_shared":true,"jetpack_social_options":{"image_generator_settings":{"template":"highway","default_image_id":0,"font":"","enabled":false},"version":2}},"categories":[10],"tags":[11,12],"class_list":["post-11","post","type-post","status-publish","format-standard","hentry","category-kultura","tag-libra","tag-shqiptaret-neper-bote"],"jetpack_publicize_connections":[],"jetpack_featured_media_url":"","jetpack_sharing_enabled":true,"jetpack_shortlink":"https:\/\/wp.me\/p5Z6wp-b","jetpack-related-posts":[{"id":56,"url":"https:\/\/www.shqiperia.com\/blog\/shoqeria-shqiptare-iliria-mbajti-mbledhjen-e-gjashte-te-pergjithshme\/","url_meta":{"origin":11,"position":0},"title":"Shoq\u00ebria Shqiptare \u201cIliria&#8221; mbajti Mbledhjen e Gjasht\u00eb t\u00eb P\u00ebrgjithshme","author":"shqiperia","date":"April 28, 2015","format":false,"excerpt":"N\u00eb Lyon m\u00eb 19 prill 2015, u mbajt Mbledhja e Gjasht\u00eb e P\u00ebrgjithshme e Shoq\u00ebris\u00eb Shqiptare \u201cIliria\u201d. N\u00eb pikat e rendit t\u00eb dit\u00ebs ishte parapar\u00eb nj\u00eb analiz\u00eb pun\u00ebs s\u00eb deritashme t\u00eb Shoq\u00ebris\u00eb, ndryshimet statutore si dhe zgjedhjet e reja p\u00ebr Kryesi t\u00eb Shoq\u00ebris\u00eb. Gjat\u00eb punimeve t\u00eb Mbledhjes u shqyrtuan t\u00eb\u2026","rel":"","context":"In &quot;Kultura&quot;","block_context":{"text":"Kultura","link":"https:\/\/www.shqiperia.com\/blog\/category\/kultura\/"},"img":{"alt_text":"Shoq\u00ebria Shqiptare ILIRIA","src":"https:\/\/i0.wp.com\/www.shqiperia.com\/blog\/wp-content\/uploads\/2015\/04\/iliria-shoqata.jpg?fit=1000%2C667&ssl=1&resize=350%2C200","width":350,"height":200,"srcset":"https:\/\/i0.wp.com\/www.shqiperia.com\/blog\/wp-content\/uploads\/2015\/04\/iliria-shoqata.jpg?fit=1000%2C667&ssl=1&resize=350%2C200 1x, https:\/\/i0.wp.com\/www.shqiperia.com\/blog\/wp-content\/uploads\/2015\/04\/iliria-shoqata.jpg?fit=1000%2C667&ssl=1&resize=525%2C300 1.5x, https:\/\/i0.wp.com\/www.shqiperia.com\/blog\/wp-content\/uploads\/2015\/04\/iliria-shoqata.jpg?fit=1000%2C667&ssl=1&resize=700%2C400 2x"},"classes":[]},{"id":26308,"url":"https:\/\/www.shqiperia.com\/blog\/dita-e-deshmoreve-te-kombit-deshmoret-e-monumenteve-kamber-benja\/","url_meta":{"origin":11,"position":1},"title":"Dita e Deshmoreve te Kombit. Deshmoret e Monumenteve &#8211; Kamber Benja","author":"Kurt Farka","date":"September 26, 2019","format":false,"excerpt":"Kamber B\u00ebnja, hero i monumenteve kulturore.\u00a0 Heronjt\u00eb\u00a0e monumenteve shqiptare t\u00eb trashgimis\u00eb kulturore ishin t\u00eb nd\u00ebrgjegjsh\u00ebm p\u00ebr aktin e tyre heroik dhe historik. K\u00ebshtu, ata u fut\u00ebn n\u00eb histori si heronjt\u00eb e monumenteve. Gjat\u00eb luftrave t\u00eb shumta q\u00eb ka kaluar Shqip\u00ebria, \u00ebsht\u00eb edhe lufta kulturore, q\u00eb pati heronjt\u00eb\u00a0e vet. Nj\u00eb nd\u00ebr\u2026","rel":"","context":"In &quot;Blogu i Udh\u00ebtarit&quot;","block_context":{"text":"Blogu i Udh\u00ebtarit","link":"https:\/\/www.shqiperia.com\/blog\/category\/blogu-i-udhetarit\/"},"img":{"alt_text":"","src":"https:\/\/i0.wp.com\/www.shqiperia.com\/blog\/wp-content\/uploads\/2019\/09\/Kamber-Benja-Copy.jpg?fit=471%2C301&ssl=1&resize=350%2C200","width":350,"height":200},"classes":[]},{"id":21089,"url":"https:\/\/www.shqiperia.com\/blog\/abaz-hado-elemente-te-kostumit-popullor-ne-artin-pamor-shqiptar\/","url_meta":{"origin":11,"position":2},"title":"Abaz Hado: Element\u00eb t\u00eb kostumit popullor n\u00eb artin pamor shqiptar. &#8211;","author":"Kurt Farka","date":"May 13, 2019","format":false,"excerpt":"Abaz Hado: Element\u00eb t\u00eb kostumit popullor n\u00eb artin pamor shqiptar. - Nga Arben Iliazi \u201cElemente t\u00eb kostumit popullor n\u00eb artin pamor shqiptar\u201d\u00a0\u00ebsht\u00eb botimi m\u00eb i ri i piktorit, studiuesit dhe profesorit t\u00eb njohur Abaz Hado Vepra \u00ebsht\u00eb nj\u00eb punim i shk\u00eblqyer, q\u00eb p\u00ebrmban nj\u00eb analiz\u00eb t\u00eb holl\u00ebsishme t\u00eb g\u00ebrshetimit kreativ\u2026","rel":"","context":"In &quot;Blogu i Udh\u00ebtarit&quot;","block_context":{"text":"Blogu i Udh\u00ebtarit","link":"https:\/\/www.shqiperia.com\/blog\/category\/blogu-i-udhetarit\/"},"img":{"alt_text":"","src":"https:\/\/i0.wp.com\/www.shqiperia.com\/blog\/wp-content\/uploads\/2019\/05\/Abaz-Hado.jpg?fit=696%2C363&ssl=1&resize=350%2C200","width":350,"height":200,"srcset":"https:\/\/i0.wp.com\/www.shqiperia.com\/blog\/wp-content\/uploads\/2019\/05\/Abaz-Hado.jpg?fit=696%2C363&ssl=1&resize=350%2C200 1x, https:\/\/i0.wp.com\/www.shqiperia.com\/blog\/wp-content\/uploads\/2019\/05\/Abaz-Hado.jpg?fit=696%2C363&ssl=1&resize=525%2C300 1.5x"},"classes":[]},{"id":20803,"url":"https:\/\/www.shqiperia.com\/blog\/ekspozita-nepermjet-artistit-dhe-kritikut-e-abaz-hodos-dhe-andon-kuqalit-celet-ne-muze\/","url_meta":{"origin":11,"position":3},"title":"Ekspozita &#8216;N\u00ebp\u00ebrmjet artistit dhe kritikut&#8217; e Abaz Hodos dhe Andon Kuqalit \u00e7elet n\u00eb muze. &#8211;","author":"Kurt Farka","date":"May 6, 2019","format":false,"excerpt":"Ekspozita 'N\u00ebp\u00ebrmjet artistit dhe kritikut' e Abaz Hodos dhe Andon Kuqalit \u00e7elet n\u00eb muze. - Ekspozita \u201cN\u00ebp\u00ebrmjet artistit dhe kritikut\u201d e dy artist\u00ebve Andon Kuqali dhe Abaz Hodo \u00ebsht\u00eb \u00e7elur n\u00eb Muzeun Historik Komb\u00ebtar. N\u00eb qend\u00ebr t\u00eb veprave t\u00eb Hados \u00ebsht\u00eb transformimi trangjinor dhe biblik i Ev\u00ebs dhe Adamit. Nd\u00ebrsa,\u2026","rel":"","context":"In &quot;Arte&quot;","block_context":{"text":"Arte","link":"https:\/\/www.shqiperia.com\/blog\/category\/arte\/"},"img":{"alt_text":"","src":"https:\/\/i0.wp.com\/www.shqiperia.com\/blog\/wp-content\/uploads\/2019\/05\/hqdefault.jpg?fit=480%2C360&ssl=1&resize=350%2C200","width":350,"height":200},"classes":[]},{"id":64861,"url":"https:\/\/www.shqiperia.com\/blog\/flamujt-kombetar-shqiptare-ne-veri-te-kosoves-per-festen-e-pavaresise-kombetare-alarmojne-beogradin-petkovic-duan-te-trembin-serbet\/","url_meta":{"origin":11,"position":4},"title":"Flamujt kombetar shqiptar\u00eb n\u00eb veri t\u00eb Kosov\u00ebs p\u00ebr fest\u00ebn e Pavar\u00ebsis\u00eb Kombetare alarmojn\u00eb Beogradin, Petkovi\u00e7: &#8211; Duan t\u00eb trembin serb\u00ebt!","author":"Kurt Farka","date":"November 27, 2022","format":false,"excerpt":"27 Nentor 2022 Simbolet shqiptare t\u00eb vendosura n\u00eb veri t\u00eb Kosov\u00ebs me rastin e fest\u00ebs s\u00eb Pavar\u00ebsis\u00eb s\u00eb Shqip\u00ebris\u00eb kan\u00eb alarmuar Beogradin. Flamujt komb\u00ebtar\u00eb t\u00eb Shqip\u00ebris\u00eb jan\u00eb shp\u00ebrndar\u00eb edhe te sht\u00ebpit\u00eb e shqiptar\u00ebve n\u00eb Kllokot, por duket se kjo gj\u00eb e shqet\u00ebson Serbin\u00eb. Petar Petkovi\u00e7, drejtori i t\u00eb ashtuquajtur\u00ebs Zyra\u2026","rel":"","context":"In &quot;Blogu i Udh\u00ebtarit&quot;","block_context":{"text":"Blogu i Udh\u00ebtarit","link":"https:\/\/www.shqiperia.com\/blog\/category\/blogu-i-udhetarit\/"},"img":{"alt_text":"","src":"https:\/\/i0.wp.com\/www.shqiperia.com\/blog\/wp-content\/uploads\/2022\/11\/640-0-6263237aa6aa30064e690d10f9bd1d94.jpg?fit=640%2C360&ssl=1&resize=350%2C200","width":350,"height":200,"srcset":"https:\/\/i0.wp.com\/www.shqiperia.com\/blog\/wp-content\/uploads\/2022\/11\/640-0-6263237aa6aa30064e690d10f9bd1d94.jpg?fit=640%2C360&ssl=1&resize=350%2C200 1x, https:\/\/i0.wp.com\/www.shqiperia.com\/blog\/wp-content\/uploads\/2022\/11\/640-0-6263237aa6aa30064e690d10f9bd1d94.jpg?fit=640%2C360&ssl=1&resize=525%2C300 1.5x"},"classes":[]},{"id":44557,"url":"https:\/\/www.shqiperia.com\/blog\/kerkohet-shkarkimi-urgjent-i-pandeli-majkos-nga-posti-i-ministrit-te-diaspores-shqiptare\/","url_meta":{"origin":11,"position":5},"title":"K\u00ebrkohet shkarkimi urgjent i Pandeli Majkos nga posti i ministrit t\u00eb diaspor\u00ebs shqiptare!","author":"Kurt Farka","date":"February 22, 2021","format":false,"excerpt":"K\u00ebrkohet shkarkimi urgjent i Pandeli Majkos nga posti i ministrit t\u00eb diaspor\u00ebs shqiptare! 21 SHKURT 2021 Nga: Gazeta Bota Sot, Prishtine Organizata Shqiptar\u00ebt e Bashkuar me seli n\u00eb Detroit t\u00eb Michiganit n\u00eb SHBA me k\u00ebt\u00eb MEMORANDUM DENONCUES, k\u00ebrkon: T\u00eb gjith\u00eb ata si Pandeli Majko, q\u00eb k\u00ebrkojn\u00eb \u201cmbylljen e historis\u00eb\u201d-k\u00ebrkojn\u00eb shuarjen\u2026","rel":"","context":"In &quot;Blogu i Udh\u00ebtarit&quot;","block_context":{"text":"Blogu i Udh\u00ebtarit","link":"https:\/\/www.shqiperia.com\/blog\/category\/blogu-i-udhetarit\/"},"img":{"alt_text":"","src":"https:\/\/i0.wp.com\/www.shqiperia.com\/blog\/wp-content\/uploads\/2021\/02\/pandeli-majko.jpg?fit=850%2C478&ssl=1&resize=350%2C200","width":350,"height":200,"srcset":"https:\/\/i0.wp.com\/www.shqiperia.com\/blog\/wp-content\/uploads\/2021\/02\/pandeli-majko.jpg?fit=850%2C478&ssl=1&resize=350%2C200 1x, https:\/\/i0.wp.com\/www.shqiperia.com\/blog\/wp-content\/uploads\/2021\/02\/pandeli-majko.jpg?fit=850%2C478&ssl=1&resize=525%2C300 1.5x, https:\/\/i0.wp.com\/www.shqiperia.com\/blog\/wp-content\/uploads\/2021\/02\/pandeli-majko.jpg?fit=850%2C478&ssl=1&resize=700%2C400 2x"},"classes":[]}],"_links":{"self":[{"href":"https:\/\/www.shqiperia.com\/blog\/wp-json\/wp\/v2\/posts\/11","targetHints":{"allow":["GET"]}}],"collection":[{"href":"https:\/\/www.shqiperia.com\/blog\/wp-json\/wp\/v2\/posts"}],"about":[{"href":"https:\/\/www.shqiperia.com\/blog\/wp-json\/wp\/v2\/types\/post"}],"author":[{"embeddable":true,"href":"https:\/\/www.shqiperia.com\/blog\/wp-json\/wp\/v2\/users\/4"}],"replies":[{"embeddable":true,"href":"https:\/\/www.shqiperia.com\/blog\/wp-json\/wp\/v2\/comments?post=11"}],"version-history":[{"count":2,"href":"https:\/\/www.shqiperia.com\/blog\/wp-json\/wp\/v2\/posts\/11\/revisions"}],"predecessor-version":[{"id":13,"href":"https:\/\/www.shqiperia.com\/blog\/wp-json\/wp\/v2\/posts\/11\/revisions\/13"}],"wp:attachment":[{"href":"https:\/\/www.shqiperia.com\/blog\/wp-json\/wp\/v2\/media?parent=11"}],"wp:term":[{"taxonomy":"category","embeddable":true,"href":"https:\/\/www.shqiperia.com\/blog\/wp-json\/wp\/v2\/categories?post=11"},{"taxonomy":"post_tag","embeddable":true,"href":"https:\/\/www.shqiperia.com\/blog\/wp-json\/wp\/v2\/tags?post=11"}],"curies":[{"name":"wp","href":"https:\/\/api.w.org\/{rel}","templated":true}]}}