{"id":10853,"date":"2018-08-20T18:34:47","date_gmt":"2018-08-20T18:34:47","guid":{"rendered":"http:\/\/www.shqiperia.com\/blog\/?p=10853"},"modified":"2020-01-24T02:02:06","modified_gmt":"2020-01-24T02:02:06","slug":"skandal-dokumenti-per-copetimin-e-kosoves-u-pergatit-nga-baton-haxhiu-keshilltar-i-rames-dhe-mik-i-thacit","status":"publish","type":"post","link":"https:\/\/www.shqiperia.com\/blog\/skandal-dokumenti-per-copetimin-e-kosoves-u-pergatit-nga-baton-haxhiu-keshilltar-i-rames-dhe-mik-i-thacit\/","title":{"rendered":"Skandal! -Dokumenti p\u00ebr cop\u00ebtimin e Kosov\u00ebs u p\u00ebrgatit nga Baton Haxhiu, k\u00ebshilltar i Ram\u00ebs dhe mik i Tha\u00e7it! &#8211;"},"content":{"rendered":"<p><img data-recalc-dims=\"1\" loading=\"lazy\" decoding=\"async\" data-attachment-id=\"10855\" data-permalink=\"https:\/\/www.shqiperia.com\/blog\/skandal-dokumenti-per-copetimin-e-kosoves-u-pergatit-nga-baton-haxhiu-keshilltar-i-rames-dhe-mik-i-thacit\/haxhiu-thaci-rama-copy\/\" data-orig-file=\"https:\/\/i0.wp.com\/www.shqiperia.com\/blog\/wp-content\/uploads\/2018\/08\/haxhiu-thaci-rama-Copy.jpg?fit=850%2C490&amp;ssl=1\" data-orig-size=\"850,490\" data-comments-opened=\"1\" data-image-meta=\"{&quot;aperture&quot;:&quot;0&quot;,&quot;credit&quot;:&quot;&quot;,&quot;camera&quot;:&quot;&quot;,&quot;caption&quot;:&quot;&quot;,&quot;created_timestamp&quot;:&quot;0&quot;,&quot;copyright&quot;:&quot;&quot;,&quot;focal_length&quot;:&quot;0&quot;,&quot;iso&quot;:&quot;0&quot;,&quot;shutter_speed&quot;:&quot;0&quot;,&quot;title&quot;:&quot;&quot;,&quot;orientation&quot;:&quot;0&quot;}\" data-image-title=\"haxhiu-thaci-rama &#8211; Copy\" data-image-description=\"\" data-image-caption=\"\" data-medium-file=\"https:\/\/i0.wp.com\/www.shqiperia.com\/blog\/wp-content\/uploads\/2018\/08\/haxhiu-thaci-rama-Copy.jpg?fit=300%2C173&amp;ssl=1\" data-large-file=\"https:\/\/i0.wp.com\/www.shqiperia.com\/blog\/wp-content\/uploads\/2018\/08\/haxhiu-thaci-rama-Copy.jpg?fit=850%2C490&amp;ssl=1\" class=\"alignnone size-medium wp-image-10855\" alt=\"\" src=\"https:\/\/i0.wp.com\/www.shqiperia.com\/blog\/wp-content\/uploads\/2018\/08\/haxhiu-thaci-rama-Copy-300x173.jpg?resize=300%2C173\" width=\"300\" height=\"173\" srcset=\"https:\/\/i0.wp.com\/www.shqiperia.com\/blog\/wp-content\/uploads\/2018\/08\/haxhiu-thaci-rama-Copy.jpg?resize=300%2C173&amp;ssl=1 300w, https:\/\/i0.wp.com\/www.shqiperia.com\/blog\/wp-content\/uploads\/2018\/08\/haxhiu-thaci-rama-Copy.jpg?resize=768%2C443&amp;ssl=1 768w, https:\/\/i0.wp.com\/www.shqiperia.com\/blog\/wp-content\/uploads\/2018\/08\/haxhiu-thaci-rama-Copy.jpg?w=850&amp;ssl=1 850w\" sizes=\"auto, (max-width: 300px) 100vw, 300px\" \/><\/p>\n<p><strong>Skandal! -Dokumenti p\u00ebr cop\u00ebtimin e Kosov\u00ebs u p\u00ebrgatit nga Baton Haxhiu, k\u00ebshilltar i Ram\u00ebs dhe mik i Tha\u00e7it! &#8211;<\/strong><\/p>\n<p>Nga: Nehat Shaqiri. Gazeta: Bota Sot, 20 gusht 2018.<\/p>\n<ul>\n<li>Ideja p\u00ebr cop\u00ebtimin e territorit t\u00eb Kosov\u00ebs, p\u00ebrve\u00e7 Serbis\u00eb, e cila po t\u00eb ket\u00eb mund\u00ebsi do e merrte Kosov\u00ebn deri n\u00eb Durr\u00ebs, po b\u00ebhet edhe m\u00eb skandaloze kur k\u00ebt\u00eb po e p\u00ebrkrahin shqiptar\u00ebt.<\/li>\n<\/ul>\n<p>Nj\u00eb avokat nga Shqip\u00ebria, ka zbuluar nj\u00eb dokument t\u00eb fondacionit Soros, e cila ka t\u00eb b\u00ebj\u00eb me ndarjen e Kosov\u00ebs.<\/p>\n<p>Nuk \u00ebsht\u00eb shum\u00eb p\u00ebr t&#8217;u befasuar me at\u00eb se \u00e7ka \u00ebsht\u00eb gjetur aty.<span><\/span><\/p>\n<p>Njeriu i UDB-s\u00eb, Baton Haxhiu, miku i ngusht\u00eb i Ivica Stanishi\u00e7it, ka gisht n\u00eb k\u00ebt\u00eb pun\u00eb.<\/p>\n<p>Por, normalisht q\u00eb ai vet\u00eb nuk ka mundur\u00a0ta p\u00ebrmbyll\u00eb k\u00ebt\u00eb agjend\u00eb\u00a0serbo \u2013 ruse, pa ndihm\u00ebn e madhe t\u00eb presidentit t\u00eb Kosov\u00ebs, Hashim Tha\u00e7it dhe kryeministrit shqiptar Edi Ram\u00ebs.<\/p>\n<p><strong>Avokati zbulon dokumentin e Sorosit<\/strong><\/p>\n<p>Avokati Altin Goxhaj, ka reaguar s\u00ebrish n\u00eb lidhje me mund\u00ebsit\u00eb p\u00ebr nj\u00eb korrigjim t\u00eb mundsh\u00ebm t\u00eb kufijve mes Kosov\u00ebs dhe Serbis\u00eb.<\/p>\n<p>Sipas Goxhajt, dokumenti \u00ebsht\u00eb hartuar n\u00eb vitin 2017 dhe mbi k\u00ebt\u00eb dokument \u00ebsht\u00eb p\u00ebrgatitur cop\u00ebtimi i Kosov\u00ebs.<\/p>\n<p>N\u00eb nj\u00eb postim n\u00eb faqen e tij n\u00eb rrjetet sociale, Goxhaj ka zbuluar dokumentin n\u00eb fjal\u00eb, nd\u00ebrsa thekson se sipas tij \u00ebsht\u00eb hartuar nga nj\u00eb deg\u00eb e fondacionit Soros.<\/p>\n<p>Goxhaj m\u00eb tej thot\u00eb se dokumenti \u00ebsht\u00eb p\u00ebrgatitur nga Baton Haxhiu, t\u00eb cilin e cil\u00ebson edhe si k\u00ebshilltari i Ram\u00ebs.<\/p>\n<p>\u201cJa Dokumenti me 450 faqe ne 2017 q\u00eb p\u00ebrgatiti cop\u00ebtimin e Kosov\u00ebs q\u00eb u p\u00ebrgatit nga Fondacioni Soros Kosov\u00eb (i k\u00ebshilltarit t\u00eb Edit dhe shoku i Fevzos: Baton Haxhiu) drejtohej nga Profesor\u00eb t\u00eb njohur Grek\u00eb q\u00eb p\u00ebrfaq\u00ebsojn\u00eb sipas Qeveris\u00eb Greke \u201cme t\u00eb mir\u00ebn e Greqis\u00eb\u201d!!!\u201d, shkruan Goxhaj n\u00eb postimin e tij.<\/p>\n<p><img data-recalc-dims=\"1\" loading=\"lazy\" decoding=\"async\" data-attachment-id=\"10856\" data-permalink=\"https:\/\/www.shqiperia.com\/blog\/skandal-dokumenti-per-copetimin-e-kosoves-u-pergatit-nga-baton-haxhiu-keshilltar-i-rames-dhe-mik-i-thacit\/haxhiu-thaci-rama-2\/\" data-orig-file=\"https:\/\/i0.wp.com\/www.shqiperia.com\/blog\/wp-content\/uploads\/2018\/08\/haxhiu-thaci-rama-1.jpg?fit=850%2C646&amp;ssl=1\" data-orig-size=\"850,646\" data-comments-opened=\"1\" data-image-meta=\"{&quot;aperture&quot;:&quot;0&quot;,&quot;credit&quot;:&quot;&quot;,&quot;camera&quot;:&quot;&quot;,&quot;caption&quot;:&quot;&quot;,&quot;created_timestamp&quot;:&quot;0&quot;,&quot;copyright&quot;:&quot;&quot;,&quot;focal_length&quot;:&quot;0&quot;,&quot;iso&quot;:&quot;0&quot;,&quot;shutter_speed&quot;:&quot;0&quot;,&quot;title&quot;:&quot;&quot;,&quot;orientation&quot;:&quot;0&quot;}\" data-image-title=\"haxhiu-thaci-rama\" data-image-description=\"\" data-image-caption=\"\" data-medium-file=\"https:\/\/i0.wp.com\/www.shqiperia.com\/blog\/wp-content\/uploads\/2018\/08\/haxhiu-thaci-rama-1.jpg?fit=300%2C228&amp;ssl=1\" data-large-file=\"https:\/\/i0.wp.com\/www.shqiperia.com\/blog\/wp-content\/uploads\/2018\/08\/haxhiu-thaci-rama-1.jpg?fit=850%2C646&amp;ssl=1\" class=\"alignnone wp-image-10856\" alt=\"\" src=\"https:\/\/i0.wp.com\/www.shqiperia.com\/blog\/wp-content\/uploads\/2018\/08\/haxhiu-thaci-rama-1-300x228.jpg?resize=753%2C572\" width=\"753\" height=\"572\" srcset=\"https:\/\/i0.wp.com\/www.shqiperia.com\/blog\/wp-content\/uploads\/2018\/08\/haxhiu-thaci-rama-1.jpg?resize=300%2C228&amp;ssl=1 300w, https:\/\/i0.wp.com\/www.shqiperia.com\/blog\/wp-content\/uploads\/2018\/08\/haxhiu-thaci-rama-1.jpg?resize=768%2C584&amp;ssl=1 768w, https:\/\/i0.wp.com\/www.shqiperia.com\/blog\/wp-content\/uploads\/2018\/08\/haxhiu-thaci-rama-1.jpg?resize=290%2C220&amp;ssl=1 290w, https:\/\/i0.wp.com\/www.shqiperia.com\/blog\/wp-content\/uploads\/2018\/08\/haxhiu-thaci-rama-1.jpg?w=850&amp;ssl=1 850w\" sizes=\"auto, (max-width: 753px) 100vw, 753px\" \/><\/p>\n<p><strong>Rreziku i shqiptar\u00ebve nga Rama, Tha\u00e7i dhe Haxhiu<\/strong><\/p>\n<p>Se presidenti i vendit Hashim Tha\u00e7i e ka mik t\u00eb mir\u00eb Baton Haxhiun \u00ebsht\u00eb par\u00eb edhe kur ia kishte ndar\u00eb dekorat\u00ebn presidenciale, n\u00eb kuad\u00ebr t\u00eb dhjet\u00ebvjetorit t\u00eb Pavar\u00ebsis\u00eb s\u00eb Kosov\u00ebs.<\/p>\n<p>Presidenti Tha\u00e7i n\u00eb vrullin e medaljeve q\u00eb i kishte ndar\u00eb p\u00ebr personalitetet e ndryshme shqiptare ka dekoruar Haxhiun.<\/p>\n<p>Me \u201cMedaljen Presidenciale t\u00eb 10 vjetorit t\u00eb Pavar\u00ebsis\u00eb\u201d, Presidenti ka dekoruar edhe gazetarin dhe publicistin Baton Haxhiun, ku \u00ebsht\u00eb shprehur se kjo medalje \u00ebsht\u00eb p\u00ebr gazetarin, publicistin dhe kontribuesin e themelimit t\u00eb mediave t\u00eb lira pas luft\u00ebs n\u00eb Kosov\u00eb.<\/p>\n<p>Shqiptar\u00ebt, asnj\u00ebher\u00eb nuk kan\u00eb qen\u00eb m\u00eb n\u00eb rrezik sesa tash, kur i kemi dy shtete t\u00eb pavarura.<\/p>\n<p>N\u00eb Shqip\u00ebri, Edi Rama \u00ebsht\u00eb p\u00ebrfolur se i ka lidhjet e tij\u00a0me shtetin grek, e q\u00eb me k\u00ebt\u00eb dokument po shihet q\u00eb ka lidhje me Fondacionin e Sorosit, nd\u00ebrsa n\u00eb Kosov\u00eb, presidenti i vendit, Hashim Tha\u00e7i, \u00ebsht\u00eb akuzuar gjithmon\u00eb se ka lidhje me Sh\u00ebrbimin Sekret Francez, kurse Baton Haxhiu, \u00ebsht\u00eb p\u00ebrfolur se ka pasur lidhje t\u00eb ngushta me Ivica Stanishi\u00e7in dhe ishte nj\u00eb \u201cpostier i UDB-s\u00eb\u201d.<\/p>\n<p><strong>U\u00c7K-ja kishte urdh\u00ebruar arrestimin e Baton Haxhiut, \u00e7ka ndodhi tash?<\/strong><\/p>\n<p>Ish- agjenti i SHIK-ut dhe U\u00c7K-s\u00eb, Naim Miftari, ka pyetur se pse U\u00c7K-ja e Likovcit, seli e Shtabit t\u00eb P\u00ebrgjithsh\u00ebm kishte urdh\u00ebruar arrestimin e Baton Haxhiut n\u00eb qershor t\u00eb 1998.<\/p>\n<p>\u201cAty ishin premtua edhe dy mij\u00eb marka shp\u00ebrblim p\u00ebr personin i cili e arreston, kurse tash 20 vjet pas doli q\u00eb ky trimi qenka patriot i zjarrt\u00eb\u201d, ka th\u00ebn\u00eb Miftari p\u00ebr gazet\u00ebn \u201cBota sot\u201d.<\/p>\n<p>Ai tutje pyet presidentin se p\u00ebrve\u00e7 q\u00eb ishte postier i UDB-s\u00eb, a e dini ju se kush e p\u00ebrcolli nga Kosova p\u00ebr Maqedoni gjat\u00eb luft\u00ebs dhe pse e p\u00ebrhapi lajmi e rrejsh\u00ebm se kinse ishte vrar\u00eb nga serb\u00ebt?<\/p>\n<p>\u201cPse pra, serb\u00ebt e UDB-s\u00eb e kishin ruajtur t\u00eb mos i ndodhte asgj\u00eb e keqe?\u201d<\/p>\n<p>\u201cA e dini ju se \u00e7ka i kishte th\u00ebn\u00eb Batoni i dekoruar nga ju z. President Joshka Fisherit, ministrit t\u00eb Jasht\u00ebm t\u00eb Gjermanis\u00eb? Po ua kujtoj. I kishte th\u00ebn\u00eb se \u00ebsht\u00eb nj\u00ebri i vdekur, pra i d\u00ebnuar me vdekje pasi t\u00eb kthehet n\u00eb Kosov\u00eb dhe do ta vrasin skuadrat e U\u00c7K-s\u00eb. At\u00ebher\u00eb ministri Gjerman i kishte th\u00ebn\u00eb se kjo nuk do t\u00eb ndodhte pasi U\u00c7K-ja nuk b\u00ebn gj\u00ebra t\u00eb tilla dhe i kishte premtuar se nuk do t\u00eb ndodhte asgj\u00eb, dhe se i kishte dh\u00ebn\u00eb numrin e telefonit dhe nj\u00eb kart\u00ebvizit\u00eb ministri gjerman\u201d, p\u00ebrfundon Miftari.<\/p>\n<p><strong>Haxhiu dhe lidhjet e tij me Stanishi\u00e7in<\/strong><\/p>\n<p>Por, t\u00eb flasim pak p\u00ebr at\u00eb se, kush \u00ebsht\u00eb Baton Haxhiu, njeriu q\u00eb e p\u00ebrgatiti iden\u00eb p\u00ebr cop\u00ebtimin e Kosov\u00ebs?<\/p>\n<p>Baton Haxhiu, ka qen\u00eb koordinator i shefit t\u00eb UDB-s\u00eb serbe, Ivica Stanishi\u00e7it, dora e djatht\u00eb e diktatorit Sllobodan Milloshevi\u00e7.<\/p>\n<p>Baton Haxhiu momentalisht \u00ebsht\u00eb drejtor i P\u00ebrgjithsh\u00ebm i TV \u201cKlan Kosova\u201d. Karrier\u00ebn e filloi n\u00eb vitin 1987, p\u00ebrderisa 12 vite m\u00eb pas n\u00eb vitin 1999 u shpall gazetari m\u00eb i mir\u00eb i viti, nga CPJ, Nju Jork, duke u shp\u00ebrblyer me k\u00ebt\u00eb \u00e7mim prestigjioz.<\/p>\n<p>Gjat\u00eb viteve t\u00eb kaluara ka punuar n\u00eb gazet\u00ebn \u201cKoha Ditore\u201d, si Kryeredaktor dhe drejtor i informacionit. Haxhiu ka themeluar dhe udh\u00ebhequr p\u00ebr nj\u00eb koh\u00eb Asociacionin e Gazetar\u00ebve Profesionist t\u00eb Kosov\u00ebs (AGPK).<\/p>\n<p>M\u00eb par\u00eb, Haxhiu ishte an\u00ebtar i Bordit t\u00eb RTK-s\u00eb, pastaj, drejtor i p\u00ebrgjithsh\u00ebm i Gazet\u00ebs Express. N\u00eb tetor t\u00eb vitit 1999, kur Baton Haxhiu u kthye n\u00eb Kosov\u00eb, presidenti i Kosov\u00ebs, Hashim Tha\u00e7i, e kishte akuzuar Baton Haxhiun s\u00eb bashku me Veton Surroin se kan\u00eb bashk\u00ebpunuar me Serbin\u00eb.<\/p>\n<p>N\u00eb vitin 2008 kur Baton Haxhiu ishte drejtori i P\u00ebrgjithsh\u00ebm i gazet\u00ebs Express, kishte publikuar identitetin e nj\u00eb d\u00ebshmitari t\u00eb mbrojtur t\u00eb prokuroris\u00eb t\u00eb procesit gjyq\u00ebsor ndaj Ramush Haradinajt, Idriz Balajt dhe Lahi Brahimajt p\u00ebrmes nj\u00eb artikulli t\u00eb botuar n\u00eb k\u00ebt\u00eb gazet\u00eb.<\/p>\n<p>N\u00eb k\u00ebt\u00eb rast ai ishte arrestuar m\u00eb 20 maj t\u00eb vitit 2008. Me pas ai ishte paraqitur n\u00eb Gjykat\u00ebn Penale Nd\u00ebrkomb\u00ebtare t\u00eb Hag\u00ebs, pasi q\u00eb ishte akuzuar nga Prokuroria p\u00ebr shp\u00ebrfillje t\u00eb Gjykat\u00ebs.<\/p>\n<p><strong>Petkovi\u00e7 flet p\u00ebr Haxhiun<\/strong><\/p>\n<p>Ministri p\u00ebr Kthim dhe Komunitete, Sllavisha Petkovi\u00e7, n\u00eb mars t\u00eb vitit 2006, i pak\u00ebnaqur me disa em\u00ebrime t\u00eb fundit n\u00eb Qeverin\u00eb e Kosov\u00ebs, ngrin\u00eb p\u00ebrkoh\u00ebsisht funksionin e tij, pasi sipas tij, nuk jan\u00eb p\u00ebrmbushur marr\u00ebveshjet q\u00eb ka b\u00ebr\u00eb me Qeverin\u00eb.<\/p>\n<p>E kush \u00ebsht\u00eb Baton Haxhiu?, ka pyetur ai dhe ka vazhduar menj\u00ebher\u00eb: &#8220;Prej vitit 1990 Baton Haxhiu \u00ebsht\u00eb bashk\u00ebpun\u00ebtor i Sigurimit Shtet\u00ebror t\u00eb Serbis\u00eb. Nuk ka qen\u00eb Sllavisha Petkoviqi ai q\u00eb n\u00eb vitin 1994 ka mundur t\u00eb hap\u00eb gazet\u00ebn &#8220;Koha Ditore&#8221;, por k\u00ebt\u00eb ka mundur ta b\u00ebj\u00eb Baton Haxhiu. Nuk \u00ebsht\u00eb Sllavisha Petkoviqi ai q\u00eb, n\u00eb kulmin e luftimeve, n\u00eb koh\u00ebn kur n\u00eb Kosov\u00eb binin viktimat, \u00ebsht\u00eb ulur dhe ka pir\u00eb uiski n\u00eb Brezovic\u00eb me njeriun e par\u00eb s\u00eb Sigurimit Shtet\u00ebror t\u00eb Serbis\u00eb, Jovica Stranishiqin, n\u00eb vitin 1998. Nuk e kan\u00eb ruajtur forcat speciale t\u00eb MUP-it Sllavisha Petkoviqin, por Baton Haxhiun. Dhe shtrohet pyetja, \u00e7ka n\u00eb t\u00eb v\u00ebrtet\u00eb d\u00ebshiron t\u00eb arrij\u00eb Baton Haxhiu me shkrime t\u00eb tilla&#8221;, ka pyetur ministri.<\/p>\n<p>&#8220;Ndoshta d\u00ebshiron q\u00eb n\u00eb m\u00ebnyr\u00eb ekspres\u00eb ta kthej\u00eb koh\u00ebn e Milosheviqit, ashtu q\u00eb t\u00eb mund t\u00eb pasurohet m\u00eb tej n\u00eb llogari t\u00eb njer\u00ebzve t\u00eb kidnapuar apo t\u00eb vrar\u00eb. Por, k\u00ebt\u00eb m\u00eb nuk do t\u00eb mund ta b\u00ebj\u00eb. Dhe po e njoftoj publikisht, p\u00ebrmes mediumeve: Z. Haxhiu, Milosheviqi ka vdekur. Me t\u00eb ka vdekur edhe koha e tij, andaj e keni kot&#8221;, ka shtuar Petkoviq.<\/p>\n<p>Si \u00ebsht\u00eb e mundur q\u00eb n\u00eb koh\u00ebn kur \u00ebsht\u00eb formuar U\u00c7K-ja, Haxhiu ka mundur t\u00eb shkoj\u00eb e t\u00eb vij\u00eb ku ka dashur, t\u00eb marr\u00eb intervista nga U\u00c7K-ja e askush nga policia serbe t\u00eb mos e prek\u00eb?<\/p>\n<p><strong>Kur Haxhiu shpalli vet\u00ebvrasjen<\/strong><\/p>\n<p>&#8220;Dhe \u00ebsht\u00eb nj\u00eb detal shum\u00eb i \u00e7uditsh\u00ebm q\u00eb ka ndodhur gjat\u00eb koh\u00ebs s\u00eb bombardimeve. &#8220;Tanjug ka publikuar lajmin se z. Baton Haxhiu \u00ebsht\u00eb vrar\u00eb. E dini pse \u00ebsht\u00eb dh\u00ebn\u00eb ky lajm. Sepse z. Baton Haxhiu \u00ebsht\u00eb frik\u00ebsuar se shqiptar\u00ebt do t\u00eb d\u00ebgjojn\u00eb se po e ruajn\u00eb nj\u00ebsit\u00eb speciale t\u00eb MUP-it dhe mu p\u00ebr k\u00ebt\u00eb mund ta vrasin. Andaj e ka shpallur vet\u00ebvrasjen e tij. Ka marr\u00eb telefonin e policis\u00eb dhe me t\u00eb e ka thirrur vet\u00eb agjencin\u00eb dhe e ka shpallur vdekjen e vet&#8221;, ka pohuar Petkoviq duke shtuar se ka edhe shum\u00eb\u00e7ka tjet\u00ebr t\u00eb thot\u00eb p\u00ebr bashk\u00ebpunimin e tij me sh\u00ebrbime t\u00eb ndryshme.<\/p>\n<p>&#8220;N\u00ebse di\u00e7ka nuk e ka q\u00eb qart\u00eb, nga ky vend e ftoj n\u00eb duel televiziv t\u00eb drejtp\u00ebrdrejt\u00eb. Kur t\u00eb doj\u00eb dhe ku t\u00eb doj\u00eb ai vet\u00eb&#8221;, kishte th\u00ebn\u00eb Petkoviq n\u00eb vitin 2006.<\/p>\n<p><strong>Tha\u00e7i e kishte quajtur \u201cvampir\u201d Haxhiun<\/strong><\/p>\n<p>Haxhiu ishte akuzuar nga diktatori Milosheviq gjat\u00eb d\u00ebshmis\u00eb s\u00eb tij n\u00eb Hag\u00eb, si nj\u00eb bashk\u00ebpun\u00ebtor\u00eb i regjimit t\u00eb tij, nd\u00ebrsa pas luft\u00ebs ai qe akuzuar edhe nga Hashim Tha\u00e7i, si mafioz dhe p\u00ebrkrah\u00ebs i regjimit t\u00eb Milosheqivit, p\u00ebrkat\u00ebsisht \u201cVampirit\u201d si kishte th\u00ebn\u00eb Tha\u00e7i, duke e paralajm\u00ebruar se njer\u00ebzit mund t\u00eb hakmerreshin p\u00ebr k\u00ebt\u00eb, dhe njer\u00ebzit si ai e meritonin nd\u00ebshkimin. Por, Stanishiq nga shqiptar\u00ebt kujtohet se kishte miq\u00ebsi me Baton Haxhiun, udh\u00ebheq\u00ebs n\u00eb TV \u2018Klan Kosova\u2019.<\/p>\n<p>Gazeta BOTA SOT.<\/p>\n","protected":false},"excerpt":{"rendered":"<p>Skandal! -Dokumenti p\u00ebr cop\u00ebtimin e Kosov\u00ebs u p\u00ebrgatit nga Baton Haxhiu, k\u00ebshilltar i Ram\u00ebs dhe mik i Tha\u00e7it! &#8211; Nga: Nehat Shaqiri. Gazeta: Bota Sot, 20 gusht 2018. Ideja p\u00ebr cop\u00ebtimin e territorit t\u00eb Kosov\u00ebs, p\u00ebrve\u00e7 Serbis\u00eb, e cila po t\u00eb ket\u00eb mund\u00ebsi do e merrte Kosov\u00ebn deri n\u00eb Durr\u00ebs, po b\u00ebhet edhe m\u00eb skandaloze [&hellip;]<\/p>\n","protected":false},"author":9,"featured_media":10854,"comment_status":"open","ping_status":"open","sticky":false,"template":"","format":"standard","meta":{"jetpack_post_was_ever_published":false,"_jetpack_newsletter_access":"","_jetpack_dont_email_post_to_subs":false,"_jetpack_newsletter_tier_id":0,"_jetpack_memberships_contains_paywalled_content":false,"_jetpack_memberships_contains_paid_content":false,"footnotes":"","jetpack_publicize_message":"","jetpack_publicize_feature_enabled":true,"jetpack_social_post_already_shared":true,"jetpack_social_options":{"image_generator_settings":{"template":"highway","default_image_id":0,"font":"","enabled":false},"version":2}},"categories":[85,10,2],"tags":[],"class_list":["post-10853","post","type-post","status-publish","format-standard","has-post-thumbnail","hentry","category-histori","category-kultura","category-politika"],"jetpack_publicize_connections":[],"jetpack_featured_media_url":"https:\/\/i0.wp.com\/www.shqiperia.com\/blog\/wp-content\/uploads\/2018\/08\/haxhiu-thaci-rama.jpg?fit=850%2C646&ssl=1","jetpack_sharing_enabled":true,"jetpack_shortlink":"https:\/\/wp.me\/p5Z6wp-2P3","jetpack-related-posts":[{"id":51049,"url":"https:\/\/www.shqiperia.com\/blog\/do-te-pendoheni-per-deshmite-kunder-thacit-e-dime-ku-jeni-keshtu-baton-haxhiu-po-kercenon-deshmitaret\/","url_meta":{"origin":10853,"position":0},"title":"\u201cDo t\u00eb pendoheni p\u00ebr d\u00ebshmit\u00eb kund\u00ebr Tha\u00e7it, e dim\u00eb ku jeni\u201d, k\u00ebshtu Baton Haxhiu po k\u00ebrc\u00ebnon d\u00ebshmitar\u00ebt&#8230;","author":"Kurt Farka","date":"November 3, 2021","format":false,"excerpt":"\u201cDo t\u00eb pendoheni p\u00ebr d\u00ebshmit\u00eb kund\u00ebr Tha\u00e7it, e dim\u00eb ku jeni\u201d, k\u00ebshtu Baton Haxhiu po k\u00ebrc\u00ebnon d\u00ebshmitar\u00ebt... 1 N\u00cbNTOR 2021 Ish presidentit t\u00eb Kosov\u00ebs, Hashim Tha\u00e7it, i cili po akuzohet nga Gjykata Speciale edhe p\u00ebr vrasjen e an\u00ebtar\u00ebve t\u00eb LDK s\u00eb, i ka dal n\u00eb mb\u00ebshtetje njeriu i af\u00ebrt i\u2026","rel":"","context":"In &quot;Blogu i Udh\u00ebtarit&quot;","block_context":{"text":"Blogu i Udh\u00ebtarit","link":"https:\/\/www.shqiperia.com\/blog\/category\/blogu-i-udhetarit\/"},"img":{"alt_text":"","src":"https:\/\/i0.wp.com\/www.shqiperia.com\/blog\/wp-content\/uploads\/2021\/11\/auto_batoni1635788954.jpg?fit=850%2C496&ssl=1&resize=350%2C200","width":350,"height":200,"srcset":"https:\/\/i0.wp.com\/www.shqiperia.com\/blog\/wp-content\/uploads\/2021\/11\/auto_batoni1635788954.jpg?fit=850%2C496&ssl=1&resize=350%2C200 1x, https:\/\/i0.wp.com\/www.shqiperia.com\/blog\/wp-content\/uploads\/2021\/11\/auto_batoni1635788954.jpg?fit=850%2C496&ssl=1&resize=525%2C300 1.5x, https:\/\/i0.wp.com\/www.shqiperia.com\/blog\/wp-content\/uploads\/2021\/11\/auto_batoni1635788954.jpg?fit=850%2C496&ssl=1&resize=700%2C400 2x"},"classes":[]},{"id":43373,"url":"https:\/\/www.shqiperia.com\/blog\/zbulohet-se-cfare-bente-baton-haxhiu-per-serbine-kur-u-shpall-i-vdekur\/","url_meta":{"origin":10853,"position":1},"title":"Zbulohet se \u00e7far\u00eb b\u00ebnte Baton Haxhiu p\u00ebr Serbin\u00eb, kur u shpall i vdekur","author":"Kurt Farka","date":"January 26, 2021","format":false,"excerpt":"Zbulohet se \u00e7far\u00eb b\u00ebnte Baton Haxhiu p\u00ebr Serbin\u00eb, kur u shpall i vdekur Nj\u00eb goditje tjet\u00ebr p\u00ebr Baton Haxhiun, ka ardhur s\u00ebrish nga Prof. Dr. Enver Byty\u00e7i, i cili p\u00ebrmes nj\u00eb shkrimi t\u00eb gjat\u00eb autorial, e ka kritikuar ashp\u00ebr Haxhiun p\u00ebr qasjen e tij karshi shtetit mik t\u00eb Gjermanis\u00eb. \u201cGospodin\u201d\u2026","rel":"","context":"In &quot;Blogu i Udh\u00ebtarit&quot;","block_context":{"text":"Blogu i Udh\u00ebtarit","link":"https:\/\/www.shqiperia.com\/blog\/category\/blogu-i-udhetarit\/"},"img":{"alt_text":"","src":"https:\/\/i0.wp.com\/www.shqiperia.com\/blog\/wp-content\/uploads\/2021\/01\/baton-haxhiu.jpg?fit=735%2C398&ssl=1&resize=350%2C200","width":350,"height":200,"srcset":"https:\/\/i0.wp.com\/www.shqiperia.com\/blog\/wp-content\/uploads\/2021\/01\/baton-haxhiu.jpg?fit=735%2C398&ssl=1&resize=350%2C200 1x, https:\/\/i0.wp.com\/www.shqiperia.com\/blog\/wp-content\/uploads\/2021\/01\/baton-haxhiu.jpg?fit=735%2C398&ssl=1&resize=525%2C300 1.5x, https:\/\/i0.wp.com\/www.shqiperia.com\/blog\/wp-content\/uploads\/2021\/01\/baton-haxhiu.jpg?fit=735%2C398&ssl=1&resize=700%2C400 2x"},"classes":[]},{"id":17083,"url":"https:\/\/www.shqiperia.com\/blog\/haradinaj-i-vendos-rames-kufirin-te-thana-mos-u-perzje-me-punet-tona\/","url_meta":{"origin":10853,"position":2},"title":"Haradinaj i vendos Ram\u00ebs \u201ckufirin te thana\u201d: &#8211; Mos u p\u00ebrzje me pun\u00ebt tona!","author":"Kurt Farka","date":"February 7, 2019","format":false,"excerpt":"Haradinaj i vendos Ram\u00ebs \u201ckufirin te thana\u201d: - Mos u p\u00ebrzje me pun\u00ebt tona! 7 Shkurt, 2019 Darka e shum\u00ebp\u00ebrfolur n\u00eb shtepin\u00eb e re t\u00eb Hashim Tha\u00e7it duket se nuk e ka l\u00ebkundur kryeministrin e Kosov\u00ebs, Ramush Haradinaj. Ai \u00ebsht\u00eb i prer\u00eb p\u00ebr t\u00eb mos ndryshuar kufijt\u00eb e Kosov\u00ebs pavar\u00ebsisht\u2026","rel":"","context":"In &quot;Blogu i Udh\u00ebtarit&quot;","block_context":{"text":"Blogu i Udh\u00ebtarit","link":"https:\/\/www.shqiperia.com\/blog\/category\/blogu-i-udhetarit\/"},"img":{"alt_text":"","src":"https:\/\/i0.wp.com\/www.shqiperia.com\/blog\/wp-content\/uploads\/2019\/02\/rama-haradinaj-e1511860713463-1024x571.jpg?fit=1024%2C522&ssl=1&resize=350%2C200","width":350,"height":200,"srcset":"https:\/\/i0.wp.com\/www.shqiperia.com\/blog\/wp-content\/uploads\/2019\/02\/rama-haradinaj-e1511860713463-1024x571.jpg?fit=1024%2C522&ssl=1&resize=350%2C200 1x, https:\/\/i0.wp.com\/www.shqiperia.com\/blog\/wp-content\/uploads\/2019\/02\/rama-haradinaj-e1511860713463-1024x571.jpg?fit=1024%2C522&ssl=1&resize=525%2C300 1.5x, https:\/\/i0.wp.com\/www.shqiperia.com\/blog\/wp-content\/uploads\/2019\/02\/rama-haradinaj-e1511860713463-1024x571.jpg?fit=1024%2C522&ssl=1&resize=700%2C400 2x"},"classes":[]},{"id":4247,"url":"https:\/\/www.shqiperia.com\/blog\/padi-penale-kunder-thacit-per-tradhti-kombetare\/","url_meta":{"origin":10853,"position":3},"title":"Padi penale kund\u00ebr Tha\u00e7it p\u00ebr tradhti komb\u00ebtare. &#8211;","author":"Kurt Farka","date":"March 2, 2018","format":false,"excerpt":"Deputetja e L\u00ebvizjes Vet\u00ebvendosje, Albulena Haxhiu ka treguar se Vet\u00ebvendosje, pak para seanc\u00ebs s\u00eb jasht\u00ebzakonshme ku pritet t\u00eb votohet marr\u00ebveshja p\u00ebr Demarkacionin, ka d\u00ebrguar n\u00eb Prokurorin\u00eb Speciale kall\u00ebzim penal ndaj Presidentit Hashim Tha\u00e7i, q\u00eb sipas saj, VV-ja e konsideron tradhti ndaj vendit n\u00ebnshkrimin i Marr\u00ebveshjes s\u00eb Demarkacionit. P\u00ebr t\u00eb ndaluar\u2026","rel":"","context":"In &quot;Politika&quot;","block_context":{"text":"Politika","link":"https:\/\/www.shqiperia.com\/blog\/category\/politika\/"},"img":{"alt_text":"","src":"https:\/\/i0.wp.com\/www.shqiperia.com\/blog\/wp-content\/uploads\/2018\/03\/auto_BK0271-768x4851518716580-640x404.jpg?fit=640%2C404&ssl=1&resize=350%2C200","width":350,"height":200,"srcset":"https:\/\/i0.wp.com\/www.shqiperia.com\/blog\/wp-content\/uploads\/2018\/03\/auto_BK0271-768x4851518716580-640x404.jpg?fit=640%2C404&ssl=1&resize=350%2C200 1x, https:\/\/i0.wp.com\/www.shqiperia.com\/blog\/wp-content\/uploads\/2018\/03\/auto_BK0271-768x4851518716580-640x404.jpg?fit=640%2C404&ssl=1&resize=525%2C300 1.5x"},"classes":[]},{"id":42948,"url":"https:\/\/www.shqiperia.com\/blog\/eshte-sekret-publik-je-keshilltar-strategjik-i-rames-lulzim-basha-debaton-me-baton-haxhiun-ja-3-manovrat-qe-po-perdor-grupi-prane-kryeministrit\/","url_meta":{"origin":10853,"position":4},"title":"\u201c\u00cbsht\u00eb sekret publik, je k\u00ebshilltar strategjik i Ram\u00ebs\u201d. \u00a0Lulzim Basha debaton me Baton Haxhiun: &#8211; Ja 3 manovrat q\u00eb po p\u00ebrdor grupi pran\u00eb kryeministrit","author":"Kurt Farka","date":"January 15, 2021","format":false,"excerpt":"\u201c\u00cbsht\u00eb sekret publik, je k\u00ebshilltar strategjik i Ram\u00ebs\u201d. \u00a0Lulzim Basha debaton me Baton Haxhiun: - Ja 3 manovrat q\u00eb po p\u00ebrdor grupi pran\u00eb kryeministrit Jan 14 jana 2021 Kreu i Partis\u00eb Demokratike Lulzim Basha tha se Edi Rama dhe grupi pran\u00eb kryeministrit po\u00a0p\u00ebrpiqen p\u00ebrmes disa manovrash t\u00eb krijojn\u00eb nj\u00eb perceptim\u2026","rel":"","context":"In &quot;Blogu i Udh\u00ebtarit&quot;","block_context":{"text":"Blogu i Udh\u00ebtarit","link":"https:\/\/www.shqiperia.com\/blog\/category\/blogu-i-udhetarit\/"},"img":{"alt_text":"","src":"https:\/\/i0.wp.com\/www.shqiperia.com\/blog\/wp-content\/uploads\/2021\/01\/debat-500x333-1.jpg?fit=500%2C253&ssl=1&resize=350%2C200","width":350,"height":200},"classes":[]},{"id":15505,"url":"https:\/\/www.shqiperia.com\/blog\/partizani-cakaj-ne-ceten-e-rames-thacit-e-haxhiut\/","url_meta":{"origin":10853,"position":5},"title":"Partizani Cakaj, n\u00eb \u00e7et\u00ebn e Ram\u00ebs, Tha\u00e7it e Haxhiut. &#8211;","author":"Kurt Farka","date":"January 2, 2019","format":false,"excerpt":"Partizani Cakaj, n\u00eb \u00e7et\u00ebn e Ram\u00ebs, Tha\u00e7it e Haxhiut. - Shqip\u00ebria, p\u00ebr her\u00eb t\u00eb par\u00eb ka nj\u00eb minist\u00ebr t\u00eb jasht\u00ebm kosovar dhe nj\u00eb kryeminist\u00ebr q\u00eb e mb\u00ebshtet ndarjen e Republik\u00ebs s\u00eb Kosov\u00ebs. Enigma thuajse \u00ebsht\u00eb e zgjidhur tashm\u00eb, pas largimit t\u00eb Ditmir Bushatit nga posti. Socialisti shkodran, me gjas\u00eb, nuk\u2026","rel":"","context":"In &quot;Blogu i Udh\u00ebtarit&quot;","block_context":{"text":"Blogu i Udh\u00ebtarit","link":"https:\/\/www.shqiperia.com\/blog\/category\/blogu-i-udhetarit\/"},"img":{"alt_text":"","src":"https:\/\/i0.wp.com\/www.shqiperia.com\/blog\/wp-content\/uploads\/2019\/01\/rama-Cakaj-696x534-Copy.jpg?fit=662%2C376&ssl=1&resize=350%2C200","width":350,"height":200,"srcset":"https:\/\/i0.wp.com\/www.shqiperia.com\/blog\/wp-content\/uploads\/2019\/01\/rama-Cakaj-696x534-Copy.jpg?fit=662%2C376&ssl=1&resize=350%2C200 1x, https:\/\/i0.wp.com\/www.shqiperia.com\/blog\/wp-content\/uploads\/2019\/01\/rama-Cakaj-696x534-Copy.jpg?fit=662%2C376&ssl=1&resize=525%2C300 1.5x"},"classes":[]}],"_links":{"self":[{"href":"https:\/\/www.shqiperia.com\/blog\/wp-json\/wp\/v2\/posts\/10853","targetHints":{"allow":["GET"]}}],"collection":[{"href":"https:\/\/www.shqiperia.com\/blog\/wp-json\/wp\/v2\/posts"}],"about":[{"href":"https:\/\/www.shqiperia.com\/blog\/wp-json\/wp\/v2\/types\/post"}],"author":[{"embeddable":true,"href":"https:\/\/www.shqiperia.com\/blog\/wp-json\/wp\/v2\/users\/9"}],"replies":[{"embeddable":true,"href":"https:\/\/www.shqiperia.com\/blog\/wp-json\/wp\/v2\/comments?post=10853"}],"version-history":[{"count":7,"href":"https:\/\/www.shqiperia.com\/blog\/wp-json\/wp\/v2\/posts\/10853\/revisions"}],"predecessor-version":[{"id":30668,"href":"https:\/\/www.shqiperia.com\/blog\/wp-json\/wp\/v2\/posts\/10853\/revisions\/30668"}],"wp:featuredmedia":[{"embeddable":true,"href":"https:\/\/www.shqiperia.com\/blog\/wp-json\/wp\/v2\/media\/10854"}],"wp:attachment":[{"href":"https:\/\/www.shqiperia.com\/blog\/wp-json\/wp\/v2\/media?parent=10853"}],"wp:term":[{"taxonomy":"category","embeddable":true,"href":"https:\/\/www.shqiperia.com\/blog\/wp-json\/wp\/v2\/categories?post=10853"},{"taxonomy":"post_tag","embeddable":true,"href":"https:\/\/www.shqiperia.com\/blog\/wp-json\/wp\/v2\/tags?post=10853"}],"curies":[{"name":"wp","href":"https:\/\/api.w.org\/{rel}","templated":true}]}}