{"id":10844,"date":"2018-08-20T16:45:35","date_gmt":"2018-08-20T16:45:35","guid":{"rendered":"http:\/\/www.shqiperia.com\/blog\/?p=10844"},"modified":"2018-08-20T16:45:35","modified_gmt":"2018-08-20T16:45:35","slug":"galeria-arteve-ne-rikonstruksion-ruhen-4-mije-vepra-arti","status":"publish","type":"post","link":"https:\/\/www.shqiperia.com\/blog\/galeria-arteve-ne-rikonstruksion-ruhen-4-mije-vepra-arti\/","title":{"rendered":"Galeria Arteve n\u00eb rikonstruksion, ruhen 4 mij\u00eb vepra arti. &#8211;"},"content":{"rendered":"<p><img data-recalc-dims=\"1\" loading=\"lazy\" decoding=\"async\" data-attachment-id=\"10845\" data-permalink=\"https:\/\/www.shqiperia.com\/blog\/galeria-arteve-ne-rikonstruksion-ruhen-4-mije-vepra-arti\/gka-800x450\/\" data-orig-file=\"https:\/\/i0.wp.com\/www.shqiperia.com\/blog\/wp-content\/uploads\/2018\/08\/GKA-800x450.jpg?fit=800%2C450&amp;ssl=1\" data-orig-size=\"800,450\" data-comments-opened=\"1\" data-image-meta=\"{&quot;aperture&quot;:&quot;0&quot;,&quot;credit&quot;:&quot;&quot;,&quot;camera&quot;:&quot;&quot;,&quot;caption&quot;:&quot;&quot;,&quot;created_timestamp&quot;:&quot;0&quot;,&quot;copyright&quot;:&quot;&quot;,&quot;focal_length&quot;:&quot;0&quot;,&quot;iso&quot;:&quot;0&quot;,&quot;shutter_speed&quot;:&quot;0&quot;,&quot;title&quot;:&quot;&quot;,&quot;orientation&quot;:&quot;0&quot;}\" data-image-title=\"GKA-800&#215;450\" data-image-description=\"\" data-image-caption=\"\" data-medium-file=\"https:\/\/i0.wp.com\/www.shqiperia.com\/blog\/wp-content\/uploads\/2018\/08\/GKA-800x450.jpg?fit=300%2C169&amp;ssl=1\" data-large-file=\"https:\/\/i0.wp.com\/www.shqiperia.com\/blog\/wp-content\/uploads\/2018\/08\/GKA-800x450.jpg?fit=800%2C450&amp;ssl=1\" class=\"alignnone size-medium wp-image-10845\" alt=\"\" src=\"https:\/\/i0.wp.com\/www.shqiperia.com\/blog\/wp-content\/uploads\/2018\/08\/GKA-800x450-300x169.jpg?resize=300%2C169\" width=\"300\" height=\"169\" srcset=\"https:\/\/i0.wp.com\/www.shqiperia.com\/blog\/wp-content\/uploads\/2018\/08\/GKA-800x450.jpg?resize=300%2C169&amp;ssl=1 300w, https:\/\/i0.wp.com\/www.shqiperia.com\/blog\/wp-content\/uploads\/2018\/08\/GKA-800x450.jpg?resize=768%2C432&amp;ssl=1 768w, https:\/\/i0.wp.com\/www.shqiperia.com\/blog\/wp-content\/uploads\/2018\/08\/GKA-800x450.jpg?resize=800%2C450&amp;ssl=1 800w\" sizes=\"auto, (max-width: 300px) 100vw, 300px\" \/><\/p>\n<p><strong>Galeria Arteve n\u00eb rikonstruksion, ruhen 4 mij\u00eb vepra arti. &#8211;<br \/>\n<\/strong><\/p>\n<p>Pas nj\u00eb nevoj\u00eb emergjente p\u00ebr nd\u00ebrhyrje, m\u00eb n\u00eb fund Galeria Komb\u00ebtare e Arteve do t\u2019i n\u00ebnshtrohet rikonstruksionit.<\/p>\n<p>GKA \u00ebsht\u00eb nj\u00eb institucion komb\u00ebtar qendror q\u00eb ka p\u00ebr q\u00ebllim prezantimin, ruajtjen dhe promovimin e trash\u00ebgimis\u00eb kulturore n\u00eb fush\u00ebn e arteve pamore. Q\u00eb prej vitit 2007 g\u00ebzon statusin e monumentit t\u00eb trash\u00ebgimis\u00eb kulturore.<\/p>\n<p>Ajo hapi dyert n\u00eb vitin 1946 me nj\u00eb sip\u00ebrfaqe ekspozimi rreth 5.300 m\u00b2, fillimisht si pinakoteke, p\u00ebr t\u2019u hapur zyrtarisht si GKA 10 vite m\u00eb von\u00eb, n\u00eb vitin 1956. N\u00eb t\u00eb ruhen rreth 4.000 vepra arti t\u00eb autor\u00ebve shqiptar\u00eb dhe t\u00eb huaj, t\u00eb cilat p\u00ebrfshijn\u00eb nj\u00eb periudh\u00eb t\u00eb gjat\u00eb kohore q\u00eb nga shekulli XIII e deri n\u00eb dit\u00ebt e sotme. Q\u00eb prej vitit 1999 \u00ebsht\u00eb hapur p\u00ebr publikun nj\u00eb bibliotek\u00eb e Galeris\u00eb, ku mund t\u00eb shfryt\u00ebzohen albume, revista, kritik\u00eb letrare mbi artet figurative.<\/p>\n<p>N\u00eb vitin 2009 GKA p\u00ebsoi nj\u00eb nd\u00ebrhyrje cil\u00ebsore, por me sa duket t\u00eb pamjaftueshme, pasi kushtet n\u00eb t\u00eb cilat ekspozohen veprat e artit nuk jan\u00eb n\u00eb parametrat e duhur. N\u00eb janarin e vitit 2017, ekspert\u00eb italian\u00eb vun\u00eb n\u00eb dukje munges\u00ebn e theksuar t\u00eb kushteve t\u00eb ekspozimit n\u00eb GKA, duke nisur q\u00eb nga sistemi i lag\u00ebshtis\u00eb, temperatura n\u00eb t\u00eb cil\u00ebn duhet t\u00eb ekspozohen veprat, sistemi i munguar i kamerave e shum\u00eb mang\u00ebsi t\u00eb tjera.<\/p>\n<p><img data-recalc-dims=\"1\" loading=\"lazy\" decoding=\"async\" data-attachment-id=\"10846\" data-permalink=\"https:\/\/www.shqiperia.com\/blog\/galeria-arteve-ne-rikonstruksion-ruhen-4-mije-vepra-arti\/galeria-kombetare-e-arteve-tirane\/\" data-orig-file=\"https:\/\/i0.wp.com\/www.shqiperia.com\/blog\/wp-content\/uploads\/2018\/08\/Galeria-Kombetare-e-Arteve-Tirane.jpg?fit=800%2C450&amp;ssl=1\" data-orig-size=\"800,450\" data-comments-opened=\"1\" data-image-meta=\"{&quot;aperture&quot;:&quot;0&quot;,&quot;credit&quot;:&quot;&quot;,&quot;camera&quot;:&quot;&quot;,&quot;caption&quot;:&quot;&quot;,&quot;created_timestamp&quot;:&quot;0&quot;,&quot;copyright&quot;:&quot;&quot;,&quot;focal_length&quot;:&quot;0&quot;,&quot;iso&quot;:&quot;0&quot;,&quot;shutter_speed&quot;:&quot;0&quot;,&quot;title&quot;:&quot;&quot;,&quot;orientation&quot;:&quot;0&quot;}\" data-image-title=\"Galeria Kombetare e Arteve Tirane\" data-image-description=\"\" data-image-caption=\"\" data-medium-file=\"https:\/\/i0.wp.com\/www.shqiperia.com\/blog\/wp-content\/uploads\/2018\/08\/Galeria-Kombetare-e-Arteve-Tirane.jpg?fit=300%2C169&amp;ssl=1\" data-large-file=\"https:\/\/i0.wp.com\/www.shqiperia.com\/blog\/wp-content\/uploads\/2018\/08\/Galeria-Kombetare-e-Arteve-Tirane.jpg?fit=800%2C450&amp;ssl=1\" class=\"alignnone  wp-image-10846\" alt=\"\" src=\"https:\/\/i0.wp.com\/www.shqiperia.com\/blog\/wp-content\/uploads\/2018\/08\/Galeria-Kombetare-e-Arteve-Tirane-300x169.jpg?resize=741%2C418\" width=\"741\" height=\"418\" srcset=\"https:\/\/i0.wp.com\/www.shqiperia.com\/blog\/wp-content\/uploads\/2018\/08\/Galeria-Kombetare-e-Arteve-Tirane.jpg?resize=300%2C169&amp;ssl=1 300w, https:\/\/i0.wp.com\/www.shqiperia.com\/blog\/wp-content\/uploads\/2018\/08\/Galeria-Kombetare-e-Arteve-Tirane.jpg?resize=768%2C432&amp;ssl=1 768w, https:\/\/i0.wp.com\/www.shqiperia.com\/blog\/wp-content\/uploads\/2018\/08\/Galeria-Kombetare-e-Arteve-Tirane.jpg?w=800&amp;ssl=1 800w\" sizes=\"auto, (max-width: 741px) 100vw, 741px\" \/><\/p>\n<p>Pas mbylljes s\u00eb aplikimeve dhe shqyrtimit t\u00eb tyre pas dat\u00ebs 20 gusht, do t\u00eb shpallet edhe fituesi, i cili duhet t\u00eb ekzekutoj\u00eb projektin e tij t\u00eb rikonstruksionit deri n\u00eb 5 muaj pas lidhjes s\u00eb kontrat\u00ebs.<\/p>\n<p>gazeta-Shqip.com<\/p>\n","protected":false},"excerpt":{"rendered":"<p>Galeria Arteve n\u00eb rikonstruksion, ruhen 4 mij\u00eb vepra arti. &#8211; Pas nj\u00eb nevoj\u00eb emergjente p\u00ebr nd\u00ebrhyrje, m\u00eb n\u00eb fund Galeria Komb\u00ebtare e Arteve do t\u2019i n\u00ebnshtrohet rikonstruksionit. GKA \u00ebsht\u00eb nj\u00eb institucion komb\u00ebtar qendror q\u00eb ka p\u00ebr q\u00ebllim prezantimin, ruajtjen dhe promovimin e trash\u00ebgimis\u00eb kulturore n\u00eb fush\u00ebn e arteve pamore. Q\u00eb prej vitit 2007 g\u00ebzon statusin [&hellip;]<\/p>\n","protected":false},"author":9,"featured_media":10845,"comment_status":"open","ping_status":"open","sticky":false,"template":"","format":"standard","meta":{"jetpack_post_was_ever_published":false,"_jetpack_newsletter_access":"","_jetpack_dont_email_post_to_subs":false,"_jetpack_newsletter_tier_id":0,"_jetpack_memberships_contains_paywalled_content":false,"_jetpack_memberships_contains_paid_content":false,"footnotes":"","jetpack_publicize_message":"","jetpack_publicize_feature_enabled":true,"jetpack_social_post_already_shared":true,"jetpack_social_options":{"image_generator_settings":{"template":"highway","default_image_id":0,"font":"","enabled":false},"version":2}},"categories":[27,10,86],"tags":[],"class_list":["post-10844","post","type-post","status-publish","format-standard","has-post-thumbnail","hentry","category-blogu-i-udhetarit","category-kultura","category-trashegimi-kulturore"],"jetpack_publicize_connections":[],"jetpack_featured_media_url":"https:\/\/i0.wp.com\/www.shqiperia.com\/blog\/wp-content\/uploads\/2018\/08\/GKA-800x450.jpg?fit=800%2C450&ssl=1","jetpack_sharing_enabled":true,"jetpack_shortlink":"https:\/\/wp.me\/p5Z6wp-2OU","jetpack-related-posts":[{"id":89912,"url":"https:\/\/www.shqiperia.com\/blog\/artiste-e-studiues-galeria-kombetare-e-arteve-prej-vitesh-nuk-ka-blere-vepra-fatkeqesi-per-artin\/","url_meta":{"origin":10844,"position":0},"title":"Artist\u00eb e studiues: &#8211; Galeria Komb\u00ebtare e Arteve prej vitesh nuk ka bler\u00eb vepra, fatkeq\u00ebsi p\u00ebr artin","author":"Kurt Farka","date":"February 26, 2025","format":false,"excerpt":"26 Shkurt 2025 Nga Julia Vrapi Galeria Komb\u00ebtare e Arteve n\u00eb tetor t\u00eb vitit 2021 mbylli dyert p\u00ebr vizitor\u00ebt, pasi godina po i n\u00ebnshtrohet rikonstruksionit dhe punimet parashikohen q\u00eb t\u00eb p\u00ebrfundojn\u00eb n\u00eb tetor 2025. Artist\u00eb t\u00eb ndrysh\u00ebm dhe studiues t\u00eb artit, pas inspektimit q\u00eb b\u00ebri ministri i Ekonomis\u00eb, Kultur\u00ebs dhe\u2026","rel":"","context":"In &quot;Arte&quot;","block_context":{"text":"Arte","link":"https:\/\/www.shqiperia.com\/blog\/category\/arte\/"},"img":{"alt_text":"","src":"https:\/\/i0.wp.com\/www.shqiperia.com\/blog\/wp-content\/uploads\/2025\/02\/33_National_Gallery_of_Arts_tirana_albania-1-2.jpg?fit=800%2C600&ssl=1&resize=350%2C200","width":350,"height":200,"srcset":"https:\/\/i0.wp.com\/www.shqiperia.com\/blog\/wp-content\/uploads\/2025\/02\/33_National_Gallery_of_Arts_tirana_albania-1-2.jpg?fit=800%2C600&ssl=1&resize=350%2C200 1x, https:\/\/i0.wp.com\/www.shqiperia.com\/blog\/wp-content\/uploads\/2025\/02\/33_National_Gallery_of_Arts_tirana_albania-1-2.jpg?fit=800%2C600&ssl=1&resize=525%2C300 1.5x, https:\/\/i0.wp.com\/www.shqiperia.com\/blog\/wp-content\/uploads\/2025\/02\/33_National_Gallery_of_Arts_tirana_albania-1-2.jpg?fit=800%2C600&ssl=1&resize=700%2C400 2x"},"classes":[]},{"id":47232,"url":"https:\/\/www.shqiperia.com\/blog\/artistet-pjesemarrese-ne-ekspoziten-synime-dhurojne-vepra-per-fondin-e-gka\/","url_meta":{"origin":10844,"position":1},"title":"Artistet pjes\u00ebmarr\u00ebse n\u00eb ekspozit\u00ebn \u201cSynime\u201d dhurojn\u00eb vepra p\u00ebr fondin e GKA","author":"Kurt Farka","date":"May 5, 2021","format":false,"excerpt":"Artistet pjes\u00ebmarr\u00ebse n\u00eb ekspozit\u00ebn \u201cSynime\u201d dhurojn\u00eb vepra p\u00ebr fondin e GKA 13 PRILL 2021 Artistet pjes\u00ebmarr\u00ebse n\u00eb ekspozit\u00ebn \u201cSynime\u201d, q\u00eb q\u00ebndroi e hapur n\u00eb Galerin\u00eb Komb\u00ebtare t\u00eb Arteve p\u00ebr disa jav\u00eb dhuruan vepra p\u00ebr pasurimin e fondit. Lajmin e b\u00ebn me dije vet\u00eb GKA q\u00eb shprehet se ka nisur nj\u00eb\u2026","rel":"","context":"In &quot;Arte&quot;","block_context":{"text":"Arte","link":"https:\/\/www.shqiperia.com\/blog\/category\/arte\/"},"img":{"alt_text":"","src":"https:\/\/i0.wp.com\/www.shqiperia.com\/blog\/wp-content\/uploads\/2021\/05\/800-0-607529ff3f834.jpg?fit=746%2C412&ssl=1&resize=350%2C200","width":350,"height":200,"srcset":"https:\/\/i0.wp.com\/www.shqiperia.com\/blog\/wp-content\/uploads\/2021\/05\/800-0-607529ff3f834.jpg?fit=746%2C412&ssl=1&resize=350%2C200 1x, https:\/\/i0.wp.com\/www.shqiperia.com\/blog\/wp-content\/uploads\/2021\/05\/800-0-607529ff3f834.jpg?fit=746%2C412&ssl=1&resize=525%2C300 1.5x, https:\/\/i0.wp.com\/www.shqiperia.com\/blog\/wp-content\/uploads\/2021\/05\/800-0-607529ff3f834.jpg?fit=746%2C412&ssl=1&resize=700%2C400 2x"},"classes":[]},{"id":35117,"url":"https:\/\/www.shqiperia.com\/blog\/mustafa-arapi-galeria-e-arteve-eshte-kthyer-ne-bunker-po-promovohen-njerez-te-panjohur-artistet-te-mos-rrine-indiferente\/","url_meta":{"origin":10844,"position":2},"title":"Mustafa Arapi: &#8211; Galeria e Arteve \u00ebsht\u00eb kthyer n\u00eb bunker, po promovohen njer\u00ebz t\u00eb panjohur, artist\u00ebt t\u00eb mos rrin\u00eb indiferent\u00eb","author":"Kurt Farka","date":"May 27, 2020","format":false,"excerpt":"Mustafa Arapi: - Galeria e Arteve \u00ebsht\u00eb kthyer n\u00eb bunker, po promovohen njer\u00ebz t\u00eb panjohur, artist\u00ebt t\u00eb mos rrin\u00eb indiferent\u00eb 15\/12\/2019 Piktori i njohur Mustafa Arapi shprehet se p\u00ebr jet\u00ebn artistike n\u00eb vend, nuk ka v\u00ebmendje nga institucionet. Me probleme ai shikon jo vet\u00ebm se si funksionon sot Galeria Komb\u00ebtare\u2026","rel":"","context":"In &quot;Arte&quot;","block_context":{"text":"Arte","link":"https:\/\/www.shqiperia.com\/blog\/category\/arte\/"},"img":{"alt_text":"","src":"https:\/\/i0.wp.com\/www.shqiperia.com\/blog\/wp-content\/uploads\/2020\/05\/Mustafa-Arapi-1.jpg?fit=395%2C216&ssl=1&resize=350%2C200","width":350,"height":200},"classes":[]},{"id":91669,"url":"https:\/\/www.shqiperia.com\/blog\/piktoret-e-alpeve-shqiptare-ne-ekspoziten-e-gka-se-ne-shkoder\/","url_meta":{"origin":10844,"position":3},"title":"Piktor\u00ebt e Alpeve shqiptare, n\u00eb ekspozit\u00ebn e GKA-s\u00eb n\u00eb Shkod\u00ebr","author":"Kurt Farka","date":"April 20, 2025","format":false,"excerpt":"20 Prill 2025 Galeria Komb\u00ebtare e Arteve \u00e7eli n\u00eb Shkod\u00ebr ekspozit\u00ebn e projektit \u201cPsikologjia shqiptare n\u00eb artet pamore\u201d. Kjo \u00ebsht\u00eb ekspozita p\u00ebrmbyll\u00ebse e k\u00ebtij projekti, i cili k\u00ebt\u00eb her\u00eb udh\u00ebtoi drejt Shkodr\u00ebs si nj\u00eb nga pikat m\u00eb t\u00eb r\u00ebnd\u00ebsishme historike e kulturore t\u00eb Shqip\u00ebris\u00eb. Ky projekt u drejtua nga Olsi\u2026","rel":"","context":"In &quot;Arte&quot;","block_context":{"text":"Arte","link":"https:\/\/www.shqiperia.com\/blog\/category\/arte\/"},"img":{"alt_text":"","src":"https:\/\/i0.wp.com\/www.shqiperia.com\/blog\/wp-content\/uploads\/2025\/04\/640-0-ekspozita-e-gka-ne-shkoder2-1745045739.png?fit=640%2C479&ssl=1&resize=350%2C200","width":350,"height":200,"srcset":"https:\/\/i0.wp.com\/www.shqiperia.com\/blog\/wp-content\/uploads\/2025\/04\/640-0-ekspozita-e-gka-ne-shkoder2-1745045739.png?fit=640%2C479&ssl=1&resize=350%2C200 1x, https:\/\/i0.wp.com\/www.shqiperia.com\/blog\/wp-content\/uploads\/2025\/04\/640-0-ekspozita-e-gka-ne-shkoder2-1745045739.png?fit=640%2C479&ssl=1&resize=525%2C300 1.5x"},"classes":[]},{"id":11642,"url":"https:\/\/www.shqiperia.com\/blog\/rakip-shabani-ne-sheshet-tona-me-shpejt-hapet-qebaptore-se-sa-mendohet-per-vepra-arti\/","url_meta":{"origin":10844,"position":4},"title":"Rakip Shabani: N\u00eb sheshet tona m\u00eb shpejt hapet qebaptore se sa mendohet p\u00ebr vepra arti. &#8211;","author":"Kurt Farka","date":"September 17, 2018","format":false,"excerpt":"Rakip Shabani: N\u00eb sheshet tona m\u00eb shpejt hapet qebaptore se sa mendohet p\u00ebr vepra arti. - Artist\u00ebt jan\u00eb l\u00ebn\u00eb n\u00eb harres\u00eb dhe problemet jan\u00eb n\u00eb t\u00eb gjitha fushat e artit. Piktori Rakip Shabani pohon se mungon stimuli p\u00ebr autor\u00ebt n\u00eb krijimtarin\u00eb e tyre n\u00eb art. N\u00eb intervist\u00ebn p\u00ebr \u201cSOT\u201d piktori\u2026","rel":"","context":"In &quot;Arte&quot;","block_context":{"text":"Arte","link":"https:\/\/www.shqiperia.com\/blog\/category\/arte\/"},"img":{"alt_text":"","src":"https:\/\/i0.wp.com\/www.shqiperia.com\/blog\/wp-content\/uploads\/2018\/09\/rakip_shabani_-300x201.jpg?resize=350%2C200","width":350,"height":200},"classes":[]},{"id":27749,"url":"https:\/\/www.shqiperia.com\/blog\/galeria-e-arteve-shkoder-nje-udhetim-mbi-kavalet\/","url_meta":{"origin":10844,"position":5},"title":"Galeria e Arteve Shkoder &#8211; NJ\u00cb UDH\u00cbTIM MBI KAVALET. &#8211;","author":"Kurt Farka","date":"November 4, 2019","format":false,"excerpt":"Galeria e Arteve Shkoder - NJ\u00cb UDH\u00cbTIM MBI KAVALET. - Galeria e qytetit t\u00eb njohur p\u00ebr artin dhe kultur\u00ebn e tij t\u00eb pasur ofron nj\u00eb hyrje gjith\u00ebp\u00ebrfshir\u00ebse por intime n\u00eb artin dhe kultur\u00ebn e t\u00eb gjith\u00eb Shqip\u00ebris\u00eb. Galeria e qendr\u00ebs kulturore t\u00eb veriut \u00ebsht\u00eb nj\u00eb ndales\u00eb v\u00ebrtet frym\u00ebzuese p\u00ebr ata\u2026","rel":"","context":"In &quot;Arte&quot;","block_context":{"text":"Arte","link":"https:\/\/www.shqiperia.com\/blog\/category\/arte\/"},"img":{"alt_text":"","src":"https:\/\/i0.wp.com\/www.shqiperia.com\/blog\/wp-content\/uploads\/2019\/11\/Portet-i-Bab%C3%ABs%E2%80%9D-nga-Simon-Rrota-Galeria-e-Arteve-Shkod%C3%ABr.jpg?fit=750%2C422&ssl=1&resize=350%2C200","width":350,"height":200,"srcset":"https:\/\/i0.wp.com\/www.shqiperia.com\/blog\/wp-content\/uploads\/2019\/11\/Portet-i-Bab%C3%ABs%E2%80%9D-nga-Simon-Rrota-Galeria-e-Arteve-Shkod%C3%ABr.jpg?fit=750%2C422&ssl=1&resize=350%2C200 1x, https:\/\/i0.wp.com\/www.shqiperia.com\/blog\/wp-content\/uploads\/2019\/11\/Portet-i-Bab%C3%ABs%E2%80%9D-nga-Simon-Rrota-Galeria-e-Arteve-Shkod%C3%ABr.jpg?fit=750%2C422&ssl=1&resize=525%2C300 1.5x, https:\/\/i0.wp.com\/www.shqiperia.com\/blog\/wp-content\/uploads\/2019\/11\/Portet-i-Bab%C3%ABs%E2%80%9D-nga-Simon-Rrota-Galeria-e-Arteve-Shkod%C3%ABr.jpg?fit=750%2C422&ssl=1&resize=700%2C400 2x"},"classes":[]}],"_links":{"self":[{"href":"https:\/\/www.shqiperia.com\/blog\/wp-json\/wp\/v2\/posts\/10844","targetHints":{"allow":["GET"]}}],"collection":[{"href":"https:\/\/www.shqiperia.com\/blog\/wp-json\/wp\/v2\/posts"}],"about":[{"href":"https:\/\/www.shqiperia.com\/blog\/wp-json\/wp\/v2\/types\/post"}],"author":[{"embeddable":true,"href":"https:\/\/www.shqiperia.com\/blog\/wp-json\/wp\/v2\/users\/9"}],"replies":[{"embeddable":true,"href":"https:\/\/www.shqiperia.com\/blog\/wp-json\/wp\/v2\/comments?post=10844"}],"version-history":[{"count":1,"href":"https:\/\/www.shqiperia.com\/blog\/wp-json\/wp\/v2\/posts\/10844\/revisions"}],"predecessor-version":[{"id":10847,"href":"https:\/\/www.shqiperia.com\/blog\/wp-json\/wp\/v2\/posts\/10844\/revisions\/10847"}],"wp:featuredmedia":[{"embeddable":true,"href":"https:\/\/www.shqiperia.com\/blog\/wp-json\/wp\/v2\/media\/10845"}],"wp:attachment":[{"href":"https:\/\/www.shqiperia.com\/blog\/wp-json\/wp\/v2\/media?parent=10844"}],"wp:term":[{"taxonomy":"category","embeddable":true,"href":"https:\/\/www.shqiperia.com\/blog\/wp-json\/wp\/v2\/categories?post=10844"},{"taxonomy":"post_tag","embeddable":true,"href":"https:\/\/www.shqiperia.com\/blog\/wp-json\/wp\/v2\/tags?post=10844"}],"curies":[{"name":"wp","href":"https:\/\/api.w.org\/{rel}","templated":true}]}}