{"id":10750,"date":"2018-08-10T11:28:18","date_gmt":"2018-08-10T11:28:18","guid":{"rendered":"http:\/\/www.shqiperia.com\/blog\/?p=10750"},"modified":"2018-08-10T11:28:18","modified_gmt":"2018-08-10T11:28:18","slug":"gjinari-mes-100-fshatrave-turizmi-malor-dhe-agroturizmi-terheq-pushuesit","status":"publish","type":"post","link":"https:\/\/www.shqiperia.com\/blog\/gjinari-mes-100-fshatrave-turizmi-malor-dhe-agroturizmi-terheq-pushuesit\/","title":{"rendered":"Gjinari mes \u201c100 fshatrave\u201d, turizmi malor dhe agroturizmi t\u00ebrheq pushuesit. &#8211;"},"content":{"rendered":"<p><img data-recalc-dims=\"1\" loading=\"lazy\" decoding=\"async\" data-attachment-id=\"10751\" data-permalink=\"https:\/\/www.shqiperia.com\/blog\/gjinari-mes-100-fshatrave-turizmi-malor-dhe-agroturizmi-terheq-pushuesit\/gjinar-copy\/\" data-orig-file=\"https:\/\/i0.wp.com\/www.shqiperia.com\/blog\/wp-content\/uploads\/2018\/08\/gjinar-Copy.jpg?fit=526%2C297&amp;ssl=1\" data-orig-size=\"526,297\" data-comments-opened=\"1\" data-image-meta=\"{&quot;aperture&quot;:&quot;0&quot;,&quot;credit&quot;:&quot;&quot;,&quot;camera&quot;:&quot;&quot;,&quot;caption&quot;:&quot;&quot;,&quot;created_timestamp&quot;:&quot;0&quot;,&quot;copyright&quot;:&quot;&quot;,&quot;focal_length&quot;:&quot;0&quot;,&quot;iso&quot;:&quot;0&quot;,&quot;shutter_speed&quot;:&quot;0&quot;,&quot;title&quot;:&quot;&quot;,&quot;orientation&quot;:&quot;0&quot;}\" data-image-title=\"gjinar &#8211; Copy\" data-image-description=\"\" data-image-caption=\"\" data-medium-file=\"https:\/\/i0.wp.com\/www.shqiperia.com\/blog\/wp-content\/uploads\/2018\/08\/gjinar-Copy.jpg?fit=300%2C169&amp;ssl=1\" data-large-file=\"https:\/\/i0.wp.com\/www.shqiperia.com\/blog\/wp-content\/uploads\/2018\/08\/gjinar-Copy.jpg?fit=526%2C297&amp;ssl=1\" class=\"alignnone  wp-image-10751\" alt=\"\" src=\"https:\/\/i0.wp.com\/www.shqiperia.com\/blog\/wp-content\/uploads\/2018\/08\/gjinar-Copy-300x169.jpg?resize=387%2C218\" width=\"387\" height=\"218\" srcset=\"https:\/\/i0.wp.com\/www.shqiperia.com\/blog\/wp-content\/uploads\/2018\/08\/gjinar-Copy.jpg?resize=300%2C169&amp;ssl=1 300w, https:\/\/i0.wp.com\/www.shqiperia.com\/blog\/wp-content\/uploads\/2018\/08\/gjinar-Copy.jpg?w=526&amp;ssl=1 526w\" sizes=\"auto, (max-width: 387px) 100vw, 387px\" \/><\/p>\n<p><strong>Gjinari mes \u201c100 fshatrave\u201d, turizmi malor dhe agroturizmi t\u00ebrheq pushuesit. &#8211;<br \/>\n<\/strong><\/p>\n<p>Mes gjelb\u00ebrimit, ajrit t\u00eb past\u00ebr dhe freskis\u00eb, n\u00eb Gjinar kan\u00eb nisur t\u00eb lul\u00ebzojn\u00eb bujtinat dhe sht\u00ebpit\u00eb karakteristike t\u00eb cilat presim miq \u00e7do vit.<\/p>\n<p>Turizmi familjar duket se po njeh zhvillim n\u00eb k\u00ebt\u00eb zon\u00eb dhe pritet t\u00eb marr\u00eb m\u00eb tep\u00ebr hov pas p\u00ebrfshirjes n\u00eb projektin \u201c100 fshatrat\u201d, i cili do sjell\u00eb zhvillim sidomos p\u00ebr sa i p\u00ebrket agroturizmit. Turist\u00ebt q\u00eb zgjedhin natyr\u00ebn dhe freskin\u00eb n\u00eb k\u00ebto dit\u00eb t\u00eb nxehta shprehen t\u00eb k\u00ebnaqur.<\/p>\n<p><img data-recalc-dims=\"1\" loading=\"lazy\" decoding=\"async\" data-attachment-id=\"10752\" data-permalink=\"https:\/\/www.shqiperia.com\/blog\/gjinari-mes-100-fshatrave-turizmi-malor-dhe-agroturizmi-terheq-pushuesit\/gjinar\/\" data-orig-file=\"https:\/\/i0.wp.com\/www.shqiperia.com\/blog\/wp-content\/uploads\/2018\/08\/gjinar.jpg?fit=800%2C450&amp;ssl=1\" data-orig-size=\"800,450\" data-comments-opened=\"1\" data-image-meta=\"{&quot;aperture&quot;:&quot;0&quot;,&quot;credit&quot;:&quot;&quot;,&quot;camera&quot;:&quot;&quot;,&quot;caption&quot;:&quot;&quot;,&quot;created_timestamp&quot;:&quot;0&quot;,&quot;copyright&quot;:&quot;&quot;,&quot;focal_length&quot;:&quot;0&quot;,&quot;iso&quot;:&quot;0&quot;,&quot;shutter_speed&quot;:&quot;0&quot;,&quot;title&quot;:&quot;&quot;,&quot;orientation&quot;:&quot;0&quot;}\" data-image-title=\"gjinar\" data-image-description=\"\" data-image-caption=\"\" data-medium-file=\"https:\/\/i0.wp.com\/www.shqiperia.com\/blog\/wp-content\/uploads\/2018\/08\/gjinar.jpg?fit=300%2C169&amp;ssl=1\" data-large-file=\"https:\/\/i0.wp.com\/www.shqiperia.com\/blog\/wp-content\/uploads\/2018\/08\/gjinar.jpg?fit=800%2C450&amp;ssl=1\" class=\"alignnone  wp-image-10752\" alt=\"\" src=\"https:\/\/i0.wp.com\/www.shqiperia.com\/blog\/wp-content\/uploads\/2018\/08\/gjinar-300x169.jpg?resize=770%2C434\" width=\"770\" height=\"434\" srcset=\"https:\/\/i0.wp.com\/www.shqiperia.com\/blog\/wp-content\/uploads\/2018\/08\/gjinar.jpg?resize=300%2C169&amp;ssl=1 300w, https:\/\/i0.wp.com\/www.shqiperia.com\/blog\/wp-content\/uploads\/2018\/08\/gjinar.jpg?resize=768%2C432&amp;ssl=1 768w, https:\/\/i0.wp.com\/www.shqiperia.com\/blog\/wp-content\/uploads\/2018\/08\/gjinar.jpg?w=800&amp;ssl=1 800w\" sizes=\"auto, (max-width: 770px) 100vw, 770px\" \/><\/p>\n<p>Duke qen\u00eb vet\u00ebm 23 kilometra larg Elbasanit, Gjinari frekuentohet n\u00eb \u00e7do stin\u00eb, edhe kur ofron freskin\u00eb e ver\u00ebs, edhe n\u00eb bardh\u00ebsin\u00eb e d\u00ebbor\u00ebs. Kjo ka b\u00ebr\u00eb q\u00eb emigrant\u00ebt t\u00eb kthehen dhe t\u00eb investojn\u00eb n\u00eb vendin e tyre.<\/p>\n<p>Mungesa e aktiviteteve dhe investimeve q\u00eb do t\u00eb t\u00ebrhiqnin t\u00eb rinjt\u00eb, b\u00ebn q\u00eb momentalisht zona t\u00eb frekuentohet kryesisht nga moshat e mesme, apo familjet me f\u00ebmij\u00eb q\u00eb k\u00ebrkojn\u00eb hap\u00ebsir\u00eb, qet\u00ebsi dhe aj\u00ebr t\u00eb past\u00ebr.<\/p>\n<p>gazeta-Shqip.com<\/p>\n","protected":false},"excerpt":{"rendered":"<p>Gjinari mes \u201c100 fshatrave\u201d, turizmi malor dhe agroturizmi t\u00ebrheq pushuesit. &#8211; Mes gjelb\u00ebrimit, ajrit t\u00eb past\u00ebr dhe freskis\u00eb, n\u00eb Gjinar kan\u00eb nisur t\u00eb lul\u00ebzojn\u00eb bujtinat dhe sht\u00ebpit\u00eb karakteristike t\u00eb cilat presim miq \u00e7do vit. Turizmi familjar duket se po njeh zhvillim n\u00eb k\u00ebt\u00eb zon\u00eb dhe pritet t\u00eb marr\u00eb m\u00eb tep\u00ebr hov pas p\u00ebrfshirjes n\u00eb projektin [&hellip;]<\/p>\n","protected":false},"author":9,"featured_media":10751,"comment_status":"open","ping_status":"open","sticky":false,"template":"","format":"standard","meta":{"jetpack_post_was_ever_published":false,"_jetpack_newsletter_access":"","_jetpack_dont_email_post_to_subs":false,"_jetpack_newsletter_tier_id":0,"_jetpack_memberships_contains_paywalled_content":false,"_jetpack_memberships_contains_paid_content":false,"footnotes":"","jetpack_publicize_message":"","jetpack_publicize_feature_enabled":true,"jetpack_social_post_already_shared":true,"jetpack_social_options":{"image_generator_settings":{"template":"highway","default_image_id":0,"font":"","enabled":false},"version":2}},"categories":[10,1,35],"tags":[],"class_list":["post-10750","post","type-post","status-publish","format-standard","has-post-thumbnail","hentry","category-kultura","category-njoftime-shtypi","category-shoqerore"],"jetpack_publicize_connections":[],"jetpack_featured_media_url":"https:\/\/i0.wp.com\/www.shqiperia.com\/blog\/wp-content\/uploads\/2018\/08\/gjinar-Copy.jpg?fit=526%2C297&ssl=1","jetpack_sharing_enabled":true,"jetpack_shortlink":"https:\/\/wp.me\/p5Z6wp-2No","jetpack-related-posts":[{"id":83053,"url":"https:\/\/www.shqiperia.com\/blog\/turizmi-ne-shqiperi-mediat-gjermane-jehone-vend-me-thesare-natyrore-ende-te-pazbuluara\/","url_meta":{"origin":10750,"position":0},"title":"Turizmi n\u00eb Shqip\u00ebri, mediat gjermane jehon\u00eb: Vend me thesare natyrore ende t\u00eb pazbuluara","author":"Kurt Farka","date":"July 25, 2024","format":false,"excerpt":"25 Korrik 2024 Revista gjermane \u201cTRAVELBOOK\u201d i ka kushtuar nj\u00eb shkrim Shqip\u00ebris\u00eb dhe vendeve q\u00eb nj\u00eb turist duhet t\u00eb vizitoj\u00eb. Vendi i vog\u00ebl i Evrop\u00ebs Juglindore ka gjith\u00e7ka p\u00ebr t\u00eb ofruar nga Alpet n\u00eb det, lumenjt\u00eb e eg\u00ebr deri te rr\u00ebnojat e lashta dhe qytetet e gjalla. Dhe deri tani\u2026","rel":"","context":"In &quot;Blogu i Udh\u00ebtarit&quot;","block_context":{"text":"Blogu i Udh\u00ebtarit","link":"https:\/\/www.shqiperia.com\/blog\/category\/blogu-i-udhetarit\/"},"img":{"alt_text":"","src":"https:\/\/i0.wp.com\/www.shqiperia.com\/blog\/wp-content\/uploads\/2024\/07\/25dc21fff61a4845bdab796540445662.jpg?fit=640%2C426&ssl=1&resize=350%2C200","width":350,"height":200,"srcset":"https:\/\/i0.wp.com\/www.shqiperia.com\/blog\/wp-content\/uploads\/2024\/07\/25dc21fff61a4845bdab796540445662.jpg?fit=640%2C426&ssl=1&resize=350%2C200 1x, https:\/\/i0.wp.com\/www.shqiperia.com\/blog\/wp-content\/uploads\/2024\/07\/25dc21fff61a4845bdab796540445662.jpg?fit=640%2C426&ssl=1&resize=525%2C300 1.5x"},"classes":[]},{"id":33761,"url":"https:\/\/www.shqiperia.com\/blog\/sicilia-pret-pushuesit-me-gjysme-cmim-fluturimi-nje-e-treta-e-cmimit-te-hotelit-dhe-bileta-falas-per-muzeumet\/","url_meta":{"origin":10750,"position":1},"title":"Si\u00e7ilia pret pushuesit me gjysm\u00eb-\u00e7mim fluturimi, nj\u00eb e treta e \u00e7mimit t\u00eb hotelit dhe bileta falas p\u00ebr muzeumet","author":"Kurt Farka","date":"April 26, 2020","format":false,"excerpt":"Si\u00e7ilia pret pushuesit me gjysm\u00eb-\u00e7mim fluturimi, nj\u00eb e treta e \u00e7mimit t\u00eb hotelit dhe bileta falas p\u00ebr muzeumet 24 prill 2020 Qeveria rajonale e Si\u00e7ilis\u00eb ka njoftuar se do t\u00eb tentoj\u00eb t\u00eb josh\u00eb kthimin e turist\u00ebve pas kufizimeve t\u00eb koronavirusit, me ulje drastike t\u00eb \u00e7mimeve. Skema mb\u00ebshtet\u00ebse financiare prej 50\u2026","rel":"","context":"In &quot;Blogu i Udh\u00ebtarit&quot;","block_context":{"text":"Blogu i Udh\u00ebtarit","link":"https:\/\/www.shqiperia.com\/blog\/category\/blogu-i-udhetarit\/"},"img":{"alt_text":"","src":"https:\/\/i0.wp.com\/www.shqiperia.com\/blog\/wp-content\/uploads\/2020\/04\/1-8-905x450-1.png?fit=905%2C450&ssl=1&resize=350%2C200","width":350,"height":200,"srcset":"https:\/\/i0.wp.com\/www.shqiperia.com\/blog\/wp-content\/uploads\/2020\/04\/1-8-905x450-1.png?fit=905%2C450&ssl=1&resize=350%2C200 1x, https:\/\/i0.wp.com\/www.shqiperia.com\/blog\/wp-content\/uploads\/2020\/04\/1-8-905x450-1.png?fit=905%2C450&ssl=1&resize=525%2C300 1.5x, https:\/\/i0.wp.com\/www.shqiperia.com\/blog\/wp-content\/uploads\/2020\/04\/1-8-905x450-1.png?fit=905%2C450&ssl=1&resize=700%2C400 2x"},"classes":[]},{"id":31131,"url":"https:\/\/www.shqiperia.com\/blog\/alarmi-komiteti-i-shpetimit-te-flores-faunes-dhe-trashegimise-kulturore-zhulat\/","url_meta":{"origin":10750,"position":2},"title":"Alarmi: Komiteti i Shpetimit te Flores, Faunes dhe Trashegimise Kulturore Zhulat","author":"Kurt Farka","date":"February 5, 2020","format":false,"excerpt":"Alarmi: Komiteti i Shpetimit te Flores, Faunes dhe Trashegimise Kulturore Zhulat \u00a0 Komiteti i Shpetimit te Flores, Faunes dhe Trashegimise Kulturore Zhulat , Vendosi: Te ndalohet ne menyre kategorike cdo lloj projekti vrases per kete Fshat me historik te sterlashte, me nje qellim terrorist gati, per te ndertuar nje HEC\u2026","rel":"","context":"In &quot;Blogu i Udh\u00ebtarit&quot;","block_context":{"text":"Blogu i Udh\u00ebtarit","link":"https:\/\/www.shqiperia.com\/blog\/category\/blogu-i-udhetarit\/"},"img":{"alt_text":"","src":"https:\/\/i0.wp.com\/www.shqiperia.com\/blog\/wp-content\/uploads\/2020\/02\/46733_156132254397729_4044258_n.jpg?fit=720%2C395&ssl=1&resize=350%2C200","width":350,"height":200,"srcset":"https:\/\/i0.wp.com\/www.shqiperia.com\/blog\/wp-content\/uploads\/2020\/02\/46733_156132254397729_4044258_n.jpg?fit=720%2C395&ssl=1&resize=350%2C200 1x, https:\/\/i0.wp.com\/www.shqiperia.com\/blog\/wp-content\/uploads\/2020\/02\/46733_156132254397729_4044258_n.jpg?fit=720%2C395&ssl=1&resize=525%2C300 1.5x, https:\/\/i0.wp.com\/www.shqiperia.com\/blog\/wp-content\/uploads\/2020\/02\/46733_156132254397729_4044258_n.jpg?fit=720%2C395&ssl=1&resize=700%2C400 2x"},"classes":[]},{"id":5306,"url":"https:\/\/www.shqiperia.com\/blog\/mbeshtetja-per-programin-100-fshatrat-kategorite-qe-perfitojne-nga-bujtinat-tek-stanet\/","url_meta":{"origin":10750,"position":3},"title":"Mb\u00ebshtetja p\u00ebr programin 100 fshatrat, kategorit\u00eb q\u00eb p\u00ebrfitojn\u00eb nga bujtinat tek stanet. &#8211;","author":"Kurt Farka","date":"March 21, 2018","format":false,"excerpt":"\u00a0 Kat\u00ebr ministrit\u00eb, insitucionet vendore por edhe Fondi Shqiptar i Zhvillimit dhe donator\u00ebt do t\u00eb orientohen drejt mb\u00ebshtetjes s\u00eb programit \u201c100 fshatrat\u201d. Drejtorja e kabinetit n\u00eb Ministrin\u00eb e Bujq\u00ebsis\u00eb dhe Zhvillimit Rural, Sofjola Kotelli, n\u00eb nj\u00eb intervist\u00eb p\u00ebr \u201cMonitor\u201d, n\u00ebnvizon se paketa e mb\u00ebshtetjes \u00ebsht\u00eb gjith\u00ebp\u00ebrfshir\u00ebse, si p\u00ebr bizneset ekzistuese,\u2026","rel":"","context":"In &quot;Blogu i Udh\u00ebtarit&quot;","block_context":{"text":"Blogu i Udh\u00ebtarit","link":"https:\/\/www.shqiperia.com\/blog\/category\/blogu-i-udhetarit\/"},"img":{"alt_text":"","src":"https:\/\/i0.wp.com\/www.shqiperia.com\/blog\/wp-content\/uploads\/2018\/03\/Projekti-100-fshatrat.jpg?fit=372%2C305&ssl=1&resize=350%2C200","width":350,"height":200},"classes":[]},{"id":27084,"url":"https:\/\/www.shqiperia.com\/blog\/fshatrat-shqiptare-qyteza-e-ulez\/","url_meta":{"origin":10750,"position":4},"title":"Fshatrat Shqiptare &#8211; Qyteza e Ulez.","author":"Kurt Farka","date":"October 18, 2019","format":false,"excerpt":"Fshatrat Shqiptare - Qyteza e Ulez. Nj\u00ebsia administrative Ul\u00ebz\u00a0\u00ebsht\u00eb nj\u00eb\u00a0qytez\u00eb\u00a0n\u00eb\u00a0Bashkin\u00eb e Matit\u00a0n\u00eb\u00a0Shqip\u00ebri.[1]\u00a0Qyteza u nd\u00ebrtuar n\u00eb vitet 1950 pas fillimit t\u00eb punimeve p\u00ebr nd\u00ebrtimin e hidrocentralit t\u00eb Ulz\u00ebs, me nj\u00eb stil sovjetik t\u00eb viteve '50. Qyteza kishte kinema e qend\u00ebr kulturore, dhe num\u00ebronte 2000 banor\u00eb n\u00eb kulmin e saj. Ne vitet\u2026","rel":"","context":"In &quot;Blogu i Udh\u00ebtarit&quot;","block_context":{"text":"Blogu i Udh\u00ebtarit","link":"https:\/\/www.shqiperia.com\/blog\/category\/blogu-i-udhetarit\/"},"img":{"alt_text":"","src":"https:\/\/i0.wp.com\/www.shqiperia.com\/blog\/wp-content\/uploads\/2019\/10\/Uleza-2.png?fit=661%2C340&ssl=1&resize=350%2C200","width":350,"height":200,"srcset":"https:\/\/i0.wp.com\/www.shqiperia.com\/blog\/wp-content\/uploads\/2019\/10\/Uleza-2.png?fit=661%2C340&ssl=1&resize=350%2C200 1x, https:\/\/i0.wp.com\/www.shqiperia.com\/blog\/wp-content\/uploads\/2019\/10\/Uleza-2.png?fit=661%2C340&ssl=1&resize=525%2C300 1.5x"},"classes":[]},{"id":94593,"url":"https:\/\/www.shqiperia.com\/blog\/italia-dhe-bashkimi-evropian-marrin-persiper-zhvillimin-dhe-vleresimin-e-parqeve-arkeologjike-te-bylisit-dhe-apolonise\/","url_meta":{"origin":10750,"position":5},"title":"Italia dhe Bashkimi Evropian marrin p\u00ebrsip\u00ebr zhvillimin dhe vler\u00ebsimin e parqeve arkeologjike t\u00eb Bylisit dhe Apolonis\u00eb","author":"Kurt Farka","date":"November 2, 2025","format":false,"excerpt":"2 Nentor 2025 Nga Alba Kepi Nj\u00eb investim prej 6.25 milion\u00eb eurosh p\u00ebr trash\u00ebgimin\u00eb kulturore dhe turizmin arkeologjik n\u00eb Shqip\u00ebri Me nj\u00eb investim t\u00eb p\u00ebrbashk\u00ebt prej 6.25 milion\u00eb eurosh, Italia dhe Bashkimi Evropian po udh\u00ebheqin nj\u00eb nd\u00ebr projektet m\u00eb t\u00eb r\u00ebnd\u00ebsishme p\u00ebr zhvillimin e q\u00ebndruesh\u00ebm kulturor n\u00eb Shqip\u00ebri: vler\u00ebsimin dhe\u2026","rel":"","context":"In &quot;Blogu i Udh\u00ebtarit&quot;","block_context":{"text":"Blogu i Udh\u00ebtarit","link":"https:\/\/www.shqiperia.com\/blog\/category\/blogu-i-udhetarit\/"},"img":{"alt_text":"","src":"https:\/\/i0.wp.com\/www.shqiperia.com\/blog\/wp-content\/uploads\/2025\/11\/646-462-capturepng-1762090343.png?fit=646%2C462&ssl=1&resize=350%2C200","width":350,"height":200,"srcset":"https:\/\/i0.wp.com\/www.shqiperia.com\/blog\/wp-content\/uploads\/2025\/11\/646-462-capturepng-1762090343.png?fit=646%2C462&ssl=1&resize=350%2C200 1x, https:\/\/i0.wp.com\/www.shqiperia.com\/blog\/wp-content\/uploads\/2025\/11\/646-462-capturepng-1762090343.png?fit=646%2C462&ssl=1&resize=525%2C300 1.5x"},"classes":[]}],"_links":{"self":[{"href":"https:\/\/www.shqiperia.com\/blog\/wp-json\/wp\/v2\/posts\/10750","targetHints":{"allow":["GET"]}}],"collection":[{"href":"https:\/\/www.shqiperia.com\/blog\/wp-json\/wp\/v2\/posts"}],"about":[{"href":"https:\/\/www.shqiperia.com\/blog\/wp-json\/wp\/v2\/types\/post"}],"author":[{"embeddable":true,"href":"https:\/\/www.shqiperia.com\/blog\/wp-json\/wp\/v2\/users\/9"}],"replies":[{"embeddable":true,"href":"https:\/\/www.shqiperia.com\/blog\/wp-json\/wp\/v2\/comments?post=10750"}],"version-history":[{"count":1,"href":"https:\/\/www.shqiperia.com\/blog\/wp-json\/wp\/v2\/posts\/10750\/revisions"}],"predecessor-version":[{"id":10753,"href":"https:\/\/www.shqiperia.com\/blog\/wp-json\/wp\/v2\/posts\/10750\/revisions\/10753"}],"wp:featuredmedia":[{"embeddable":true,"href":"https:\/\/www.shqiperia.com\/blog\/wp-json\/wp\/v2\/media\/10751"}],"wp:attachment":[{"href":"https:\/\/www.shqiperia.com\/blog\/wp-json\/wp\/v2\/media?parent=10750"}],"wp:term":[{"taxonomy":"category","embeddable":true,"href":"https:\/\/www.shqiperia.com\/blog\/wp-json\/wp\/v2\/categories?post=10750"},{"taxonomy":"post_tag","embeddable":true,"href":"https:\/\/www.shqiperia.com\/blog\/wp-json\/wp\/v2\/tags?post=10750"}],"curies":[{"name":"wp","href":"https:\/\/api.w.org\/{rel}","templated":true}]}}