{"id":10746,"date":"2018-08-10T10:57:33","date_gmt":"2018-08-10T10:57:33","guid":{"rendered":"http:\/\/www.shqiperia.com\/blog\/?p=10746"},"modified":"2018-08-10T10:57:33","modified_gmt":"2018-08-10T10:57:33","slug":"gazetarja-sulmon-veliajn-po-me-vjedh-buken-e-femijes-tim-me-ujin-tend-te-qelbur","status":"publish","type":"post","link":"https:\/\/www.shqiperia.com\/blog\/gazetarja-sulmon-veliajn-po-me-vjedh-buken-e-femijes-tim-me-ujin-tend-te-qelbur\/","title":{"rendered":"Gazetarja sulmon Veliajn: Po m\u00eb vjedh buk\u00ebn e f\u00ebmij\u00ebs tim me ujin t\u00ebnd t\u00eb qelbur\u2026-"},"content":{"rendered":"<p><img data-recalc-dims=\"1\" loading=\"lazy\" decoding=\"async\" data-attachment-id=\"10747\" data-permalink=\"https:\/\/www.shqiperia.com\/blog\/gazetarja-sulmon-veliajn-po-me-vjedh-buken-e-femijes-tim-me-ujin-tend-te-qelbur\/veliaj-anduela-689x405\/\" data-orig-file=\"https:\/\/i0.wp.com\/www.shqiperia.com\/blog\/wp-content\/uploads\/2018\/08\/veliaj-anduela-689x405.jpg?fit=689%2C405&amp;ssl=1\" data-orig-size=\"689,405\" data-comments-opened=\"1\" data-image-meta=\"{&quot;aperture&quot;:&quot;0&quot;,&quot;credit&quot;:&quot;&quot;,&quot;camera&quot;:&quot;&quot;,&quot;caption&quot;:&quot;&quot;,&quot;created_timestamp&quot;:&quot;0&quot;,&quot;copyright&quot;:&quot;&quot;,&quot;focal_length&quot;:&quot;0&quot;,&quot;iso&quot;:&quot;0&quot;,&quot;shutter_speed&quot;:&quot;0&quot;,&quot;title&quot;:&quot;&quot;,&quot;orientation&quot;:&quot;0&quot;}\" data-image-title=\"veliaj-anduela-689&#215;405\" data-image-description=\"\" data-image-caption=\"\" data-medium-file=\"https:\/\/i0.wp.com\/www.shqiperia.com\/blog\/wp-content\/uploads\/2018\/08\/veliaj-anduela-689x405.jpg?fit=300%2C176&amp;ssl=1\" data-large-file=\"https:\/\/i0.wp.com\/www.shqiperia.com\/blog\/wp-content\/uploads\/2018\/08\/veliaj-anduela-689x405.jpg?fit=689%2C405&amp;ssl=1\" class=\"alignnone size-medium wp-image-10747\" alt=\"\" src=\"https:\/\/i0.wp.com\/www.shqiperia.com\/blog\/wp-content\/uploads\/2018\/08\/veliaj-anduela-689x405-300x176.jpg?resize=300%2C176\" width=\"300\" height=\"176\" srcset=\"https:\/\/i0.wp.com\/www.shqiperia.com\/blog\/wp-content\/uploads\/2018\/08\/veliaj-anduela-689x405.jpg?resize=300%2C176&amp;ssl=1 300w, https:\/\/i0.wp.com\/www.shqiperia.com\/blog\/wp-content\/uploads\/2018\/08\/veliaj-anduela-689x405.jpg?resize=689%2C405&amp;ssl=1 689w\" sizes=\"auto, (max-width: 300px) 100vw, 300px\" \/><\/p>\n<p><strong>Gazetarja sulmon Veliajn: Po m\u00eb vjedh buk\u00ebn e f\u00ebmij\u00ebs tim me ujin t\u00ebnd t\u00eb qelbur\u2026-<\/strong><\/p>\n<p>Gazetarja Anduela Ndreu me an\u00eb t\u00eb nj\u00eb postimi n\u00eb rrjetet sociale ka sulmuar kryetarin e bashkis\u00eb Erion Veliajn p\u00ebr shkak t\u00eb fatur\u00ebs s\u00eb lart\u00eb t\u00eb ujit.<\/p>\n<p>Gazetarja shkruan se kjo q\u00eb po b\u00ebn kryebashkiaku \u00ebsht\u00eb vjedhje skandaloze dit\u00ebn p\u00ebr diell.<\/p>\n<p><em>\u201cNuk mund t\u00eb m\u00eb taksosh 66 mij\u00eb lek\u00eb uj\u00eb n\u00eb muaj, p\u00ebr nj\u00eb uj\u00eb pusesh q\u00eb qelben en\u00ebt kur lahen dhe grisen rrobat n\u00eb lavatri\u00e7e.Un\u00eb skam pike lavazhi, jam familje ku 60 p\u00ebrqind t\u00eb dit\u00ebs e kaloj n\u00eb pun\u00eb p\u00ebr t\u00eb qen\u00eb korrekte, por s\u2019mundem me k\u00ebt\u00eb vjedhje.\u201d<\/em> shkruan m\u00eb tej gazetarja.<\/p>\n<p><img data-recalc-dims=\"1\" loading=\"lazy\" decoding=\"async\" data-attachment-id=\"10748\" data-permalink=\"https:\/\/www.shqiperia.com\/blog\/gazetarja-sulmon-veliajn-po-me-vjedh-buken-e-femijes-tim-me-ujin-tend-te-qelbur\/veliaj-anduela-689x405-2\/\" data-orig-file=\"https:\/\/i0.wp.com\/www.shqiperia.com\/blog\/wp-content\/uploads\/2018\/08\/veliaj-anduela-689x405-1.jpg?fit=689%2C405&amp;ssl=1\" data-orig-size=\"689,405\" data-comments-opened=\"1\" data-image-meta=\"{&quot;aperture&quot;:&quot;0&quot;,&quot;credit&quot;:&quot;&quot;,&quot;camera&quot;:&quot;&quot;,&quot;caption&quot;:&quot;&quot;,&quot;created_timestamp&quot;:&quot;0&quot;,&quot;copyright&quot;:&quot;&quot;,&quot;focal_length&quot;:&quot;0&quot;,&quot;iso&quot;:&quot;0&quot;,&quot;shutter_speed&quot;:&quot;0&quot;,&quot;title&quot;:&quot;&quot;,&quot;orientation&quot;:&quot;0&quot;}\" data-image-title=\"veliaj-anduela-689&#215;405\" data-image-description=\"\" data-image-caption=\"\" data-medium-file=\"https:\/\/i0.wp.com\/www.shqiperia.com\/blog\/wp-content\/uploads\/2018\/08\/veliaj-anduela-689x405-1.jpg?fit=300%2C176&amp;ssl=1\" data-large-file=\"https:\/\/i0.wp.com\/www.shqiperia.com\/blog\/wp-content\/uploads\/2018\/08\/veliaj-anduela-689x405-1.jpg?fit=689%2C405&amp;ssl=1\" class=\"alignnone  wp-image-10748\" alt=\"\" src=\"https:\/\/i0.wp.com\/www.shqiperia.com\/blog\/wp-content\/uploads\/2018\/08\/veliaj-anduela-689x405-1-300x176.jpg?resize=649%2C381\" width=\"649\" height=\"381\" srcset=\"https:\/\/i0.wp.com\/www.shqiperia.com\/blog\/wp-content\/uploads\/2018\/08\/veliaj-anduela-689x405-1.jpg?resize=300%2C176&amp;ssl=1 300w, https:\/\/i0.wp.com\/www.shqiperia.com\/blog\/wp-content\/uploads\/2018\/08\/veliaj-anduela-689x405-1.jpg?w=689&amp;ssl=1 689w\" sizes=\"auto, (max-width: 649px) 100vw, 649px\" \/><\/p>\n<p><strong>Postimi i plot\u00eb<\/strong><\/p>\n<p>Denoncim skandaloz per ujeqelbesin e Tiranes qe e shet ujin si ne mes te Saharase.<\/p>\n<p>Jam e shokuar nga kjo vjedhje skandaloze qe behet diten per diell\u2026. si mund te paguash uje trefish nga cmimi i energjise elektrike.<br \/>\nKy eshte SKANDAL Erjon Veliaj, e smund te tallesh bashke me hajdutet e tu ne kete menyre me njerezit qe paguajne taksa per tu shkaterruar nga mushkerite cdo dite. Nuk mund te me taksosh 66 mije leke uje ne muaj, per nje uje pusesh qe qelben enet kur lahen dhe grisen rrobat ne lavatrice. Une skam pike lavazhi, jam familje ku 60 perqind te dites e kaloj ne pune per te qene korrekte , por smundem me kete vjedhje.<br \/>\nPR yt i propagandes per shpelarje truri le ta lexoje e ta thote , ndryshe do te ta them vete e do e them kudo: NUK MUNDET te me vjedhesh keshtu buken e femijes time. Une nuk vjedh , une paguaj cdo takse por une sjam nje IDIOTE DELE ne kete vend qe me takson dhe per ajrin.<br \/>\nJepi fund kesaj vjedhje.<\/p>\n","protected":false},"excerpt":{"rendered":"<p>Gazetarja sulmon Veliajn: Po m\u00eb vjedh buk\u00ebn e f\u00ebmij\u00ebs tim me ujin t\u00ebnd t\u00eb qelbur\u2026- Gazetarja Anduela Ndreu me an\u00eb t\u00eb nj\u00eb postimi n\u00eb rrjetet sociale ka sulmuar kryetarin e bashkis\u00eb Erion Veliajn p\u00ebr shkak t\u00eb fatur\u00ebs s\u00eb lart\u00eb t\u00eb ujit. Gazetarja shkruan se kjo q\u00eb po b\u00ebn kryebashkiaku \u00ebsht\u00eb vjedhje skandaloze dit\u00ebn p\u00ebr diell. [&hellip;]<\/p>\n","protected":false},"author":9,"featured_media":10747,"comment_status":"open","ping_status":"open","sticky":false,"template":"","format":"standard","meta":{"jetpack_post_was_ever_published":false,"_jetpack_newsletter_access":"","_jetpack_dont_email_post_to_subs":false,"_jetpack_newsletter_tier_id":0,"_jetpack_memberships_contains_paywalled_content":false,"_jetpack_memberships_contains_paid_content":false,"footnotes":"","jetpack_publicize_message":"","jetpack_publicize_feature_enabled":true,"jetpack_social_post_already_shared":true,"jetpack_social_options":{"image_generator_settings":{"template":"highway","default_image_id":0,"font":"","enabled":false},"version":2}},"categories":[2,35],"tags":[],"class_list":["post-10746","post","type-post","status-publish","format-standard","has-post-thumbnail","hentry","category-politika","category-shoqerore"],"jetpack_publicize_connections":[],"jetpack_featured_media_url":"https:\/\/i0.wp.com\/www.shqiperia.com\/blog\/wp-content\/uploads\/2018\/08\/veliaj-anduela-689x405.jpg?fit=689%2C405&ssl=1","jetpack_sharing_enabled":true,"jetpack_shortlink":"https:\/\/wp.me\/p5Z6wp-2Nk","jetpack-related-posts":[{"id":21446,"url":"https:\/\/www.shqiperia.com\/blog\/iftari-ne-rruge-revolton-gazetaren-kosova-se-shpejti-nje-shtet-islamik-ska-kush-e-ndale\/","url_meta":{"origin":10746,"position":0},"title":"Iftari n\u00eb rrug\u00eb revolton gazetaren: Kosova s\u00eb shpejti nj\u00eb shtet islamik. S\u2019ka kush e ndal\u00eb. &#8211;","author":"Kurt Farka","date":"May 21, 2019","format":false,"excerpt":"Iftari n\u00eb rrug\u00eb revolton gazetaren: Kosova s\u00eb shpejti nj\u00eb shtet islamik. S\u2019ka kush e ndal\u00eb. - Gazetarja Arbana Xharra \u00ebsht\u00eb revoltuar p\u00ebr shkak t\u00eb nj\u00eb iftari t\u00eb shtruar n\u00eb rrug\u00ebt e Prishtin\u00ebs. Sipas saj, kjo \u00ebsht\u00eb nj\u00eb demonstrim pushteti dhe s\u00eb shpejti Kosova mund t\u00eb z\u00ebvend\u00ebsoj\u00eb Kushtetut\u00ebn me sheriatin islamik.\u2026","rel":"","context":"In &quot;Blogu i Udh\u00ebtarit&quot;","block_context":{"text":"Blogu i Udh\u00ebtarit","link":"https:\/\/www.shqiperia.com\/blog\/category\/blogu-i-udhetarit\/"},"img":{"alt_text":"","src":"https:\/\/i0.wp.com\/www.shqiperia.com\/blog\/wp-content\/uploads\/2019\/05\/Iftari-n%C3%AB-rrug%C3%ABt-e-Prishtin%C3%ABs.jpg?fit=673%2C348&ssl=1&resize=350%2C200","width":350,"height":200,"srcset":"https:\/\/i0.wp.com\/www.shqiperia.com\/blog\/wp-content\/uploads\/2019\/05\/Iftari-n%C3%AB-rrug%C3%ABt-e-Prishtin%C3%ABs.jpg?fit=673%2C348&ssl=1&resize=350%2C200 1x, https:\/\/i0.wp.com\/www.shqiperia.com\/blog\/wp-content\/uploads\/2019\/05\/Iftari-n%C3%AB-rrug%C3%ABt-e-Prishtin%C3%ABs.jpg?fit=673%2C348&ssl=1&resize=525%2C300 1.5x"},"classes":[]},{"id":59120,"url":"https:\/\/www.shqiperia.com\/blog\/pedagogu-95-e-punimeve-te-diplomave-vjedhje-na-rrofte-e-jetofte-5-ne-shqiperi-shitblerja-e-punimit-te-diplomes-eshte-trend\/","url_meta":{"origin":10746,"position":1},"title":"Pedagogu: &#8211; 95% e punimeve te Diplomave &#8220;vjedhje&#8221;. Na rrofte e jetofte 5%. &#8211; N\u00eb Shqip\u00ebri shitblerja e punimit t\u00eb diplom\u00ebs \u00ebsht\u00eb \u2018trend\u2019.","author":"Kurt Farka","date":"June 15, 2022","format":false,"excerpt":"15 Qershor 2022 Nga Enxhi Musaj. Deri n\u00eb 40 mij\u00eb lek\u00eb mund t\u00eb blini nj\u00eb tem\u00eb diplome, duke lidhur kontakt shum\u00eb thjesht me faqe t\u00eb shumta t\u00eb hapura n\u00eb internet q\u00eb e ofrojn\u00eb k\u00ebt\u00eb sh\u00ebrbim t\u00eb paligjsh\u00ebm. Report Tv arriti t\u00eb flas\u00eb me disa prej personave q\u00eb u marrin lek\u00eb\u2026","rel":"","context":"In &quot;Blogu i Udh\u00ebtarit&quot;","block_context":{"text":"Blogu i Udh\u00ebtarit","link":"https:\/\/www.shqiperia.com\/blog\/category\/blogu-i-udhetarit\/"},"img":{"alt_text":"","src":"https:\/\/i0.wp.com\/www.shqiperia.com\/blog\/wp-content\/uploads\/2022\/06\/Pedagogu-95-e-punimeve-te-Diplomave-vjedhje.-Na-rrofte-e-jetofte-5..jpg?fit=747%2C382&ssl=1&resize=350%2C200","width":350,"height":200,"srcset":"https:\/\/i0.wp.com\/www.shqiperia.com\/blog\/wp-content\/uploads\/2022\/06\/Pedagogu-95-e-punimeve-te-Diplomave-vjedhje.-Na-rrofte-e-jetofte-5..jpg?fit=747%2C382&ssl=1&resize=350%2C200 1x, https:\/\/i0.wp.com\/www.shqiperia.com\/blog\/wp-content\/uploads\/2022\/06\/Pedagogu-95-e-punimeve-te-Diplomave-vjedhje.-Na-rrofte-e-jetofte-5..jpg?fit=747%2C382&ssl=1&resize=525%2C300 1.5x, https:\/\/i0.wp.com\/www.shqiperia.com\/blog\/wp-content\/uploads\/2022\/06\/Pedagogu-95-e-punimeve-te-Diplomave-vjedhje.-Na-rrofte-e-jetofte-5..jpg?fit=747%2C382&ssl=1&resize=700%2C400 2x"},"classes":[]},{"id":76244,"url":"https:\/\/www.shqiperia.com\/blog\/gazetarja-klodiana-lala-kerkon-qe-kryetari-i-bashkise-erion-veliaj-te-arrestohet-per-aferen-e-inceneratoreve\/","url_meta":{"origin":10746,"position":2},"title":"Gazetarja Klodiana Lala k\u00ebrkon q\u00eb kryetari i Bashkis\u00eb Erion Veliaj t\u00eb arrestohet p\u00ebr afer\u00ebn e incenerator\u00ebve.","author":"Kurt Farka","date":"December 9, 2023","format":false,"excerpt":"9 Dhjetor 2023 \u201c15 urdh\u00ebr arreste p\u00ebr inceneratorin e Tiran\u00ebs. Pa Erjon Veliajn hetimi \u00ebsht\u00eb i mang\u00ebt! Drejt\u00ebsia shkon n\u00eb vend duke u shkat\u00ebrruar grupin criminal.\u201d, thot\u00eb Klodiana Lala. Gazetarja Klodiana Lala k\u00ebrkon q\u00eb kryetari i Bashkis\u00eb Erion Veliaj t\u00eb arrestohet p\u00ebr afer\u00ebn e incenerator\u00ebve. N\u00eb t\u00eb v\u00ebrtet \u00e7\u00ebshtja e\u2026","rel":"","context":"In &quot;Blogu i Udh\u00ebtarit&quot;","block_context":{"text":"Blogu i Udh\u00ebtarit","link":"https:\/\/www.shqiperia.com\/blog\/category\/blogu-i-udhetarit\/"},"img":{"alt_text":"","src":"https:\/\/i0.wp.com\/www.shqiperia.com\/blog\/wp-content\/uploads\/2023\/12\/640-0-erion-veliaj-klodiana-lala-545.jpg?fit=640%2C464&ssl=1&resize=350%2C200","width":350,"height":200,"srcset":"https:\/\/i0.wp.com\/www.shqiperia.com\/blog\/wp-content\/uploads\/2023\/12\/640-0-erion-veliaj-klodiana-lala-545.jpg?fit=640%2C464&ssl=1&resize=350%2C200 1x, https:\/\/i0.wp.com\/www.shqiperia.com\/blog\/wp-content\/uploads\/2023\/12\/640-0-erion-veliaj-klodiana-lala-545.jpg?fit=640%2C464&ssl=1&resize=525%2C300 1.5x"},"classes":[]},{"id":98011,"url":"https:\/\/www.shqiperia.com\/blog\/spiropali-kurban-i-ballukut-gazetarja-komenton-ministrat-e-rinj\/","url_meta":{"origin":10746,"position":3},"title":"&#8216;Spiropali, kurban i Ballukut&#8217;\/ Gazetarja komenton ministrat e rinj!","author":"Kurt Farka","date":"February 26, 2026","format":false,"excerpt":"26 Shkurt 2026 Gazetarja Klodiana Lala, ka folur p\u00ebr ndryshimet n\u00eb qeveri, ku m\u00eb t\u00eb bujshme duken largimet e Belinda Ballukut dhe Elisa Spiropalit. E ftuar n\u00eb MCN TV, Lala b\u00ebri nj\u00eb profil t\u00eb shkurt\u00ebr t\u00eb ministrave t\u00eb rinj t\u00eb kabinetit. \"S\u00eb pari mendoj se zoti Rama ishte i detyruar\u2026","rel":"","context":"In &quot;Blogu i Udh\u00ebtarit&quot;","block_context":{"text":"Blogu i Udh\u00ebtarit","link":"https:\/\/www.shqiperia.com\/blog\/category\/blogu-i-udhetarit\/"},"img":{"alt_text":"","src":"https:\/\/i0.wp.com\/www.shqiperia.com\/blog\/wp-content\/uploads\/2026\/02\/foto-7-6.jpg?fit=640%2C373&ssl=1&resize=350%2C200","width":350,"height":200,"srcset":"https:\/\/i0.wp.com\/www.shqiperia.com\/blog\/wp-content\/uploads\/2026\/02\/foto-7-6.jpg?fit=640%2C373&ssl=1&resize=350%2C200 1x, https:\/\/i0.wp.com\/www.shqiperia.com\/blog\/wp-content\/uploads\/2026\/02\/foto-7-6.jpg?fit=640%2C373&ssl=1&resize=525%2C300 1.5x"},"classes":[]},{"id":44261,"url":"https:\/\/www.shqiperia.com\/blog\/sahatin-e-mbulojne-me-tullumbace-gazetarja-spektakel-i-peshtire-zorret-ne-fyt-nga-kjo-trushpelarje\/","url_meta":{"origin":10746,"position":4},"title":"Sahatin e mbulojn\u00eb me tullumbace\/ Gazetarja: Spektak\u00ebl i p\u00ebshtir\u00eb, zorr\u00ebt n\u00eb fyt nga kjo trushp\u00eblarje!","author":"Kurt Farka","date":"February 15, 2021","format":false,"excerpt":"Sahatin e mbulojn\u00eb me tullumbace\/ Gazetarja: Spektak\u00ebl i p\u00ebshtir\u00eb, zorr\u00ebt n\u00eb fyt nga kjo trushp\u00eblarje! Shkurt, 2021 Bashkia e Tiran\u00ebs ka vendosur t\u00eb dekoroj\u00eb kull\u00ebn e Sahatit me tullumbace t\u00eb kuqe n\u00eb form\u00eb zemrash. Kjo ka ndodhur p\u00ebr shkak t\u00eb dit\u00ebs s\u00eb Sh\u00ebn Valentinit, e njohur si dita e t\u00eb\u2026","rel":"","context":"In &quot;Blogu i Udh\u00ebtarit&quot;","block_context":{"text":"Blogu i Udh\u00ebtarit","link":"https:\/\/www.shqiperia.com\/blog\/category\/blogu-i-udhetarit\/"},"img":{"alt_text":"","src":"https:\/\/i0.wp.com\/www.shqiperia.com\/blog\/wp-content\/uploads\/2021\/02\/Desktop81-1024x496-1.jpg?fit=1024%2C496&ssl=1&resize=350%2C200","width":350,"height":200,"srcset":"https:\/\/i0.wp.com\/www.shqiperia.com\/blog\/wp-content\/uploads\/2021\/02\/Desktop81-1024x496-1.jpg?fit=1024%2C496&ssl=1&resize=350%2C200 1x, https:\/\/i0.wp.com\/www.shqiperia.com\/blog\/wp-content\/uploads\/2021\/02\/Desktop81-1024x496-1.jpg?fit=1024%2C496&ssl=1&resize=525%2C300 1.5x, https:\/\/i0.wp.com\/www.shqiperia.com\/blog\/wp-content\/uploads\/2021\/02\/Desktop81-1024x496-1.jpg?fit=1024%2C496&ssl=1&resize=700%2C400 2x"},"classes":[]},{"id":90011,"url":"https:\/\/www.shqiperia.com\/blog\/humor-burgu-te-spak-u-klodiana-lala-zbulon-pse-u-thirr-gaz-paja-ka-lidhje-me-veliajn\/","url_meta":{"origin":10746,"position":5},"title":"&#8220;Humor burgu&#8221; te SPAK-u, Klodiana Lala zbulon pse u thirr Gaz Paja: &#8211; Ka lidhje me Veliajn&#8230;","author":"Kurt Farka","date":"February 28, 2025","format":false,"excerpt":"28 Shkurt 2025 Gazetarja Klodiana Lala, e ftuar n\u00eb emisionin \"T\u00eb Paekspozuarit\" n\u00eb MCN TV, ka zbuluar se p\u00ebrse \u00ebsht\u00eb paraqitur n\u00eb SPAK, aktori i humorit Gaz Paja. Lala tha se ai\u00a0\u00ebsht\u00eb pyetur lidhur me \u00e7\u00ebshtjen Veliaj-Xoxa, nd\u00ebrkoh\u00eb q\u00eb i kan\u00eb sekuestruar edhe telefonin. \"Zoti Paja \u00ebsht\u00eb an\u00ebtar i K\u00ebshillit\u2026","rel":"","context":"In &quot;Blogu i Udh\u00ebtarit&quot;","block_context":{"text":"Blogu i Udh\u00ebtarit","link":"https:\/\/www.shqiperia.com\/blog\/category\/blogu-i-udhetarit\/"},"img":{"alt_text":"","src":"https:\/\/i0.wp.com\/www.shqiperia.com\/blog\/wp-content\/uploads\/2025\/02\/1740645972_gazpaja.jpg?fit=780%2C440&ssl=1&resize=350%2C200","width":350,"height":200,"srcset":"https:\/\/i0.wp.com\/www.shqiperia.com\/blog\/wp-content\/uploads\/2025\/02\/1740645972_gazpaja.jpg?fit=780%2C440&ssl=1&resize=350%2C200 1x, https:\/\/i0.wp.com\/www.shqiperia.com\/blog\/wp-content\/uploads\/2025\/02\/1740645972_gazpaja.jpg?fit=780%2C440&ssl=1&resize=525%2C300 1.5x, https:\/\/i0.wp.com\/www.shqiperia.com\/blog\/wp-content\/uploads\/2025\/02\/1740645972_gazpaja.jpg?fit=780%2C440&ssl=1&resize=700%2C400 2x"},"classes":[]}],"_links":{"self":[{"href":"https:\/\/www.shqiperia.com\/blog\/wp-json\/wp\/v2\/posts\/10746","targetHints":{"allow":["GET"]}}],"collection":[{"href":"https:\/\/www.shqiperia.com\/blog\/wp-json\/wp\/v2\/posts"}],"about":[{"href":"https:\/\/www.shqiperia.com\/blog\/wp-json\/wp\/v2\/types\/post"}],"author":[{"embeddable":true,"href":"https:\/\/www.shqiperia.com\/blog\/wp-json\/wp\/v2\/users\/9"}],"replies":[{"embeddable":true,"href":"https:\/\/www.shqiperia.com\/blog\/wp-json\/wp\/v2\/comments?post=10746"}],"version-history":[{"count":1,"href":"https:\/\/www.shqiperia.com\/blog\/wp-json\/wp\/v2\/posts\/10746\/revisions"}],"predecessor-version":[{"id":10749,"href":"https:\/\/www.shqiperia.com\/blog\/wp-json\/wp\/v2\/posts\/10746\/revisions\/10749"}],"wp:featuredmedia":[{"embeddable":true,"href":"https:\/\/www.shqiperia.com\/blog\/wp-json\/wp\/v2\/media\/10747"}],"wp:attachment":[{"href":"https:\/\/www.shqiperia.com\/blog\/wp-json\/wp\/v2\/media?parent=10746"}],"wp:term":[{"taxonomy":"category","embeddable":true,"href":"https:\/\/www.shqiperia.com\/blog\/wp-json\/wp\/v2\/categories?post=10746"},{"taxonomy":"post_tag","embeddable":true,"href":"https:\/\/www.shqiperia.com\/blog\/wp-json\/wp\/v2\/tags?post=10746"}],"curies":[{"name":"wp","href":"https:\/\/api.w.org\/{rel}","templated":true}]}}