{"id":10741,"date":"2018-08-10T07:08:20","date_gmt":"2018-08-10T07:08:20","guid":{"rendered":"http:\/\/www.shqiperia.com\/blog\/?p=10741"},"modified":"2018-08-10T07:08:20","modified_gmt":"2018-08-10T07:08:20","slug":"rovena-vata-trashegimia-kulturore-jomateriale-shpirterore-e-lugines-se-presheves-dhe-viseve-shqiptare","status":"publish","type":"post","link":"https:\/\/www.shqiperia.com\/blog\/rovena-vata-trashegimia-kulturore-jomateriale-shpirterore-e-lugines-se-presheves-dhe-viseve-shqiptare\/","title":{"rendered":"Rovena VATA : \u201cTrash\u00ebgimia kulturore jomateriale shpirt\u00ebrore e Lugin\u00ebs s\u00eb Preshev\u00ebs dhe viseve shqiptare\u201d. &#8211;"},"content":{"rendered":"<p><img data-recalc-dims=\"1\" loading=\"lazy\" decoding=\"async\" data-attachment-id=\"10742\" data-permalink=\"https:\/\/www.shqiperia.com\/blog\/rovena-vata-trashegimia-kulturore-jomateriale-shpirterore-e-lugines-se-presheves-dhe-viseve-shqiptare\/vallja-e-presheves\/\" data-orig-file=\"https:\/\/i0.wp.com\/www.shqiperia.com\/blog\/wp-content\/uploads\/2018\/08\/Vallja-e-Presheves.jpg?fit=1920%2C1080&amp;ssl=1\" data-orig-size=\"1920,1080\" data-comments-opened=\"1\" data-image-meta=\"{&quot;aperture&quot;:&quot;0&quot;,&quot;credit&quot;:&quot;&quot;,&quot;camera&quot;:&quot;&quot;,&quot;caption&quot;:&quot;&quot;,&quot;created_timestamp&quot;:&quot;0&quot;,&quot;copyright&quot;:&quot;&quot;,&quot;focal_length&quot;:&quot;0&quot;,&quot;iso&quot;:&quot;0&quot;,&quot;shutter_speed&quot;:&quot;0&quot;,&quot;title&quot;:&quot;&quot;,&quot;orientation&quot;:&quot;0&quot;}\" data-image-title=\"Vallja e Presheves\" data-image-description=\"\" data-image-caption=\"\" data-medium-file=\"https:\/\/i0.wp.com\/www.shqiperia.com\/blog\/wp-content\/uploads\/2018\/08\/Vallja-e-Presheves.jpg?fit=300%2C169&amp;ssl=1\" data-large-file=\"https:\/\/i0.wp.com\/www.shqiperia.com\/blog\/wp-content\/uploads\/2018\/08\/Vallja-e-Presheves.jpg?fit=1024%2C576&amp;ssl=1\" class=\"alignnone  wp-image-10742\" alt=\"\" src=\"https:\/\/i0.wp.com\/www.shqiperia.com\/blog\/wp-content\/uploads\/2018\/08\/Vallja-e-Presheves-300x169.jpg?resize=328%2C185\" width=\"328\" height=\"185\" srcset=\"https:\/\/i0.wp.com\/www.shqiperia.com\/blog\/wp-content\/uploads\/2018\/08\/Vallja-e-Presheves.jpg?resize=300%2C169&amp;ssl=1 300w, https:\/\/i0.wp.com\/www.shqiperia.com\/blog\/wp-content\/uploads\/2018\/08\/Vallja-e-Presheves.jpg?resize=768%2C432&amp;ssl=1 768w, https:\/\/i0.wp.com\/www.shqiperia.com\/blog\/wp-content\/uploads\/2018\/08\/Vallja-e-Presheves.jpg?resize=1024%2C576&amp;ssl=1 1024w, https:\/\/i0.wp.com\/www.shqiperia.com\/blog\/wp-content\/uploads\/2018\/08\/Vallja-e-Presheves.jpg?w=1920&amp;ssl=1 1920w\" sizes=\"auto, (max-width: 328px) 100vw, 328px\" \/><\/p>\n<p><strong>Rovena VATA : \u201cTrash\u00ebgimia kulturore jomateriale shpirt\u00ebrore e Lugin\u00ebs s\u00eb Preshev\u00ebs dhe viseve shqiptare\u201d. &#8211;<br \/>\n<\/strong><\/p>\n<p><strong>Nga Dr. Rovena VATA <\/strong><\/p>\n<p>Shoqata p\u00ebr Trash\u00ebgimi dhe Krijimtari Kulturore e Lugin\u00ebs s\u00eb Preshev\u00ebs, me seli n\u00eb Preshev\u00eb, n\u00eb datat 6 dhe 7 korrik 2018, organizoi Konferenc\u00ebn Shkencore Mbar\u00ebshqiptare me tem\u00eb bosht: \u201cTrash\u00ebgimia kulturore jomateriale shpirt\u00ebrore e Lugin\u00ebs s\u00eb Preshev\u00ebs dhe viseve shqiptare\u201d. Kjo shoqat\u00eb drejtohet nga profesori dhe studiuesi i nderuar Xhemaledin Salihu, i cili hapi konferenc\u00ebn dhe fjal\u00ebn p\u00ebrsh\u00ebndet\u00ebse p\u00ebr t\u00eb gjith\u00eb t\u00eb pranishmit, duke ju uruar konferenc\u00ebs suksese dhe pjes\u00ebmarr\u00ebsve t\u00eb saj mir\u00ebseardhjen.<\/p>\n<p>Profesor Xhemaledin Salihu p\u00ebrsh\u00ebndeti kryesin\u00eb e pun\u00ebs t\u00eb cil\u00ebt u kujdes\u00ebn dhe punuan me p\u00ebrkushtim, q\u00eb kjo konferenc\u00eb t\u00eb merrte natyr\u00eb serioze dhe akademike. Fjala p\u00ebrshendet\u00ebse e profesor Xhemaledinit vijon edhe p\u00ebr pjes\u00ebmarrjen e kryetarit t\u00eb shoqat\u00ebs: \u201cByty\u00e7i Tiran\u00eb-Prizren\u201d z. Agron Isa Gjedia, q\u00eb ka p\u00ebrkrahur dhe ka marr pjes\u00eb n\u00eb \u00e7do aktivitet, q\u00eb Lugina e Preshev\u00ebs ka organizuar, duke i uruar p\u00ebr pun\u00ebn dhe nism\u00ebn p\u00ebr tu shpallur fest\u00eb mbar\u00ebkomb\u00ebtare: \u201cFesta e Plisit t\u00eb Bardh\u00eb\u201d, si dhe p\u00ebr t\u2019i dh\u00ebn\u00eb vendin e caktuar n\u00eb trash\u00ebgimin\u00eb kulturore, k\u00ebtij simboli komb\u00ebtar.<\/p>\n<p>Fjala p\u00ebrshendetse e zotit t\u00eb sht\u00ebpis\u00eb vijoi edhe p\u00ebr ligj\u00ebruesit si: Prof. dr. Nebi Ismali, Dr. Rovena Vata.<\/p>\n<p>Pjes\u00ebmarr\u00ebs n\u00eb fjal\u00ebn e hapjes ishin edhe Shukri Ymeri, kryetar i K\u00ebshillit Komb\u00ebtar Shqiptar, deputeti popullor Fatmir Hasani, delegacionet nga Tirana, Struga, Tetova, Shkupi, Mitrovica, Gjilani, Bujanoci, si dhe donator\u00ebt e konferenc\u00ebs: Qenan Haxhi Vlora Hamdiu, an\u00ebtar\u00ebt e kryesis\u00eb s\u00eb Fondit Humanitar nga Zvicra e shum\u00eb sponsor\u00eb t\u00eb tjer\u00eb nga Presheva e rajoni, ardhures t\u00eb kultur\u00ebs shpirt\u00ebrore shqiptare.<\/p>\n<p>N\u00eb fjal\u00ebn e tij profesor Xhemaledini theksoi se kjo shoqat\u00eb q\u00eb nga themeli i saj prej tet\u00eb vitesh dhe deri n\u00eb dit\u00ebt e sotme ka pasur p\u00ebr q\u00ebllim: hulumtimin, gjurimin, evidentimin, regjistrimin, ruajtjen dhe mbrojtjen e trash\u00ebgimis\u00eb kulturore dhe asaj natyrore, zhvillimin dhe kultivimin e krijimtaris\u00eb kulturore si dhe mbrojtjen e identitetit komb\u00ebtar shqiptar t\u00eb Lugin\u00ebs s\u00eb Preshev\u00ebs.<\/p>\n<p><img data-recalc-dims=\"1\" loading=\"lazy\" decoding=\"async\" data-attachment-id=\"10743\" data-permalink=\"https:\/\/www.shqiperia.com\/blog\/rovena-vata-trashegimia-kulturore-jomateriale-shpirterore-e-lugines-se-presheves-dhe-viseve-shqiptare\/vallja-e-presheves-2\/\" data-orig-file=\"https:\/\/i0.wp.com\/www.shqiperia.com\/blog\/wp-content\/uploads\/2018\/08\/Vallja-e-Presheves-1.jpg?fit=1920%2C1080&amp;ssl=1\" data-orig-size=\"1920,1080\" data-comments-opened=\"1\" data-image-meta=\"{&quot;aperture&quot;:&quot;0&quot;,&quot;credit&quot;:&quot;&quot;,&quot;camera&quot;:&quot;&quot;,&quot;caption&quot;:&quot;&quot;,&quot;created_timestamp&quot;:&quot;0&quot;,&quot;copyright&quot;:&quot;&quot;,&quot;focal_length&quot;:&quot;0&quot;,&quot;iso&quot;:&quot;0&quot;,&quot;shutter_speed&quot;:&quot;0&quot;,&quot;title&quot;:&quot;&quot;,&quot;orientation&quot;:&quot;0&quot;}\" data-image-title=\"Vallja e Presheves\" data-image-description=\"\" data-image-caption=\"\" data-medium-file=\"https:\/\/i0.wp.com\/www.shqiperia.com\/blog\/wp-content\/uploads\/2018\/08\/Vallja-e-Presheves-1.jpg?fit=300%2C169&amp;ssl=1\" data-large-file=\"https:\/\/i0.wp.com\/www.shqiperia.com\/blog\/wp-content\/uploads\/2018\/08\/Vallja-e-Presheves-1.jpg?fit=1024%2C576&amp;ssl=1\" class=\"alignnone  wp-image-10743\" alt=\"\" src=\"https:\/\/i0.wp.com\/www.shqiperia.com\/blog\/wp-content\/uploads\/2018\/08\/Vallja-e-Presheves-1-300x169.jpg?resize=767%2C432\" width=\"767\" height=\"432\" srcset=\"https:\/\/i0.wp.com\/www.shqiperia.com\/blog\/wp-content\/uploads\/2018\/08\/Vallja-e-Presheves-1.jpg?resize=300%2C169&amp;ssl=1 300w, https:\/\/i0.wp.com\/www.shqiperia.com\/blog\/wp-content\/uploads\/2018\/08\/Vallja-e-Presheves-1.jpg?resize=768%2C432&amp;ssl=1 768w, https:\/\/i0.wp.com\/www.shqiperia.com\/blog\/wp-content\/uploads\/2018\/08\/Vallja-e-Presheves-1.jpg?resize=1024%2C576&amp;ssl=1 1024w, https:\/\/i0.wp.com\/www.shqiperia.com\/blog\/wp-content\/uploads\/2018\/08\/Vallja-e-Presheves-1.jpg?w=1920&amp;ssl=1 1920w\" sizes=\"auto, (max-width: 767px) 100vw, 767px\" \/><\/p>\n<p>\u201cMisioni i Shoqat\u00ebs p\u00ebr Trash\u00ebgimi dhe Krjimtari Kulturore, q\u00eb ka n\u00eb focus t\u00eb saj mbrojtjen, ruajtjen dhe kultivimin e trash\u00ebgimis\u00eb kulturore shqiptare. N\u00eb kuad\u00ebr t\u00eb ruajtjen dhe zhvillimit t\u00eb kultur\u00ebs dhe trash\u00ebgimis\u00eb komb\u00ebtare shqiptare kjo shoqat\u00eb ka zhvilluar p\u00ebrgjat\u00eb k\u00ebtyre tet\u00eb viteve 8 konferenca shkencore, ka botuar 8 libra shkencor\u00eb, si dhe ka realizuar dy projekte t\u00eb r\u00ebnd\u00ebsishme si dhe studime apo publikime n\u00eb revista letrare apo mjete t\u00eb tjera t\u00eb medias s\u00eb shkruar dhe asaj elektronike\u201d, thekson n\u00eb fjal\u00ebn e tij kryetari i k\u00ebsaj shoqate.<\/p>\n<p>Ndaj edhe q\u00ebllimi i k\u00ebsaj konference ishte hulumtimi, trajtimi dhe shqyrtimi i trash\u00ebgimis\u00eb kulturore jomateriale shpirt\u00ebrore t\u00eb Lugin\u00ebs s\u00eb Preshev\u00ebs dhe viseve shqiptare t\u00eb identifikohet dhe pasqyrohet p\u00ebrmes metodave shkencore dhe akademike, e m\u00eb pas kontributi i secilit t\u00eb pranish\u00ebm n\u00eb k\u00ebt\u00eb konferenc\u00eb t\u00eb p\u00ebrmblidhet n\u00eb nj\u00eb lib\u00ebr shkencor, p\u00ebr ta pasur t\u00eb gjith\u00eb. Kuptohet se \u201cplaga\u201d e shqiptar\u00ebve q\u00eb jetojn\u00eb n\u00eb Lugin\u00eb \u00ebsht\u00eb pasqyrimi n\u00eb forma t\u00eb ndryshme i k\u00ebsaj trash\u00ebgimie dhe sidomos mbajtja e saj gjall\u00eb nd\u00ebr breza.<\/p>\n<p>Trash\u00ebgimia kulturore jomateriale shpirt\u00ebrore, e cila n\u00ebnkupton si fillim, gjuh\u00ebn, njohurit\u00eb dhe krijimtarin\u00eb popullore, por edhe veglat, objektet, artizanatin dhe hap\u00ebsirat kulturore, q\u00eb bashk\u00ebshoq\u00ebrojn\u00eb bashk\u00ebsit\u00eb, ku ato jetojn\u00eb dhe veprojn\u00eb n\u00eb Lugin\u00ebn e Preshev\u00ebs ishte fokusi i sjelljes s\u00eb referimeve shkencore.<\/p>\n<p>Nd\u00ebr kumtesat e lexuara dhe t\u00eb diskutimet q\u00eb kjo konferenc\u00eb kishte ishin sjellja e k\u00ebtyre temave, si:<\/p>\n<ol>\n<li>P\u00ebrdorimi i gjuh\u00ebs shqipe n\u00eb veprat letrare;<\/li>\n<li>Studimi i mitologjis\u00eb, religjioneve dhe kultur\u00ebs fetare;<\/li>\n<li>Folklori gojori ruajtur n\u00eb kujtes\u00eb, i shkruar ose i regjistruar;<\/li>\n<li>Folklori vokal, koreografik dhe instrumental;<\/li>\n<li>Zakone dhe doke tradicionale;<\/li>\n<li>Besime dhe bestytni t\u00eb tradit\u00ebs;<\/li>\n<li>Zejet e ndryshme tradicionale.<\/li>\n<\/ol>\n<p>Duke qen\u00eb se q\u00ebllimi i konferenc\u00ebs ishte shqyrtimi dhe trajtimi shkencor i trash\u00ebgimis\u00eb kulturore jomateriale e shpirt\u00ebrore t\u00eb Lugin\u00ebs s\u00eb Preshev\u00ebs si dhe duke ditur se Lugina e Presh\u00ebves dhe viset e tjera shqiptare, kan\u00eb nj\u00eb pasuri t\u00eb bollshme t\u00eb trash\u00ebgimis\u00eb kulturore jomateriale shpirt\u00ebrore, e cila nuk \u00ebsht\u00eb hulumtuar, studiuar, trajtuar e shqyrtuar shkencerisht sa duhet, me kumtesat e referuara u zgjerua horizonti i pritjes.<\/p>\n<p>M\u00eb konkretisht n\u00eb k\u00ebt\u00eb hap\u00ebsir\u00eb shqiptare u paraqiten me punimet e tyre, studiues dhe p\u00ebrfaq\u00ebsues nga t\u00eb gjitha trevat shqiptare si nga: Shqip\u00ebria, Kosova, Maqedonia, Mali i Zi, Presheva dhe diaspora.<\/p>\n<p>N\u00eb dit\u00ebn e par\u00eb t\u00eb k\u00ebsaj konference drejtuan seanc\u00ebn shkencore: Prof. Dr. Nebi Islami, Dr. Rovena Vata, Xhemaledin Salihu, kjo seanc\u00eb filloj me nj\u00eb minut\u00eb heshtje n\u00eb nder t\u00eb heronj\u00ebve t\u00eb kultur\u00ebs shpirt\u00ebrore si: Mehmet Latifit, Zeqirja Fazliu dhe Demir Beluli, t\u00eb cil\u00ebt me veprat e tyre t\u00eb jet\u00ebs i dhan\u00eb frym\u00eb komb\u00ebtare Lugin\u00ebs s\u00eb Preshev\u00ebs s\u00eb bashk\u00eb me rrethinat e saj.<\/p>\n<p><img data-recalc-dims=\"1\" loading=\"lazy\" decoding=\"async\" data-attachment-id=\"10744\" data-permalink=\"https:\/\/www.shqiperia.com\/blog\/rovena-vata-trashegimia-kulturore-jomateriale-shpirterore-e-lugines-se-presheves-dhe-viseve-shqiptare\/rovena-vata\/\" data-orig-file=\"https:\/\/i0.wp.com\/www.shqiperia.com\/blog\/wp-content\/uploads\/2018\/08\/rovena-vata-.jpg?fit=666%2C700&amp;ssl=1\" data-orig-size=\"666,700\" data-comments-opened=\"1\" data-image-meta=\"{&quot;aperture&quot;:&quot;0&quot;,&quot;credit&quot;:&quot;&quot;,&quot;camera&quot;:&quot;&quot;,&quot;caption&quot;:&quot;&quot;,&quot;created_timestamp&quot;:&quot;0&quot;,&quot;copyright&quot;:&quot;&quot;,&quot;focal_length&quot;:&quot;0&quot;,&quot;iso&quot;:&quot;0&quot;,&quot;shutter_speed&quot;:&quot;0&quot;,&quot;title&quot;:&quot;&quot;,&quot;orientation&quot;:&quot;0&quot;}\" data-image-title=\"rovena-vata-\" data-image-description=\"\" data-image-caption=\"\" data-medium-file=\"https:\/\/i0.wp.com\/www.shqiperia.com\/blog\/wp-content\/uploads\/2018\/08\/rovena-vata-.jpg?fit=285%2C300&amp;ssl=1\" data-large-file=\"https:\/\/i0.wp.com\/www.shqiperia.com\/blog\/wp-content\/uploads\/2018\/08\/rovena-vata-.jpg?fit=666%2C700&amp;ssl=1\" class=\"alignnone size-medium wp-image-10744\" alt=\"\" src=\"https:\/\/i0.wp.com\/www.shqiperia.com\/blog\/wp-content\/uploads\/2018\/08\/rovena-vata--285x300.jpg?resize=285%2C300\" width=\"285\" height=\"300\" srcset=\"https:\/\/i0.wp.com\/www.shqiperia.com\/blog\/wp-content\/uploads\/2018\/08\/rovena-vata-.jpg?resize=285%2C300&amp;ssl=1 285w, https:\/\/i0.wp.com\/www.shqiperia.com\/blog\/wp-content\/uploads\/2018\/08\/rovena-vata-.jpg?w=666&amp;ssl=1 666w\" sizes=\"auto, (max-width: 285px) 100vw, 285px\" \/><\/p>\n<p>Rovena Vata.<\/p>\n","protected":false},"excerpt":{"rendered":"<p>Rovena VATA : \u201cTrash\u00ebgimia kulturore jomateriale shpirt\u00ebrore e Lugin\u00ebs s\u00eb Preshev\u00ebs dhe viseve shqiptare\u201d. &#8211; Nga Dr. Rovena VATA Shoqata p\u00ebr Trash\u00ebgimi dhe Krijimtari Kulturore e Lugin\u00ebs s\u00eb Preshev\u00ebs, me seli n\u00eb Preshev\u00eb, n\u00eb datat 6 dhe 7 korrik 2018, organizoi Konferenc\u00ebn Shkencore Mbar\u00ebshqiptare me tem\u00eb bosht: \u201cTrash\u00ebgimia kulturore jomateriale shpirt\u00ebrore e Lugin\u00ebs s\u00eb Preshev\u00ebs [&hellip;]<\/p>\n","protected":false},"author":9,"featured_media":10742,"comment_status":"open","ping_status":"open","sticky":false,"template":"","format":"standard","meta":{"jetpack_post_was_ever_published":false,"_jetpack_newsletter_access":"","_jetpack_dont_email_post_to_subs":false,"_jetpack_newsletter_tier_id":0,"_jetpack_memberships_contains_paywalled_content":false,"_jetpack_memberships_contains_paid_content":false,"footnotes":"","jetpack_publicize_message":"","jetpack_publicize_feature_enabled":true,"jetpack_social_post_already_shared":true,"jetpack_social_options":{"image_generator_settings":{"template":"highway","default_image_id":0,"font":"","enabled":false},"version":2}},"categories":[27,10],"tags":[],"class_list":["post-10741","post","type-post","status-publish","format-standard","has-post-thumbnail","hentry","category-blogu-i-udhetarit","category-kultura"],"jetpack_publicize_connections":[],"jetpack_featured_media_url":"https:\/\/i0.wp.com\/www.shqiperia.com\/blog\/wp-content\/uploads\/2018\/08\/Vallja-e-Presheves.jpg?fit=1920%2C1080&ssl=1","jetpack_sharing_enabled":true,"jetpack_shortlink":"https:\/\/wp.me\/p5Z6wp-2Nf","jetpack-related-posts":[{"id":1207,"url":"https:\/\/www.shqiperia.com\/blog\/trashegimia-kulturore-ne-presheve-libri-ri\/","url_meta":{"origin":10741,"position":0},"title":"Trash\u00ebgimia kulturore n\u00eb Preshev\u00eb &#8211; Libri i ri i autorit Xhemaledin Salihu","author":"Kurt Farka","date":"January 13, 2018","format":false,"excerpt":"Trash\u00ebgimia kulturore n\u00eb Preshev\u00eb pasurohet me nj\u00eb tjet\u00ebr lib\u00ebr monografik. B\u00ebhet fjal\u00eb p\u00ebr librin \u201cPresheva- pjes\u00eb e pandar\u00eb e L\u00ebvizjes Komb\u00ebtare n\u00ebp\u00ebr shekuj\u201d, e autorit preshevar, profesor Xhemaledin Salihu. Sevdail Hyseni shkruan se autorit i ka lindur ideja p\u00ebr nj\u00eb monografi t\u00eb p\u00ebrgjithshme p\u00ebr Preshev\u00ebn prej koh\u00ebsh, duke hulumtuar, grumbulluar\u2026","rel":"","context":"In &quot;Kultura&quot;","block_context":{"text":"Kultura","link":"https:\/\/www.shqiperia.com\/blog\/category\/kultura\/"},"img":{"alt_text":"","src":"https:\/\/i0.wp.com\/www.shqiperia.com\/blog\/wp-content\/uploads\/2018\/01\/presheva-227x300.jpg?resize=350%2C200","width":350,"height":200},"classes":[]},{"id":76430,"url":"https:\/\/www.shqiperia.com\/blog\/shaip-kamberi-fiton-nje-mandat-tjeter-si-deputet-ne-parlamentin-serb\/","url_meta":{"origin":10741,"position":1},"title":"Shaip Kamberi fiton nj\u00eb mandat tjet\u00ebr si deputet n\u00eb Parlamentin Serb","author":"Kurt Farka","date":"December 17, 2023","format":false,"excerpt":"17 Dhjetor 2023 Shaip Kamberi, udh\u00ebheq\u00ebs i Partis\u00eb p\u00ebr Veprim Demokratik, raportohet se ka fituar edhe nj\u00eb mandat tjet\u00ebr t\u00eb p\u00ebrfaq\u00ebsimit t\u00eb shqiptar\u00ebve t\u00eb Lugin\u00ebs s\u00eb Preshev\u00ebs n\u00eb Kuvendin e Serbis\u00eb. Sipas mediave n\u00eb Preshev\u00eb, Kamberi ka arritur votat e mjaftueshme q\u00eb t\u00eb b\u00ebhet deputet n\u00eb Parlamentin e Serbis\u00eb s\u00ebrish.\u2026","rel":"","context":"In &quot;Blogu i Udh\u00ebtarit&quot;","block_context":{"text":"Blogu i Udh\u00ebtarit","link":"https:\/\/www.shqiperia.com\/blog\/category\/blogu-i-udhetarit\/"},"img":{"alt_text":"","src":"https:\/\/i0.wp.com\/www.shqiperia.com\/blog\/wp-content\/uploads\/2023\/12\/shuaip-kamberi.jpg?fit=600%2C360&ssl=1&resize=350%2C200","width":350,"height":200,"srcset":"https:\/\/i0.wp.com\/www.shqiperia.com\/blog\/wp-content\/uploads\/2023\/12\/shuaip-kamberi.jpg?fit=600%2C360&ssl=1&resize=350%2C200 1x, https:\/\/i0.wp.com\/www.shqiperia.com\/blog\/wp-content\/uploads\/2023\/12\/shuaip-kamberi.jpg?fit=600%2C360&ssl=1&resize=525%2C300 1.5x"},"classes":[]},{"id":83475,"url":"https:\/\/www.shqiperia.com\/blog\/duam-libra-shqip-shqiptaret-ne-bujanoc-protestojne-kunder-vucic\/","url_meta":{"origin":10741,"position":2},"title":"\u201cDuam libra shqip!\u201d, shqiptar\u00ebt n\u00eb Bujanoc protestojn\u00eb kund\u00ebr Vu\u00e7i\u00e7","author":"Kurt Farka","date":"August 12, 2024","format":false,"excerpt":"12 Gusht 2024 Ka nisur protesta e shqiptar\u00ebve t\u00eb Lugin\u00ebs s\u00eb Preshev\u00ebs, kund\u00ebr diskriminimit nga Beogradi. N\u00eb pamjet e d\u00ebrguara nga T\u00ebV\u00eb1 shihen nj\u00eb num\u00ebr i madh i protestuesve me pankarta, \u201cDUAM LIBRA SHQIP!\u201d, \u201cGJINEKOLOGJIA P\u00cbR GRAT\u00cb SHQIPTARE \u2013 KUJDES SH\u00cbNDET\u00cbSOR PA DISKRIMINIM GJUH\u00cbSOR!\u201d. Ndryshe, kjo protest\u00eb po mbahet kund\u00ebr\u2026","rel":"","context":"In &quot;Blogu i Udh\u00ebtarit&quot;","block_context":{"text":"Blogu i Udh\u00ebtarit","link":"https:\/\/www.shqiperia.com\/blog\/category\/blogu-i-udhetarit\/"},"img":{"alt_text":"","src":"https:\/\/i0.wp.com\/www.shqiperia.com\/blog\/wp-content\/uploads\/2024\/08\/shqiptar-Serbi2-2.jpg?fit=551%2C357&ssl=1&resize=350%2C200","width":350,"height":200,"srcset":"https:\/\/i0.wp.com\/www.shqiperia.com\/blog\/wp-content\/uploads\/2024\/08\/shqiptar-Serbi2-2.jpg?fit=551%2C357&ssl=1&resize=350%2C200 1x, https:\/\/i0.wp.com\/www.shqiperia.com\/blog\/wp-content\/uploads\/2024\/08\/shqiptar-Serbi2-2.jpg?fit=551%2C357&ssl=1&resize=525%2C300 1.5x"},"classes":[]},{"id":84391,"url":"https:\/\/www.shqiperia.com\/blog\/marsho-per-identitet-dhe-dinjitet-komuniteti-shqiptar-ne-presheve-paralajmeron-proteste-kunder-diskriminimit-nga-serbia\/","url_meta":{"origin":10741,"position":3},"title":"\u201cMarsho p\u00ebr identitet dhe dinjitet\u201d\/ Komuniteti shqiptar n\u00eb Preshev\u00eb paralajm\u00ebron protest\u00eb kund\u00ebr diskriminimit nga Serbia","author":"Kurt Farka","date":"September 12, 2024","format":false,"excerpt":"12 Shkurt 2024 M\u00eb 23 shtator, nga ora 13:00, n\u00eb Preshev\u00eb do t\u00eb zhvillohet protesta me moton \u201cMarsho p\u00ebr identitet dhe dinjitet\u201d. Kjo protest\u00eb \u00ebsht\u00eb njoftuar sot nga kryetarja e komun\u00ebs s\u00eb Preshev\u00ebs, Ardita Sinani, e cila b\u00ebri t\u00eb ditur se marshimi do t\u00eb nis\u00eb nga stadiumi i qytetit dhe\u2026","rel":"","context":"In &quot;Blogu i Udh\u00ebtarit&quot;","block_context":{"text":"Blogu i Udh\u00ebtarit","link":"https:\/\/www.shqiperia.com\/blog\/category\/blogu-i-udhetarit\/"},"img":{"alt_text":"","src":"https:\/\/i0.wp.com\/www.shqiperia.com\/blog\/wp-content\/uploads\/2024\/09\/hjjghjh-682x450-1.jpg?fit=682%2C450&ssl=1&resize=350%2C200","width":350,"height":200,"srcset":"https:\/\/i0.wp.com\/www.shqiperia.com\/blog\/wp-content\/uploads\/2024\/09\/hjjghjh-682x450-1.jpg?fit=682%2C450&ssl=1&resize=350%2C200 1x, https:\/\/i0.wp.com\/www.shqiperia.com\/blog\/wp-content\/uploads\/2024\/09\/hjjghjh-682x450-1.jpg?fit=682%2C450&ssl=1&resize=525%2C300 1.5x"},"classes":[]},{"id":10494,"url":"https:\/\/www.shqiperia.com\/blog\/problemi-me-mustafa-nanon-nuk-eshte-pse-mendojme-ndryshe\/","url_meta":{"origin":10741,"position":4},"title":"Problemi me Mustafa Nanon nuk \u00ebsht\u00eb pse \u201cmendojm\u00eb ndryshe\u201d. &#8211;","author":"Kurt Farka","date":"August 1, 2018","format":false,"excerpt":"Problemi me Mustafa Nanon nuk \u00ebsht\u00eb pse \u201cmendojm\u00eb ndryshe\u201d. - Nga Bardhyl Mahmuti* Pas reagimeve ndaj q\u00ebndrimeve politike t\u00eb Mustafa Nanos n\u00eb Beograd, mediat njoftuan se, n\u00eb nj\u00eb intervist\u00eb p\u00ebr gazet\u00ebn Panorama, ai \u201cu \u00ebsht\u00eb p\u00ebrgjigjur atyre q\u00eb e quajn\u00eb antishqiptar\u201d. N\u00eb k\u00ebt\u00eb shkrim nuk do t\u00eb p\u00ebrfshihen gj\u00ebrat q\u00eb\u2026","rel":"","context":"In &quot;Blogu i Udh\u00ebtarit&quot;","block_context":{"text":"Blogu i Udh\u00ebtarit","link":"https:\/\/www.shqiperia.com\/blog\/category\/blogu-i-udhetarit\/"},"img":{"alt_text":"","src":"https:\/\/i0.wp.com\/www.shqiperia.com\/blog\/wp-content\/uploads\/2018\/08\/Mustafa-Nano.png?fit=620%2C364&ssl=1&resize=350%2C200","width":350,"height":200,"srcset":"https:\/\/i0.wp.com\/www.shqiperia.com\/blog\/wp-content\/uploads\/2018\/08\/Mustafa-Nano.png?fit=620%2C364&ssl=1&resize=350%2C200 1x, https:\/\/i0.wp.com\/www.shqiperia.com\/blog\/wp-content\/uploads\/2018\/08\/Mustafa-Nano.png?fit=620%2C364&ssl=1&resize=525%2C300 1.5x"},"classes":[]},{"id":35922,"url":"https:\/\/www.shqiperia.com\/blog\/shqiptaret-e-lugines-se-presheves-sigurojne-3-deputete-ne-parlamentin-e-serbise\/","url_meta":{"origin":10741,"position":5},"title":"Shqiptar\u00ebt e Lugin\u00ebs s\u00eb Preshev\u00ebs sigurojn\u00eb 3 deputet\u00eb n\u00eb Parlamentin e Serbis\u00eb","author":"Kurt Farka","date":"June 22, 2020","format":false,"excerpt":"Shqiptar\u00ebt e Lugin\u00ebs s\u00eb Preshev\u00ebs sigurojn\u00eb 3 deputet\u00eb n\u00eb Parlamentin e Serbis\u00eb 22 QERSHOR 2020 N\u00eb Serbi, dit\u00ebn e djeshme jan\u00eb mbajtur zgjedhjet parlamentare. Sipas rezultateve paraprake, Partia e presidentit Aleksand\u00ebr Vu\u00e7i\u00e7 \u00ebsht\u00eb shpallur fituese. Komisioni i Zgjedhjeve tha se, Vu\u00e7i\u00e7 ka fituar 63,35% t\u00eb votave. Po sipas rezultateve paraprake,\u2026","rel":"","context":"In &quot;Blogu i Udh\u00ebtarit&quot;","block_context":{"text":"Blogu i Udh\u00ebtarit","link":"https:\/\/www.shqiperia.com\/blog\/category\/blogu-i-udhetarit\/"},"img":{"alt_text":"","src":"https:\/\/i0.wp.com\/www.shqiperia.com\/blog\/wp-content\/uploads\/2020\/06\/640-0-5ef05c9c91ed4.jpg?fit=640%2C360&ssl=1&resize=350%2C200","width":350,"height":200,"srcset":"https:\/\/i0.wp.com\/www.shqiperia.com\/blog\/wp-content\/uploads\/2020\/06\/640-0-5ef05c9c91ed4.jpg?fit=640%2C360&ssl=1&resize=350%2C200 1x, https:\/\/i0.wp.com\/www.shqiperia.com\/blog\/wp-content\/uploads\/2020\/06\/640-0-5ef05c9c91ed4.jpg?fit=640%2C360&ssl=1&resize=525%2C300 1.5x"},"classes":[]}],"_links":{"self":[{"href":"https:\/\/www.shqiperia.com\/blog\/wp-json\/wp\/v2\/posts\/10741","targetHints":{"allow":["GET"]}}],"collection":[{"href":"https:\/\/www.shqiperia.com\/blog\/wp-json\/wp\/v2\/posts"}],"about":[{"href":"https:\/\/www.shqiperia.com\/blog\/wp-json\/wp\/v2\/types\/post"}],"author":[{"embeddable":true,"href":"https:\/\/www.shqiperia.com\/blog\/wp-json\/wp\/v2\/users\/9"}],"replies":[{"embeddable":true,"href":"https:\/\/www.shqiperia.com\/blog\/wp-json\/wp\/v2\/comments?post=10741"}],"version-history":[{"count":1,"href":"https:\/\/www.shqiperia.com\/blog\/wp-json\/wp\/v2\/posts\/10741\/revisions"}],"predecessor-version":[{"id":10745,"href":"https:\/\/www.shqiperia.com\/blog\/wp-json\/wp\/v2\/posts\/10741\/revisions\/10745"}],"wp:featuredmedia":[{"embeddable":true,"href":"https:\/\/www.shqiperia.com\/blog\/wp-json\/wp\/v2\/media\/10742"}],"wp:attachment":[{"href":"https:\/\/www.shqiperia.com\/blog\/wp-json\/wp\/v2\/media?parent=10741"}],"wp:term":[{"taxonomy":"category","embeddable":true,"href":"https:\/\/www.shqiperia.com\/blog\/wp-json\/wp\/v2\/categories?post=10741"},{"taxonomy":"post_tag","embeddable":true,"href":"https:\/\/www.shqiperia.com\/blog\/wp-json\/wp\/v2\/tags?post=10741"}],"curies":[{"name":"wp","href":"https:\/\/api.w.org\/{rel}","templated":true}]}}