{"id":106164,"date":"2026-09-06T17:04:32","date_gmt":"2026-09-06T17:04:32","guid":{"rendered":"https:\/\/www.shqiperia.com\/blog\/?p=106164"},"modified":"2026-09-06T17:08:12","modified_gmt":"2026-09-06T17:08:12","slug":"marta-kos-ne-duhet-qe-te-kundersulmojme-kunder-atyre-qe-pretendojne-se-qyteterimi-evropian-eshte-ne-renie-se-ekonomia-jone-eshte-ne-renie-se-nuk-kemi-demokraci-te-vertete","status":"publish","type":"post","link":"https:\/\/www.shqiperia.com\/blog\/marta-kos-ne-duhet-qe-te-kundersulmojme-kunder-atyre-qe-pretendojne-se-qyteterimi-evropian-eshte-ne-renie-se-ekonomia-jone-eshte-ne-renie-se-nuk-kemi-demokraci-te-vertete\/","title":{"rendered":"Marta Kos: &#8211;  Ne duhet q\u00eb t\u00eb kund\u00ebrsulmojm\u00eb kund\u00ebr atyre q\u00eb pretendojn\u00eb se qytet\u00ebrimi evropian \u00ebsht\u00eb n\u00eb r\u00ebnie, se ekonomia jon\u00eb \u00ebsht\u00eb n\u00eb r\u00ebnie, se nuk kemi demokraci t\u00eb v\u00ebrtet\u00eb."},"content":{"rendered":"<div id=\"attachment_106166\" style=\"width: 617px\" class=\"wp-caption alignnone\"><img data-recalc-dims=\"1\" loading=\"lazy\" decoding=\"async\" aria-describedby=\"caption-attachment-106166\" data-attachment-id=\"106166\" data-permalink=\"https:\/\/www.shqiperia.com\/blog\/marta-kos-ne-duhet-qe-te-kundersulmojme-kunder-atyre-qe-pretendojne-se-qyteterimi-evropian-eshte-ne-renie-se-ekonomia-jone-eshte-ne-renie-se-nuk-kemi-demokraci-te-vertete\/marta-kos-2\/\" data-orig-file=\"https:\/\/i0.wp.com\/www.shqiperia.com\/blog\/wp-content\/uploads\/2026\/09\/Marta-Kos.webp?fit=1024%2C564&amp;ssl=1\" data-orig-size=\"1024,564\" data-comments-opened=\"1\" data-image-meta=\"{&quot;aperture&quot;:&quot;0&quot;,&quot;credit&quot;:&quot;&quot;,&quot;camera&quot;:&quot;&quot;,&quot;caption&quot;:&quot;&quot;,&quot;created_timestamp&quot;:&quot;0&quot;,&quot;copyright&quot;:&quot;&quot;,&quot;focal_length&quot;:&quot;0&quot;,&quot;iso&quot;:&quot;0&quot;,&quot;shutter_speed&quot;:&quot;0&quot;,&quot;title&quot;:&quot;&quot;,&quot;orientation&quot;:&quot;0&quot;}\" data-image-title=\"Marta Kos\" data-image-description=\"\" data-image-caption=\"&lt;p&gt;Marta Kos&lt;\/p&gt;\n\" data-medium-file=\"https:\/\/i0.wp.com\/www.shqiperia.com\/blog\/wp-content\/uploads\/2026\/09\/Marta-Kos.webp?fit=300%2C165&amp;ssl=1\" data-large-file=\"https:\/\/i0.wp.com\/www.shqiperia.com\/blog\/wp-content\/uploads\/2026\/09\/Marta-Kos.webp?fit=1024%2C564&amp;ssl=1\" class=\" wp-image-106166\" alt=\"\" src=\"https:\/\/i0.wp.com\/www.shqiperia.com\/blog\/wp-content\/uploads\/2026\/09\/Marta-Kos.webp?resize=607%2C334&#038;ssl=1\" width=\"607\" height=\"334\" srcset=\"https:\/\/i0.wp.com\/www.shqiperia.com\/blog\/wp-content\/uploads\/2026\/09\/Marta-Kos.webp?resize=300%2C165&amp;ssl=1 300w, https:\/\/i0.wp.com\/www.shqiperia.com\/blog\/wp-content\/uploads\/2026\/09\/Marta-Kos.webp?resize=768%2C423&amp;ssl=1 768w, https:\/\/i0.wp.com\/www.shqiperia.com\/blog\/wp-content\/uploads\/2026\/09\/Marta-Kos.webp?resize=450%2C248&amp;ssl=1 450w, https:\/\/i0.wp.com\/www.shqiperia.com\/blog\/wp-content\/uploads\/2026\/09\/Marta-Kos.webp?resize=600%2C330&amp;ssl=1 600w, https:\/\/i0.wp.com\/www.shqiperia.com\/blog\/wp-content\/uploads\/2026\/09\/Marta-Kos.webp?resize=400%2C220&amp;ssl=1 400w, https:\/\/i0.wp.com\/www.shqiperia.com\/blog\/wp-content\/uploads\/2026\/09\/Marta-Kos.webp?w=1024&amp;ssl=1 1024w\" sizes=\"auto, (max-width: 607px) 100vw, 607px\" \/><p id=\"caption-attachment-106166\" class=\"wp-caption-text\">Marta Kos<\/p><\/div>\n<p>6 Shtator 2026<\/p>\n<p>&#8230;<em>disa vende do t\u00eb shkojn\u00eb n\u00eb zgjedhje vitin e ardhsh\u00ebm, ku populist\u00ebt e djatht\u00eb potencialisht mund t\u00eb fitojn\u00eb zgjedhjet.<\/em><\/p>\n<p>Komisionerja Kos ka p\u00ebrmendur s\u00eb fundmi edhe fushat\u00ebn e keqinformimit q\u00eb synon frenimin e procesit t\u00eb zgjerimit.<\/p>\n<p><em>\u201cP\u00ebr mua, pjesa m\u00eb e r\u00ebnd\u00ebsishme \u00ebsht\u00eb q\u00eb t\u00eb sigurohemi q\u00eb t\u00eb largojm\u00eb frik\u00ebn e shum\u00eb qytetar\u00ebve n\u00eb shtetet tona an\u00ebtare se ne nuk jemi t\u00eb aft\u00eb t\u00eb zgjerohemi. Pat\u00ebm edhe nj\u00eb referendum n\u00eb Island\u00eb ku kemi par\u00eb se ka shum\u00eb dezinformim ose keqinformim q\u00eb fuqizohet ndonj\u00ebher\u00eb brenda vendit, por q\u00eb vjen jo vet\u00ebm nga lindja, por edhe nga per\u00ebndimi.\u201d<\/em><\/p>\n<p>Kos flet me doza autokritike dhe evidenton rrezikun nga populist\u00ebt.<\/p>\n<p><em>\u201cDuhet q\u00eb t\u00eb jemi n\u00eb gjendje t\u00eb shpjegojm\u00eb se p\u00ebr \u00e7far\u00eb b\u00ebhet fjal\u00eb, pasi tani shoh tendenc\u00ebn q\u00eb e redukton Bashkimin Evropian n\u00eb nj\u00eb bashk\u00ebsi ekonomike. Duhet q\u00eb t\u00eb jemi t\u00eb z\u00ebsh\u00ebm, sepse populist\u00ebt e djatht\u00eb dhe kund\u00ebrshtar\u00ebt e tjer\u00eb t\u00eb BE-s\u00eb jan\u00eb shum\u00eb t\u00eb z\u00ebsh\u00ebm. Ata po shpenzojn\u00eb shum\u00eb para. Ne duhet q\u00eb t\u00eb kund\u00ebrsulmojm\u00eb, n\u00ebse e them k\u00ebt\u00eb n\u00eb k\u00ebt\u00eb gjuh\u00eb, kund\u00ebr atyre q\u00eb pretendojn\u00eb se qytet\u00ebrimi evropian \u00ebsht\u00eb n\u00eb r\u00ebnie, se ekonomia jon\u00eb \u00ebsht\u00eb n\u00eb r\u00ebnie, se nuk kemi demokraci t\u00eb v\u00ebrtet\u00eb.<\/em><\/p>\n<p><em>N\u00ebse shikoni sondazhin e Eurobarometrit, nuk ka shum\u00eb entuziaz\u00ebm n\u00eb disa vende q\u00eb do t\u00eb shkojn\u00eb n\u00eb zgjedhje vitin e ardhsh\u00ebm, ku populist\u00ebt e djatht\u00eb potencialisht mund t\u00eb fitojn\u00eb zgjedhjet.\u201d<\/em><\/p>\n<p>Ajo u b\u00ebn apel lider\u00ebve p\u00ebr angazhim n\u00eb k\u00ebt\u00eb fushat\u00eb.<\/p>\n<p><em>\u201cNe jemi t\u00eb vet\u00ebdijsh\u00ebm p\u00ebr k\u00ebt\u00eb. Kjo \u00ebsht\u00eb arsyeja pse \u00ebsht\u00eb e r\u00ebnd\u00ebsishme t\u00eb kuptohet q\u00eb nuk mund t\u00eb jet\u00eb vet\u00ebm Komisioni Evropian ose Bashkimi Evropian q\u00eb shpjegojn\u00eb pse zgjerimi \u00ebsht\u00eb i mir\u00eb.<br \/>\nNe kemi nevoj\u00eb p\u00ebr angazhimin e udh\u00ebheq\u00ebsve t\u00eb shteteve an\u00ebtare, q\u00eb duhet t\u00eb marrin gjithashtu rolin e tyre.<br \/>\nNe gjithashtu kemi nevoj\u00eb p\u00ebr udh\u00ebheq\u00ebsit n\u00eb vendet tona kandidate.<br \/>\nAta duhet t\u2019u shpjegojn\u00eb qytetar\u00ebve t\u00eb tyre, por edhe qytetar\u00ebve n\u00eb shtetet an\u00ebtare r\u00ebnd\u00ebsin\u00eb e procesit t\u00eb zgjerimit t\u00eb BE-s\u00eb.\u201d<\/em><\/p>\n<p>Kos ka paralajm\u00ebruar hartimin e nj\u00eb strategjie p\u00ebr t\u00eb mbrojtur shtetet kandidate nga ndikimi i jasht\u00ebm, k\u00ebrc\u00ebnimet hibride, manipulimin e informacionit dhe dezinformimin, sidomos gjat\u00eb zgjedhjeve.<\/p>\n<p>Sipas Kos, n\u00eb fillim t\u00eb vitit 2027 do t\u00eb nis\u00eb funksionimin nj\u00eb qend\u00ebr p\u00ebr Rezistenc\u00eb Demokratike, e cila do t\u00eb mbuloj\u00eb gjasht\u00eb shtetet ballkanike nga sabotimi i rrug\u00ebs s\u00eb integrimit.<\/p>\n","protected":false},"excerpt":{"rendered":"<p>6 Shtator 2026 &#8230;disa vende do t\u00eb shkojn\u00eb n\u00eb zgjedhje vitin e ardhsh\u00ebm, ku populist\u00ebt e djatht\u00eb potencialisht mund t\u00eb fitojn\u00eb zgjedhjet. Komisionerja Kos ka p\u00ebrmendur s\u00eb fundmi edhe fushat\u00ebn e keqinformimit q\u00eb synon frenimin e procesit t\u00eb zgjerimit. \u201cP\u00ebr mua, pjesa m\u00eb e r\u00ebnd\u00ebsishme \u00ebsht\u00eb q\u00eb t\u00eb sigurohemi q\u00eb t\u00eb largojm\u00eb frik\u00ebn e shum\u00eb [&hellip;]<\/p>\n","protected":false},"author":9,"featured_media":106166,"comment_status":"open","ping_status":"open","sticky":false,"template":"","format":"standard","meta":{"jetpack_post_was_ever_published":false,"_jetpack_newsletter_access":"","_jetpack_dont_email_post_to_subs":false,"_jetpack_newsletter_tier_id":0,"_jetpack_memberships_contains_paywalled_content":false,"_jetpack_memberships_contains_paid_content":false,"footnotes":"","jetpack_publicize_message":"","jetpack_publicize_feature_enabled":true,"jetpack_social_post_already_shared":true,"jetpack_social_options":{"image_generator_settings":{"template":"highway","default_image_id":0,"font":"","enabled":false},"version":2}},"categories":[27,1,2,35],"tags":[],"class_list":["post-106164","post","type-post","status-publish","format-standard","has-post-thumbnail","hentry","category-blogu-i-udhetarit","category-njoftime-shtypi","category-politika","category-shoqerore"],"jetpack_publicize_connections":[],"jetpack_featured_media_url":"https:\/\/i0.wp.com\/www.shqiperia.com\/blog\/wp-content\/uploads\/2026\/09\/Marta-Kos.webp?fit=1024%2C564&ssl=1","jetpack_sharing_enabled":true,"jetpack_shortlink":"https:\/\/wp.me\/p5Z6wp-rCk","jetpack-related-posts":[{"id":100697,"url":"https:\/\/www.shqiperia.com\/blog\/e-drejta-e-vetos-kos-asgje-nuk-eshte-vendosur-ende\/","url_meta":{"origin":106164,"position":0},"title":"E drejta e vetos, Kos: &#8211; Asgj\u00eb nuk \u00ebsht\u00eb vendosur ende.","author":"Kurt Farka","date":"May 27, 2026","format":false,"excerpt":"27 Maji 2026 Pas p\u00ebrfundimit sot t\u00eb Konferenc\u00ebs s\u00eb 8-t\u00eb Nd\u00ebrqeveritare Shqip\u00ebri-BE, kryeministri Edi Rama, z\u00ebvend\u00ebsministrja p\u00ebr \u00c7\u00ebshtjet Evropiane t\u00eb Qipros, Marilena Raouna dhe Komisionerja p\u00ebr Zgjerimin e BE-s\u00eb s\u00eb Marta Kos, zhvilluan nj\u00eb konferenc\u00eb p\u00ebr mediet. Gjat\u00eb konferenc\u00ebs, nj\u00eb nga pyetjet lidhej me mund\u00ebsin\u00eb q\u00eb vendet kandidate si Mali\u2026","rel":"","context":"In &quot;Blogu i Udh\u00ebtarit&quot;","block_context":{"text":"Blogu i Udh\u00ebtarit","link":"https:\/\/www.shqiperia.com\/blog\/category\/blogu-i-udhetarit\/"},"img":{"alt_text":"","src":"https:\/\/i0.wp.com\/www.shqiperia.com\/blog\/wp-content\/uploads\/2026\/05\/800-0-a50f39518994f97abd661f0cbaacb890.png?fit=800%2C420&ssl=1&resize=350%2C200","width":350,"height":200,"srcset":"https:\/\/i0.wp.com\/www.shqiperia.com\/blog\/wp-content\/uploads\/2026\/05\/800-0-a50f39518994f97abd661f0cbaacb890.png?fit=800%2C420&ssl=1&resize=350%2C200 1x, https:\/\/i0.wp.com\/www.shqiperia.com\/blog\/wp-content\/uploads\/2026\/05\/800-0-a50f39518994f97abd661f0cbaacb890.png?fit=800%2C420&ssl=1&resize=525%2C300 1.5x, https:\/\/i0.wp.com\/www.shqiperia.com\/blog\/wp-content\/uploads\/2026\/05\/800-0-a50f39518994f97abd661f0cbaacb890.png?fit=800%2C420&ssl=1&resize=700%2C400 2x"},"classes":[]},{"id":102777,"url":"https:\/\/www.shqiperia.com\/blog\/rama-si-enver-hoxha-nuk-flet-per-kosoven\/","url_meta":{"origin":106164,"position":1},"title":"\u201cRama si Enver Hoxha, nuk flet p\u00ebr Kosov\u00ebn\u201d","author":"Kurt Farka","date":"July 16, 2026","format":false,"excerpt":"16 Korrik 2026 Deputeti i \u201cMund\u00ebsia\u201d, Erald Kapri akuzoi kryeministrin Edi Rama p\u00ebr faktin se nuk ka b\u00ebr\u00eb asnj\u00eb reagim n\u00eb lidhje me deklarat\u00ebn skandaloze t\u00eb ministres serbe \u00a0Snezhana Paunovi\u00e7 se do t\u00eb b\u00ebnte spastrim etnik n\u00eb Kosov\u00eb. N\u00eb Kuvend, ai tha se kryeministri po sillet nj\u00ebsoj sikurse Enver Hoxha,\u2026","rel":"","context":"In &quot;Blogu i Udh\u00ebtarit&quot;","block_context":{"text":"Blogu i Udh\u00ebtarit","link":"https:\/\/www.shqiperia.com\/blog\/category\/blogu-i-udhetarit\/"},"img":{"alt_text":"","src":"https:\/\/i0.wp.com\/www.shqiperia.com\/blog\/wp-content\/uploads\/2026\/07\/490749578_4163715850518353_8749168321955968330_n.jpg?fit=640%2C487&ssl=1&resize=350%2C200","width":350,"height":200,"srcset":"https:\/\/i0.wp.com\/www.shqiperia.com\/blog\/wp-content\/uploads\/2026\/07\/490749578_4163715850518353_8749168321955968330_n.jpg?fit=640%2C487&ssl=1&resize=350%2C200 1x, https:\/\/i0.wp.com\/www.shqiperia.com\/blog\/wp-content\/uploads\/2026\/07\/490749578_4163715850518353_8749168321955968330_n.jpg?fit=640%2C487&ssl=1&resize=525%2C300 1.5x"},"classes":[]},{"id":100136,"url":"https:\/\/www.shqiperia.com\/blog\/rreziku-nga-hantavirusi-vendet-qe-u-alarmuan-kishin-shtetasit-e-tyre-ne-anijen-turistike-epidemiologu-jo-vetem-minjte-mbartes-jane-edhe\/","url_meta":{"origin":106164,"position":2},"title":"Rreziku nga hantavirusi? \u201cVendet q\u00eb u alarmuan kishin shtetasit e tyre n\u00eb anijen turistike\u201d, epidemiologu: &#8211; Jo vet\u00ebm minjt\u00eb, mbart\u00ebs jan\u00eb edhe\u2026","author":"Kurt Farka","date":"May 12, 2026","format":false,"excerpt":"12 Maji 2026 ...Kemi edhe mbart\u00ebs t\u00eb rinj, n\u00ebse deri dje kryesor ishin minjt\u00eb, tashm\u00eb \u00ebsht\u00eb v\u00ebn\u00eb re q\u00eb bart\u00ebs t\u00eb hantavirusit, jan\u00eb edhe lakuriq\u00ebt e nat\u00ebs, edhe urith\u00ebt por edhe n\u00eb disa raste peshqit\u2026\u201d Epidemiolog Laidon Shapo foli n\u00eb emisionin \u201cStudio24\u201d \u00a0p\u00ebr hantavirusin dhe shqet\u00ebsimet q\u00eb ka ngritur ky\u2026","rel":"","context":"In &quot;Njoftime Shtypi&quot;","block_context":{"text":"Njoftime Shtypi","link":"https:\/\/www.shqiperia.com\/blog\/category\/njoftime-shtypi\/"},"img":{"alt_text":"","src":"https:\/\/i0.wp.com\/www.shqiperia.com\/blog\/wp-content\/uploads\/2026\/05\/hantavirus.jpg?fit=1200%2C674&ssl=1&resize=350%2C200","width":350,"height":200,"srcset":"https:\/\/i0.wp.com\/www.shqiperia.com\/blog\/wp-content\/uploads\/2026\/05\/hantavirus.jpg?fit=1200%2C674&ssl=1&resize=350%2C200 1x, https:\/\/i0.wp.com\/www.shqiperia.com\/blog\/wp-content\/uploads\/2026\/05\/hantavirus.jpg?fit=1200%2C674&ssl=1&resize=525%2C300 1.5x, https:\/\/i0.wp.com\/www.shqiperia.com\/blog\/wp-content\/uploads\/2026\/05\/hantavirus.jpg?fit=1200%2C674&ssl=1&resize=700%2C400 2x, https:\/\/i0.wp.com\/www.shqiperia.com\/blog\/wp-content\/uploads\/2026\/05\/hantavirus.jpg?fit=1200%2C674&ssl=1&resize=1050%2C600 3x"},"classes":[]},{"id":103287,"url":"https:\/\/www.shqiperia.com\/blog\/lubonja-i-ashper-me-ramen-dhe-marta-kos-per-median-e-madhe-sllovene-zyrtarja-e-be-nuk-degjon-protestuesit-flamingot-i-rrezuan-fasaden-kryeministrit\/","url_meta":{"origin":106164,"position":3},"title":"Lubonja i ashp\u00ebr me Ram\u00ebn dhe Marta Kos p\u00ebr median e madhe sllovene: Zyrtarja e BE nuk d\u00ebgjon protestuesit. \u2018Flamingot\u2019 i rr\u00ebzuan fasad\u00ebn kryeministrit!","author":"Kurt Farka","date":"July 27, 2026","format":false,"excerpt":"27 Korrik 2026 Gazeta m\u00eb e madhe sllovene Delo, i ka kushtuar nj\u00eb shkrim t\u00eb gjat\u00eb rr\u00ebnimit t\u00eb demokracis\u00eb n\u00eb Shqip\u00ebri dhe rolit q\u00eb Edi Rama ka luajtur n\u00eb k\u00ebt\u00eb proces. Pik\u00ebrisht p\u00ebr t\u00eb p\u00ebrshkruar k\u00ebt\u00eb trajektore, ku nj\u00eb pesh\u00eb t\u00eb madhe ka pastrimi i parave t\u00eb krimit n\u00eb industrin\u00eb\u2026","rel":"","context":"In &quot;Blogu i Udh\u00ebtarit&quot;","block_context":{"text":"Blogu i Udh\u00ebtarit","link":"https:\/\/www.shqiperia.com\/blog\/category\/blogu-i-udhetarit\/"},"img":{"alt_text":"","src":"https:\/\/i0.wp.com\/www.shqiperia.com\/blog\/wp-content\/uploads\/2026\/07\/IMG_1065.jpeg?fit=1080%2C605&ssl=1&resize=350%2C200","width":350,"height":200,"srcset":"https:\/\/i0.wp.com\/www.shqiperia.com\/blog\/wp-content\/uploads\/2026\/07\/IMG_1065.jpeg?fit=1080%2C605&ssl=1&resize=350%2C200 1x, https:\/\/i0.wp.com\/www.shqiperia.com\/blog\/wp-content\/uploads\/2026\/07\/IMG_1065.jpeg?fit=1080%2C605&ssl=1&resize=525%2C300 1.5x, https:\/\/i0.wp.com\/www.shqiperia.com\/blog\/wp-content\/uploads\/2026\/07\/IMG_1065.jpeg?fit=1080%2C605&ssl=1&resize=700%2C400 2x, https:\/\/i0.wp.com\/www.shqiperia.com\/blog\/wp-content\/uploads\/2026\/07\/IMG_1065.jpeg?fit=1080%2C605&ssl=1&resize=1050%2C600 3x"},"classes":[]},{"id":102688,"url":"https:\/\/www.shqiperia.com\/blog\/institucionet-ne-sherbim-te-droges-bushkolaj-albanian-files-skaneri-i-asaj-qe-ka-ndodhur-me-shqiperine-1901-14-07-2026-a-a-institucionet-ne-sherbim\/","url_meta":{"origin":106164,"position":4},"title":"\u2018Institucionet n\u00eb sh\u00ebrbim t\u00eb drog\u00ebs\u2019, Bushkolaj: \u2018Albanian Files\u2019, skaneri i asaj q\u00eb ka ndodhur me Shqip\u00ebrin\u00eb   19:01 | 14\/07\/2026 A A \u2018Institucionet n\u00eb sh\u00ebrbim t\u00eb drog\u00ebs\u2019, Bushkolaj: \u2018Albanian Files\u2019, skaneri i asaj q\u00eb ka ndodhur me Shqip\u00ebrin\u00eb Gazetari","author":"Kurt Farka","date":"July 14, 2026","format":false,"excerpt":"14 Korrik 2026 Gazetari Elklier Bushkolaj deklaroi n\u00eb nj\u00eb emision televiziv, se sfida m\u00eb e madhe e Shqip\u00ebris\u00eb n\u00eb rrug\u00ebn drejt Bashkimit Europian nuk lidhet me \u00e7\u00ebshtje dyt\u00ebsore, por me at\u00eb q\u00eb ai e cil\u00ebsoi si kapjen e shtetit nga krimi i organizuar dhe korrupsioni. Sipas Bushkolajt, libri Albanian Files\u2026","rel":"","context":"In &quot;Blogu i Udh\u00ebtarit&quot;","block_context":{"text":"Blogu i Udh\u00ebtarit","link":"https:\/\/www.shqiperia.com\/blog\/category\/blogu-i-udhetarit\/"},"img":{"alt_text":"","src":"https:\/\/i0.wp.com\/www.shqiperia.com\/blog\/wp-content\/uploads\/2026\/07\/900-0-1782635797xcoveri-image-jun-26-2026-12-54-56-pm-copy-958-900x570-1.png?fit=900%2C570&ssl=1&resize=350%2C200","width":350,"height":200,"srcset":"https:\/\/i0.wp.com\/www.shqiperia.com\/blog\/wp-content\/uploads\/2026\/07\/900-0-1782635797xcoveri-image-jun-26-2026-12-54-56-pm-copy-958-900x570-1.png?fit=900%2C570&ssl=1&resize=350%2C200 1x, https:\/\/i0.wp.com\/www.shqiperia.com\/blog\/wp-content\/uploads\/2026\/07\/900-0-1782635797xcoveri-image-jun-26-2026-12-54-56-pm-copy-958-900x570-1.png?fit=900%2C570&ssl=1&resize=525%2C300 1.5x, https:\/\/i0.wp.com\/www.shqiperia.com\/blog\/wp-content\/uploads\/2026\/07\/900-0-1782635797xcoveri-image-jun-26-2026-12-54-56-pm-copy-958-900x570-1.png?fit=900%2C570&ssl=1&resize=700%2C400 2x"},"classes":[]},{"id":104725,"url":"https:\/\/www.shqiperia.com\/blog\/zjarri-puke-vijon-ne-terbun-gojan-te-madh-dhe-gjegjan\/","url_meta":{"origin":106164,"position":5},"title":"Zjarri Puk\u00eb vijon n\u00eb T\u00ebrbun, Gojan t\u00eb Madh dhe Gjegjan.","author":"Kurt Farka","date":"August 19, 2026","format":false,"excerpt":"19 Gusht 2026 Tri vatra zjarri vijojn\u00eb t\u00eb jen\u00eb aktive n\u00eb territorin e Puk\u00ebs, nd\u00ebrsa situata mbetet problematike pas gjasht\u00eb dit\u00ebsh p\u00ebrpjekjesh p\u00ebr shuarjen e flak\u00ebve. Zjarri ka p\u00ebrfshir\u00eb malin e T\u00ebrbunit, n\u00eb zon\u00ebn e Kabashit, si dhe Gojanin e Madh e Gjegjanin, ku p\u00ebrhapja \u00ebsht\u00eb favorizuar nga er\u00ebrat e\u2026","rel":"","context":"In &quot;Blogu i Udh\u00ebtarit&quot;","block_context":{"text":"Blogu i Udh\u00ebtarit","link":"https:\/\/www.shqiperia.com\/blog\/category\/blogu-i-udhetarit\/"},"img":{"alt_text":"","src":"https:\/\/i0.wp.com\/www.shqiperia.com\/blog\/wp-content\/uploads\/2026\/08\/zjarr-ulishte-patos-763x450-1.jpg?fit=763%2C450&ssl=1&resize=350%2C200","width":350,"height":200,"srcset":"https:\/\/i0.wp.com\/www.shqiperia.com\/blog\/wp-content\/uploads\/2026\/08\/zjarr-ulishte-patos-763x450-1.jpg?fit=763%2C450&ssl=1&resize=350%2C200 1x, https:\/\/i0.wp.com\/www.shqiperia.com\/blog\/wp-content\/uploads\/2026\/08\/zjarr-ulishte-patos-763x450-1.jpg?fit=763%2C450&ssl=1&resize=525%2C300 1.5x, https:\/\/i0.wp.com\/www.shqiperia.com\/blog\/wp-content\/uploads\/2026\/08\/zjarr-ulishte-patos-763x450-1.jpg?fit=763%2C450&ssl=1&resize=700%2C400 2x"},"classes":[]}],"_links":{"self":[{"href":"https:\/\/www.shqiperia.com\/blog\/wp-json\/wp\/v2\/posts\/106164","targetHints":{"allow":["GET"]}}],"collection":[{"href":"https:\/\/www.shqiperia.com\/blog\/wp-json\/wp\/v2\/posts"}],"about":[{"href":"https:\/\/www.shqiperia.com\/blog\/wp-json\/wp\/v2\/types\/post"}],"author":[{"embeddable":true,"href":"https:\/\/www.shqiperia.com\/blog\/wp-json\/wp\/v2\/users\/9"}],"replies":[{"embeddable":true,"href":"https:\/\/www.shqiperia.com\/blog\/wp-json\/wp\/v2\/comments?post=106164"}],"version-history":[{"count":4,"href":"https:\/\/www.shqiperia.com\/blog\/wp-json\/wp\/v2\/posts\/106164\/revisions"}],"predecessor-version":[{"id":106169,"href":"https:\/\/www.shqiperia.com\/blog\/wp-json\/wp\/v2\/posts\/106164\/revisions\/106169"}],"wp:featuredmedia":[{"embeddable":true,"href":"https:\/\/www.shqiperia.com\/blog\/wp-json\/wp\/v2\/media\/106166"}],"wp:attachment":[{"href":"https:\/\/www.shqiperia.com\/blog\/wp-json\/wp\/v2\/media?parent=106164"}],"wp:term":[{"taxonomy":"category","embeddable":true,"href":"https:\/\/www.shqiperia.com\/blog\/wp-json\/wp\/v2\/categories?post=106164"},{"taxonomy":"post_tag","embeddable":true,"href":"https:\/\/www.shqiperia.com\/blog\/wp-json\/wp\/v2\/tags?post=106164"}],"curies":[{"name":"wp","href":"https:\/\/api.w.org\/{rel}","templated":true}]}}