{"id":106160,"date":"2026-09-06T16:55:48","date_gmt":"2026-09-06T16:55:48","guid":{"rendered":"https:\/\/www.shqiperia.com\/blog\/?p=106160"},"modified":"2026-09-06T16:55:48","modified_gmt":"2026-09-06T16:55:48","slug":"zjarri-perfshin-1-5-km-ne-kropisht-te-selenices-kerkohet-nderhyrje-nga-ajri-per-izolimin-e-flakeve","status":"publish","type":"post","link":"https:\/\/www.shqiperia.com\/blog\/zjarri-perfshin-1-5-km-ne-kropisht-te-selenices-kerkohet-nderhyrje-nga-ajri-per-izolimin-e-flakeve\/","title":{"rendered":"Zjarri p\u00ebrfshin 1.5 km n\u00eb Kropisht t\u00eb Selenic\u00ebs, k\u00ebrkohet nd\u00ebrhyrje nga ajri p\u00ebr izolimin e flak\u00ebve"},"content":{"rendered":"<div class=\"firstP\">\n<p><img data-recalc-dims=\"1\" loading=\"lazy\" decoding=\"async\" data-attachment-id=\"106161\" data-permalink=\"https:\/\/www.shqiperia.com\/blog\/zjarri-perfshin-1-5-km-ne-kropisht-te-selenices-kerkohet-nderhyrje-nga-ajri-per-izolimin-e-flakeve\/1200-630-1753515175xselelnicejpg-635\/\" data-orig-file=\"https:\/\/i0.wp.com\/www.shqiperia.com\/blog\/wp-content\/uploads\/2026\/09\/1200-630-1753515175xselelnicejpg-635.jpg?fit=1200%2C630&amp;ssl=1\" data-orig-size=\"1200,630\" data-comments-opened=\"1\" data-image-meta=\"{&quot;aperture&quot;:&quot;0&quot;,&quot;credit&quot;:&quot;&quot;,&quot;camera&quot;:&quot;&quot;,&quot;caption&quot;:&quot;&quot;,&quot;created_timestamp&quot;:&quot;0&quot;,&quot;copyright&quot;:&quot;&quot;,&quot;focal_length&quot;:&quot;0&quot;,&quot;iso&quot;:&quot;0&quot;,&quot;shutter_speed&quot;:&quot;0&quot;,&quot;title&quot;:&quot;&quot;,&quot;orientation&quot;:&quot;0&quot;}\" data-image-title=\"-1200-630-1753515175xselelnicejpg-635\" data-image-description=\"\" data-image-caption=\"\" data-medium-file=\"https:\/\/i0.wp.com\/www.shqiperia.com\/blog\/wp-content\/uploads\/2026\/09\/1200-630-1753515175xselelnicejpg-635.jpg?fit=300%2C158&amp;ssl=1\" data-large-file=\"https:\/\/i0.wp.com\/www.shqiperia.com\/blog\/wp-content\/uploads\/2026\/09\/1200-630-1753515175xselelnicejpg-635.jpg?fit=1024%2C538&amp;ssl=1\" class=\"alignnone  wp-image-106161\" alt=\"\" src=\"https:\/\/i0.wp.com\/www.shqiperia.com\/blog\/wp-content\/uploads\/2026\/09\/1200-630-1753515175xselelnicejpg-635.jpg?resize=691%2C364&#038;ssl=1\" width=\"691\" height=\"364\" srcset=\"https:\/\/i0.wp.com\/www.shqiperia.com\/blog\/wp-content\/uploads\/2026\/09\/1200-630-1753515175xselelnicejpg-635.jpg?resize=300%2C158&amp;ssl=1 300w, https:\/\/i0.wp.com\/www.shqiperia.com\/blog\/wp-content\/uploads\/2026\/09\/1200-630-1753515175xselelnicejpg-635.jpg?resize=1024%2C538&amp;ssl=1 1024w, https:\/\/i0.wp.com\/www.shqiperia.com\/blog\/wp-content\/uploads\/2026\/09\/1200-630-1753515175xselelnicejpg-635.jpg?resize=768%2C403&amp;ssl=1 768w, https:\/\/i0.wp.com\/www.shqiperia.com\/blog\/wp-content\/uploads\/2026\/09\/1200-630-1753515175xselelnicejpg-635.jpg?resize=450%2C236&amp;ssl=1 450w, https:\/\/i0.wp.com\/www.shqiperia.com\/blog\/wp-content\/uploads\/2026\/09\/1200-630-1753515175xselelnicejpg-635.jpg?resize=600%2C315&amp;ssl=1 600w, https:\/\/i0.wp.com\/www.shqiperia.com\/blog\/wp-content\/uploads\/2026\/09\/1200-630-1753515175xselelnicejpg-635.jpg?resize=400%2C210&amp;ssl=1 400w, https:\/\/i0.wp.com\/www.shqiperia.com\/blog\/wp-content\/uploads\/2026\/09\/1200-630-1753515175xselelnicejpg-635.jpg?w=1200&amp;ssl=1 1200w\" sizes=\"auto, (max-width: 691px) 100vw, 691px\" \/><\/p>\n<p>6 Shtator 2026<\/p>\n<p>Nj\u00eb zjarr i p\u00ebrmasave t\u00eb m\u00ebdha ka r\u00ebn\u00eb pasditen e t\u00eb diel\u00ebs n\u00eb zon\u00ebn e fshatit Kropishtit, n\u00eb territorin e bashkis\u00eb Selenic\u00eb.<\/p>\n<\/div>\n<p>N\u00eb vendngjarje jan\u00eb angazhuar forcat zjarrfik\u00ebse t\u00eb Selenic\u00ebs, nd\u00ebrsa p\u00ebr shkak t\u00eb p\u00ebrmasave t\u00eb flak\u00ebve \u00ebsht\u00eb k\u00ebrkuar nd\u00ebrhyrja edhe e sh\u00ebrbimit zjarrfik\u00ebs t\u00eb Vlor\u00ebs.Zjarri \u00ebsht\u00eb p\u00ebrhapur n\u00eb nj\u00eb gjat\u00ebsi prej rreth 1.5 kilometrash, duke e v\u00ebshtir\u00ebsuar nd\u00ebrhyrjen nga toka.<br \/>\nP\u00ebr shkak t\u00eb situat\u00ebs dhe terrenit, \u00ebsht\u00eb k\u00ebrkuar edhe nd\u00ebrhyrje nga ajri p\u00ebr t\u00eb b\u00ebr\u00eb t\u00eb mundur izolimin dhe shuarjen e flak\u00ebve.<\/p>\n","protected":false},"excerpt":{"rendered":"<p>6 Shtator 2026 Nj\u00eb zjarr i p\u00ebrmasave t\u00eb m\u00ebdha ka r\u00ebn\u00eb pasditen e t\u00eb diel\u00ebs n\u00eb zon\u00ebn e fshatit Kropishtit, n\u00eb territorin e bashkis\u00eb Selenic\u00eb. N\u00eb vendngjarje jan\u00eb angazhuar forcat zjarrfik\u00ebse t\u00eb Selenic\u00ebs, nd\u00ebrsa p\u00ebr shkak t\u00eb p\u00ebrmasave t\u00eb flak\u00ebve \u00ebsht\u00eb k\u00ebrkuar nd\u00ebrhyrja edhe e sh\u00ebrbimit zjarrfik\u00ebs t\u00eb Vlor\u00ebs.Zjarri \u00ebsht\u00eb p\u00ebrhapur n\u00eb nj\u00eb gjat\u00ebsi prej [&hellip;]<\/p>\n","protected":false},"author":9,"featured_media":106161,"comment_status":"open","ping_status":"open","sticky":false,"template":"","format":"standard","meta":{"jetpack_post_was_ever_published":false,"_jetpack_newsletter_access":"","_jetpack_dont_email_post_to_subs":false,"_jetpack_newsletter_tier_id":0,"_jetpack_memberships_contains_paywalled_content":false,"_jetpack_memberships_contains_paid_content":false,"footnotes":"","jetpack_publicize_message":"","jetpack_publicize_feature_enabled":true,"jetpack_social_post_already_shared":true,"jetpack_social_options":{"image_generator_settings":{"template":"highway","default_image_id":0,"font":"","enabled":false},"version":2}},"categories":[27,1,35],"tags":[],"class_list":["post-106160","post","type-post","status-publish","format-standard","has-post-thumbnail","hentry","category-blogu-i-udhetarit","category-njoftime-shtypi","category-shoqerore"],"jetpack_publicize_connections":[],"jetpack_featured_media_url":"https:\/\/i0.wp.com\/www.shqiperia.com\/blog\/wp-content\/uploads\/2026\/09\/1200-630-1753515175xselelnicejpg-635.jpg?fit=1200%2C630&ssl=1","jetpack_sharing_enabled":true,"jetpack_shortlink":"https:\/\/wp.me\/p5Z6wp-rCg","jetpack-related-posts":[{"id":104892,"url":"https:\/\/www.shqiperia.com\/blog\/zjarri-mbi-dukat-merr-permasa-me-te-medha-perhapet-drejt-malit-te-cikes-nis-nderhyrja-nga-ajri-me-dy-avionet-air-tractor\/","url_meta":{"origin":106160,"position":0},"title":"Zjarri mbi Dukat merr p\u00ebrmasa m\u00eb t\u00eb m\u00ebdha, p\u00ebrhapet drejt Malit t\u00eb \u00c7ik\u00ebs. Nis nd\u00ebrhyrja nga ajri me dy avion\u00ebt \u201cAir Tractor\u201d","author":"Kurt Farka","date":"August 21, 2026","format":false,"excerpt":"21 Gusht 2026 Nj\u00eb zjarr i p\u00ebrmasave t\u00eb m\u00ebdha ka p\u00ebrfshir\u00eb zon\u00ebn mbi fshatin Dukat, n\u00eb jug t\u00eb vendit, nd\u00ebrsa dyshohet se flak\u00ebt mund t\u00eb jen\u00eb shkaktuar q\u00ebllimisht. Zjarri \u00ebsht\u00eb shfaqur rreth or\u00ebs 19:00 t\u00eb mbr\u00ebmjes s\u00eb djeshme, fillimisht n\u00eb kat\u00ebr vatra. Gjat\u00eb nat\u00ebs, flak\u00ebt jan\u00eb p\u00ebrhapur n\u00eb nj\u00eb sip\u00ebrfaqe\u2026","rel":"","context":"In &quot;Blogu i Udh\u00ebtarit&quot;","block_context":{"text":"Blogu i Udh\u00ebtarit","link":"https:\/\/www.shqiperia.com\/blog\/category\/blogu-i-udhetarit\/"},"img":{"alt_text":"","src":"https:\/\/i0.wp.com\/www.shqiperia.com\/blog\/wp-content\/uploads\/2026\/08\/dukat_sd-800x450-1.jpg?fit=800%2C450&ssl=1&resize=350%2C200","width":350,"height":200,"srcset":"https:\/\/i0.wp.com\/www.shqiperia.com\/blog\/wp-content\/uploads\/2026\/08\/dukat_sd-800x450-1.jpg?fit=800%2C450&ssl=1&resize=350%2C200 1x, https:\/\/i0.wp.com\/www.shqiperia.com\/blog\/wp-content\/uploads\/2026\/08\/dukat_sd-800x450-1.jpg?fit=800%2C450&ssl=1&resize=525%2C300 1.5x, https:\/\/i0.wp.com\/www.shqiperia.com\/blog\/wp-content\/uploads\/2026\/08\/dukat_sd-800x450-1.jpg?fit=800%2C450&ssl=1&resize=700%2C400 2x"},"classes":[]},{"id":106064,"url":"https:\/\/www.shqiperia.com\/blog\/pamje-te-frikshme-nga-himara-flaket-ne-lartesine-e-hoteleve-7-banesa-te-djegura-situata-mengjesin-e-sotem\/","url_meta":{"origin":106160,"position":1},"title":"Pamje t\u00eb frikshme nga Himara, flak\u00ebt n\u00eb lart\u00ebsin\u00eb e hoteleve, 7 banesa t\u00eb djegura. Situata m\u00ebngjesin e sot\u00ebm","author":"Kurt Farka","date":"September 5, 2026","format":false,"excerpt":"5 Shtator 2026 Nj\u00eb vat\u00ebr e fuqishme zjarri \u00ebsht\u00eb regjistruar gjat\u00eb nat\u00ebs n\u00eb Himar\u00eb, ku nj\u00eb vat\u00ebr e fuqishme zjarri u p\u00ebrhap me shpejt\u00ebsi p\u00ebr shkak t\u00eb er\u00ebs s\u00eb fort\u00eb. Sipas informacioneve t\u00eb b\u00ebra me dije nga Prefektura dhe strukturat e Mbrojtjes Civile, shtat\u00eb banesa jan\u00eb djegur plot\u00ebsisht, nd\u00ebrsa banor\u00eb\u2026","rel":"","context":"In &quot;Blogu i Udh\u00ebtarit&quot;","block_context":{"text":"Blogu i Udh\u00ebtarit","link":"https:\/\/www.shqiperia.com\/blog\/category\/blogu-i-udhetarit\/"},"img":{"alt_text":"","src":"https:\/\/i0.wp.com\/www.shqiperia.com\/blog\/wp-content\/uploads\/2026\/09\/images-19.jpg?fit=682%2C450&ssl=1&resize=350%2C200","width":350,"height":200,"srcset":"https:\/\/i0.wp.com\/www.shqiperia.com\/blog\/wp-content\/uploads\/2026\/09\/images-19.jpg?fit=682%2C450&ssl=1&resize=350%2C200 1x, https:\/\/i0.wp.com\/www.shqiperia.com\/blog\/wp-content\/uploads\/2026\/09\/images-19.jpg?fit=682%2C450&ssl=1&resize=525%2C300 1.5x"},"classes":[]},{"id":105891,"url":"https:\/\/www.shqiperia.com\/blog\/zjarr-i-madh-ne-kashnjet-nderhyhet-nga-ajri-me-dy-helikoptere-vendoset-perimeter-sigurie-digjen-disa-banesa\/","url_meta":{"origin":106160,"position":2},"title":"Zjarr i madh n\u00eb Kashnjet\/ Nd\u00ebrhyhet nga ajri me dy helikopter\u00eb, vendoset perimet\u00ebr sigurie. &#8211; Digjen disa banesa","author":"Kurt Farka","date":"September 3, 2026","format":false,"excerpt":"3 Shtator 2026 Vijon puna p\u00ebr shuarjen e flak\u00ebve n\u00eb zon\u00ebn e Kashnjetit n\u00eb Lezh\u00eb, ku zjarri ka p\u00ebrfshir\u00eb sip\u00ebrfaqe t\u00eb konsiderueshme dhe ka shkaktuar d\u00ebme edhe n\u00eb disa banesa. M\u00ebsohet se jan\u00eb djegur disa banesa, t\u00eb cilat n\u00eb momentin e p\u00ebrfshirjes nga flak\u00ebt kan\u00eb qen\u00eb t\u00eb pabanuara. P\u00ebr shkak\u2026","rel":"","context":"In &quot;Blogu i Udh\u00ebtarit&quot;","block_context":{"text":"Blogu i Udh\u00ebtarit","link":"https:\/\/www.shqiperia.com\/blog\/category\/blogu-i-udhetarit\/"},"img":{"alt_text":"","src":"https:\/\/i0.wp.com\/www.shqiperia.com\/blog\/wp-content\/uploads\/2026\/09\/Banesa-te-djegura-ne-kashnjet.jpg?fit=1200%2C675&ssl=1&resize=350%2C200","width":350,"height":200,"srcset":"https:\/\/i0.wp.com\/www.shqiperia.com\/blog\/wp-content\/uploads\/2026\/09\/Banesa-te-djegura-ne-kashnjet.jpg?fit=1200%2C675&ssl=1&resize=350%2C200 1x, https:\/\/i0.wp.com\/www.shqiperia.com\/blog\/wp-content\/uploads\/2026\/09\/Banesa-te-djegura-ne-kashnjet.jpg?fit=1200%2C675&ssl=1&resize=525%2C300 1.5x, https:\/\/i0.wp.com\/www.shqiperia.com\/blog\/wp-content\/uploads\/2026\/09\/Banesa-te-djegura-ne-kashnjet.jpg?fit=1200%2C675&ssl=1&resize=700%2C400 2x, https:\/\/i0.wp.com\/www.shqiperia.com\/blog\/wp-content\/uploads\/2026\/09\/Banesa-te-djegura-ne-kashnjet.jpg?fit=1200%2C675&ssl=1&resize=1050%2C600 3x"},"classes":[]},{"id":105868,"url":"https:\/\/www.shqiperia.com\/blog\/flaket-pushtojne-kalivacin-ne-lezhe-nderhyrje-emergjente-per-te-mbrojtur-zonen-e-banuar\/","url_meta":{"origin":106160,"position":3},"title":"Flak\u00ebt pushtojn\u00eb Kalivacin n\u00eb Lezh\u00eb, nd\u00ebrhyrje emergjente p\u00ebr t\u00eb mbrojtur zon\u00ebn e banuar","author":"Kurt Farka","date":"September 3, 2026","format":false,"excerpt":"3 Shtator 2026 Nj\u00eb zjarr i p\u00ebrmasave t\u00eb m\u00ebdha ka p\u00ebrfshir\u00eb zon\u00ebn e Kalivacit n\u00eb Lezh\u00eb, duke rrezikuar zon\u00ebn e banuar. Flak\u00ebt jan\u00eb p\u00ebrhapur me shpejt\u00ebsi n\u00eb disa drejtime, t\u00eb favorizuara edhe nga era e fort\u00eb q\u00eb po p\u00ebrfshin zon\u00ebn. Situata paraqitet e v\u00ebshtir\u00eb, nd\u00ebrsa zjarri vijon t\u00eb zgjeroj\u00eb perimetrin.\u2026","rel":"","context":"In &quot;Blogu i Udh\u00ebtarit&quot;","block_context":{"text":"Blogu i Udh\u00ebtarit","link":"https:\/\/www.shqiperia.com\/blog\/category\/blogu-i-udhetarit\/"},"img":{"alt_text":"","src":"https:\/\/i0.wp.com\/www.shqiperia.com\/blog\/wp-content\/uploads\/2026\/09\/Zjarri-ne-kalivac-Lezhe.webp?fit=1200%2C675&ssl=1&resize=350%2C200","width":350,"height":200,"srcset":"https:\/\/i0.wp.com\/www.shqiperia.com\/blog\/wp-content\/uploads\/2026\/09\/Zjarri-ne-kalivac-Lezhe.webp?fit=1200%2C675&ssl=1&resize=350%2C200 1x, https:\/\/i0.wp.com\/www.shqiperia.com\/blog\/wp-content\/uploads\/2026\/09\/Zjarri-ne-kalivac-Lezhe.webp?fit=1200%2C675&ssl=1&resize=525%2C300 1.5x, https:\/\/i0.wp.com\/www.shqiperia.com\/blog\/wp-content\/uploads\/2026\/09\/Zjarri-ne-kalivac-Lezhe.webp?fit=1200%2C675&ssl=1&resize=700%2C400 2x, https:\/\/i0.wp.com\/www.shqiperia.com\/blog\/wp-content\/uploads\/2026\/09\/Zjarri-ne-kalivac-Lezhe.webp?fit=1200%2C675&ssl=1&resize=1050%2C600 3x"},"classes":[]},{"id":104353,"url":"https:\/\/www.shqiperia.com\/blog\/zjarret-ne-qarkun-e-dibres-nuk-ndalen-flaket-i-afrohen-banesave-rreth-100-forca-ne-terren-nderhyhet-edhe-nga-ajri\/","url_meta":{"origin":106160,"position":4},"title":"Zjarret n\u00eb qarkun e Dibr\u00ebs nuk ndalen, flak\u00ebt i afrohen banesave. Rreth 100 forca n\u00eb terren, nd\u00ebrhyhet edhe nga ajri","author":"Kurt Farka","date":"August 13, 2026","format":false,"excerpt":"13 Gusht 2026 Vijojn\u00eb edhe gjat\u00eb dit\u00ebs s\u00eb sotme zjarret n\u00eb qarkun e Dibr\u00ebs, nd\u00ebrsa situata mbetet problematike p\u00ebr shkak t\u00eb afrimit t\u00eb flak\u00ebve pran\u00eb zonave t\u00eb banuara. Rreth 100 forca jan\u00eb angazhuar n\u00eb terren dhe, fal\u00eb nd\u00ebrhyrjes s\u00eb tyre, \u00ebsht\u00eb b\u00ebr\u00eb i mundur frenimi i p\u00ebrhapjes s\u00eb zjarrit n\u00eb\u2026","rel":"","context":"In &quot;Blogu i Udh\u00ebtarit&quot;","block_context":{"text":"Blogu i Udh\u00ebtarit","link":"https:\/\/www.shqiperia.com\/blog\/category\/blogu-i-udhetarit\/"},"img":{"alt_text":"","src":"https:\/\/i0.wp.com\/www.shqiperia.com\/blog\/wp-content\/uploads\/2026\/08\/zjarr_sd-4-1.webp?fit=1200%2C675&ssl=1&resize=350%2C200","width":350,"height":200,"srcset":"https:\/\/i0.wp.com\/www.shqiperia.com\/blog\/wp-content\/uploads\/2026\/08\/zjarr_sd-4-1.webp?fit=1200%2C675&ssl=1&resize=350%2C200 1x, https:\/\/i0.wp.com\/www.shqiperia.com\/blog\/wp-content\/uploads\/2026\/08\/zjarr_sd-4-1.webp?fit=1200%2C675&ssl=1&resize=525%2C300 1.5x, https:\/\/i0.wp.com\/www.shqiperia.com\/blog\/wp-content\/uploads\/2026\/08\/zjarr_sd-4-1.webp?fit=1200%2C675&ssl=1&resize=700%2C400 2x, https:\/\/i0.wp.com\/www.shqiperia.com\/blog\/wp-content\/uploads\/2026\/08\/zjarr_sd-4-1.webp?fit=1200%2C675&ssl=1&resize=1050%2C600 3x"},"classes":[]},{"id":105478,"url":"https:\/\/www.shqiperia.com\/blog\/prape-zjarr-ne-malesine-e-krujes-flaket-perhapen-me-shpejtesi-kerkohet-nderhyrja-nga-ajri\/","url_meta":{"origin":106160,"position":5},"title":"Prap\u00eb zjarr n\u00eb Mal\u00ebsin\u00eb e Kruj\u00ebs, flak\u00ebt p\u00ebrhapen me shpejt\u00ebsi! K\u00ebrkohet nd\u00ebrhyrja nga ajri","author":"Kurt Farka","date":"August 29, 2026","format":false,"excerpt":"29 Gusht 2026 Nj\u00eb vat\u00ebr zjarri \u00ebsht\u00eb regjistruar n\u00eb zon\u00ebn mes vendit t\u00eb quajtur \u201cKroi i Madh\u201d dhe fshatit \u00c7udhi, n\u00eb mal\u00ebsin\u00eb e Kruj\u00ebs. Flak\u00ebt kan\u00eb p\u00ebrfshir\u00eb sip\u00ebrfaqe t\u00eb m\u00ebdha me shkurre dhe pem\u00eb t\u00eb ndryshme, nd\u00ebrsa zjarri po p\u00ebrhapet me shpejt\u00ebsi, i favorizuar edhe nga era. Terreni i v\u00ebshtir\u00eb\u2026","rel":"","context":"In &quot;Blogu i Udh\u00ebtarit&quot;","block_context":{"text":"Blogu i Udh\u00ebtarit","link":"https:\/\/www.shqiperia.com\/blog\/category\/blogu-i-udhetarit\/"},"img":{"alt_text":"","src":"https:\/\/i0.wp.com\/www.shqiperia.com\/blog\/wp-content\/uploads\/2026\/08\/zjarr-kruje-1.jpg?fit=622%2C395&ssl=1&resize=350%2C200","width":350,"height":200,"srcset":"https:\/\/i0.wp.com\/www.shqiperia.com\/blog\/wp-content\/uploads\/2026\/08\/zjarr-kruje-1.jpg?fit=622%2C395&ssl=1&resize=350%2C200 1x, https:\/\/i0.wp.com\/www.shqiperia.com\/blog\/wp-content\/uploads\/2026\/08\/zjarr-kruje-1.jpg?fit=622%2C395&ssl=1&resize=525%2C300 1.5x"},"classes":[]}],"_links":{"self":[{"href":"https:\/\/www.shqiperia.com\/blog\/wp-json\/wp\/v2\/posts\/106160","targetHints":{"allow":["GET"]}}],"collection":[{"href":"https:\/\/www.shqiperia.com\/blog\/wp-json\/wp\/v2\/posts"}],"about":[{"href":"https:\/\/www.shqiperia.com\/blog\/wp-json\/wp\/v2\/types\/post"}],"author":[{"embeddable":true,"href":"https:\/\/www.shqiperia.com\/blog\/wp-json\/wp\/v2\/users\/9"}],"replies":[{"embeddable":true,"href":"https:\/\/www.shqiperia.com\/blog\/wp-json\/wp\/v2\/comments?post=106160"}],"version-history":[{"count":1,"href":"https:\/\/www.shqiperia.com\/blog\/wp-json\/wp\/v2\/posts\/106160\/revisions"}],"predecessor-version":[{"id":106163,"href":"https:\/\/www.shqiperia.com\/blog\/wp-json\/wp\/v2\/posts\/106160\/revisions\/106163"}],"wp:featuredmedia":[{"embeddable":true,"href":"https:\/\/www.shqiperia.com\/blog\/wp-json\/wp\/v2\/media\/106161"}],"wp:attachment":[{"href":"https:\/\/www.shqiperia.com\/blog\/wp-json\/wp\/v2\/media?parent=106160"}],"wp:term":[{"taxonomy":"category","embeddable":true,"href":"https:\/\/www.shqiperia.com\/blog\/wp-json\/wp\/v2\/categories?post=106160"},{"taxonomy":"post_tag","embeddable":true,"href":"https:\/\/www.shqiperia.com\/blog\/wp-json\/wp\/v2\/tags?post=106160"}],"curies":[{"name":"wp","href":"https:\/\/api.w.org\/{rel}","templated":true}]}}