{"id":106157,"date":"2026-09-06T16:47:02","date_gmt":"2026-09-06T16:47:02","guid":{"rendered":"https:\/\/www.shqiperia.com\/blog\/?p=106157"},"modified":"2026-09-06T16:50:20","modified_gmt":"2026-09-06T16:50:20","slug":"zjarri-ne-grykederdhjen-e-semanit-vijon-lufta-me-flaket-shoqerohet-nje-coban-i-dyshuar-per-zjarrvenie","status":"publish","type":"post","link":"https:\/\/www.shqiperia.com\/blog\/zjarri-ne-grykederdhjen-e-semanit-vijon-lufta-me-flaket-shoqerohet-nje-coban-i-dyshuar-per-zjarrvenie\/","title":{"rendered":"Zjarri n\u00eb gryk\u00ebderdhjen e Semanit, vijon lufta me flak\u00ebt, shoq\u00ebrohet nj\u00eb \u00e7oban i dyshuar p\u00ebr zjarrv\u00ebnie"},"content":{"rendered":"<div class=\"firstP\">\n<p><img data-recalc-dims=\"1\" loading=\"lazy\" decoding=\"async\" data-attachment-id=\"106158\" data-permalink=\"https:\/\/www.shqiperia.com\/blog\/zjarri-ne-grykederdhjen-e-semanit-vijon-lufta-me-flaket-shoqerohet-nje-coban-i-dyshuar-per-zjarrvenie\/zjarri4-800x450\/\" data-orig-file=\"https:\/\/i0.wp.com\/www.shqiperia.com\/blog\/wp-content\/uploads\/2026\/09\/zjarri4-800x450-1.webp?fit=800%2C450&amp;ssl=1\" data-orig-size=\"800,450\" data-comments-opened=\"1\" data-image-meta=\"{&quot;aperture&quot;:&quot;0&quot;,&quot;credit&quot;:&quot;&quot;,&quot;camera&quot;:&quot;&quot;,&quot;caption&quot;:&quot;&quot;,&quot;created_timestamp&quot;:&quot;0&quot;,&quot;copyright&quot;:&quot;&quot;,&quot;focal_length&quot;:&quot;0&quot;,&quot;iso&quot;:&quot;0&quot;,&quot;shutter_speed&quot;:&quot;0&quot;,&quot;title&quot;:&quot;&quot;,&quot;orientation&quot;:&quot;0&quot;}\" data-image-title=\"zjarri4-800&#215;450\" data-image-description=\"\" data-image-caption=\"\" data-medium-file=\"https:\/\/i0.wp.com\/www.shqiperia.com\/blog\/wp-content\/uploads\/2026\/09\/zjarri4-800x450-1.webp?fit=300%2C169&amp;ssl=1\" data-large-file=\"https:\/\/i0.wp.com\/www.shqiperia.com\/blog\/wp-content\/uploads\/2026\/09\/zjarri4-800x450-1.webp?fit=800%2C450&amp;ssl=1\" class=\"alignnone wp-image-106158\" alt=\"\" src=\"https:\/\/i0.wp.com\/www.shqiperia.com\/blog\/wp-content\/uploads\/2026\/09\/zjarri4-800x450-1.webp?resize=620%2C349&#038;ssl=1\" width=\"620\" height=\"349\" srcset=\"https:\/\/i0.wp.com\/www.shqiperia.com\/blog\/wp-content\/uploads\/2026\/09\/zjarri4-800x450-1.webp?resize=300%2C169&amp;ssl=1 300w, https:\/\/i0.wp.com\/www.shqiperia.com\/blog\/wp-content\/uploads\/2026\/09\/zjarri4-800x450-1.webp?resize=768%2C432&amp;ssl=1 768w, https:\/\/i0.wp.com\/www.shqiperia.com\/blog\/wp-content\/uploads\/2026\/09\/zjarri4-800x450-1.webp?resize=450%2C253&amp;ssl=1 450w, https:\/\/i0.wp.com\/www.shqiperia.com\/blog\/wp-content\/uploads\/2026\/09\/zjarri4-800x450-1.webp?resize=600%2C338&amp;ssl=1 600w, https:\/\/i0.wp.com\/www.shqiperia.com\/blog\/wp-content\/uploads\/2026\/09\/zjarri4-800x450-1.webp?resize=400%2C225&amp;ssl=1 400w, https:\/\/i0.wp.com\/www.shqiperia.com\/blog\/wp-content\/uploads\/2026\/09\/zjarri4-800x450-1.webp?w=800&amp;ssl=1 800w\" sizes=\"auto, (max-width: 620px) 100vw, 620px\" \/><\/p>\n<p>6 Shtator 2026<\/p>\n<p>Zjarrfik\u00ebsit vijojn\u00eb luft\u00ebn me flak\u00ebt p\u00ebr izolimin e zjarrit n\u00eb zon\u00ebn e gryk\u00ebderdhjes s\u00eb lumit Seman, ku situata v\u00ebshtir\u00ebsohet nga era e fort\u00eb q\u00eb favorizon p\u00ebrhapjen e flak\u00ebve.<\/p>\n<\/div>\n<p>Nd\u00ebrkoh\u00eb, policia ka shoq\u00ebruar nj\u00eb \u00e7oban lop\u00ebsh, i cili dyshohet p\u00ebr zjarrv\u00ebnie. Nd\u00ebrsa n\u00eb \u00c7\u00ebrril\u00eb t\u00eb Mallakastr\u00ebs, zjarri \u00ebsht\u00eb drejt izolimit t\u00eb plot\u00eb. N\u00eb terren ndodhen disa forca zjarrfik\u00ebse, t\u00eb cilat po monitorojn\u00eb zon\u00ebn p\u00ebr t\u00eb shmangur riaktivizimin e vatrave.<\/p>\n","protected":false},"excerpt":{"rendered":"<p>6 Shtator 2026 Zjarrfik\u00ebsit vijojn\u00eb luft\u00ebn me flak\u00ebt p\u00ebr izolimin e zjarrit n\u00eb zon\u00ebn e gryk\u00ebderdhjes s\u00eb lumit Seman, ku situata v\u00ebshtir\u00ebsohet nga era e fort\u00eb q\u00eb favorizon p\u00ebrhapjen e flak\u00ebve. Nd\u00ebrkoh\u00eb, policia ka shoq\u00ebruar nj\u00eb \u00e7oban lop\u00ebsh, i cili dyshohet p\u00ebr zjarrv\u00ebnie. Nd\u00ebrsa n\u00eb \u00c7\u00ebrril\u00eb t\u00eb Mallakastr\u00ebs, zjarri \u00ebsht\u00eb drejt izolimit t\u00eb plot\u00eb. N\u00eb [&hellip;]<\/p>\n","protected":false},"author":9,"featured_media":106158,"comment_status":"open","ping_status":"open","sticky":false,"template":"","format":"standard","meta":{"jetpack_post_was_ever_published":false,"_jetpack_newsletter_access":"","_jetpack_dont_email_post_to_subs":false,"_jetpack_newsletter_tier_id":0,"_jetpack_memberships_contains_paywalled_content":false,"_jetpack_memberships_contains_paid_content":false,"footnotes":"","jetpack_publicize_message":"","jetpack_publicize_feature_enabled":true,"jetpack_social_post_already_shared":true,"jetpack_social_options":{"image_generator_settings":{"template":"highway","default_image_id":0,"font":"","enabled":false},"version":2}},"categories":[27,1,35],"tags":[],"class_list":["post-106157","post","type-post","status-publish","format-standard","has-post-thumbnail","hentry","category-blogu-i-udhetarit","category-njoftime-shtypi","category-shoqerore"],"jetpack_publicize_connections":[],"jetpack_featured_media_url":"https:\/\/i0.wp.com\/www.shqiperia.com\/blog\/wp-content\/uploads\/2026\/09\/zjarri4-800x450-1.webp?fit=800%2C450&ssl=1","jetpack_sharing_enabled":true,"jetpack_shortlink":"https:\/\/wp.me\/p5Z6wp-rCd","jetpack-related-posts":[{"id":104417,"url":"https:\/\/www.shqiperia.com\/blog\/flaket-perfshijne-pyjet-e-terbunit-ne-puke-dyshohet-per-zjarrvenie-te-qellimshme\/","url_meta":{"origin":106157,"position":0},"title":"Flak\u00ebt p\u00ebrfshijn\u00eb pyjet e T\u00ebrbunit n\u00eb Puk\u00eb, dyshohet p\u00ebr zjarrv\u00ebnie t\u00eb q\u00ebllimshme","author":"Kurt Farka","date":"August 14, 2026","format":false,"excerpt":"14 Gusht 2026 Nj\u00eb vat\u00ebr zjarri \u00ebsht\u00eb aktivizuar mesdit\u00ebn e sotme n\u00eb sip\u00ebrfaqet pyjore t\u00eb malit t\u00eb T\u00ebrbunit, n\u00eb Puk\u00eb. Sh\u00ebrbimet zjarrfik\u00ebse dhe strukturat pyjore kan\u00eb mb\u00ebrritur n\u00eb zon\u00eb, por terreni i v\u00ebshtir\u00eb dhe mungesa e rrug\u00ebve q\u00eb lejojn\u00eb kalimin e mjeteve zjarrfik\u00ebse po e v\u00ebshtir\u00ebsojn\u00eb nd\u00ebrhyrjen. P\u00ebr momentin, zjarrfik\u00ebsit\u2026","rel":"","context":"In &quot;Blogu i Udh\u00ebtarit&quot;","block_context":{"text":"Blogu i Udh\u00ebtarit","link":"https:\/\/www.shqiperia.com\/blog\/category\/blogu-i-udhetarit\/"},"img":{"alt_text":"","src":"https:\/\/i0.wp.com\/www.shqiperia.com\/blog\/wp-content\/uploads\/2026\/08\/1786713992_xgfyuu.jpeg?fit=780%2C440&ssl=1&resize=350%2C200","width":350,"height":200,"srcset":"https:\/\/i0.wp.com\/www.shqiperia.com\/blog\/wp-content\/uploads\/2026\/08\/1786713992_xgfyuu.jpeg?fit=780%2C440&ssl=1&resize=350%2C200 1x, https:\/\/i0.wp.com\/www.shqiperia.com\/blog\/wp-content\/uploads\/2026\/08\/1786713992_xgfyuu.jpeg?fit=780%2C440&ssl=1&resize=525%2C300 1.5x, https:\/\/i0.wp.com\/www.shqiperia.com\/blog\/wp-content\/uploads\/2026\/08\/1786713992_xgfyuu.jpeg?fit=780%2C440&ssl=1&resize=700%2C400 2x"},"classes":[]},{"id":49508,"url":"https:\/\/www.shqiperia.com\/blog\/vater-zjarri-ne-malin-e-thate-ne-pogradec-punonjesit-e-zonave-te-mbrojtura-ne-lufte-me-flaket\/","url_meta":{"origin":106157,"position":1},"title":"Vat\u00ebr zjarri n\u00eb Malin e That\u00eb n\u00eb Pogradec, punonj\u00ebsit e Zonave t\u00eb Mbrojtura n\u00eb \u201cluft\u00eb\u201d me flak\u00ebt","author":"Kurt Farka","date":"August 31, 2021","format":false,"excerpt":"Vat\u00ebr zjarri n\u00eb Malin e That\u00eb n\u00eb Pogradec, punonj\u00ebsit e Zonave t\u00eb Mbrojtura n\u00eb \u201cluft\u00eb\u201d me flak\u00ebt - 31.08.21 Punonj\u00ebsit e Zonave t\u00eb Mbrojtura jan\u00eb nisur q\u00eb prej m\u00ebngjesit operacionin p\u00ebr fikjen e zjarrit n\u00eb Malin e That\u00eb. Gazetarja Lorena Kodra, raporton, se nj\u00eb sip\u00ebrfaqe kullot\u00eb \u00ebsht\u00eb djegur, e paraprakisht\u2026","rel":"","context":"In &quot;Njoftime Shtypi&quot;","block_context":{"text":"Njoftime Shtypi","link":"https:\/\/www.shqiperia.com\/blog\/category\/njoftime-shtypi\/"},"img":{"alt_text":"","src":"https:\/\/i0.wp.com\/www.shqiperia.com\/blog\/wp-content\/uploads\/2021\/08\/Screenshot_13-16.png?fit=916%2C470&ssl=1&resize=350%2C200","width":350,"height":200,"srcset":"https:\/\/i0.wp.com\/www.shqiperia.com\/blog\/wp-content\/uploads\/2021\/08\/Screenshot_13-16.png?fit=916%2C470&ssl=1&resize=350%2C200 1x, https:\/\/i0.wp.com\/www.shqiperia.com\/blog\/wp-content\/uploads\/2021\/08\/Screenshot_13-16.png?fit=916%2C470&ssl=1&resize=525%2C300 1.5x, https:\/\/i0.wp.com\/www.shqiperia.com\/blog\/wp-content\/uploads\/2021\/08\/Screenshot_13-16.png?fit=916%2C470&ssl=1&resize=700%2C400 2x"},"classes":[]},{"id":106058,"url":"https:\/\/www.shqiperia.com\/blog\/zjarri-ne-himare-shoqerohet-ne-komisariat-nje-person-dyshohet-se-i-vuri-flaken-zones\/","url_meta":{"origin":106157,"position":2},"title":"Zjarri n\u00eb Himar\u00eb, shoq\u00ebrohet n\u00eb komisariat nj\u00eb person, dyshohet se i vuri flak\u00ebn zon\u00ebs","author":"Kurt Farka","date":"September 5, 2026","format":false,"excerpt":"5 Shtator 2026 Nj\u00eb person \u00ebsht\u00eb shoq\u00ebruar n\u00eb Komisariatin e Vlor\u00ebs, pasi dyshohet se ka vendosur zjarrin n\u00eb zon\u00ebn e bypass-it t\u00eb Vlor\u00ebs, ku flak\u00ebt p\u00ebrfshin\u00eb mbr\u00ebmjen e s\u00eb premtes edhe lagjen nr. 1 n\u00eb Himar\u00eb. Personi i shoq\u00ebruar \u00ebsht\u00eb nj\u00eb \u00e7oban i zon\u00ebs, i cili kullot bag\u00ebtit\u00eb n\u00eb territorin\u2026","rel":"","context":"In &quot;Blogu i Udh\u00ebtarit&quot;","block_context":{"text":"Blogu i Udh\u00ebtarit","link":"https:\/\/www.shqiperia.com\/blog\/category\/blogu-i-udhetarit\/"},"img":{"alt_text":"","src":"https:\/\/i0.wp.com\/www.shqiperia.com\/blog\/wp-content\/uploads\/2026\/09\/800-0-69a1a68eb801daf07c0c0ad0a0b5001a-6a9beb6a6ef24.png?fit=800%2C538&ssl=1&resize=350%2C200","width":350,"height":200,"srcset":"https:\/\/i0.wp.com\/www.shqiperia.com\/blog\/wp-content\/uploads\/2026\/09\/800-0-69a1a68eb801daf07c0c0ad0a0b5001a-6a9beb6a6ef24.png?fit=800%2C538&ssl=1&resize=350%2C200 1x, https:\/\/i0.wp.com\/www.shqiperia.com\/blog\/wp-content\/uploads\/2026\/09\/800-0-69a1a68eb801daf07c0c0ad0a0b5001a-6a9beb6a6ef24.png?fit=800%2C538&ssl=1&resize=525%2C300 1.5x, https:\/\/i0.wp.com\/www.shqiperia.com\/blog\/wp-content\/uploads\/2026\/09\/800-0-69a1a68eb801daf07c0c0ad0a0b5001a-6a9beb6a6ef24.png?fit=800%2C538&ssl=1&resize=700%2C400 2x"},"classes":[]},{"id":105192,"url":"https:\/\/www.shqiperia.com\/blog\/dajti-nuk-gjen-qetesi-nga-flaket-siperfaqe-e-madhe-pyjore-perfshihet-nga-zjarri\/","url_meta":{"origin":106157,"position":3},"title":"DAJTI NUK GJEN QET\u00cbSI NGA FLAK\u00cbT\/ Sip\u00ebrfaqe e madhe pyjore p\u00ebrfshihet nga zjarri","author":"Kurt Farka","date":"August 25, 2026","format":false,"excerpt":"25 Gusht 2026 Nj\u00eb zjarr ka p\u00ebrfshir\u00eb nj\u00eb sip\u00ebrfaqe t\u00eb konsiderueshme me pyje n\u00eb malin e Dajtit, n\u00eb Tiran\u00eb. Flak\u00ebt jan\u00eb p\u00ebrhapur n\u00eb nj\u00eb hap\u00ebsir\u00eb t\u00eb gjer\u00eb, duke v\u00ebn\u00eb n\u00eb rrezik zon\u00ebn pyjore. P\u00ebr shuarjen e zjarrit po nd\u00ebrhyhet edhe nga ajri. Zjarri ka 10 dit\u00eb q\u00eb vazhdon n\u00eb Dajt\u2026","rel":"","context":"In &quot;Blogu i Udh\u00ebtarit&quot;","block_context":{"text":"Blogu i Udh\u00ebtarit","link":"https:\/\/www.shqiperia.com\/blog\/category\/blogu-i-udhetarit\/"},"img":{"alt_text":"","src":"https:\/\/i0.wp.com\/www.shqiperia.com\/blog\/wp-content\/uploads\/2026\/08\/Vazhdon-Zjarri-ne-Dajt-25-Gusht-2026.jpg?fit=640%2C370&ssl=1&resize=350%2C200","width":350,"height":200,"srcset":"https:\/\/i0.wp.com\/www.shqiperia.com\/blog\/wp-content\/uploads\/2026\/08\/Vazhdon-Zjarri-ne-Dajt-25-Gusht-2026.jpg?fit=640%2C370&ssl=1&resize=350%2C200 1x, https:\/\/i0.wp.com\/www.shqiperia.com\/blog\/wp-content\/uploads\/2026\/08\/Vazhdon-Zjarri-ne-Dajt-25-Gusht-2026.jpg?fit=640%2C370&ssl=1&resize=525%2C300 1.5x"},"classes":[]},{"id":105965,"url":"https:\/\/www.shqiperia.com\/blog\/zjarri-del-jashte-kontrollit-ne-zonen-e-qafes-se-koshovices-flaket-perfshijne-pyllin-me-pisha-bllokohet-aksi-fier-levan\/","url_meta":{"origin":106157,"position":4},"title":"Zjarri del jasht\u00eb kontrollit n\u00eb zon\u00ebn e Qaf\u00ebs s\u00eb Koshovic\u00ebs, flak\u00ebt p\u00ebrfshijn\u00eb pyllin me pisha, bllokohet aksi Fier-Levan","author":"Kurt Farka","date":"September 4, 2026","format":false,"excerpt":"4 Shtator 2026 Situata nga zjarri n\u00eb zon\u00ebn e Qaf\u00ebs s\u00eb Koshovic\u00ebs n\u00eb Fier paraqitet alarmante, nd\u00ebrsa flak\u00ebt kan\u00eb dal\u00eb jasht\u00eb kontrollit dhe kan\u00eb p\u00ebrfshir\u00eb edhe pyllin me pisha pran\u00eb liqenit. P\u00ebr pasoj\u00eb \u00ebsht\u00eb bllokuar qarkullimi n\u00eb aksin Fier-Levan. Sakaq nj\u00eb \u00e7ift ka rrezikuar seriozisht jet\u00ebn teksa \u00ebsht\u00eb p\u00ebrpjekur t\u00eb\u2026","rel":"","context":"In &quot;Blogu i Udh\u00ebtarit&quot;","block_context":{"text":"Blogu i Udh\u00ebtarit","link":"https:\/\/www.shqiperia.com\/blog\/category\/blogu-i-udhetarit\/"},"img":{"alt_text":"","src":"https:\/\/i0.wp.com\/www.shqiperia.com\/blog\/wp-content\/uploads\/2026\/09\/jarr-autostrada-sd-6a9acf6ecf6e7.webp?fit=1200%2C675&ssl=1&resize=350%2C200","width":350,"height":200,"srcset":"https:\/\/i0.wp.com\/www.shqiperia.com\/blog\/wp-content\/uploads\/2026\/09\/jarr-autostrada-sd-6a9acf6ecf6e7.webp?fit=1200%2C675&ssl=1&resize=350%2C200 1x, https:\/\/i0.wp.com\/www.shqiperia.com\/blog\/wp-content\/uploads\/2026\/09\/jarr-autostrada-sd-6a9acf6ecf6e7.webp?fit=1200%2C675&ssl=1&resize=525%2C300 1.5x, https:\/\/i0.wp.com\/www.shqiperia.com\/blog\/wp-content\/uploads\/2026\/09\/jarr-autostrada-sd-6a9acf6ecf6e7.webp?fit=1200%2C675&ssl=1&resize=700%2C400 2x, https:\/\/i0.wp.com\/www.shqiperia.com\/blog\/wp-content\/uploads\/2026\/09\/jarr-autostrada-sd-6a9acf6ecf6e7.webp?fit=1200%2C675&ssl=1&resize=1050%2C600 3x"},"classes":[]},{"id":102964,"url":"https:\/\/www.shqiperia.com\/blog\/flaket-pushtojne-pyjet-e-iballes-kerkohet-nderhyrja-me-helikopter\/","url_meta":{"origin":106157,"position":5},"title":"Flak\u00ebt pushtojn\u00eb pyjet e Iball\u00ebs! K\u00ebrkohet nd\u00ebrhyrja me helikopter","author":"Kurt Farka","date":"July 20, 2026","format":false,"excerpt":"20 Korrik 2026 Nj\u00eb zjarr i p\u00ebrmasave t\u00eb m\u00ebdha ka p\u00ebrfshir\u00eb nj\u00eb sip\u00ebrfaqe pyjore n\u00eb Iballe t\u00eb Fush\u00eb-Arr\u00ebzit, mbi lagjen Gere, duke v\u00ebshtir\u00ebsuar nd\u00ebrhyrjen e forcave zjarrfik\u00ebse. P\u00ebr shkak t\u00eb terrenit t\u00eb thyer malor, zjarrfik\u00ebsit e Fush\u00eb-Arr\u00ebzit nuk kan\u00eb mundur t\u00eb dep\u00ebrtojn\u00eb n\u00eb vatr\u00ebn e zjarrit dhe jan\u00eb stacionuar n\u00eb\u2026","rel":"","context":"In &quot;Blogu i Udh\u00ebtarit&quot;","block_context":{"text":"Blogu i Udh\u00ebtarit","link":"https:\/\/www.shqiperia.com\/blog\/category\/blogu-i-udhetarit\/"},"img":{"alt_text":"","src":"https:\/\/i0.wp.com\/www.shqiperia.com\/blog\/wp-content\/uploads\/2026\/07\/zjarr-mal-skenderaj.jpg?fit=1200%2C900&ssl=1&resize=350%2C200","width":350,"height":200,"srcset":"https:\/\/i0.wp.com\/www.shqiperia.com\/blog\/wp-content\/uploads\/2026\/07\/zjarr-mal-skenderaj.jpg?fit=1200%2C900&ssl=1&resize=350%2C200 1x, https:\/\/i0.wp.com\/www.shqiperia.com\/blog\/wp-content\/uploads\/2026\/07\/zjarr-mal-skenderaj.jpg?fit=1200%2C900&ssl=1&resize=525%2C300 1.5x, https:\/\/i0.wp.com\/www.shqiperia.com\/blog\/wp-content\/uploads\/2026\/07\/zjarr-mal-skenderaj.jpg?fit=1200%2C900&ssl=1&resize=700%2C400 2x, https:\/\/i0.wp.com\/www.shqiperia.com\/blog\/wp-content\/uploads\/2026\/07\/zjarr-mal-skenderaj.jpg?fit=1200%2C900&ssl=1&resize=1050%2C600 3x"},"classes":[]}],"_links":{"self":[{"href":"https:\/\/www.shqiperia.com\/blog\/wp-json\/wp\/v2\/posts\/106157","targetHints":{"allow":["GET"]}}],"collection":[{"href":"https:\/\/www.shqiperia.com\/blog\/wp-json\/wp\/v2\/posts"}],"about":[{"href":"https:\/\/www.shqiperia.com\/blog\/wp-json\/wp\/v2\/types\/post"}],"author":[{"embeddable":true,"href":"https:\/\/www.shqiperia.com\/blog\/wp-json\/wp\/v2\/users\/9"}],"replies":[{"embeddable":true,"href":"https:\/\/www.shqiperia.com\/blog\/wp-json\/wp\/v2\/comments?post=106157"}],"version-history":[{"count":1,"href":"https:\/\/www.shqiperia.com\/blog\/wp-json\/wp\/v2\/posts\/106157\/revisions"}],"predecessor-version":[{"id":106159,"href":"https:\/\/www.shqiperia.com\/blog\/wp-json\/wp\/v2\/posts\/106157\/revisions\/106159"}],"wp:featuredmedia":[{"embeddable":true,"href":"https:\/\/www.shqiperia.com\/blog\/wp-json\/wp\/v2\/media\/106158"}],"wp:attachment":[{"href":"https:\/\/www.shqiperia.com\/blog\/wp-json\/wp\/v2\/media?parent=106157"}],"wp:term":[{"taxonomy":"category","embeddable":true,"href":"https:\/\/www.shqiperia.com\/blog\/wp-json\/wp\/v2\/categories?post=106157"},{"taxonomy":"post_tag","embeddable":true,"href":"https:\/\/www.shqiperia.com\/blog\/wp-json\/wp\/v2\/tags?post=106157"}],"curies":[{"name":"wp","href":"https:\/\/api.w.org\/{rel}","templated":true}]}}