{"id":106152,"date":"2026-09-06T16:32:11","date_gmt":"2026-09-06T16:32:11","guid":{"rendered":"https:\/\/www.shqiperia.com\/blog\/?p=106152"},"modified":"2026-09-06T16:41:24","modified_gmt":"2026-09-06T16:41:24","slug":"ben-blushi-pse-jane-kaq-te-shemtuar-filmat-e-rinj-shqiptare","status":"publish","type":"post","link":"https:\/\/www.shqiperia.com\/blog\/ben-blushi-pse-jane-kaq-te-shemtuar-filmat-e-rinj-shqiptare\/","title":{"rendered":"Ben Blushi: &#8211; Pse jan\u00eb kaq t\u00eb sh\u00ebmtuar filmat e rinj shqiptar\u00eb"},"content":{"rendered":"<div id=\"attachment_106153\" style=\"width: 575px\" class=\"wp-caption alignnone\"><img data-recalc-dims=\"1\" loading=\"lazy\" decoding=\"async\" aria-describedby=\"caption-attachment-106153\" data-attachment-id=\"106153\" data-permalink=\"https:\/\/www.shqiperia.com\/blog\/ben-blushi-pse-jane-kaq-te-shemtuar-filmat-e-rinj-shqiptare\/ben-bblushi\/\" data-orig-file=\"https:\/\/i0.wp.com\/www.shqiperia.com\/blog\/wp-content\/uploads\/2026\/09\/Ben-BBlushi.jpeg?fit=768%2C576&amp;ssl=1\" data-orig-size=\"768,576\" data-comments-opened=\"1\" data-image-meta=\"{&quot;aperture&quot;:&quot;0&quot;,&quot;credit&quot;:&quot;&quot;,&quot;camera&quot;:&quot;&quot;,&quot;caption&quot;:&quot;&quot;,&quot;created_timestamp&quot;:&quot;0&quot;,&quot;copyright&quot;:&quot;&quot;,&quot;focal_length&quot;:&quot;0&quot;,&quot;iso&quot;:&quot;0&quot;,&quot;shutter_speed&quot;:&quot;0&quot;,&quot;title&quot;:&quot;&quot;,&quot;orientation&quot;:&quot;1&quot;}\" data-image-title=\"Ben Blushi\" data-image-description=\"\" data-image-caption=\"&lt;p&gt;Ben Blushi&lt;\/p&gt;\n\" data-medium-file=\"https:\/\/i0.wp.com\/www.shqiperia.com\/blog\/wp-content\/uploads\/2026\/09\/Ben-BBlushi.jpeg?fit=300%2C225&amp;ssl=1\" data-large-file=\"https:\/\/i0.wp.com\/www.shqiperia.com\/blog\/wp-content\/uploads\/2026\/09\/Ben-BBlushi.jpeg?fit=768%2C576&amp;ssl=1\" class=\" wp-image-106153\" alt=\"\" src=\"https:\/\/i0.wp.com\/www.shqiperia.com\/blog\/wp-content\/uploads\/2026\/09\/Ben-BBlushi.jpeg?resize=565%2C424&#038;ssl=1\" width=\"565\" height=\"424\" srcset=\"https:\/\/i0.wp.com\/www.shqiperia.com\/blog\/wp-content\/uploads\/2026\/09\/Ben-BBlushi.jpeg?resize=300%2C225&amp;ssl=1 300w, https:\/\/i0.wp.com\/www.shqiperia.com\/blog\/wp-content\/uploads\/2026\/09\/Ben-BBlushi.jpeg?resize=450%2C338&amp;ssl=1 450w, https:\/\/i0.wp.com\/www.shqiperia.com\/blog\/wp-content\/uploads\/2026\/09\/Ben-BBlushi.jpeg?resize=600%2C450&amp;ssl=1 600w, https:\/\/i0.wp.com\/www.shqiperia.com\/blog\/wp-content\/uploads\/2026\/09\/Ben-BBlushi.jpeg?resize=400%2C300&amp;ssl=1 400w, https:\/\/i0.wp.com\/www.shqiperia.com\/blog\/wp-content\/uploads\/2026\/09\/Ben-BBlushi.jpeg?w=768&amp;ssl=1 768w\" sizes=\"auto, (max-width: 565px) 100vw, 565px\" \/><p id=\"caption-attachment-106153\" class=\"wp-caption-text\">Ben Blushi<\/p><\/div>\n<p>6 Shtator 2026<\/p>\n<p>Edhe p\u00ebr arsye personale e kam dashur shum\u00eb Kinostudion. Festivalin e par\u00eb t\u00eb filmit shqiptar e fitoi nj\u00eb film q\u00eb babai im e b\u00ebri p\u00ebr mua. Ndoshta nga kjo dob\u00ebsi filmat e Kinostudios m\u00eb b\u00ebnin p\u00ebr t\u00eb qeshur edhe kur ishin t\u00eb dob\u00ebt.<\/p>\n<p>Me gjith\u00eb kufizimet ideologjike Kinostudio e luajti rolin e vet: na arg\u00ebtoi p\u00ebr 50 vjet.<\/p>\n<p>Por edhe kur b\u00ebnin filma t\u00eb shpifur rregjisor\u00ebt e asaj kohe e kishin nj\u00eb justifikim: komunizmi nuk i linte t\u00eb krijonin vepra m\u00eb t\u00eb guximshme.<\/p>\n<p>T\u00eb degjeneruarit, spekullant\u00ebt, tregtar\u00ebt, t\u00eb divorcuarit, t\u00eb pasurit, emigrant\u00ebt, maniak\u00ebt, delirant\u00ebt dhe t\u00eb s\u00ebmur\u00ebt mendor\u00eb nuk mund t\u00eb ishin personazhe t\u00eb Kinostudios.<\/p>\n<p>Me shpres\u00eb se do shikoja nj\u00eb kinema t\u00eb re, shkova k\u00ebto dit\u00eb Festivalin e bukur t\u00eb Filmit dhe u habita.<\/p>\n<p>Nj\u00eblloj si n\u00eb koh\u00ebn e Kinostudios shumica e filmave t\u00eb viteve t\u00eb fundit xhirohen n\u00eb fshat.<\/p>\n<p>Por n\u00eb at\u00eb koh\u00eb n\u00eb fshat jetonin m\u00eb shum\u00eb se 50 p\u00ebr qind e popullsis\u00eb.<\/p>\n<p>Aty prodhohej \u00e7do gj\u00eb q\u00eb hanim dhe me k\u00ebt\u00eb tepric\u00eb ushqimore njeriu i ri punonte n\u00ebp\u00ebr ara dhe fabrika.<\/p>\n<p>Natyrisht kinemaja e asaj kohe peshohej me gramatur\u00eb ideologjike: pak fshat, m\u00eb pak qytet dhe shum\u00eb luft\u00eb q\u00eb b\u00ebhej po n\u00eb fshat.<\/p>\n<p>Prandaj shumica e filmave t\u00eb vjet\u00ebr nuk jan\u00eb xhiruar n\u00eb qytete.<\/p>\n<p>Por nd\u00ebrsa arsyet e rregjisor\u00ebve t\u00eb atyre viteve merrem me mend, nuk kuptoj pse rregjisor\u00ebt e sotsh\u00ebm e duan kaq shum\u00eb fshatin.<\/p>\n<p>Dekori i filmave t\u00eb tyre i ngjan nj\u00eb fotografije t\u00eb varur n\u00eb muret e kooperativ\u00ebs.<\/p>\n<p>Rrug\u00eb t\u00eb shtrembra, furgona t\u00eb rrjepur, motorra pa marmit\u00eb, mulli kashte, nj\u00eb kafene q\u00eb sh\u00ebrben dhe si stacion autobuzi, klasa me nx\u00ebn\u00ebs pa dh\u00ebmb\u00eb, raki, cigare, cironka, turshi, njer\u00ebz t\u00eb sh\u00ebmtuar, gjuh\u00eb vulgare, pata, gjela dhe gomer\u00eb t\u00eb paushqyer q\u00eb duket sikur mbajn\u00eb n\u00eb kurriz gjith\u00eb hallet e kombit ton\u00eb tekanjoz.<\/p>\n<p>Filmi \u00ebsht\u00eb nj\u00eb sup\u00ebrmarket i mbushur me produkte fshati.<\/p>\n<p>Dhe meq\u00eb n\u00eb fshat nuk ndodh asgj\u00eb gjat\u00eb nat\u00ebs, ngjarjet e filmave t\u00eb rinj zhvillohen vet\u00ebm dit\u00ebn.<\/p>\n<p>Por derisa t\u00eb kuptosh \u00e7far\u00eb po ndodh ka kaluar m\u00eb shum\u00eb se gjysma e filmit e mbushur me dialogje pa kuptim, me kanale, puse, vegla bujq\u00ebsore dhe lop\u00eb q\u00eb shfaqen n\u00eb ekran at\u00ebher\u00eb kur nuk e pret.<\/p>\n<p>Dritarja e sht\u00ebpis\u00eb s\u00eb fshatarit nuk hapet q\u00eb ne t\u00eb shohim gruan e tij t\u00eb bukur duke thar\u00eb flok\u00ebt, por kok\u00ebn e nj\u00eb mushke me sklepa.<\/p>\n<p>Un\u00eb vet\u00eb e dua shum\u00eb fshatin por nuk kuptoj pse e duan kaq shum\u00eb rregjisor\u00ebt shqiptar\u00eb.<\/p>\n<p>Ndoshta mendojn\u00eb se shkat\u00ebrrimi, sh\u00ebmtija, rakija, duhani, duart me kallo dhe peisazhi zooteknik shet m\u00eb shum\u00eb n\u00eb per\u00ebndim.<\/p>\n<p>E kan\u00eb gabim.<\/p>\n<p>Filmat m\u00eb t\u00eb m\u00ebdhenj t\u00eb bot\u00ebs nuk jan\u00eb xhiruar n\u00eb fshat.<\/p>\n<p>Marlon Brando dhe Robert De Niro nuk kan\u00eb luajtur kurr\u00eb rolin e nj\u00eb fshatari dhe n\u00ebse do e b\u00ebnin nuk do ishin ata q\u00eb jan\u00eb.<\/p>\n<p>Fshatar ka qen\u00eb vet\u00ebm Zapata por edhe ai e b\u00ebri revolucionin meksikan q\u00eb t\u00eb shkonte n\u00eb qytet.<\/p>\n<p>Kinemaja \u00ebsht\u00eb produkt i qytetit.<\/p>\n<p>N\u00eb koh\u00ebn kur fshati vendoste p\u00ebr pun\u00ebt e bot\u00ebs nuk kishte kinema.<\/p>\n<p>Goodfellas nuk ka asnj\u00eb fshatar, Taxi Driver i jep taksis\u00eb n\u00eb New Jork, Pulp Fiction i p\u00ebrbuz fshatar\u00ebt, kurse neorealist\u00ebt italian\u00eb ndryshuan kineman\u00eb kur e nxorr\u00ebn kameran nga fshati dhe filluan t\u00eb xhirojn\u00eb dramat e qytetit.<\/p>\n<p>Edhe mafioz\u00ebt e bukur t\u00eb Godfather ishin qytetar\u00eb amerikan\u00eb q\u00eb i p\u00ebrdornin fshatar\u00ebt sicilian\u00eb p\u00ebr t\u00eb vrar\u00eb nj\u00ebri- tjetrin n\u00eb dit\u00eblindjen e mamit.<\/p>\n<p>Netflix sot nuk b\u00ebn filma p\u00ebr jet\u00ebn n\u00eb fshat me p\u00ebrjashtim t\u00eb rasteve kur kriminel\u00ebt fshihen aty p\u00ebr t\u2019ju mbrojtur policis\u00eb q\u00eb edhe ajo vjen nga qyteti duke i r\u00ebn\u00eb borive t\u00eb civilizimit.<\/p>\n<p>Filmat e rinj shqiptar\u00eb duket sikur kan\u00eb urrejtje p\u00ebr qytetin.<\/p>\n<p>Tirana ku jetojn\u00eb nj\u00eb milion banor\u00eb shfaqet vet\u00ebm si karburant furgonash q\u00eb nisen me nj\u00eb urgjenc\u00eb t\u00eb ngadalt\u00eb n\u00eb drejtim t\u00eb fshatit, n\u00eb kafenet\u00eb ku kalojm\u00eb koh\u00ebn \u00e7do dit\u00eb nuk hyn asnj\u00eb fshatar, q\u00eb natyrisht nuk shkon as n\u00eb plazhet ku ka gjall\u00ebri, stil, lluks, rini dhe zhveshje.<\/p>\n<p>M\u00eb shum\u00eb femra me rrobabanjo ka pasur n\u00eb filmat e Kinostudios sesa n\u00eb filmat e sotsh\u00ebm.<\/p>\n<p>T\u00eb merr malli t\u00eb shoh\u00ebsh nj\u00eb trotuar, nj\u00eb hotel modern, xhama, pasqyra, vitrina, monopatina, banka, burra me kostum, gra mbi taka, k\u00ebrcim, jet\u00eb nate, djem dhe vajza q\u00eb harbojn\u00eb dhe krijojn\u00eb aksion, pra vrapojn\u00eb pas jet\u00ebs s\u00eb p\u00ebrditshme m\u00eb shum\u00eb se fshatar\u00ebt tan\u00eb t\u00eb dashur.<\/p>\n<p>P\u00ebr fat t\u00eb keq asnj\u00eb film i ri nuk ka as aksion, as shpejt\u00ebsi dhe as aventur\u00eb.<\/p>\n<p>Kinemaja plot\u00ebson nevoj\u00ebn e njer\u00ebzve t\u00eb zakonsh\u00ebm p\u00ebr t\u2019u frym\u00ebzuar nga njer\u00ebz t\u00eb jasht\u00ebzakonsh\u00ebm.<\/p>\n<p>Sipas kutit t\u00eb vet ideologjik edhe Kinostudio prodhoi nj\u00eb kategori heronjsh t\u00eb jasht\u00ebzakonsh\u00ebm.<\/p>\n<p>Ata ishin partizan\u00ebt.<\/p>\n<p>Ata vrisnin, vidhnin arm\u00eb, vinin bomba, hidhnin n\u00eb er\u00eb makina, i p\u00ebrdornin uniformat gjermane si kostume dasme dhe nganj\u00ebher\u00eb b\u00ebnin edhe dashuri.<\/p>\n<p>N\u00eb nj\u00eb kuptim ata jan\u00eb kaubojsat e kinemas\u00eb ton\u00eb.<\/p>\n<p>N\u00eb krahasim me fshatar\u00ebt e filmave t\u00eb sotsh\u00ebm partizan\u00ebt ishin shum\u00eb aventurier\u00eb dhe pa diskutim shum\u00eb m\u00eb t\u00eb bukur.<\/p>\n<p>Kurse n\u00eb filmat e rinj nuk ka asnj\u00eb aventurier q\u00eb mund ta ndjek\u00ebsh nga pas dy or\u00eb rresht.<\/p>\n<p>Asnj\u00eb skenar nuk \u00ebsht\u00eb distopik, pra shokues, por nj\u00eb realiz\u00ebm qaraman q\u00eb beson se ndryshimi i bot\u00ebs do vij\u00eb nga fshati.<\/p>\n<p>Edhe vet\u00eb fshatar\u00ebt, kremi i kosit t\u00eb kinemas\u00eb son\u00eb, po t\u00eb kishin mund\u00ebsi t\u00eb zgjidhnin do thoshin aman nuk duam m\u00eb filma me fshat.<\/p>\n<p>Kjo lloj kinemaje pa aventura luan vet\u00ebm nj\u00eb funksion: ju kursen fshatar\u00ebve ilacet e gjumit.<\/p>\n<p>Por p\u00ebr fat t\u00eb keq ajo nuk merr n\u00eb qaf\u00eb vet\u00ebm fshatar\u00ebt e shkret\u00eb por n\u00eb rradh\u00eb t\u00eb par\u00eb aktor\u00ebt.<\/p>\n<p>Aktor\u00ebt jan\u00eb nj\u00eb histori m\u00eb vete.<\/p>\n<p>Edhe kur jan\u00eb t\u00eb bukur, rregjisor\u00ebt i rrudhin, i plakin, i k\u00ebrrusin, i veshin keq, i mbulojn\u00eb me thinja dhe i b\u00ebjn\u00eb t\u00eb han\u00eb domate, t\u00eb pin\u00eb raki dhe t\u00eb qelben nga cigaret pa filt\u00ebr.<\/p>\n<p>Kinemaja i p\u00ebrdor sh\u00ebmtirat m\u00eb pak se \u00e7do sektor tjet\u00ebr i shoq\u00ebris\u00eb.<\/p>\n<p>Ajo \u00ebsht\u00eb pasarela e njer\u00ebzve t\u00eb k\u00ebqinj q\u00eb duhet t\u00eb jen\u00eb patjet\u00ebr t\u00eb bukur.<\/p>\n<p>Nuk njoh ndonj\u00eb aktor t\u00eb madh q\u00eb t\u00eb jet\u00eb i sh\u00ebmtuar, por edhe kur q\u00ebllon ai \u00ebsht\u00eb nj\u00eb talent i madh.<\/p>\n<p>Kurse kinemaja jon\u00eb i ka shum\u00eb qejf njer\u00ebzit e sh\u00ebmtuar.<\/p>\n<p>I sh\u00ebmtuari kalon vetingun, i bukuri pret ndryshimin e horoskopit artistik.<\/p>\n<p>Megjithat\u00eb aktoret femra jan\u00eb viktimat m\u00eb t\u00eb m\u00ebdha t\u00eb manis\u00eb s\u00eb rregjisor\u00ebve p\u00ebr t\u00eb sh\u00ebmtuar personazhet e tyre.<\/p>\n<p>Rregjisor\u00ebt nuk lejojn\u00eb asnj\u00eb fem\u00ebr t\u00eb pispilloset, t\u00eb lyhet, t\u00eb vesh\u00eb nj\u00eb fustan seksi, t\u2019i jap\u00eb nj\u00eb makine t\u00eb re, t\u00eb shkoj\u00eb n\u00eb pun\u00eb dhe t\u00eb b\u00ebj\u00eb jet\u00eb nate.<\/p>\n<p>Grat\u00eb n\u00ebp\u00ebr filmat e rinj kan\u00eb vet\u00ebm nj\u00eb rol: t\u00eb duken si burra.<\/p>\n<p>Ato jan\u00eb t\u00eb ngrysura, me z\u00eb t\u00eb trash\u00eb, mallkojn\u00eb pa pushim, qajn\u00eb para dreke, pin\u00eb raki dhe nuk din\u00eb t\u00eb puthin.<\/p>\n<p>Edhe kur b\u00ebjn\u00eb seks kjo ndodh n\u00ebp\u00ebr stane, n\u00eb sedilje t\u00eb grisura ose n\u00eb furgona t\u00eb ndyr\u00eb.<\/p>\n<p>Dashuria e filmave t\u00eb rinj \u00ebsht\u00eb nj\u00eb akt fizik i p\u00ebshtir\u00eb q\u00eb nuk ngrihet dot as n\u00eb nivelin e filmave jugosllav\u00eb q\u00eb ishin t\u00eb mbushur me seks t\u00eb dhunsh\u00ebm, zakonisht pas drek\u00ebs.<\/p>\n<p>Nuk e di p\u00ebr cfar\u00eb arsyesh, shumica aktor\u00ebve q\u00eb zhubrosen n\u00eb shkurret e fshatrave tona jan\u00eb nga Kosova.<\/p>\n<p>Kosovar\u00ebt luajn\u00eb rolin e fshatar\u00ebve nga Librazhdi, nga Miloti apo nga Berati.<\/p>\n<p>Kjo \u00ebsht\u00eb nj\u00eb mesele m\u00eb vete q\u00eb i zbon njer\u00ebzit nga kinemat\u00eb, prandaj filmat e rinj nuk shesin asnj\u00eb bilet\u00eb.<\/p>\n<p>Kush do rrinte nj\u00eb or\u00eb e gjys\u00ebm n\u00eb kinema p\u00ebr t\u00eb mos kuptuar asnj\u00eb fjal\u00eb.<\/p>\n<p>Un\u00eb vet\u00eb i kuptoj kosovar\u00ebt kur flasin, i p\u00eblqej shum\u00eb kur k\u00ebndojn\u00eb, por nuk i kuptoj fare n\u00eb film.<\/p>\n<p>Kosovar\u00ebt kan\u00eb nj\u00eb kinema eklektike e cila duket sikur ka dal\u00eb nga librat e Anton Pashkut, nj\u00eb shkrimtari t\u00eb talentuar q\u00eb shpjegon n\u00eb tre faqe si punon galexhanti i banjos.<\/p>\n<p>Kinemaja e Kosov\u00ebs \u00ebsht\u00eb nj\u00eb zymt\u00ebsi pa mbarim.<\/p>\n<p>Nj\u00eblloj si vaji dhe kripa, k\u00ebsaj gjelle i mungojn\u00eb dy element\u00eb t\u00eb domosdosh\u00ebm: madh\u00ebshtia dhe humori.<\/p>\n<p>Megjith\u00ebse e vog\u00ebl, kinemaja jon\u00eb e vjet\u00ebr ka pasur pak filma madh\u00ebshtor\u00eb dhe shum\u00eb filma me humor.<\/p>\n<p>Historia i b\u00ebnte madh\u00ebshtore, skenar\u00ebt shp\u00ebrndanin er\u00ebzat e humorit, kurse mjesht\u00ebria e aktor\u00ebve i jepte drit\u00eb.<\/p>\n<p>Kosovar\u00ebt nuk kan\u00eb b\u00ebr\u00eb dot filma madh\u00ebshtor\u00eb se kan\u00eb jetuar n\u00eb nj\u00eb shtet represiv q\u00eb i lejonte t\u00eb b\u00ebnin shaka n\u00eb rrug\u00eb, por jo n\u00eb art.<\/p>\n<p>K\u00ebshtu \u00ebsht\u00eb edhe let\u00ebrsia e tyre, nj\u00eb nat\u00eb pa m\u00ebngjes.<\/p>\n<p>Prandaj aktor\u00ebt e Kosov\u00ebs nuk qeshin asnj\u00ebher\u00eb dhe kur dashurojn\u00eb duket sikur do vrasin veten.<\/p>\n<p>Filmat e rinj kan\u00eb marr\u00eb fizionomin\u00eb e shkoll\u00ebs kosovare: nj\u00eb d\u00ebshp\u00ebrim q\u00eb kalohet duke pir\u00eb, duke shar\u00eb dhe duke folur me malin para se t\u00eb flesh.<\/p>\n<p>Por filmi nuk \u00ebsht\u00eb si k\u00ebnga.<\/p>\n<p>Kosovarizimi i k\u00ebng\u00ebve tona ka qen\u00eb sukses, kosovarizimi i filmave \u00ebsht\u00eb d\u00ebshtim.<\/p>\n<p>P\u00ebr fat t\u00eb keq kosovar\u00ebt po i marrin n\u00eb qaf\u00eb rregjisor\u00ebt e rinj.<\/p>\n<p>Rregjisor\u00ebt besojn\u00eb se duke siguruar nj\u00eb buxhet modest, nj\u00eb fshat t\u00eb rreckosur dhe nj\u00eb aktor kosovar e kan\u00eb mbaruar filmin.<\/p>\n<p>Prandaj nuk konkurrojn\u00eb p\u00ebr biletat n\u00eb kinema, por vet\u00ebm p\u00ebr fondet publike.<\/p>\n<p>Sukses quhet at\u00ebher\u00eb kur bind Qendr\u00ebn e Filmit dhe jo spektatorin.<\/p>\n<p>Rregjisor\u00ebt mendojn\u00eb si buxhetist\u00eb p\u00ebrpara se t\u00eb mendojn\u00eb si artist\u00eb.<\/p>\n<p>Meq\u00eb shumic\u00ebn e autor\u00ebve t\u00eb k\u00ebtyre filmave i kam miq shpresoj q\u00eb nuk do m\u00ebrziten.<\/p>\n<p>Ata e kan\u00eb n\u00eb dor\u00eb t\u00eb shuajn\u00eb dyshimin tim se shqiptar\u00ebt nuk din\u00eb t\u00eb b\u00ebjn\u00eb tre gj\u00ebra: futboll, ver\u00eb dhe kinema.<\/p>\n<p>Un\u00eb i kam qejf t\u00eb treja prandaj do shkruaj prap\u00eb.<\/p>\n","protected":false},"excerpt":{"rendered":"<p>6 Shtator 2026 Edhe p\u00ebr arsye personale e kam dashur shum\u00eb Kinostudion. Festivalin e par\u00eb t\u00eb filmit shqiptar e fitoi nj\u00eb film q\u00eb babai im e b\u00ebri p\u00ebr mua. Ndoshta nga kjo dob\u00ebsi filmat e Kinostudios m\u00eb b\u00ebnin p\u00ebr t\u00eb qeshur edhe kur ishin t\u00eb dob\u00ebt. Me gjith\u00eb kufizimet ideologjike Kinostudio e luajti rolin e [&hellip;]<\/p>\n","protected":false},"author":9,"featured_media":106153,"comment_status":"open","ping_status":"open","sticky":false,"template":"","format":"standard","meta":{"jetpack_post_was_ever_published":false,"_jetpack_newsletter_access":"","_jetpack_dont_email_post_to_subs":false,"_jetpack_newsletter_tier_id":0,"_jetpack_memberships_contains_paywalled_content":false,"_jetpack_memberships_contains_paid_content":false,"footnotes":"","jetpack_publicize_message":"","jetpack_publicize_feature_enabled":true,"jetpack_social_post_already_shared":true,"jetpack_social_options":{"image_generator_settings":{"template":"highway","default_image_id":0,"font":"","enabled":false},"version":2}},"categories":[87,27,10,1,35],"tags":[],"class_list":["post-106152","post","type-post","status-publish","format-standard","has-post-thumbnail","hentry","category-arte","category-blogu-i-udhetarit","category-kultura","category-njoftime-shtypi","category-shoqerore"],"jetpack_publicize_connections":[],"jetpack_featured_media_url":"https:\/\/i0.wp.com\/www.shqiperia.com\/blog\/wp-content\/uploads\/2026\/09\/Ben-BBlushi.jpeg?fit=768%2C576&ssl=1","jetpack_sharing_enabled":true,"jetpack_shortlink":"https:\/\/wp.me\/p5Z6wp-rC8","jetpack-related-posts":[{"id":103364,"url":"https:\/\/www.shqiperia.com\/blog\/odisea-i-matt-damon-dhe-odisea-i-bekim-fehmiut\/","url_meta":{"origin":106152,"position":0},"title":"ODISEA I MATT DAMON DHE ODISEA I BEKIM FEHMIUT","author":"Kurt Farka","date":"July 28, 2026","format":false,"excerpt":"28 Korrik 2026 Nga Ben Blushi Dy dit\u00ebt e fundit pash\u00eb dy Odise. At\u00eb t\u00eb Matt Damon q\u00eb po p\u00ebrmbyt kinemat\u00eb e bot\u00ebs dhe Odisean e aktorit kosovar Bekim Fehmiu t\u00eb xhiruar n\u00eb vitin 1968 nga italian\u00ebt. Me nj\u00eb sy t\u00eb shpejt\u00eb, versioni i ri ngjan me bagazhin e nj\u00eb\u2026","rel":"","context":"In &quot;Arte&quot;","block_context":{"text":"Arte","link":"https:\/\/www.shqiperia.com\/blog\/category\/arte\/"},"img":{"alt_text":"","src":"https:\/\/i0.wp.com\/www.shqiperia.com\/blog\/wp-content\/uploads\/2026\/07\/Bekim-Fehmiu.jpg?fit=1000%2C800&ssl=1&resize=350%2C200","width":350,"height":200,"srcset":"https:\/\/i0.wp.com\/www.shqiperia.com\/blog\/wp-content\/uploads\/2026\/07\/Bekim-Fehmiu.jpg?fit=1000%2C800&ssl=1&resize=350%2C200 1x, https:\/\/i0.wp.com\/www.shqiperia.com\/blog\/wp-content\/uploads\/2026\/07\/Bekim-Fehmiu.jpg?fit=1000%2C800&ssl=1&resize=525%2C300 1.5x, https:\/\/i0.wp.com\/www.shqiperia.com\/blog\/wp-content\/uploads\/2026\/07\/Bekim-Fehmiu.jpg?fit=1000%2C800&ssl=1&resize=700%2C400 2x"},"classes":[]},{"id":105361,"url":"https:\/\/www.shqiperia.com\/blog\/vucic-kercenon-rajonin-sulmon-serish-paktin-tirane-prishtine-zagreb-forcojme-ushtrine-perballe-cdo-aleance\/","url_meta":{"origin":106152,"position":1},"title":"Vu\u00e7i\u00e7 \u201ck\u00ebrc\u00ebnon\u201d rajonin, sulmon s\u00ebrish paktin Tiran\u00eb-Prishtin\u00eb-Zagreb: &#8211; Forcojm\u00eb ushtrin\u00eb p\u00ebrball\u00eb \u00e7do aleance","author":"Kurt Farka","date":"August 28, 2026","format":false,"excerpt":"18 Gusht 2026 Presidenti i Serbis\u00eb, Aleksandar Vu\u00e7i\u00e7, deklaroi se vendi i tij do t\u00eb vazhdoj\u00eb t\u00eb forcoj\u00eb kapacitetet ushtarake p\u00ebr t\u00eb penguar \u00e7do agresion t\u00eb mundsh\u00ebm. Deklarata vjen pak dit\u00eb pas alarmit t\u00eb ngritur nga Kroacia p\u00ebr armatosjen e ushtris\u00eb serbe, n\u00eb nj\u00eb koh\u00eb kur Serbia prej m\u00eb shum\u00eb\u2026","rel":"","context":"In &quot;Blogu i Udh\u00ebtarit&quot;","block_context":{"text":"Blogu i Udh\u00ebtarit","link":"https:\/\/www.shqiperia.com\/blog\/category\/blogu-i-udhetarit\/"},"img":{"alt_text":"","src":"https:\/\/i0.wp.com\/www.shqiperia.com\/blog\/wp-content\/uploads\/2026\/08\/images_sd-26-800x450-1.webp?fit=800%2C450&ssl=1&resize=350%2C200","width":350,"height":200,"srcset":"https:\/\/i0.wp.com\/www.shqiperia.com\/blog\/wp-content\/uploads\/2026\/08\/images_sd-26-800x450-1.webp?fit=800%2C450&ssl=1&resize=350%2C200 1x, https:\/\/i0.wp.com\/www.shqiperia.com\/blog\/wp-content\/uploads\/2026\/08\/images_sd-26-800x450-1.webp?fit=800%2C450&ssl=1&resize=525%2C300 1.5x, https:\/\/i0.wp.com\/www.shqiperia.com\/blog\/wp-content\/uploads\/2026\/08\/images_sd-26-800x450-1.webp?fit=800%2C450&ssl=1&resize=700%2C400 2x"},"classes":[]},{"id":41774,"url":"https:\/\/www.shqiperia.com\/blog\/esat-musliu-pasuria-e-kinostudios-u-shkaterrua-ministria-e-kultures-beri-vete-cfare-deshi-ne-ato-mjedise-dhe-nuk-pyeti-krijuesit\/","url_meta":{"origin":106152,"position":2},"title":"Esat Musliu: Pasuria e Kinostudios u shkat\u00ebrrua, Ministria e Kultur\u00ebs b\u00ebri vet\u00eb \u00e7far\u00eb deshi n\u00eb ato mjedise dhe nuk pyeti krijuesit","author":"Kurt Farka","date":"December 11, 2020","format":false,"excerpt":"Esat Musliu: Pasuria e Kinostudios u shkat\u00ebrrua, Ministria e Kultur\u00ebs b\u00ebri vet\u00eb \u00e7far\u00eb deshi n\u00eb ato mjedise dhe nuk pyeti krijuesit 11 DHJETOR 2020 Kinostudio ishte nj\u00eb nga veprat m\u00eb madh\u00ebshtore, q\u00eb ka p\u00ebrballuar me shum\u00eb sukses 14 filma artistik\u00eb n\u00eb vit dhjet\u00ebra dokumentar\u00eb, si edhe filma t\u00eb animuar. K\u00ebshtu\u2026","rel":"","context":"In &quot;Histori&quot;","block_context":{"text":"Histori","link":"https:\/\/www.shqiperia.com\/blog\/category\/histori\/"},"img":{"alt_text":"","src":"https:\/\/i0.wp.com\/www.shqiperia.com\/blog\/wp-content\/uploads\/2020\/12\/Esta-Mysliu.jpg?fit=800%2C534&ssl=1&resize=350%2C200","width":350,"height":200,"srcset":"https:\/\/i0.wp.com\/www.shqiperia.com\/blog\/wp-content\/uploads\/2020\/12\/Esta-Mysliu.jpg?fit=800%2C534&ssl=1&resize=350%2C200 1x, https:\/\/i0.wp.com\/www.shqiperia.com\/blog\/wp-content\/uploads\/2020\/12\/Esta-Mysliu.jpg?fit=800%2C534&ssl=1&resize=525%2C300 1.5x, https:\/\/i0.wp.com\/www.shqiperia.com\/blog\/wp-content\/uploads\/2020\/12\/Esta-Mysliu.jpg?fit=800%2C534&ssl=1&resize=700%2C400 2x"},"classes":[]},{"id":105436,"url":"https:\/\/www.shqiperia.com\/blog\/pse-te-krishteret-e-kane-te-dielen-diten-e-adhurimit\/","url_meta":{"origin":106152,"position":3},"title":"Pse t\u00eb krishter\u00ebt e kan\u00eb t\u00eb diel\u00ebn dit\u00ebn e adhurimit?","author":"Kurt Farka","date":"August 29, 2026","format":false,"excerpt":"29 Gusht 2026 P\u00ebr shumic\u00ebn e t\u00eb krishter\u00ebve n\u00eb mbar\u00eb bot\u00ebn, e diela \u00ebsht\u00eb dita e adhurimit dhe e sh\u00ebrbesave fetare. Por nuk ka qen\u00eb gjithmon\u00eb k\u00ebshtu. Ja \u00e7far\u00eb tregojn\u00eb burimet historike dhe fetare p\u00ebr r\u00ebnd\u00ebsin\u00eb e s\u00eb diel\u00ebs n\u00eb adhurimin e krishter\u00eb. A kan\u00eb adhuruar gjithmon\u00eb t\u00eb krishter\u00ebt t\u00eb\u2026","rel":"","context":"In &quot;Blogu i Udh\u00ebtarit&quot;","block_context":{"text":"Blogu i Udh\u00ebtarit","link":"https:\/\/www.shqiperia.com\/blog\/category\/blogu-i-udhetarit\/"},"img":{"alt_text":"","src":"https:\/\/i0.wp.com\/www.shqiperia.com\/blog\/wp-content\/uploads\/2026\/08\/R-2.jpg?fit=850%2C638&ssl=1&resize=350%2C200","width":350,"height":200,"srcset":"https:\/\/i0.wp.com\/www.shqiperia.com\/blog\/wp-content\/uploads\/2026\/08\/R-2.jpg?fit=850%2C638&ssl=1&resize=350%2C200 1x, https:\/\/i0.wp.com\/www.shqiperia.com\/blog\/wp-content\/uploads\/2026\/08\/R-2.jpg?fit=850%2C638&ssl=1&resize=525%2C300 1.5x, https:\/\/i0.wp.com\/www.shqiperia.com\/blog\/wp-content\/uploads\/2026\/08\/R-2.jpg?fit=850%2C638&ssl=1&resize=700%2C400 2x"},"classes":[]},{"id":100005,"url":"https:\/\/www.shqiperia.com\/blog\/frika-per-nje-pandemi-te-radhes-obsh-nuk-ka-ngjashmeri-me-covid-hantaviruset-perhapen-shume-ndryshe\/","url_meta":{"origin":106152,"position":4},"title":"Frika p\u00ebr nj\u00eb pandemi t\u00eb radh\u00ebs, OBSH: &#8211; Nuk ka ngjashm\u00ebri me Covid, hantaviruset p\u00ebrhapen shum\u00eb ndryshe","author":"Kurt Farka","date":"May 7, 2026","format":false,"excerpt":"7 Maji 2026 N\u00eb kushtet kur kujtimet e Covid-19 jan\u00eb ende t\u00eb fresk\u00ebta, p\u00ebrhapja e hantavirusit n\u00eb jav\u00ebt e fundit ka shkaktuar jo pak panik n\u00eb popull dhe k\u00ebt\u00eb e shton edhe mungesa e informacionit n\u00eb lidhje me k\u00ebt\u00eb. Frika e nj\u00eb pandemie t\u00eb re, p\u00ebrve\u00e7 luft\u00ebs, \u00ebsht\u00eb n\u00eb aj\u00ebr,\u2026","rel":"","context":"In &quot;Blogu i Udh\u00ebtarit&quot;","block_context":{"text":"Blogu i Udh\u00ebtarit","link":"https:\/\/www.shqiperia.com\/blog\/category\/blogu-i-udhetarit\/"},"img":{"alt_text":"","src":"https:\/\/i0.wp.com\/www.shqiperia.com\/blog\/wp-content\/uploads\/2026\/05\/hanta-viruse.jpg?fit=1200%2C675&ssl=1&resize=350%2C200","width":350,"height":200,"srcset":"https:\/\/i0.wp.com\/www.shqiperia.com\/blog\/wp-content\/uploads\/2026\/05\/hanta-viruse.jpg?fit=1200%2C675&ssl=1&resize=350%2C200 1x, https:\/\/i0.wp.com\/www.shqiperia.com\/blog\/wp-content\/uploads\/2026\/05\/hanta-viruse.jpg?fit=1200%2C675&ssl=1&resize=525%2C300 1.5x, https:\/\/i0.wp.com\/www.shqiperia.com\/blog\/wp-content\/uploads\/2026\/05\/hanta-viruse.jpg?fit=1200%2C675&ssl=1&resize=700%2C400 2x, https:\/\/i0.wp.com\/www.shqiperia.com\/blog\/wp-content\/uploads\/2026\/05\/hanta-viruse.jpg?fit=1200%2C675&ssl=1&resize=1050%2C600 3x"},"classes":[]},{"id":100483,"url":"https:\/\/www.shqiperia.com\/blog\/skandal-ne-pishpore-tepelena-600-ha-te-parkut-te-mbrojtur-rrethohen-me-gardh-dyshime-per-projekt-te-fshehte\/","url_meta":{"origin":106152,"position":5},"title":"Skandal n\u00eb Pishpor\u00eb\/ Tepelena: 600 ha t\u00eb parkut t\u00eb mbrojtur rrethohen me gardh, dyshime p\u00ebr projekt t\u00eb fsheht\u00eb","author":"Kurt Farka","date":"May 20, 2026","format":false,"excerpt":"20 Maji 2026 Aktivisti Andi Tepelena, i ftuar n\u00eb emisionin \u201cOra e Betit\u201d n\u00eb Ora News, foli p\u00ebr situat\u00ebn n\u00eb zon\u00ebn e mbrojtur t\u00eb Pishpor\u00ebs, ku prania e makinerive t\u00eb r\u00ebnda dhe rrethimi i nj\u00eb sip\u00ebrfaqeje t\u00eb madhe toke ka ngritur shqet\u00ebsime tek qytetar\u00ebt dhe grupet mjedisore. Sipas tij, reagimi\u2026","rel":"","context":"In &quot;Blogu i Udh\u00ebtarit&quot;","block_context":{"text":"Blogu i Udh\u00ebtarit","link":"https:\/\/www.shqiperia.com\/blog\/category\/blogu-i-udhetarit\/"},"img":{"alt_text":"","src":"https:\/\/i0.wp.com\/www.shqiperia.com\/blog\/wp-content\/uploads\/2026\/05\/gardhi-ne-pishporo.jpg?resize=350%2C200&ssl=1","width":350,"height":200,"srcset":"https:\/\/i0.wp.com\/www.shqiperia.com\/blog\/wp-content\/uploads\/2026\/05\/gardhi-ne-pishporo.jpg?resize=350%2C200&ssl=1 1x, https:\/\/i0.wp.com\/www.shqiperia.com\/blog\/wp-content\/uploads\/2026\/05\/gardhi-ne-pishporo.jpg?resize=525%2C300&ssl=1 1.5x, https:\/\/i0.wp.com\/www.shqiperia.com\/blog\/wp-content\/uploads\/2026\/05\/gardhi-ne-pishporo.jpg?resize=700%2C400&ssl=1 2x"},"classes":[]}],"_links":{"self":[{"href":"https:\/\/www.shqiperia.com\/blog\/wp-json\/wp\/v2\/posts\/106152","targetHints":{"allow":["GET"]}}],"collection":[{"href":"https:\/\/www.shqiperia.com\/blog\/wp-json\/wp\/v2\/posts"}],"about":[{"href":"https:\/\/www.shqiperia.com\/blog\/wp-json\/wp\/v2\/types\/post"}],"author":[{"embeddable":true,"href":"https:\/\/www.shqiperia.com\/blog\/wp-json\/wp\/v2\/users\/9"}],"replies":[{"embeddable":true,"href":"https:\/\/www.shqiperia.com\/blog\/wp-json\/wp\/v2\/comments?post=106152"}],"version-history":[{"count":3,"href":"https:\/\/www.shqiperia.com\/blog\/wp-json\/wp\/v2\/posts\/106152\/revisions"}],"predecessor-version":[{"id":106156,"href":"https:\/\/www.shqiperia.com\/blog\/wp-json\/wp\/v2\/posts\/106152\/revisions\/106156"}],"wp:featuredmedia":[{"embeddable":true,"href":"https:\/\/www.shqiperia.com\/blog\/wp-json\/wp\/v2\/media\/106153"}],"wp:attachment":[{"href":"https:\/\/www.shqiperia.com\/blog\/wp-json\/wp\/v2\/media?parent=106152"}],"wp:term":[{"taxonomy":"category","embeddable":true,"href":"https:\/\/www.shqiperia.com\/blog\/wp-json\/wp\/v2\/categories?post=106152"},{"taxonomy":"post_tag","embeddable":true,"href":"https:\/\/www.shqiperia.com\/blog\/wp-json\/wp\/v2\/tags?post=106152"}],"curies":[{"name":"wp","href":"https:\/\/api.w.org\/{rel}","templated":true}]}}