{"id":106146,"date":"2026-09-06T15:48:10","date_gmt":"2026-09-06T15:48:10","guid":{"rendered":"https:\/\/www.shqiperia.com\/blog\/?p=106146"},"modified":"2026-09-06T15:48:10","modified_gmt":"2026-09-06T15:48:10","slug":"mumja-qe-duket-sikur-bertet-prej-3-mije-vitesh-ja-cfare-kane-arritur-te-mesojne-shkencetaret-rreth-saj","status":"publish","type":"post","link":"https:\/\/www.shqiperia.com\/blog\/mumja-qe-duket-sikur-bertet-prej-3-mije-vitesh-ja-cfare-kane-arritur-te-mesojne-shkencetaret-rreth-saj\/","title":{"rendered":"Mumja q\u00eb duket sikur b\u00ebrtet prej 3 mij\u00eb vitesh, ja \u00e7far\u00eb kan\u00eb arritur t\u00eb m\u00ebsojn\u00eb shkenc\u00ebtar\u00ebt rreth saj&#8230;"},"content":{"rendered":"<p data-a11y-orig-inline=\"\" data-a11y-base-fs=\"18\"><img data-recalc-dims=\"1\" loading=\"lazy\" decoding=\"async\" data-attachment-id=\"106147\" data-permalink=\"https:\/\/www.shqiperia.com\/blog\/mumja-qe-duket-sikur-bertet-prej-3-mije-vitesh-ja-cfare-kane-arritur-te-mesojne-shkencetaret-rreth-saj\/640-0-hggbvghjpg-1788678900-1\/\" data-orig-file=\"https:\/\/i0.wp.com\/www.shqiperia.com\/blog\/wp-content\/uploads\/2026\/09\/640-0-hggbvghjpg-1788678900-1.jpg?fit=640%2C365&amp;ssl=1\" data-orig-size=\"640,365\" data-comments-opened=\"1\" data-image-meta=\"{&quot;aperture&quot;:&quot;0&quot;,&quot;credit&quot;:&quot;&quot;,&quot;camera&quot;:&quot;&quot;,&quot;caption&quot;:&quot;&quot;,&quot;created_timestamp&quot;:&quot;0&quot;,&quot;copyright&quot;:&quot;&quot;,&quot;focal_length&quot;:&quot;0&quot;,&quot;iso&quot;:&quot;0&quot;,&quot;shutter_speed&quot;:&quot;0&quot;,&quot;title&quot;:&quot;&quot;,&quot;orientation&quot;:&quot;0&quot;}\" data-image-title=\"-640-0-hggbvghjpg-1788678900 (1)\" data-image-description=\"\" data-image-caption=\"\" data-medium-file=\"https:\/\/i0.wp.com\/www.shqiperia.com\/blog\/wp-content\/uploads\/2026\/09\/640-0-hggbvghjpg-1788678900-1.jpg?fit=300%2C171&amp;ssl=1\" data-large-file=\"https:\/\/i0.wp.com\/www.shqiperia.com\/blog\/wp-content\/uploads\/2026\/09\/640-0-hggbvghjpg-1788678900-1.jpg?fit=640%2C365&amp;ssl=1\" class=\"alignnone  wp-image-106147\" alt=\"\" src=\"https:\/\/i0.wp.com\/www.shqiperia.com\/blog\/wp-content\/uploads\/2026\/09\/640-0-hggbvghjpg-1788678900-1.jpg?resize=688%2C392&#038;ssl=1\" width=\"688\" height=\"392\" srcset=\"https:\/\/i0.wp.com\/www.shqiperia.com\/blog\/wp-content\/uploads\/2026\/09\/640-0-hggbvghjpg-1788678900-1.jpg?resize=300%2C171&amp;ssl=1 300w, https:\/\/i0.wp.com\/www.shqiperia.com\/blog\/wp-content\/uploads\/2026\/09\/640-0-hggbvghjpg-1788678900-1.jpg?resize=450%2C257&amp;ssl=1 450w, https:\/\/i0.wp.com\/www.shqiperia.com\/blog\/wp-content\/uploads\/2026\/09\/640-0-hggbvghjpg-1788678900-1.jpg?resize=600%2C342&amp;ssl=1 600w, https:\/\/i0.wp.com\/www.shqiperia.com\/blog\/wp-content\/uploads\/2026\/09\/640-0-hggbvghjpg-1788678900-1.jpg?resize=400%2C228&amp;ssl=1 400w, https:\/\/i0.wp.com\/www.shqiperia.com\/blog\/wp-content\/uploads\/2026\/09\/640-0-hggbvghjpg-1788678900-1.jpg?w=640&amp;ssl=1 640w\" sizes=\"auto, (max-width: 688px) 100vw, 688px\" \/><\/p>\n<p data-a11y-orig-inline=\"\" data-a11y-base-fs=\"18\">6 Shtator 2026<\/p>\n<p data-a11y-orig-inline=\"\" data-a11y-base-fs=\"18\">Nj\u00eb mumje e lasht\u00eb egjiptiane, e cila prej afro 3 mij\u00eb vitesh ruan nj\u00eb shprehje t\u00eb pazakont\u00eb n\u00eb fytyr\u00eb, ka rikthyer v\u00ebmendjen e studiuesve.<\/p>\n<p data-a11y-orig-inline=\"\" data-a11y-base-fs=\"18\">Goja e hapur dhe tiparet e fytyr\u00ebs krijojn\u00eb p\u00ebrshtypjen se gruaja ka mbetur e ngrir\u00eb n\u00eb momentin e nj\u00eb britme.<\/p>\n<p data-a11y-orig-inline=\"\" data-a11y-base-fs=\"18\">Mumja e nj\u00eb gruaje t\u00eb paidentifikuar u zbulua n\u00eb vitin 1935 n\u00eb Teb\u00eb, n\u00eb Egjipt.<\/p>\n<p data-a11y-orig-inline=\"\" data-a11y-base-fs=\"18\">P\u00ebr vite me radh\u00eb, pamja e saj ngriti pyetje rreth m\u00ebnyr\u00ebs s\u00eb vdekjes dhe mumifikimit.<\/p>\n<p data-a11y-orig-inline=\"\" data-a11y-base-fs=\"18\">Fillimisht u mendua se goja e hapur dhe pozicioni i fytyr\u00ebs mund t\u00eb ishin pasoj\u00eb e nj\u00eb mumifikimi jo t\u00eb mir\u00eb. Ekzaminimet e m\u00ebvonshme soll\u00ebn nj\u00eb tjet\u00ebr tablo.<\/p>\n<p data-a11y-orig-inline=\"\" data-a11y-base-fs=\"18\">Gruaja ishte varrosur pran\u00eb familjes s\u00eb Senmutit, arkitektit mbret\u00ebror t\u00eb faraones Hatshepsut. Trupi i saj ishte trajtuar me materiale t\u00eb kushtueshme, mes tyre rr\u00ebshira t\u00eb importuara, temjan nga vendi i lasht\u00eb i Puntit dhe rr\u00ebshir\u00eb d\u00ebllinje.<\/p>\n<p data-a11y-orig-inline=\"\" data-a11y-base-fs=\"18\">Edhe m\u00ebnyra e p\u00ebrgatitjes s\u00eb saj tregon se gruaja i p\u00ebrkiste nj\u00eb shtrese t\u00eb pasur t\u00eb shoq\u00ebris\u00eb. Ajo kishte nj\u00eb paruke t\u00eb p\u00ebrpunuar me fibra palme hurme, t\u00eb trajtuara me k\u00ebna dhe t\u00eb dekoruara me minerale.<\/p>\n<p data-a11y-orig-inline=\"\" data-a11y-base-fs=\"18\">N\u00eb vitin 2024, mumja iu n\u00ebnshtrua nj\u00eb ekzaminimi t\u00eb ri nga radiologia e mumjeve Sahar Saleem, nga Universiteti i Kajros, dhe Samia El-Merghani, nga Ministria egjiptiane e Turizmit dhe Antikiteteve.<\/p>\n<p data-a11y-orig-inline=\"\" data-a11y-base-fs=\"18\">Studiuesit p\u00ebrdor\u00ebn rreze X, skanime CT dhe analiza mikroskopike e kimike.<\/p>\n<p data-a11y-orig-inline=\"\" data-a11y-base-fs=\"18\">Rezultatet treguan se gruaja ishte rreth 1.52 metra e gjat\u00eb dhe kishte vdekur af\u00ebrsisht n\u00eb mosh\u00ebn 48-vje\u00e7are. N\u00eb trup u gjet\u00ebn shenja konsumimi n\u00eb dh\u00ebmb\u00eb dhe ky\u00e7e, nd\u00ebrsa krah\u00ebt ishin t\u00eb vendosur p\u00ebrgjat\u00eb trupit.<\/p>\n<p data-a11y-orig-inline=\"\" data-a11y-base-fs=\"18\">Megjithat\u00eb, shkenc\u00ebtar\u00ebt nuk kan\u00eb arritur t\u00eb p\u00ebrcaktojn\u00eb me siguri shkakun e vdekjes. Mes mund\u00ebsive jan\u00eb nj\u00eb atak n\u00eb zem\u00ebr, goditje n\u00eb tru, k\u00ebputje e nj\u00eb aneurizme ose helmim i mundsh\u00ebm nga nj\u00eb gjarp\u00ebr.<\/p>\n<p data-a11y-orig-inline=\"\" data-a11y-base-fs=\"18\">Edhe pas mij\u00ebra vitesh, shprehja e fytyr\u00ebs mbetet pjesa m\u00eb e ve\u00e7ant\u00eb e k\u00ebsaj mumjeje, nd\u00ebrsa ekzaminimet kan\u00eb ndihmuar studiuesit t\u00eb kuptojn\u00eb m\u00eb shum\u00eb p\u00ebr jet\u00ebn dhe statusin e saj n\u00eb Egjiptin e lasht\u00eb.<\/p>\n","protected":false},"excerpt":{"rendered":"<p>6 Shtator 2026 Nj\u00eb mumje e lasht\u00eb egjiptiane, e cila prej afro 3 mij\u00eb vitesh ruan nj\u00eb shprehje t\u00eb pazakont\u00eb n\u00eb fytyr\u00eb, ka rikthyer v\u00ebmendjen e studiuesve. Goja e hapur dhe tiparet e fytyr\u00ebs krijojn\u00eb p\u00ebrshtypjen se gruaja ka mbetur e ngrir\u00eb n\u00eb momentin e nj\u00eb britme. Mumja e nj\u00eb gruaje t\u00eb paidentifikuar u zbulua [&hellip;]<\/p>\n","protected":false},"author":9,"featured_media":106147,"comment_status":"open","ping_status":"open","sticky":false,"template":"","format":"standard","meta":{"jetpack_post_was_ever_published":false,"_jetpack_newsletter_access":"","_jetpack_dont_email_post_to_subs":false,"_jetpack_newsletter_tier_id":0,"_jetpack_memberships_contains_paywalled_content":false,"_jetpack_memberships_contains_paid_content":false,"footnotes":"","jetpack_publicize_message":"","jetpack_publicize_feature_enabled":true,"jetpack_social_post_already_shared":true,"jetpack_social_options":{"image_generator_settings":{"template":"highway","default_image_id":0,"font":"","enabled":false},"version":2}},"categories":[27,85,10,35,86],"tags":[],"class_list":["post-106146","post","type-post","status-publish","format-standard","has-post-thumbnail","hentry","category-blogu-i-udhetarit","category-histori","category-kultura","category-shoqerore","category-trashegimi-kulturore"],"jetpack_publicize_connections":[],"jetpack_featured_media_url":"https:\/\/i0.wp.com\/www.shqiperia.com\/blog\/wp-content\/uploads\/2026\/09\/640-0-hggbvghjpg-1788678900-1.jpg?fit=640%2C365&ssl=1","jetpack_sharing_enabled":true,"jetpack_shortlink":"https:\/\/wp.me\/p5Z6wp-rC2","jetpack-related-posts":[{"id":100345,"url":"https:\/\/www.shqiperia.com\/blog\/shkencetaret-zbulojne-misterin-e-bermudes-pse-ishulli-nuk-fundoset-prej-miliona-vitesh\/","url_meta":{"origin":106146,"position":0},"title":"Shkenc\u00ebtar\u00ebt zbulojn\u00eb misterin e Bermud\u00ebs, pse ishulli \u201cnuk fundoset\u201d prej miliona vitesh","author":"Kurt Farka","date":"May 16, 2026","format":false,"excerpt":"16 Maji 2026 Bermuda ka magjepsur prej dekadash opinionin publik p\u00ebr shkak t\u00eb legjendave dhe teorive q\u00eb lidhen me Bermuda Triangle, zon\u00ebn fam\u00ebkeqe t\u00eb lidhur me zhdukje misterioze dhe incidente t\u00eb pashpjegueshme. Por p\u00ebrtej miteve dhe teorive konspirative, shkenc\u00ebtar\u00ebt prej vitesh jan\u00eb p\u00ebrballur edhe me nj\u00eb tjet\u00ebr mister: si ka\u2026","rel":"","context":"In &quot;Njoftime Shtypi&quot;","block_context":{"text":"Njoftime Shtypi","link":"https:\/\/www.shqiperia.com\/blog\/category\/njoftime-shtypi\/"},"img":{"alt_text":"","src":"https:\/\/i0.wp.com\/www.shqiperia.com\/blog\/wp-content\/uploads\/2026\/05\/f5814f6c-bermuda-1.jpg?fit=1200%2C720&ssl=1&resize=350%2C200","width":350,"height":200,"srcset":"https:\/\/i0.wp.com\/www.shqiperia.com\/blog\/wp-content\/uploads\/2026\/05\/f5814f6c-bermuda-1.jpg?fit=1200%2C720&ssl=1&resize=350%2C200 1x, https:\/\/i0.wp.com\/www.shqiperia.com\/blog\/wp-content\/uploads\/2026\/05\/f5814f6c-bermuda-1.jpg?fit=1200%2C720&ssl=1&resize=525%2C300 1.5x, https:\/\/i0.wp.com\/www.shqiperia.com\/blog\/wp-content\/uploads\/2026\/05\/f5814f6c-bermuda-1.jpg?fit=1200%2C720&ssl=1&resize=700%2C400 2x, https:\/\/i0.wp.com\/www.shqiperia.com\/blog\/wp-content\/uploads\/2026\/05\/f5814f6c-bermuda-1.jpg?fit=1200%2C720&ssl=1&resize=1050%2C600 3x"},"classes":[]},{"id":103645,"url":"https:\/\/www.shqiperia.com\/blog\/fabrika-e-makinave-ushtarake-e-rames-ka-vetem-14-punonjes-dhe-1500-euro-pajisje\/","url_meta":{"origin":106146,"position":1},"title":"&#8216;Fabrika&#8217; e makinave ushtarake e Rames ka vet\u00ebm 14 punonj\u00ebs dhe 1500 euro pajisje","author":"Kurt Farka","date":"August 2, 2026","format":false,"excerpt":"2 Gusht 2026 Nga Klodian Tomorri\/ Kryeministri Edi Rama promovoi dje me buj\u00eb t\u00eb madhe 40 makinat e para ushtarake, sipas tij t\u00eb prodhuara n\u00eb Shqip\u00ebri, nga partneriteti mes shoq\u00ebris\u00eb publike Kayo dhe asaj private Timak. Por kur qytetar\u00ebt v\u00ebrshuan me komente n\u00eb rrjetet sociale se si nj\u00eb kompani shqiptare\u2026","rel":"","context":"In &quot;Blogu i Udh\u00ebtarit&quot;","block_context":{"text":"Blogu i Udh\u00ebtarit","link":"https:\/\/www.shqiperia.com\/blog\/category\/blogu-i-udhetarit\/"},"img":{"alt_text":"","src":"https:\/\/i0.wp.com\/www.shqiperia.com\/blog\/wp-content\/uploads\/2026\/08\/auto_9ed9b55d-6ec0-412b-ba0f-d8a8fe64953e1785602916.jpg?fit=710%2C442&ssl=1&resize=350%2C200","width":350,"height":200,"srcset":"https:\/\/i0.wp.com\/www.shqiperia.com\/blog\/wp-content\/uploads\/2026\/08\/auto_9ed9b55d-6ec0-412b-ba0f-d8a8fe64953e1785602916.jpg?fit=710%2C442&ssl=1&resize=350%2C200 1x, https:\/\/i0.wp.com\/www.shqiperia.com\/blog\/wp-content\/uploads\/2026\/08\/auto_9ed9b55d-6ec0-412b-ba0f-d8a8fe64953e1785602916.jpg?fit=710%2C442&ssl=1&resize=525%2C300 1.5x, https:\/\/i0.wp.com\/www.shqiperia.com\/blog\/wp-content\/uploads\/2026\/08\/auto_9ed9b55d-6ec0-412b-ba0f-d8a8fe64953e1785602916.jpg?fit=710%2C442&ssl=1&resize=700%2C400 2x"},"classes":[]},{"id":100117,"url":"https:\/\/www.shqiperia.com\/blog\/banoret-e-fshatit-ane-vjose-ne-memaliaj-prej-vitesh-perballen-me-nje-nga-problemet-me-jetike-mungesen-e-ujit-te-pijshem\/","url_meta":{"origin":106146,"position":2},"title":"Banor\u00ebt e fshatit An\u00eb Vjos\u00eb, n\u00eb Memaliaj, prej vitesh p\u00ebrballen me nj\u00eb nga problemet m\u00eb jetike: munges\u00ebn e ujit t\u00eb pijsh\u00ebm.","author":"Kurt Farka","date":"May 11, 2026","format":false,"excerpt":"11 Maji 2026 Dikur me mbi 350 banor\u00eb, sot fshati num\u00ebron vet\u00ebm rreth 30. Ironikisht, vet\u00ebm pak metra larg sht\u00ebpive t\u00eb tyre rrjedh lumi Vjosa, por n\u00eb rubinet\u00ebt e tyre nuk ka asnj\u00eb pik\u00eb uj\u00eb. T\u00eb detyruar nga kushtet e v\u00ebshtira, disa familje kan\u00eb hapur puse p\u00ebr t\u00eb siguruar uj\u00eb,\u2026","rel":"","context":"In &quot;Blogu i Udh\u00ebtarit&quot;","block_context":{"text":"Blogu i Udh\u00ebtarit","link":"https:\/\/www.shqiperia.com\/blog\/category\/blogu-i-udhetarit\/"},"img":{"alt_text":"","src":"https:\/\/i0.wp.com\/www.shqiperia.com\/blog\/wp-content\/uploads\/2026\/05\/vlcsnap-2026-05-09-15h46m18s990_sd-800x450-1.webp?fit=800%2C450&ssl=1&resize=350%2C200","width":350,"height":200,"srcset":"https:\/\/i0.wp.com\/www.shqiperia.com\/blog\/wp-content\/uploads\/2026\/05\/vlcsnap-2026-05-09-15h46m18s990_sd-800x450-1.webp?fit=800%2C450&ssl=1&resize=350%2C200 1x, https:\/\/i0.wp.com\/www.shqiperia.com\/blog\/wp-content\/uploads\/2026\/05\/vlcsnap-2026-05-09-15h46m18s990_sd-800x450-1.webp?fit=800%2C450&ssl=1&resize=525%2C300 1.5x, https:\/\/i0.wp.com\/www.shqiperia.com\/blog\/wp-content\/uploads\/2026\/05\/vlcsnap-2026-05-09-15h46m18s990_sd-800x450-1.webp?fit=800%2C450&ssl=1&resize=700%2C400 2x"},"classes":[]},{"id":105609,"url":"https:\/\/www.shqiperia.com\/blog\/gjendet-e-vdekur-ne-banesen-e-saj-ish-e-dashura-qe-denoncoi-mcgonigal-fjalet-e-fundit-te-saj-e-urrej-fbi-ne-babai-i-viktimes-ajo-sdo-e-vriste-kurre-veten\/","url_meta":{"origin":106146,"position":3},"title":"Gjendet e vdekur n\u00eb banes\u00ebn e saj ish e dashura q\u00eb denoncoi McGonigal\/ Fjal\u00ebt e fundit t\u00eb saj: &#8211; E urrej FBI-n\u00eb. Babai i viktim\u00ebs: Ajo s\u2019do e vriste kurr\u00eb veten","author":"Kurt Farka","date":"August 31, 2026","format":false,"excerpt":"1 Shtator 2026 Allison Guerriero, ish-e dashura e ish-zyrtarit t\u00eb lart\u00eb t\u00eb FBI-s\u00eb, Charles McGonigal, ka nd\u00ebrruar jet\u00eb papritur n\u00eb banes\u00ebn e saj n\u00eb Boynton Beach, Florida. Guerriero, e cila kishte pasur nj\u00eb lidhje 18-mujore me McGonigal, ishte b\u00ebr\u00eb e njohur p\u00ebr akuzat dhe denoncimet e saj publike ndaj ish-agjentit\u2026","rel":"","context":"In &quot;Blogu i Udh\u00ebtarit&quot;","block_context":{"text":"Blogu i Udh\u00ebtarit","link":"https:\/\/www.shqiperia.com\/blog\/category\/blogu-i-udhetarit\/"},"img":{"alt_text":"","src":"https:\/\/i0.wp.com\/www.shqiperia.com\/blog\/wp-content\/uploads\/2026\/08\/Untitled-design-51.webp?fit=1200%2C675&ssl=1&resize=350%2C200","width":350,"height":200,"srcset":"https:\/\/i0.wp.com\/www.shqiperia.com\/blog\/wp-content\/uploads\/2026\/08\/Untitled-design-51.webp?fit=1200%2C675&ssl=1&resize=350%2C200 1x, https:\/\/i0.wp.com\/www.shqiperia.com\/blog\/wp-content\/uploads\/2026\/08\/Untitled-design-51.webp?fit=1200%2C675&ssl=1&resize=525%2C300 1.5x, https:\/\/i0.wp.com\/www.shqiperia.com\/blog\/wp-content\/uploads\/2026\/08\/Untitled-design-51.webp?fit=1200%2C675&ssl=1&resize=700%2C400 2x, https:\/\/i0.wp.com\/www.shqiperia.com\/blog\/wp-content\/uploads\/2026\/08\/Untitled-design-51.webp?fit=1200%2C675&ssl=1&resize=1050%2C600 3x"},"classes":[]},{"id":103842,"url":"https:\/\/www.shqiperia.com\/blog\/turizmi-po-rrit-bujqesine-e-fqinjeve\/","url_meta":{"origin":106146,"position":4},"title":"Turizmi po rrit bujq\u00ebsin\u00eb e fqinj\u00ebve","author":"Kurt Farka","date":"August 5, 2026","format":false,"excerpt":"5 Gusht 2026 Importet e ushqimeve arrit\u00ebn n\u00eb rreth 716 mij\u00eb ton\u00eb... Nga Brazili u importuan rreth 19 milion\u00eb kilogram\u00eb, 34% m\u00eb shum\u00eb se nj\u00eb vit m\u00eb par\u00eb. Importet nga Argjentina u zgjeruan me 80%, nd\u00ebrsa ato nga Ekuadori u rrit\u00ebn me 14%. ]Teksa prodhimi vendas bujq\u00ebsor po thellon r\u00ebnien\u2026","rel":"","context":"In &quot;Kultura&quot;","block_context":{"text":"Kultura","link":"https:\/\/www.shqiperia.com\/blog\/category\/kultura\/"},"img":{"alt_text":"","src":"https:\/\/i0.wp.com\/www.shqiperia.com\/blog\/wp-content\/uploads\/2026\/08\/OIP.jpg?fit=474%2C398&ssl=1&resize=350%2C200","width":350,"height":200},"classes":[]},{"id":105825,"url":"https:\/\/www.shqiperia.com\/blog\/zbulim-i-rralle-ne-turqi-zbulohet-punishte-minerare-9-mije-vjecare\/","url_meta":{"origin":106146,"position":5},"title":"Zbulim i rrall\u00eb n\u00eb Turqi, zbulohet punishte minerare 9 mij\u00eb-vje\u00e7are","author":"Kurt Farka","date":"September 3, 2026","format":false,"excerpt":"3 Shtator 2026 Arkeolog\u00ebt kan\u00eb zbuluar nj\u00eb punishte minierash prej rreth 5 metrash katror\u00eb q\u00eb daton q\u00eb nga viti 6900-6800 para Krishtit n\u00eb Cayonu Tepesi, nj\u00eb vendbanim prehistorik n\u00eb Turqin\u00eb juglindore q\u00eb ofron prova t\u00eb r\u00ebnd\u00ebsishme t\u00eb kalimit n\u00eb jet\u00ebn e vendosur dhe bujq\u00ebsin\u00eb e hershme. Ministri i Kultur\u00ebs dhe\u2026","rel":"","context":"In &quot;Blogu i Udh\u00ebtarit&quot;","block_context":{"text":"Blogu i Udh\u00ebtarit","link":"https:\/\/www.shqiperia.com\/blog\/category\/blogu-i-udhetarit\/"},"img":{"alt_text":"","src":"https:\/\/i0.wp.com\/www.shqiperia.com\/blog\/wp-content\/uploads\/2026\/09\/auto_thumbs_b_c_fe98b053e6168ef4ee39d508046752d71788262850.webp?fit=864%2C486&ssl=1&resize=350%2C200","width":350,"height":200,"srcset":"https:\/\/i0.wp.com\/www.shqiperia.com\/blog\/wp-content\/uploads\/2026\/09\/auto_thumbs_b_c_fe98b053e6168ef4ee39d508046752d71788262850.webp?fit=864%2C486&ssl=1&resize=350%2C200 1x, https:\/\/i0.wp.com\/www.shqiperia.com\/blog\/wp-content\/uploads\/2026\/09\/auto_thumbs_b_c_fe98b053e6168ef4ee39d508046752d71788262850.webp?fit=864%2C486&ssl=1&resize=525%2C300 1.5x, https:\/\/i0.wp.com\/www.shqiperia.com\/blog\/wp-content\/uploads\/2026\/09\/auto_thumbs_b_c_fe98b053e6168ef4ee39d508046752d71788262850.webp?fit=864%2C486&ssl=1&resize=700%2C400 2x"},"classes":[]}],"_links":{"self":[{"href":"https:\/\/www.shqiperia.com\/blog\/wp-json\/wp\/v2\/posts\/106146","targetHints":{"allow":["GET"]}}],"collection":[{"href":"https:\/\/www.shqiperia.com\/blog\/wp-json\/wp\/v2\/posts"}],"about":[{"href":"https:\/\/www.shqiperia.com\/blog\/wp-json\/wp\/v2\/types\/post"}],"author":[{"embeddable":true,"href":"https:\/\/www.shqiperia.com\/blog\/wp-json\/wp\/v2\/users\/9"}],"replies":[{"embeddable":true,"href":"https:\/\/www.shqiperia.com\/blog\/wp-json\/wp\/v2\/comments?post=106146"}],"version-history":[{"count":1,"href":"https:\/\/www.shqiperia.com\/blog\/wp-json\/wp\/v2\/posts\/106146\/revisions"}],"predecessor-version":[{"id":106148,"href":"https:\/\/www.shqiperia.com\/blog\/wp-json\/wp\/v2\/posts\/106146\/revisions\/106148"}],"wp:featuredmedia":[{"embeddable":true,"href":"https:\/\/www.shqiperia.com\/blog\/wp-json\/wp\/v2\/media\/106147"}],"wp:attachment":[{"href":"https:\/\/www.shqiperia.com\/blog\/wp-json\/wp\/v2\/media?parent=106146"}],"wp:term":[{"taxonomy":"category","embeddable":true,"href":"https:\/\/www.shqiperia.com\/blog\/wp-json\/wp\/v2\/categories?post=106146"},{"taxonomy":"post_tag","embeddable":true,"href":"https:\/\/www.shqiperia.com\/blog\/wp-json\/wp\/v2\/tags?post=106146"}],"curies":[{"name":"wp","href":"https:\/\/api.w.org\/{rel}","templated":true}]}}