{"id":106143,"date":"2026-09-06T15:39:21","date_gmt":"2026-09-06T15:39:21","guid":{"rendered":"https:\/\/www.shqiperia.com\/blog\/?p=106143"},"modified":"2026-09-06T15:39:21","modified_gmt":"2026-09-06T15:39:21","slug":"nje-zbulim-i-ri-hedh-drite-mbi-nje-semundje-qe-ka-prekur-delet-prej-3700-vitesh","status":"publish","type":"post","link":"https:\/\/www.shqiperia.com\/blog\/nje-zbulim-i-ri-hedh-drite-mbi-nje-semundje-qe-ka-prekur-delet-prej-3700-vitesh\/","title":{"rendered":"Nj\u00eb zbulim i ri hedh drit\u00eb mbi nj\u00eb s\u00ebmundje q\u00eb ka prekur delet prej 3,700 vitesh"},"content":{"rendered":"<p><img data-recalc-dims=\"1\" loading=\"lazy\" decoding=\"async\" data-attachment-id=\"106144\" data-permalink=\"https:\/\/www.shqiperia.com\/blog\/nje-zbulim-i-ri-hedh-drite-mbi-nje-semundje-qe-ka-prekur-delet-prej-3700-vitesh\/auto_parchment-history-of-sheeppox-virus-11788526939-1\/\" data-orig-file=\"https:\/\/i0.wp.com\/www.shqiperia.com\/blog\/wp-content\/uploads\/2026\/09\/auto_parchment-history-of-sheeppox-virus-11788526939-1.jpg?fit=900%2C505&amp;ssl=1\" data-orig-size=\"900,505\" data-comments-opened=\"1\" data-image-meta=\"{&quot;aperture&quot;:&quot;0&quot;,&quot;credit&quot;:&quot;&quot;,&quot;camera&quot;:&quot;&quot;,&quot;caption&quot;:&quot;&quot;,&quot;created_timestamp&quot;:&quot;0&quot;,&quot;copyright&quot;:&quot;&quot;,&quot;focal_length&quot;:&quot;0&quot;,&quot;iso&quot;:&quot;0&quot;,&quot;shutter_speed&quot;:&quot;0&quot;,&quot;title&quot;:&quot;&quot;,&quot;orientation&quot;:&quot;0&quot;}\" data-image-title=\"auto_parchment-history-of-sheeppox-virus-11788526939 (1)\" data-image-description=\"\" data-image-caption=\"\" data-medium-file=\"https:\/\/i0.wp.com\/www.shqiperia.com\/blog\/wp-content\/uploads\/2026\/09\/auto_parchment-history-of-sheeppox-virus-11788526939-1.jpg?fit=300%2C168&amp;ssl=1\" data-large-file=\"https:\/\/i0.wp.com\/www.shqiperia.com\/blog\/wp-content\/uploads\/2026\/09\/auto_parchment-history-of-sheeppox-virus-11788526939-1.jpg?fit=900%2C505&amp;ssl=1\" class=\"alignnone  wp-image-106144\" alt=\"\" src=\"https:\/\/i0.wp.com\/www.shqiperia.com\/blog\/wp-content\/uploads\/2026\/09\/auto_parchment-history-of-sheeppox-virus-11788526939-1.jpg?resize=620%2C347&#038;ssl=1\" width=\"620\" height=\"347\" srcset=\"https:\/\/i0.wp.com\/www.shqiperia.com\/blog\/wp-content\/uploads\/2026\/09\/auto_parchment-history-of-sheeppox-virus-11788526939-1.jpg?resize=300%2C168&amp;ssl=1 300w, https:\/\/i0.wp.com\/www.shqiperia.com\/blog\/wp-content\/uploads\/2026\/09\/auto_parchment-history-of-sheeppox-virus-11788526939-1.jpg?resize=768%2C431&amp;ssl=1 768w, https:\/\/i0.wp.com\/www.shqiperia.com\/blog\/wp-content\/uploads\/2026\/09\/auto_parchment-history-of-sheeppox-virus-11788526939-1.jpg?resize=450%2C253&amp;ssl=1 450w, https:\/\/i0.wp.com\/www.shqiperia.com\/blog\/wp-content\/uploads\/2026\/09\/auto_parchment-history-of-sheeppox-virus-11788526939-1.jpg?resize=600%2C337&amp;ssl=1 600w, https:\/\/i0.wp.com\/www.shqiperia.com\/blog\/wp-content\/uploads\/2026\/09\/auto_parchment-history-of-sheeppox-virus-11788526939-1.jpg?resize=400%2C224&amp;ssl=1 400w, https:\/\/i0.wp.com\/www.shqiperia.com\/blog\/wp-content\/uploads\/2026\/09\/auto_parchment-history-of-sheeppox-virus-11788526939-1.jpg?w=900&amp;ssl=1 900w\" sizes=\"auto, (max-width: 620px) 100vw, 620px\" \/><\/p>\n<p>6 Shtator 2026<\/p>\n<p>Gjurm\u00eb ADN-je t\u00eb nj\u00eb virusi vdekjeprur\u00ebs t\u00eb deleve jan\u00eb gjetur n\u00eb pergamenat mesjetare, duke i lejuar shkenc\u00ebtar\u00ebt t\u00eb ndjekin historin\u00eb e s\u00ebmundjes p\u00ebr mij\u00ebra vite.<\/p>\n<p>Analizat tregojn\u00eb se virusi i lis\u00eb s\u00eb deleve ka nj\u00eb histori shum\u00eb m\u00eb t\u00eb gjat\u00eb sesa mendohej m\u00eb par\u00eb dhe ka qarkulluar n\u00eb Euroazi p\u00ebr mij\u00ebra vjet.<\/p>\n<p>Zbulimi \u00ebsht\u00eb ve\u00e7an\u00ebrisht interesant sepse tregon se dokumentet e vjetra mund t\u00eb sh\u00ebrbejn\u00eb jo vet\u00ebm si burime historike, por edhe si nj\u00eb lloj \u201carkivi biologjik\u201d i s\u00ebmundjeve t\u00eb s\u00eb kaluar\u00ebs.<\/p>\n<p><img data-recalc-dims=\"1\" decoding=\"async\" alt=\"Image\" src=\"https:\/\/i0.wp.com\/www.syri.net\/uploads\/syri.net\/images\/2026\/September\/04\/auto_parchment-history-of-sheeppox-virus-21788526939.jpg?ssl=1\" \/><\/p>\n","protected":false},"excerpt":{"rendered":"<p>6 Shtator 2026 Gjurm\u00eb ADN-je t\u00eb nj\u00eb virusi vdekjeprur\u00ebs t\u00eb deleve jan\u00eb gjetur n\u00eb pergamenat mesjetare, duke i lejuar shkenc\u00ebtar\u00ebt t\u00eb ndjekin historin\u00eb e s\u00ebmundjes p\u00ebr mij\u00ebra vite. Analizat tregojn\u00eb se virusi i lis\u00eb s\u00eb deleve ka nj\u00eb histori shum\u00eb m\u00eb t\u00eb gjat\u00eb sesa mendohej m\u00eb par\u00eb dhe ka qarkulluar n\u00eb Euroazi p\u00ebr mij\u00ebra vjet. [&hellip;]<\/p>\n","protected":false},"author":9,"featured_media":106144,"comment_status":"open","ping_status":"open","sticky":false,"template":"","format":"standard","meta":{"jetpack_post_was_ever_published":false,"_jetpack_newsletter_access":"","_jetpack_dont_email_post_to_subs":false,"_jetpack_newsletter_tier_id":0,"_jetpack_memberships_contains_paywalled_content":false,"_jetpack_memberships_contains_paid_content":false,"footnotes":"","jetpack_publicize_message":"","jetpack_publicize_feature_enabled":true,"jetpack_social_post_already_shared":true,"jetpack_social_options":{"image_generator_settings":{"template":"highway","default_image_id":0,"font":"","enabled":false},"version":2}},"categories":[27,85,1,35],"tags":[],"class_list":["post-106143","post","type-post","status-publish","format-standard","has-post-thumbnail","hentry","category-blogu-i-udhetarit","category-histori","category-njoftime-shtypi","category-shoqerore"],"jetpack_publicize_connections":[],"jetpack_featured_media_url":"https:\/\/i0.wp.com\/www.shqiperia.com\/blog\/wp-content\/uploads\/2026\/09\/auto_parchment-history-of-sheeppox-virus-11788526939-1.jpg?fit=900%2C505&ssl=1","jetpack_sharing_enabled":true,"jetpack_shortlink":"https:\/\/wp.me\/p5Z6wp-rBZ","jetpack-related-posts":[{"id":103253,"url":"https:\/\/www.shqiperia.com\/blog\/poloni-po-ecte-ne-pyll-dhe-gjeti-nje-shpate-2700-vjecare-te-ngulur-drejt-ne-toke\/","url_meta":{"origin":106143,"position":0},"title":"Poloni &#8211; Po ecte n\u00eb pyll dhe gjeti nj\u00eb shpat\u00eb 2,700-vje\u00e7are t\u00eb ngulur drejt n\u00eb tok\u00eb","author":"Kurt Farka","date":"July 26, 2026","format":false,"excerpt":"]26 Korrik 2026 Nj\u00eb zbulim i jasht\u00ebzakonsh\u00ebm arkeologjik ka habitur studiuesit n\u00eb Poloni, pasi nj\u00eb burr\u00eb q\u00eb po k\u00ebrkonte me detektor metalesh n\u00eb nj\u00eb pyll pran\u00eb Gdanskut zbuloi nj\u00eb shpat\u00eb bronzi rreth 2700-vje\u00e7are, t\u00eb vendosur n\u00eb m\u00ebnyr\u00eb t\u00eb pazakont\u00eb drejt n\u00eb tok\u00eb. Zbuluesi amator po kryente nj\u00eb k\u00ebrkim rutin\u00eb kur\u2026","rel":"","context":"In &quot;Blogu i Udh\u00ebtarit&quot;","block_context":{"text":"Blogu i Udh\u00ebtarit","link":"https:\/\/www.shqiperia.com\/blog\/category\/blogu-i-udhetarit\/"},"img":{"alt_text":"","src":"https:\/\/i0.wp.com\/www.shqiperia.com\/blog\/wp-content\/uploads\/2026\/07\/shpata-1.jpg?fit=782%2C430&ssl=1&resize=350%2C200","width":350,"height":200,"srcset":"https:\/\/i0.wp.com\/www.shqiperia.com\/blog\/wp-content\/uploads\/2026\/07\/shpata-1.jpg?fit=782%2C430&ssl=1&resize=350%2C200 1x, https:\/\/i0.wp.com\/www.shqiperia.com\/blog\/wp-content\/uploads\/2026\/07\/shpata-1.jpg?fit=782%2C430&ssl=1&resize=525%2C300 1.5x, https:\/\/i0.wp.com\/www.shqiperia.com\/blog\/wp-content\/uploads\/2026\/07\/shpata-1.jpg?fit=782%2C430&ssl=1&resize=700%2C400 2x"},"classes":[]},{"id":100164,"url":"https:\/\/www.shqiperia.com\/blog\/alarm-apo-histori-e-harruar-rasti-i-pare-i-hantavirus-ne-shqiperi\/","url_meta":{"origin":106143,"position":1},"title":"Alarm apo histori e harruar? &#8211; Rasti i par\u00eb i Hantavirus n\u00eb Shqip\u00ebri","author":"Kurt Farka","date":"May 12, 2026","format":false,"excerpt":"12 Maji 2026 Nj\u00eb rast i Hantavirus \u00ebsht\u00eb identifikuar n\u00eb Shqip\u00ebri q\u00eb rreth kat\u00ebr dekada m\u00eb par\u00eb, duke treguar se prania e k\u00ebtij virusi n\u00eb vend nuk \u00ebsht\u00eb nj\u00eb fenomen i ri, por nj\u00eb realitet i dokumentuar q\u00eb prej viteve \u201980. Referuar nj\u00eb publikimi n\u00eb revist\u00ebn prestigjioze The Lancet, rasti\u2026","rel":"","context":"In &quot;Histori&quot;","block_context":{"text":"Histori","link":"https:\/\/www.shqiperia.com\/blog\/category\/histori\/"},"img":{"alt_text":"","src":"https:\/\/i0.wp.com\/www.shqiperia.com\/blog\/wp-content\/uploads\/2026\/05\/640-0-5f86265b9546d1befb9e98e9744fc0c5-1.jpeg?fit=640%2C360&ssl=1&resize=350%2C200","width":350,"height":200,"srcset":"https:\/\/i0.wp.com\/www.shqiperia.com\/blog\/wp-content\/uploads\/2026\/05\/640-0-5f86265b9546d1befb9e98e9744fc0c5-1.jpeg?fit=640%2C360&ssl=1&resize=350%2C200 1x, https:\/\/i0.wp.com\/www.shqiperia.com\/blog\/wp-content\/uploads\/2026\/05\/640-0-5f86265b9546d1befb9e98e9744fc0c5-1.jpeg?fit=640%2C360&ssl=1&resize=525%2C300 1.5x"},"classes":[]},{"id":100579,"url":"https:\/\/www.shqiperia.com\/blog\/kuriozitet-ankand-rekord-ne-paris-segment-origjinal-i-kulles-eiffel-shkon-per-qindra-mijera-euro\/","url_meta":{"origin":106143,"position":2},"title":"Kuriozitet: &#8211; Ankand rekord n\u00eb Paris\/ Segment origjinal i Kull\u00ebs Eiffel shkon p\u00ebr qindra mij\u00ebra euro","author":"Kurt Farka","date":"May 22, 2026","format":false,"excerpt":"22 Maji 2026 Nj\u00eb pjes\u00eb origjinale e shkall\u00ebve t\u00eb Kull\u00ebs Eiffel n\u00eb Paris \u00ebsht\u00eb shitur n\u00eb ankand p\u00ebr 450 mij\u00eb e 160 euro, sipas Sht\u00ebpis\u00eb Franceze t\u00eb Ankandeve Artcurial. Segmenti i shkall\u00ebs ka nj\u00eb lart\u00ebsi prej 2.75 metrash dhe vjen nga shkalla spirale historike e \u201cZonj\u00ebs s\u00eb Hekurt\u201d, e nd\u00ebrtuar\u2026","rel":"","context":"In &quot;Histori&quot;","block_context":{"text":"Histori","link":"https:\/\/www.shqiperia.com\/blog\/category\/histori\/"},"img":{"alt_text":"","src":"https:\/\/i0.wp.com\/www.shqiperia.com\/blog\/wp-content\/uploads\/2026\/05\/640-0-fkjpg-1779385237.jpg?fit=640%2C381&ssl=1&resize=350%2C200","width":350,"height":200,"srcset":"https:\/\/i0.wp.com\/www.shqiperia.com\/blog\/wp-content\/uploads\/2026\/05\/640-0-fkjpg-1779385237.jpg?fit=640%2C381&ssl=1&resize=350%2C200 1x, https:\/\/i0.wp.com\/www.shqiperia.com\/blog\/wp-content\/uploads\/2026\/05\/640-0-fkjpg-1779385237.jpg?fit=640%2C381&ssl=1&resize=525%2C300 1.5x"},"classes":[]},{"id":105956,"url":"https:\/\/www.shqiperia.com\/blog\/finlanda-ne-gatishmeri-mijera-qytetare-marrin-pjese-ne-stervitje-per-kercenime-nga-rusia\/","url_meta":{"origin":106143,"position":3},"title":"Finlanda n\u00eb gatishm\u00ebri, mij\u00ebra qytetar\u00eb marrin pjes\u00eb n\u00eb st\u00ebrvitje p\u00ebr k\u00ebrc\u00ebnime nga Rusia","author":"Kurt Farka","date":"September 4, 2026","format":false,"excerpt":"4 Shtator 2026 M\u00eb shum\u00eb se 2 mij\u00eb vullnetar\u00eb dhe student\u00eb po marrin pjes\u00eb n\u00eb Finland\u00eb n\u00eb st\u00ebrvitjen m\u00eb t\u00eb madhe t\u00eb mbrojtjes civile t\u00eb zhvilluar n\u00eb vend q\u00eb nga Lufta e Dyt\u00eb Bot\u00ebrore. Ushtrimi po zhvillohet n\u00eb Kuopio dhe synon t\u00eb testoj\u00eb m\u00ebnyr\u00ebn se si autoritetet dhe qytetar\u00ebt do\u2026","rel":"","context":"In &quot;Blogu i Udh\u00ebtarit&quot;","block_context":{"text":"Blogu i Udh\u00ebtarit","link":"https:\/\/www.shqiperia.com\/blog\/category\/blogu-i-udhetarit\/"},"img":{"alt_text":"","src":"https:\/\/i0.wp.com\/www.shqiperia.com\/blog\/wp-content\/uploads\/2026\/09\/640-0-screenshot-2026-09-03-194346-1788457443.png?fit=640%2C415&ssl=1&resize=350%2C200","width":350,"height":200,"srcset":"https:\/\/i0.wp.com\/www.shqiperia.com\/blog\/wp-content\/uploads\/2026\/09\/640-0-screenshot-2026-09-03-194346-1788457443.png?fit=640%2C415&ssl=1&resize=350%2C200 1x, https:\/\/i0.wp.com\/www.shqiperia.com\/blog\/wp-content\/uploads\/2026\/09\/640-0-screenshot-2026-09-03-194346-1788457443.png?fit=640%2C415&ssl=1&resize=525%2C300 1.5x"},"classes":[]},{"id":105404,"url":"https:\/\/www.shqiperia.com\/blog\/vidhet-thesari-3-mijevjecar-grabitesit-moren-objektet-e-rralla-ne-nje-muze-ne-spanje\/","url_meta":{"origin":106143,"position":4},"title":"VIDHET THESARI 3-MIJ\u00cbVJE\u00c7AR\/ Grabit\u00ebsit mor\u00ebn objektet e rralla n\u00eb nj\u00eb muze n\u00eb Spanj\u00eb","author":"Kurt Farka","date":"August 28, 2026","format":false,"excerpt":"28 Gusht 2026 Nj\u00eb prej thesareve m\u00eb t\u00eb \u00e7muara arkeologjike t\u00eb Evrop\u00ebs \u00ebsht\u00eb zhdukur nga nj\u00eb muze n\u00eb Spanj\u00eb, m\u00eb shum\u00eb se 3 mij\u00eb vite pasi ishte krijuar. Persona ende t\u00eb paidentifikuar kan\u00eb grabitur nj\u00eb pjes\u00eb ose t\u00eb gjith\u00eb Thesarin e Villen\u00ebs, nd\u00ebrsa policia ka nisur hetimet p\u00ebr t\u00eb zbardhur\u2026","rel":"","context":"In &quot;Blogu i Udh\u00ebtarit&quot;","block_context":{"text":"Blogu i Udh\u00ebtarit","link":"https:\/\/www.shqiperia.com\/blog\/category\/blogu-i-udhetarit\/"},"img":{"alt_text":"","src":"https:\/\/i0.wp.com\/www.shqiperia.com\/blog\/wp-content\/uploads\/2026\/08\/Spanje-VIDHET-THESARI-3-MIJEVJECAR.png?fit=640%2C356&ssl=1&resize=350%2C200","width":350,"height":200,"srcset":"https:\/\/i0.wp.com\/www.shqiperia.com\/blog\/wp-content\/uploads\/2026\/08\/Spanje-VIDHET-THESARI-3-MIJEVJECAR.png?fit=640%2C356&ssl=1&resize=350%2C200 1x, https:\/\/i0.wp.com\/www.shqiperia.com\/blog\/wp-content\/uploads\/2026\/08\/Spanje-VIDHET-THESARI-3-MIJEVJECAR.png?fit=640%2C356&ssl=1&resize=525%2C300 1.5x"},"classes":[]},{"id":101024,"url":"https:\/\/www.shqiperia.com\/blog\/mijera-protestues-ne-shesh-kerkojne-doreheqjen-e-rames-kryeministri-per-cnn-eshte-lufte-hibride-shqiperia-po-sulmohet-nga-armiqte\/","url_meta":{"origin":106143,"position":5},"title":"Mij\u00ebra protestues n\u00eb shesh k\u00ebrkojn\u00eb dor\u00ebheqjen e Ram\u00ebs, kryeministri p\u00ebr CNN: &#8211; \u00cbsht\u00eb luft\u00eb hibride, Shqip\u00ebria po sulmohet nga armiqt\u00eb","author":"Kurt Farka","date":"June 3, 2026","format":false,"excerpt":"3 Qershor 2026 N\u00eb deklarat\u00ebn e tij p\u00ebr CNN, Rama i ka cil\u00ebsuar protestat dhe raportimet si pjes\u00eb t\u00eb nj\u00eb \u201clufte hibride\u201d, duke pretenduar se Shqip\u00ebria po sulmohet nga\u00a0\u201carmiq dhe konkurrenc\u00eb e fort\u00eb n\u00eb rajon\u201d,\u00a0si dhe nga fushata dezinformimi n\u00eb rrjete sociale. \u201cNuk ka protesta n\u00eb t\u00eb gjith\u00eb Shqip\u00ebrin\u00eb. Ka\u2026","rel":"","context":"In &quot;Blogu i Udh\u00ebtarit&quot;","block_context":{"text":"Blogu i Udh\u00ebtarit","link":"https:\/\/www.shqiperia.com\/blog\/category\/blogu-i-udhetarit\/"},"img":{"alt_text":"","src":"https:\/\/i0.wp.com\/www.shqiperia.com\/blog\/wp-content\/uploads\/2026\/06\/images-1.webp?fit=678%2C452&ssl=1&resize=350%2C200","width":350,"height":200,"srcset":"https:\/\/i0.wp.com\/www.shqiperia.com\/blog\/wp-content\/uploads\/2026\/06\/images-1.webp?fit=678%2C452&ssl=1&resize=350%2C200 1x, https:\/\/i0.wp.com\/www.shqiperia.com\/blog\/wp-content\/uploads\/2026\/06\/images-1.webp?fit=678%2C452&ssl=1&resize=525%2C300 1.5x"},"classes":[]}],"_links":{"self":[{"href":"https:\/\/www.shqiperia.com\/blog\/wp-json\/wp\/v2\/posts\/106143","targetHints":{"allow":["GET"]}}],"collection":[{"href":"https:\/\/www.shqiperia.com\/blog\/wp-json\/wp\/v2\/posts"}],"about":[{"href":"https:\/\/www.shqiperia.com\/blog\/wp-json\/wp\/v2\/types\/post"}],"author":[{"embeddable":true,"href":"https:\/\/www.shqiperia.com\/blog\/wp-json\/wp\/v2\/users\/9"}],"replies":[{"embeddable":true,"href":"https:\/\/www.shqiperia.com\/blog\/wp-json\/wp\/v2\/comments?post=106143"}],"version-history":[{"count":1,"href":"https:\/\/www.shqiperia.com\/blog\/wp-json\/wp\/v2\/posts\/106143\/revisions"}],"predecessor-version":[{"id":106145,"href":"https:\/\/www.shqiperia.com\/blog\/wp-json\/wp\/v2\/posts\/106143\/revisions\/106145"}],"wp:featuredmedia":[{"embeddable":true,"href":"https:\/\/www.shqiperia.com\/blog\/wp-json\/wp\/v2\/media\/106144"}],"wp:attachment":[{"href":"https:\/\/www.shqiperia.com\/blog\/wp-json\/wp\/v2\/media?parent=106143"}],"wp:term":[{"taxonomy":"category","embeddable":true,"href":"https:\/\/www.shqiperia.com\/blog\/wp-json\/wp\/v2\/categories?post=106143"},{"taxonomy":"post_tag","embeddable":true,"href":"https:\/\/www.shqiperia.com\/blog\/wp-json\/wp\/v2\/tags?post=106143"}],"curies":[{"name":"wp","href":"https:\/\/api.w.org\/{rel}","templated":true}]}}