{"id":106140,"date":"2026-09-06T15:36:24","date_gmt":"2026-09-06T15:36:24","guid":{"rendered":"https:\/\/www.shqiperia.com\/blog\/?p=106140"},"modified":"2026-09-06T15:36:24","modified_gmt":"2026-09-06T15:36:24","slug":"somalezet-te-prekur-nga-uria-dhe-zhvendosjet-per-shkak-te-klimes-pergatiten-per-el-nino-n","status":"publish","type":"post","link":"https:\/\/www.shqiperia.com\/blog\/somalezet-te-prekur-nga-uria-dhe-zhvendosjet-per-shkak-te-klimes-pergatiten-per-el-nino-n\/","title":{"rendered":"Somalez\u00ebt, t\u00eb prekur nga uria dhe zhvendosjet p\u00ebr shkak t\u00eb klim\u00ebs, p\u00ebrgatiten p\u00ebr El Ni\u00f1o-n"},"content":{"rendered":"<p><img data-recalc-dims=\"1\" loading=\"lazy\" decoding=\"async\" data-attachment-id=\"106141\" data-permalink=\"https:\/\/www.shqiperia.com\/blog\/somalezet-te-prekur-nga-uria-dhe-zhvendosjet-per-shkak-te-klimes-pergatiten-per-el-nino-n\/auto_somali1788641788\/\" data-orig-file=\"https:\/\/i0.wp.com\/www.shqiperia.com\/blog\/wp-content\/uploads\/2026\/09\/auto_SOMALI1788641788.jpeg?fit=900%2C506&amp;ssl=1\" data-orig-size=\"900,506\" data-comments-opened=\"1\" data-image-meta=\"{&quot;aperture&quot;:&quot;0&quot;,&quot;credit&quot;:&quot;&quot;,&quot;camera&quot;:&quot;&quot;,&quot;caption&quot;:&quot;&quot;,&quot;created_timestamp&quot;:&quot;0&quot;,&quot;copyright&quot;:&quot;&quot;,&quot;focal_length&quot;:&quot;0&quot;,&quot;iso&quot;:&quot;0&quot;,&quot;shutter_speed&quot;:&quot;0&quot;,&quot;title&quot;:&quot;&quot;,&quot;orientation&quot;:&quot;0&quot;}\" data-image-title=\"auto_SOMALI1788641788\" data-image-description=\"\" data-image-caption=\"\" data-medium-file=\"https:\/\/i0.wp.com\/www.shqiperia.com\/blog\/wp-content\/uploads\/2026\/09\/auto_SOMALI1788641788.jpeg?fit=300%2C169&amp;ssl=1\" data-large-file=\"https:\/\/i0.wp.com\/www.shqiperia.com\/blog\/wp-content\/uploads\/2026\/09\/auto_SOMALI1788641788.jpeg?fit=900%2C506&amp;ssl=1\" class=\"alignnone  wp-image-106141\" alt=\"\" src=\"https:\/\/i0.wp.com\/www.shqiperia.com\/blog\/wp-content\/uploads\/2026\/09\/auto_SOMALI1788641788.jpeg?resize=604%2C340&#038;ssl=1\" width=\"604\" height=\"340\" srcset=\"https:\/\/i0.wp.com\/www.shqiperia.com\/blog\/wp-content\/uploads\/2026\/09\/auto_SOMALI1788641788.jpeg?resize=300%2C169&amp;ssl=1 300w, https:\/\/i0.wp.com\/www.shqiperia.com\/blog\/wp-content\/uploads\/2026\/09\/auto_SOMALI1788641788.jpeg?resize=768%2C432&amp;ssl=1 768w, https:\/\/i0.wp.com\/www.shqiperia.com\/blog\/wp-content\/uploads\/2026\/09\/auto_SOMALI1788641788.jpeg?resize=450%2C253&amp;ssl=1 450w, https:\/\/i0.wp.com\/www.shqiperia.com\/blog\/wp-content\/uploads\/2026\/09\/auto_SOMALI1788641788.jpeg?resize=600%2C337&amp;ssl=1 600w, https:\/\/i0.wp.com\/www.shqiperia.com\/blog\/wp-content\/uploads\/2026\/09\/auto_SOMALI1788641788.jpeg?resize=400%2C225&amp;ssl=1 400w, https:\/\/i0.wp.com\/www.shqiperia.com\/blog\/wp-content\/uploads\/2026\/09\/auto_SOMALI1788641788.jpeg?w=900&amp;ssl=1 900w\" sizes=\"auto, (max-width: 604px) 100vw, 604px\" \/><\/p>\n<p><strong>6 Shtator 2026<\/strong><\/p>\n<p><strong>Mij\u00ebra njer\u00ebz n\u00eb Somali kan\u00eb l\u00ebn\u00eb fshatrat e tyre p\u00ebr t\u00eb k\u00ebrkuar strehim n\u00eb qytete m\u00eb t\u00eb m\u00ebdha n\u00eb Bririn e Afrik\u00ebs p\u00ebr shkak t\u00eb nj\u00eb krize urie.<\/strong><\/p>\n<p>Shum\u00eb jan\u00eb t\u00eb d\u00ebshp\u00ebruar pas muajsh that\u00ebsire dhe nj\u00eb korrjeje q\u00eb dha vet\u00ebm rreth 20% t\u00eb rendimenteve mesatare.<\/p>\n<p>Shumica e somalez\u00ebve jan\u00eb blegtor\u00eb, duke u mb\u00ebshtetur te kopet\u00eb e tyre p\u00ebr t\u00eb mbijetuar. Por shum\u00eb lop\u00eb, dele dhe dhi kan\u00eb ngordhur n\u00eb that\u00ebsir\u00ebn e vazhdueshme.<\/p>\n<p>Qeveria somaleze shpalli nj\u00eb emergjenc\u00eb ushqimore n\u00ebntorin e kaluar dhe situata u p\u00ebrmir\u00ebsua pak.<\/p>\n<p>Por shum\u00eb barinj dhe fermer\u00eb ende po p\u00ebrpiqen t\u00eb rim\u00ebk\u00ebmben nga nj\u00eb that\u00ebsir\u00eb \u200b\u200be ndjekur nga p\u00ebrmbytje t\u00eb m\u00ebdha n\u00eb vitet 2022 dhe 2023. Tani, ata p\u00ebrballen p\u00ebrs\u00ebri me t\u00eb nj\u00ebjtin skenar.<\/p>\n<p>Pas muajsh that\u00ebsire, parashikohen p\u00ebrmbytje t\u00eb reja sapo El Ni\u00f1o t\u00eb p\u00ebrmbys\u00eb kushtet tradicionale t\u00eb thata.<\/p>\n<p>Organizata Bot\u00ebrore Meteorologjike pret q\u00eb El Ni\u00f1o i k\u00ebtij viti t\u00eb ndodh\u00eb n\u00eb tetor &#8211; dhe t\u00eb gjitha parashikimet jan\u00eb t\u00eb zymta. Nj\u00eb El Ni\u00f1o shum\u00eb i fuqish\u00ebm mund t\u00eb ndryshoj\u00eb ndjesh\u00ebm modelet e reshjeve dhe t\u00eb temperatur\u00ebs n\u00eb t\u00eb gjith\u00eb bot\u00ebn dhe t\u00eb nxis\u00eb mot ekstrem, thot\u00eb agjencia e OKB-s\u00eb.<\/p>\n<p>&#8220;El Ni\u00f1o po mbizmadhohet para syve tan\u00eb. Shkenca nuk l\u00eb vend p\u00ebr dyshim: planeti \u00ebsht\u00eb n\u00eb uj\u00ebra t\u00eb paeksploruara dhe k\u00ebto uj\u00ebra po ngrohen. Temperaturat e sip\u00ebrfaqes s\u00eb detit po rriten, temperaturat vazhdojn\u00eb t\u00eb rriten dhe bota \u00ebsht\u00eb n\u00eb zon\u00ebn e rrezikut t\u00eb motit ekstrem&#8221;, tha Sekretari i P\u00ebrgjithsh\u00ebm i OKB-s\u00eb, Ant\u00f3nio Guterres, n\u00eb fillim t\u00eb shtatorit.<\/p>\n<p>Somalia \u00ebsht\u00eb nj\u00eb nga vendet ku zhvendosja p\u00ebr shkak t\u00eb klim\u00ebs nuk \u00ebsht\u00eb nj\u00eb k\u00ebrc\u00ebnim i ardhsh\u00ebm, por nj\u00eb realitet i dhimbsh\u00ebm.<\/p>\n<p>Kjo do t\u00eb thot\u00eb q\u00eb qytete, p\u00ebrfshir\u00eb Mogadishun ose Baidoan, shohin qindra t\u00eb sapoardhur, duke nd\u00ebrtuar strehimore t\u00eb p\u00ebrkohshme q\u00eb nuk ka gjasa t&#8217;i rezistojn\u00eb shiut t\u00eb rr\u00ebmbyesh\u00ebm.<\/p>\n<p>Dhe nj\u00eb n\u00eb \u00e7do dy f\u00ebmij\u00eb t\u00eb kontrolluar n\u00eb vendet e zhvendosjes n\u00eb Baidoa \u00ebsht\u00eb i kequshqyer n\u00eb m\u00ebnyr\u00eb akute, sipas organizat\u00ebs s\u00eb ndihm\u00ebs Mjek\u00ebt pa Kufij (MSF). Nj\u00eb n\u00eb \u00e7do kat\u00ebr \u00ebsht\u00eb i kequshqyer r\u00ebnd\u00eb.<\/p>\n<p>\u201cAjo q\u00eb po shohim \u00ebsht\u00eb trondit\u00ebse dhe shum\u00eb p\u00ebrtej pragut t\u00eb nj\u00eb emergjence jasht\u00ebzakonisht kritike\u201d, tha koordinatori i projektit t\u00eb MSF-s\u00eb n\u00eb Somali, Allar Ali, gjat\u00eb nj\u00eb takimi t\u00eb koh\u00ebve t\u00eb fundit n\u00eb Nairobi.<\/p>\n<p>\u00abBota nuk mund t\u00eb pres\u00eb p\u00ebr nj\u00eb deklarat\u00eb p\u00ebr zi buke p\u00ebrpara se t\u00eb veproj\u00eb\u00bb, thot\u00eb Ali. \u00abNevojitet veprim tani p\u00ebr t\u00eb parandaluar humbjen e jet\u00ebve.\u00bb<\/p>\n<p>Por nuk ka mjaftuesh\u00ebm para n\u00eb dispozicion. Situata e kequshqyerjes ka arritur tashm\u00eb nivelet e vitit 2022, thon\u00eb MSF. Rreth 6 milion\u00eb njer\u00ebz n\u00eb Somali &#8211; rreth nj\u00eb n\u00eb tre &#8211; p\u00ebrballen me mungesa ushqimore.<\/p>\n<p>Midis tyre, gati 1.9 milion njer\u00ebz jan\u00eb n\u00eb gjendje emergjence dhe kan\u00eb nevoj\u00eb p\u00ebr ndihm\u00eb urgjente.<\/p>\n<p>Por mb\u00ebshtetja nd\u00ebrkomb\u00ebtare ka r\u00ebn\u00eb me 88% krahasuar me vitin 2022.<\/p>\n<p>\u201cK\u00ebto shkurtime fondesh po bllokojn\u00eb aksesin n\u00eb kujdesin sh\u00ebndet\u00ebsor, po \u00e7ojn\u00eb n\u00eb mbylljen e sh\u00ebrbimeve t\u00eb ushqyerjes, po i shtyjn\u00eb f\u00ebmij\u00ebt gjithnj\u00eb e m\u00eb larg t\u00eb gjitha gj\u00ebrat jet\u00ebsore q\u00eb u nevojiten \u2013 ujin, arsimin, mbrojtjen\u201d, thot\u00eb James Elder, z\u00ebdh\u00ebn\u00ebs i fondit t\u00eb f\u00ebmij\u00ebve t\u00eb OKB-s\u00eb, UNICEF.<\/p>\n<p>\u00abDhe si gjithmon\u00eb, jan\u00eb f\u00ebmij\u00ebt ata q\u00eb paguajn\u00eb \u00e7mimin\u00bb, i tha ai DPA-s\u00eb.<\/p>\n<p>Rreth 50 qendra t\u00eb kujdesit sh\u00ebndet\u00ebsor jan\u00eb detyruar t\u00eb mbyllen p\u00ebr shkak t\u00eb shkurtimeve t\u00eb tilla, thot\u00eb Sarah Easter, oficere e komunikimit emergjent p\u00ebr Care in Germany.<\/p>\n<p>Organizata e ndihm\u00ebs \u00ebsht\u00eb detyruar gjithashtu t\u00eb ndaloj\u00eb shum\u00eb projekte q\u00eb nga fundi i majit p\u00ebr shkak t\u00eb munges\u00ebs s\u00eb fondeve.<\/p>\n<p>Qendrat trajtonin f\u00ebmij\u00eb t\u00eb kequshqyer, si dhe t\u00eb rinj q\u00eb vuanin nga malaria ose s\u00ebmundje diarreike.<\/p>\n<p>Ky nuk \u00ebsht\u00eb nj\u00eb rast i izoluar. \u201cN\u00ebse ky trend vazhdon deri n\u00eb fund t\u00eb vitit, m\u00eb shum\u00eb se 630 do t\u00eb mbyllen\u201d, tha ajo p\u00ebr DPA-n\u00eb. \u201cKjo \u00ebsht\u00eb v\u00ebrtet nj\u00eb katastrof\u00eb, ve\u00e7an\u00ebrisht duke pasur parasysh El Ni\u00f1on.\u201d<\/p>\n<p>Uji i ndenjur do t\u00eb thot\u00eb uj\u00eb i ndotur dhe shum\u00eb mushkonja. N\u00eb situata t\u00eb tilla, s\u00ebmundje t\u00eb tilla si kolera p\u00ebrhapen me shpejt\u00ebsi. Malaria \u00ebsht\u00eb gjithashtu e p\u00ebrhapur.<\/p>\n<p>F\u00ebmij\u00ebt q\u00eb jan\u00eb tashm\u00eb t\u00eb dob\u00ebt dhe t\u00eb kequshqyer jan\u00eb n\u00eb rrezikun m\u00eb t\u00eb madh.<\/p>\n<p>&#8220;N\u00eb kampet q\u00eb vizitova n\u00eb Mogadishu, nuk ka m\u00eb qendra sh\u00ebndet\u00ebsore, nuk ka m\u00eb shp\u00ebrndarje ushqimi, nuk ka m\u00eb shp\u00ebrndarje uji, nuk ka m\u00eb ndihm\u00eb financiare. Nuk ka m\u00eb projekte p\u00ebr grat\u00eb dhe vajzat q\u00eb kan\u00eb p\u00ebrjetuar dhun\u00eb&#8221;, thot\u00eb Easter.<\/p>\n<p>Somalez\u00ebt nuk vuajn\u00eb vet\u00ebm nga mungesa e fondeve p\u00ebr pun\u00ebn e ndihm\u00ebs. Lufta n\u00eb Iran dhe ndalesa e transportit detar n\u00eb Ngushtic\u00ebn jetike t\u00eb Hormuzit do t\u00eb thot\u00eb se \u00e7mimet e karburantit dhe t\u00eb ushqimeve po rriten.<\/p>\n<p>&#8220;Nj\u00eb thes me oriz \u00ebsht\u00eb b\u00ebr\u00eb t\u00eb pakt\u00ebn 1.5 her\u00eb m\u00eb i shtrenjt\u00eb&#8221;, thot\u00eb Easter. &#8220;Ndihma humanitare \u00ebsht\u00eb b\u00ebr\u00eb gjithashtu tep\u00ebr m\u00eb e shtrenjt\u00eb.&#8221;<\/p>\n<p>Pasta e kikirikut, q\u00eb u jepet f\u00ebmij\u00ebve t\u00eb kequshqyer n\u00ebn 5 vje\u00e7, m\u00eb par\u00eb kushtonte 139 dollar\u00eb p\u00ebr nj\u00eb kuti q\u00eb p\u00ebrmbante 500 pako. Tani kushton 200 dollar\u00eb, thot\u00eb Easter. &#8220;Dhe presim q\u00eb \u00e7mimi t\u00eb rritet edhe m\u00eb shum\u00eb.&#8221;<\/p>\n<p>Ajo ka frik\u00eb nga ajo q\u00eb e pret. Ekipet e reagimit po hasin v\u00ebshtir\u00ebsi, megjith\u00ebse do t\u00eb nevojiten shum\u00eb n\u00ebse El Ni\u00f1o sjell p\u00ebrmbytje, si\u00e7 parashikohet.<\/p>\n<p>Agjencia Somaleze e Fatkeq\u00ebsive thot\u00eb se kishte helikopter\u00eb n\u00eb vitin 2023 &#8211; OKB-ja kishte helikopter\u00eb q\u00eb mund t\u00eb d\u00ebrgonin ndihma ushqimore n\u00eb zonat e prekura dhe evakuimet ishin gjithashtu t\u00eb mundshme.<\/p>\n<p>\u00abN\u00eb at\u00eb koh\u00eb, ata kishin 40 helikopter\u00eb q\u00eb fluturonin pa ndalur, gjith\u00eb dit\u00ebn\u00bb, thot\u00eb Easter.<\/p>\n<p>&#8220;K\u00ebt\u00eb vit, nuk ka helikopter\u00eb dhe ka vet\u00ebm gjasht\u00eb anije nga 60 q\u00eb kishin her\u00ebn e fundit, p\u00ebr t\u00eb arritur njer\u00ebzit n\u00eb zonat e p\u00ebrmbytura.&#8221;\/<span>\u00a0<\/span><a href=\"https:\/\/www.dpa-international.com\/trends-and-features\/urn:newsml:dpa.com:20090101:260905-99-540818\/\">DPA News.<\/a><\/p>\n","protected":false},"excerpt":{"rendered":"<p>6 Shtator 2026 Mij\u00ebra njer\u00ebz n\u00eb Somali kan\u00eb l\u00ebn\u00eb fshatrat e tyre p\u00ebr t\u00eb k\u00ebrkuar strehim n\u00eb qytete m\u00eb t\u00eb m\u00ebdha n\u00eb Bririn e Afrik\u00ebs p\u00ebr shkak t\u00eb nj\u00eb krize urie. Shum\u00eb jan\u00eb t\u00eb d\u00ebshp\u00ebruar pas muajsh that\u00ebsire dhe nj\u00eb korrjeje q\u00eb dha vet\u00ebm rreth 20% t\u00eb rendimenteve mesatare. Shumica e somalez\u00ebve jan\u00eb blegtor\u00eb, duke [&hellip;]<\/p>\n","protected":false},"author":9,"featured_media":106141,"comment_status":"open","ping_status":"open","sticky":false,"template":"","format":"standard","meta":{"jetpack_post_was_ever_published":false,"_jetpack_newsletter_access":"","_jetpack_dont_email_post_to_subs":false,"_jetpack_newsletter_tier_id":0,"_jetpack_memberships_contains_paywalled_content":false,"_jetpack_memberships_contains_paid_content":false,"footnotes":"","jetpack_publicize_message":"","jetpack_publicize_feature_enabled":true,"jetpack_social_post_already_shared":true,"jetpack_social_options":{"image_generator_settings":{"template":"highway","default_image_id":0,"font":"","enabled":false},"version":2}},"categories":[27,1],"tags":[],"class_list":["post-106140","post","type-post","status-publish","format-standard","has-post-thumbnail","hentry","category-blogu-i-udhetarit","category-njoftime-shtypi"],"jetpack_publicize_connections":[],"jetpack_featured_media_url":"https:\/\/i0.wp.com\/www.shqiperia.com\/blog\/wp-content\/uploads\/2026\/09\/auto_SOMALI1788641788.jpeg?fit=900%2C506&ssl=1","jetpack_sharing_enabled":true,"jetpack_shortlink":"https:\/\/wp.me\/p5Z6wp-rBW","jetpack-related-posts":[{"id":104161,"url":"https:\/\/www.shqiperia.com\/blog\/200-dhi-per-nje-nuse-si-po-i-detyrojne-ndryshimet-klimatike-vajzat-keniane-te-martohen-ne-moshe-te-hershme\/","url_meta":{"origin":106140,"position":0},"title":"\u2018200 dhi p\u00ebr nj\u00eb nuse\u2019 &#8211; Si po i detyrojn\u00eb ndryshimet klimatike vajzat keniane t\u00eb martohen n\u00eb mosh\u00eb t\u00eb hershme","author":"Kurt Farka","date":"August 10, 2026","format":false,"excerpt":"20 Gusht 2026 Vite t\u00eb t\u00ebra that\u00ebsire i v\u00ebn\u00eb vajzat nga komunitetet blegtorale n\u00eb rajonin Turkana t\u00eb Kenias n\u00eb rrezik t\u00eb shtuar, pasi familjet q\u00eb p\u00ebrpiqen t\u00eb mbijetojn\u00eb mund t\u00eb drejtohen drejt martes\u00ebs s\u00eb hershme. Disa shkolla po nd\u00ebrhyjn\u00eb p\u00ebr t'i mbrojtur ato dhe p\u00ebr t'i mbajtur n\u00eb klas\u00eb. Drejtori\u2026","rel":"","context":"In &quot;Blogu i Udh\u00ebtarit&quot;","block_context":{"text":"Blogu i Udh\u00ebtarit","link":"https:\/\/www.shqiperia.com\/blog\/category\/blogu-i-udhetarit\/"},"img":{"alt_text":"","src":"https:\/\/i0.wp.com\/www.shqiperia.com\/blog\/wp-content\/uploads\/2026\/08\/auto_KENIA1776113350.jpeg?fit=900%2C506&ssl=1&resize=350%2C200","width":350,"height":200,"srcset":"https:\/\/i0.wp.com\/www.shqiperia.com\/blog\/wp-content\/uploads\/2026\/08\/auto_KENIA1776113350.jpeg?fit=900%2C506&ssl=1&resize=350%2C200 1x, https:\/\/i0.wp.com\/www.shqiperia.com\/blog\/wp-content\/uploads\/2026\/08\/auto_KENIA1776113350.jpeg?fit=900%2C506&ssl=1&resize=525%2C300 1.5x, https:\/\/i0.wp.com\/www.shqiperia.com\/blog\/wp-content\/uploads\/2026\/08\/auto_KENIA1776113350.jpeg?fit=900%2C506&ssl=1&resize=700%2C400 2x"},"classes":[]},{"id":105373,"url":"https:\/\/www.shqiperia.com\/blog\/fatkeqesite-natyrore-me-vdekjeprurese-ne-histori\/","url_meta":{"origin":106140,"position":1},"title":"Fatkeq\u00ebsit\u00eb natyrore m\u00eb vdekjeprur\u00ebse n\u00eb histori","author":"Kurt Farka","date":"August 28, 2026","format":false,"excerpt":"28 Gusht 2026 Miliona njer\u00ebz kan\u00eb humbur jet\u00ebn nga p\u00ebrmbytje, t\u00ebrmete, shp\u00ebrthime vullkanike dhe stuhi shkat\u00ebrruese. Megjithat\u00eb, pasojat e nj\u00eb katastrofe nuk varen vet\u00ebm nga fuqia e natyr\u00ebs. Dend\u00ebsia e popullsis\u00eb, cil\u00ebsia e nd\u00ebrtimeve, infrastruktura dhe m\u00ebnyra se si autoritetet reagojn\u00eb mund ta shum\u00ebfishojn\u00eb numrin e viktimave. Ekspert\u00ebt madje shmangin\u2026","rel":"","context":"In &quot;Blogu i Udh\u00ebtarit&quot;","block_context":{"text":"Blogu i Udh\u00ebtarit","link":"https:\/\/www.shqiperia.com\/blog\/category\/blogu-i-udhetarit\/"},"img":{"alt_text":"","src":"https:\/\/i0.wp.com\/www.shqiperia.com\/blog\/wp-content\/uploads\/2026\/08\/auto_RQAsMzFtHEcmyZuw9ewMzaTgcOYiacEZ1787826687.png?fit=900%2C555&ssl=1&resize=350%2C200","width":350,"height":200,"srcset":"https:\/\/i0.wp.com\/www.shqiperia.com\/blog\/wp-content\/uploads\/2026\/08\/auto_RQAsMzFtHEcmyZuw9ewMzaTgcOYiacEZ1787826687.png?fit=900%2C555&ssl=1&resize=350%2C200 1x, https:\/\/i0.wp.com\/www.shqiperia.com\/blog\/wp-content\/uploads\/2026\/08\/auto_RQAsMzFtHEcmyZuw9ewMzaTgcOYiacEZ1787826687.png?fit=900%2C555&ssl=1&resize=525%2C300 1.5x, https:\/\/i0.wp.com\/www.shqiperia.com\/blog\/wp-content\/uploads\/2026\/08\/auto_RQAsMzFtHEcmyZuw9ewMzaTgcOYiacEZ1787826687.png?fit=900%2C555&ssl=1&resize=700%2C400 2x"},"classes":[]},{"id":100136,"url":"https:\/\/www.shqiperia.com\/blog\/rreziku-nga-hantavirusi-vendet-qe-u-alarmuan-kishin-shtetasit-e-tyre-ne-anijen-turistike-epidemiologu-jo-vetem-minjte-mbartes-jane-edhe\/","url_meta":{"origin":106140,"position":2},"title":"Rreziku nga hantavirusi? \u201cVendet q\u00eb u alarmuan kishin shtetasit e tyre n\u00eb anijen turistike\u201d, epidemiologu: &#8211; Jo vet\u00ebm minjt\u00eb, mbart\u00ebs jan\u00eb edhe\u2026","author":"Kurt Farka","date":"May 12, 2026","format":false,"excerpt":"12 Maji 2026 ...Kemi edhe mbart\u00ebs t\u00eb rinj, n\u00ebse deri dje kryesor ishin minjt\u00eb, tashm\u00eb \u00ebsht\u00eb v\u00ebn\u00eb re q\u00eb bart\u00ebs t\u00eb hantavirusit, jan\u00eb edhe lakuriq\u00ebt e nat\u00ebs, edhe urith\u00ebt por edhe n\u00eb disa raste peshqit\u2026\u201d Epidemiolog Laidon Shapo foli n\u00eb emisionin \u201cStudio24\u201d \u00a0p\u00ebr hantavirusin dhe shqet\u00ebsimet q\u00eb ka ngritur ky\u2026","rel":"","context":"In &quot;Njoftime Shtypi&quot;","block_context":{"text":"Njoftime Shtypi","link":"https:\/\/www.shqiperia.com\/blog\/category\/njoftime-shtypi\/"},"img":{"alt_text":"","src":"https:\/\/i0.wp.com\/www.shqiperia.com\/blog\/wp-content\/uploads\/2026\/05\/hantavirus.jpg?fit=1200%2C674&ssl=1&resize=350%2C200","width":350,"height":200,"srcset":"https:\/\/i0.wp.com\/www.shqiperia.com\/blog\/wp-content\/uploads\/2026\/05\/hantavirus.jpg?fit=1200%2C674&ssl=1&resize=350%2C200 1x, https:\/\/i0.wp.com\/www.shqiperia.com\/blog\/wp-content\/uploads\/2026\/05\/hantavirus.jpg?fit=1200%2C674&ssl=1&resize=525%2C300 1.5x, https:\/\/i0.wp.com\/www.shqiperia.com\/blog\/wp-content\/uploads\/2026\/05\/hantavirus.jpg?fit=1200%2C674&ssl=1&resize=700%2C400 2x, https:\/\/i0.wp.com\/www.shqiperia.com\/blog\/wp-content\/uploads\/2026\/05\/hantavirus.jpg?fit=1200%2C674&ssl=1&resize=1050%2C600 3x"},"classes":[]},{"id":100945,"url":"https:\/\/www.shqiperia.com\/blog\/per-here-te-pare-buxheti-po-shpenzon-me-shume-per-rroga-e-kancelari-sesa-per-investime-publike\/","url_meta":{"origin":106140,"position":3},"title":"P\u00ebr her\u00eb t\u00eb par\u00eb buxheti po shpenzon m\u00eb shum\u00eb p\u00ebr rroga e \u201ckancelari\u201d sesa p\u00ebr investime publike","author":"Kurt Farka","date":"June 2, 2026","format":false,"excerpt":"2 Qershor 2026 Nga: Revita Monitor Shqip\u00ebria ka nevoja t\u00eb m\u00ebdha p\u00ebr investime t\u00eb reja sidomos n\u00eb infrastruktur\u00ebn e transportit, por vitet e fundit ka nj\u00eb tendenc\u00eb q\u00eb shpenzimet operative dhe ato t\u00eb mir\u00ebmbajtjes t\u00eb jen\u00eb m\u00eb t\u00eb larta se ato t\u00eb investimeve n\u00eb 4-mujorin e par\u00eb t\u00eb vitit. T\u00eb\u2026","rel":"","context":"In &quot;Njoftime Shtypi&quot;","block_context":{"text":"Njoftime Shtypi","link":"https:\/\/www.shqiperia.com\/blog\/category\/njoftime-shtypi\/"},"img":{"alt_text":"","src":"https:\/\/i0.wp.com\/www.shqiperia.com\/blog\/wp-content\/uploads\/2026\/06\/investim-per-kancelari-jo-infrastrukture.png?fit=1200%2C800&ssl=1&resize=350%2C200","width":350,"height":200,"srcset":"https:\/\/i0.wp.com\/www.shqiperia.com\/blog\/wp-content\/uploads\/2026\/06\/investim-per-kancelari-jo-infrastrukture.png?fit=1200%2C800&ssl=1&resize=350%2C200 1x, https:\/\/i0.wp.com\/www.shqiperia.com\/blog\/wp-content\/uploads\/2026\/06\/investim-per-kancelari-jo-infrastrukture.png?fit=1200%2C800&ssl=1&resize=525%2C300 1.5x, https:\/\/i0.wp.com\/www.shqiperia.com\/blog\/wp-content\/uploads\/2026\/06\/investim-per-kancelari-jo-infrastrukture.png?fit=1200%2C800&ssl=1&resize=700%2C400 2x, https:\/\/i0.wp.com\/www.shqiperia.com\/blog\/wp-content\/uploads\/2026\/06\/investim-per-kancelari-jo-infrastrukture.png?fit=1200%2C800&ssl=1&resize=1050%2C600 3x"},"classes":[]},{"id":105215,"url":"https:\/\/www.shqiperia.com\/blog\/bota-po-i-afrohet-ngjarjeve-katastrofike-klimatike-tronditje-edhe-me-te-medha-na-presin\/","url_meta":{"origin":106140,"position":4},"title":"Bota po i afrohet ngjarjeve katastrofike klimatike &#8211; &#8216;tronditje edhe m\u00eb t\u00eb m\u00ebdha na presin&#8217;","author":"Kurt Farka","date":"August 26, 2026","format":false,"excerpt":"26 Gusht 2026 Shkenc\u00ebtar\u00ebt kan\u00eb paralajm\u00ebruar prej koh\u00ebsh se bota do t\u00eb jet\u00eb e ekspozuar ndaj ngjarjeve ekstreme t\u00eb motit gjithnj\u00eb e m\u00eb intensive, si\u00e7 jan\u00eb val\u00ebt e t\u00eb nxehtit, stuhit\u00eb, p\u00ebrmbytjet dhe that\u00ebsirat. Megjithat\u00eb, ajo q\u00eb dikur dukej si fantastiko-shkencore, tani po konsiderohet si nj\u00eb mund\u00ebsi reale, dhe madje\u2026","rel":"","context":"In &quot;Blogu i Udh\u00ebtarit&quot;","block_context":{"text":"Blogu i Udh\u00ebtarit","link":"https:\/\/www.shqiperia.com\/blog\/category\/blogu-i-udhetarit\/"},"img":{"alt_text":"","src":"https:\/\/i0.wp.com\/www.shqiperia.com\/blog\/wp-content\/uploads\/2026\/08\/auto_Screenshot_191787667618.jpg?fit=900%2C616&ssl=1&resize=350%2C200","width":350,"height":200,"srcset":"https:\/\/i0.wp.com\/www.shqiperia.com\/blog\/wp-content\/uploads\/2026\/08\/auto_Screenshot_191787667618.jpg?fit=900%2C616&ssl=1&resize=350%2C200 1x, https:\/\/i0.wp.com\/www.shqiperia.com\/blog\/wp-content\/uploads\/2026\/08\/auto_Screenshot_191787667618.jpg?fit=900%2C616&ssl=1&resize=525%2C300 1.5x, https:\/\/i0.wp.com\/www.shqiperia.com\/blog\/wp-content\/uploads\/2026\/08\/auto_Screenshot_191787667618.jpg?fit=900%2C616&ssl=1&resize=700%2C400 2x"},"classes":[]},{"id":102550,"url":"https:\/\/www.shqiperia.com\/blog\/topa-hapesinore-bien-ne-plazhet-e-australise-nisin-hetimet\/","url_meta":{"origin":106140,"position":5},"title":"\u201cTopa hap\u00ebsinor\u00eb\u201d bien n\u00eb plazhet e Australis\u00eb, nisin hetimet&#8230;","author":"Kurt Farka","date":"July 12, 2026","format":false,"excerpt":"12 Korrik 2026 Gjasht\u00eb objekte t\u00eb m\u00ebdha metalike dhe misterioze jan\u00eb gjetur n\u00eb plazhet e veriut t\u00eb Queensland-it n\u00eb Australi, duke shkaktuar kuriozitet dhe shqet\u00ebsim tek autoritetet. Dyshimet e para jan\u00eb se b\u00ebhet fjal\u00eb p\u00ebr t\u00eb ashtuquajturat \u201ctopa hap\u00ebsinor\u00eb\u201d \u2013 pjes\u00eb t\u00eb raketave q\u00eb kan\u00eb mbetur pas misioneve hap\u00ebsinore dhe\u2026","rel":"","context":"In &quot;Blogu i Udh\u00ebtarit&quot;","block_context":{"text":"Blogu i Udh\u00ebtarit","link":"https:\/\/www.shqiperia.com\/blog\/category\/blogu-i-udhetarit\/"},"img":{"alt_text":"","src":"https:\/\/i0.wp.com\/www.shqiperia.com\/blog\/wp-content\/uploads\/2026\/07\/640-0-baustralia-1783713757.png?fit=640%2C365&ssl=1&resize=350%2C200","width":350,"height":200,"srcset":"https:\/\/i0.wp.com\/www.shqiperia.com\/blog\/wp-content\/uploads\/2026\/07\/640-0-baustralia-1783713757.png?fit=640%2C365&ssl=1&resize=350%2C200 1x, https:\/\/i0.wp.com\/www.shqiperia.com\/blog\/wp-content\/uploads\/2026\/07\/640-0-baustralia-1783713757.png?fit=640%2C365&ssl=1&resize=525%2C300 1.5x"},"classes":[]}],"_links":{"self":[{"href":"https:\/\/www.shqiperia.com\/blog\/wp-json\/wp\/v2\/posts\/106140","targetHints":{"allow":["GET"]}}],"collection":[{"href":"https:\/\/www.shqiperia.com\/blog\/wp-json\/wp\/v2\/posts"}],"about":[{"href":"https:\/\/www.shqiperia.com\/blog\/wp-json\/wp\/v2\/types\/post"}],"author":[{"embeddable":true,"href":"https:\/\/www.shqiperia.com\/blog\/wp-json\/wp\/v2\/users\/9"}],"replies":[{"embeddable":true,"href":"https:\/\/www.shqiperia.com\/blog\/wp-json\/wp\/v2\/comments?post=106140"}],"version-history":[{"count":1,"href":"https:\/\/www.shqiperia.com\/blog\/wp-json\/wp\/v2\/posts\/106140\/revisions"}],"predecessor-version":[{"id":106142,"href":"https:\/\/www.shqiperia.com\/blog\/wp-json\/wp\/v2\/posts\/106140\/revisions\/106142"}],"wp:featuredmedia":[{"embeddable":true,"href":"https:\/\/www.shqiperia.com\/blog\/wp-json\/wp\/v2\/media\/106141"}],"wp:attachment":[{"href":"https:\/\/www.shqiperia.com\/blog\/wp-json\/wp\/v2\/media?parent=106140"}],"wp:term":[{"taxonomy":"category","embeddable":true,"href":"https:\/\/www.shqiperia.com\/blog\/wp-json\/wp\/v2\/categories?post=106140"},{"taxonomy":"post_tag","embeddable":true,"href":"https:\/\/www.shqiperia.com\/blog\/wp-json\/wp\/v2\/tags?post=106140"}],"curies":[{"name":"wp","href":"https:\/\/api.w.org\/{rel}","templated":true}]}}