{"id":106137,"date":"2026-09-06T15:26:35","date_gmt":"2026-09-06T15:26:35","guid":{"rendered":"https:\/\/www.shqiperia.com\/blog\/?p=106137"},"modified":"2026-09-06T15:26:35","modified_gmt":"2026-09-06T15:26:35","slug":"banesa-ullishte-e-siperfaqe-pyje-te-shkrumbuara-ja-cfare-la-pas-zjarri-qe-perpiu-himaren","status":"publish","type":"post","link":"https:\/\/www.shqiperia.com\/blog\/banesa-ullishte-e-siperfaqe-pyje-te-shkrumbuara-ja-cfare-la-pas-zjarri-qe-perpiu-himaren\/","title":{"rendered":"Banesa, ullishte e sip\u00ebrfaqe pyje t\u00eb shkrumbuara, ja \u00e7far\u00eb la pas zjarri q\u00eb \u201cp\u00ebrpiu\u201d Himar\u00ebn"},"content":{"rendered":"<p><img data-recalc-dims=\"1\" loading=\"lazy\" decoding=\"async\" data-attachment-id=\"106138\" data-permalink=\"https:\/\/www.shqiperia.com\/blog\/banesa-ullishte-e-siperfaqe-pyje-te-shkrumbuara-ja-cfare-la-pas-zjarri-qe-perpiu-himaren\/900-0-1788626045ximg-7772-703-1\/\" data-orig-file=\"https:\/\/i0.wp.com\/www.shqiperia.com\/blog\/wp-content\/uploads\/2026\/09\/900-0-1788626045ximg-7772-703-1.jpeg?fit=900%2C454&amp;ssl=1\" data-orig-size=\"900,454\" data-comments-opened=\"1\" data-image-meta=\"{&quot;aperture&quot;:&quot;0&quot;,&quot;credit&quot;:&quot;&quot;,&quot;camera&quot;:&quot;&quot;,&quot;caption&quot;:&quot;&quot;,&quot;created_timestamp&quot;:&quot;0&quot;,&quot;copyright&quot;:&quot;&quot;,&quot;focal_length&quot;:&quot;0&quot;,&quot;iso&quot;:&quot;0&quot;,&quot;shutter_speed&quot;:&quot;0&quot;,&quot;title&quot;:&quot;&quot;,&quot;orientation&quot;:&quot;0&quot;}\" data-image-title=\"900-0-1788626045ximg-7772-703 (1)\" data-image-description=\"\" data-image-caption=\"\" data-medium-file=\"https:\/\/i0.wp.com\/www.shqiperia.com\/blog\/wp-content\/uploads\/2026\/09\/900-0-1788626045ximg-7772-703-1.jpeg?fit=300%2C151&amp;ssl=1\" data-large-file=\"https:\/\/i0.wp.com\/www.shqiperia.com\/blog\/wp-content\/uploads\/2026\/09\/900-0-1788626045ximg-7772-703-1.jpeg?fit=900%2C454&amp;ssl=1\" class=\"alignnone  wp-image-106138\" alt=\"\" src=\"https:\/\/i0.wp.com\/www.shqiperia.com\/blog\/wp-content\/uploads\/2026\/09\/900-0-1788626045ximg-7772-703-1.jpeg?resize=656%2C330&#038;ssl=1\" width=\"656\" height=\"330\" srcset=\"https:\/\/i0.wp.com\/www.shqiperia.com\/blog\/wp-content\/uploads\/2026\/09\/900-0-1788626045ximg-7772-703-1.jpeg?resize=300%2C151&amp;ssl=1 300w, https:\/\/i0.wp.com\/www.shqiperia.com\/blog\/wp-content\/uploads\/2026\/09\/900-0-1788626045ximg-7772-703-1.jpeg?resize=768%2C387&amp;ssl=1 768w, https:\/\/i0.wp.com\/www.shqiperia.com\/blog\/wp-content\/uploads\/2026\/09\/900-0-1788626045ximg-7772-703-1.jpeg?resize=450%2C227&amp;ssl=1 450w, https:\/\/i0.wp.com\/www.shqiperia.com\/blog\/wp-content\/uploads\/2026\/09\/900-0-1788626045ximg-7772-703-1.jpeg?resize=600%2C303&amp;ssl=1 600w, https:\/\/i0.wp.com\/www.shqiperia.com\/blog\/wp-content\/uploads\/2026\/09\/900-0-1788626045ximg-7772-703-1.jpeg?resize=400%2C202&amp;ssl=1 400w, https:\/\/i0.wp.com\/www.shqiperia.com\/blog\/wp-content\/uploads\/2026\/09\/900-0-1788626045ximg-7772-703-1.jpeg?w=900&amp;ssl=1 900w\" sizes=\"auto, (max-width: 656px) 100vw, 656px\" \/><\/p>\n<p>6 Shtator 2026<\/p>\n<p>Pamjet e m\u00ebposht\u00ebme tregojn\u00eb p\u00ebrmasat e d\u00ebmeve t\u00eb shkaktuara nga zjarri q\u00eb \u201cp\u00ebrpiu\u201d zon\u00ebn e Himar\u00ebs. Si\u00e7 shihet edhe n\u00eb video, banesa, ullishte dhe sip\u00ebrfaqe t\u00eb t\u00ebra pyjore jan\u00eb p\u00ebrfshir\u00eb nga flak\u00ebt, duke l\u00ebn\u00eb pas nj\u00eb panoram\u00eb t\u00eb shkrumbuar. Flak\u00ebt dogj\u00ebn gjasht\u00eb sht\u00ebpi, tre prej tyre t\u00eb banuara, nd\u00ebrsa 36 persona u evakuuan nga zona e rrezikut.<\/p>\n<p>Gjat\u00eb kaosit, banor\u00ebt tentuan t\u00eb mbronin pronat e tyre duke lagur oborret me uj\u00eb dhe m\u00eb pas jan\u00eb larguar p\u00ebr shkak t\u00eb rrezikut t\u00eb madh. N\u00eb rrezik u ndjen\u00eb edhe turist\u00ebt q\u00eb kishin zgjedhur Himar\u00ebn p\u00ebr pushime, t\u00eb cil\u00ebt u detyruan t\u00eb merrnin valixhet dhe t\u00eb iknin. Pas shum\u00eb or\u00ebsh n\u00eb \u201cluft\u00eb\u201d me flak\u00ebt, sot, situata paraqitet m\u00eb e qet\u00eb, pasi \u00ebsht\u00eb nd\u00ebrhyr\u00eb nga ajri q\u00eb prej or\u00ebve t\u00eb para t\u00eb m\u00ebngjesit t\u00eb sot\u00ebm.<\/p>\n<div class=\"inline-single-ad ad_single_index alignfull\">\n<div><\/div>\n<\/div>\n","protected":false},"excerpt":{"rendered":"<p>6 Shtator 2026 Pamjet e m\u00ebposht\u00ebme tregojn\u00eb p\u00ebrmasat e d\u00ebmeve t\u00eb shkaktuara nga zjarri q\u00eb \u201cp\u00ebrpiu\u201d zon\u00ebn e Himar\u00ebs. Si\u00e7 shihet edhe n\u00eb video, banesa, ullishte dhe sip\u00ebrfaqe t\u00eb t\u00ebra pyjore jan\u00eb p\u00ebrfshir\u00eb nga flak\u00ebt, duke l\u00ebn\u00eb pas nj\u00eb panoram\u00eb t\u00eb shkrumbuar. Flak\u00ebt dogj\u00ebn gjasht\u00eb sht\u00ebpi, tre prej tyre t\u00eb banuara, nd\u00ebrsa 36 persona u [&hellip;]<\/p>\n","protected":false},"author":9,"featured_media":106138,"comment_status":"open","ping_status":"open","sticky":false,"template":"","format":"standard","meta":{"jetpack_post_was_ever_published":false,"_jetpack_newsletter_access":"","_jetpack_dont_email_post_to_subs":false,"_jetpack_newsletter_tier_id":0,"_jetpack_memberships_contains_paywalled_content":false,"_jetpack_memberships_contains_paid_content":false,"footnotes":"","jetpack_publicize_message":"","jetpack_publicize_feature_enabled":true,"jetpack_social_post_already_shared":true,"jetpack_social_options":{"image_generator_settings":{"template":"highway","default_image_id":0,"font":"","enabled":false},"version":2}},"categories":[1,35],"tags":[],"class_list":["post-106137","post","type-post","status-publish","format-standard","has-post-thumbnail","hentry","category-njoftime-shtypi","category-shoqerore"],"jetpack_publicize_connections":[],"jetpack_featured_media_url":"https:\/\/i0.wp.com\/www.shqiperia.com\/blog\/wp-content\/uploads\/2026\/09\/900-0-1788626045ximg-7772-703-1.jpeg?fit=900%2C454&ssl=1","jetpack_sharing_enabled":true,"jetpack_shortlink":"https:\/\/wp.me\/p5Z6wp-rBT","jetpack-related-posts":[{"id":104066,"url":"https:\/\/www.shqiperia.com\/blog\/nana-qante-thoshte-le-te-digjem-brenda-banoret-tregojne-tmerrin-e-zjarrit-ne-kruje-flaket-rrethuan-shtepite-u-dogjen-ullishte-shekullore\/","url_meta":{"origin":106137,"position":0},"title":"Nana qante, thoshte le t\u00eb digjem brenda\u201d\/ Banor\u00ebt tregojn\u00eb tmerrin e zjarrit n\u00eb Kruj\u00eb: &#8211; Flak\u00ebt rrethuan sht\u00ebpit\u00eb, u dogj\u00ebn ullishte shekullore","author":"Kurt Farka","date":"August 9, 2026","format":false,"excerpt":"9 Gusht 2026 Flak\u00ebt q\u00eb p\u00ebrfshin\u00eb Malin e Kruj\u00ebs dhe iu afruan zonave t\u00eb banuara lan\u00eb pas jo vet\u00ebm sip\u00ebrfaqe t\u00eb m\u00ebdha t\u00eb djegura, por edhe d\u00ebshmi t\u00eb banor\u00ebve p\u00ebr or\u00ebt e panikut dhe frik\u00ebs q\u00eb p\u00ebrjetuan pran\u00eb sht\u00ebpive t\u00eb tyre. Banor\u00ebt tregojn\u00eb se zjarri u p\u00ebrhap me shpejt\u00ebsi, duke\u2026","rel":"","context":"In &quot;Blogu i Udh\u00ebtarit&quot;","block_context":{"text":"Blogu i Udh\u00ebtarit","link":"https:\/\/www.shqiperia.com\/blog\/category\/blogu-i-udhetarit\/"},"img":{"alt_text":"","src":"https:\/\/i0.wp.com\/www.shqiperia.com\/blog\/wp-content\/uploads\/2026\/08\/640-0-yt5r43wesqjpg-1786265851.jpg?fit=640%2C365&ssl=1&resize=350%2C200","width":350,"height":200,"srcset":"https:\/\/i0.wp.com\/www.shqiperia.com\/blog\/wp-content\/uploads\/2026\/08\/640-0-yt5r43wesqjpg-1786265851.jpg?fit=640%2C365&ssl=1&resize=350%2C200 1x, https:\/\/i0.wp.com\/www.shqiperia.com\/blog\/wp-content\/uploads\/2026\/08\/640-0-yt5r43wesqjpg-1786265851.jpg?fit=640%2C365&ssl=1&resize=525%2C300 1.5x"},"classes":[]},{"id":104350,"url":"https:\/\/www.shqiperia.com\/blog\/zjarri-ne-prisken-e-madhe-merr-permasa-te-medha-nje-shtepi-e-djegur-dhe-familje-te-evakuuara-shkrumbohet-siperfaqe-e-madhe-pyjesh-dhe-ullishtesh\/","url_meta":{"origin":106137,"position":1},"title":"Zjarri n\u00eb Prisk\u00ebn e Madhe merr p\u00ebrmasa t\u00eb m\u00ebdha, nj\u00eb sht\u00ebpi e djegur dhe familje t\u00eb evakuuara. Shkrumbohet sip\u00ebrfaqe e madhe pyjesh dhe ullishtesh","author":"Kurt Farka","date":"August 13, 2026","format":false,"excerpt":"13 Gusht 2026 Zjarri q\u00eb prej dit\u00ebsh vijon t\u00eb jet\u00eb aktiv n\u00eb zon\u00ebn e Prisk\u00ebs s\u00eb Madhe ka marr\u00eb p\u00ebrmasa m\u00eb t\u00eb m\u00ebdha dhe \u00ebsht\u00eb p\u00ebrhapur edhe n\u00eb drejtim t\u00eb Lundr\u00ebs, Fark\u00ebs s\u00eb Madhe dhe Gurr\u00ebs, duke rritur ndjesh\u00ebm rrezikun p\u00ebr banor\u00ebt dhe pronat e tyre. Flak\u00ebt kan\u00eb p\u00ebrfshir\u00eb sip\u00ebrfaqe\u2026","rel":"","context":"In &quot;Blogu i Udh\u00ebtarit&quot;","block_context":{"text":"Blogu i Udh\u00ebtarit","link":"https:\/\/www.shqiperia.com\/blog\/category\/blogu-i-udhetarit\/"},"img":{"alt_text":"","src":"https:\/\/i0.wp.com\/www.shqiperia.com\/blog\/wp-content\/uploads\/2026\/08\/Zjarri-ne-Prisken-e-Madhe.webp?fit=1200%2C675&ssl=1&resize=350%2C200","width":350,"height":200,"srcset":"https:\/\/i0.wp.com\/www.shqiperia.com\/blog\/wp-content\/uploads\/2026\/08\/Zjarri-ne-Prisken-e-Madhe.webp?fit=1200%2C675&ssl=1&resize=350%2C200 1x, https:\/\/i0.wp.com\/www.shqiperia.com\/blog\/wp-content\/uploads\/2026\/08\/Zjarri-ne-Prisken-e-Madhe.webp?fit=1200%2C675&ssl=1&resize=525%2C300 1.5x, https:\/\/i0.wp.com\/www.shqiperia.com\/blog\/wp-content\/uploads\/2026\/08\/Zjarri-ne-Prisken-e-Madhe.webp?fit=1200%2C675&ssl=1&resize=700%2C400 2x, https:\/\/i0.wp.com\/www.shqiperia.com\/blog\/wp-content\/uploads\/2026\/08\/Zjarri-ne-Prisken-e-Madhe.webp?fit=1200%2C675&ssl=1&resize=1050%2C600 3x"},"classes":[]},{"id":106003,"url":"https:\/\/www.shqiperia.com\/blog\/situate-kritike-ne-disa-fshatra-te-fierit-zjarri-avancon-drejt-levanit-digjen-tre-shtepi-dhe-nje-magazine-rrezikohet-edhe-nje-biznes\/","url_meta":{"origin":106137,"position":2},"title":"Situat\u00eb kritike n\u00eb disa fshatra t\u00eb Fierit, zjarri avancon drejt Levanit. Digjen tre sht\u00ebpi dhe nj\u00eb magazin\u00eb, rrezikohet edhe nj\u00eb biznes","author":"Kurt Farka","date":"September 4, 2026","format":false,"excerpt":"4 Shtator 2026 Zjarri i nisur mesdit\u00ebn e sotme n\u00eb fshatin Vadhiz\u00eb t\u00eb Fierit ka marr\u00eb p\u00ebrmasa t\u00eb m\u00ebdha vet\u00ebm pak or\u00eb pas shp\u00ebrthimit t\u00eb vatr\u00ebs s\u00eb par\u00eb. Si\u00e7 raporton korrespondenti i Top Channel Neritan Trifoni, flak\u00ebt q\u00eb nis\u00ebn n\u00eb fshatin Vadhiz\u00eb, ka avancuar drejt Levanit, dhe sipas banor\u00ebve jan\u00eb\u2026","rel":"","context":"In &quot;Blogu i Udh\u00ebtarit&quot;","block_context":{"text":"Blogu i Udh\u00ebtarit","link":"https:\/\/www.shqiperia.com\/blog\/category\/blogu-i-udhetarit\/"},"img":{"alt_text":"","src":"https:\/\/i0.wp.com\/www.shqiperia.com\/blog\/wp-content\/uploads\/2026\/09\/FIERII_sd-800x450-2.webp?fit=800%2C450&ssl=1&resize=350%2C200","width":350,"height":200,"srcset":"https:\/\/i0.wp.com\/www.shqiperia.com\/blog\/wp-content\/uploads\/2026\/09\/FIERII_sd-800x450-2.webp?fit=800%2C450&ssl=1&resize=350%2C200 1x, https:\/\/i0.wp.com\/www.shqiperia.com\/blog\/wp-content\/uploads\/2026\/09\/FIERII_sd-800x450-2.webp?fit=800%2C450&ssl=1&resize=525%2C300 1.5x, https:\/\/i0.wp.com\/www.shqiperia.com\/blog\/wp-content\/uploads\/2026\/09\/FIERII_sd-800x450-2.webp?fit=800%2C450&ssl=1&resize=700%2C400 2x"},"classes":[]},{"id":104070,"url":"https:\/\/www.shqiperia.com\/blog\/kruje-cfare-la-pas-beteja-me-flaket\/","url_meta":{"origin":106137,"position":3},"title":"Kruj\u00eb, \u00e7far\u00eb la pas beteja me flak\u00ebt","author":"Kurt Farka","date":"August 9, 2026","format":false,"excerpt":"9 Gusht 2026 Or\u00ebt e mbr\u00ebmjes s\u00eb t\u00eb shtun\u00ebs u kthyen n\u00eb nj\u00eb makth p\u00ebr banor\u00ebt e Kruj\u00ebs, pasi nj\u00eb zjarr masiv p\u00ebrfshiu territorin malor dhe u afrua rreziksh\u00ebm pran\u00eb zonave t\u00eb banuara. Flak\u00ebt p\u00ebrfshin\u00eb sip\u00ebrfaqe t\u00eb m\u00ebdha me ullishte, pem\u00eb frutore dhe bim\u00ebsi, nd\u00ebrsa n\u00eb disa momente zjarri k\u00ebrc\u00ebnoi\u2026","rel":"","context":"In &quot;Blogu i Udh\u00ebtarit&quot;","block_context":{"text":"Blogu i Udh\u00ebtarit","link":"https:\/\/www.shqiperia.com\/blog\/category\/blogu-i-udhetarit\/"},"img":{"alt_text":"","src":"https:\/\/i0.wp.com\/www.shqiperia.com\/blog\/wp-content\/uploads\/2026\/08\/Zjarri-ne-Kruje-4.jpg?fit=1080%2C670&ssl=1&resize=350%2C200","width":350,"height":200,"srcset":"https:\/\/i0.wp.com\/www.shqiperia.com\/blog\/wp-content\/uploads\/2026\/08\/Zjarri-ne-Kruje-4.jpg?fit=1080%2C670&ssl=1&resize=350%2C200 1x, https:\/\/i0.wp.com\/www.shqiperia.com\/blog\/wp-content\/uploads\/2026\/08\/Zjarri-ne-Kruje-4.jpg?fit=1080%2C670&ssl=1&resize=525%2C300 1.5x, https:\/\/i0.wp.com\/www.shqiperia.com\/blog\/wp-content\/uploads\/2026\/08\/Zjarri-ne-Kruje-4.jpg?fit=1080%2C670&ssl=1&resize=700%2C400 2x, https:\/\/i0.wp.com\/www.shqiperia.com\/blog\/wp-content\/uploads\/2026\/08\/Zjarri-ne-Kruje-4.jpg?fit=1080%2C670&ssl=1&resize=1050%2C600 3x"},"classes":[]},{"id":106064,"url":"https:\/\/www.shqiperia.com\/blog\/pamje-te-frikshme-nga-himara-flaket-ne-lartesine-e-hoteleve-7-banesa-te-djegura-situata-mengjesin-e-sotem\/","url_meta":{"origin":106137,"position":4},"title":"Pamje t\u00eb frikshme nga Himara, flak\u00ebt n\u00eb lart\u00ebsin\u00eb e hoteleve, 7 banesa t\u00eb djegura. Situata m\u00ebngjesin e sot\u00ebm","author":"Kurt Farka","date":"September 5, 2026","format":false,"excerpt":"5 Shtator 2026 Nj\u00eb vat\u00ebr e fuqishme zjarri \u00ebsht\u00eb regjistruar gjat\u00eb nat\u00ebs n\u00eb Himar\u00eb, ku nj\u00eb vat\u00ebr e fuqishme zjarri u p\u00ebrhap me shpejt\u00ebsi p\u00ebr shkak t\u00eb er\u00ebs s\u00eb fort\u00eb. Sipas informacioneve t\u00eb b\u00ebra me dije nga Prefektura dhe strukturat e Mbrojtjes Civile, shtat\u00eb banesa jan\u00eb djegur plot\u00ebsisht, nd\u00ebrsa banor\u00eb\u2026","rel":"","context":"In &quot;Blogu i Udh\u00ebtarit&quot;","block_context":{"text":"Blogu i Udh\u00ebtarit","link":"https:\/\/www.shqiperia.com\/blog\/category\/blogu-i-udhetarit\/"},"img":{"alt_text":"","src":"https:\/\/i0.wp.com\/www.shqiperia.com\/blog\/wp-content\/uploads\/2026\/09\/images-19.jpg?fit=682%2C450&ssl=1&resize=350%2C200","width":350,"height":200,"srcset":"https:\/\/i0.wp.com\/www.shqiperia.com\/blog\/wp-content\/uploads\/2026\/09\/images-19.jpg?fit=682%2C450&ssl=1&resize=350%2C200 1x, https:\/\/i0.wp.com\/www.shqiperia.com\/blog\/wp-content\/uploads\/2026\/09\/images-19.jpg?fit=682%2C450&ssl=1&resize=525%2C300 1.5x"},"classes":[]},{"id":105760,"url":"https:\/\/www.shqiperia.com\/blog\/zjarri-del-jashte-kontrollit-ne-ulez-digjen-banesa-e-pemetore-evakuohen-qindra-krere-bageti\/","url_meta":{"origin":106137,"position":5},"title":"Zjarri del jasht\u00eb kontrollit n\u00eb Ul\u00ebz, digjen banesa e pem\u00ebtore! Evakuohen qindra krer\u00eb bag\u00ebti","author":"Kurt Farka","date":"September 2, 2026","format":false,"excerpt":"2 Shtator 2026 Situata me zjarret q\u00eb kan\u00eb p\u00ebrfshir\u00eb disa fshatra n\u00eb Nj\u00ebsin\u00eb Administrative Ul\u00ebz t\u00eb Bashkis\u00eb s\u00eb Matit po paraqitet mjaft kritike dhe ka dal\u00eb t\u00ebr\u00ebsisht jasht\u00eb kontrollit. Flak\u00ebt e p\u00ebrmasave t\u00eb m\u00ebdha kan\u00eb shkrumbuar deri tani qindra hektar\u00eb me sip\u00ebrfaqe pyjore, nd\u00ebrsa kan\u00eb djegur edhe banesa. T\u00eb pakt\u00ebn\u2026","rel":"","context":"In &quot;Blogu i Udh\u00ebtarit&quot;","block_context":{"text":"Blogu i Udh\u00ebtarit","link":"https:\/\/www.shqiperia.com\/blog\/category\/blogu-i-udhetarit\/"},"img":{"alt_text":"","src":"https:\/\/i0.wp.com\/www.shqiperia.com\/blog\/wp-content\/uploads\/2026\/09\/567575675-770x415-6a982b0dd2098.jpg?fit=770%2C415&ssl=1&resize=350%2C200","width":350,"height":200,"srcset":"https:\/\/i0.wp.com\/www.shqiperia.com\/blog\/wp-content\/uploads\/2026\/09\/567575675-770x415-6a982b0dd2098.jpg?fit=770%2C415&ssl=1&resize=350%2C200 1x, https:\/\/i0.wp.com\/www.shqiperia.com\/blog\/wp-content\/uploads\/2026\/09\/567575675-770x415-6a982b0dd2098.jpg?fit=770%2C415&ssl=1&resize=525%2C300 1.5x, https:\/\/i0.wp.com\/www.shqiperia.com\/blog\/wp-content\/uploads\/2026\/09\/567575675-770x415-6a982b0dd2098.jpg?fit=770%2C415&ssl=1&resize=700%2C400 2x"},"classes":[]}],"_links":{"self":[{"href":"https:\/\/www.shqiperia.com\/blog\/wp-json\/wp\/v2\/posts\/106137","targetHints":{"allow":["GET"]}}],"collection":[{"href":"https:\/\/www.shqiperia.com\/blog\/wp-json\/wp\/v2\/posts"}],"about":[{"href":"https:\/\/www.shqiperia.com\/blog\/wp-json\/wp\/v2\/types\/post"}],"author":[{"embeddable":true,"href":"https:\/\/www.shqiperia.com\/blog\/wp-json\/wp\/v2\/users\/9"}],"replies":[{"embeddable":true,"href":"https:\/\/www.shqiperia.com\/blog\/wp-json\/wp\/v2\/comments?post=106137"}],"version-history":[{"count":1,"href":"https:\/\/www.shqiperia.com\/blog\/wp-json\/wp\/v2\/posts\/106137\/revisions"}],"predecessor-version":[{"id":106139,"href":"https:\/\/www.shqiperia.com\/blog\/wp-json\/wp\/v2\/posts\/106137\/revisions\/106139"}],"wp:featuredmedia":[{"embeddable":true,"href":"https:\/\/www.shqiperia.com\/blog\/wp-json\/wp\/v2\/media\/106138"}],"wp:attachment":[{"href":"https:\/\/www.shqiperia.com\/blog\/wp-json\/wp\/v2\/media?parent=106137"}],"wp:term":[{"taxonomy":"category","embeddable":true,"href":"https:\/\/www.shqiperia.com\/blog\/wp-json\/wp\/v2\/categories?post=106137"},{"taxonomy":"post_tag","embeddable":true,"href":"https:\/\/www.shqiperia.com\/blog\/wp-json\/wp\/v2\/tags?post=106137"}],"curies":[{"name":"wp","href":"https:\/\/api.w.org\/{rel}","templated":true}]}}