{"id":106134,"date":"2026-09-06T15:20:48","date_gmt":"2026-09-06T15:20:48","guid":{"rendered":"https:\/\/www.shqiperia.com\/blog\/?p=106134"},"modified":"2026-09-06T15:20:48","modified_gmt":"2026-09-06T15:20:48","slug":"fruthi-rikthehet-ne-kosove-151-raste-te-konfirmuara-mbi-95-te-personave-te-pavaksinuar","status":"publish","type":"post","link":"https:\/\/www.shqiperia.com\/blog\/fruthi-rikthehet-ne-kosove-151-raste-te-konfirmuara-mbi-95-te-personave-te-pavaksinuar\/","title":{"rendered":"Fruthi rikthehet n\u00eb Kosov\u00eb\/ 151 raste t\u00eb konfirmuara, mbi 95% te personave t\u00eb pavaksinuar"},"content":{"rendered":"<p><img data-recalc-dims=\"1\" loading=\"lazy\" decoding=\"async\" data-attachment-id=\"106135\" data-permalink=\"https:\/\/www.shqiperia.com\/blog\/fruthi-rikthehet-ne-kosove-151-raste-te-konfirmuara-mbi-95-te-personave-te-pavaksinuar\/800-0-640-0-screenshot-2026-09-06-130632-1788692803-6a9d4a29dc100\/\" data-orig-file=\"https:\/\/i0.wp.com\/www.shqiperia.com\/blog\/wp-content\/uploads\/2026\/09\/800-0-640-0-screenshot-2026-09-06-130632-1788692803-6a9d4a29dc100.png?fit=800%2C451&amp;ssl=1\" data-orig-size=\"800,451\" data-comments-opened=\"1\" data-image-meta=\"{&quot;aperture&quot;:&quot;0&quot;,&quot;credit&quot;:&quot;&quot;,&quot;camera&quot;:&quot;&quot;,&quot;caption&quot;:&quot;&quot;,&quot;created_timestamp&quot;:&quot;0&quot;,&quot;copyright&quot;:&quot;&quot;,&quot;focal_length&quot;:&quot;0&quot;,&quot;iso&quot;:&quot;0&quot;,&quot;shutter_speed&quot;:&quot;0&quot;,&quot;title&quot;:&quot;&quot;,&quot;orientation&quot;:&quot;0&quot;}\" data-image-title=\"-800-0-640-0-screenshot-2026-09-06-130632-1788692803-6a9d4a29dc100\" data-image-description=\"\" data-image-caption=\"\" data-medium-file=\"https:\/\/i0.wp.com\/www.shqiperia.com\/blog\/wp-content\/uploads\/2026\/09\/800-0-640-0-screenshot-2026-09-06-130632-1788692803-6a9d4a29dc100.png?fit=300%2C169&amp;ssl=1\" data-large-file=\"https:\/\/i0.wp.com\/www.shqiperia.com\/blog\/wp-content\/uploads\/2026\/09\/800-0-640-0-screenshot-2026-09-06-130632-1788692803-6a9d4a29dc100.png?fit=800%2C451&amp;ssl=1\" class=\"alignnone  wp-image-106135\" alt=\"\" src=\"https:\/\/i0.wp.com\/www.shqiperia.com\/blog\/wp-content\/uploads\/2026\/09\/800-0-640-0-screenshot-2026-09-06-130632-1788692803-6a9d4a29dc100.png?resize=682%2C384&#038;ssl=1\" width=\"682\" height=\"384\" srcset=\"https:\/\/i0.wp.com\/www.shqiperia.com\/blog\/wp-content\/uploads\/2026\/09\/800-0-640-0-screenshot-2026-09-06-130632-1788692803-6a9d4a29dc100.png?resize=300%2C169&amp;ssl=1 300w, https:\/\/i0.wp.com\/www.shqiperia.com\/blog\/wp-content\/uploads\/2026\/09\/800-0-640-0-screenshot-2026-09-06-130632-1788692803-6a9d4a29dc100.png?resize=768%2C433&amp;ssl=1 768w, https:\/\/i0.wp.com\/www.shqiperia.com\/blog\/wp-content\/uploads\/2026\/09\/800-0-640-0-screenshot-2026-09-06-130632-1788692803-6a9d4a29dc100.png?resize=450%2C254&amp;ssl=1 450w, https:\/\/i0.wp.com\/www.shqiperia.com\/blog\/wp-content\/uploads\/2026\/09\/800-0-640-0-screenshot-2026-09-06-130632-1788692803-6a9d4a29dc100.png?resize=600%2C338&amp;ssl=1 600w, https:\/\/i0.wp.com\/www.shqiperia.com\/blog\/wp-content\/uploads\/2026\/09\/800-0-640-0-screenshot-2026-09-06-130632-1788692803-6a9d4a29dc100.png?resize=400%2C226&amp;ssl=1 400w, https:\/\/i0.wp.com\/www.shqiperia.com\/blog\/wp-content\/uploads\/2026\/09\/800-0-640-0-screenshot-2026-09-06-130632-1788692803-6a9d4a29dc100.png?w=800&amp;ssl=1 800w\" sizes=\"auto, (max-width: 682px) 100vw, 682px\" \/><\/p>\n<p>6 Shtator 2026<\/p>\n<p>Rastet me fruth n\u00eb vend kan\u00eb sh\u00ebnuar rritje. Sipas t\u00eb dh\u00ebnave t\u00eb Institutit Komb\u00ebtar t\u00eb Sh\u00ebndet\u00ebsis\u00eb Publike, brenda pes\u00eb muajve t\u00eb k\u00ebtij viti, nga 16 prilli deri m\u00eb 30 gusht jan\u00eb konfirmuar 151 raste me fruth.<\/p>\n<p>E nga t\u00eb gjitha k\u00ebto, sipas IKSHPK-s\u00eb, mbi 95% e rasteve t\u00eb konfirmuara me fruth jan\u00eb te personat e pavaksinuar, duke d\u00ebshmuar k\u00ebshtu edhe nj\u00eb her\u00eb r\u00ebnd\u00ebsin\u00eb e vaksinimit n\u00eb mbrojtje t\u00eb f\u00ebmij\u00ebve ndaj fruthit.<\/p>\n<p>Krahas k\u00ebtyre shifrave duket se interesimi i prind\u00ebrve p\u00ebr t\u2019i vaksinuar f\u00ebmij\u00ebt nuk \u00ebsht\u00eb i ul\u00ebt.\u00a0Nga janari deri n\u00eb gusht jan\u00eb vaksinuar 8 mij\u00eb e 540 f\u00ebmij\u00eb.<\/p>\n<p>Shefja e vaksinimit n\u00eb Qendr\u00ebn Kryesore t\u00eb Mjek\u00ebsis\u00eb Familjare, Xhevrie Canolli p\u00ebr KosovaPress, tha se jan\u00eb vaksinuar 2 mij\u00eb e 500 f\u00ebmij\u00eb t\u00eb grupmosh\u00ebs 1 deri 5 vje\u00e7, 2 mij\u00eb e 900 f\u00ebmij\u00eb t\u00eb grupmosh\u00ebs 5 deri 7 vje\u00e7 dhe 3 mij\u00eb e 140 nx\u00ebn\u00ebs t\u00eb klas\u00ebs s\u00eb par\u00eb.<\/p>\n<p><em>\u201cNga muaji janar i k\u00ebtij viti deri m\u00eb sot jan\u00eb vaksinuar kund\u00ebr fruthit 2500 f\u00ebmij\u00eb t\u00eb grupmosh\u00ebs 1 deri 5 vje\u00e7, 2900 f\u00ebmij\u00eb t\u00eb grupmosh\u00ebs 5 deri 7 vje\u00e7 (k\u00ebtu hyjn\u00eb f\u00ebmij\u00ebt parashkollor\u00eb dhe ata q\u00eb k\u00ebt\u00eb vit do t\u00eb regjistrohen n\u00eb klas\u00eb t\u00eb par\u00eb) dhe 3140 nx\u00ebn\u00ebs t\u00eb klas\u00ebs s\u00eb par\u00eb, t\u00eb cil\u00ebt gjithashtu vaksohen kund\u00ebr fruthit me doz\u00ebn e dyt\u00eb, nd\u00ebrsa doza e par\u00eb aplikohet n\u00eb mosh\u00ebn nj\u00ebvje\u00e7are\u201d<\/em>, tha Canolli.<\/p>\n<p>Mes tjerash, ajo tregoi se vaksinimi \u00ebsht\u00eb m\u00ebnyra m\u00eb efektive p\u00ebr parandalimin e p\u00ebrhapjes s\u00eb fruthit, derisa theksoi se komplikimet sh\u00ebndet\u00ebsore q\u00eb vijn\u00eb nga kjo s\u00ebmundje ngjit\u00ebse mund t\u00eb shkojn\u00eb deri n\u00eb fatalitet.<\/p>\n<p><em>\u201cVaksinimi \u00ebsht\u00eb m\u00ebnyra m\u00eb e sigurt dhe m\u00eb efektive n\u00eb parandalimin e p\u00ebrhapjes s\u00eb m\u00ebtejshme t\u00eb fruthit n\u00eb vendin ton\u00eb.<\/em><\/p>\n<p><em>Marr\u00eb parasysh komplikimet serioze sh\u00ebndet\u00ebsore q\u00eb mund t\u00eb shkaktoj\u00eb fruthi, si pneumonia, otiti q\u00eb mund t\u00eb komplikohet edhe me humbje t\u00eb p\u00ebrhershme t\u00eb d\u00ebgjimit pastaj encefalitja apo inflamacioni i trurit, q\u00eb n\u00eb raste t\u00eb r\u00ebnda mund t\u00eb l\u00ebr\u00eb pasoj\u00eb t\u00eb p\u00ebrhershme apo edhe t\u00eb shkaktoj\u00eb vdekje at\u00ebher\u00eb p\u00ebrfitimi nga vaksinimi \u00ebsht\u00eb shum\u00eb m\u00eb i madh se sa rreziku nga efektet e mundshme an\u00ebsore\u201d,<\/em><span>\u00a0<\/span>tha ajo.<\/p>\n<p>Sipas Canollit, efektet an\u00ebsore t\u00eb vaksinimit jan\u00eb t\u00eb lehta, p\u00ebrfshir\u00eb k\u00ebtu temperatur\u00ebn e leht\u00eb, lodhjen, humbjen e oreksit, plog\u00ebshtin\u00eb, nd\u00ebrsa n\u00eb vendin e injektimit mund t\u00eb paraqitet nj\u00eb \u00ebnjtje e leht\u00eb dhe skuqje q\u00eb kalojn\u00eb brenda nj\u00eb deri n\u00eb dy dit\u00eb.<\/p>\n<p>N\u00eb fund, shefja e vaksinimit n\u00eb QKMF-n\u00eb n\u00eb Prishtin\u00eb b\u00ebri thirrje q\u00eb prind\u00ebrit t\u2019i vaksinojn\u00eb f\u00ebmij\u00ebt dhe t\u00eb mos bien pre e dezinformatave t\u00eb paverifikuara shkenc\u00ebrisht.<\/p>\n<p><em>\u201cDuke qen\u00eb se fruthi \u00ebsht\u00eb s\u00ebmundje shum\u00eb ngjit\u00ebse dhe p\u00ebrhapet shpejt n\u00eb komunitet, u b\u00ebj thirrje prind\u00ebrve, kujdestar\u00ebve t\u00eb f\u00ebmij\u00ebve, t\u00eb kontrollojn\u00eb kartelat e vaksinimit dhe n\u00eb rast se u mungon vaksina kund\u00ebr fruthit, t&#8217;i d\u00ebrgojn\u00eb sa m\u00eb par\u00eb p\u00ebr vaksinim n\u00eb qendrat m\u00eb t\u00eb af\u00ebrta t\u00eb mjek\u00ebsis\u00eb familjare, t\u00eb mos bien pre e dezinformatave dhe teorive konspirative rreth efekteve an\u00ebsore t\u00eb paverifikuara shkenc\u00ebrisht\u201d<\/em>, p\u00ebrfundoi Canolli.<\/p>\n<p>Nj\u00ebsoj ka apeluar edhe Instituti Komb\u00ebtar i Sh\u00ebndet\u00ebsis\u00eb Publike duke potencuar q\u00eb vaksinimi \u00ebsht\u00eb mbrojta m\u00eb e mir\u00eb.<\/p>\n","protected":false},"excerpt":{"rendered":"<p>6 Shtator 2026 Rastet me fruth n\u00eb vend kan\u00eb sh\u00ebnuar rritje. Sipas t\u00eb dh\u00ebnave t\u00eb Institutit Komb\u00ebtar t\u00eb Sh\u00ebndet\u00ebsis\u00eb Publike, brenda pes\u00eb muajve t\u00eb k\u00ebtij viti, nga 16 prilli deri m\u00eb 30 gusht jan\u00eb konfirmuar 151 raste me fruth. E nga t\u00eb gjitha k\u00ebto, sipas IKSHPK-s\u00eb, mbi 95% e rasteve t\u00eb konfirmuara me fruth jan\u00eb [&hellip;]<\/p>\n","protected":false},"author":9,"featured_media":106135,"comment_status":"open","ping_status":"open","sticky":false,"template":"","format":"standard","meta":{"jetpack_post_was_ever_published":false,"_jetpack_newsletter_access":"","_jetpack_dont_email_post_to_subs":false,"_jetpack_newsletter_tier_id":0,"_jetpack_memberships_contains_paywalled_content":false,"_jetpack_memberships_contains_paid_content":false,"footnotes":"","jetpack_publicize_message":"","jetpack_publicize_feature_enabled":true,"jetpack_social_post_already_shared":true,"jetpack_social_options":{"image_generator_settings":{"template":"highway","default_image_id":0,"font":"","enabled":false},"version":2}},"categories":[27,1,35],"tags":[],"class_list":["post-106134","post","type-post","status-publish","format-standard","has-post-thumbnail","hentry","category-blogu-i-udhetarit","category-njoftime-shtypi","category-shoqerore"],"jetpack_publicize_connections":[],"jetpack_featured_media_url":"https:\/\/i0.wp.com\/www.shqiperia.com\/blog\/wp-content\/uploads\/2026\/09\/800-0-640-0-screenshot-2026-09-06-130632-1788692803-6a9d4a29dc100.png?fit=800%2C451&ssl=1","jetpack_sharing_enabled":true,"jetpack_shortlink":"https:\/\/wp.me\/p5Z6wp-rBQ","jetpack-related-posts":[{"id":104700,"url":"https:\/\/www.shqiperia.com\/blog\/ethet-e-nilit-ne-maqedoni-4-viktima-36-raste-te-konfirmuara\/","url_meta":{"origin":106134,"position":0},"title":"Ethet e Nilit n\u00eb Maqedoni: &#8211; 4 viktima, 36 raste t\u00eb konfirmuara.","author":"Kurt Farka","date":"August 18, 2026","format":false,"excerpt":"18 Gusht 2026 N\u00eb Shqiperi gjat\u00eb viteve t\u00eb fundit shum\u00eb qytetar\u00eb mbi mosh\u00ebn 62 vjec ken\u00eb vdekur nga kjo s\u00ebmundje Sh\u00ebnohet viktima e kat\u00ebrt nga ethet e Nilit Per\u00ebndimor n\u00eb Maqedonin\u00eb e Veriut. Lajmi u b\u00eb i ditur nga drejtori i Klinik\u00ebs p\u00ebr S\u00ebmundje Infektive n\u00eb Shkup, Fadil Cana. Sipas\u2026","rel":"","context":"In &quot;Blogu i Udh\u00ebtarit&quot;","block_context":{"text":"Blogu i Udh\u00ebtarit","link":"https:\/\/www.shqiperia.com\/blog\/category\/blogu-i-udhetarit\/"},"img":{"alt_text":"","src":"https:\/\/i0.wp.com\/www.shqiperia.com\/blog\/wp-content\/uploads\/2026\/08\/OIP-1.webp?fit=862%2C485&ssl=1&resize=350%2C200","width":350,"height":200,"srcset":"https:\/\/i0.wp.com\/www.shqiperia.com\/blog\/wp-content\/uploads\/2026\/08\/OIP-1.webp?fit=862%2C485&ssl=1&resize=350%2C200 1x, https:\/\/i0.wp.com\/www.shqiperia.com\/blog\/wp-content\/uploads\/2026\/08\/OIP-1.webp?fit=862%2C485&ssl=1&resize=525%2C300 1.5x, https:\/\/i0.wp.com\/www.shqiperia.com\/blog\/wp-content\/uploads\/2026\/08\/OIP-1.webp?fit=862%2C485&ssl=1&resize=700%2C400 2x"},"classes":[]},{"id":105370,"url":"https:\/\/www.shqiperia.com\/blog\/singapori-u-ofron-prinderve-gati-78-mije-dollare-per-femije-ne-perpjekje-per-te-rritur-lindshmerine\/","url_meta":{"origin":106134,"position":1},"title":"Singapori u ofron prind\u00ebrve gati 78 mij\u00eb dollar\u00eb p\u00ebr f\u00ebmij\u00eb, n\u00eb p\u00ebrpjekje p\u00ebr t\u00eb rritur lindshm\u00ebrin\u00eb","author":"Kurt Farka","date":"August 28, 2026","format":false,"excerpt":"28 Gusht 2026 Singapori ka prezantuar nj\u00eb paket\u00eb t\u00eb re masash p\u00ebr t\u00eb nxitur \u00e7iftet t\u00eb ken\u00eb m\u00eb shum\u00eb f\u00ebmij\u00eb, nd\u00ebrsa vendi po p\u00ebrballet me r\u00ebnie rekord t\u00eb lindshm\u00ebris\u00eb dhe plakje t\u00eb shpejt\u00eb t\u00eb popullsis\u00eb. Kryeministri Lawrence Wong njoftoi se \u00e7do f\u00ebmij\u00eb me shtet\u00ebsi singaporeane do t\u00eb p\u00ebrfitoj\u00eb pothuajse 70\u2026","rel":"","context":"In &quot;Blogu i Udh\u00ebtarit&quot;","block_context":{"text":"Blogu i Udh\u00ebtarit","link":"https:\/\/www.shqiperia.com\/blog\/category\/blogu-i-udhetarit\/"},"img":{"alt_text":"","src":"https:\/\/i0.wp.com\/www.shqiperia.com\/blog\/wp-content\/uploads\/2026\/08\/Bebe-foshnje-femije-lindje-prinder-1024x681-2.jpg?fit=1024%2C681&ssl=1&resize=350%2C200","width":350,"height":200,"srcset":"https:\/\/i0.wp.com\/www.shqiperia.com\/blog\/wp-content\/uploads\/2026\/08\/Bebe-foshnje-femije-lindje-prinder-1024x681-2.jpg?fit=1024%2C681&ssl=1&resize=350%2C200 1x, https:\/\/i0.wp.com\/www.shqiperia.com\/blog\/wp-content\/uploads\/2026\/08\/Bebe-foshnje-femije-lindje-prinder-1024x681-2.jpg?fit=1024%2C681&ssl=1&resize=525%2C300 1.5x, https:\/\/i0.wp.com\/www.shqiperia.com\/blog\/wp-content\/uploads\/2026\/08\/Bebe-foshnje-femije-lindje-prinder-1024x681-2.jpg?fit=1024%2C681&ssl=1&resize=700%2C400 2x"},"classes":[]},{"id":103827,"url":"https:\/\/www.shqiperia.com\/blog\/ne-kongo-nga-ebola-regjistrohen-mbi-1700-viktima\/","url_meta":{"origin":106134,"position":2},"title":"N\u00eb Kongo nga Ebola regjistrohen mbi 1700 viktima","author":"Kurt Farka","date":"August 5, 2026","format":false,"excerpt":"5 Gusht 2026 Shp\u00ebrthimi i Ebol\u00ebs n\u00eb Republik\u00ebn Demokratike t\u00eb Kongos vazhdon t\u00eb p\u00ebrkeq\u00ebsohet, nd\u00ebrsa numri i viktimave ka kaluar shifr\u00ebn 1.700. Sipas t\u00eb dh\u00ebnave m\u00eb t\u00eb fundit t\u00eb autoriteteve sh\u00ebndet\u00ebsore, q\u00eb nga shpallja e epidemis\u00eb m\u00eb 15 maj jan\u00eb regjistruar 3.802 raste t\u00eb konfirmuara, prej t\u00eb cilave 1.707 persona\u2026","rel":"","context":"In &quot;Kultura&quot;","block_context":{"text":"Kultura","link":"https:\/\/www.shqiperia.com\/blog\/category\/kultura\/"},"img":{"alt_text":"","src":"https:\/\/i0.wp.com\/www.shqiperia.com\/blog\/wp-content\/uploads\/2026\/08\/karte-demokratische-republik-kongo-1001920x1080-1.jpg?fit=1200%2C742&ssl=1&resize=350%2C200","width":350,"height":200,"srcset":"https:\/\/i0.wp.com\/www.shqiperia.com\/blog\/wp-content\/uploads\/2026\/08\/karte-demokratische-republik-kongo-1001920x1080-1.jpg?fit=1200%2C742&ssl=1&resize=350%2C200 1x, https:\/\/i0.wp.com\/www.shqiperia.com\/blog\/wp-content\/uploads\/2026\/08\/karte-demokratische-republik-kongo-1001920x1080-1.jpg?fit=1200%2C742&ssl=1&resize=525%2C300 1.5x, https:\/\/i0.wp.com\/www.shqiperia.com\/blog\/wp-content\/uploads\/2026\/08\/karte-demokratische-republik-kongo-1001920x1080-1.jpg?fit=1200%2C742&ssl=1&resize=700%2C400 2x, https:\/\/i0.wp.com\/www.shqiperia.com\/blog\/wp-content\/uploads\/2026\/08\/karte-demokratische-republik-kongo-1001920x1080-1.jpg?fit=1200%2C742&ssl=1&resize=1050%2C600 3x"},"classes":[]},{"id":103935,"url":"https:\/\/www.shqiperia.com\/blog\/unicef-nje-femije-vrtet-perdite-ne-gaza-pavaresisht-se-ka-armepushim\/","url_meta":{"origin":106134,"position":3},"title":"UNICEF: &#8211; Nj\u00eb f\u00ebmij\u00eb vr*tet p\u00ebrdit\u00eb n\u00eb Gaza, pavar\u00ebsisht se ka arm\u00ebpushim","author":"Kurt Farka","date":"August 7, 2026","format":false,"excerpt":"7 Gusht 2026 Sipas UNICEF-it, rreth 300 f\u00ebmij\u00eb jan\u00eb vrar\u00eb n\u00eb Rripin e Gaz\u00ebs gjat\u00eb af\u00ebrsisht 300 dit\u00ebve q\u00eb nga shpallja e arm\u00ebpushimit m\u00eb 10 tetor 2025, nj\u00eb mesatare prej nj\u00eb f\u00ebmije t\u00eb vrar\u00eb \u00e7do dit\u00eb. Agjencia e Kombeve t\u00eb Bashkuara p\u00ebr F\u00ebmij\u00ebt thekson se qindra t\u00eb tjer\u00eb jan\u00eb plagosur,\u2026","rel":"","context":"In &quot;Blogu i Udh\u00ebtarit&quot;","block_context":{"text":"Blogu i Udh\u00ebtarit","link":"https:\/\/www.shqiperia.com\/blog\/category\/blogu-i-udhetarit\/"},"img":{"alt_text":"","src":"https:\/\/i0.wp.com\/www.shqiperia.com\/blog\/wp-content\/uploads\/2026\/08\/640-0-ea06a5263a9386f0a3b65b1866d7df87.webp?fit=640%2C409&ssl=1&resize=350%2C200","width":350,"height":200,"srcset":"https:\/\/i0.wp.com\/www.shqiperia.com\/blog\/wp-content\/uploads\/2026\/08\/640-0-ea06a5263a9386f0a3b65b1866d7df87.webp?fit=640%2C409&ssl=1&resize=350%2C200 1x, https:\/\/i0.wp.com\/www.shqiperia.com\/blog\/wp-content\/uploads\/2026\/08\/640-0-ea06a5263a9386f0a3b65b1866d7df87.webp?fit=640%2C409&ssl=1&resize=525%2C300 1.5x"},"classes":[]},{"id":106074,"url":"https:\/\/www.shqiperia.com\/blog\/zevendesimi-i-heshtur-i-shqiptareve-me-te-huaj-rreth-23-mije-filipinas-indiane-dhe-egjiptiane-po-zevendesojn-fuqine-punetore\/","url_meta":{"origin":106134,"position":4},"title":"Z\u00ebvend\u00ebsimi i heshtur i shqiptar\u00ebve me t\u00eb huaj, rreth 23-mij\u00eb filipinas, indian\u00eb dhe egjiptiane po z\u00ebvend\u00ebsojn fuqin\u00eb pun\u00ebtore","author":"Kurt Farka","date":"September 5, 2026","format":false,"excerpt":"5 Shtator 2026 Nga: Dorina Azo - Monitor Deri n\u00eb fund t\u00eb muajit qershor 2026 n\u00eb Shqip\u00ebri ishin t\u00eb pun\u00ebsuar 22,6 mij\u00eb shtetas t\u00eb huaj, nga 18 mij\u00eb q\u00eb ishin n\u00eb 2025.\u00a0 Sipas t\u00eb dh\u00ebnave t\u00eb Policis\u00eb s\u00eb Shtetit filipinasit, indian\u00ebt dhe egjiptian\u00ebt kryesuan pun\u00ebsimet e reja, nd\u00ebrsa bizneset po\u2026","rel":"","context":"In &quot;Blogu i Udh\u00ebtarit&quot;","block_context":{"text":"Blogu i Udh\u00ebtarit","link":"https:\/\/www.shqiperia.com\/blog\/category\/blogu-i-udhetarit\/"},"img":{"alt_text":"","src":"https:\/\/i0.wp.com\/www.shqiperia.com\/blog\/wp-content\/uploads\/2026\/09\/auto_-900-0-1728887199xshpopullimi-rama-9071774615772.jpg?fit=900%2C527&ssl=1&resize=350%2C200","width":350,"height":200,"srcset":"https:\/\/i0.wp.com\/www.shqiperia.com\/blog\/wp-content\/uploads\/2026\/09\/auto_-900-0-1728887199xshpopullimi-rama-9071774615772.jpg?fit=900%2C527&ssl=1&resize=350%2C200 1x, https:\/\/i0.wp.com\/www.shqiperia.com\/blog\/wp-content\/uploads\/2026\/09\/auto_-900-0-1728887199xshpopullimi-rama-9071774615772.jpg?fit=900%2C527&ssl=1&resize=525%2C300 1.5x, https:\/\/i0.wp.com\/www.shqiperia.com\/blog\/wp-content\/uploads\/2026\/09\/auto_-900-0-1728887199xshpopullimi-rama-9071774615772.jpg?fit=900%2C527&ssl=1&resize=700%2C400 2x"},"classes":[]},{"id":105377,"url":"https:\/\/www.shqiperia.com\/blog\/mbi-12-mije-fotonegativa-ruhen-ne-muzeun-historik-kombetar-tirane\/","url_meta":{"origin":106134,"position":5},"title":"Mbi 12 mij\u00eb fotonegativa\u00a0ruhen n\u00eb Muzeun Historik Komb\u00ebtar, Tiran\u00eb\u00a0","author":"Kurt Farka","date":"August 28, 2026","format":false,"excerpt":"28 Gusht 2026 Nga Julia Vrapi Fondi prej mbi 12 mij\u00eb fotonegativ\u00ebsh i Muzeut Historik Komb\u00ebtar po kalon n\u00eb procesin e digjitalizimit nga Arkivi Q\u00ebndror Shtet\u00ebror i Filmit. Puna, e cila ka nisur prej m\u00eb pak se nj\u00eb viti, ka sjell\u00eb deri tani 4289 fotografi t\u00eb digjitalizuara. Procesi synon ruajtjen\u2026","rel":"","context":"In &quot;Blogu i Udh\u00ebtarit&quot;","block_context":{"text":"Blogu i Udh\u00ebtarit","link":"https:\/\/www.shqiperia.com\/blog\/category\/blogu-i-udhetarit\/"},"img":{"alt_text":"","src":"https:\/\/i0.wp.com\/www.shqiperia.com\/blog\/wp-content\/uploads\/2026\/08\/muzeuu-6a8fd28eb20bf.png?fit=576%2C394&ssl=1&resize=350%2C200","width":350,"height":200,"srcset":"https:\/\/i0.wp.com\/www.shqiperia.com\/blog\/wp-content\/uploads\/2026\/08\/muzeuu-6a8fd28eb20bf.png?fit=576%2C394&ssl=1&resize=350%2C200 1x, https:\/\/i0.wp.com\/www.shqiperia.com\/blog\/wp-content\/uploads\/2026\/08\/muzeuu-6a8fd28eb20bf.png?fit=576%2C394&ssl=1&resize=525%2C300 1.5x"},"classes":[]}],"_links":{"self":[{"href":"https:\/\/www.shqiperia.com\/blog\/wp-json\/wp\/v2\/posts\/106134","targetHints":{"allow":["GET"]}}],"collection":[{"href":"https:\/\/www.shqiperia.com\/blog\/wp-json\/wp\/v2\/posts"}],"about":[{"href":"https:\/\/www.shqiperia.com\/blog\/wp-json\/wp\/v2\/types\/post"}],"author":[{"embeddable":true,"href":"https:\/\/www.shqiperia.com\/blog\/wp-json\/wp\/v2\/users\/9"}],"replies":[{"embeddable":true,"href":"https:\/\/www.shqiperia.com\/blog\/wp-json\/wp\/v2\/comments?post=106134"}],"version-history":[{"count":1,"href":"https:\/\/www.shqiperia.com\/blog\/wp-json\/wp\/v2\/posts\/106134\/revisions"}],"predecessor-version":[{"id":106136,"href":"https:\/\/www.shqiperia.com\/blog\/wp-json\/wp\/v2\/posts\/106134\/revisions\/106136"}],"wp:featuredmedia":[{"embeddable":true,"href":"https:\/\/www.shqiperia.com\/blog\/wp-json\/wp\/v2\/media\/106135"}],"wp:attachment":[{"href":"https:\/\/www.shqiperia.com\/blog\/wp-json\/wp\/v2\/media?parent=106134"}],"wp:term":[{"taxonomy":"category","embeddable":true,"href":"https:\/\/www.shqiperia.com\/blog\/wp-json\/wp\/v2\/categories?post=106134"},{"taxonomy":"post_tag","embeddable":true,"href":"https:\/\/www.shqiperia.com\/blog\/wp-json\/wp\/v2\/tags?post=106134"}],"curies":[{"name":"wp","href":"https:\/\/api.w.org\/{rel}","templated":true}]}}