{"id":106131,"date":"2026-09-06T15:17:30","date_gmt":"2026-09-06T15:17:30","guid":{"rendered":"https:\/\/www.shqiperia.com\/blog\/?p=106131"},"modified":"2026-09-06T15:17:30","modified_gmt":"2026-09-06T15:17:30","slug":"radhe-te-gjata-ne-kapshtice-mbi-10-mije-shtetas-kalojne-kufirin-per-te-blere-nafte-dhe-ushqime-ne-greqi","status":"publish","type":"post","link":"https:\/\/www.shqiperia.com\/blog\/radhe-te-gjata-ne-kapshtice-mbi-10-mije-shtetas-kalojne-kufirin-per-te-blere-nafte-dhe-ushqime-ne-greqi\/","title":{"rendered":"Radh\u00eb t\u00eb gjata n\u00eb Kapshtic\u00eb, mbi 10 mij\u00eb shtetas kalojn\u00eb kufirin, p\u00ebr t\u00eb bler\u00eb naft\u00eb dhe ushqime n\u00eb Greqi"},"content":{"rendered":"<p><img data-recalc-dims=\"1\" loading=\"lazy\" decoding=\"async\" data-attachment-id=\"106132\" data-permalink=\"https:\/\/www.shqiperia.com\/blog\/radhe-te-gjata-ne-kapshtice-mbi-10-mije-shtetas-kalojne-kufirin-per-te-blere-nafte-dhe-ushqime-ne-greqi\/800-0-whatsapp-image-2026-09-06-at-2-23-13-pm-752x440-6a9d65b7da9f5\/\" data-orig-file=\"https:\/\/i0.wp.com\/www.shqiperia.com\/blog\/wp-content\/uploads\/2026\/09\/800-0-whatsapp-image-2026-09-06-at-2-23-13-pm-752x440-6a9d65b7da9f5.jpeg?fit=800%2C468&amp;ssl=1\" data-orig-size=\"800,468\" data-comments-opened=\"1\" data-image-meta=\"{&quot;aperture&quot;:&quot;0&quot;,&quot;credit&quot;:&quot;&quot;,&quot;camera&quot;:&quot;&quot;,&quot;caption&quot;:&quot;&quot;,&quot;created_timestamp&quot;:&quot;0&quot;,&quot;copyright&quot;:&quot;&quot;,&quot;focal_length&quot;:&quot;0&quot;,&quot;iso&quot;:&quot;0&quot;,&quot;shutter_speed&quot;:&quot;0&quot;,&quot;title&quot;:&quot;&quot;,&quot;orientation&quot;:&quot;0&quot;}\" data-image-title=\"-800-0-whatsapp-image-2026-09-06-at-2-23-13-pm-752&#215;440-6a9d65b7da9f5\" data-image-description=\"\" data-image-caption=\"\" data-medium-file=\"https:\/\/i0.wp.com\/www.shqiperia.com\/blog\/wp-content\/uploads\/2026\/09\/800-0-whatsapp-image-2026-09-06-at-2-23-13-pm-752x440-6a9d65b7da9f5.jpeg?fit=300%2C176&amp;ssl=1\" data-large-file=\"https:\/\/i0.wp.com\/www.shqiperia.com\/blog\/wp-content\/uploads\/2026\/09\/800-0-whatsapp-image-2026-09-06-at-2-23-13-pm-752x440-6a9d65b7da9f5.jpeg?fit=800%2C468&amp;ssl=1\" class=\"alignnone  wp-image-106132\" alt=\"\" src=\"https:\/\/i0.wp.com\/www.shqiperia.com\/blog\/wp-content\/uploads\/2026\/09\/800-0-whatsapp-image-2026-09-06-at-2-23-13-pm-752x440-6a9d65b7da9f5.jpeg?resize=545%2C320&#038;ssl=1\" width=\"545\" height=\"320\" srcset=\"https:\/\/i0.wp.com\/www.shqiperia.com\/blog\/wp-content\/uploads\/2026\/09\/800-0-whatsapp-image-2026-09-06-at-2-23-13-pm-752x440-6a9d65b7da9f5.jpeg?resize=300%2C176&amp;ssl=1 300w, https:\/\/i0.wp.com\/www.shqiperia.com\/blog\/wp-content\/uploads\/2026\/09\/800-0-whatsapp-image-2026-09-06-at-2-23-13-pm-752x440-6a9d65b7da9f5.jpeg?resize=768%2C449&amp;ssl=1 768w, https:\/\/i0.wp.com\/www.shqiperia.com\/blog\/wp-content\/uploads\/2026\/09\/800-0-whatsapp-image-2026-09-06-at-2-23-13-pm-752x440-6a9d65b7da9f5.jpeg?resize=450%2C263&amp;ssl=1 450w, https:\/\/i0.wp.com\/www.shqiperia.com\/blog\/wp-content\/uploads\/2026\/09\/800-0-whatsapp-image-2026-09-06-at-2-23-13-pm-752x440-6a9d65b7da9f5.jpeg?resize=600%2C351&amp;ssl=1 600w, https:\/\/i0.wp.com\/www.shqiperia.com\/blog\/wp-content\/uploads\/2026\/09\/800-0-whatsapp-image-2026-09-06-at-2-23-13-pm-752x440-6a9d65b7da9f5.jpeg?resize=400%2C234&amp;ssl=1 400w, https:\/\/i0.wp.com\/www.shqiperia.com\/blog\/wp-content\/uploads\/2026\/09\/800-0-whatsapp-image-2026-09-06-at-2-23-13-pm-752x440-6a9d65b7da9f5.jpeg?w=800&amp;ssl=1 800w\" sizes=\"auto, (max-width: 545px) 100vw, 545px\" \/><\/p>\n<p>6 Shtator 2026<\/p>\n<p>Radh\u00eb t\u00eb gjata jan\u00eb krijuar n\u00eb pik\u00ebn e kalimit kufitar t\u00eb Kapshtic\u00ebs, ku qytetar\u00ebt q\u00eb udh\u00ebtojn\u00eb drejt Greqis\u00eb po p\u00ebrballen me pritje prej m\u00eb shum\u00eb se nj\u00eb ore.<\/p>\n<p>Fluksi i lart\u00eb i l\u00ebvizjeve lidhet kryesisht me fundjav\u00ebn, por edhe me numrin e madh t\u00eb banor\u00ebve t\u00eb Kor\u00e7\u00ebs dhe zonave t\u00eb juglindjes q\u00eb zgjedhin t\u00eb udh\u00ebtojn\u00eb drejt Greqis\u00eb p\u00ebr t\u00eb b\u00ebr\u00eb blerje ushqimore kryesisht.<\/p>\n<p>\u00c7mimi m\u00eb i ul\u00ebt i karburantit, s\u00eb bashku me diferencat n\u00eb \u00e7mimet e produkteve ushqimore dhe artikujve t\u00eb konsumit t\u00eb p\u00ebrditsh\u00ebm, po i shtyn gjithnj\u00eb e m\u00eb shum\u00eb t\u00eb kalojn\u00eb kufirin p\u00ebr t\u00eb kryer furnizimet.<\/p>\n<p>Banor\u00ebt e zonave pran\u00eb kufirit shprehen se blerjet n\u00eb Greqi jan\u00eb kthyer n\u00eb nj\u00eb alternativ\u00eb p\u00ebr t\u00eb ulur shpenzimet familjare, ve\u00e7an\u00ebrisht n\u00eb nj\u00eb koh\u00eb kur kostoja e jetes\u00ebs vijon t\u00eb mbetet e lart\u00eb.<\/p>\n<p>P\u00ebr t\u00eb p\u00ebrballuar fluksin e shtuar, Policia Kufitare n\u00eb Kapshtic\u00eb shton gjat\u00eb fundjavave numrin e sporteleve n\u00eb hyrje dhe dalje, nd\u00ebrsa zbatohen edhe procedura t\u00eb p\u00ebrshpejtuara p\u00ebr p\u00ebrpunimin e udh\u00ebtar\u00ebve.<\/p>\n<p>Sipas burimeve nga pika kufitare, gjat\u00eb fundjavave p\u00ebrmes Kapshtic\u00ebs kalojn\u00eb n\u00eb dalje nga Shqip\u00ebria m\u00eb shum\u00eb se 10 mij\u00eb shtetas. Rritja e l\u00ebvizjeve, megjithat\u00eb, shoq\u00ebrohet me pritje t\u00eb gjata, ve\u00e7an\u00ebrisht n\u00eb oraret e pikut.<\/p>\n","protected":false},"excerpt":{"rendered":"<p>6 Shtator 2026 Radh\u00eb t\u00eb gjata jan\u00eb krijuar n\u00eb pik\u00ebn e kalimit kufitar t\u00eb Kapshtic\u00ebs, ku qytetar\u00ebt q\u00eb udh\u00ebtojn\u00eb drejt Greqis\u00eb po p\u00ebrballen me pritje prej m\u00eb shum\u00eb se nj\u00eb ore. Fluksi i lart\u00eb i l\u00ebvizjeve lidhet kryesisht me fundjav\u00ebn, por edhe me numrin e madh t\u00eb banor\u00ebve t\u00eb Kor\u00e7\u00ebs dhe zonave t\u00eb juglindjes q\u00eb [&hellip;]<\/p>\n","protected":false},"author":9,"featured_media":106132,"comment_status":"open","ping_status":"open","sticky":false,"template":"","format":"standard","meta":{"jetpack_post_was_ever_published":false,"_jetpack_newsletter_access":"","_jetpack_dont_email_post_to_subs":false,"_jetpack_newsletter_tier_id":0,"_jetpack_memberships_contains_paywalled_content":false,"_jetpack_memberships_contains_paid_content":false,"footnotes":"","jetpack_publicize_message":"","jetpack_publicize_feature_enabled":true,"jetpack_social_post_already_shared":true,"jetpack_social_options":{"image_generator_settings":{"template":"highway","default_image_id":0,"font":"","enabled":false},"version":2}},"categories":[27,1,2,35],"tags":[],"class_list":["post-106131","post","type-post","status-publish","format-standard","has-post-thumbnail","hentry","category-blogu-i-udhetarit","category-njoftime-shtypi","category-politika","category-shoqerore"],"jetpack_publicize_connections":[],"jetpack_featured_media_url":"https:\/\/i0.wp.com\/www.shqiperia.com\/blog\/wp-content\/uploads\/2026\/09\/800-0-whatsapp-image-2026-09-06-at-2-23-13-pm-752x440-6a9d65b7da9f5.jpeg?fit=800%2C468&ssl=1","jetpack_sharing_enabled":true,"jetpack_shortlink":"https:\/\/wp.me\/p5Z6wp-rBN","jetpack-related-posts":[{"id":101755,"url":"https:\/\/www.shqiperia.com\/blog\/miliona-euro-per-prona-ne-greqi-investimet-izraelite-rriten-fort-ne-athine-dhe-ishuj\/","url_meta":{"origin":106131,"position":0},"title":"Miliona euro p\u00ebr prona n\u00eb Greqi. Investimet izraelite rriten fort n\u00eb Athin\u00eb dhe ishuj","author":"Kurt Farka","date":"June 24, 2026","format":false,"excerpt":"Deri para pandemis\u00eb, investimet izraelite n\u00eb Greqi ishin periferike. Por, pas rihapjes s\u00eb ekonomis\u00eb globale dhe riaktivizimit t\u00eb turizmit, Athina dhe Tel Avivi jan\u00eb afruar ndjesh\u00ebm me nj\u00eb s\u00ebr\u00eb marr\u00ebveshjesh, q\u00eb nga ato sociale, ekonomike dhe deri ushtarake. Nxitur nga af\u00ebrsia gjeografike, lidhjet kulturore dhe klima e favorshme e t\u00eb\u2026","rel":"","context":"In &quot;Blogu i Udh\u00ebtarit&quot;","block_context":{"text":"Blogu i Udh\u00ebtarit","link":"https:\/\/www.shqiperia.com\/blog\/category\/blogu-i-udhetarit\/"},"img":{"alt_text":"","src":"https:\/\/i0.wp.com\/www.shqiperia.com\/blog\/wp-content\/uploads\/2026\/06\/ptr-corpsite-travel-asset-dream-destinations-mobile.jpg?fit=856%2C520&ssl=1&resize=350%2C200","width":350,"height":200,"srcset":"https:\/\/i0.wp.com\/www.shqiperia.com\/blog\/wp-content\/uploads\/2026\/06\/ptr-corpsite-travel-asset-dream-destinations-mobile.jpg?fit=856%2C520&ssl=1&resize=350%2C200 1x, https:\/\/i0.wp.com\/www.shqiperia.com\/blog\/wp-content\/uploads\/2026\/06\/ptr-corpsite-travel-asset-dream-destinations-mobile.jpg?fit=856%2C520&ssl=1&resize=525%2C300 1.5x, https:\/\/i0.wp.com\/www.shqiperia.com\/blog\/wp-content\/uploads\/2026\/06\/ptr-corpsite-travel-asset-dream-destinations-mobile.jpg?fit=856%2C520&ssl=1&resize=700%2C400 2x"},"classes":[]},{"id":105621,"url":"https:\/\/www.shqiperia.com\/blog\/kriza-e-strehimit-ne-spanje-pse-te-rinjte-po-lene-qytetet-per-fshatrat\/","url_meta":{"origin":106131,"position":1},"title":"Kriza e strehimit n\u00eb Spanj\u00eb: &#8211; Pse t\u00eb rinjt\u00eb po l\u00ebn\u00eb qytetet p\u00ebr fshatrat","author":"Kurt Farka","date":"September 1, 2026","format":false,"excerpt":"1 Shtator 2026 13% e personave q\u00eb synojn\u00eb t\u00eb blejn\u00eb nj\u00eb banes\u00eb planifikojn\u00eb t\u00eb zhvendosen n\u00eb zona me m\u00eb pak se 10 mij\u00eb banor\u00eb. Mes tyre mbizot\u00ebrojn\u00eb t\u00eb rinjt\u00eb rreth 35 vje\u00e7, me t\u00eb ardhura mesatare, t\u00eb cil\u00ebt po i shohin zonat rurale t\u00eb Spanj\u00ebs si nj\u00eb rrug\u00ebdalje nga nj\u00eb\u2026","rel":"","context":"In &quot;Blogu i Udh\u00ebtarit&quot;","block_context":{"text":"Blogu i Udh\u00ebtarit","link":"https:\/\/www.shqiperia.com\/blog\/category\/blogu-i-udhetarit\/"},"img":{"alt_text":"","src":"https:\/\/i0.wp.com\/www.shqiperia.com\/blog\/wp-content\/uploads\/2026\/09\/Spanje.jpeg?fit=1200%2C675&ssl=1&resize=350%2C200","width":350,"height":200,"srcset":"https:\/\/i0.wp.com\/www.shqiperia.com\/blog\/wp-content\/uploads\/2026\/09\/Spanje.jpeg?fit=1200%2C675&ssl=1&resize=350%2C200 1x, https:\/\/i0.wp.com\/www.shqiperia.com\/blog\/wp-content\/uploads\/2026\/09\/Spanje.jpeg?fit=1200%2C675&ssl=1&resize=525%2C300 1.5x, https:\/\/i0.wp.com\/www.shqiperia.com\/blog\/wp-content\/uploads\/2026\/09\/Spanje.jpeg?fit=1200%2C675&ssl=1&resize=700%2C400 2x, https:\/\/i0.wp.com\/www.shqiperia.com\/blog\/wp-content\/uploads\/2026\/09\/Spanje.jpeg?fit=1200%2C675&ssl=1&resize=1050%2C600 3x"},"classes":[]},{"id":104551,"url":"https:\/\/www.shqiperia.com\/blog\/vale-tjeter-emigrantesh-drejt-spanjes-ndalohen-qindra-persona-prane-ceutas\/","url_meta":{"origin":106131,"position":2},"title":"Val\u00eb tjet\u00ebr emigrant\u00ebsh drejt Spanj\u00ebs, ndalohen qindra persona pran\u00eb Ceutas","author":"Kurt Farka","date":"August 16, 2026","format":false,"excerpt":"16 Gusht 2026 Forcat marokene t\u00eb siguris\u00eb than\u00eb t\u00eb shtun\u00ebn se kan\u00eb penguar qindra njer\u00ebz t\u00eb kalojn\u00eb n\u00eb Ceuta. Raportet thon\u00eb se grupi, kryesisht me origjin\u00eb nga Afrika Sub-Sahariane, ishte fshehur n\u00eb periferi t\u00eb Fnideq, i njohur n\u00eb spanjisht si Castillejos. Mediat marokene thon\u00eb se u arrestuan 294 persona, 46\u2026","rel":"","context":"In &quot;Blogu i Udh\u00ebtarit&quot;","block_context":{"text":"Blogu i Udh\u00ebtarit","link":"https:\/\/www.shqiperia.com\/blog\/category\/blogu-i-udhetarit\/"},"img":{"alt_text":"","src":"https:\/\/i0.wp.com\/www.shqiperia.com\/blog\/wp-content\/uploads\/2026\/08\/1366x768_cmsv2_7cf39463-8ba4-575a-8eb8-3063aaa62308-9875474.webp?fit=1200%2C675&ssl=1&resize=350%2C200","width":350,"height":200,"srcset":"https:\/\/i0.wp.com\/www.shqiperia.com\/blog\/wp-content\/uploads\/2026\/08\/1366x768_cmsv2_7cf39463-8ba4-575a-8eb8-3063aaa62308-9875474.webp?fit=1200%2C675&ssl=1&resize=350%2C200 1x, https:\/\/i0.wp.com\/www.shqiperia.com\/blog\/wp-content\/uploads\/2026\/08\/1366x768_cmsv2_7cf39463-8ba4-575a-8eb8-3063aaa62308-9875474.webp?fit=1200%2C675&ssl=1&resize=525%2C300 1.5x, https:\/\/i0.wp.com\/www.shqiperia.com\/blog\/wp-content\/uploads\/2026\/08\/1366x768_cmsv2_7cf39463-8ba4-575a-8eb8-3063aaa62308-9875474.webp?fit=1200%2C675&ssl=1&resize=700%2C400 2x, https:\/\/i0.wp.com\/www.shqiperia.com\/blog\/wp-content\/uploads\/2026\/08\/1366x768_cmsv2_7cf39463-8ba4-575a-8eb8-3063aaa62308-9875474.webp?fit=1200%2C675&ssl=1&resize=1050%2C600 3x"},"classes":[]},{"id":104895,"url":"https:\/\/www.shqiperia.com\/blog\/nuk-kemi-pare-kurre-dicka-te-tille-el-nino-alarmon-shkencetaret-2027-do-te-jete-viti-me-i-nxehte-ndonjehere\/","url_meta":{"origin":106131,"position":3},"title":"\u201cNuk kemi par\u00eb kurr\u00eb di\u00e7ka t\u00eb till\u00eb\u201d\/ El Ni\u00f1o alarmon shkenc\u00ebtar\u00ebt, 2027 do t\u00eb jet\u00eb viti m\u00eb i nxeht\u00eb ndonj\u00ebher\u00eb","author":"Kurt Farka","date":"August 21, 2026","format":false,"excerpt":"21 Gusht 2026 Fenomeni El Ni\u00f1o q\u00eb po zhvillohet n\u00eb Oqeanin Paq\u00ebsor mund t\u00eb jet\u00eb m\u00eb i fuqishmi i regjistruar n\u00eb koh\u00ebt moderne, paralajm\u00ebrojn\u00eb ekspert\u00ebt e Met Office, sh\u00ebrbimit meteorologjik britanik. Fenomeni natyror klimatik pritet t\u00eb ndikoj\u00eb n\u00eb rritjen e temperaturave mesatare globale dhe t\u00eb shtoj\u00eb rrezikun p\u00ebr episode t\u00eb\u2026","rel":"","context":"In &quot;Blogu i Udh\u00ebtarit&quot;","block_context":{"text":"Blogu i Udh\u00ebtarit","link":"https:\/\/www.shqiperia.com\/blog\/category\/blogu-i-udhetarit\/"},"img":{"alt_text":"","src":"https:\/\/i0.wp.com\/www.shqiperia.com\/blog\/wp-content\/uploads\/2026\/08\/IMG_2857.webp?fit=976%2C549&ssl=1&resize=350%2C200","width":350,"height":200,"srcset":"https:\/\/i0.wp.com\/www.shqiperia.com\/blog\/wp-content\/uploads\/2026\/08\/IMG_2857.webp?fit=976%2C549&ssl=1&resize=350%2C200 1x, https:\/\/i0.wp.com\/www.shqiperia.com\/blog\/wp-content\/uploads\/2026\/08\/IMG_2857.webp?fit=976%2C549&ssl=1&resize=525%2C300 1.5x, https:\/\/i0.wp.com\/www.shqiperia.com\/blog\/wp-content\/uploads\/2026\/08\/IMG_2857.webp?fit=976%2C549&ssl=1&resize=700%2C400 2x"},"classes":[]},{"id":103109,"url":"https:\/\/www.shqiperia.com\/blog\/mali-olimp-prane-statusit-te-trashegimise-boterore-te-unesco-s\/","url_meta":{"origin":106131,"position":4},"title":"Mali Olimp pran\u00eb statusit t\u00eb Trash\u00ebgimis\u00eb Bot\u00ebrore t\u00eb UNESCO-s","author":"Kurt Farka","date":"July 22, 2026","format":false,"excerpt":"22 Korrik 2026 Mali Olimp, maja m\u00eb e lart\u00eb e Greqis\u00eb dhe simbol i mitologjis\u00eb s\u00eb lasht\u00eb, \u00ebsht\u00eb shum\u00eb pran\u00eb p\u00ebrfshirjes n\u00eb List\u00ebn e Trash\u00ebgimis\u00eb Bot\u00ebrore t\u00eb UNESCO-s. K\u00ebrkesa e Greqis\u00eb do t\u00eb shqyrtohet gjat\u00eb mbledhjes s\u00eb Komitetit t\u00eb Trash\u00ebgimis\u00eb Bot\u00ebrore, e cila zhvillohet nga 19 deri m\u00eb 29 korrik\u2026","rel":"","context":"In &quot;Blogu i Udh\u00ebtarit&quot;","block_context":{"text":"Blogu i Udh\u00ebtarit","link":"https:\/\/www.shqiperia.com\/blog\/category\/blogu-i-udhetarit\/"},"img":{"alt_text":"","src":"https:\/\/i0.wp.com\/www.shqiperia.com\/blog\/wp-content\/uploads\/2026\/07\/98.jpg?fit=1185%2C616&ssl=1&resize=350%2C200","width":350,"height":200,"srcset":"https:\/\/i0.wp.com\/www.shqiperia.com\/blog\/wp-content\/uploads\/2026\/07\/98.jpg?fit=1185%2C616&ssl=1&resize=350%2C200 1x, https:\/\/i0.wp.com\/www.shqiperia.com\/blog\/wp-content\/uploads\/2026\/07\/98.jpg?fit=1185%2C616&ssl=1&resize=525%2C300 1.5x, https:\/\/i0.wp.com\/www.shqiperia.com\/blog\/wp-content\/uploads\/2026\/07\/98.jpg?fit=1185%2C616&ssl=1&resize=700%2C400 2x, https:\/\/i0.wp.com\/www.shqiperia.com\/blog\/wp-content\/uploads\/2026\/07\/98.jpg?fit=1185%2C616&ssl=1&resize=1050%2C600 3x"},"classes":[]},{"id":100629,"url":"https:\/\/www.shqiperia.com\/blog\/perplasjet-me-greqine-deti-per-integrimin-ministri-dendias-takohet-me-ramen-ne-tirane\/","url_meta":{"origin":106131,"position":5},"title":"P\u00ebrplasjet me Greqin\u00eb &#8211; Deti p\u00ebr integrimin! Ministri Dendias takohet me Ram\u00ebn n\u00eb Tiran\u00eb","author":"Kurt Farka","date":"May 25, 2026","format":false,"excerpt":"25 Maji 2026 Kryeministri Edi Rama po josh Greqin\u00eb n\u00eb mb\u00ebshtetje t\u00eb integrimit t\u00eb Shqip\u00ebris\u00eb duke i riaktivizuar negociatat p\u00ebr Detin, ku Greqia k\u00ebrkon 12 milje. Teksa i mbajti t\u00eb bllokuara p\u00ebr vite me radh\u00eb k\u00ebto negociata, dhe krijoj\u00eb nj\u00eb klim\u00eb tensioni, duket se kryeministri shqiptar k\u00ebrkon ndryshimin e raporteve\u2026","rel":"","context":"In &quot;Njoftime Shtypi&quot;","block_context":{"text":"Njoftime Shtypi","link":"https:\/\/www.shqiperia.com\/blog\/category\/njoftime-shtypi\/"},"img":{"alt_text":"","src":"https:\/\/i0.wp.com\/www.shqiperia.com\/blog\/wp-content\/uploads\/2026\/05\/images-3-1.jpg?resize=350%2C200&ssl=1","width":350,"height":200,"srcset":"https:\/\/i0.wp.com\/www.shqiperia.com\/blog\/wp-content\/uploads\/2026\/05\/images-3-1.jpg?resize=350%2C200&ssl=1 1x, https:\/\/i0.wp.com\/www.shqiperia.com\/blog\/wp-content\/uploads\/2026\/05\/images-3-1.jpg?resize=525%2C300&ssl=1 1.5x"},"classes":[]}],"_links":{"self":[{"href":"https:\/\/www.shqiperia.com\/blog\/wp-json\/wp\/v2\/posts\/106131","targetHints":{"allow":["GET"]}}],"collection":[{"href":"https:\/\/www.shqiperia.com\/blog\/wp-json\/wp\/v2\/posts"}],"about":[{"href":"https:\/\/www.shqiperia.com\/blog\/wp-json\/wp\/v2\/types\/post"}],"author":[{"embeddable":true,"href":"https:\/\/www.shqiperia.com\/blog\/wp-json\/wp\/v2\/users\/9"}],"replies":[{"embeddable":true,"href":"https:\/\/www.shqiperia.com\/blog\/wp-json\/wp\/v2\/comments?post=106131"}],"version-history":[{"count":1,"href":"https:\/\/www.shqiperia.com\/blog\/wp-json\/wp\/v2\/posts\/106131\/revisions"}],"predecessor-version":[{"id":106133,"href":"https:\/\/www.shqiperia.com\/blog\/wp-json\/wp\/v2\/posts\/106131\/revisions\/106133"}],"wp:featuredmedia":[{"embeddable":true,"href":"https:\/\/www.shqiperia.com\/blog\/wp-json\/wp\/v2\/media\/106132"}],"wp:attachment":[{"href":"https:\/\/www.shqiperia.com\/blog\/wp-json\/wp\/v2\/media?parent=106131"}],"wp:term":[{"taxonomy":"category","embeddable":true,"href":"https:\/\/www.shqiperia.com\/blog\/wp-json\/wp\/v2\/categories?post=106131"},{"taxonomy":"post_tag","embeddable":true,"href":"https:\/\/www.shqiperia.com\/blog\/wp-json\/wp\/v2\/tags?post=106131"}],"curies":[{"name":"wp","href":"https:\/\/api.w.org\/{rel}","templated":true}]}}