{"id":106125,"date":"2026-09-06T00:39:53","date_gmt":"2026-09-06T00:39:53","guid":{"rendered":"https:\/\/www.shqiperia.com\/blog\/?p=106125"},"modified":"2026-09-06T00:39:53","modified_gmt":"2026-09-06T00:39:53","slug":"zhupa-himara-130-mln-euro-tendera-ne-vit-por-sherbimi-zjarrefikesme-gjendje-katastrofe","status":"publish","type":"post","link":"https:\/\/www.shqiperia.com\/blog\/zhupa-himara-130-mln-euro-tendera-ne-vit-por-sherbimi-zjarrefikesme-gjendje-katastrofe\/","title":{"rendered":"Zhupa: Himara 130 mln euro tendera n\u00eb vit, por sh\u00ebrbimi zjarr\u00ebfik\u00ebsme gjendje katastrof\u00eb"},"content":{"rendered":"<div id=\"attachment_106128\" style=\"width: 679px\" class=\"wp-caption alignnone\"><img data-recalc-dims=\"1\" loading=\"lazy\" decoding=\"async\" aria-describedby=\"caption-attachment-106128\" data-attachment-id=\"106128\" data-permalink=\"https:\/\/www.shqiperia.com\/blog\/zhupa-himara-130-mln-euro-tendera-ne-vit-por-sherbimi-zjarrefikesme-gjendje-katastrofe\/zjarri-ne-himare-4-shtator-2026-2\/\" data-orig-file=\"https:\/\/i0.wp.com\/www.shqiperia.com\/blog\/wp-content\/uploads\/2026\/09\/Zjarri-ne-Himare-4-Shtator-2026-1.webp?fit=1280%2C720&amp;ssl=1\" data-orig-size=\"1280,720\" data-comments-opened=\"1\" data-image-meta=\"{&quot;aperture&quot;:&quot;0&quot;,&quot;credit&quot;:&quot;&quot;,&quot;camera&quot;:&quot;&quot;,&quot;caption&quot;:&quot;&quot;,&quot;created_timestamp&quot;:&quot;0&quot;,&quot;copyright&quot;:&quot;&quot;,&quot;focal_length&quot;:&quot;0&quot;,&quot;iso&quot;:&quot;0&quot;,&quot;shutter_speed&quot;:&quot;0&quot;,&quot;title&quot;:&quot;&quot;,&quot;orientation&quot;:&quot;0&quot;}\" data-image-title=\"Zjarri n\u00eb Himar\u00eb, 4 Shtator 2026\" data-image-description=\"\" data-image-caption=\"&lt;p&gt;Zjarri n\u00eb Himar\u00eb, 4 Shtator 2026&lt;\/p&gt;\n\" data-medium-file=\"https:\/\/i0.wp.com\/www.shqiperia.com\/blog\/wp-content\/uploads\/2026\/09\/Zjarri-ne-Himare-4-Shtator-2026-1.webp?fit=300%2C169&amp;ssl=1\" data-large-file=\"https:\/\/i0.wp.com\/www.shqiperia.com\/blog\/wp-content\/uploads\/2026\/09\/Zjarri-ne-Himare-4-Shtator-2026-1.webp?fit=1024%2C576&amp;ssl=1\" class=\" wp-image-106128\" alt=\"\" src=\"https:\/\/i0.wp.com\/www.shqiperia.com\/blog\/wp-content\/uploads\/2026\/09\/Zjarri-ne-Himare-4-Shtator-2026-1.webp?resize=669%2C377&#038;ssl=1\" width=\"669\" height=\"377\" srcset=\"https:\/\/i0.wp.com\/www.shqiperia.com\/blog\/wp-content\/uploads\/2026\/09\/Zjarri-ne-Himare-4-Shtator-2026-1.webp?resize=300%2C169&amp;ssl=1 300w, https:\/\/i0.wp.com\/www.shqiperia.com\/blog\/wp-content\/uploads\/2026\/09\/Zjarri-ne-Himare-4-Shtator-2026-1.webp?resize=1024%2C576&amp;ssl=1 1024w, https:\/\/i0.wp.com\/www.shqiperia.com\/blog\/wp-content\/uploads\/2026\/09\/Zjarri-ne-Himare-4-Shtator-2026-1.webp?resize=768%2C432&amp;ssl=1 768w, https:\/\/i0.wp.com\/www.shqiperia.com\/blog\/wp-content\/uploads\/2026\/09\/Zjarri-ne-Himare-4-Shtator-2026-1.webp?resize=450%2C253&amp;ssl=1 450w, https:\/\/i0.wp.com\/www.shqiperia.com\/blog\/wp-content\/uploads\/2026\/09\/Zjarri-ne-Himare-4-Shtator-2026-1.webp?resize=600%2C338&amp;ssl=1 600w, https:\/\/i0.wp.com\/www.shqiperia.com\/blog\/wp-content\/uploads\/2026\/09\/Zjarri-ne-Himare-4-Shtator-2026-1.webp?resize=400%2C225&amp;ssl=1 400w, https:\/\/i0.wp.com\/www.shqiperia.com\/blog\/wp-content\/uploads\/2026\/09\/Zjarri-ne-Himare-4-Shtator-2026-1.webp?w=1280&amp;ssl=1 1280w\" sizes=\"auto, (max-width: 669px) 100vw, 669px\" \/><p id=\"caption-attachment-106128\" class=\"wp-caption-text\">Zjarri n\u00eb Himar\u00eb, 4 Shtator 2026<\/p><\/div>\n<p data-a11y-orig-inline=\"\" data-a11y-base-fs=\"18\">6 Shtator 2026<\/p>\n<p data-a11y-orig-inline=\"\" data-a11y-base-fs=\"18\">N\u00eb nj\u00eb reagim p\u00ebr situat\u00ebn e r\u00ebnd\u00eb t\u00eb zjarreve n\u00eb Himar\u00eb, deputetja e Partis\u00eb Demokratike, Ina Zhupa, akuzon Bashkin\u00eb e Himar\u00ebs p\u00ebr munges\u00eb vullneti politik n\u00eb p\u00ebrdorimin e fondeve publike p\u00ebr mbrojtjen e qytetar\u00ebve.<\/p>\n<p data-a11y-orig-inline=\"\" data-a11y-base-fs=\"18\">Zhupa thekson se, pavar\u00ebsisht buxhetit t\u00eb lart\u00eb t\u00eb bashkis\u00eb dhe tenderave q\u00eb, sipas saj, k\u00ebt\u00eb vit kapin mbi 130 milion\u00eb euro, sh\u00ebrbimi zjarrfik\u00ebs vijon t\u00eb mos ket\u00eb kapacitetet e nevojshme p\u00ebr nd\u00ebrhyrje t\u00eb menj\u00ebhershme.<\/p>\n<p data-a11y-orig-inline=\"\" data-a11y-base-fs=\"18\">Ajo k\u00ebrkon q\u00eb Bashkia e Himar\u00ebs t\u00eb krijoj\u00eb urgjentisht nj\u00eb fond t\u00eb posa\u00e7\u00ebm d\u00ebmshp\u00ebrblimi p\u00ebr banor\u00ebt e prekur nga zjarri, duke argumentuar se parat\u00eb publike duhet t\u00eb sh\u00ebrbejn\u00eb p\u00ebr qytetar\u00ebt dhe jo p\u00ebr fasada e projekte dyt\u00ebsore.<\/p>\n<p data-a11y-orig-inline=\"\" data-a11y-base-fs=\"18\"><strong data-a11y-orig-inline=\"\" data-a11y-base-fs=\"18\">Reagimi i plot\u00eb i Ina Zhup\u00ebs:<\/strong><\/p>\n<p data-a11y-orig-inline=\"\" data-a11y-base-fs=\"18\"><em data-a11y-orig-inline=\"\" data-a11y-base-fs=\"18\">Zjarri n\u00eb Himar\u00eb nxori n\u00eb pah nj\u00eb t\u00eb v\u00ebrtet\u00eb q\u00eb nuk mund t\u00eb fshihet m\u00eb pas propagand\u00ebs Bashkia e Himar\u00ebs nuk ka vullnet politik p\u00ebr t\u2019i \u00e7uar parat\u00eb aty ku i sh\u00ebrbejn\u00eb dhe mbrohet qytetari.<\/em><\/p>\n<p data-a11y-orig-inline=\"\" data-a11y-base-fs=\"18\"><em data-a11y-orig-inline=\"\" data-a11y-base-fs=\"18\">Himara \u00ebsht\u00eb mbushur me beton, nd\u00ebrsa arka e Bashkis\u00eb mbushur me miliona euro. Gjith\u00eb k\u00ebto miliona euro vijn\u00eb edhe nga dhurimi i tokave publike p\u00ebr investitor\u00ebt strategjik\u00eb. Bashkia e Himar\u00ebs ka nj\u00eb buxhet rreth 10 mij\u00eb euro p\u00ebr frym\u00eb, nd\u00ebrsa vet\u00eb Tirana, qyteti m\u00eb i madh dhe fuqia kryesore ekonomike e vendit, ka m\u00eb pak se 1 mij\u00eb euro p\u00ebr frym\u00eb. Vet\u00ebm n\u00eb nj\u00eb vit jane p\u00ebr mbi 130 milion\u00eb euro tendera nga Vangjel Tavo.<\/em><\/p>\n<p data-a11y-orig-inline=\"\" data-a11y-base-fs=\"18\"><em data-a11y-orig-inline=\"\" data-a11y-base-fs=\"18\">Me k\u00ebto para, Himara duhet t\u00eb kishte nj\u00eb sh\u00ebrbim zjarrfik\u00ebs model, me mjete, pajisje, personel dhe kapacitet p\u00ebr t\u00eb nd\u00ebrhyr\u00eb menj\u00ebher\u00eb sapo nis zjarri. Jo t\u00eb pres\u00eb me or\u00eb, derisa flak\u00ebt t\u00eb marrin p\u00ebrmasa q\u00eb tejkalojn\u00eb \u00e7do kapacitet lokal.<\/em><\/p>\n<p data-a11y-orig-inline=\"\" data-a11y-base-fs=\"18\"><em data-a11y-orig-inline=\"\" data-a11y-base-fs=\"18\">Kur parat\u00eb publike shkojn\u00eb p\u00ebr fasada, projekte dhe tendera zbukurimesh dhe nuk shkojn\u00eb n\u00eb sh\u00ebrbimet q\u00eb mbrojn\u00eb jet\u00ebn dhe pron\u00ebn, at\u00ebher\u00eb pasojat i paguan qytetari.<\/em><\/p>\n<p data-a11y-orig-inline=\"\" data-a11y-base-fs=\"18\"><em data-a11y-orig-inline=\"\" data-a11y-base-fs=\"18\">Qytetari paguan me sht\u00ebpin\u00eb q\u00eb i digjet. Me tok\u00ebn q\u00eb humbet. Me biznesin q\u00eb shkat\u00ebrrohet. Me kursimet e nj\u00eb jete q\u00eb zhduken brenda pak or\u00ebsh.<\/em><\/p>\n<p data-a11y-orig-inline=\"\" data-a11y-base-fs=\"18\"><em data-a11y-orig-inline=\"\" data-a11y-base-fs=\"18\">I bej thirrje Bashkis\u00eb Himar\u00eb, t\u00eb marr\u00eb urgjentisht vendim p\u00ebr nj\u00eb fond t\u00eb posa\u00e7\u00ebm d\u00ebmshp\u00ebrblimi p\u00ebr banor\u00ebt e prekur nga zjarri, me vler\u00ebsim real t\u00eb d\u00ebmit dhe pages\u00eb t\u00eb shpejt\u00eb sepse ka gjith\u00eb kapacitetet financiare.<\/em><\/p>\n<p data-a11y-orig-inline=\"\" data-a11y-base-fs=\"18\"><em data-a11y-orig-inline=\"\" data-a11y-base-fs=\"18\">Banor\u00ebt nuk kan\u00eb humbur thjesht hektar t\u00eb djegur. Kan\u00eb humbur pron\u00ebn, sht\u00ebpin\u00eb, pun\u00ebn, kursimet dhe mundin e nj\u00eb jete. Parat\u00eb publike duhet t\u00eb jen\u00eb p\u00ebr qytetar\u00ebt, ata nuk mund t\u00eb lihen t\u00eb braktisur p\u00ebrball\u00eb k\u00ebtyre humbjeve t\u00eb m\u00ebdha.<\/em><\/p>\n","protected":false},"excerpt":{"rendered":"<p>6 Shtator 2026 N\u00eb nj\u00eb reagim p\u00ebr situat\u00ebn e r\u00ebnd\u00eb t\u00eb zjarreve n\u00eb Himar\u00eb, deputetja e Partis\u00eb Demokratike, Ina Zhupa, akuzon Bashkin\u00eb e Himar\u00ebs p\u00ebr munges\u00eb vullneti politik n\u00eb p\u00ebrdorimin e fondeve publike p\u00ebr mbrojtjen e qytetar\u00ebve. Zhupa thekson se, pavar\u00ebsisht buxhetit t\u00eb lart\u00eb t\u00eb bashkis\u00eb dhe tenderave q\u00eb, sipas saj, k\u00ebt\u00eb vit kapin mbi [&hellip;]<\/p>\n","protected":false},"author":9,"featured_media":106128,"comment_status":"open","ping_status":"open","sticky":false,"template":"","format":"standard","meta":{"jetpack_post_was_ever_published":false,"_jetpack_newsletter_access":"","_jetpack_dont_email_post_to_subs":false,"_jetpack_newsletter_tier_id":0,"_jetpack_memberships_contains_paywalled_content":false,"_jetpack_memberships_contains_paid_content":false,"footnotes":"","jetpack_publicize_message":"","jetpack_publicize_feature_enabled":true,"jetpack_social_post_already_shared":true,"jetpack_social_options":{"image_generator_settings":{"template":"highway","default_image_id":0,"font":"","enabled":false},"version":2}},"categories":[27,1,2,35],"tags":[],"class_list":["post-106125","post","type-post","status-publish","format-standard","has-post-thumbnail","hentry","category-blogu-i-udhetarit","category-njoftime-shtypi","category-politika","category-shoqerore"],"jetpack_publicize_connections":[],"jetpack_featured_media_url":"https:\/\/i0.wp.com\/www.shqiperia.com\/blog\/wp-content\/uploads\/2026\/09\/Zjarri-ne-Himare-4-Shtator-2026-1.webp?fit=1280%2C720&ssl=1","jetpack_sharing_enabled":true,"jetpack_shortlink":"https:\/\/wp.me\/p5Z6wp-rBH","jetpack-related-posts":[{"id":106018,"url":"https:\/\/www.shqiperia.com\/blog\/lajme-katastrofe-ku-po-shkojme-zjarri-apokaliptik-ne-himare-po-perhapet-me-shpejtesi-bashkia-thirrje-banoreve-dhe-turisteve-largohuni-nga-zonat-me-rrezik\/","url_meta":{"origin":106125,"position":0},"title":"Lajme katastrofe, Ku po shkojm\u00eb. &#8211; Zjarri apokaliptik n\u00eb Himar\u00eb po p\u00ebrhapet me shpejt\u00ebsi, bashkia thirrje banor\u00ebve dhe turist\u00ebve: Largohuni nga zonat me rrezik","author":"Kurt Farka","date":"September 4, 2026","format":false,"excerpt":"4 Shtator 2026 Zjarri n\u00eb Himar\u00eb po merr p\u00ebrmasa t\u00eb frikshme dhe po p\u00ebrhapet me shpejt\u00ebsi n\u00eb zonat e banuara. Si\u00e7 ka raportuar edhe m\u00eb her\u00ebt korrespondenti i Top Channel Mikel Marsi, nj\u00eb banes\u00eb \u00ebsht\u00eb shkrumbuar nd\u00ebrsa rrezikohen m\u00eb shum\u00eb se 40 sht\u00ebpi dhe hotele. Bashkia e Himar\u00ebs ka dal\u00eb\u2026","rel":"","context":"In &quot;Blogu i Udh\u00ebtarit&quot;","block_context":{"text":"Blogu i Udh\u00ebtarit","link":"https:\/\/www.shqiperia.com\/blog\/category\/blogu-i-udhetarit\/"},"img":{"alt_text":"","src":"https:\/\/i0.wp.com\/www.shqiperia.com\/blog\/wp-content\/uploads\/2026\/09\/Zjarri-ne-Himare-4-Shtator-2026.webp?fit=1200%2C675&ssl=1&resize=350%2C200","width":350,"height":200,"srcset":"https:\/\/i0.wp.com\/www.shqiperia.com\/blog\/wp-content\/uploads\/2026\/09\/Zjarri-ne-Himare-4-Shtator-2026.webp?fit=1200%2C675&ssl=1&resize=350%2C200 1x, https:\/\/i0.wp.com\/www.shqiperia.com\/blog\/wp-content\/uploads\/2026\/09\/Zjarri-ne-Himare-4-Shtator-2026.webp?fit=1200%2C675&ssl=1&resize=525%2C300 1.5x, https:\/\/i0.wp.com\/www.shqiperia.com\/blog\/wp-content\/uploads\/2026\/09\/Zjarri-ne-Himare-4-Shtator-2026.webp?fit=1200%2C675&ssl=1&resize=700%2C400 2x, https:\/\/i0.wp.com\/www.shqiperia.com\/blog\/wp-content\/uploads\/2026\/09\/Zjarri-ne-Himare-4-Shtator-2026.webp?fit=1200%2C675&ssl=1&resize=1050%2C600 3x"},"classes":[]},{"id":106058,"url":"https:\/\/www.shqiperia.com\/blog\/zjarri-ne-himare-shoqerohet-ne-komisariat-nje-person-dyshohet-se-i-vuri-flaken-zones\/","url_meta":{"origin":106125,"position":1},"title":"Zjarri n\u00eb Himar\u00eb, shoq\u00ebrohet n\u00eb komisariat nj\u00eb person, dyshohet se i vuri flak\u00ebn zon\u00ebs","author":"Kurt Farka","date":"September 5, 2026","format":false,"excerpt":"5 Shtator 2026 Nj\u00eb person \u00ebsht\u00eb shoq\u00ebruar n\u00eb Komisariatin e Vlor\u00ebs, pasi dyshohet se ka vendosur zjarrin n\u00eb zon\u00ebn e bypass-it t\u00eb Vlor\u00ebs, ku flak\u00ebt p\u00ebrfshin\u00eb mbr\u00ebmjen e s\u00eb premtes edhe lagjen nr. 1 n\u00eb Himar\u00eb. Personi i shoq\u00ebruar \u00ebsht\u00eb nj\u00eb \u00e7oban i zon\u00ebs, i cili kullot bag\u00ebtit\u00eb n\u00eb territorin\u2026","rel":"","context":"In &quot;Blogu i Udh\u00ebtarit&quot;","block_context":{"text":"Blogu i Udh\u00ebtarit","link":"https:\/\/www.shqiperia.com\/blog\/category\/blogu-i-udhetarit\/"},"img":{"alt_text":"","src":"https:\/\/i0.wp.com\/www.shqiperia.com\/blog\/wp-content\/uploads\/2026\/09\/800-0-69a1a68eb801daf07c0c0ad0a0b5001a-6a9beb6a6ef24.png?fit=800%2C538&ssl=1&resize=350%2C200","width":350,"height":200,"srcset":"https:\/\/i0.wp.com\/www.shqiperia.com\/blog\/wp-content\/uploads\/2026\/09\/800-0-69a1a68eb801daf07c0c0ad0a0b5001a-6a9beb6a6ef24.png?fit=800%2C538&ssl=1&resize=350%2C200 1x, https:\/\/i0.wp.com\/www.shqiperia.com\/blog\/wp-content\/uploads\/2026\/09\/800-0-69a1a68eb801daf07c0c0ad0a0b5001a-6a9beb6a6ef24.png?fit=800%2C538&ssl=1&resize=525%2C300 1.5x, https:\/\/i0.wp.com\/www.shqiperia.com\/blog\/wp-content\/uploads\/2026\/09\/800-0-69a1a68eb801daf07c0c0ad0a0b5001a-6a9beb6a6ef24.png?fit=800%2C538&ssl=1&resize=700%2C400 2x"},"classes":[]},{"id":106064,"url":"https:\/\/www.shqiperia.com\/blog\/pamje-te-frikshme-nga-himara-flaket-ne-lartesine-e-hoteleve-7-banesa-te-djegura-situata-mengjesin-e-sotem\/","url_meta":{"origin":106125,"position":2},"title":"Pamje t\u00eb frikshme nga Himara, flak\u00ebt n\u00eb lart\u00ebsin\u00eb e hoteleve, 7 banesa t\u00eb djegura. Situata m\u00ebngjesin e sot\u00ebm","author":"Kurt Farka","date":"September 5, 2026","format":false,"excerpt":"5 Shtator 2026 Nj\u00eb vat\u00ebr e fuqishme zjarri \u00ebsht\u00eb regjistruar gjat\u00eb nat\u00ebs n\u00eb Himar\u00eb, ku nj\u00eb vat\u00ebr e fuqishme zjarri u p\u00ebrhap me shpejt\u00ebsi p\u00ebr shkak t\u00eb er\u00ebs s\u00eb fort\u00eb. Sipas informacioneve t\u00eb b\u00ebra me dije nga Prefektura dhe strukturat e Mbrojtjes Civile, shtat\u00eb banesa jan\u00eb djegur plot\u00ebsisht, nd\u00ebrsa banor\u00eb\u2026","rel":"","context":"In &quot;Blogu i Udh\u00ebtarit&quot;","block_context":{"text":"Blogu i Udh\u00ebtarit","link":"https:\/\/www.shqiperia.com\/blog\/category\/blogu-i-udhetarit\/"},"img":{"alt_text":"","src":"https:\/\/i0.wp.com\/www.shqiperia.com\/blog\/wp-content\/uploads\/2026\/09\/images-19.jpg?fit=682%2C450&ssl=1&resize=350%2C200","width":350,"height":200,"srcset":"https:\/\/i0.wp.com\/www.shqiperia.com\/blog\/wp-content\/uploads\/2026\/09\/images-19.jpg?fit=682%2C450&ssl=1&resize=350%2C200 1x, https:\/\/i0.wp.com\/www.shqiperia.com\/blog\/wp-content\/uploads\/2026\/09\/images-19.jpg?fit=682%2C450&ssl=1&resize=525%2C300 1.5x"},"classes":[]},{"id":106033,"url":"https:\/\/www.shqiperia.com\/blog\/zjarret-ne-himare-kryebashkiaku-vangjel-tavo-thirrje-per-banoret-largohuni-nga-zonat-e-rrezikuara\/","url_meta":{"origin":106125,"position":3},"title":"Zjarret n\u00eb Himar\u00eb, kryebashkiaku Vangjel Tavo thirrje p\u00ebr banor\u00ebt: &#8211; Largohuni nga zonat e rrezikuara","author":"Kurt Farka","date":"September 4, 2026","format":false,"excerpt":"\u00a04 Shtator 2026 Situata e r\u00ebnd\u00eb zjarri \u00ebsht\u00eb raportuar n\u00eb zon\u00ebn e Himar\u00ebs, me flak\u00ebt q\u00eb po p\u00ebrparojn\u00eb n\u00eb drejtim t\u00eb zonave t\u00eb banuara. P\u00ebr shkak t\u00eb rrezikut t\u00eb p\u00ebrhapjes s\u00eb zjarrit, banor\u00ebve u \u00ebsht\u00eb b\u00ebr\u00eb thirrje urgjente t\u00eb largohen nga banesat, bizneset apo ambientet e tjera q\u00eb mund t\u00eb\u2026","rel":"","context":"In &quot;Blogu i Udh\u00ebtarit&quot;","block_context":{"text":"Blogu i Udh\u00ebtarit","link":"https:\/\/www.shqiperia.com\/blog\/category\/blogu-i-udhetarit\/"},"img":{"alt_text":"","src":"https:\/\/i0.wp.com\/www.shqiperia.com\/blog\/wp-content\/uploads\/2026\/09\/zjarret-tavoooooooo.jpg?fit=800%2C400&ssl=1&resize=350%2C200","width":350,"height":200,"srcset":"https:\/\/i0.wp.com\/www.shqiperia.com\/blog\/wp-content\/uploads\/2026\/09\/zjarret-tavoooooooo.jpg?fit=800%2C400&ssl=1&resize=350%2C200 1x, https:\/\/i0.wp.com\/www.shqiperia.com\/blog\/wp-content\/uploads\/2026\/09\/zjarret-tavoooooooo.jpg?fit=800%2C400&ssl=1&resize=525%2C300 1.5x, https:\/\/i0.wp.com\/www.shqiperia.com\/blog\/wp-content\/uploads\/2026\/09\/zjarret-tavoooooooo.jpg?fit=800%2C400&ssl=1&resize=700%2C400 2x"},"classes":[]},{"id":102663,"url":"https:\/\/www.shqiperia.com\/blog\/pas-flakes-do-ngrihen-hotele-dhe-vila-dyshime-se-zjarri-ne-kodren-e-gjirit-te-llamanit-ishte-i-qellimshem\/","url_meta":{"origin":106125,"position":4},"title":"Pas flak\u00ebs do ngrihen hotele dhe vila? Dyshime se zjarri n\u00eb kodr\u00ebn e Gjirit t\u00eb Llamanit ishte i q\u00ebllimsh\u00ebm","author":"Kurt Farka","date":"July 14, 2026","format":false,"excerpt":"14 Korrik 2026 Nj\u00eb zjarr i p\u00ebrmasave t\u00eb m\u00ebdha u regjistrua pasditen e 13 korrikut n\u00eb nj\u00eb nga gjiret m\u00eb t\u00eb bukura t\u00eb Detit Jon, n\u00eb zon\u00ebn e Himar\u00ebs. Flak\u00ebt shkrumbuan kodr\u00ebn nga ana veriore e Llamanit, teksa e gjith\u00eb zona \u00ebsht\u00eb me pem\u00eb t\u00eb vogla dhe shkurre. Mediat raportuan\u2026","rel":"","context":"In &quot;Blogu i Udh\u00ebtarit&quot;","block_context":{"text":"Blogu i Udh\u00ebtarit","link":"https:\/\/www.shqiperia.com\/blog\/category\/blogu-i-udhetarit\/"},"img":{"alt_text":"","src":"https:\/\/i0.wp.com\/www.shqiperia.com\/blog\/wp-content\/uploads\/2026\/07\/640-0-d2-1783972641.jpeg?fit=640%2C340&ssl=1&resize=350%2C200","width":350,"height":200,"srcset":"https:\/\/i0.wp.com\/www.shqiperia.com\/blog\/wp-content\/uploads\/2026\/07\/640-0-d2-1783972641.jpeg?fit=640%2C340&ssl=1&resize=350%2C200 1x, https:\/\/i0.wp.com\/www.shqiperia.com\/blog\/wp-content\/uploads\/2026\/07\/640-0-d2-1783972641.jpeg?fit=640%2C340&ssl=1&resize=525%2C300 1.5x"},"classes":[]},{"id":106046,"url":"https:\/\/www.shqiperia.com\/blog\/himare-edhe-piluri-ne-shpresen-qe-te-mos-nderroi-drejtim-era\/","url_meta":{"origin":106125,"position":5},"title":"Himar\u00eb, edhe Piluri n\u00eb shpres\u00ebn q\u00eb t\u00eb mos nd\u00ebrroi drejtim era","author":"Kurt Farka","date":"September 5, 2026","format":false,"excerpt":"5 Shtator 2026. Sipas gazetarit t\u00eb Szri tv t\u00eb or\u00ebs 01, njofton se banor\u00ebt kan\u00eb frik\u00eb edhe p\u00ebr Pilurin q\u00eb rrezikon nga drejtimi i er\u00ebs q\u00eb mundet t\u00eb ndryshoi\u00a0 drejtim. Zjarri ne keto momente (ora 01, dt 5) po i afrohet Potamit. Situat\u00eb e frikshme.","rel":"","context":"In &quot;Blogu i Udh\u00ebtarit&quot;","block_context":{"text":"Blogu i Udh\u00ebtarit","link":"https:\/\/www.shqiperia.com\/blog\/category\/blogu-i-udhetarit\/"},"img":{"alt_text":"","src":"https:\/\/i0.wp.com\/www.shqiperia.com\/blog\/wp-content\/uploads\/2026\/09\/Himare.webp?fit=474%2C459&ssl=1&resize=350%2C200","width":350,"height":200},"classes":[]}],"_links":{"self":[{"href":"https:\/\/www.shqiperia.com\/blog\/wp-json\/wp\/v2\/posts\/106125","targetHints":{"allow":["GET"]}}],"collection":[{"href":"https:\/\/www.shqiperia.com\/blog\/wp-json\/wp\/v2\/posts"}],"about":[{"href":"https:\/\/www.shqiperia.com\/blog\/wp-json\/wp\/v2\/types\/post"}],"author":[{"embeddable":true,"href":"https:\/\/www.shqiperia.com\/blog\/wp-json\/wp\/v2\/users\/9"}],"replies":[{"embeddable":true,"href":"https:\/\/www.shqiperia.com\/blog\/wp-json\/wp\/v2\/comments?post=106125"}],"version-history":[{"count":1,"href":"https:\/\/www.shqiperia.com\/blog\/wp-json\/wp\/v2\/posts\/106125\/revisions"}],"predecessor-version":[{"id":106129,"href":"https:\/\/www.shqiperia.com\/blog\/wp-json\/wp\/v2\/posts\/106125\/revisions\/106129"}],"wp:featuredmedia":[{"embeddable":true,"href":"https:\/\/www.shqiperia.com\/blog\/wp-json\/wp\/v2\/media\/106128"}],"wp:attachment":[{"href":"https:\/\/www.shqiperia.com\/blog\/wp-json\/wp\/v2\/media?parent=106125"}],"wp:term":[{"taxonomy":"category","embeddable":true,"href":"https:\/\/www.shqiperia.com\/blog\/wp-json\/wp\/v2\/categories?post=106125"},{"taxonomy":"post_tag","embeddable":true,"href":"https:\/\/www.shqiperia.com\/blog\/wp-json\/wp\/v2\/tags?post=106125"}],"curies":[{"name":"wp","href":"https:\/\/api.w.org\/{rel}","templated":true}]}}