{"id":106112,"date":"2026-09-05T23:46:11","date_gmt":"2026-09-05T23:46:11","guid":{"rendered":"https:\/\/www.shqiperia.com\/blog\/?p=106112"},"modified":"2026-09-05T23:46:11","modified_gmt":"2026-09-05T23:46:11","slug":"skandali-dy-truproja-te-ermal-nufit-ne-grupin-sulmues-te-vlores","status":"publish","type":"post","link":"https:\/\/www.shqiperia.com\/blog\/skandali-dy-truproja-te-ermal-nufit-ne-grupin-sulmues-te-vlores\/","title":{"rendered":"Skandali\/ Dy truproja t\u00eb Ermal Nufit n\u00eb grupin sulmues t\u00eb Vlor\u00ebs!"},"content":{"rendered":"<div id=\"attachment_106113\" style=\"width: 612px\" class=\"wp-caption alignnone\"><img data-recalc-dims=\"1\" loading=\"lazy\" decoding=\"async\" aria-describedby=\"caption-attachment-106113\" data-attachment-id=\"106113\" data-permalink=\"https:\/\/www.shqiperia.com\/blog\/skandali-dy-truproja-te-ermal-nufit-ne-grupin-sulmues-te-vlores\/ministri-ermal-nufi\/\" data-orig-file=\"https:\/\/i0.wp.com\/www.shqiperia.com\/blog\/wp-content\/uploads\/2026\/09\/Ministri-Ermal-Nufi.jpg?fit=900%2C553&amp;ssl=1\" data-orig-size=\"900,553\" data-comments-opened=\"1\" data-image-meta=\"{&quot;aperture&quot;:&quot;0&quot;,&quot;credit&quot;:&quot;&quot;,&quot;camera&quot;:&quot;&quot;,&quot;caption&quot;:&quot;&quot;,&quot;created_timestamp&quot;:&quot;0&quot;,&quot;copyright&quot;:&quot;&quot;,&quot;focal_length&quot;:&quot;0&quot;,&quot;iso&quot;:&quot;0&quot;,&quot;shutter_speed&quot;:&quot;0&quot;,&quot;title&quot;:&quot;&quot;,&quot;orientation&quot;:&quot;0&quot;}\" data-image-title=\"Ministri Ermal Nufi\" data-image-description=\"\" data-image-caption=\"&lt;p&gt;Ministri Ermal Nufi&lt;\/p&gt;\n\" data-medium-file=\"https:\/\/i0.wp.com\/www.shqiperia.com\/blog\/wp-content\/uploads\/2026\/09\/Ministri-Ermal-Nufi.jpg?fit=300%2C184&amp;ssl=1\" data-large-file=\"https:\/\/i0.wp.com\/www.shqiperia.com\/blog\/wp-content\/uploads\/2026\/09\/Ministri-Ermal-Nufi.jpg?fit=900%2C553&amp;ssl=1\" class=\" wp-image-106113\" alt=\"\" src=\"https:\/\/i0.wp.com\/www.shqiperia.com\/blog\/wp-content\/uploads\/2026\/09\/Ministri-Ermal-Nufi.jpg?resize=602%2C369&#038;ssl=1\" width=\"602\" height=\"369\" srcset=\"https:\/\/i0.wp.com\/www.shqiperia.com\/blog\/wp-content\/uploads\/2026\/09\/Ministri-Ermal-Nufi.jpg?resize=300%2C184&amp;ssl=1 300w, https:\/\/i0.wp.com\/www.shqiperia.com\/blog\/wp-content\/uploads\/2026\/09\/Ministri-Ermal-Nufi.jpg?resize=768%2C472&amp;ssl=1 768w, https:\/\/i0.wp.com\/www.shqiperia.com\/blog\/wp-content\/uploads\/2026\/09\/Ministri-Ermal-Nufi.jpg?resize=450%2C277&amp;ssl=1 450w, https:\/\/i0.wp.com\/www.shqiperia.com\/blog\/wp-content\/uploads\/2026\/09\/Ministri-Ermal-Nufi.jpg?resize=600%2C369&amp;ssl=1 600w, https:\/\/i0.wp.com\/www.shqiperia.com\/blog\/wp-content\/uploads\/2026\/09\/Ministri-Ermal-Nufi.jpg?resize=400%2C246&amp;ssl=1 400w, https:\/\/i0.wp.com\/www.shqiperia.com\/blog\/wp-content\/uploads\/2026\/09\/Ministri-Ermal-Nufi.jpg?w=900&amp;ssl=1 900w\" sizes=\"auto, (max-width: 602px) 100vw, 602px\" \/><p id=\"caption-attachment-106113\" class=\"wp-caption-text\">Ministri Ermal Nufi<\/p><\/div>\n<p>6 Shtator 2026<\/p>\n<p>Skandali i p\u00ebrplasjes me arm\u00eb t\u00eb dy biznesmen\u00ebve t\u00eb fuqish\u00ebm p\u00ebr tokat n\u00eb Palas\u00eb merr p\u00ebrmasa t\u00eb tjera. Kapitali ka m\u00ebsuar se pjes\u00eb e grupit sulmues t\u00eb angazhuar nga Luan Mu\u00e7a i Delt\u00ebs kan\u00eb qen\u00eb edhe dy truprojat zyrtare t\u00eb ministrit t\u00eb Mbrojtjes, Ermal Nufi.<\/p>\n<p>Ngjarja ka shkaktuar nj\u00eb skandal t\u00eb r\u00ebnd\u00eb n\u00eb ministrin\u00eb e Mbrojtjes duke e detyruar Ermal Nufin t\u00eb largoj\u00eb nga grupi i shoq\u00ebrimit dy an\u00ebtar\u00ebt e p\u00ebrfshir\u00eb n\u00eb p\u00ebrplasjen me arm\u00eb n\u00eb Vlor\u00eb.<\/p>\n<div class=\"td-a-rec td-a-rec-id-content_inline  td_uid_3_6a9ca92cc9ccc_rand td_block_template_1\">\n<div class=\"td-all-devices\"><\/div>\n<div class=\"td-all-devices\"><\/div>\n<\/div>\n<p>Por ajo ka nxjerr edhe nj\u00eb her\u00eb n\u00eb pah nj\u00eb fenomen alarmues q\u00eb tashm\u00eb duket se \u00ebsht\u00eb b\u00ebr\u00eb masiv. Pjes\u00ebmarrja e punonj\u00ebsve t\u00eb armatosur t\u00eb shtetit n\u00eb p\u00ebrplasje private. Nga polic\u00ebt, t\u00eb cil\u00ebt sh\u00ebrbejn\u00eb si truproja n\u00eb lokalet e nat\u00ebs deri tek gardist\u00ebt q\u00eb marrin pjes\u00eb n\u00eb sulme t\u00eb organizuara me arm\u00eb.<\/p>\n<p>Pjes\u00ebmarrja e forcave t\u00eb armatosura, t\u00eb cil\u00ebt paguhen nga borderot\u00eb e shtetit, n\u00eb p\u00ebrplasje bandash \u00ebsht\u00eb nj\u00eb goditje e r\u00ebnd\u00eb p\u00ebr rendin publik. Por ajo tregon edhe degradimin e shtetit, i cili nuk \u00ebsht\u00eb i aft\u00eb t\u00eb disiplinoj\u00eb trupat e veta, jo m\u00eb t\u00eb siguroj\u00eb rendin dhe sigurin\u00eb e qytetar\u00ebve.<\/p>\n<p><strong>P\u00ebrplasja<\/strong><br \/>\nPak para mesdit\u00ebs, Policia e Vlor\u00ebs u ngrit n\u00eb alarm pasi u sinjalizua p\u00ebr nj\u00eb konflikt masiv n\u00eb Orikum pran\u00eb nj\u00eb Hoteli. Telefonata sinjalizuese bluve u erdhi nga vet\u00eb pronari I hotel Palma Vasil Bedinaj I cili pretendoi se persona t\u00eb armatosur po konfliktoheshin me t\u00eb.<\/p>\n<p>Menj\u00ebher\u00eb pas njoftimit, sh\u00ebrbimet e Policis\u00eb kan\u00eb shkuar n\u00eb drejtim t\u00eb adres\u00ebs s\u00eb dh\u00ebn\u00eb. N\u00eb af\u00ebrsi t\u00eb Pusit t\u00eb Mezinit, kan\u00eb konstatuar nj\u00eb automjet q\u00eb l\u00ebvizte me shpejt\u00ebsi dhe jan\u00eb v\u00ebn\u00eb n\u00eb ndjekje t\u00eb tij.<\/p>\n<p>Drejtuesi i k\u00ebtij automjeti ka humbur kontrollin dhe \u00ebsht\u00eb aksidentuar. N\u00eb automjet jan\u00eb konstatuar 3 persona, 2 prej t\u00eb cil\u00ebve jan\u00eb d\u00ebmtuar si pasoj\u00eb e aksidentit, nd\u00ebrsa tjetri nuk ka probleme sh\u00ebndet\u00ebsore. Ata po merren n\u00eb pyetje nga hetuesit n\u00eb lidhje me sqarimin e rrethanave. Gjat\u00eb kontrollit n\u00eb automjetin e tyre polica ka gjetur 1 arm\u00eb zjarri, pistolet\u00eb.<\/p>\n<p>Burimet\u00a0 than\u00eb se konflikti ishte mes 2 biznesmen\u00ebve Vasil Bedinaj dhe Luan Mu\u00e7a.<\/p>\n<p>N\u00eb momentet pas ngjarjes Bedinaj ka pretenduar se konflikti ishte p\u00ebr nj\u00eb shum\u00eb t\u00eb konsiderueshme parash por burimet thon\u00eb se gjith\u00e7ka lidhet me nj\u00eb pron\u00eb e cila po zhvillohet nga Luan Mu\u00e7a n\u00eb Palas\u00eb ku po nd\u00ebrtohet nj\u00eb resort.<\/p>\n<p>Bedinaj me persona t\u00eb tjer\u00eb ka k\u00ebrkuar p\u00ebrqindje t\u00eb k\u00ebsaj prone \u00e7ka \u00ebsht\u00eb kund\u00ebrshtuar nga Mu\u00e7a, i cili k\u00ebt\u00eb mesdit\u00eb kishte l\u00ebn\u00eb nj\u00eb takim n\u00eb Orikum p\u00ebr tu sqaruar.<\/p>\n<p>Ka dyshime se gjat\u00eb k\u00ebtij konflikti fillimisht fizik jan\u00eb p\u00ebrdorur dhe arm\u00ebt e zjarrit, megjithat\u00eb n\u00eb vendngjarje policia nuk ka konstatuar asnj\u00eb g\u00ebzhoj\u00eb.<\/p>\n<p>Nj\u00eb grup i posa\u00e7\u00ebm hetimor \u00ebsht\u00eb ngritur p\u00ebr rastin dhe po punohet me kamerat e siguris\u00eb, d\u00ebshmit\u00eb e t\u00eb implikuarve dhe t\u00eb dh\u00ebna operative p\u00ebr zbardhjen e gjith\u00eb dinamik\u00ebs s\u00eb k\u00ebsaj ngjarje.<\/p>\n<p>Pamjet filmike t\u00eb sekuestruara nga Policia e Shtetit tregojn\u00eb momentin e tensionuar kur t\u00eb pakt\u00ebn 8 automjete mb\u00ebrrijn\u00eb me shpejt\u00ebsi dhe rrethojn\u00eb hap\u00ebsir\u00ebn p\u00ebrpara hyrjes s\u00eb biznesit.<\/p>\n<p>N\u00eb pamjet e regjistruara nga kamerat e siguris\u00eb rreth or\u00ebs 10:30 t\u00eb m\u00ebngjesit, dallohen makinat q\u00eb bllokojn\u00eb rrug\u00ebn kryesore dhe parkimin e kompleksit, nd\u00ebrsa prej tyre zbarkojn\u00eb disa persona t\u00eb veshur me t\u00eb zeza t\u00eb cil\u00ebt m\u00eb pas i drejtohen me shpejt\u00ebsi hyrjes s\u00eb resortit p\u00ebr t\u00eb kanosur pronarin.<\/p>\n<p>Menj\u00ebher\u00eb pas alarmit t\u00eb dh\u00ebn\u00eb nga i d\u00ebmtuari, forcat e policis\u00eb kan\u00eb nd\u00ebrhyr\u00eb me urgjenc\u00eb duke bllokuar nyjet kryesore dhe duke ngritur pika kontrolli n\u00eb disa akse rrugore t\u00eb Vlor\u00ebs. Gjat\u00eb krehjes s\u00eb zon\u00ebs, n\u00eb af\u00ebrsi t\u00eb Pusit t\u00eb Mezinit, efektiv\u00ebt kan\u00eb repotuar nj\u00eb nga automjetet e dyshuara q\u00eb po l\u00ebvizte me shpejt\u00ebsi marramend\u00ebse p\u00ebr t\u2019i shp\u00ebtuar arrestimit dhe jan\u00eb v\u00ebn\u00eb menj\u00ebher\u00eb n\u00eb ndjekje t\u00eb tij.<\/p>\n<p>Gjat\u00eb tentativ\u00ebs p\u00ebr t\u2019u larguar, drejtuesi i mjetit ka humbur kontrollin duke u aksidentuar r\u00ebnd\u00eb. Brenda automjetit t\u00eb p\u00ebrmbysur, efektiv\u00ebt e policis\u00eb kan\u00eb gjetur tre persona si dhe nj\u00eb arm\u00eb zjarri t\u00eb llojit pistolet\u00eb. Si pasoj\u00eb e p\u00ebrplasjes, dy prej t\u00eb dyshuarve kan\u00eb mbetur t\u00eb d\u00ebmtuar dhe po marrin ndihm\u00eb mjek\u00ebsore n\u00ebn ruajtje policore, nd\u00ebrsa personi i tret\u00eb nuk ka p\u00ebsuar d\u00ebmtime.<\/p>\n<p>N\u00ebn drejtimin e Prokuroris\u00eb, \u00ebsht\u00eb ngritur nj\u00eb grup i posa\u00e7\u00ebm hetimor i cili po analizon pamjet e kamerave t\u00eb siguris\u00eb dhe provat e mbledhura n\u00eb terren p\u00ebr zbardhjen e plot\u00eb t\u00eb motiveve t\u00eb ngjarjes, si dhe identifikimin e shoq\u00ebrimin e t\u00eb gjith\u00eb personave t\u00eb tjer\u00eb q\u00eb mor\u00ebn pjes\u00eb n\u00eb rrethimin e resortit.<\/p>\n","protected":false},"excerpt":{"rendered":"<p>6 Shtator 2026 Skandali i p\u00ebrplasjes me arm\u00eb t\u00eb dy biznesmen\u00ebve t\u00eb fuqish\u00ebm p\u00ebr tokat n\u00eb Palas\u00eb merr p\u00ebrmasa t\u00eb tjera. Kapitali ka m\u00ebsuar se pjes\u00eb e grupit sulmues t\u00eb angazhuar nga Luan Mu\u00e7a i Delt\u00ebs kan\u00eb qen\u00eb edhe dy truprojat zyrtare t\u00eb ministrit t\u00eb Mbrojtjes, Ermal Nufi. Ngjarja ka shkaktuar nj\u00eb skandal t\u00eb r\u00ebnd\u00eb [&hellip;]<\/p>\n","protected":false},"author":9,"featured_media":106113,"comment_status":"open","ping_status":"open","sticky":false,"template":"","format":"standard","meta":{"jetpack_post_was_ever_published":false,"_jetpack_newsletter_access":"","_jetpack_dont_email_post_to_subs":false,"_jetpack_newsletter_tier_id":0,"_jetpack_memberships_contains_paywalled_content":false,"_jetpack_memberships_contains_paid_content":false,"footnotes":"","jetpack_publicize_message":"","jetpack_publicize_feature_enabled":true,"jetpack_social_post_already_shared":true,"jetpack_social_options":{"image_generator_settings":{"template":"highway","default_image_id":0,"font":"","enabled":false},"version":2}},"categories":[27,10,1,2,14,35],"tags":[],"class_list":["post-106112","post","type-post","status-publish","format-standard","has-post-thumbnail","hentry","category-blogu-i-udhetarit","category-kultura","category-njoftime-shtypi","category-politika","category-press-releases","category-shoqerore"],"jetpack_publicize_connections":[],"jetpack_featured_media_url":"https:\/\/i0.wp.com\/www.shqiperia.com\/blog\/wp-content\/uploads\/2026\/09\/Ministri-Ermal-Nufi.jpg?fit=900%2C553&ssl=1","jetpack_sharing_enabled":true,"jetpack_shortlink":"https:\/\/wp.me\/p5Z6wp-rBu","jetpack-related-posts":[{"id":104046,"url":"https:\/\/www.shqiperia.com\/blog\/zjarri-i-permasave-te-medha-ne-kruje-nderhyjne-nga-ajri-tre-helikoptere-dhe-droni-bayraktar\/","url_meta":{"origin":106112,"position":0},"title":"Zjarri i p\u00ebrmasave t\u00eb m\u00ebdha n\u00eb Kruj\u00eb, nd\u00ebrhyjn\u00eb nga ajri tre helikopter\u00eb dhe droni Bayraktar","author":"Kurt Farka","date":"August 9, 2026","format":false,"excerpt":"9 Gusht 2026 Zjarri i p\u00ebrmasave t\u00eb m\u00ebdha n\u00eb\u00a0 Kruj\u00eb ka v\u00ebn\u00eb n\u00eb l\u00ebvizje autoritetet shqiptare, duke b\u00ebr\u00eb q\u00eb t\u00eb nd\u00ebrhyjn\u00eb nga ajri me helikopter dhe nj\u00eb dron Bayraktar. Operacioni p\u00ebr shuarjen e zjarrit ka vijuar edhe gjat\u00eb nat\u00ebs me strukturat e emergjencave civile dhe Forcat e Armatosura. N\u00eb operacion\u2026","rel":"","context":"In &quot;Blogu i Udh\u00ebtarit&quot;","block_context":{"text":"Blogu i Udh\u00ebtarit","link":"https:\/\/www.shqiperia.com\/blog\/category\/blogu-i-udhetarit\/"},"img":{"alt_text":"","src":"https:\/\/i0.wp.com\/www.shqiperia.com\/blog\/wp-content\/uploads\/2026\/08\/zjarri-ne-kruje-1.jpg?fit=1152%2C714&ssl=1&resize=350%2C200","width":350,"height":200,"srcset":"https:\/\/i0.wp.com\/www.shqiperia.com\/blog\/wp-content\/uploads\/2026\/08\/zjarri-ne-kruje-1.jpg?fit=1152%2C714&ssl=1&resize=350%2C200 1x, https:\/\/i0.wp.com\/www.shqiperia.com\/blog\/wp-content\/uploads\/2026\/08\/zjarri-ne-kruje-1.jpg?fit=1152%2C714&ssl=1&resize=525%2C300 1.5x, https:\/\/i0.wp.com\/www.shqiperia.com\/blog\/wp-content\/uploads\/2026\/08\/zjarri-ne-kruje-1.jpg?fit=1152%2C714&ssl=1&resize=700%2C400 2x, https:\/\/i0.wp.com\/www.shqiperia.com\/blog\/wp-content\/uploads\/2026\/08\/zjarri-ne-kruje-1.jpg?fit=1152%2C714&ssl=1&resize=1050%2C600 3x"},"classes":[]},{"id":103674,"url":"https:\/\/www.shqiperia.com\/blog\/keshtjella-e-ermal-beqirajt-ne-france\/","url_meta":{"origin":106112,"position":1},"title":"K\u00ebshtjella e Ermal Beqirajt n\u00eb Franc\u00eb","author":"Kurt Farka","date":"August 3, 2026","format":false,"excerpt":"3 Gusht 2026 Ermal Beqiraj ka bler\u00eb nj\u00eb k\u00ebshtjell\u00eb n\u00eb Oise t\u00eb Franc\u00ebs, me vler\u00eb rreth 2.6 milion\u00eb euro. K\u00ebshtjella ndodhet n\u00eb komun\u00ebn Berneuil-en-Bray, rreth nj\u00eb or\u00eb larg Parisit. Si\u00e7 shihet edhe nga fotot, k\u00ebshtjella \u00ebsht\u00eb e rrethuar nga park, nd\u00ebrsa fasadat dhe \u00e7atit\u00eb e saj jan\u00eb pjes\u00eb e monumenteve\u2026","rel":"","context":"In &quot;Blogu i Udh\u00ebtarit&quot;","block_context":{"text":"Blogu i Udh\u00ebtarit","link":"https:\/\/www.shqiperia.com\/blog\/category\/blogu-i-udhetarit\/"},"img":{"alt_text":"","src":"https:\/\/i0.wp.com\/www.shqiperia.com\/blog\/wp-content\/uploads\/2026\/08\/1.jpg?fit=922%2C513&ssl=1&resize=350%2C200","width":350,"height":200,"srcset":"https:\/\/i0.wp.com\/www.shqiperia.com\/blog\/wp-content\/uploads\/2026\/08\/1.jpg?fit=922%2C513&ssl=1&resize=350%2C200 1x, https:\/\/i0.wp.com\/www.shqiperia.com\/blog\/wp-content\/uploads\/2026\/08\/1.jpg?fit=922%2C513&ssl=1&resize=525%2C300 1.5x, https:\/\/i0.wp.com\/www.shqiperia.com\/blog\/wp-content\/uploads\/2026\/08\/1.jpg?fit=922%2C513&ssl=1&resize=700%2C400 2x"},"classes":[]},{"id":98994,"url":"https:\/\/www.shqiperia.com\/blog\/paralajmerimi-i-shba-per-sulme-te-mundshme-nga-irani-ministri-i-mbrojtjes-ska-vend-per-shqetesim-thirrja-ka-qene\/","url_meta":{"origin":106112,"position":2},"title":"Paralajm\u00ebrimi i SHBA p\u00ebr sulme t\u00eb mundshme nga Irani, ministri i Mbrojtjes: S\u2019ka vend p\u00ebr shqet\u00ebsim, thirrja ka qen\u00eb\u2026","author":"Kurt Farka","date":"April 2, 2026","format":false,"excerpt":"2 Prill 2026 Ministri i Mbrojtjes, Ermal Nufi ka reaguar n\u00eb lidhje me paralajm\u00ebrimin e dh\u00ebn\u00eb nj\u00eb dit\u00eb m\u00eb par\u00eb nga ambasada amerikane n\u00eb Tiran\u00eb p\u00ebr sulme t\u00eb mundshme nga Irani. P\u00ebr gazetar\u00ebt, para se t\u00eb hynte n\u00eb Kuvend, Nufi u shpreh se paralajm\u00ebrimi \u00ebsht\u00eb dh\u00ebn\u00eb nga t\u00eb gjitha ambasadat\u2026","rel":"","context":"In &quot;Blogu i Udh\u00ebtarit&quot;","block_context":{"text":"Blogu i Udh\u00ebtarit","link":"https:\/\/www.shqiperia.com\/blog\/category\/blogu-i-udhetarit\/"},"img":{"alt_text":"","src":"https:\/\/i0.wp.com\/www.shqiperia.com\/blog\/wp-content\/uploads\/2026\/04\/Ministri-i-Mbrojtjes-Ermal-Nufi.jpg?fit=900%2C488&ssl=1&resize=350%2C200","width":350,"height":200,"srcset":"https:\/\/i0.wp.com\/www.shqiperia.com\/blog\/wp-content\/uploads\/2026\/04\/Ministri-i-Mbrojtjes-Ermal-Nufi.jpg?fit=900%2C488&ssl=1&resize=350%2C200 1x, https:\/\/i0.wp.com\/www.shqiperia.com\/blog\/wp-content\/uploads\/2026\/04\/Ministri-i-Mbrojtjes-Ermal-Nufi.jpg?fit=900%2C488&ssl=1&resize=525%2C300 1.5x, https:\/\/i0.wp.com\/www.shqiperia.com\/blog\/wp-content\/uploads\/2026\/04\/Ministri-i-Mbrojtjes-Ermal-Nufi.jpg?fit=900%2C488&ssl=1&resize=700%2C400 2x"},"classes":[]},{"id":101937,"url":"https:\/\/www.shqiperia.com\/blog\/kerkesa-e-spak-per-heqjen-e-imuniteti-te-belinda-ballukut-ne-sirtarin-e-niko-peleshit\/","url_meta":{"origin":106112,"position":3},"title":"K\u00ebrkesa e SPAK p\u00ebr heqjen e imuniteti t\u00eb Belinda Ballukut n\u00eb sirtarin e Niko Peleshit","author":"Kurt Farka","date":"June 28, 2026","format":false,"excerpt":"29 Qershor 2026 K\u00ebrkesa e SPAK p\u00ebr heqjen e imuniteti t\u00eb Belinda Ballukut n\u00eb sirtarin e Niko Peleshit, kush jan\u00eb ministrat q\u00eb rrezikojn\u00eb nga fshesa e revolucionit \u201cFlamingo\u201d, nga Karaka\u00e7i, Nufi, Malaj deri te Ko\u00e7iu dhe Kumbaro Shqip\u00ebria ndodhet prej 27 dit\u00ebsh n\u00ebn kthetrat e t\u00eb ashtuquajturit revolucioni \u201cFlamingo\u201d, nj\u00eb\u2026","rel":"","context":"In &quot;Blogu i Udh\u00ebtarit&quot;","block_context":{"text":"Blogu i Udh\u00ebtarit","link":"https:\/\/www.shqiperia.com\/blog\/category\/blogu-i-udhetarit\/"},"img":{"alt_text":"","src":"https:\/\/i0.wp.com\/www.shqiperia.com\/blog\/wp-content\/uploads\/2026\/06\/8cl4vp.jpg?fit=602%2C538&ssl=1&resize=350%2C200","width":350,"height":200,"srcset":"https:\/\/i0.wp.com\/www.shqiperia.com\/blog\/wp-content\/uploads\/2026\/06\/8cl4vp.jpg?fit=602%2C538&ssl=1&resize=350%2C200 1x, https:\/\/i0.wp.com\/www.shqiperia.com\/blog\/wp-content\/uploads\/2026\/06\/8cl4vp.jpg?fit=602%2C538&ssl=1&resize=525%2C300 1.5x"},"classes":[]},{"id":100709,"url":"https:\/\/www.shqiperia.com\/blog\/be-per-edi-ramen-32-kushtet-europiane-pritet-te-sjellin-ndryshime-te\/","url_meta":{"origin":106112,"position":4},"title":"BE per Edi Ram\u00ebn: &#8211; 32 kushtet europiane pritet t\u00eb sjellin ndryshime t\u00eb\u2026","author":"Kurt Farka","date":"May 28, 2026","format":false,"excerpt":"28 Maji 2026 Integrimi i Shqip\u00ebris\u00eb n\u00eb Bashkimin Evropian duket se ka mbetur p\u00ebrfundimisht peng i 32 kushteve t\u00eb prera t\u00eb vendosura nga Brukseli. Konferenca e 8-t\u00eb Nd\u00ebrqeveritare Shqip\u00ebri-BE e mbajtur dy dit\u00eb m\u00eb par\u00eb zhveshi totalisht propagand\u00ebn e qeveris\u00eb, duke e p\u00ebrballur Tiran\u00ebn zyrtare me nj\u00eb realitet tejet t\u00eb\u2026","rel":"","context":"In &quot;Blogu i Udh\u00ebtarit&quot;","block_context":{"text":"Blogu i Udh\u00ebtarit","link":"https:\/\/www.shqiperia.com\/blog\/category\/blogu-i-udhetarit\/"},"img":{"alt_text":"","src":"https:\/\/i0.wp.com\/www.shqiperia.com\/blog\/wp-content\/uploads\/2026\/05\/djkddj.jpg?fit=704%2C453&ssl=1&resize=350%2C200","width":350,"height":200,"srcset":"https:\/\/i0.wp.com\/www.shqiperia.com\/blog\/wp-content\/uploads\/2026\/05\/djkddj.jpg?fit=704%2C453&ssl=1&resize=350%2C200 1x, https:\/\/i0.wp.com\/www.shqiperia.com\/blog\/wp-content\/uploads\/2026\/05\/djkddj.jpg?fit=704%2C453&ssl=1&resize=525%2C300 1.5x, https:\/\/i0.wp.com\/www.shqiperia.com\/blog\/wp-content\/uploads\/2026\/05\/djkddj.jpg?fit=704%2C453&ssl=1&resize=700%2C400 2x"},"classes":[]},{"id":103350,"url":"https:\/\/www.shqiperia.com\/blog\/spak-e-kerkon-per-mega-aferen-akshi-ermal-beqiri-arrestohet-per-spiunazh-ne-france\/","url_meta":{"origin":106112,"position":5},"title":"SPAK e k\u00ebrkon p\u00ebr mega-afer\u00ebn AKSHI, Ermal Beqiri arrestohet p\u00ebr spiunazh n\u00eb Franc\u00eb","author":"Kurt Farka","date":"July 28, 2026","format":false,"excerpt":"28 Korrik 2026 Nj\u00eb shtetas shqiptar \u00ebsht\u00eb ndaluar nga autoritetet franceze pasi fluturoi me nj\u00eb avion t\u00eb vog\u00ebl civil mbi centralin b\u00ebrthamor t\u00eb Penly, n\u00eb rajonin Seine-Maritime, n\u00eb nj\u00eb lart\u00ebsi m\u00eb t\u00eb ul\u00ebt se kufiri i lejuar p\u00ebr zonat e ndjeshme. Rasti po hetohet edhe p\u00ebr pist\u00ebn e mundshme t\u00eb\u2026","rel":"","context":"In &quot;Blogu i Udh\u00ebtarit&quot;","block_context":{"text":"Blogu i Udh\u00ebtarit","link":"https:\/\/www.shqiperia.com\/blog\/category\/blogu-i-udhetarit\/"},"img":{"alt_text":"","src":"https:\/\/i0.wp.com\/www.shqiperia.com\/blog\/wp-content\/uploads\/2026\/07\/Ermal-Beqiri.webp?fit=900%2C590&ssl=1&resize=350%2C200","width":350,"height":200,"srcset":"https:\/\/i0.wp.com\/www.shqiperia.com\/blog\/wp-content\/uploads\/2026\/07\/Ermal-Beqiri.webp?fit=900%2C590&ssl=1&resize=350%2C200 1x, https:\/\/i0.wp.com\/www.shqiperia.com\/blog\/wp-content\/uploads\/2026\/07\/Ermal-Beqiri.webp?fit=900%2C590&ssl=1&resize=525%2C300 1.5x, https:\/\/i0.wp.com\/www.shqiperia.com\/blog\/wp-content\/uploads\/2026\/07\/Ermal-Beqiri.webp?fit=900%2C590&ssl=1&resize=700%2C400 2x"},"classes":[]}],"_links":{"self":[{"href":"https:\/\/www.shqiperia.com\/blog\/wp-json\/wp\/v2\/posts\/106112","targetHints":{"allow":["GET"]}}],"collection":[{"href":"https:\/\/www.shqiperia.com\/blog\/wp-json\/wp\/v2\/posts"}],"about":[{"href":"https:\/\/www.shqiperia.com\/blog\/wp-json\/wp\/v2\/types\/post"}],"author":[{"embeddable":true,"href":"https:\/\/www.shqiperia.com\/blog\/wp-json\/wp\/v2\/users\/9"}],"replies":[{"embeddable":true,"href":"https:\/\/www.shqiperia.com\/blog\/wp-json\/wp\/v2\/comments?post=106112"}],"version-history":[{"count":1,"href":"https:\/\/www.shqiperia.com\/blog\/wp-json\/wp\/v2\/posts\/106112\/revisions"}],"predecessor-version":[{"id":106114,"href":"https:\/\/www.shqiperia.com\/blog\/wp-json\/wp\/v2\/posts\/106112\/revisions\/106114"}],"wp:featuredmedia":[{"embeddable":true,"href":"https:\/\/www.shqiperia.com\/blog\/wp-json\/wp\/v2\/media\/106113"}],"wp:attachment":[{"href":"https:\/\/www.shqiperia.com\/blog\/wp-json\/wp\/v2\/media?parent=106112"}],"wp:term":[{"taxonomy":"category","embeddable":true,"href":"https:\/\/www.shqiperia.com\/blog\/wp-json\/wp\/v2\/categories?post=106112"},{"taxonomy":"post_tag","embeddable":true,"href":"https:\/\/www.shqiperia.com\/blog\/wp-json\/wp\/v2\/tags?post=106112"}],"curies":[{"name":"wp","href":"https:\/\/api.w.org\/{rel}","templated":true}]}}