{"id":106109,"date":"2026-09-05T23:42:45","date_gmt":"2026-09-05T23:42:45","guid":{"rendered":"https:\/\/www.shqiperia.com\/blog\/?p=106109"},"modified":"2026-09-05T23:42:45","modified_gmt":"2026-09-05T23:42:45","slug":"siguria-ushqimore-ne-alarm-salmonela-ne-mishin-brazilian-aku-gjeti-14-8-tone-te-kontaminuar-1-32-tone-u-shiten-te-konsumatoret","status":"publish","type":"post","link":"https:\/\/www.shqiperia.com\/blog\/siguria-ushqimore-ne-alarm-salmonela-ne-mishin-brazilian-aku-gjeti-14-8-tone-te-kontaminuar-1-32-tone-u-shiten-te-konsumatoret\/","title":{"rendered":"Siguria ushqimore n\u00eb alarm\/ Salmonela n\u00eb mishin brazilian, AKU gjeti 14.8 ton\u00eb t\u00eb kontaminuar, 1.32 ton\u00eb u shit\u00ebn te konsumator\u00ebt"},"content":{"rendered":"<div id=\"attachment_106110\" style=\"width: 670px\" class=\"wp-caption alignnone\"><img data-recalc-dims=\"1\" loading=\"lazy\" decoding=\"async\" aria-describedby=\"caption-attachment-106110\" data-attachment-id=\"106110\" data-permalink=\"https:\/\/www.shqiperia.com\/blog\/siguria-ushqimore-ne-alarm-salmonela-ne-mishin-brazilian-aku-gjeti-14-8-tone-te-kontaminuar-1-32-tone-u-shiten-te-konsumatoret\/mishi-me-slmonele\/\" data-orig-file=\"https:\/\/i0.wp.com\/www.shqiperia.com\/blog\/wp-content\/uploads\/2026\/09\/mishi-me-slmonele-.webp?fit=1100%2C546&amp;ssl=1\" data-orig-size=\"1100,546\" data-comments-opened=\"1\" data-image-meta=\"{&quot;aperture&quot;:&quot;0&quot;,&quot;credit&quot;:&quot;&quot;,&quot;camera&quot;:&quot;&quot;,&quot;caption&quot;:&quot;&quot;,&quot;created_timestamp&quot;:&quot;0&quot;,&quot;copyright&quot;:&quot;&quot;,&quot;focal_length&quot;:&quot;0&quot;,&quot;iso&quot;:&quot;0&quot;,&quot;shutter_speed&quot;:&quot;0&quot;,&quot;title&quot;:&quot;&quot;,&quot;orientation&quot;:&quot;0&quot;}\" data-image-title=\"mishi-me-slmonele-\" data-image-description=\"\" data-image-caption=\"&lt;p&gt;mishi-me-slmonele-&lt;\/p&gt;\n\" data-medium-file=\"https:\/\/i0.wp.com\/www.shqiperia.com\/blog\/wp-content\/uploads\/2026\/09\/mishi-me-slmonele-.webp?fit=300%2C149&amp;ssl=1\" data-large-file=\"https:\/\/i0.wp.com\/www.shqiperia.com\/blog\/wp-content\/uploads\/2026\/09\/mishi-me-slmonele-.webp?fit=1024%2C508&amp;ssl=1\" class=\" wp-image-106110\" alt=\"\" src=\"https:\/\/i0.wp.com\/www.shqiperia.com\/blog\/wp-content\/uploads\/2026\/09\/mishi-me-slmonele-.webp?resize=660%2C328&#038;ssl=1\" width=\"660\" height=\"328\" srcset=\"https:\/\/i0.wp.com\/www.shqiperia.com\/blog\/wp-content\/uploads\/2026\/09\/mishi-me-slmonele-.webp?resize=300%2C149&amp;ssl=1 300w, https:\/\/i0.wp.com\/www.shqiperia.com\/blog\/wp-content\/uploads\/2026\/09\/mishi-me-slmonele-.webp?resize=1024%2C508&amp;ssl=1 1024w, https:\/\/i0.wp.com\/www.shqiperia.com\/blog\/wp-content\/uploads\/2026\/09\/mishi-me-slmonele-.webp?resize=768%2C381&amp;ssl=1 768w, https:\/\/i0.wp.com\/www.shqiperia.com\/blog\/wp-content\/uploads\/2026\/09\/mishi-me-slmonele-.webp?resize=450%2C223&amp;ssl=1 450w, https:\/\/i0.wp.com\/www.shqiperia.com\/blog\/wp-content\/uploads\/2026\/09\/mishi-me-slmonele-.webp?resize=600%2C298&amp;ssl=1 600w, https:\/\/i0.wp.com\/www.shqiperia.com\/blog\/wp-content\/uploads\/2026\/09\/mishi-me-slmonele-.webp?resize=400%2C199&amp;ssl=1 400w, https:\/\/i0.wp.com\/www.shqiperia.com\/blog\/wp-content\/uploads\/2026\/09\/mishi-me-slmonele-.webp?w=1100&amp;ssl=1 1100w\" sizes=\"auto, (max-width: 660px) 100vw, 660px\" \/><p id=\"caption-attachment-106110\" class=\"wp-caption-text\">mishi-me-slmonele-<\/p><\/div>\n<p>6 Shtator 2026<\/p>\n<p>M\u00eb 3 shtator Shqip\u00ebria ndaloi importin e mishit t\u00eb gjedhit t\u00eb shpend\u00ebve nga Brazilit, pas vendimit t\u00eb BE q\u00eb e cil\u00ebson mishin Brazilian si produkt t\u00eb pasigurt pasi dyshohet se tek kafsh\u00ebt e gjall\u00eb injektohen antibiotik\u00eb t\u00eb ndaluar BE.<\/p>\n<p>Por Mishi i importuar nga Brazili nuk \u00ebsht\u00eb i rreziksh\u00ebm vet\u00ebm p\u00ebr pranin\u00eb e antibiotik\u00ebve t\u00eb ndaluar, por edhe p\u00ebr kontaminimin me baktere.<\/p>\n<p>Kontrollet e Autoritetit Komb\u00ebtar t\u00eb Ushqimit gjat\u00eb viteve TAB1 2025 identifikuan rreth 14.8 ton\u00eb mish pule dhe derri me Salmonel\u00eb, ku nj\u00eb pjes\u00eb e sasis\u00eb e mishit helmues u konsumua nga shqiptar\u00ebt.<\/p>\n<p>Rasti m\u00eb shqet\u00ebsues lidhet me nj\u00eb ngarkes\u00eb prej 10 mij\u00eb e 272 kilogram\u00ebsh, ose 10.27 ton\u00eb fileto pule \u201cCopacol\u201d, ku analizat konstatuan pranin\u00eb e Salmonella Typhimurium.<\/p>\n<p>Kur inspektor\u00ebt e AKU-s\u00eb nd\u00ebrhyn\u00eb, 8 mij\u00eb e 949 kilogram\u00eb, ose rreth 8.95 ton\u00eb, u gjet\u00ebn ende n\u00eb subjekt dhe u bllokuan. Por 1 mij\u00eb e 322 kilogram\u00eb, ose rreth 1.32 ton\u00eb fileto pule, rezultonin se ishin shitur te konsumator\u00ebt. Sasia e bllokuar dhe produktet e kthyera nga tregu u d\u00ebrguan p\u00ebr asgj\u00ebsim.<br \/>\nNj\u00eb tjet\u00ebr rast u evidentua me mishin e derrit.<\/p>\n<p>N\u00eb 2025 inspektor\u00ebt konstatuan 4 mij\u00eb e 516 kilogram\u00eb, ose rreth 4.52 ton\u00eb fileto derri t\u00eb ngrir\u00eb, t\u00eb kontaminuar me bakterin salmonell\u00eb.<\/p>\n<p>Ndryshe nga rasti i mishit t\u00eb pul\u00ebs, e gjith\u00eb sasia ndodhej ende n\u00eb magazin\u00ebn frigoriferike t\u00eb subjektit dhe nuk ishte shp\u00ebrndar\u00eb n\u00eb treg. AKU e bllokoi produktin dhe m\u00eb pas e asgj\u00ebsoi.<br \/>\nTAB3 N\u00eb vitin 2025, AKU raporton se ka marr\u00eb 17 mostra mish pule dhe 8 mostra mish derri.<\/p>\n<p>N\u00eb k\u00ebt\u00eb list\u00eb nuk rezulton asnj\u00eb most\u00ebr e mishit t\u00eb gjedhit me origjin\u00eb nga Brazili. Kjo ngre pik\u00ebpyetje mbi nivelin e kontrollit laboratorik t\u00eb mishit t\u00eb gjedhit t\u00eb importuar nga Brazili, n\u00eb nj\u00eb koh\u00eb kur siguria e produkteve shtazore q\u00eb vijn\u00eb nga ky vend \u00ebsht\u00eb vendosur n\u00ebn nj\u00eb v\u00ebmendje t\u00eb shtuar edhe nga autoritetet europiane, t\u00eb cil\u00ebt i kan\u00eb ngritur karton e kuq t\u00eb importit, p\u00ebr nj\u00eb afat t\u00eb pacaktuar, pasi dyshohet se tek kafsh\u00ebt jan\u00eb p\u00ebrdorur medikamente veterinare t\u00eb ndaluara.<\/p>\n","protected":false},"excerpt":{"rendered":"<p>6 Shtator 2026 M\u00eb 3 shtator Shqip\u00ebria ndaloi importin e mishit t\u00eb gjedhit t\u00eb shpend\u00ebve nga Brazilit, pas vendimit t\u00eb BE q\u00eb e cil\u00ebson mishin Brazilian si produkt t\u00eb pasigurt pasi dyshohet se tek kafsh\u00ebt e gjall\u00eb injektohen antibiotik\u00eb t\u00eb ndaluar BE. Por Mishi i importuar nga Brazili nuk \u00ebsht\u00eb i rreziksh\u00ebm vet\u00ebm p\u00ebr pranin\u00eb [&hellip;]<\/p>\n","protected":false},"author":9,"featured_media":106110,"comment_status":"open","ping_status":"open","sticky":false,"template":"","format":"standard","meta":{"jetpack_post_was_ever_published":false,"_jetpack_newsletter_access":"","_jetpack_dont_email_post_to_subs":false,"_jetpack_newsletter_tier_id":0,"_jetpack_memberships_contains_paywalled_content":false,"_jetpack_memberships_contains_paid_content":false,"footnotes":"","jetpack_publicize_message":"","jetpack_publicize_feature_enabled":true,"jetpack_social_post_already_shared":true,"jetpack_social_options":{"image_generator_settings":{"template":"highway","default_image_id":0,"font":"","enabled":false},"version":2}},"categories":[27,10,1,2,35],"tags":[],"class_list":["post-106109","post","type-post","status-publish","format-standard","has-post-thumbnail","hentry","category-blogu-i-udhetarit","category-kultura","category-njoftime-shtypi","category-politika","category-shoqerore"],"jetpack_publicize_connections":[],"jetpack_featured_media_url":"https:\/\/i0.wp.com\/www.shqiperia.com\/blog\/wp-content\/uploads\/2026\/09\/mishi-me-slmonele-.webp?fit=1100%2C546&ssl=1","jetpack_sharing_enabled":true,"jetpack_shortlink":"https:\/\/wp.me\/p5Z6wp-rBr","jetpack-related-posts":[{"id":105953,"url":"https:\/\/www.shqiperia.com\/blog\/mishi-i-brazilit-qe-bllokoi-evropa-do-ushqeje-shqiptaret-edhe-pas-3-shtatorit-skema-se-si-po-mbushen-magazinat\/","url_meta":{"origin":106109,"position":0},"title":"Mishi i Brazilit q\u00eb bllokoi Evropa do \u201cushqej\u00eb\u201d shqiptar\u00ebt edhe pas 3 shtatorit. Skema se si po mbushen magazinat","author":"Kurt Farka","date":"September 4, 2026","format":false,"excerpt":"4 Shtator 2026 Nga Alketa \u00c7eku Pas dat\u00ebs 3 shtator, Shqip\u00ebria ndaloi\u00a0 zyrtarisht importin e mishit t\u00eb gjedhit dhe shpend\u00ebve nga Brazili. Ky vendim u mor pasi Bashkimi Evropian i mbylli dyert mishit brazilian, p\u00ebr shkak t\u00eb p\u00ebrdorimit pa kontroll t\u00eb antibiotik\u00ebve,q\u00eb sh\u00ebrbejn\u00eb si nxit\u00ebs t\u2019u shtuar kafsh\u00ebve mas\u00ebn muskulare.\u2026","rel":"","context":"In &quot;Blogu i Udh\u00ebtarit&quot;","block_context":{"text":"Blogu i Udh\u00ebtarit","link":"https:\/\/www.shqiperia.com\/blog\/category\/blogu-i-udhetarit\/"},"img":{"alt_text":"","src":"https:\/\/i0.wp.com\/www.shqiperia.com\/blog\/wp-content\/uploads\/2026\/09\/600-388-whatsapp-image-2026-09-04-at-102929-1788510600.jpeg?fit=600%2C388&ssl=1&resize=350%2C200","width":350,"height":200,"srcset":"https:\/\/i0.wp.com\/www.shqiperia.com\/blog\/wp-content\/uploads\/2026\/09\/600-388-whatsapp-image-2026-09-04-at-102929-1788510600.jpeg?fit=600%2C388&ssl=1&resize=350%2C200 1x, https:\/\/i0.wp.com\/www.shqiperia.com\/blog\/wp-content\/uploads\/2026\/09\/600-388-whatsapp-image-2026-09-04-at-102929-1788510600.jpeg?fit=600%2C388&ssl=1&resize=525%2C300 1.5x"},"classes":[]},{"id":82732,"url":"https:\/\/www.shqiperia.com\/blog\/mishi-i-destinuar-per-groposje-perfundon-ne-fabrika-sallami-fabrika-kazazi-dhe-bzf-mbyllin-gojen\/","url_meta":{"origin":106109,"position":1},"title":"Mishi i destinuar p\u00ebr groposje p\u00ebrfundon n\u00eb fabrika sallami. Fabrika KAZAZI dhe BZF \u2018mbyllin goj\u00ebn\u2019","author":"Kurt Farka","date":"July 12, 2024","format":false,"excerpt":"12 Korrik 2024 Televizioni Ora News ka ngritur alarmin p\u00ebr mishin e pakontrolluar q\u00eb shitej n\u00eb tregje, i cili pasi \u00ebsht\u00eb sekuestruar nga inspektoret e AKU ka p\u00ebrfunduar ne fabrika sallami. Spas KLSH Inspektoret e AKU e kan\u00eb d\u00ebrguar mishin e destinuar per asgjesim te fabrikat Kazazi dhe BZF. Skandali\u2026","rel":"","context":"In &quot;Blogu i Udh\u00ebtarit&quot;","block_context":{"text":"Blogu i Udh\u00ebtarit","link":"https:\/\/www.shqiperia.com\/blog\/category\/blogu-i-udhetarit\/"},"img":{"alt_text":"","src":"https:\/\/i0.wp.com\/www.shqiperia.com\/blog\/wp-content\/uploads\/2024\/07\/ahmetaj-rama-1.jpg?fit=763%2C433&ssl=1&resize=350%2C200","width":350,"height":200,"srcset":"https:\/\/i0.wp.com\/www.shqiperia.com\/blog\/wp-content\/uploads\/2024\/07\/ahmetaj-rama-1.jpg?fit=763%2C433&ssl=1&resize=350%2C200 1x, https:\/\/i0.wp.com\/www.shqiperia.com\/blog\/wp-content\/uploads\/2024\/07\/ahmetaj-rama-1.jpg?fit=763%2C433&ssl=1&resize=525%2C300 1.5x, https:\/\/i0.wp.com\/www.shqiperia.com\/blog\/wp-content\/uploads\/2024\/07\/ahmetaj-rama-1.jpg?fit=763%2C433&ssl=1&resize=700%2C400 2x"},"classes":[]},{"id":105752,"url":"https:\/\/www.shqiperia.com\/blog\/lironi-shqipet-protestuesit-para-komisariateve-ne-mbeshtetje-te-te-shoqeruarve-nga-policia-revolte-kunder-te-gjithe-klases-politike-ju-erdhi-fundi\/","url_meta":{"origin":106109,"position":2},"title":"\u201cLironi shqipet\u201d\/ Protestuesit para Komisariateve n\u00eb mb\u00ebshtetje t\u00eb t\u00eb shoq\u00ebruarve nga policia! Revolt\u00eb kund\u00ebr t\u00eb gjith\u00eb klas\u00ebs politike: &#8211; Ju erdhi fundi!","author":"Kurt Farka","date":"September 1, 2026","format":false,"excerpt":"1 Shtator 2026 Protestuesit vijojn\u00eb q\u00ebndres\u00ebn e tyre p\u00ebrpara ambienteve t\u00eb Komisariateve ku mbahet t\u00eb shoq\u00ebruar protestuesit e ndalur nga policia. Qytetar\u00ebt k\u00ebrkojn\u00eb lirimin e personave t\u00eb ndaluar. Rreth 11 protestues u shoq\u00ebruan nga policia. Me thirrjet \u201carrestoni Ram\u00ebn\u201d, arrestoni Ballukun, lironi \u00e7unat, lironi gocat. Revolta vijon prej 94 dit\u00ebsh\u2026","rel":"","context":"In &quot;Blogu i Udh\u00ebtarit&quot;","block_context":{"text":"Blogu i Udh\u00ebtarit","link":"https:\/\/www.shqiperia.com\/blog\/category\/blogu-i-udhetarit\/"},"img":{"alt_text":"","src":"https:\/\/i0.wp.com\/www.shqiperia.com\/blog\/wp-content\/uploads\/2026\/09\/arrestoni-ramennn.jpg?fit=1200%2C580&ssl=1&resize=350%2C200","width":350,"height":200,"srcset":"https:\/\/i0.wp.com\/www.shqiperia.com\/blog\/wp-content\/uploads\/2026\/09\/arrestoni-ramennn.jpg?fit=1200%2C580&ssl=1&resize=350%2C200 1x, https:\/\/i0.wp.com\/www.shqiperia.com\/blog\/wp-content\/uploads\/2026\/09\/arrestoni-ramennn.jpg?fit=1200%2C580&ssl=1&resize=525%2C300 1.5x, https:\/\/i0.wp.com\/www.shqiperia.com\/blog\/wp-content\/uploads\/2026\/09\/arrestoni-ramennn.jpg?fit=1200%2C580&ssl=1&resize=700%2C400 2x, https:\/\/i0.wp.com\/www.shqiperia.com\/blog\/wp-content\/uploads\/2026\/09\/arrestoni-ramennn.jpg?fit=1200%2C580&ssl=1&resize=1050%2C600 3x"},"classes":[]},{"id":103748,"url":"https:\/\/www.shqiperia.com\/blog\/nxehtesia-po-vret-midhjet-dhe-molusqet-ndersa-gaforrja-blu-po-shumohet-pa-pushim\/","url_meta":{"origin":106109,"position":3},"title":"Nxeht\u00ebsia po vret midhjet dhe molusqet, nd\u00ebrsa gaforrja blu po shumohet pa pushim","author":"Kurt Farka","date":"August 4, 2026","format":false,"excerpt":"4 Gusht 2026 Val\u00ebt e t\u00eb nxehtit po i mbytin midhjet, molusqet dhe prodhimin e peshkut n\u00eb laguna dhe pellgje, por jo gaforren blu, e cila, p\u00ebrkundrazi, vazhdon t\u00eb zgjerohet pa probleme. Konfirmimi vjen p\u00ebr ANSA-n nga Confcooperative Agroalimentare e Pesca, duke raportuar nj\u00eb p\u00ebrkeq\u00ebsim t\u00eb emergjenc\u00ebs nga Adriatiku i\u2026","rel":"","context":"In &quot;Blogu i Udh\u00ebtarit&quot;","block_context":{"text":"Blogu i Udh\u00ebtarit","link":"https:\/\/www.shqiperia.com\/blog\/category\/blogu-i-udhetarit\/"},"img":{"alt_text":"","src":"https:\/\/i0.wp.com\/www.shqiperia.com\/blog\/wp-content\/uploads\/2026\/08\/auto_GAFORRJA1785655123.jpg?fit=900%2C600&ssl=1&resize=350%2C200","width":350,"height":200,"srcset":"https:\/\/i0.wp.com\/www.shqiperia.com\/blog\/wp-content\/uploads\/2026\/08\/auto_GAFORRJA1785655123.jpg?fit=900%2C600&ssl=1&resize=350%2C200 1x, https:\/\/i0.wp.com\/www.shqiperia.com\/blog\/wp-content\/uploads\/2026\/08\/auto_GAFORRJA1785655123.jpg?fit=900%2C600&ssl=1&resize=525%2C300 1.5x, https:\/\/i0.wp.com\/www.shqiperia.com\/blog\/wp-content\/uploads\/2026\/08\/auto_GAFORRJA1785655123.jpg?fit=900%2C600&ssl=1&resize=700%2C400 2x"},"classes":[]},{"id":100703,"url":"https:\/\/www.shqiperia.com\/blog\/inflacioni-i-heshtur-sa-po-rendohet-shporta-e-konsumatorit-ne-2026\/","url_meta":{"origin":106109,"position":4},"title":"Inflacioni i heshtur\/ Sa po r\u00ebndohet shporta e konsumatorit n\u00eb 2026?","author":"Kurt Farka","date":"May 27, 2026","format":false,"excerpt":"27 Maji 2026 T\u00eb dh\u00ebnat zyrtare t\u00eb INSTAT p\u00ebr kat\u00ebrmujorin e par\u00eb t\u00eb vitit 2026 pasqyrojn\u00eb l\u00ebvizjet e \u00e7mimeve t\u00eb konsumit, ku realiteti n\u00eb treg d\u00ebshmon nj\u00eb tendenc\u00eb rrit\u00ebse t\u00eb vazhdueshme q\u00eb g\u00ebrryen fuqin\u00eb bler\u00ebse. Analiza e shifrave provon se produktet e shport\u00ebs po p\u00ebsojn\u00eb nj\u00eb shtrenjtim, ku krahasimi mes\u2026","rel":"","context":"In &quot;Blogu i Udh\u00ebtarit&quot;","block_context":{"text":"Blogu i Udh\u00ebtarit","link":"https:\/\/www.shqiperia.com\/blog\/category\/blogu-i-udhetarit\/"},"img":{"alt_text":"","src":"https:\/\/i0.wp.com\/www.shqiperia.com\/blog\/wp-content\/uploads\/2026\/05\/640-0-1779870501xmishi-cover-888.jpg?fit=640%2C353&ssl=1&resize=350%2C200","width":350,"height":200,"srcset":"https:\/\/i0.wp.com\/www.shqiperia.com\/blog\/wp-content\/uploads\/2026\/05\/640-0-1779870501xmishi-cover-888.jpg?fit=640%2C353&ssl=1&resize=350%2C200 1x, https:\/\/i0.wp.com\/www.shqiperia.com\/blog\/wp-content\/uploads\/2026\/05\/640-0-1779870501xmishi-cover-888.jpg?fit=640%2C353&ssl=1&resize=525%2C300 1.5x"},"classes":[]},{"id":96855,"url":"https:\/\/www.shqiperia.com\/blog\/6-2-ton-mish-pule-me-salmonele-u-perpunuan-ne-nje-fabrike-sallami-aku-jep-informacione-kontradiktore\/","url_meta":{"origin":106109,"position":5},"title":"6.2 ton mish pule me salmonel\u00eb u p\u00ebrpunuan n\u00eb nj\u00eb fabrik\u00eb sallami. AKU jep informacione kontradiktore","author":"Kurt Farka","date":"January 23, 2026","format":false,"excerpt":"23 Janar 2026 Italia ka\u00a0 dh\u00ebn\u00eb alarmin se\u00a0 pas kontrolleve te kryera te mishi i pul\u00ebs me origjin\u00eb nga Rumania \u00ebsht\u00eb konstatuar prezenca e \u201cSalmonella infantis\u201d. Ky produkt i importuar n\u00eb Shqip\u00ebri ka kaluar p\u00ebr p\u00ebrpunim\u00a0 n\u00eb nj\u00eb fabrik\u00eb sallami. Pas k\u00ebrkes\u00ebs p\u00ebr informacion q\u00eb \u201cOra News\u201d i drejtoi Autoritetit\u2026","rel":"","context":"In &quot;Blogu i Udh\u00ebtarit&quot;","block_context":{"text":"Blogu i Udh\u00ebtarit","link":"https:\/\/www.shqiperia.com\/blog\/category\/blogu-i-udhetarit\/"},"img":{"alt_text":"","src":"https:\/\/i0.wp.com\/www.shqiperia.com\/blog\/wp-content\/uploads\/2026\/01\/600-388-cover-sallam-me-salmonel-1769162478.jpg?fit=600%2C388&ssl=1&resize=350%2C200","width":350,"height":200,"srcset":"https:\/\/i0.wp.com\/www.shqiperia.com\/blog\/wp-content\/uploads\/2026\/01\/600-388-cover-sallam-me-salmonel-1769162478.jpg?fit=600%2C388&ssl=1&resize=350%2C200 1x, https:\/\/i0.wp.com\/www.shqiperia.com\/blog\/wp-content\/uploads\/2026\/01\/600-388-cover-sallam-me-salmonel-1769162478.jpg?fit=600%2C388&ssl=1&resize=525%2C300 1.5x"},"classes":[]}],"_links":{"self":[{"href":"https:\/\/www.shqiperia.com\/blog\/wp-json\/wp\/v2\/posts\/106109","targetHints":{"allow":["GET"]}}],"collection":[{"href":"https:\/\/www.shqiperia.com\/blog\/wp-json\/wp\/v2\/posts"}],"about":[{"href":"https:\/\/www.shqiperia.com\/blog\/wp-json\/wp\/v2\/types\/post"}],"author":[{"embeddable":true,"href":"https:\/\/www.shqiperia.com\/blog\/wp-json\/wp\/v2\/users\/9"}],"replies":[{"embeddable":true,"href":"https:\/\/www.shqiperia.com\/blog\/wp-json\/wp\/v2\/comments?post=106109"}],"version-history":[{"count":1,"href":"https:\/\/www.shqiperia.com\/blog\/wp-json\/wp\/v2\/posts\/106109\/revisions"}],"predecessor-version":[{"id":106111,"href":"https:\/\/www.shqiperia.com\/blog\/wp-json\/wp\/v2\/posts\/106109\/revisions\/106111"}],"wp:featuredmedia":[{"embeddable":true,"href":"https:\/\/www.shqiperia.com\/blog\/wp-json\/wp\/v2\/media\/106110"}],"wp:attachment":[{"href":"https:\/\/www.shqiperia.com\/blog\/wp-json\/wp\/v2\/media?parent=106109"}],"wp:term":[{"taxonomy":"category","embeddable":true,"href":"https:\/\/www.shqiperia.com\/blog\/wp-json\/wp\/v2\/categories?post=106109"},{"taxonomy":"post_tag","embeddable":true,"href":"https:\/\/www.shqiperia.com\/blog\/wp-json\/wp\/v2\/tags?post=106109"}],"curies":[{"name":"wp","href":"https:\/\/api.w.org\/{rel}","templated":true}]}}