{"id":106099,"date":"2026-09-05T21:14:06","date_gmt":"2026-09-05T21:14:06","guid":{"rendered":"https:\/\/www.shqiperia.com\/blog\/?p=106099"},"modified":"2026-09-05T21:14:06","modified_gmt":"2026-09-05T21:14:06","slug":"5-shtator-zjarret-ne-shqiperi-21-vatra-te-raportuara-gjate-dites-me-problematike-ne-fier-shkoder-mat-dhe-dajt","status":"publish","type":"post","link":"https:\/\/www.shqiperia.com\/blog\/5-shtator-zjarret-ne-shqiperi-21-vatra-te-raportuara-gjate-dites-me-problematike-ne-fier-shkoder-mat-dhe-dajt\/","title":{"rendered":"5 Shtator: &#8211; Zjarret n\u00eb Shqip\u00ebri\/ 21 vatra t\u00eb raportuara gjat\u00eb dit\u00ebs, m\u00eb problematike n\u00eb Fier, Shkod\u00ebr, Mat dhe Dajt"},"content":{"rendered":"<p><img data-recalc-dims=\"1\" loading=\"lazy\" decoding=\"async\" data-attachment-id=\"106100\" data-permalink=\"https:\/\/www.shqiperia.com\/blog\/5-shtator-zjarret-ne-shqiperi-21-vatra-te-raportuara-gjate-dites-me-problematike-ne-fier-shkoder-mat-dhe-dajt\/797783825_2147290959551381_2843177629286655742_n-2\/\" data-orig-file=\"https:\/\/i0.wp.com\/www.shqiperia.com\/blog\/wp-content\/uploads\/2026\/09\/797783825_2147290959551381_2843177629286655742_n-1.jpg?fit=1280%2C720&amp;ssl=1\" data-orig-size=\"1280,720\" data-comments-opened=\"1\" data-image-meta=\"{&quot;aperture&quot;:&quot;0&quot;,&quot;credit&quot;:&quot;&quot;,&quot;camera&quot;:&quot;&quot;,&quot;caption&quot;:&quot;&quot;,&quot;created_timestamp&quot;:&quot;0&quot;,&quot;copyright&quot;:&quot;&quot;,&quot;focal_length&quot;:&quot;0&quot;,&quot;iso&quot;:&quot;0&quot;,&quot;shutter_speed&quot;:&quot;0&quot;,&quot;title&quot;:&quot;&quot;,&quot;orientation&quot;:&quot;0&quot;}\" data-image-title=\"797783825_2147290959551381_2843177629286655742_n\" data-image-description=\"\" data-image-caption=\"\" data-medium-file=\"https:\/\/i0.wp.com\/www.shqiperia.com\/blog\/wp-content\/uploads\/2026\/09\/797783825_2147290959551381_2843177629286655742_n-1.jpg?fit=300%2C169&amp;ssl=1\" data-large-file=\"https:\/\/i0.wp.com\/www.shqiperia.com\/blog\/wp-content\/uploads\/2026\/09\/797783825_2147290959551381_2843177629286655742_n-1.jpg?fit=1024%2C576&amp;ssl=1\" class=\"alignnone  wp-image-106100\" alt=\"\" src=\"https:\/\/i0.wp.com\/www.shqiperia.com\/blog\/wp-content\/uploads\/2026\/09\/797783825_2147290959551381_2843177629286655742_n-1.jpg?resize=636%2C358&#038;ssl=1\" width=\"636\" height=\"358\" srcset=\"https:\/\/i0.wp.com\/www.shqiperia.com\/blog\/wp-content\/uploads\/2026\/09\/797783825_2147290959551381_2843177629286655742_n-1.jpg?resize=300%2C169&amp;ssl=1 300w, https:\/\/i0.wp.com\/www.shqiperia.com\/blog\/wp-content\/uploads\/2026\/09\/797783825_2147290959551381_2843177629286655742_n-1.jpg?resize=1024%2C576&amp;ssl=1 1024w, https:\/\/i0.wp.com\/www.shqiperia.com\/blog\/wp-content\/uploads\/2026\/09\/797783825_2147290959551381_2843177629286655742_n-1.jpg?resize=768%2C432&amp;ssl=1 768w, https:\/\/i0.wp.com\/www.shqiperia.com\/blog\/wp-content\/uploads\/2026\/09\/797783825_2147290959551381_2843177629286655742_n-1.jpg?resize=450%2C253&amp;ssl=1 450w, https:\/\/i0.wp.com\/www.shqiperia.com\/blog\/wp-content\/uploads\/2026\/09\/797783825_2147290959551381_2843177629286655742_n-1.jpg?resize=600%2C338&amp;ssl=1 600w, https:\/\/i0.wp.com\/www.shqiperia.com\/blog\/wp-content\/uploads\/2026\/09\/797783825_2147290959551381_2843177629286655742_n-1.jpg?resize=400%2C225&amp;ssl=1 400w, https:\/\/i0.wp.com\/www.shqiperia.com\/blog\/wp-content\/uploads\/2026\/09\/797783825_2147290959551381_2843177629286655742_n-1.jpg?w=1280&amp;ssl=1 1280w\" sizes=\"auto, (max-width: 636px) 100vw, 636px\" \/><\/p>\n<p>5 Shtator 2026<\/p>\n<p>Situatat kryesore:<\/p>\n<p>* Fier \u2013 Driz\u00eb\/Radostin\u00eb, Vadhiz\u00eb, Peshtan dhe Levan: vatra vijon aktive. Jan\u00eb angazhuar 13 automjete zjarrfik\u00ebse, 4 autobote, 55 efektiv\u00eb, 90 FP dhe 104 forca ushtarake, me mb\u00ebshtetje nga 1 helikopter dhe 1 Air Tractor.<\/p>\n<p>* Shkod\u00ebr \u2013 Bardhaj: zjarri mbetet aktiv. N\u00eb operacion jan\u00eb 5 automjete zjarrfik\u00ebse, struktura vendore dhe mb\u00ebshtetje nga FA me 1 automjet zjarrfik\u00ebs dhe 1 helikopter.<\/p>\n<p>* Mat \u2013 Lundre dhe Madhesh, operacioni mb\u00ebshtetet edhe nga 30 efektiv\u00eb t\u00eb FA.<\/p>\n<p>* Himar\u00eb \u2013 lagjja \u201c1 Maji\u201d: zjarri \u00ebsht\u00eb fikur pas nj\u00eb angazhimi t\u00eb gjer\u00eb me 26 automjete zjarrfik\u00ebse, forca vendore, policore e vullnetare dhe 183 efektiv\u00eb, 2 zjarrfik\u00ebse dhe 2 ambulanca dhe 2 helikopter\u00eb t\u00eb FA. Raportohen 6 banesa t\u00eb djegura, prej tyre 3 t\u00eb banuara, dhe 36 persona t\u00eb evakuuar.<\/p>\n<p>* Dajt: vatra vijon aktive, me 30 forca vendore dhe 50 efektiv\u00eb t\u00eb FA t\u00eb angazhuar. Qinami mbahet n\u00ebn mbik\u00ebqyrje dhe nuk paraqet rrezik p\u00ebr zonat e banuara.<\/p>\n<p>Vatra aktive raportohen gjithashtu n\u00eb Vajkal, Mallunx\u00eb\u2013Lis, Gallat\u00eb, Kaliva\u00e7\u2013Zimaj\u2013Kashnjet, Krast\u00eb t\u00eb Elbasanit, Iball\u00eb dhe Krepse, nd\u00ebrsa vijon mbik\u00ebqyrja n\u00eb disa zona t\u00eb tjera. N\u00eb Mavrov\u00eb t\u00eb Selenic\u00ebs dhe n\u00eb malin \u201cPartizan\u201d n\u00eb Berat, zjarret jan\u00eb fikur.<\/p>\n<p>Agjencia Komb\u00ebtare e Mbrojtjes Civile (AKMC) vijon t\u00eb ndjek\u00eb n\u00eb m\u00ebnyr\u00eb t\u00eb pand\u00ebrprer\u00eb situat\u00ebn n\u00eb t\u00eb gjith\u00eb territorin e vendit, n\u00eb koordinim t\u00eb ngusht\u00eb me prefekturat, bashkit\u00eb dhe t\u00eb gjitha strukturat e sistemit t\u00eb Mbrojtjes Civile.<\/p>\n<p>Kapacitetet operacionale mbeten t\u00eb angazhuara n\u00eb terren dhe n\u00eb gatishm\u00ebri p\u00ebr t\u00eb nd\u00ebrhyr\u00eb aty ku situata e k\u00ebrkon, me prioritet mbrojtjen e jet\u00ebs, banesave dhe pasuris\u00eb s\u00eb qytetar\u00ebve\u201d, shkruan Ministria e Mbrojtjes.<\/p>\n<div class=\"adGroupWrapper\">\n<div class=\"adGroupWrapperInner\" data-max-slots=\"2\">\n<div class=\"oneAdBlock\">\n<div class=\"abd\" id=\"div-gpt-ad-1508427039785-4\" data-google-query-id=\"CNiI57Kt2JYDFdnIAgcdTVktuw\">\n<div id=\"google_ads_iframe_\/52408802\/TOPCHHOME4_0__container__\"><\/div>\n<\/div>\n<\/div>\n<div class=\"oneAdBlock\">\n<div class=\"abd\" id=\"div-gpt-ad-1508427039785-5\" data-google-query-id=\"CNmI57Kt2JYDFdnIAgcdTVktuw\"><\/div>\n<\/div>\n<\/div>\n<\/div>\n","protected":false},"excerpt":{"rendered":"<p>5 Shtator 2026 Situatat kryesore: * Fier \u2013 Driz\u00eb\/Radostin\u00eb, Vadhiz\u00eb, Peshtan dhe Levan: vatra vijon aktive. Jan\u00eb angazhuar 13 automjete zjarrfik\u00ebse, 4 autobote, 55 efektiv\u00eb, 90 FP dhe 104 forca ushtarake, me mb\u00ebshtetje nga 1 helikopter dhe 1 Air Tractor. * Shkod\u00ebr \u2013 Bardhaj: zjarri mbetet aktiv. N\u00eb operacion jan\u00eb 5 automjete zjarrfik\u00ebse, struktura vendore [&hellip;]<\/p>\n","protected":false},"author":9,"featured_media":106100,"comment_status":"open","ping_status":"open","sticky":false,"template":"","format":"standard","meta":{"jetpack_post_was_ever_published":false,"_jetpack_newsletter_access":"","_jetpack_dont_email_post_to_subs":false,"_jetpack_newsletter_tier_id":0,"_jetpack_memberships_contains_paywalled_content":false,"_jetpack_memberships_contains_paid_content":false,"footnotes":"","jetpack_publicize_message":"","jetpack_publicize_feature_enabled":true,"jetpack_social_post_already_shared":true,"jetpack_social_options":{"image_generator_settings":{"template":"highway","default_image_id":0,"font":"","enabled":false},"version":2}},"categories":[27,1,35],"tags":[],"class_list":["post-106099","post","type-post","status-publish","format-standard","has-post-thumbnail","hentry","category-blogu-i-udhetarit","category-njoftime-shtypi","category-shoqerore"],"jetpack_publicize_connections":[],"jetpack_featured_media_url":"https:\/\/i0.wp.com\/www.shqiperia.com\/blog\/wp-content\/uploads\/2026\/09\/797783825_2147290959551381_2843177629286655742_n-1.jpg?fit=1280%2C720&ssl=1","jetpack_sharing_enabled":true,"jetpack_shortlink":"https:\/\/wp.me\/p5Z6wp-rBh","jetpack-related-posts":[{"id":104376,"url":"https:\/\/www.shqiperia.com\/blog\/31-vatra-zjarri-ne-te-gjithe-vendin\/","url_meta":{"origin":106099,"position":0},"title":"31 vatra zjarri n\u00eb t\u00eb gjith\u00eb vendin.","author":"Kurt Farka","date":"August 13, 2026","format":false,"excerpt":"13 Gusht 2026 Kat\u00ebr fshatra t\u00eb Tiran\u00ebs me prezenc\u00eb t\u00eb flak\u00ebve, situata n\u00eb Elbasan e r\u00ebnduar. N\u00eb operacionet p\u00ebr menaxhimin e situat\u00ebs vijon angazhimi i koordinuar i strukturave vendore dhe qendrore. Vet\u00ebm nga Forcat e Armatosura jan\u00eb angazhuar 309 efektiv\u00eb, 22 mjete, 1 autobot, 3 ambulanca, 9 mjete zjarrfik\u00ebse, 3\u2026","rel":"","context":"In &quot;Blogu i Udh\u00ebtarit&quot;","block_context":{"text":"Blogu i Udh\u00ebtarit","link":"https:\/\/www.shqiperia.com\/blog\/category\/blogu-i-udhetarit\/"},"img":{"alt_text":"","src":"https:\/\/i0.wp.com\/www.shqiperia.com\/blog\/wp-content\/uploads\/2026\/08\/zjarr-2026-shqiperi_sd.webp?fit=1200%2C675&ssl=1&resize=350%2C200","width":350,"height":200,"srcset":"https:\/\/i0.wp.com\/www.shqiperia.com\/blog\/wp-content\/uploads\/2026\/08\/zjarr-2026-shqiperi_sd.webp?fit=1200%2C675&ssl=1&resize=350%2C200 1x, https:\/\/i0.wp.com\/www.shqiperia.com\/blog\/wp-content\/uploads\/2026\/08\/zjarr-2026-shqiperi_sd.webp?fit=1200%2C675&ssl=1&resize=525%2C300 1.5x, https:\/\/i0.wp.com\/www.shqiperia.com\/blog\/wp-content\/uploads\/2026\/08\/zjarr-2026-shqiperi_sd.webp?fit=1200%2C675&ssl=1&resize=700%2C400 2x, https:\/\/i0.wp.com\/www.shqiperia.com\/blog\/wp-content\/uploads\/2026\/08\/zjarr-2026-shqiperi_sd.webp?fit=1200%2C675&ssl=1&resize=1050%2C600 3x"},"classes":[]},{"id":104656,"url":"https:\/\/www.shqiperia.com\/blog\/zjarret-ne-shqiperi-ministria-e-mbrojtjes-ben-bilancin-7-vatra-ende-aktive-ne-territorin-e-vendit\/","url_meta":{"origin":106099,"position":1},"title":"Zjarret n\u00eb Shqip\u00ebri, Ministria e Mbrojtjes b\u00ebn bilancin: 7 vatra ende aktive n\u00eb territorin e vendit!","author":"Kurt Farka","date":"August 18, 2026","format":false,"excerpt":"18 Gusht 2026 Shtat\u00eb vatra zjarri vijojn\u00eb t\u00eb jen\u00eb aktive n\u00eb Shqip\u00ebri, nd\u00ebrsa tre t\u00eb tjera jan\u00eb n\u00eb monitorim. Ministria e Mbrojtjes ka publikuar p\u00ebrdit\u00ebsimin e situat\u00ebs deri n\u00eb or\u00ebn 20:00 t\u00eb 17 gushtit. Gjat\u00eb dit\u00ebs jan\u00eb regjistruar 13 vatra zjarri n\u00eb t\u00eb gjith\u00eb territorin e vendit. N\u00eb operacionet p\u00ebr\u2026","rel":"","context":"In &quot;Blogu i Udh\u00ebtarit&quot;","block_context":{"text":"Blogu i Udh\u00ebtarit","link":"https:\/\/www.shqiperia.com\/blog\/category\/blogu-i-udhetarit\/"},"img":{"alt_text":"","src":"https:\/\/i0.wp.com\/www.shqiperia.com\/blog\/wp-content\/uploads\/2026\/08\/Pamje-nga-Tirana-e-Zjarrit-ne-Dajt.jpeg?fit=661%2C441&ssl=1&resize=350%2C200","width":350,"height":200,"srcset":"https:\/\/i0.wp.com\/www.shqiperia.com\/blog\/wp-content\/uploads\/2026\/08\/Pamje-nga-Tirana-e-Zjarrit-ne-Dajt.jpeg?fit=661%2C441&ssl=1&resize=350%2C200 1x, https:\/\/i0.wp.com\/www.shqiperia.com\/blog\/wp-content\/uploads\/2026\/08\/Pamje-nga-Tirana-e-Zjarrit-ne-Dajt.jpeg?fit=661%2C441&ssl=1&resize=525%2C300 1.5x"},"classes":[]},{"id":104348,"url":"https:\/\/www.shqiperia.com\/blog\/42-vatra-zjarri-ne-te-gjithe-vendin-rritet-rreziku-ne-tirane-kruje-diber-dhe-mallakaster-nis-evakuimi-i-banoreve-839-forca-operacionale-ne-terren-ne-lufte-me-flaket\/","url_meta":{"origin":106099,"position":2},"title":"42 vatra zjarri n\u00eb t\u00eb gjith\u00eb vendin, rritet rreziku n\u00eb Tiran\u00eb, Kruj\u00eb, Dib\u00ebr dhe Mallakast\u00ebr. Nis evakuimi i banor\u00ebve, 839 forca operacionale n\u00eb terren n\u00eb luft\u00eb me flak\u00ebt","author":"Kurt Farka","date":"August 13, 2026","format":false,"excerpt":"13 Gusht 2026 Temperaturat e larta dhe era jan\u00eb b\u00ebr\u00eb faktor\u00ebt ky\u00e7 n\u00eb intensifikimi e zjarreve dhe rindezjen e vatrave q\u00eb m\u00eb par\u00eb jan\u00eb v\u00ebn\u00eb n\u00eb kontroll n\u00eb vendin ton\u00eb. N\u00eb 24 or\u00ebt e fundit, sipas Ministris\u00eb s\u00eb Mbrojtjes jan\u00eb raportuar 45 vatra zjarri, nga t\u00eb cilat 12 mbeten aktive\u2026","rel":"","context":"In &quot;Blogu i Udh\u00ebtarit&quot;","block_context":{"text":"Blogu i Udh\u00ebtarit","link":"https:\/\/www.shqiperia.com\/blog\/category\/blogu-i-udhetarit\/"},"img":{"alt_text":"","src":"https:\/\/i0.wp.com\/www.shqiperia.com\/blog\/wp-content\/uploads\/2026\/08\/762689152_3762198220600953_7001392962709730454_n-300x175.jpg?resize=350%2C200&ssl=1","width":350,"height":200,"srcset":"https:\/\/i0.wp.com\/www.shqiperia.com\/blog\/wp-content\/uploads\/2026\/08\/762689152_3762198220600953_7001392962709730454_n-300x175.jpg?resize=350%2C200&ssl=1 1x, https:\/\/i0.wp.com\/www.shqiperia.com\/blog\/wp-content\/uploads\/2026\/08\/762689152_3762198220600953_7001392962709730454_n-300x175.jpg?resize=525%2C300&ssl=1 1.5x, https:\/\/i0.wp.com\/www.shqiperia.com\/blog\/wp-content\/uploads\/2026\/08\/762689152_3762198220600953_7001392962709730454_n-300x175.jpg?resize=700%2C400&ssl=1 2x"},"classes":[]},{"id":105659,"url":"https:\/\/www.shqiperia.com\/blog\/shqiperia-vazhdon-te-digjet-27-vatra-zjarri-ende-aktive-flake-ne-dajt-diber-e-shkoder\/","url_meta":{"origin":106099,"position":3},"title":"Shqip\u00ebria vazhdon t\u00eb digjet, &#8211; 27 vatra zjarri ende aktive. Flak\u00eb n\u00eb Dajt, Dib\u00ebr e Shkod\u00ebr","author":"Kurt Farka","date":"September 1, 2026","format":false,"excerpt":"1 Shtator 2026 Shqip\u00ebria vijon t\u00eb p\u00ebrballet me vatra zjarri n\u00eb disa zona t\u00eb vendit, nd\u00ebrsa situata mbetet n\u00ebn monitorim t\u00eb vazhduesh\u00ebm nga autoritetet. Gjat\u00eb 24 or\u00ebve t\u00eb fundit jan\u00eb raportuar 27 vatra zjarri, prej t\u00eb cilave 4 vijojn\u00eb t\u00eb jen\u00eb aktive dhe 4 t\u00eb tjera jan\u00eb n\u00ebn mbik\u00ebqyrje. Flak\u00ebt\u2026","rel":"","context":"In &quot;Blogu i Udh\u00ebtarit&quot;","block_context":{"text":"Blogu i Udh\u00ebtarit","link":"https:\/\/www.shqiperia.com\/blog\/category\/blogu-i-udhetarit\/"},"img":{"alt_text":"","src":"https:\/\/i0.wp.com\/www.shqiperia.com\/blog\/wp-content\/uploads\/2026\/09\/klos-flake.jpg?fit=1083%2C597&ssl=1&resize=350%2C200","width":350,"height":200,"srcset":"https:\/\/i0.wp.com\/www.shqiperia.com\/blog\/wp-content\/uploads\/2026\/09\/klos-flake.jpg?fit=1083%2C597&ssl=1&resize=350%2C200 1x, https:\/\/i0.wp.com\/www.shqiperia.com\/blog\/wp-content\/uploads\/2026\/09\/klos-flake.jpg?fit=1083%2C597&ssl=1&resize=525%2C300 1.5x, https:\/\/i0.wp.com\/www.shqiperia.com\/blog\/wp-content\/uploads\/2026\/09\/klos-flake.jpg?fit=1083%2C597&ssl=1&resize=700%2C400 2x, https:\/\/i0.wp.com\/www.shqiperia.com\/blog\/wp-content\/uploads\/2026\/09\/klos-flake.jpg?fit=1083%2C597&ssl=1&resize=1050%2C600 3x"},"classes":[]},{"id":104934,"url":"https:\/\/www.shqiperia.com\/blog\/situata-me-zjarret-ne-shqiperi-gojani-ne-puke-zona-me-problematike\/","url_meta":{"origin":106099,"position":4},"title":"Situata me zjarret n\u00eb Shqip\u00ebri: &#8211; Gojani n\u00eb Puk\u00eb zona m\u00eb problematike","author":"Kurt Farka","date":"August 22, 2026","format":false,"excerpt":"22 Gusht 2026 N\u00eb Gojan\u2013Gjegjan\u2013T\u00ebrbun, Puk\u00eb, vijon nj\u00eb angazhim i p\u00ebrforcuar me 255 forca dhe 11 mjete zjarrfik\u00ebse. Konkretisht, jan\u00eb angazhuar 50 efektiv\u00eb MZSH nga Puka, Fush\u00eb-Arr\u00ebzi, Kamza, Kuk\u00ebsi, Hasi dhe Shkodra, 14 punonj\u00ebs t\u00eb Sh\u00ebrbimit Pyjor, 68 punonj\u00ebs t\u00eb sh\u00ebrbimeve vendore, 70 vullnetar\u00eb dhe banor\u00eb t\u00eb zon\u00ebs, si dhe\u2026","rel":"","context":"In &quot;Blogu i Udh\u00ebtarit&quot;","block_context":{"text":"Blogu i Udh\u00ebtarit","link":"https:\/\/www.shqiperia.com\/blog\/category\/blogu-i-udhetarit\/"},"img":{"alt_text":"","src":"https:\/\/i0.wp.com\/www.shqiperia.com\/blog\/wp-content\/uploads\/2026\/08\/640-0-4-1787329376.png?fit=640%2C361&ssl=1&resize=350%2C200","width":350,"height":200,"srcset":"https:\/\/i0.wp.com\/www.shqiperia.com\/blog\/wp-content\/uploads\/2026\/08\/640-0-4-1787329376.png?fit=640%2C361&ssl=1&resize=350%2C200 1x, https:\/\/i0.wp.com\/www.shqiperia.com\/blog\/wp-content\/uploads\/2026\/08\/640-0-4-1787329376.png?fit=640%2C361&ssl=1&resize=525%2C300 1.5x"},"classes":[]},{"id":104852,"url":"https:\/\/www.shqiperia.com\/blog\/zjarri-masiv-ne-puke-reagon-mbrojtja-vijon-nderhyrja-nga-toka-dhe-ajri-nis-evakuimi-i-banoreve-perparesi-femijet-dhe-te-moshuarit\/","url_meta":{"origin":106099,"position":5},"title":"Zjarri masiv n\u00eb Puk\u00eb, reagon \u201cMbrojtja\u201d: &#8211; Vijon nd\u00ebrhyrja nga toka dhe ajri, nis evakuimi i banor\u00ebve. &#8211; P\u00ebrpar\u00ebsi f\u00ebmij\u00ebt dhe t\u00eb moshuarit","author":"Kurt Farka","date":"August 20, 2026","format":false,"excerpt":"20 Gusht 2026 Vijon operacioni p\u00ebr shuarjen e zjarrit n\u00eb fshatin Gojan i Madh, n\u00eb Nj\u00ebsin\u00eb Administrative Gjegjan, Bashkia Puk\u00eb, ku flak\u00ebt jan\u00eb p\u00ebrhapur n\u00eb nj\u00eb terren t\u00eb v\u00ebshtir\u00eb malor. N\u00eb terren jan\u00eb angazhuar 5 automjete zjarrfik\u00ebse me 19 efektiv\u00eb t\u00eb MZSH Puk\u00eb dhe Fush\u00eb-Arr\u00ebz, 10 punonj\u00ebs t\u00eb Sh\u00ebrbimit Pyjor,\u2026","rel":"","context":"In &quot;Blogu i Udh\u00ebtarit&quot;","block_context":{"text":"Blogu i Udh\u00ebtarit","link":"https:\/\/www.shqiperia.com\/blog\/category\/blogu-i-udhetarit\/"},"img":{"alt_text":"","src":"https:\/\/i0.wp.com\/www.shqiperia.com\/blog\/wp-content\/uploads\/2026\/08\/ministriaa.jpg?fit=1151%2C567&ssl=1&resize=350%2C200","width":350,"height":200,"srcset":"https:\/\/i0.wp.com\/www.shqiperia.com\/blog\/wp-content\/uploads\/2026\/08\/ministriaa.jpg?fit=1151%2C567&ssl=1&resize=350%2C200 1x, https:\/\/i0.wp.com\/www.shqiperia.com\/blog\/wp-content\/uploads\/2026\/08\/ministriaa.jpg?fit=1151%2C567&ssl=1&resize=525%2C300 1.5x, https:\/\/i0.wp.com\/www.shqiperia.com\/blog\/wp-content\/uploads\/2026\/08\/ministriaa.jpg?fit=1151%2C567&ssl=1&resize=700%2C400 2x, https:\/\/i0.wp.com\/www.shqiperia.com\/blog\/wp-content\/uploads\/2026\/08\/ministriaa.jpg?fit=1151%2C567&ssl=1&resize=1050%2C600 3x"},"classes":[]}],"_links":{"self":[{"href":"https:\/\/www.shqiperia.com\/blog\/wp-json\/wp\/v2\/posts\/106099","targetHints":{"allow":["GET"]}}],"collection":[{"href":"https:\/\/www.shqiperia.com\/blog\/wp-json\/wp\/v2\/posts"}],"about":[{"href":"https:\/\/www.shqiperia.com\/blog\/wp-json\/wp\/v2\/types\/post"}],"author":[{"embeddable":true,"href":"https:\/\/www.shqiperia.com\/blog\/wp-json\/wp\/v2\/users\/9"}],"replies":[{"embeddable":true,"href":"https:\/\/www.shqiperia.com\/blog\/wp-json\/wp\/v2\/comments?post=106099"}],"version-history":[{"count":1,"href":"https:\/\/www.shqiperia.com\/blog\/wp-json\/wp\/v2\/posts\/106099\/revisions"}],"predecessor-version":[{"id":106101,"href":"https:\/\/www.shqiperia.com\/blog\/wp-json\/wp\/v2\/posts\/106099\/revisions\/106101"}],"wp:featuredmedia":[{"embeddable":true,"href":"https:\/\/www.shqiperia.com\/blog\/wp-json\/wp\/v2\/media\/106100"}],"wp:attachment":[{"href":"https:\/\/www.shqiperia.com\/blog\/wp-json\/wp\/v2\/media?parent=106099"}],"wp:term":[{"taxonomy":"category","embeddable":true,"href":"https:\/\/www.shqiperia.com\/blog\/wp-json\/wp\/v2\/categories?post=106099"},{"taxonomy":"post_tag","embeddable":true,"href":"https:\/\/www.shqiperia.com\/blog\/wp-json\/wp\/v2\/tags?post=106099"}],"curies":[{"name":"wp","href":"https:\/\/api.w.org\/{rel}","templated":true}]}}