{"id":106095,"date":"2026-09-05T21:08:13","date_gmt":"2026-09-05T21:08:13","guid":{"rendered":"https:\/\/www.shqiperia.com\/blog\/?p=106095"},"modified":"2026-09-05T21:08:13","modified_gmt":"2026-09-05T21:08:13","slug":"nuk-shitet-shqiperia-shitet-qeveria-mbyllet-nata-e-98-te","status":"publish","type":"post","link":"https:\/\/www.shqiperia.com\/blog\/nuk-shitet-shqiperia-shitet-qeveria-mbyllet-nata-e-98-te\/","title":{"rendered":"\u201cNuk shitet Shqip\u00ebria, shitet qeveria!\u201d\/ Mbyllet nata e 98-t\u00eb"},"content":{"rendered":"<div id=\"attachment_106096\" style=\"width: 599px\" class=\"wp-caption alignnone\"><img data-recalc-dims=\"1\" loading=\"lazy\" decoding=\"async\" aria-describedby=\"caption-attachment-106096\" data-attachment-id=\"106096\" data-permalink=\"https:\/\/www.shqiperia.com\/blog\/nuk-shitet-shqiperia-shitet-qeveria-mbyllet-nata-e-98-te\/640-360-img-1589-6a91e7cc3e2ca-3\/\" data-orig-file=\"https:\/\/i0.wp.com\/www.shqiperia.com\/blog\/wp-content\/uploads\/2026\/09\/640-360-img-1589-6a91e7cc3e2ca.jpeg?fit=640%2C360&amp;ssl=1\" data-orig-size=\"640,360\" data-comments-opened=\"1\" data-image-meta=\"{&quot;aperture&quot;:&quot;0&quot;,&quot;credit&quot;:&quot;&quot;,&quot;camera&quot;:&quot;&quot;,&quot;caption&quot;:&quot;&quot;,&quot;created_timestamp&quot;:&quot;0&quot;,&quot;copyright&quot;:&quot;&quot;,&quot;focal_length&quot;:&quot;0&quot;,&quot;iso&quot;:&quot;0&quot;,&quot;shutter_speed&quot;:&quot;0&quot;,&quot;title&quot;:&quot;&quot;,&quot;orientation&quot;:&quot;0&quot;}\" data-image-title=\"\" data-image-description=\"&lt;p&gt;Nuk shitet Shqip\u00ebria, shitet qeveria!\u201d Mbyllet nata e 98-t\u00eb e revolt\u00ebs&lt;\/p&gt;\n\" data-image-caption=\"&lt;p&gt;Nuk shitet Shqip\u00ebria, shitet qeveria!\u201d\/ Mbyllet nata e 98-t\u00eb e revolt\u00ebs&lt;\/p&gt;\n\" data-medium-file=\"https:\/\/i0.wp.com\/www.shqiperia.com\/blog\/wp-content\/uploads\/2026\/09\/640-360-img-1589-6a91e7cc3e2ca.jpeg?fit=300%2C169&amp;ssl=1\" data-large-file=\"https:\/\/i0.wp.com\/www.shqiperia.com\/blog\/wp-content\/uploads\/2026\/09\/640-360-img-1589-6a91e7cc3e2ca.jpeg?fit=640%2C360&amp;ssl=1\" class=\" wp-image-106096\" alt=\"\" src=\"https:\/\/i0.wp.com\/www.shqiperia.com\/blog\/wp-content\/uploads\/2026\/09\/640-360-img-1589-6a91e7cc3e2ca.jpeg?resize=589%2C332&#038;ssl=1\" width=\"589\" height=\"332\" srcset=\"https:\/\/i0.wp.com\/www.shqiperia.com\/blog\/wp-content\/uploads\/2026\/09\/640-360-img-1589-6a91e7cc3e2ca.jpeg?resize=300%2C169&amp;ssl=1 300w, https:\/\/i0.wp.com\/www.shqiperia.com\/blog\/wp-content\/uploads\/2026\/09\/640-360-img-1589-6a91e7cc3e2ca.jpeg?resize=450%2C253&amp;ssl=1 450w, https:\/\/i0.wp.com\/www.shqiperia.com\/blog\/wp-content\/uploads\/2026\/09\/640-360-img-1589-6a91e7cc3e2ca.jpeg?resize=600%2C338&amp;ssl=1 600w, https:\/\/i0.wp.com\/www.shqiperia.com\/blog\/wp-content\/uploads\/2026\/09\/640-360-img-1589-6a91e7cc3e2ca.jpeg?resize=400%2C225&amp;ssl=1 400w, https:\/\/i0.wp.com\/www.shqiperia.com\/blog\/wp-content\/uploads\/2026\/09\/640-360-img-1589-6a91e7cc3e2ca.jpeg?w=640&amp;ssl=1 640w\" sizes=\"auto, (max-width: 589px) 100vw, 589px\" \/><p id=\"caption-attachment-106096\" class=\"wp-caption-text\">Nuk shitet Shqip\u00ebria, shitet qeveria!\u201d\/ Mbyllet nata e 98-t\u00eb e revolt\u00ebs<\/p><\/div>\n<p>5 Shtator 2026<\/p>\n<p>Pas marshimit masiv p\u00ebrgjat\u00eb Bulevardit \u201cD\u00ebshmor\u00ebt e Kombit\u201d dhe rrug\u00ebve t\u00eb kryeqytetit, dita e 98-t\u00eb e q\u00ebndres\u00ebs popullore \u00ebsht\u00eb p\u00ebrmbyllur aty ku nisi, p\u00ebrpara godin\u00ebs s\u00eb Kryeministris\u00eb.<\/p>\n<p>Turma e madhe e qytetar\u00ebve \u00ebsht\u00eb rikthyer te selia e ekzekutivit, duke shp\u00ebrthyer n\u00eb nj\u00eb val\u00eb t\u00eb re thirrjesh e parullash me ton mjaft t\u00eb prer\u00eb kund\u00ebr pushtetit.<\/p>\n<p>P\u00ebrmes megafon\u00ebve dhe me brohoritje unisone, protestuesit rrethuan s\u00ebrish godin\u00ebn duke l\u00ebshuar akuza t\u00eb drejtp\u00ebrdrejta ndaj krer\u00ebve t\u00eb ekzekutivit. N\u00eb bulevard jehuan vargjet e thirrjeve \u201cRama jep dor\u00ebheqjen!\u201d, \u201cJu erdhi fundi!\u201d, \u201cNuk shitet Shqip\u00ebria, shitet qeveria!\u201d si dhe k\u00ebrkesa e prer\u00eb \u201cArresto Ballukun!\u201d.<\/p>\n<p>Qytetar\u00ebt dhe aktivist\u00ebt n\u00ebnvizuan se pushteti ka humbur \u00e7do legjitimitet moral e politik, nd\u00ebrsa k\u00ebrkuan me ngulm v\u00ebnien p\u00ebrpara drejt\u00ebsis\u00eb t\u00eb zyrtar\u00ebve t\u00eb lart\u00eb t\u00eb p\u00ebrfshir\u00eb n\u00eb skandale korrupsioni.<\/p>\n<p>Mbyllja e protest\u00ebs s\u00eb sotme sh\u00ebrben si nj\u00eb moment ky\u00e7 p\u00ebr mobilizimin e m\u00ebtejsh\u00ebm t\u00eb revolt\u00ebs popullore. Syt\u00eb e t\u00eb gjith\u00eb q\u00ebndrestar\u00ebve jan\u00eb kthyer tashm\u00eb nga data 8 shtator, ora 17:00, ku aksioni opozitar dhe qytetar do t\u00eb zhvendoset p\u00ebrpara godin\u00ebs s\u00eb Kuvendit t\u00eb Shqip\u00ebris\u00eb p\u00ebr t\u00eb pritur me protest\u00eb rinisjen e punimeve parlamentare.<\/p>\n","protected":false},"excerpt":{"rendered":"<p>5 Shtator 2026 Pas marshimit masiv p\u00ebrgjat\u00eb Bulevardit \u201cD\u00ebshmor\u00ebt e Kombit\u201d dhe rrug\u00ebve t\u00eb kryeqytetit, dita e 98-t\u00eb e q\u00ebndres\u00ebs popullore \u00ebsht\u00eb p\u00ebrmbyllur aty ku nisi, p\u00ebrpara godin\u00ebs s\u00eb Kryeministris\u00eb. Turma e madhe e qytetar\u00ebve \u00ebsht\u00eb rikthyer te selia e ekzekutivit, duke shp\u00ebrthyer n\u00eb nj\u00eb val\u00eb t\u00eb re thirrjesh e parullash me ton mjaft t\u00eb [&hellip;]<\/p>\n","protected":false},"author":9,"featured_media":106096,"comment_status":"open","ping_status":"open","sticky":false,"template":"","format":"standard","meta":{"jetpack_post_was_ever_published":false,"_jetpack_newsletter_access":"","_jetpack_dont_email_post_to_subs":false,"_jetpack_newsletter_tier_id":0,"_jetpack_memberships_contains_paywalled_content":false,"_jetpack_memberships_contains_paid_content":false,"footnotes":"","jetpack_publicize_message":"","jetpack_publicize_feature_enabled":true,"jetpack_social_post_already_shared":true,"jetpack_social_options":{"image_generator_settings":{"template":"highway","default_image_id":0,"font":"","enabled":false},"version":2}},"categories":[27,1,2,35],"tags":[],"class_list":["post-106095","post","type-post","status-publish","format-standard","has-post-thumbnail","hentry","category-blogu-i-udhetarit","category-njoftime-shtypi","category-politika","category-shoqerore"],"jetpack_publicize_connections":[],"jetpack_featured_media_url":"https:\/\/i0.wp.com\/www.shqiperia.com\/blog\/wp-content\/uploads\/2026\/09\/640-360-img-1589-6a91e7cc3e2ca.jpeg?fit=640%2C360&ssl=1","jetpack_sharing_enabled":true,"jetpack_shortlink":"https:\/\/wp.me\/p5Z6wp-rBd","jetpack-related-posts":[{"id":105488,"url":"https:\/\/www.shqiperia.com\/blog\/protesta-nuk-shitet-shqiperia-shitet-qeveria\/","url_meta":{"origin":106095,"position":0},"title":"Protesta: &#8211; Nuk shitet Shqip\u00ebria, shitet qeveria","author":"Kurt Farka","date":"August 30, 2026","format":false,"excerpt":"30 Gusht 2026 Rezistenca qytetare vijon p\u00ebr t\u00eb 91-in mbr\u00ebmje radhazi, nd\u00ebrsa pas fjalimeve dhe mesazheve t\u00eb p\u00ebrcjella para Kryeministris\u00eb, protestuesit kan\u00eb nisur marshimin drejt sheshit N\u00ebn\u00eb Tereza. Pjes\u00ebmarr\u00ebsit e shumt\u00eb n\u00eb protest\u00eb kan\u00eb p\u00ebrs\u00ebritur k\u00ebrkes\u00ebn e tyre kryesore, dor\u00ebheqjen e kryeministrit Edi Rama, t\u00eb cil\u00ebn e konsiderojn\u00eb t\u00eb panegociueshme.\u2026","rel":"","context":"In &quot;Blogu i Udh\u00ebtarit&quot;","block_context":{"text":"Blogu i Udh\u00ebtarit","link":"https:\/\/www.shqiperia.com\/blog\/category\/blogu-i-udhetarit\/"},"img":{"alt_text":"","src":"https:\/\/i0.wp.com\/www.shqiperia.com\/blog\/wp-content\/uploads\/2026\/08\/640-360-img-1589-6a91e7cc3e2ca.jpeg?fit=640%2C360&ssl=1&resize=350%2C200","width":350,"height":200,"srcset":"https:\/\/i0.wp.com\/www.shqiperia.com\/blog\/wp-content\/uploads\/2026\/08\/640-360-img-1589-6a91e7cc3e2ca.jpeg?fit=640%2C360&ssl=1&resize=350%2C200 1x, https:\/\/i0.wp.com\/www.shqiperia.com\/blog\/wp-content\/uploads\/2026\/08\/640-360-img-1589-6a91e7cc3e2ca.jpeg?fit=640%2C360&ssl=1&resize=525%2C300 1.5x"},"classes":[]},{"id":101086,"url":"https:\/\/www.shqiperia.com\/blog\/proteste-madheshtore-ne-tirane-rama-te-jape-doreheqjen-shqiperia-nuk-shitet\/","url_meta":{"origin":106095,"position":1},"title":"Protest\u00eb madh\u00ebshtore n\u00eb Tiran\u00eb: &#8211; Rama t\u00eb jap\u00eb dor\u00ebheqjen! &#8211; Shqip\u00ebria nuk shitet!","author":"Kurt Farka","date":"June 4, 2026","format":false,"excerpt":"4 Qershor 2026 Mij\u00ebra qytetar\u00eb kan\u00eb mbushur k\u00ebt\u00eb mbr\u00ebmje bulevardin \u201cD\u00ebshmor\u00ebt e Kombit\u201d, duke iu bashkuar protest\u00ebs kund\u00ebr projektit p\u00ebr nd\u00ebrtimin e nj\u00eb resorti turistik n\u00eb zon\u00ebn e mbrojtur t\u00eb Zv\u00ebrnecit Pas grumbullimit n\u00eb sheshin \u201cSk\u00ebnderbej\u201d, protestuesit marshuan drejt Kryeministris\u00eb, duke mbajtur pankarta dhe flamuj, nd\u00ebrsa brohorisnin slogane kund\u00ebr qeveris\u00eb\u2026","rel":"","context":"In &quot;Blogu i Udh\u00ebtarit&quot;","block_context":{"text":"Blogu i Udh\u00ebtarit","link":"https:\/\/www.shqiperia.com\/blog\/category\/blogu-i-udhetarit\/"},"img":{"alt_text":"","src":"https:\/\/i0.wp.com\/www.shqiperia.com\/blog\/wp-content\/uploads\/2026\/06\/protesta-ne-bulevard-4-qershor-2026.jpg?fit=632%2C278&ssl=1&resize=350%2C200","width":350,"height":200,"srcset":"https:\/\/i0.wp.com\/www.shqiperia.com\/blog\/wp-content\/uploads\/2026\/06\/protesta-ne-bulevard-4-qershor-2026.jpg?fit=632%2C278&ssl=1&resize=350%2C200 1x, https:\/\/i0.wp.com\/www.shqiperia.com\/blog\/wp-content\/uploads\/2026\/06\/protesta-ne-bulevard-4-qershor-2026.jpg?fit=632%2C278&ssl=1&resize=525%2C300 1.5x"},"classes":[]},{"id":103770,"url":"https:\/\/www.shqiperia.com\/blog\/dua-lipa-shqiperia-nuk-shitet-lea-ypi-protesta-gjenerojne-ide\/","url_meta":{"origin":106095,"position":2},"title":"Dua Lipa: &#8211; Shqip\u00ebria nuk shitet. Lea Ypi: &#8211; Protesta gjenerojn\u00eb ide.","author":"Kurt Farka","date":"August 4, 2026","format":false,"excerpt":"4 Gusht 2026 Nj\u00ebra thote thelbin e ceshtjes: - Shqiperia nuk shitet, tjetra pergjigje retorike, shmang thelbin e protest\u00ebs: - Protestat gjenerojne Ide, Biseda e ve\u00e7ant\u00eb mes yllit t\u00eb muzik\u00ebs pop, Dua Lipa dhe Lea Ypi ka sjell\u00eb n\u00eb v\u00ebmendje nj\u00eb diskutim t\u00eb thell\u00eb mbi demokracin\u00eb, elitat politike dhe r\u00ebnd\u00ebsin\u00eb\u2026","rel":"","context":"In &quot;Blogu i Udh\u00ebtarit&quot;","block_context":{"text":"Blogu i Udh\u00ebtarit","link":"https:\/\/www.shqiperia.com\/blog\/category\/blogu-i-udhetarit\/"},"img":{"alt_text":"","src":"https:\/\/i0.wp.com\/www.shqiperia.com\/blog\/wp-content\/uploads\/2026\/08\/Dua-Lipa-Lea-Ypi.jpg?fit=749%2C427&ssl=1&resize=350%2C200","width":350,"height":200,"srcset":"https:\/\/i0.wp.com\/www.shqiperia.com\/blog\/wp-content\/uploads\/2026\/08\/Dua-Lipa-Lea-Ypi.jpg?fit=749%2C427&ssl=1&resize=350%2C200 1x, https:\/\/i0.wp.com\/www.shqiperia.com\/blog\/wp-content\/uploads\/2026\/08\/Dua-Lipa-Lea-Ypi.jpg?fit=749%2C427&ssl=1&resize=525%2C300 1.5x, https:\/\/i0.wp.com\/www.shqiperia.com\/blog\/wp-content\/uploads\/2026\/08\/Dua-Lipa-Lea-Ypi.jpg?fit=749%2C427&ssl=1&resize=700%2C400 2x"},"classes":[]},{"id":101498,"url":"https:\/\/www.shqiperia.com\/blog\/shqiperia-nuk-shitet-qytetaret-zbresin-serish-ne-shesh-ne-diten-e-15-te\/","url_meta":{"origin":106095,"position":3},"title":"\u201cShqip\u00ebria nuk shitet\u201d\/ Qytetar\u00ebt zbresin s\u00ebrish n\u00eb shesh n\u00eb dit\u00ebn e 15-t\u00eb","author":"Kurt Farka","date":"June 14, 2026","format":false,"excerpt":"Me thirrjet \u201cRama jep dor\u00ebheqjen\u201d mij\u00ebra qytetar\u00eb pritet t\u00eb mblidhen s\u00ebrish sot n\u00eb protest\u00ebn e 15 resht, duke k\u00ebrkuar largimin e Rama\u00ebs. N\u00ebn sloganin \u201cShqip\u00ebria nuk shitet, z\u00ebri yn\u00eb, dinjiteti yn\u00eb, e ardhmja nuk shitet\u201d, qytetar\u00ebt do t\u00eb grumbullohen si \u00e7do dit\u00eb n\u00eb sheshin \u201cSk\u00ebnderbej\u201d dhe m\u00eb pas nis marshimi\u2026","rel":"","context":"In &quot;Blogu i Udh\u00ebtarit&quot;","block_context":{"text":"Blogu i Udh\u00ebtarit","link":"https:\/\/www.shqiperia.com\/blog\/category\/blogu-i-udhetarit\/"},"img":{"alt_text":"","src":"https:\/\/i0.wp.com\/www.shqiperia.com\/blog\/wp-content\/uploads\/2026\/06\/640-0-8e0c19bf3d47e79b55c326eef7483921-1.jpeg?fit=640%2C394&ssl=1&resize=350%2C200","width":350,"height":200,"srcset":"https:\/\/i0.wp.com\/www.shqiperia.com\/blog\/wp-content\/uploads\/2026\/06\/640-0-8e0c19bf3d47e79b55c326eef7483921-1.jpeg?fit=640%2C394&ssl=1&resize=350%2C200 1x, https:\/\/i0.wp.com\/www.shqiperia.com\/blog\/wp-content\/uploads\/2026\/06\/640-0-8e0c19bf3d47e79b55c326eef7483921-1.jpeg?fit=640%2C394&ssl=1&resize=525%2C300 1.5x"},"classes":[]},{"id":102005,"url":"https:\/\/www.shqiperia.com\/blog\/eurodeputetja-vula-tsetsi-nuk-ka-zgjerim-te-be-se-me-shqiperine-nese-shitet-vendi-tek-te-huajt\/","url_meta":{"origin":106095,"position":4},"title":"Eurodeputetja Vula Tsetsi: &#8211; Nuk ka zgjerim t\u00eb BE-s\u00eb me Shqip\u00ebrin\u00eb n\u00ebse shitet vendi tek t\u00eb huajt!","author":"Kurt Farka","date":"June 30, 2026","format":false,"excerpt":"30 Qershor 2026 Vula Tsetsi:\u00a0Sot keni 30 dit\u00eb protest\u00eb dhe prej jush ajo q\u00eb po ndodh nuk njihet vet\u00ebm n\u00eb BE, por edhe m\u00eb gjer\u00eb dhe urime! \u00c7do gj\u00eb q\u00eb k\u00ebrkoni \u00ebsht\u00eb fal\u00eb jush, sepse nuk mbroni vet\u00ebm natyr\u00ebn tuaj. Shqip\u00ebria nuk \u00ebsht\u00eb n\u00eb shitje! Ju po mbroni t\u00eb drejtat\u2026","rel":"","context":"In &quot;Blogu i Udh\u00ebtarit&quot;","block_context":{"text":"Blogu i Udh\u00ebtarit","link":"https:\/\/www.shqiperia.com\/blog\/category\/blogu-i-udhetarit\/"},"img":{"alt_text":"","src":"https:\/\/i0.wp.com\/www.shqiperia.com\/blog\/wp-content\/uploads\/2026\/06\/640-0-4bfbcc38824c7513a9cddef0ead17412.png?fit=640%2C336&ssl=1&resize=350%2C200","width":350,"height":200,"srcset":"https:\/\/i0.wp.com\/www.shqiperia.com\/blog\/wp-content\/uploads\/2026\/06\/640-0-4bfbcc38824c7513a9cddef0ead17412.png?fit=640%2C336&ssl=1&resize=350%2C200 1x, https:\/\/i0.wp.com\/www.shqiperia.com\/blog\/wp-content\/uploads\/2026\/06\/640-0-4bfbcc38824c7513a9cddef0ead17412.png?fit=640%2C336&ssl=1&resize=525%2C300 1.5x"},"classes":[]},{"id":103929,"url":"https:\/\/www.shqiperia.com\/blog\/mbyllet-protesta-e-68-te-kunder-qeverise-paralajmerojne-pershkallezim-dhe-bllokim-rrugesh\/","url_meta":{"origin":106095,"position":5},"title":"Mbyllet protesta e 68-t\u00eb kund\u00ebr qeveris\u00eb. &#8211;  Paralajm\u00ebrojn\u00eb p\u00ebrshkall\u00ebzim dhe bllokim rrug\u00ebsh","author":"Kurt Farka","date":"August 7, 2026","format":false,"excerpt":"7 Gusht 2026 Pas nj\u00eb marshimi t\u00eb gjat\u00eb n\u00eb rrug\u00ebt e kryeqytetit dhe me nj\u00eb pjes\u00ebmarrje masive t\u00eb qytetar\u00ebve, \u00ebsht\u00eb mbyllur protesta e sotme. Shqiptar\u00ebt prej 68 dit\u00ebsh kan\u00eb protestuar kund\u00ebr qeveris\u00eb, duke b\u00ebr\u00eb thirrje p\u00ebr largimin e kryeministrit Edi Rama. Qytetar\u00ebt jan\u00eb shprehur t\u00eb vendosur se nuk do t\u00eb\u2026","rel":"","context":"In &quot;Blogu i Udh\u00ebtarit&quot;","block_context":{"text":"Blogu i Udh\u00ebtarit","link":"https:\/\/www.shqiperia.com\/blog\/category\/blogu-i-udhetarit\/"},"img":{"alt_text":"","src":"https:\/\/i0.wp.com\/www.shqiperia.com\/blog\/wp-content\/uploads\/2026\/08\/750439618_4639048496318417_4366432659659716152_n.jpg?fit=720%2C540&ssl=1&resize=350%2C200","width":350,"height":200,"srcset":"https:\/\/i0.wp.com\/www.shqiperia.com\/blog\/wp-content\/uploads\/2026\/08\/750439618_4639048496318417_4366432659659716152_n.jpg?fit=720%2C540&ssl=1&resize=350%2C200 1x, https:\/\/i0.wp.com\/www.shqiperia.com\/blog\/wp-content\/uploads\/2026\/08\/750439618_4639048496318417_4366432659659716152_n.jpg?fit=720%2C540&ssl=1&resize=525%2C300 1.5x, https:\/\/i0.wp.com\/www.shqiperia.com\/blog\/wp-content\/uploads\/2026\/08\/750439618_4639048496318417_4366432659659716152_n.jpg?fit=720%2C540&ssl=1&resize=700%2C400 2x"},"classes":[]}],"_links":{"self":[{"href":"https:\/\/www.shqiperia.com\/blog\/wp-json\/wp\/v2\/posts\/106095","targetHints":{"allow":["GET"]}}],"collection":[{"href":"https:\/\/www.shqiperia.com\/blog\/wp-json\/wp\/v2\/posts"}],"about":[{"href":"https:\/\/www.shqiperia.com\/blog\/wp-json\/wp\/v2\/types\/post"}],"author":[{"embeddable":true,"href":"https:\/\/www.shqiperia.com\/blog\/wp-json\/wp\/v2\/users\/9"}],"replies":[{"embeddable":true,"href":"https:\/\/www.shqiperia.com\/blog\/wp-json\/wp\/v2\/comments?post=106095"}],"version-history":[{"count":1,"href":"https:\/\/www.shqiperia.com\/blog\/wp-json\/wp\/v2\/posts\/106095\/revisions"}],"predecessor-version":[{"id":106098,"href":"https:\/\/www.shqiperia.com\/blog\/wp-json\/wp\/v2\/posts\/106095\/revisions\/106098"}],"wp:featuredmedia":[{"embeddable":true,"href":"https:\/\/www.shqiperia.com\/blog\/wp-json\/wp\/v2\/media\/106096"}],"wp:attachment":[{"href":"https:\/\/www.shqiperia.com\/blog\/wp-json\/wp\/v2\/media?parent=106095"}],"wp:term":[{"taxonomy":"category","embeddable":true,"href":"https:\/\/www.shqiperia.com\/blog\/wp-json\/wp\/v2\/categories?post=106095"},{"taxonomy":"post_tag","embeddable":true,"href":"https:\/\/www.shqiperia.com\/blog\/wp-json\/wp\/v2\/tags?post=106095"}],"curies":[{"name":"wp","href":"https:\/\/api.w.org\/{rel}","templated":true}]}}