{"id":106092,"date":"2026-09-05T20:19:11","date_gmt":"2026-09-05T20:19:11","guid":{"rendered":"https:\/\/www.shqiperia.com\/blog\/?p=106092"},"modified":"2026-09-05T20:19:11","modified_gmt":"2026-09-05T20:19:11","slug":"nje-doreshkrim-i-vitit-1666-mund-te-ndryshoje-historine-e-teleskopit-te-galileos","status":"publish","type":"post","link":"https:\/\/www.shqiperia.com\/blog\/nje-doreshkrim-i-vitit-1666-mund-te-ndryshoje-historine-e-teleskopit-te-galileos\/","title":{"rendered":"Nj\u00eb dor\u00ebshkrim i vitit 1666 mund t\u00eb ndryshoj\u00eb historin\u00eb e teleskopit t\u00eb Galileos"},"content":{"rendered":"<div class=\"readmore-text-here\">\n<p><img data-recalc-dims=\"1\" loading=\"lazy\" decoding=\"async\" data-attachment-id=\"106093\" data-permalink=\"https:\/\/www.shqiperia.com\/blog\/nje-doreshkrim-i-vitit-1666-mund-te-ndryshoje-historine-e-teleskopit-te-galileos\/auto_tasc_a_2661195_f0002_oc-copia-1200x8261788526829\/\" data-orig-file=\"https:\/\/i0.wp.com\/www.shqiperia.com\/blog\/wp-content\/uploads\/2026\/09\/auto_tasc_a_2661195_f0002_oc-copia-1200x8261788526829-1.webp?fit=1200%2C826&amp;ssl=1\" data-orig-size=\"1200,826\" data-comments-opened=\"1\" data-image-meta=\"{&quot;aperture&quot;:&quot;0&quot;,&quot;credit&quot;:&quot;&quot;,&quot;camera&quot;:&quot;&quot;,&quot;caption&quot;:&quot;&quot;,&quot;created_timestamp&quot;:&quot;0&quot;,&quot;copyright&quot;:&quot;&quot;,&quot;focal_length&quot;:&quot;0&quot;,&quot;iso&quot;:&quot;0&quot;,&quot;shutter_speed&quot;:&quot;0&quot;,&quot;title&quot;:&quot;&quot;,&quot;orientation&quot;:&quot;0&quot;}\" data-image-title=\"auto_tasc_a_2661195_f0002_oc-copia-1200&#215;8261788526829\" data-image-description=\"\" data-image-caption=\"\" data-medium-file=\"https:\/\/i0.wp.com\/www.shqiperia.com\/blog\/wp-content\/uploads\/2026\/09\/auto_tasc_a_2661195_f0002_oc-copia-1200x8261788526829-1.webp?fit=300%2C207&amp;ssl=1\" data-large-file=\"https:\/\/i0.wp.com\/www.shqiperia.com\/blog\/wp-content\/uploads\/2026\/09\/auto_tasc_a_2661195_f0002_oc-copia-1200x8261788526829-1.webp?fit=1024%2C705&amp;ssl=1\" class=\"alignnone  wp-image-106093\" alt=\"\" src=\"https:\/\/i0.wp.com\/www.shqiperia.com\/blog\/wp-content\/uploads\/2026\/09\/auto_tasc_a_2661195_f0002_oc-copia-1200x8261788526829-1.webp?resize=609%2C420&#038;ssl=1\" width=\"609\" height=\"420\" srcset=\"https:\/\/i0.wp.com\/www.shqiperia.com\/blog\/wp-content\/uploads\/2026\/09\/auto_tasc_a_2661195_f0002_oc-copia-1200x8261788526829-1.webp?resize=300%2C207&amp;ssl=1 300w, https:\/\/i0.wp.com\/www.shqiperia.com\/blog\/wp-content\/uploads\/2026\/09\/auto_tasc_a_2661195_f0002_oc-copia-1200x8261788526829-1.webp?resize=1024%2C705&amp;ssl=1 1024w, https:\/\/i0.wp.com\/www.shqiperia.com\/blog\/wp-content\/uploads\/2026\/09\/auto_tasc_a_2661195_f0002_oc-copia-1200x8261788526829-1.webp?resize=768%2C529&amp;ssl=1 768w, https:\/\/i0.wp.com\/www.shqiperia.com\/blog\/wp-content\/uploads\/2026\/09\/auto_tasc_a_2661195_f0002_oc-copia-1200x8261788526829-1.webp?resize=450%2C310&amp;ssl=1 450w, https:\/\/i0.wp.com\/www.shqiperia.com\/blog\/wp-content\/uploads\/2026\/09\/auto_tasc_a_2661195_f0002_oc-copia-1200x8261788526829-1.webp?resize=600%2C413&amp;ssl=1 600w, https:\/\/i0.wp.com\/www.shqiperia.com\/blog\/wp-content\/uploads\/2026\/09\/auto_tasc_a_2661195_f0002_oc-copia-1200x8261788526829-1.webp?resize=400%2C275&amp;ssl=1 400w, https:\/\/i0.wp.com\/www.shqiperia.com\/blog\/wp-content\/uploads\/2026\/09\/auto_tasc_a_2661195_f0002_oc-copia-1200x8261788526829-1.webp?w=1200&amp;ssl=1 1200w\" sizes=\"auto, (max-width: 609px) 100vw, 609px\" \/><\/p>\n<p>5 Shtator 2026<\/p>\n<p>Nj\u00eb dor\u00ebshkrim i vjet\u00ebr i vitit 1666, i ruajtur n\u00eb Mexico City, ka t\u00ebrhequr v\u00ebmendjen e studiuesve p\u00ebr shkak t\u00eb t\u00eb dh\u00ebnave q\u00eb mund t\u00eb ndryshojn\u00eb m\u00ebnyr\u00ebn se si kuptohet historia e teleskopit t\u00eb Galileo Galileit.<\/p>\n<p>Dokumenti lidhet me periudh\u00ebn kur instrumentet optike po transformonin astronomin\u00eb dhe mund t\u00eb ofroj\u00eb t\u00eb dh\u00ebna t\u00eb reja mbi m\u00ebnyr\u00ebn se si u p\u00ebrhap\u00ebn dhe u zhvilluan k\u00ebto teknologji.<\/p>\n<p>N\u00ebse interpretimi i dokumentit konfirmohet nga studiues t\u00eb tjer\u00eb, ai mund t\u00eb rihap\u00eb nj\u00eb debat historik mbi origjin\u00ebn dhe zhvillimin e teleskopit.<\/p>\n<p><img data-recalc-dims=\"1\" decoding=\"async\" alt=\"Image\" src=\"https:\/\/i0.wp.com\/www.syri.net\/uploads\/syri.net\/images\/2026\/September\/04\/auto_tasc_a_2661195_f0001_oc1788526829.webp?ssl=1\" \/><\/p>\n<div id=\"rekl-42\"><\/div>\n<div id=\"rekl-57\"><\/div>\n<\/div>\n<div id=\"rekl-45\"><\/div>\n<div id=\"rekl-16\"><\/div>\n<div id=\"rekl-33\"><\/div>\n<p>\u00a9 SYRI.net<\/p>\n","protected":false},"excerpt":{"rendered":"<p>5 Shtator 2026 Nj\u00eb dor\u00ebshkrim i vjet\u00ebr i vitit 1666, i ruajtur n\u00eb Mexico City, ka t\u00ebrhequr v\u00ebmendjen e studiuesve p\u00ebr shkak t\u00eb t\u00eb dh\u00ebnave q\u00eb mund t\u00eb ndryshojn\u00eb m\u00ebnyr\u00ebn se si kuptohet historia e teleskopit t\u00eb Galileo Galileit. Dokumenti lidhet me periudh\u00ebn kur instrumentet optike po transformonin astronomin\u00eb dhe mund t\u00eb ofroj\u00eb t\u00eb dh\u00ebna [&hellip;]<\/p>\n","protected":false},"author":9,"featured_media":106093,"comment_status":"open","ping_status":"open","sticky":false,"template":"","format":"standard","meta":{"jetpack_post_was_ever_published":false,"_jetpack_newsletter_access":"","_jetpack_dont_email_post_to_subs":false,"_jetpack_newsletter_tier_id":0,"_jetpack_memberships_contains_paywalled_content":false,"_jetpack_memberships_contains_paid_content":false,"footnotes":"","jetpack_publicize_message":"","jetpack_publicize_feature_enabled":true,"jetpack_social_post_already_shared":true,"jetpack_social_options":{"image_generator_settings":{"template":"highway","default_image_id":0,"font":"","enabled":false},"version":2}},"categories":[27,85,1,35],"tags":[],"class_list":["post-106092","post","type-post","status-publish","format-standard","has-post-thumbnail","hentry","category-blogu-i-udhetarit","category-histori","category-njoftime-shtypi","category-shoqerore"],"jetpack_publicize_connections":[],"jetpack_featured_media_url":"https:\/\/i0.wp.com\/www.shqiperia.com\/blog\/wp-content\/uploads\/2026\/09\/auto_tasc_a_2661195_f0002_oc-copia-1200x8261788526829-1.webp?fit=1200%2C826&ssl=1","jetpack_sharing_enabled":true,"jetpack_shortlink":"https:\/\/wp.me\/p5Z6wp-rBa","jetpack-related-posts":[{"id":104895,"url":"https:\/\/www.shqiperia.com\/blog\/nuk-kemi-pare-kurre-dicka-te-tille-el-nino-alarmon-shkencetaret-2027-do-te-jete-viti-me-i-nxehte-ndonjehere\/","url_meta":{"origin":106092,"position":0},"title":"\u201cNuk kemi par\u00eb kurr\u00eb di\u00e7ka t\u00eb till\u00eb\u201d\/ El Ni\u00f1o alarmon shkenc\u00ebtar\u00ebt, 2027 do t\u00eb jet\u00eb viti m\u00eb i nxeht\u00eb ndonj\u00ebher\u00eb","author":"Kurt Farka","date":"August 21, 2026","format":false,"excerpt":"21 Gusht 2026 Fenomeni El Ni\u00f1o q\u00eb po zhvillohet n\u00eb Oqeanin Paq\u00ebsor mund t\u00eb jet\u00eb m\u00eb i fuqishmi i regjistruar n\u00eb koh\u00ebt moderne, paralajm\u00ebrojn\u00eb ekspert\u00ebt e Met Office, sh\u00ebrbimit meteorologjik britanik. Fenomeni natyror klimatik pritet t\u00eb ndikoj\u00eb n\u00eb rritjen e temperaturave mesatare globale dhe t\u00eb shtoj\u00eb rrezikun p\u00ebr episode t\u00eb\u2026","rel":"","context":"In &quot;Blogu i Udh\u00ebtarit&quot;","block_context":{"text":"Blogu i Udh\u00ebtarit","link":"https:\/\/www.shqiperia.com\/blog\/category\/blogu-i-udhetarit\/"},"img":{"alt_text":"","src":"https:\/\/i0.wp.com\/www.shqiperia.com\/blog\/wp-content\/uploads\/2026\/08\/IMG_2857.webp?fit=976%2C549&ssl=1&resize=350%2C200","width":350,"height":200,"srcset":"https:\/\/i0.wp.com\/www.shqiperia.com\/blog\/wp-content\/uploads\/2026\/08\/IMG_2857.webp?fit=976%2C549&ssl=1&resize=350%2C200 1x, https:\/\/i0.wp.com\/www.shqiperia.com\/blog\/wp-content\/uploads\/2026\/08\/IMG_2857.webp?fit=976%2C549&ssl=1&resize=525%2C300 1.5x, https:\/\/i0.wp.com\/www.shqiperia.com\/blog\/wp-content\/uploads\/2026\/08\/IMG_2857.webp?fit=976%2C549&ssl=1&resize=700%2C400 2x"},"classes":[]},{"id":103947,"url":"https:\/\/www.shqiperia.com\/blog\/cila-eshte-kenga-me-e-vjeter-e-njohur-ne-bote\/","url_meta":{"origin":106092,"position":1},"title":"Cila \u00ebsht\u00eb k\u00ebnga m\u00eb e vjet\u00ebr e njohur n\u00eb bot\u00eb?","author":"Kurt Farka","date":"August 7, 2026","format":false,"excerpt":"7 Gusht 2026 N\u00eb fillim t\u00eb viteve 1950, arkeolog\u00ebt q\u00eb po g\u00ebrmonin nj\u00eb pallat t\u00eb shkat\u00ebrruar prej koh\u00ebsh n\u00eb qytetin-port t\u00eb lasht\u00eb sirian t\u00eb Ugaritit zbuluan 29 pllaka balte. Vet\u00ebm nj\u00ebra prej tyre mbijetoi pothuajse e paprekur, por ajo rezultoi e jasht\u00ebzakonshme: ruan pjes\u00ebn m\u00eb t\u00eb vjet\u00ebr t\u00eb plot\u00eb muzikore\u2026","rel":"","context":"In &quot;Blogu i Udh\u00ebtarit&quot;","block_context":{"text":"Blogu i Udh\u00ebtarit","link":"https:\/\/www.shqiperia.com\/blog\/category\/blogu-i-udhetarit\/"},"img":{"alt_text":"","src":"https:\/\/i0.wp.com\/www.shqiperia.com\/blog\/wp-content\/uploads\/2026\/08\/1212-2.webp?fit=1200%2C675&ssl=1&resize=350%2C200","width":350,"height":200,"srcset":"https:\/\/i0.wp.com\/www.shqiperia.com\/blog\/wp-content\/uploads\/2026\/08\/1212-2.webp?fit=1200%2C675&ssl=1&resize=350%2C200 1x, https:\/\/i0.wp.com\/www.shqiperia.com\/blog\/wp-content\/uploads\/2026\/08\/1212-2.webp?fit=1200%2C675&ssl=1&resize=525%2C300 1.5x, https:\/\/i0.wp.com\/www.shqiperia.com\/blog\/wp-content\/uploads\/2026\/08\/1212-2.webp?fit=1200%2C675&ssl=1&resize=700%2C400 2x, https:\/\/i0.wp.com\/www.shqiperia.com\/blog\/wp-content\/uploads\/2026\/08\/1212-2.webp?fit=1200%2C675&ssl=1&resize=1050%2C600 3x"},"classes":[]},{"id":105550,"url":"https:\/\/www.shqiperia.com\/blog\/si-dukej-burri-qe-i-mbijetoi-pushtimit-norman-ekspertet-rindertojne-fytyren-e-tij-pas-1000-vitesh\/","url_meta":{"origin":106092,"position":2},"title":"Si dukej burri q\u00eb i mbijetoi Pushtimit Norman? Ekspert\u00ebt rind\u00ebrtojn\u00eb fytyr\u00ebn e tij pas 1,000 vitesh","author":"Kurt Farka","date":"August 31, 2026","format":false,"excerpt":"31 Gusht 2026 Hulumtimet e reja kan\u00eb zbuluar se si mund t\u00eb ket\u00eb dukur nj\u00eb burr\u00eb q\u00eb jetoi gjat\u00eb pushtimit norman t\u00eb Britanis\u00eb, duke nxjerr\u00eb n\u00eb drit\u00eb detaje t\u00eb reja p\u00ebr jet\u00ebn e tij m\u00eb shum\u00eb se 1,000 vjet m\u00eb par\u00eb. I njohur si \u201cBurri i Pushtimit\u201d, mbetjet e tij\u2026","rel":"","context":"In &quot;Blogu i Udh\u00ebtarit&quot;","block_context":{"text":"Blogu i Udh\u00ebtarit","link":"https:\/\/www.shqiperia.com\/blog\/category\/blogu-i-udhetarit\/"},"img":{"alt_text":"","src":"https:\/\/i0.wp.com\/www.shqiperia.com\/blog\/wp-content\/uploads\/2026\/08\/auto_11788086742.jpeg?fit=900%2C506&ssl=1&resize=350%2C200","width":350,"height":200,"srcset":"https:\/\/i0.wp.com\/www.shqiperia.com\/blog\/wp-content\/uploads\/2026\/08\/auto_11788086742.jpeg?fit=900%2C506&ssl=1&resize=350%2C200 1x, https:\/\/i0.wp.com\/www.shqiperia.com\/blog\/wp-content\/uploads\/2026\/08\/auto_11788086742.jpeg?fit=900%2C506&ssl=1&resize=525%2C300 1.5x, https:\/\/i0.wp.com\/www.shqiperia.com\/blog\/wp-content\/uploads\/2026\/08\/auto_11788086742.jpeg?fit=900%2C506&ssl=1&resize=700%2C400 2x"},"classes":[]},{"id":103560,"url":"https:\/\/www.shqiperia.com\/blog\/nga-energjia-te-bujqesia-e-cmimet-e-larta-kostoja-ekonomike-e-el-nino-s-si-e-prek-shqiperine\/","url_meta":{"origin":106092,"position":3},"title":"Nga energjia te bujq\u00ebsia e \u00e7mimet e larta, kostoja ekonomike e \u201cEl Ni\u00f1o-s\u201d! &#8211; Si e prek Shqip\u00ebrin\u00eb","author":"Kurt Farka","date":"August 1, 2026","format":false,"excerpt":"1 Gusht 2026 N\u00eb muajt e par\u00eb t\u00eb vitit, Shqip\u00ebria kishte energji p\u00ebr t\u00eb shitur. N\u00eb ver\u00eb, po paguan 41.5 milion\u00eb euro p\u00ebr ta importuar t\u00eb pakt\u00ebn deri tani. Kjo kthes\u00eb nuk \u00ebsht\u00eb e pazakont\u00eb. Ajo \u00ebsht\u00eb p\u00ebrs\u00ebritur nd\u00ebr vite, pasi var\u00ebsia e prodhimit vendas t\u00eb energjis\u00eb nga reshjet dhe\u2026","rel":"","context":"In &quot;Blogu i Udh\u00ebtarit&quot;","block_context":{"text":"Blogu i Udh\u00ebtarit","link":"https:\/\/www.shqiperia.com\/blog\/category\/blogu-i-udhetarit\/"},"img":{"alt_text":"","src":"https:\/\/i0.wp.com\/www.shqiperia.com\/blog\/wp-content\/uploads\/2026\/08\/Energji-hidrocentral-1242.jpg?fit=960%2C591&ssl=1&resize=350%2C200","width":350,"height":200,"srcset":"https:\/\/i0.wp.com\/www.shqiperia.com\/blog\/wp-content\/uploads\/2026\/08\/Energji-hidrocentral-1242.jpg?fit=960%2C591&ssl=1&resize=350%2C200 1x, https:\/\/i0.wp.com\/www.shqiperia.com\/blog\/wp-content\/uploads\/2026\/08\/Energji-hidrocentral-1242.jpg?fit=960%2C591&ssl=1&resize=525%2C300 1.5x, https:\/\/i0.wp.com\/www.shqiperia.com\/blog\/wp-content\/uploads\/2026\/08\/Energji-hidrocentral-1242.jpg?fit=960%2C591&ssl=1&resize=700%2C400 2x"},"classes":[]},{"id":103898,"url":"https:\/\/www.shqiperia.com\/blog\/bota-po-jeton-ne-borxh-njerezimi-i-tejkaloi-te-gjitha-burimet-natyrore-qe-planeti-mund-te-gjeneroje-brenda-vitit\/","url_meta":{"origin":106092,"position":4},"title":"Bota po jeton n\u00eb \u201cborxh\u201d, njer\u00ebzimi i tejkaloi t\u00eb gjitha burimet natyrore q\u00eb planeti mund t\u00eb gjeneroj\u00eb brenda vitit","author":"Kurt Farka","date":"August 6, 2026","format":false,"excerpt":"6 Gusht 2026 Njer\u00ebzimi prej nj\u00eb jave po jeton tashm\u00eb \u201cme borxh\u201d ndaj planetit. M\u00eb 30 korrik u sh\u00ebnua Dita e Tejkalimit t\u00eb Tok\u00ebs p\u00ebr vitin 2026, momenti kur jan\u00eb konsumuar t\u00eb gjitha burimet natyrore q\u00eb planeti mund t\u00eb rigjeneroj\u00eb brenda nj\u00eb viti. Kjo do t\u00eb thot\u00eb se deri n\u00eb\u2026","rel":"","context":"In &quot;Blogu i Udh\u00ebtarit&quot;","block_context":{"text":"Blogu i Udh\u00ebtarit","link":"https:\/\/www.shqiperia.com\/blog\/category\/blogu-i-udhetarit\/"},"img":{"alt_text":"","src":"https:\/\/i0.wp.com\/www.shqiperia.com\/blog\/wp-content\/uploads\/2026\/08\/images_sd-7-800x450-1.webp?fit=800%2C450&ssl=1&resize=350%2C200","width":350,"height":200,"srcset":"https:\/\/i0.wp.com\/www.shqiperia.com\/blog\/wp-content\/uploads\/2026\/08\/images_sd-7-800x450-1.webp?fit=800%2C450&ssl=1&resize=350%2C200 1x, https:\/\/i0.wp.com\/www.shqiperia.com\/blog\/wp-content\/uploads\/2026\/08\/images_sd-7-800x450-1.webp?fit=800%2C450&ssl=1&resize=525%2C300 1.5x, https:\/\/i0.wp.com\/www.shqiperia.com\/blog\/wp-content\/uploads\/2026\/08\/images_sd-7-800x450-1.webp?fit=800%2C450&ssl=1&resize=700%2C400 2x"},"classes":[]},{"id":105933,"url":"https:\/\/www.shqiperia.com\/blog\/rreziqet-kryesore-ekonomike-globale-qe-duhen-monitoruar-ne-gjysmen-e-dyte-te-vitit-2026\/","url_meta":{"origin":106092,"position":5},"title":"Rreziqet kryesore ekonomike globale q\u00eb duhen monitoruar n\u00eb gjysm\u00ebn e dyt\u00eb t\u00eb vitit 2026","author":"Kurt Farka","date":"September 4, 2026","format":false,"excerpt":"4 Shtator 2026 Pas gjasht\u00eb muajsh t\u00eb p\u00ebrcaktuar nga lufta, nj\u00eb goditje e \u00e7mimeve t\u00eb naft\u00ebs dhe nj\u00eb tregti e ethshme e lidhur me inteligjenc\u00ebn artificiale, ekonomist\u00ebt thon\u00eb se pjesa e mbetur e vitit varet nga nj\u00eb zinxhir rreziqesh t\u00eb nd\u00ebrlidhura, ku paqja e brisht\u00eb mes SHBA-s\u00eb dhe Iranit \u00ebsht\u00eb\u2026","rel":"","context":"In &quot;Blogu i Udh\u00ebtarit&quot;","block_context":{"text":"Blogu i Udh\u00ebtarit","link":"https:\/\/www.shqiperia.com\/blog\/category\/blogu-i-udhetarit\/"},"img":{"alt_text":"","src":"https:\/\/i0.wp.com\/www.shqiperia.com\/blog\/wp-content\/uploads\/2026\/09\/ekonomia-globale.jpg?fit=1200%2C675&ssl=1&resize=350%2C200","width":350,"height":200,"srcset":"https:\/\/i0.wp.com\/www.shqiperia.com\/blog\/wp-content\/uploads\/2026\/09\/ekonomia-globale.jpg?fit=1200%2C675&ssl=1&resize=350%2C200 1x, https:\/\/i0.wp.com\/www.shqiperia.com\/blog\/wp-content\/uploads\/2026\/09\/ekonomia-globale.jpg?fit=1200%2C675&ssl=1&resize=525%2C300 1.5x, https:\/\/i0.wp.com\/www.shqiperia.com\/blog\/wp-content\/uploads\/2026\/09\/ekonomia-globale.jpg?fit=1200%2C675&ssl=1&resize=700%2C400 2x, https:\/\/i0.wp.com\/www.shqiperia.com\/blog\/wp-content\/uploads\/2026\/09\/ekonomia-globale.jpg?fit=1200%2C675&ssl=1&resize=1050%2C600 3x"},"classes":[]}],"_links":{"self":[{"href":"https:\/\/www.shqiperia.com\/blog\/wp-json\/wp\/v2\/posts\/106092","targetHints":{"allow":["GET"]}}],"collection":[{"href":"https:\/\/www.shqiperia.com\/blog\/wp-json\/wp\/v2\/posts"}],"about":[{"href":"https:\/\/www.shqiperia.com\/blog\/wp-json\/wp\/v2\/types\/post"}],"author":[{"embeddable":true,"href":"https:\/\/www.shqiperia.com\/blog\/wp-json\/wp\/v2\/users\/9"}],"replies":[{"embeddable":true,"href":"https:\/\/www.shqiperia.com\/blog\/wp-json\/wp\/v2\/comments?post=106092"}],"version-history":[{"count":1,"href":"https:\/\/www.shqiperia.com\/blog\/wp-json\/wp\/v2\/posts\/106092\/revisions"}],"predecessor-version":[{"id":106094,"href":"https:\/\/www.shqiperia.com\/blog\/wp-json\/wp\/v2\/posts\/106092\/revisions\/106094"}],"wp:featuredmedia":[{"embeddable":true,"href":"https:\/\/www.shqiperia.com\/blog\/wp-json\/wp\/v2\/media\/106093"}],"wp:attachment":[{"href":"https:\/\/www.shqiperia.com\/blog\/wp-json\/wp\/v2\/media?parent=106092"}],"wp:term":[{"taxonomy":"category","embeddable":true,"href":"https:\/\/www.shqiperia.com\/blog\/wp-json\/wp\/v2\/categories?post=106092"},{"taxonomy":"post_tag","embeddable":true,"href":"https:\/\/www.shqiperia.com\/blog\/wp-json\/wp\/v2\/tags?post=106092"}],"curies":[{"name":"wp","href":"https:\/\/api.w.org\/{rel}","templated":true}]}}