{"id":106089,"date":"2026-09-05T20:07:48","date_gmt":"2026-09-05T20:07:48","guid":{"rendered":"https:\/\/www.shqiperia.com\/blog\/?p=106089"},"modified":"2026-09-05T20:07:48","modified_gmt":"2026-09-05T20:07:48","slug":"a-jeni-gati-aktivisti-lika-para-kryeministrise-diten-e-marte-ne-oren-5-mbasdite-do-jemi-te-parlamenti-do-ti-presim-me-veze-e-domate","status":"publish","type":"post","link":"https:\/\/www.shqiperia.com\/blog\/a-jeni-gati-aktivisti-lika-para-kryeministrise-diten-e-marte-ne-oren-5-mbasdite-do-jemi-te-parlamenti-do-ti-presim-me-veze-e-domate\/","title":{"rendered":"&#8220;A jeni gati?&#8221;\/ Aktivisti Lika para Kryeministris\u00eb: &#8211; Dit\u00ebn e mart\u00eb, n\u00eb or\u00ebn 5 mbasdite do jemi te parlamenti, do t&#8217;i presim me vez\u00eb e domate"},"content":{"rendered":"<p><img data-recalc-dims=\"1\" loading=\"lazy\" decoding=\"async\" data-attachment-id=\"106090\" data-permalink=\"https:\/\/www.shqiperia.com\/blog\/a-jeni-gati-aktivisti-lika-para-kryeministrise-diten-e-marte-ne-oren-5-mbasdite-do-jemi-te-parlamenti-do-ti-presim-me-veze-e-domate\/protesta-95-studentet-4-433x300-2\/\" data-orig-file=\"https:\/\/i0.wp.com\/www.shqiperia.com\/blog\/wp-content\/uploads\/2026\/09\/protesta-95-studentet-4-433x300-2.jpeg?fit=433%2C300&amp;ssl=1\" data-orig-size=\"433,300\" data-comments-opened=\"1\" data-image-meta=\"{&quot;aperture&quot;:&quot;0&quot;,&quot;credit&quot;:&quot;&quot;,&quot;camera&quot;:&quot;&quot;,&quot;caption&quot;:&quot;&quot;,&quot;created_timestamp&quot;:&quot;0&quot;,&quot;copyright&quot;:&quot;&quot;,&quot;focal_length&quot;:&quot;0&quot;,&quot;iso&quot;:&quot;0&quot;,&quot;shutter_speed&quot;:&quot;0&quot;,&quot;title&quot;:&quot;&quot;,&quot;orientation&quot;:&quot;0&quot;}\" data-image-title=\"protesta-95-studentet-4-433&#215;300\" data-image-description=\"\" data-image-caption=\"\" data-medium-file=\"https:\/\/i0.wp.com\/www.shqiperia.com\/blog\/wp-content\/uploads\/2026\/09\/protesta-95-studentet-4-433x300-2.jpeg?fit=300%2C208&amp;ssl=1\" data-large-file=\"https:\/\/i0.wp.com\/www.shqiperia.com\/blog\/wp-content\/uploads\/2026\/09\/protesta-95-studentet-4-433x300-2.jpeg?fit=433%2C300&amp;ssl=1\" class=\"alignnone  wp-image-106090\" alt=\"\" src=\"https:\/\/i0.wp.com\/www.shqiperia.com\/blog\/wp-content\/uploads\/2026\/09\/protesta-95-studentet-4-433x300-2.jpeg?resize=588%2C408&#038;ssl=1\" width=\"588\" height=\"408\" srcset=\"https:\/\/i0.wp.com\/www.shqiperia.com\/blog\/wp-content\/uploads\/2026\/09\/protesta-95-studentet-4-433x300-2.jpeg?resize=300%2C208&amp;ssl=1 300w, https:\/\/i0.wp.com\/www.shqiperia.com\/blog\/wp-content\/uploads\/2026\/09\/protesta-95-studentet-4-433x300-2.jpeg?resize=400%2C277&amp;ssl=1 400w, https:\/\/i0.wp.com\/www.shqiperia.com\/blog\/wp-content\/uploads\/2026\/09\/protesta-95-studentet-4-433x300-2.jpeg?w=433&amp;ssl=1 433w\" sizes=\"auto, (max-width: 588px) 100vw, 588px\" \/><\/p>\n<p>5 Shtator 2026<\/p>\n<p>K\u00ebt\u00eb t\u00eb shtun\u00eb mbajt protesta e 98-t\u00eb para kryeministris\u00eb. Aktivisti Edison Lika u shpreh se protestuesit mezi po presin seanc\u00ebn parlamentare, pasi t\u00eb gjith\u00eb do t\u00eb jen\u00eb aty.<\/p>\n<p><em>\u201cK\u00ebto dit\u00eb prisnim kur do ishte seanca e par\u00eb plenare q\u00eb t\u2019u b\u00ebjm\u00eb vizit\u00eb deputet\u00ebve. A jeni gati? A do t\u2019i presim me vez\u00eb, domate dhe miell apo jo.<\/em><\/p>\n<p><em>T\u00eb gjith\u00eb ata q\u00eb kan\u00eb ngulmuar q\u00eb kjo protest\u00eb t\u00eb ndryshoj\u00eb, iu them se kjo protest\u00eb do vazhoj\u00eb k\u00ebshtu. Dit\u00ebn e mart\u00eb, n\u00eb or\u00ebn 5 mbasdite do jemi te parlamenti pasi fillon seanca e par\u00eb plenare.<\/em><\/p>\n<p><em>A do jemi t\u00eb mart\u00ebn te parlamenti apo jo? A do t\u2019i presim deput\u00ebt me vez\u00eb dhe domate apo jo? A do u themi q\u00eb nuk na p\u00ebrfaq\u00ebsoni apo jo?<\/em><\/p>\n<p><em>Ne do vijojm\u00eb protest\u00ebn si \u00e7do dit\u00eb, por betohemi se n\u00eb \u00e7do seanc\u00eb plenare do na ken\u00eb t\u00eb dera. Nuk pranojm\u00eb t\u00eb p\u00ebrfaq\u00ebsohemi nga Flamur Noka dhe Zeqineja. Ky shtator do e gjej\u00eb popullin n\u00eb revolt\u00eb\u201d.<\/em><\/p>\n","protected":false},"excerpt":{"rendered":"<p>5 Shtator 2026 K\u00ebt\u00eb t\u00eb shtun\u00eb mbajt protesta e 98-t\u00eb para kryeministris\u00eb. Aktivisti Edison Lika u shpreh se protestuesit mezi po presin seanc\u00ebn parlamentare, pasi t\u00eb gjith\u00eb do t\u00eb jen\u00eb aty. \u201cK\u00ebto dit\u00eb prisnim kur do ishte seanca e par\u00eb plenare q\u00eb t\u2019u b\u00ebjm\u00eb vizit\u00eb deputet\u00ebve. A jeni gati? A do t\u2019i presim me vez\u00eb, [&hellip;]<\/p>\n","protected":false},"author":9,"featured_media":106090,"comment_status":"open","ping_status":"open","sticky":false,"template":"","format":"standard","meta":{"jetpack_post_was_ever_published":false,"_jetpack_newsletter_access":"","_jetpack_dont_email_post_to_subs":false,"_jetpack_newsletter_tier_id":0,"_jetpack_memberships_contains_paywalled_content":false,"_jetpack_memberships_contains_paid_content":false,"footnotes":"","jetpack_publicize_message":"","jetpack_publicize_feature_enabled":true,"jetpack_social_post_already_shared":true,"jetpack_social_options":{"image_generator_settings":{"template":"highway","default_image_id":0,"font":"","enabled":false},"version":2}},"categories":[27,1,2,35],"tags":[],"class_list":["post-106089","post","type-post","status-publish","format-standard","has-post-thumbnail","hentry","category-blogu-i-udhetarit","category-njoftime-shtypi","category-politika","category-shoqerore"],"jetpack_publicize_connections":[],"jetpack_featured_media_url":"https:\/\/i0.wp.com\/www.shqiperia.com\/blog\/wp-content\/uploads\/2026\/09\/protesta-95-studentet-4-433x300-2.jpeg?fit=433%2C300&ssl=1","jetpack_sharing_enabled":true,"jetpack_shortlink":"https:\/\/wp.me\/p5Z6wp-rB7","jetpack-related-posts":[{"id":105358,"url":"https:\/\/www.shqiperia.com\/blog\/dita-e-89-te-e-tubimit-ne-tirane-neser-para-ps-kemi-mesazhe-me-veze\/","url_meta":{"origin":106089,"position":0},"title":"Dita e 89-t\u00eb e tubimit n\u00eb Tiran\u00eb: &#8211; Nes\u00ebr para PS, kemi mesazhe me\u2026 vez\u00eb","author":"Kurt Farka","date":"August 28, 2026","format":false,"excerpt":"28 Gusht 2026 Tubimi kund\u00ebr klasave politike ka hyr\u00eb n\u00eb dit\u00ebn e 89-t\u00eb. Protestuesit, ashtu si \u00e7do dit\u00eb, marshuan nga sheshi \u201cSk\u00ebnderbej\u201d drejt Kryeministris\u00eb, aty ku mbajt\u00ebn fjalime n\u00eb podium. Ata u shpreh\u00ebn se nuk do t\u00eb l\u00ebvizin nga aty deri sa k\u00ebrkesat e tyre t\u00eb plot\u00ebsohen. Aktivisti Edison Lika,\u2026","rel":"","context":"In &quot;Blogu i Udh\u00ebtarit&quot;","block_context":{"text":"Blogu i Udh\u00ebtarit","link":"https:\/\/www.shqiperia.com\/blog\/category\/blogu-i-udhetarit\/"},"img":{"alt_text":"","src":"https:\/\/i0.wp.com\/www.shqiperia.com\/blog\/wp-content\/uploads\/2026\/08\/protesta_sd-3-800x450-1.webp?fit=800%2C450&ssl=1&resize=350%2C200","width":350,"height":200,"srcset":"https:\/\/i0.wp.com\/www.shqiperia.com\/blog\/wp-content\/uploads\/2026\/08\/protesta_sd-3-800x450-1.webp?fit=800%2C450&ssl=1&resize=350%2C200 1x, https:\/\/i0.wp.com\/www.shqiperia.com\/blog\/wp-content\/uploads\/2026\/08\/protesta_sd-3-800x450-1.webp?fit=800%2C450&ssl=1&resize=525%2C300 1.5x, https:\/\/i0.wp.com\/www.shqiperia.com\/blog\/wp-content\/uploads\/2026\/08\/protesta_sd-3-800x450-1.webp?fit=800%2C450&ssl=1&resize=700%2C400 2x"},"classes":[]},{"id":102967,"url":"https:\/\/www.shqiperia.com\/blog\/me-date-23-para-kuvendit-kane-frike-nga-ne-aktivisti-kane-fshire-daten-e-seances-plenare-bejne-ligje-per\/","url_meta":{"origin":106089,"position":1},"title":"\u201cM\u00eb dat\u00eb 23 para Kuvendit, kan\u00eb frik\u00eb nga ne\u201d\/ Aktivisti: &#8211; Kan\u00eb fshir\u00eb dat\u00ebn e seanc\u00ebs plenare, b\u00ebjn\u00eb ligje p\u00ebr\u2026","author":"Kurt Farka","date":"July 20, 2026","format":false,"excerpt":"20 Korrik 2026 Protesta e dit\u00ebs s\u00eb 51-t\u00eb mblodhi s\u00ebrish sot nj\u00eb mas\u00eb t\u00eb madhe qytetar\u00ebsh q\u00eb shpreh\u00ebn revolt\u00ebn e tyre ndaj qeveris\u00eb dhe klas\u00ebs s\u00eb vjet\u00ebr politike. Pas marshimit drejt Kryeministris\u00eb, protesta u hap nga aktivisti Edison Lika, i cili tha se deputet\u00ebt e Kuvendit ishin trembur nga protesta\u2026","rel":"","context":"In &quot;Blogu i Udh\u00ebtarit&quot;","block_context":{"text":"Blogu i Udh\u00ebtarit","link":"https:\/\/www.shqiperia.com\/blog\/category\/blogu-i-udhetarit\/"},"img":{"alt_text":"","src":"https:\/\/i0.wp.com\/www.shqiperia.com\/blog\/wp-content\/uploads\/2026\/07\/aktivisti5-433x300-1.jpg?fit=433%2C300&ssl=1&resize=350%2C200","width":350,"height":200},"classes":[]},{"id":105794,"url":"https:\/\/www.shqiperia.com\/blog\/dje-proteste-me-mesazh-te-qarte-i-riu-ne-proteste-ne-7-shtator-te-rrethojme-kryeministrine-rama-iken-vetem-me-aeroplan-per-te-mos-u-kthyer-me\/","url_meta":{"origin":106089,"position":2},"title":"\u201cDje, protest\u00eb me mesazh t\u00eb qart\u00eb\u201d, i riu n\u00eb protest\u00eb: N\u00eb 7 shtator t\u00eb rrethojm\u00eb kryeministrin\u00eb! Rama ik\u00ebn vet\u00ebm me aeroplan p\u00ebr t\u00eb mos u kthyer m\u00eb!","author":"Kurt Farka","date":"September 2, 2026","format":false,"excerpt":"2 Shtator 2026 K\u00ebt\u00eb t\u00eb m\u00ebrkur\u00eb mbahet protesta e 95-t\u00eb para kryeministris\u00eb, me synimin e vet\u00ebm largimin e qeveris\u00eb Rama Nj\u00eb i ri u shpreh se protesta e djeshme ishte paralajm\u00ebrim, nd\u00ebrsa theksoi se rrethimi i kryeministris\u00eb n\u00eb 7 shtator do b\u00ebnte q\u00eb Rama t\u00eb largohet nga godina p\u00ebrfundimisht. \u201cN\u00eb\u2026","rel":"","context":"In &quot;Blogu i Udh\u00ebtarit&quot;","block_context":{"text":"Blogu i Udh\u00ebtarit","link":"https:\/\/www.shqiperia.com\/blog\/category\/blogu-i-udhetarit\/"},"img":{"alt_text":"","src":"https:\/\/i0.wp.com\/www.shqiperia.com\/blog\/wp-content\/uploads\/2026\/09\/324324324324.jpg?fit=1138%2C495&ssl=1&resize=350%2C200","width":350,"height":200,"srcset":"https:\/\/i0.wp.com\/www.shqiperia.com\/blog\/wp-content\/uploads\/2026\/09\/324324324324.jpg?fit=1138%2C495&ssl=1&resize=350%2C200 1x, https:\/\/i0.wp.com\/www.shqiperia.com\/blog\/wp-content\/uploads\/2026\/09\/324324324324.jpg?fit=1138%2C495&ssl=1&resize=525%2C300 1.5x, https:\/\/i0.wp.com\/www.shqiperia.com\/blog\/wp-content\/uploads\/2026\/09\/324324324324.jpg?fit=1138%2C495&ssl=1&resize=700%2C400 2x, https:\/\/i0.wp.com\/www.shqiperia.com\/blog\/wp-content\/uploads\/2026\/09\/324324324324.jpg?fit=1138%2C495&ssl=1&resize=1050%2C600 3x"},"classes":[]},{"id":103063,"url":"https:\/\/www.shqiperia.com\/blog\/spak-te-nise-hetimet-per-kryeministrin-per-pastrim-parash-aktivisti-tepelena-eurodeputeti-gjerman-akuzoi-ramen\/","url_meta":{"origin":106089,"position":3},"title":"\u201cSPAK t\u00eb nis\u00eb hetimet p\u00ebr kryeministrin p\u00ebr pastrim parash\u201d- Aktivisti Tepelena: Eurodeputeti gjerman akuzoi Ram\u00ebn!","author":"Kurt Farka","date":"July 22, 2026","format":false,"excerpt":"22 Korrik 2026 Aktivisti dhe organizatori i protest\u00ebs qytetare, Andi Tepelena, hodhi sot akuza t\u00eb r\u00ebnda ndaj kryeministrit Edi Rama n\u00eb dit\u00ebn e 52-t\u00eb t\u00eb revolt\u00ebs p\u00ebr pastrim parash dhe i b\u00ebri thirrje SPAK-ut t\u00eb niste hetimet ndaj tij Ai shpjegoi se edhe nj\u00eb eurodeputet gjerman ka b\u00ebr\u00eb deklarat\u00ebn e\u2026","rel":"","context":"In &quot;Blogu i Udh\u00ebtarit&quot;","block_context":{"text":"Blogu i Udh\u00ebtarit","link":"https:\/\/www.shqiperia.com\/blog\/category\/blogu-i-udhetarit\/"},"img":{"alt_text":"","src":"https:\/\/i0.wp.com\/www.shqiperia.com\/blog\/wp-content\/uploads\/2026\/07\/andi-tepelena5.jpg?fit=636%2C343&ssl=1&resize=350%2C200","width":350,"height":200,"srcset":"https:\/\/i0.wp.com\/www.shqiperia.com\/blog\/wp-content\/uploads\/2026\/07\/andi-tepelena5.jpg?fit=636%2C343&ssl=1&resize=350%2C200 1x, https:\/\/i0.wp.com\/www.shqiperia.com\/blog\/wp-content\/uploads\/2026\/07\/andi-tepelena5.jpg?fit=636%2C343&ssl=1&resize=525%2C300 1.5x"},"classes":[]},{"id":88814,"url":"https:\/\/www.shqiperia.com\/blog\/rama-po-bllokon-voten-e-diaspores-do-rrethojme-ambasadat-e-narkoshtetit-dhe-do-i-gjuajme-me-veze-e-domate\/","url_meta":{"origin":106089,"position":4},"title":"Rama po bllokon vot\u00ebn e diaspor\u00ebs! Do rrethojm\u00eb ambasadat e narkoshtetit dhe do i gjuajm\u00eb me vez\u00eb e domate","author":"Kurt Farka","date":"January 30, 2025","format":false,"excerpt":"30 Janar 2025 Gjat\u00eb fjal\u00ebs me drejtuesit politik, koordinator\u00ebt dhe kryetar\u00ebt e deg\u00ebve, kryetari i PD-s\u00eb, Sali Berisha denoncoi tentativat e Edi Ram\u00ebs p\u00ebr t\u00eb bllokuar t\u00eb drejt\u00ebn e shqiptar\u00ebve n\u00eb diaspor\u00eb q\u00eb t\u00eb votojn\u00eb. Berisha u shpreh se, shqiptar\u00ebt do t\u00eb rrethojm\u00eb ambasadat e narkoshtetit dhe do i gjuajm\u00eb\u2026","rel":"","context":"In &quot;Blogu i Udh\u00ebtarit&quot;","block_context":{"text":"Blogu i Udh\u00ebtarit","link":"https:\/\/www.shqiperia.com\/blog\/category\/blogu-i-udhetarit\/"},"img":{"alt_text":"","src":"https:\/\/i0.wp.com\/www.shqiperia.com\/blog\/wp-content\/uploads\/2025\/01\/auto_berisha_ne_pd_31738264498.jpeg?fit=900%2C523&ssl=1&resize=350%2C200","width":350,"height":200,"srcset":"https:\/\/i0.wp.com\/www.shqiperia.com\/blog\/wp-content\/uploads\/2025\/01\/auto_berisha_ne_pd_31738264498.jpeg?fit=900%2C523&ssl=1&resize=350%2C200 1x, https:\/\/i0.wp.com\/www.shqiperia.com\/blog\/wp-content\/uploads\/2025\/01\/auto_berisha_ne_pd_31738264498.jpeg?fit=900%2C523&ssl=1&resize=525%2C300 1.5x, https:\/\/i0.wp.com\/www.shqiperia.com\/blog\/wp-content\/uploads\/2025\/01\/auto_berisha_ne_pd_31738264498.jpeg?fit=900%2C523&ssl=1&resize=700%2C400 2x"},"classes":[]},{"id":105565,"url":"https:\/\/www.shqiperia.com\/blog\/duhet-te-mobilizohemi-per-mosbindje-civile-me-12-shtator-diaspora-zbarkon-fuqimisht-ne-tirane\/","url_meta":{"origin":106089,"position":5},"title":"&#8220;Duhet t\u00eb mobilizohemi p\u00ebr mosbindje civile&#8221;\/ M\u00eb 12 shtator diaspora &#8216;zbarkon&#8217; fuqimisht n\u00eb Tiran\u00eb.","author":"Kurt Farka","date":"August 31, 2026","format":false,"excerpt":"31 Gusht 2026 Aktivisti shqiptar q\u00eb jeton n\u00eb Britani, Ilir Dedej, i ftuar ne nje lidhje te drejteperdrejte televizive ka komentuar protestat kund\u00ebr qeveris\u00eb, duke deklaruar se pas 93 dit\u00ebsh mobilizimi qytetar, sipas tij, pushteti i kryeministrit Edi Rama \u00ebsht\u00eb dob\u00ebsuar. Dedej tha se protesta duhet t\u00eb shkoj\u00eb p\u00ebrtej tubimeve\u2026","rel":"","context":"In &quot;Blogu i Udh\u00ebtarit&quot;","block_context":{"text":"Blogu i Udh\u00ebtarit","link":"https:\/\/www.shqiperia.com\/blog\/category\/blogu-i-udhetarit\/"},"img":{"alt_text":"","src":"https:\/\/i0.wp.com\/www.shqiperia.com\/blog\/wp-content\/uploads\/2026\/08\/Mijera-emigrante-shqiptare-proteste-ne-Londer.-Foto-Arkiv.jpg?fit=1200%2C675&ssl=1&resize=350%2C200","width":350,"height":200,"srcset":"https:\/\/i0.wp.com\/www.shqiperia.com\/blog\/wp-content\/uploads\/2026\/08\/Mijera-emigrante-shqiptare-proteste-ne-Londer.-Foto-Arkiv.jpg?fit=1200%2C675&ssl=1&resize=350%2C200 1x, https:\/\/i0.wp.com\/www.shqiperia.com\/blog\/wp-content\/uploads\/2026\/08\/Mijera-emigrante-shqiptare-proteste-ne-Londer.-Foto-Arkiv.jpg?fit=1200%2C675&ssl=1&resize=525%2C300 1.5x, https:\/\/i0.wp.com\/www.shqiperia.com\/blog\/wp-content\/uploads\/2026\/08\/Mijera-emigrante-shqiptare-proteste-ne-Londer.-Foto-Arkiv.jpg?fit=1200%2C675&ssl=1&resize=700%2C400 2x, https:\/\/i0.wp.com\/www.shqiperia.com\/blog\/wp-content\/uploads\/2026\/08\/Mijera-emigrante-shqiptare-proteste-ne-Londer.-Foto-Arkiv.jpg?fit=1200%2C675&ssl=1&resize=1050%2C600 3x"},"classes":[]}],"_links":{"self":[{"href":"https:\/\/www.shqiperia.com\/blog\/wp-json\/wp\/v2\/posts\/106089","targetHints":{"allow":["GET"]}}],"collection":[{"href":"https:\/\/www.shqiperia.com\/blog\/wp-json\/wp\/v2\/posts"}],"about":[{"href":"https:\/\/www.shqiperia.com\/blog\/wp-json\/wp\/v2\/types\/post"}],"author":[{"embeddable":true,"href":"https:\/\/www.shqiperia.com\/blog\/wp-json\/wp\/v2\/users\/9"}],"replies":[{"embeddable":true,"href":"https:\/\/www.shqiperia.com\/blog\/wp-json\/wp\/v2\/comments?post=106089"}],"version-history":[{"count":1,"href":"https:\/\/www.shqiperia.com\/blog\/wp-json\/wp\/v2\/posts\/106089\/revisions"}],"predecessor-version":[{"id":106091,"href":"https:\/\/www.shqiperia.com\/blog\/wp-json\/wp\/v2\/posts\/106089\/revisions\/106091"}],"wp:featuredmedia":[{"embeddable":true,"href":"https:\/\/www.shqiperia.com\/blog\/wp-json\/wp\/v2\/media\/106090"}],"wp:attachment":[{"href":"https:\/\/www.shqiperia.com\/blog\/wp-json\/wp\/v2\/media?parent=106089"}],"wp:term":[{"taxonomy":"category","embeddable":true,"href":"https:\/\/www.shqiperia.com\/blog\/wp-json\/wp\/v2\/categories?post=106089"},{"taxonomy":"post_tag","embeddable":true,"href":"https:\/\/www.shqiperia.com\/blog\/wp-json\/wp\/v2\/tags?post=106089"}],"curies":[{"name":"wp","href":"https:\/\/api.w.org\/{rel}","templated":true}]}}