{"id":106081,"date":"2026-09-05T20:00:16","date_gmt":"2026-09-05T20:00:16","guid":{"rendered":"https:\/\/www.shqiperia.com\/blog\/?p=106081"},"modified":"2026-09-05T20:04:59","modified_gmt":"2026-09-05T20:04:59","slug":"redcloud-nen-sekuestro-per-borxhe-tatimore-perfitoi-400-milione-leke-nga-fondet-publike-per-koncertin-e-kanye-west","status":"publish","type":"post","link":"https:\/\/www.shqiperia.com\/blog\/redcloud-nen-sekuestro-per-borxhe-tatimore-perfitoi-400-milione-leke-nga-fondet-publike-per-koncertin-e-kanye-west\/","title":{"rendered":"&#8216;\u200bRedcloud&#8217; n\u00ebn sekuestro p\u00ebr borxhe tatimore, p\u00ebrfitoi 400 milion\u00eb lek\u00eb nga fondet publike p\u00ebr koncertin e Kanye West"},"content":{"rendered":"<div id=\"attachment_106084\" style=\"width: 692px\" class=\"wp-caption alignnone\"><img data-recalc-dims=\"1\" loading=\"lazy\" decoding=\"async\" aria-describedby=\"caption-attachment-106084\" data-attachment-id=\"106084\" data-permalink=\"https:\/\/www.shqiperia.com\/blog\/redcloud-nen-sekuestro-per-borxhe-tatimore-perfitoi-400-milione-leke-nga-fondet-publike-per-koncertin-e-kanye-west\/rama-programi-ps-2-4\/\" data-orig-file=\"https:\/\/i0.wp.com\/www.shqiperia.com\/blog\/wp-content\/uploads\/2026\/09\/rama-programi-ps-2-2.png?fit=768%2C430&amp;ssl=1\" data-orig-size=\"768,430\" data-comments-opened=\"1\" data-image-meta=\"{&quot;aperture&quot;:&quot;0&quot;,&quot;credit&quot;:&quot;&quot;,&quot;camera&quot;:&quot;&quot;,&quot;caption&quot;:&quot;&quot;,&quot;created_timestamp&quot;:&quot;0&quot;,&quot;copyright&quot;:&quot;&quot;,&quot;focal_length&quot;:&quot;0&quot;,&quot;iso&quot;:&quot;0&quot;,&quot;shutter_speed&quot;:&quot;0&quot;,&quot;title&quot;:&quot;&quot;,&quot;orientation&quot;:&quot;0&quot;}\" data-image-title=\"Plot 400 milion\u00eb lek\u00eb nga fondet p\u00ebr Emergjencat, Fatkeq\u00ebsit\u00eb  i dhash\u00eb p\u00ebr koncertin.\" data-image-description=\"\" data-image-caption=\"&lt;p&gt;Plot 400 milion\u00eb lek\u00eb nga fondet p\u00ebr Emergjencat, Fatkeq\u00ebsit\u00eb  i dhash\u00eb p\u00ebr koncertin.&lt;\/p&gt;\n\" data-medium-file=\"https:\/\/i0.wp.com\/www.shqiperia.com\/blog\/wp-content\/uploads\/2026\/09\/rama-programi-ps-2-2.png?fit=300%2C168&amp;ssl=1\" data-large-file=\"https:\/\/i0.wp.com\/www.shqiperia.com\/blog\/wp-content\/uploads\/2026\/09\/rama-programi-ps-2-2.png?fit=768%2C430&amp;ssl=1\" class=\" wp-image-106084\" alt=\"\" src=\"https:\/\/i0.wp.com\/www.shqiperia.com\/blog\/wp-content\/uploads\/2026\/09\/rama-programi-ps-2-2.png?resize=682%2C382&#038;ssl=1\" width=\"682\" height=\"382\" srcset=\"https:\/\/i0.wp.com\/www.shqiperia.com\/blog\/wp-content\/uploads\/2026\/09\/rama-programi-ps-2-2.png?resize=300%2C168&amp;ssl=1 300w, https:\/\/i0.wp.com\/www.shqiperia.com\/blog\/wp-content\/uploads\/2026\/09\/rama-programi-ps-2-2.png?resize=450%2C252&amp;ssl=1 450w, https:\/\/i0.wp.com\/www.shqiperia.com\/blog\/wp-content\/uploads\/2026\/09\/rama-programi-ps-2-2.png?resize=600%2C336&amp;ssl=1 600w, https:\/\/i0.wp.com\/www.shqiperia.com\/blog\/wp-content\/uploads\/2026\/09\/rama-programi-ps-2-2.png?resize=400%2C224&amp;ssl=1 400w, https:\/\/i0.wp.com\/www.shqiperia.com\/blog\/wp-content\/uploads\/2026\/09\/rama-programi-ps-2-2.png?w=768&amp;ssl=1 768w\" sizes=\"auto, (max-width: 682px) 100vw, 682px\" \/><p id=\"caption-attachment-106084\" class=\"wp-caption-text\">Plot 400 milion\u00eb lek\u00eb nga fondet p\u00ebr Emergjencat, Fatkeq\u00ebsit\u00eb i dhash\u00eb p\u00ebr koncertin.<\/p><\/div>\n<p>5 Shtator 2026<\/p>\n<p>Kompania \u201cRedcloud\u201d, e cila rezultonte n\u00ebn sekuestro p\u00ebr shkak t\u00eb borxheve tatimore, p\u00ebrfitoi 400 milion\u00eb lek\u00eb nga fondet publike p\u00ebr koncertin e Kanye West n\u00eb Shqip\u00ebri. Pak jav\u00eb m\u00eb von\u00eb, kompania shlyeu detyrimet ndaj administrat\u00ebs tatimore.<\/p>\n<p>Rasti ka shkaktuar reagimin e opozit\u00ebs. Partia Demokratike ka kall\u00ebzuar n\u00eb SPAK kryeministrin Edi Rama, duke e akuzuar p\u00ebr shp\u00ebrdorim detyre.<\/p>\n<p>N\u00eb tetor t\u00eb vitit 2024, administrata tatimore kishte urdh\u00ebruar Qendr\u00ebn Komb\u00ebtare t\u00eb Biznesit q\u00eb t\u00eb mos lejonte ndryshime n\u00eb pron\u00ebsin\u00eb e kompanis\u00eb \u201cRedcloud\u201d, p\u00ebr shkak t\u00eb borxheve t\u00eb pashlyera t\u00eb mbartura nd\u00ebr vite.<\/p>\n<p>Megjithat\u00eb, m\u00eb 7 korrik 2026, K\u00ebshilli i Ministrave miratoi nj\u00eb vendim urgjent p\u00ebr t\u2019i akorduar kompanis\u00eb \u201cRedcloud\u201d 400 milion\u00eb lek\u00eb t\u00eb reja nga fondet publike.<\/p>\n<p>Pas p\u00ebrfitimit t\u00eb fondit publik, kompania q\u00eb merret me organizimin e eventeve shlyeu detyrimet ndaj administrat\u00ebs tatimore. N\u00eb mesin e gushtit t\u00eb k\u00ebtij viti, Drejtoria e Borxhit njoftoi QKB-n\u00eb p\u00ebr lirimin e titujve t\u00eb pron\u00ebsis\u00eb nga barra tatimore, pasi \u201cRedcloud\u201d kishte shlyer t\u00eb gjith\u00eb detyrimet ndaj administrat\u00ebs tatimore.<\/p>\n<p>M\u00eb 11 korrik 2026, k\u00ebng\u00ebtari amerikan Kanye West organizoi nj\u00eb koncert n\u00eb periferi t\u00eb Tiran\u00ebs. Qeveria kishte deklaruar m\u00eb her\u00ebt se shteti shqiptar nuk do t\u00eb kishte asnj\u00eb angazhim financiar n\u00eb k\u00ebt\u00eb aktivitet privat.<\/p>\n<p>Megjithat\u00eb, vet\u00ebm pak dit\u00eb para koncertit, K\u00ebshilli i Ministrave p\u00ebrdori nj\u00eb pjes\u00eb t\u00eb Fondit t\u00eb Emergjencave p\u00ebr financimin e blerjes s\u00eb biletave p\u00ebr aktivitetin.<\/p>\n<p>Kryeministri Rama e justifikoi k\u00ebt\u00eb shpenzim me argumentin se financimi ishte i nevojsh\u00ebm p\u00ebr t\u00eb shmangur turp\u00ebrimin e Shqip\u00ebris\u00eb, n\u00eb rast se koncerti do t\u00eb d\u00ebshtonte p\u00ebr munges\u00eb fondesh.<\/p>\n<p>Partia Demokratike e konsideroi k\u00ebt\u00eb argument absurd dhe dor\u00ebzoi nj\u00eb kall\u00ebzim penal ndaj kryeministrit Edi Rama pran\u00eb Prokuroris\u00eb s\u00eb Posa\u00e7me, p\u00ebr vepr\u00ebn penale t\u00eb shp\u00ebrdorimit t\u00eb detyr\u00ebs.<\/p>\n","protected":false},"excerpt":{"rendered":"<p>5 Shtator 2026 Kompania \u201cRedcloud\u201d, e cila rezultonte n\u00ebn sekuestro p\u00ebr shkak t\u00eb borxheve tatimore, p\u00ebrfitoi 400 milion\u00eb lek\u00eb nga fondet publike p\u00ebr koncertin e Kanye West n\u00eb Shqip\u00ebri. Pak jav\u00eb m\u00eb von\u00eb, kompania shlyeu detyrimet ndaj administrat\u00ebs tatimore. Rasti ka shkaktuar reagimin e opozit\u00ebs. Partia Demokratike ka kall\u00ebzuar n\u00eb SPAK kryeministrin Edi Rama, duke [&hellip;]<\/p>\n","protected":false},"author":9,"featured_media":106084,"comment_status":"open","ping_status":"open","sticky":false,"template":"","format":"standard","meta":{"jetpack_post_was_ever_published":false,"_jetpack_newsletter_access":"","_jetpack_dont_email_post_to_subs":false,"_jetpack_newsletter_tier_id":0,"_jetpack_memberships_contains_paywalled_content":false,"_jetpack_memberships_contains_paid_content":false,"footnotes":"","jetpack_publicize_message":"","jetpack_publicize_feature_enabled":true,"jetpack_social_post_already_shared":true,"jetpack_social_options":{"image_generator_settings":{"template":"highway","default_image_id":0,"font":"","enabled":false},"version":2}},"categories":[27,85,1,2,35],"tags":[],"class_list":["post-106081","post","type-post","status-publish","format-standard","has-post-thumbnail","hentry","category-blogu-i-udhetarit","category-histori","category-njoftime-shtypi","category-politika","category-shoqerore"],"jetpack_publicize_connections":[],"jetpack_featured_media_url":"https:\/\/i0.wp.com\/www.shqiperia.com\/blog\/wp-content\/uploads\/2026\/09\/rama-programi-ps-2-2.png?fit=768%2C430&ssl=1","jetpack_sharing_enabled":true,"jetpack_shortlink":"https:\/\/wp.me\/p5Z6wp-rAZ","jetpack-related-posts":[{"id":102355,"url":"https:\/\/www.shqiperia.com\/blog\/parate-e-shqiptareve-per-koncertin-e-kanye-west-nbc-vendimi-i-rames-ndez-revolten-dhe-kerkesat-per-doreheqje\/","url_meta":{"origin":106081,"position":0},"title":"Parat\u00eb e shqiptar\u00ebve p\u00ebr koncertin e Kanye West\/ NBC: Vendimi i Ram\u00ebs ndez revolt\u00ebn dhe k\u00ebrkesat p\u00ebr dor\u00ebheqje","author":"Kurt Farka","date":"July 8, 2026","format":false,"excerpt":"8 Korrik 2026 Mediat amerikane i kan\u00eb kushtuar v\u00ebmendje vendimit t\u00eb qeveris\u00eb shqiptare p\u00ebr financimin me 4 milion\u00eb euro t\u00eb koncertit t\u00eb reperit amerikan Kanye West n\u00eb Tiran\u00eb. N\u00eb artikullin e saj, NBC News raporton se artisti, i njohur edhe si Ye, \u00ebsht\u00eb ndaluar t\u00eb performoj\u00eb n\u00eb disa vende evropiane\u2026","rel":"","context":"In &quot;Blogu i Udh\u00ebtarit&quot;","block_context":{"text":"Blogu i Udh\u00ebtarit","link":"https:\/\/www.shqiperia.com\/blog\/category\/blogu-i-udhetarit\/"},"img":{"alt_text":"","src":"https:\/\/i0.wp.com\/www.shqiperia.com\/blog\/wp-content\/uploads\/2026\/07\/wmremove-transformed-57-900x570-1.jpeg?fit=900%2C570&ssl=1&resize=350%2C200","width":350,"height":200,"srcset":"https:\/\/i0.wp.com\/www.shqiperia.com\/blog\/wp-content\/uploads\/2026\/07\/wmremove-transformed-57-900x570-1.jpeg?fit=900%2C570&ssl=1&resize=350%2C200 1x, https:\/\/i0.wp.com\/www.shqiperia.com\/blog\/wp-content\/uploads\/2026\/07\/wmremove-transformed-57-900x570-1.jpeg?fit=900%2C570&ssl=1&resize=525%2C300 1.5x, https:\/\/i0.wp.com\/www.shqiperia.com\/blog\/wp-content\/uploads\/2026\/07\/wmremove-transformed-57-900x570-1.jpeg?fit=900%2C570&ssl=1&resize=700%2C400 2x"},"classes":[]},{"id":102475,"url":"https:\/\/www.shqiperia.com\/blog\/u-preken-rezervat-e-shtetit-gazetarja-vendimi-i-rames-antikushtetues-nuk-ka-transparence\/","url_meta":{"origin":106081,"position":1},"title":"\u201cU prek\u00ebn rezervat e shtetit\u201d\/ Gazetarja: &#8211; Vendimi i Ram\u00ebs antikushtetues, nuk ka transparenc\u00eb","author":"Kurt Farka","date":"July 10, 2026","format":false,"excerpt":"10 Korrik 2026 Gazetarja Lindita \u00c7ela e ka cil\u00ebsuar antikushtetues aktin normativ t\u00eb qeveris\u00eb p\u00ebr akordimin e 4.2 milion\u00eb eurove nga rezervat e buxhetit t\u00eb shtetit p\u00ebr koncertin e Kanye West. E ftuar ne nje studio televizive ajo ngriti shqet\u00ebsime p\u00ebr munges\u00ebn e transparenc\u00ebs dhe baz\u00ebn ligjore t\u00eb vendimit. \u201cJurist\u00ebt\u2026","rel":"","context":"In &quot;Njoftime Shtypi&quot;","block_context":{"text":"Njoftime Shtypi","link":"https:\/\/www.shqiperia.com\/blog\/category\/njoftime-shtypi\/"},"img":{"alt_text":"","src":"https:\/\/i0.wp.com\/www.shqiperia.com\/blog\/wp-content\/uploads\/2026\/07\/IMG_0219.jpeg?fit=442%2C236&ssl=1&resize=350%2C200","width":350,"height":200},"classes":[]},{"id":103074,"url":"https:\/\/www.shqiperia.com\/blog\/hijet-e-grupit-te-fuqishem-aruba-pas-koncesionit-te-aksit-milot-balldren-zbulohet-emri-i-biznesmenit-nen-hetim\/","url_meta":{"origin":106081,"position":2},"title":"Hijet e grupit t\u00eb fuqish\u00ebm \u201cAruba\u201d pas koncesionit t\u00eb aksit Milot-Balldren, zbulohet emri i biznesmenit n\u00ebn hetim\u2026]","author":"Kurt Farka","date":"July 22, 2026","format":false,"excerpt":"22 Korrik 2026 Hijet e grupit t\u00eb fuqish\u00ebm \u201cAruba\u201d pas koncesionit t\u00eb aksit Milot-Balldren, zbulohet emri i biznesmenit n\u00ebn hetim, pjes\u00eb e kontrat\u00ebs 365 milion\u00eb euro, ja shumat marramend\u00ebse q\u00eb ka marr\u00eb nga buxheti i shtetit, plasin akuzat a njoftuar n\u00ebnshkrimin e kontrat\u00ebs koncesionare p\u00ebr nd\u00ebrtimin e aksit rrugor Milot-Balldren,\u2026","rel":"","context":"In &quot;Blogu i Udh\u00ebtarit&quot;","block_context":{"text":"Blogu i Udh\u00ebtarit","link":"https:\/\/www.shqiperia.com\/blog\/category\/blogu-i-udhetarit\/"},"img":{"alt_text":"","src":"https:\/\/i0.wp.com\/www.shqiperia.com\/blog\/wp-content\/uploads\/2026\/07\/foto-2-4-1051x570-1.jpg?fit=1051%2C570&ssl=1&resize=350%2C200","width":350,"height":200,"srcset":"https:\/\/i0.wp.com\/www.shqiperia.com\/blog\/wp-content\/uploads\/2026\/07\/foto-2-4-1051x570-1.jpg?fit=1051%2C570&ssl=1&resize=350%2C200 1x, https:\/\/i0.wp.com\/www.shqiperia.com\/blog\/wp-content\/uploads\/2026\/07\/foto-2-4-1051x570-1.jpg?fit=1051%2C570&ssl=1&resize=525%2C300 1.5x, https:\/\/i0.wp.com\/www.shqiperia.com\/blog\/wp-content\/uploads\/2026\/07\/foto-2-4-1051x570-1.jpg?fit=1051%2C570&ssl=1&resize=700%2C400 2x, https:\/\/i0.wp.com\/www.shqiperia.com\/blog\/wp-content\/uploads\/2026\/07\/foto-2-4-1051x570-1.jpg?fit=1051%2C570&ssl=1&resize=1050%2C600 3x"},"classes":[]},{"id":102359,"url":"https:\/\/www.shqiperia.com\/blog\/kur-flitet-per-miliona-rama-sheh-vetem-korba-e-sorra\/","url_meta":{"origin":106081,"position":3},"title":"Kur flitet p\u00ebr miliona, Rama sheh vet\u00ebm korba e sorra","author":"Kurt Farka","date":"July 8, 2026","format":false,"excerpt":"8 Korrik 2026 Mediat amerikane i kan\u00eb kushtuar v\u00ebmendje vendimit t\u00eb qeveris\u00eb shqiptare p\u00ebr financimin me 4 milion\u00eb euro t\u00eb koncertit t\u00eb reperit amerikan Kanye West n\u00eb Tiran\u00eb. N\u00eb artikullin e saj, NBC News raporton se artisti, i njohur edhe si Ye, \u00ebsht\u00eb ndaluar t\u00eb performoj\u00eb n\u00eb disa vende evropiane\u2026","rel":"","context":"In &quot;Kultura&quot;","block_context":{"text":"Kultura","link":"https:\/\/www.shqiperia.com\/blog\/category\/kultura\/"},"img":{"alt_text":"","src":"https:\/\/i0.wp.com\/www.shqiperia.com\/blog\/wp-content\/uploads\/2026\/07\/b7c67458-453d-4456-abdf-55721022dced-1140x570-2.jpg?fit=702%2C457&ssl=1&resize=350%2C200","width":350,"height":200,"srcset":"https:\/\/i0.wp.com\/www.shqiperia.com\/blog\/wp-content\/uploads\/2026\/07\/b7c67458-453d-4456-abdf-55721022dced-1140x570-2.jpg?fit=702%2C457&ssl=1&resize=350%2C200 1x, https:\/\/i0.wp.com\/www.shqiperia.com\/blog\/wp-content\/uploads\/2026\/07\/b7c67458-453d-4456-abdf-55721022dced-1140x570-2.jpg?fit=702%2C457&ssl=1&resize=525%2C300 1.5x, https:\/\/i0.wp.com\/www.shqiperia.com\/blog\/wp-content\/uploads\/2026\/07\/b7c67458-453d-4456-abdf-55721022dced-1140x570-2.jpg?fit=702%2C457&ssl=1&resize=700%2C400 2x"},"classes":[]},{"id":104108,"url":"https:\/\/www.shqiperia.com\/blog\/ku-po-shkojne-parate-894-milione-leke-me-shume-borxhe-ne-vetem-3-muaj\/","url_meta":{"origin":106081,"position":4},"title":"Ku po shkojn\u00eb parat\u00eb? &#8211; 894 milion\u00eb lek\u00eb m\u00eb shum\u00eb borxhe n\u00eb vet\u00ebm 3 muaj","author":"Kurt Farka","date":"August 10, 2026","format":false,"excerpt":"10 Gusht 2026 Detyrimet e prapambetura t\u00eb institucioneve publike vijuan t\u00eb rriten edhe gjat\u00eb tremujorit t\u00eb dyt\u00eb t\u00eb vitit 2026, n\u00eb nj\u00eb koh\u00eb kur financat publike po regjistrojn\u00eb nj\u00eb performanc\u00eb shum\u00eb t\u00eb fort\u00eb. T\u00eb dh\u00ebnat zyrtare tregojn\u00eb se deri n\u00eb fund t\u00eb qershorit 2026 stoku total i detyrimeve t\u00eb prapambetura\u2026","rel":"","context":"In &quot;Blogu i Udh\u00ebtarit&quot;","block_context":{"text":"Blogu i Udh\u00ebtarit","link":"https:\/\/www.shqiperia.com\/blog\/category\/blogu-i-udhetarit\/"},"img":{"alt_text":"","src":"https:\/\/i0.wp.com\/www.shqiperia.com\/blog\/wp-content\/uploads\/2026\/08\/762689152_3762198220600953_7001392962709730454_n.jpg?fit=997%2C581&ssl=1&resize=350%2C200","width":350,"height":200,"srcset":"https:\/\/i0.wp.com\/www.shqiperia.com\/blog\/wp-content\/uploads\/2026\/08\/762689152_3762198220600953_7001392962709730454_n.jpg?fit=997%2C581&ssl=1&resize=350%2C200 1x, https:\/\/i0.wp.com\/www.shqiperia.com\/blog\/wp-content\/uploads\/2026\/08\/762689152_3762198220600953_7001392962709730454_n.jpg?fit=997%2C581&ssl=1&resize=525%2C300 1.5x, https:\/\/i0.wp.com\/www.shqiperia.com\/blog\/wp-content\/uploads\/2026\/08\/762689152_3762198220600953_7001392962709730454_n.jpg?fit=997%2C581&ssl=1&resize=700%2C400 2x"},"classes":[]},{"id":102375,"url":"https:\/\/www.shqiperia.com\/blog\/dw-kryeministri-shqiptar-mbron-koncertin-4-milione-eurosh-te-ye-pse-vendet-po-e-ndalojne-kanye-westin\/","url_meta":{"origin":106081,"position":5},"title":"DW: &#8211; Kryeministri shqiptar mbron koncertin 4 milion\u00eb eurosh t\u00eb Ye, pse vendet po e ndalojn\u00eb Kanye Westin?","author":"Kurt Farka","date":"July 9, 2026","format":false,"excerpt":"9 Korrik 2026 ...Reperi, i cili s\u00eb fundmi njihet si YE, \u00ebsht\u00eb p\u00ebrjashtuar p\u00ebr shkak t\u00eb komenteve t\u00eb tij provokuese n\u00eb t\u00eb kaluar\u00ebn, t\u00eb cilat kan\u00eb p\u00ebrfshir\u00eb v\u00ebrejtje antisemite, l\u00ebvdata p\u00ebr Adolf Hitlerin dhe p\u00ebrmbajtje me imazhe naziste. Kryeministri i Shqip\u00ebris\u00eb Edi Rama mbrojti vendimin p\u00ebr t\u00eb mb\u00ebshtetur financiarisht nj\u00eb\u2026","rel":"","context":"In &quot;Blogu i Udh\u00ebtarit&quot;","block_context":{"text":"Blogu i Udh\u00ebtarit","link":"https:\/\/www.shqiperia.com\/blog\/category\/blogu-i-udhetarit\/"},"img":{"alt_text":"","src":"https:\/\/i0.wp.com\/www.shqiperia.com\/blog\/wp-content\/uploads\/2026\/07\/IMG_0184-1140x525-1.jpg?fit=833%2C484&ssl=1&resize=350%2C200","width":350,"height":200,"srcset":"https:\/\/i0.wp.com\/www.shqiperia.com\/blog\/wp-content\/uploads\/2026\/07\/IMG_0184-1140x525-1.jpg?fit=833%2C484&ssl=1&resize=350%2C200 1x, https:\/\/i0.wp.com\/www.shqiperia.com\/blog\/wp-content\/uploads\/2026\/07\/IMG_0184-1140x525-1.jpg?fit=833%2C484&ssl=1&resize=525%2C300 1.5x, https:\/\/i0.wp.com\/www.shqiperia.com\/blog\/wp-content\/uploads\/2026\/07\/IMG_0184-1140x525-1.jpg?fit=833%2C484&ssl=1&resize=700%2C400 2x"},"classes":[]}],"_links":{"self":[{"href":"https:\/\/www.shqiperia.com\/blog\/wp-json\/wp\/v2\/posts\/106081","targetHints":{"allow":["GET"]}}],"collection":[{"href":"https:\/\/www.shqiperia.com\/blog\/wp-json\/wp\/v2\/posts"}],"about":[{"href":"https:\/\/www.shqiperia.com\/blog\/wp-json\/wp\/v2\/types\/post"}],"author":[{"embeddable":true,"href":"https:\/\/www.shqiperia.com\/blog\/wp-json\/wp\/v2\/users\/9"}],"replies":[{"embeddable":true,"href":"https:\/\/www.shqiperia.com\/blog\/wp-json\/wp\/v2\/comments?post=106081"}],"version-history":[{"count":3,"href":"https:\/\/www.shqiperia.com\/blog\/wp-json\/wp\/v2\/posts\/106081\/revisions"}],"predecessor-version":[{"id":106088,"href":"https:\/\/www.shqiperia.com\/blog\/wp-json\/wp\/v2\/posts\/106081\/revisions\/106088"}],"wp:featuredmedia":[{"embeddable":true,"href":"https:\/\/www.shqiperia.com\/blog\/wp-json\/wp\/v2\/media\/106084"}],"wp:attachment":[{"href":"https:\/\/www.shqiperia.com\/blog\/wp-json\/wp\/v2\/media?parent=106081"}],"wp:term":[{"taxonomy":"category","embeddable":true,"href":"https:\/\/www.shqiperia.com\/blog\/wp-json\/wp\/v2\/categories?post=106081"},{"taxonomy":"post_tag","embeddable":true,"href":"https:\/\/www.shqiperia.com\/blog\/wp-json\/wp\/v2\/tags?post=106081"}],"curies":[{"name":"wp","href":"https:\/\/api.w.org\/{rel}","templated":true}]}}