{"id":106071,"date":"2026-09-05T12:47:36","date_gmt":"2026-09-05T12:47:36","guid":{"rendered":"https:\/\/www.shqiperia.com\/blog\/?p=106071"},"modified":"2026-09-05T12:47:36","modified_gmt":"2026-09-05T12:47:36","slug":"okb-voton-per-te-miratuar-harten-e-re-te-botes","status":"publish","type":"post","link":"https:\/\/www.shqiperia.com\/blog\/okb-voton-per-te-miratuar-harten-e-re-te-botes\/","title":{"rendered":"OKB voton p\u00ebr t\u00eb miratuar hart\u00ebn e re t\u00eb bot\u00ebs"},"content":{"rendered":"<p data-a11y-orig-inline=\"\" data-a11y-base-fs=\"18\"><img data-recalc-dims=\"1\" loading=\"lazy\" decoding=\"async\" data-attachment-id=\"106072\" data-permalink=\"https:\/\/www.shqiperia.com\/blog\/okb-voton-per-te-miratuar-harten-e-re-te-botes\/640-0-6a7ed84edc082d059af5fd8b9a5f5523\/\" data-orig-file=\"https:\/\/i0.wp.com\/www.shqiperia.com\/blog\/wp-content\/uploads\/2026\/09\/640-0-6a7ed84edc082d059af5fd8b9a5f5523.webp?fit=640%2C359&amp;ssl=1\" data-orig-size=\"640,359\" data-comments-opened=\"1\" data-image-meta=\"{&quot;aperture&quot;:&quot;0&quot;,&quot;credit&quot;:&quot;&quot;,&quot;camera&quot;:&quot;&quot;,&quot;caption&quot;:&quot;&quot;,&quot;created_timestamp&quot;:&quot;0&quot;,&quot;copyright&quot;:&quot;&quot;,&quot;focal_length&quot;:&quot;0&quot;,&quot;iso&quot;:&quot;0&quot;,&quot;shutter_speed&quot;:&quot;0&quot;,&quot;title&quot;:&quot;&quot;,&quot;orientation&quot;:&quot;0&quot;}\" data-image-title=\"-640-0-6a7ed84edc082d059af5fd8b9a5f5523\" data-image-description=\"\" data-image-caption=\"\" data-medium-file=\"https:\/\/i0.wp.com\/www.shqiperia.com\/blog\/wp-content\/uploads\/2026\/09\/640-0-6a7ed84edc082d059af5fd8b9a5f5523.webp?fit=300%2C168&amp;ssl=1\" data-large-file=\"https:\/\/i0.wp.com\/www.shqiperia.com\/blog\/wp-content\/uploads\/2026\/09\/640-0-6a7ed84edc082d059af5fd8b9a5f5523.webp?fit=640%2C359&amp;ssl=1\" class=\"alignnone  wp-image-106072\" alt=\"\" src=\"https:\/\/i0.wp.com\/www.shqiperia.com\/blog\/wp-content\/uploads\/2026\/09\/640-0-6a7ed84edc082d059af5fd8b9a5f5523.webp?resize=670%2C375&#038;ssl=1\" width=\"670\" height=\"375\" srcset=\"https:\/\/i0.wp.com\/www.shqiperia.com\/blog\/wp-content\/uploads\/2026\/09\/640-0-6a7ed84edc082d059af5fd8b9a5f5523.webp?resize=300%2C168&amp;ssl=1 300w, https:\/\/i0.wp.com\/www.shqiperia.com\/blog\/wp-content\/uploads\/2026\/09\/640-0-6a7ed84edc082d059af5fd8b9a5f5523.webp?resize=450%2C252&amp;ssl=1 450w, https:\/\/i0.wp.com\/www.shqiperia.com\/blog\/wp-content\/uploads\/2026\/09\/640-0-6a7ed84edc082d059af5fd8b9a5f5523.webp?resize=600%2C337&amp;ssl=1 600w, https:\/\/i0.wp.com\/www.shqiperia.com\/blog\/wp-content\/uploads\/2026\/09\/640-0-6a7ed84edc082d059af5fd8b9a5f5523.webp?resize=400%2C224&amp;ssl=1 400w, https:\/\/i0.wp.com\/www.shqiperia.com\/blog\/wp-content\/uploads\/2026\/09\/640-0-6a7ed84edc082d059af5fd8b9a5f5523.webp?w=640&amp;ssl=1 640w\" sizes=\"auto, (max-width: 670px) 100vw, 670px\" \/><\/p>\n<p data-a11y-orig-inline=\"\" data-a11y-base-fs=\"18\">5 Shtator 2026<\/p>\n<p data-a11y-orig-inline=\"\" data-a11y-base-fs=\"18\">Asambleja e P\u00ebrgjithshme e Kombeve t\u00eb Bashkuara ka miratuar nj\u00eb rezolut\u00eb q\u00eb nxit p\u00ebrdorimin e nj\u00eb harte t\u00eb bot\u00ebs q\u00eb pasqyron m\u00eb sakt\u00eb p\u00ebrmasat reale t\u00eb kontinenteve, ve\u00e7an\u00ebrisht t\u00eb Afrik\u00ebs.<\/p>\n<p data-a11y-orig-inline=\"\" data-a11y-base-fs=\"18\">Rezoluta \u201cCorrect the Map\u201d, e udh\u00ebhequr nga Togo dhe e mb\u00ebshtetur nga Bashkimi Afrikan, mori 164 vota pro, nd\u00ebrsa vet\u00ebm Shtetet e Bashkuara votuan kund\u00ebr. Gjasht\u00eb vende abstenuan.<\/p>\n<p data-a11y-orig-inline=\"\" data-a11y-base-fs=\"18\">Nisma promovon p\u00ebrdorimin e projeksionit \u201cEqual Earth\u201d, t\u00eb krijuar n\u00eb vitin 2018, si alternativ\u00eb ndaj hart\u00ebs s\u00eb Mercatorit, e cila \u00ebsht\u00eb p\u00ebrdorur gjer\u00ebsisht q\u00eb prej shekullit t\u00eb 16-t\u00eb. Rezoluta nuk \u00ebsht\u00eb detyruese dhe nuk e ndalon p\u00ebrdorimin e hart\u00ebs s\u00eb Mercatorit, ve\u00e7an\u00ebrisht p\u00ebr navigimin detar dhe ajror.<\/p>\n<p data-a11y-orig-inline=\"\" data-a11y-base-fs=\"18\">Problemi kryesor me projeksionin e Mercatorit lidhet me shtremb\u00ebrimin e p\u00ebrmasave t\u00eb sip\u00ebrfaqeve tok\u00ebsore. Vendet dhe kontinentet pran\u00eb poleve shfaqen shum\u00eb m\u00eb t\u00eb m\u00ebdha se p\u00ebrmasat e tyre reale, nd\u00ebrsa zonat pran\u00eb ekuatorit duken m\u00eb t\u00eb vogla.<\/p>\n<p data-a11y-orig-inline=\"\" data-a11y-base-fs=\"18\">Nj\u00eb prej shembujve m\u00eb t\u00eb njohur \u00ebsht\u00eb Groenlanda, e cila n\u00eb hart\u00ebn e Mercatorit duket thuajse sa Afrika, nd\u00ebrsa n\u00eb realitet Afrika \u00ebsht\u00eb rreth 14 her\u00eb m\u00eb e madhe.<\/p>\n<p data-a11y-orig-inline=\"\" data-a11y-base-fs=\"18\">Ministri i Jasht\u00ebm i Togos, Robert Dussey, e ka mbrojtur nism\u00ebn me argumentin se m\u00ebnyra se si paraqitet bota n\u00eb harta ndikon n\u00eb perceptimin q\u00eb njer\u00ebzit krijojn\u00eb p\u00ebr kontinente dhe vende t\u00eb ndryshme.<\/p>\n<p data-a11y-orig-inline=\"\" data-a11y-base-fs=\"18\">\u201cNj\u00eb bot\u00eb e drejt\u00eb fillon me nj\u00eb hart\u00eb t\u00eb drejt\u00eb\u201d, \u00ebsht\u00eb shprehur Dussey p\u00ebrpara votimit.<\/p>\n<p data-a11y-orig-inline=\"\" data-a11y-base-fs=\"18\">Edhe Franca dhe Mbret\u00ebria e Bashkuar votuan pro rezolut\u00ebs. Franca ka shprehur mb\u00ebshtetje p\u00ebr ndryshimin e m\u00ebnyr\u00ebs s\u00eb paraqitjes s\u00eb bot\u00ebs n\u00eb hartat institucionale.<\/p>\n<p data-a11y-orig-inline=\"\" data-a11y-base-fs=\"18\">Nga ana tjet\u00ebr, Shtetet e Bashkuara ishin i vetmi vend q\u00eb votoi kund\u00ebr. P\u00ebrfaq\u00ebsuesja amerikane n\u00eb OKB e kritikoi rezolut\u00ebn, duke argumentuar se ajo largon v\u00ebmendjen nga \u00e7\u00ebshtjet kryesore q\u00eb lidhen me paqen, prosperitetin dhe marr\u00ebdh\u00ebniet nd\u00ebrkomb\u00ebtare.<\/p>\n<p data-a11y-orig-inline=\"\" data-a11y-base-fs=\"18\">Vendimi i OKB-s\u00eb pritet t\u00eb ndikoj\u00eb gradualisht n\u00eb materialet m\u00ebsimore, hartat institucionale dhe m\u00ebnyr\u00ebn se si paraqitet bota n\u00eb teknologji dhe platforma t\u00eb ndryshme, megjith\u00ebse p\u00ebrdorimi i hart\u00ebs s\u00eb Mercatorit nuk \u00ebsht\u00eb ndaluar.<\/p>\n<p data-a11y-orig-inline=\"\" data-a11y-base-fs=\"18\">N\u00eb thelb, ndryshimi nuk e \u201cndryshon\u201d hart\u00ebn e Tok\u00ebs, por m\u00ebnyr\u00ebn se si ajo projektohet n\u00eb nj\u00eb sip\u00ebrfaqe dydimensionale, duke synuar nj\u00eb paraqitje m\u00eb t\u00eb sakt\u00eb t\u00eb madh\u00ebsis\u00eb relative t\u00eb kontinenteve.<\/p>\n","protected":false},"excerpt":{"rendered":"<p>5 Shtator 2026 Asambleja e P\u00ebrgjithshme e Kombeve t\u00eb Bashkuara ka miratuar nj\u00eb rezolut\u00eb q\u00eb nxit p\u00ebrdorimin e nj\u00eb harte t\u00eb bot\u00ebs q\u00eb pasqyron m\u00eb sakt\u00eb p\u00ebrmasat reale t\u00eb kontinenteve, ve\u00e7an\u00ebrisht t\u00eb Afrik\u00ebs. Rezoluta \u201cCorrect the Map\u201d, e udh\u00ebhequr nga Togo dhe e mb\u00ebshtetur nga Bashkimi Afrikan, mori 164 vota pro, nd\u00ebrsa vet\u00ebm Shtetet e [&hellip;]<\/p>\n","protected":false},"author":9,"featured_media":106072,"comment_status":"open","ping_status":"open","sticky":false,"template":"","format":"standard","meta":{"jetpack_post_was_ever_published":false,"_jetpack_newsletter_access":"","_jetpack_dont_email_post_to_subs":false,"_jetpack_newsletter_tier_id":0,"_jetpack_memberships_contains_paywalled_content":false,"_jetpack_memberships_contains_paid_content":false,"footnotes":"","jetpack_publicize_message":"","jetpack_publicize_feature_enabled":true,"jetpack_social_post_already_shared":true,"jetpack_social_options":{"image_generator_settings":{"template":"highway","default_image_id":0,"font":"","enabled":false},"version":2}},"categories":[27,1,35],"tags":[],"class_list":["post-106071","post","type-post","status-publish","format-standard","has-post-thumbnail","hentry","category-blogu-i-udhetarit","category-njoftime-shtypi","category-shoqerore"],"jetpack_publicize_connections":[],"jetpack_featured_media_url":"https:\/\/i0.wp.com\/www.shqiperia.com\/blog\/wp-content\/uploads\/2026\/09\/640-0-6a7ed84edc082d059af5fd8b9a5f5523.webp?fit=640%2C359&ssl=1","jetpack_sharing_enabled":true,"jetpack_shortlink":"https:\/\/wp.me\/p5Z6wp-rAP","jetpack-related-posts":[{"id":101298,"url":"https:\/\/www.shqiperia.com\/blog\/rama-humbet-durimin-edhe-me-gazetaret-e-huaj-vini-ketu-me-koken-te-mbushur-plot-me-genjeshtra\/","url_meta":{"origin":106071,"position":0},"title":"Rama humbet durimin edhe me gazetar\u00ebt e huaj: &#8211; Vini k\u00ebtu me kok\u00ebn t\u00eb mbushur plot me g\u00ebnjeshtra","author":"Kurt Farka","date":"June 9, 2026","format":false,"excerpt":"9 Qershor 2026 Kryeministri Edi Rama reagoi ndaj debatit publik dhe raportimeve mediatike mbi projektin q\u00eb ka nxitur diskutime dhe protesta gjat\u00eb dit\u00ebve t\u00eb fundit, duke theksuar se nuk ka ekzistuar asnj\u00eb projekt i miratuar n\u00eb Zv\u00ebrnec, q\u00eb t\u00eb mund t\u00eb anulohej. Gjat\u00eb nj\u00eb bashk\u00ebbisedimi me gazetar\u00eb nga media t\u00eb\u2026","rel":"","context":"In &quot;Histori&quot;","block_context":{"text":"Histori","link":"https:\/\/www.shqiperia.com\/blog\/category\/histori\/"},"img":{"alt_text":"","src":"https:\/\/i0.wp.com\/www.shqiperia.com\/blog\/wp-content\/uploads\/2026\/06\/rama-perplasje.webp?fit=800%2C450&ssl=1&resize=350%2C200","width":350,"height":200,"srcset":"https:\/\/i0.wp.com\/www.shqiperia.com\/blog\/wp-content\/uploads\/2026\/06\/rama-perplasje.webp?fit=800%2C450&ssl=1&resize=350%2C200 1x, https:\/\/i0.wp.com\/www.shqiperia.com\/blog\/wp-content\/uploads\/2026\/06\/rama-perplasje.webp?fit=800%2C450&ssl=1&resize=525%2C300 1.5x, https:\/\/i0.wp.com\/www.shqiperia.com\/blog\/wp-content\/uploads\/2026\/06\/rama-perplasje.webp?fit=800%2C450&ssl=1&resize=700%2C400 2x"},"classes":[]},{"id":106055,"url":"https:\/\/www.shqiperia.com\/blog\/titaniku-spo-merr-kthesen-dhe-rama-ne-forumin-inteligjenca-e-botes-nuk-ka-vend-per-shqiperine-ne-be-nese-unioni-nuk-ndryshon\/","url_meta":{"origin":106071,"position":1},"title":"\u201cTitaniku s\u2019po merr kthes\u00ebn dhe&#8230;&#8221;\/ Rama n\u00eb forumin \u201cInteligjenca e Bot\u00ebs\u201d: &#8211; Nuk ka vend p\u00ebr Shqip\u00ebrin\u00eb n\u00eb BE n\u00ebse Unioni nuk ndryshon!","author":"Kurt Farka","date":"September 5, 2026","format":false,"excerpt":"5 Shtator 2026 Kryeministri Edi Rama ishte sot pjes\u00eb e forumit\u201d Inteligjenca e Bot\u00ebs\u201d. Ai u shpreh se vendi yn\u00eb \u00ebsht\u00eb duke u p\u00ebrpjekur t\u00eb b\u00ebhet pjes\u00eb e Bashkimit Europian, por se jo gjith\u00e7ka po shkon si\u00e7 duhet. \u201cNe jemi jasht\u00eb klubit dhe p\u00ebrpiqemi t\u00eb hyjm\u00eb n\u00eb klub. Nga nj\u00eb\u2026","rel":"","context":"In &quot;Blogu i Udh\u00ebtarit&quot;","block_context":{"text":"Blogu i Udh\u00ebtarit","link":"https:\/\/www.shqiperia.com\/blog\/category\/blogu-i-udhetarit\/"},"img":{"alt_text":"","src":"https:\/\/i0.wp.com\/www.shqiperia.com\/blog\/wp-content\/uploads\/2026\/09\/1788428684_edirama.jpg?fit=780%2C440&ssl=1&resize=350%2C200","width":350,"height":200,"srcset":"https:\/\/i0.wp.com\/www.shqiperia.com\/blog\/wp-content\/uploads\/2026\/09\/1788428684_edirama.jpg?fit=780%2C440&ssl=1&resize=350%2C200 1x, https:\/\/i0.wp.com\/www.shqiperia.com\/blog\/wp-content\/uploads\/2026\/09\/1788428684_edirama.jpg?fit=780%2C440&ssl=1&resize=525%2C300 1.5x, https:\/\/i0.wp.com\/www.shqiperia.com\/blog\/wp-content\/uploads\/2026\/09\/1788428684_edirama.jpg?fit=780%2C440&ssl=1&resize=700%2C400 2x"},"classes":[]},{"id":105140,"url":"https:\/\/www.shqiperia.com\/blog\/rama-shtremberimi-i-hundes-time-nuk-ka-lidhje-me-perdorimin-e-kokaines\/","url_meta":{"origin":106071,"position":2},"title":"Rama: Shtremb\u00ebrimi i hund\u00ebs time nuk ka lidhje me p\u00ebrdorimin e kokain\u00ebs","author":"Kurt Farka","date":"August 25, 2026","format":false,"excerpt":"25 Gusht 2026 Kryeministri Edi Rama i \u00ebsht\u00eb drejtuar publikut p\u00ebrmes nj\u00eb video live pas p\u00ebrfundimit t\u00eb takimit me ministrat n\u00eb Pogradec. Rama u ka premtuar qytetar\u00ebve se pas protestave t\u00eb muajve t\u00eb fundit ata, dhe \u201cqeveria e tyre\u201d, do t\u00eb \u201cdalin m\u00eb t\u00eb fort\u00eb\u201d, nd\u00ebrsa tregoi edhe planet p\u00ebr\u2026","rel":"","context":"In &quot;Blogu i Udh\u00ebtarit&quot;","block_context":{"text":"Blogu i Udh\u00ebtarit","link":"https:\/\/www.shqiperia.com\/blog\/category\/blogu-i-udhetarit\/"},"img":{"alt_text":"","src":"https:\/\/i0.wp.com\/www.shqiperia.com\/blog\/wp-content\/uploads\/2026\/08\/800-0-65573138ef4eb.jpg?fit=800%2C555&ssl=1&resize=350%2C200","width":350,"height":200,"srcset":"https:\/\/i0.wp.com\/www.shqiperia.com\/blog\/wp-content\/uploads\/2026\/08\/800-0-65573138ef4eb.jpg?fit=800%2C555&ssl=1&resize=350%2C200 1x, https:\/\/i0.wp.com\/www.shqiperia.com\/blog\/wp-content\/uploads\/2026\/08\/800-0-65573138ef4eb.jpg?fit=800%2C555&ssl=1&resize=525%2C300 1.5x, https:\/\/i0.wp.com\/www.shqiperia.com\/blog\/wp-content\/uploads\/2026\/08\/800-0-65573138ef4eb.jpg?fit=800%2C555&ssl=1&resize=700%2C400 2x"},"classes":[]},{"id":100300,"url":"https:\/\/www.shqiperia.com\/blog\/ish-ministrja-e-integrimit-klejda-gjosha-realizuta-do-te-kishte-vlere-nese-do-ti-jepej-fund-tenderave-pa-gare\/","url_meta":{"origin":106071,"position":3},"title":"Ish-ministrja e Integrimit Klejda Gjosha: &#8211; Realizuta do t\u00eb kishte vler\u00eb n\u00ebse do t\u2019i jepej fund tenderave pa gar\u00eb.","author":"Kurt Farka","date":"May 15, 2026","format":false,"excerpt":"15 Maji 2026 Ish-ministrja e Integrimit Klejda Gjosha \u00ebsht\u00eb shprehur skeptike p\u00ebr rezolut\u00ebn e BE q\u00eb u miratua dje n\u00eb Kuvend, me dakord\u00ebsine plot\u00eb t\u00eb opozit\u00ebs dhe mazhoranc\u00ebs. E ftuar n\u00eb programin e drek\u00ebs n\u00eb News24 p\u00ebrball\u00eb Ola Brukos, Gjosha tha se do t\u00eb ishte m\u00eb efektive n\u00ebse do t\u00eb\u2026","rel":"","context":"In &quot;Blogu i Udh\u00ebtarit&quot;","block_context":{"text":"Blogu i Udh\u00ebtarit","link":"https:\/\/www.shqiperia.com\/blog\/category\/blogu-i-udhetarit\/"},"img":{"alt_text":"","src":"https:\/\/i0.wp.com\/www.shqiperia.com\/blog\/wp-content\/uploads\/2026\/05\/klajda-gjosha.jpg?fit=960%2C658&ssl=1&resize=350%2C200","width":350,"height":200,"srcset":"https:\/\/i0.wp.com\/www.shqiperia.com\/blog\/wp-content\/uploads\/2026\/05\/klajda-gjosha.jpg?fit=960%2C658&ssl=1&resize=350%2C200 1x, https:\/\/i0.wp.com\/www.shqiperia.com\/blog\/wp-content\/uploads\/2026\/05\/klajda-gjosha.jpg?fit=960%2C658&ssl=1&resize=525%2C300 1.5x, https:\/\/i0.wp.com\/www.shqiperia.com\/blog\/wp-content\/uploads\/2026\/05\/klajda-gjosha.jpg?fit=960%2C658&ssl=1&resize=700%2C400 2x"},"classes":[]},{"id":105592,"url":"https:\/\/www.shqiperia.com\/blog\/edi-rama-ligjeron-cifutizimin-e-vlores\/","url_meta":{"origin":106071,"position":4},"title":"Edi Rama ligj\u00ebron \u00e7ifutizimin e Vlor\u00ebs","author":"Kurt Farka","date":"August 31, 2026","format":false,"excerpt":"31 Gusht 2026 Nga: G\u00ebzim Zilja Muzeu Ebriak do t\u00eb pasqyroj\u00eb historin\u00eb e \u00e7ifut\u00ebve n\u00eb Shqip\u00ebri q\u00eb nga koha romake. Tradh\u00ebtari dhe varmih\u00ebsi i historis\u00eb dhe tradit\u00ebs shqiptare Edi Rama deklaroi m\u00eb 10.09.2025 n\u00eb Vlor\u00eb: \u201cKa nisur puna p\u00ebr nd\u00ebrtimin (shiko foton) e Muzeut ebraik\u2026. Godina do t\u00eb ngrihet n\u00eb\u2026","rel":"","context":"In &quot;Blogu i Udh\u00ebtarit&quot;","block_context":{"text":"Blogu i Udh\u00ebtarit","link":"https:\/\/www.shqiperia.com\/blog\/category\/blogu-i-udhetarit\/"},"img":{"alt_text":"","src":"https:\/\/i0.wp.com\/www.shqiperia.com\/blog\/wp-content\/uploads\/2026\/08\/790226070_1119745073729709_304740451447980800_n-1.jpg?fit=1200%2C689&ssl=1&resize=350%2C200","width":350,"height":200,"srcset":"https:\/\/i0.wp.com\/www.shqiperia.com\/blog\/wp-content\/uploads\/2026\/08\/790226070_1119745073729709_304740451447980800_n-1.jpg?fit=1200%2C689&ssl=1&resize=350%2C200 1x, https:\/\/i0.wp.com\/www.shqiperia.com\/blog\/wp-content\/uploads\/2026\/08\/790226070_1119745073729709_304740451447980800_n-1.jpg?fit=1200%2C689&ssl=1&resize=525%2C300 1.5x, https:\/\/i0.wp.com\/www.shqiperia.com\/blog\/wp-content\/uploads\/2026\/08\/790226070_1119745073729709_304740451447980800_n-1.jpg?fit=1200%2C689&ssl=1&resize=700%2C400 2x, https:\/\/i0.wp.com\/www.shqiperia.com\/blog\/wp-content\/uploads\/2026\/08\/790226070_1119745073729709_304740451447980800_n-1.jpg?fit=1200%2C689&ssl=1&resize=1050%2C600 3x"},"classes":[]},{"id":101629,"url":"https:\/\/www.shqiperia.com\/blog\/gazetarja-e-cnn-e-pyet-per-revolten-qytetare-rama-humb-toruan-keni-nevoje-te-rehabilitoheni-nuk-ka-protesta\/","url_meta":{"origin":106071,"position":5},"title":"Gazetarja e CNN e pyet p\u00ebr revolt\u00ebn qytetare, Rama humb toruan: &#8211; Keni nevoj\u00eb t\u00eb rehabilitoheni! &#8211; Nuk ka protesta","author":"Kurt Farka","date":"June 19, 2026","format":false,"excerpt":"Nj\u00eb debat i tensionuar ka ndodhur gjat\u00eb panelit n\u00eb Forumin Bot\u00ebror Future Investment Initiative, ku i pranish\u00ebm ishte edhe kryeministri Rama, i cili \u00ebsht\u00eb p\u00ebrplasur me gazetaren e rrjetit televiziv CNN, Eleni Giokos. Gjat\u00eb diskutimit mbi investimet e huaja n\u00eb bregdetin shqiptar dhe ndikimin e tyre n\u00eb mjedis, kreu i\u2026","rel":"","context":"In &quot;Blogu i Udh\u00ebtarit&quot;","block_context":{"text":"Blogu i Udh\u00ebtarit","link":"https:\/\/www.shqiperia.com\/blog\/category\/blogu-i-udhetarit\/"},"img":{"alt_text":"","src":"https:\/\/i0.wp.com\/www.shqiperia.com\/blog\/wp-content\/uploads\/2026\/06\/images-1.jpg?resize=350%2C200&ssl=1","width":350,"height":200,"srcset":"https:\/\/i0.wp.com\/www.shqiperia.com\/blog\/wp-content\/uploads\/2026\/06\/images-1.jpg?resize=350%2C200&ssl=1 1x, https:\/\/i0.wp.com\/www.shqiperia.com\/blog\/wp-content\/uploads\/2026\/06\/images-1.jpg?resize=525%2C300&ssl=1 1.5x"},"classes":[]}],"_links":{"self":[{"href":"https:\/\/www.shqiperia.com\/blog\/wp-json\/wp\/v2\/posts\/106071","targetHints":{"allow":["GET"]}}],"collection":[{"href":"https:\/\/www.shqiperia.com\/blog\/wp-json\/wp\/v2\/posts"}],"about":[{"href":"https:\/\/www.shqiperia.com\/blog\/wp-json\/wp\/v2\/types\/post"}],"author":[{"embeddable":true,"href":"https:\/\/www.shqiperia.com\/blog\/wp-json\/wp\/v2\/users\/9"}],"replies":[{"embeddable":true,"href":"https:\/\/www.shqiperia.com\/blog\/wp-json\/wp\/v2\/comments?post=106071"}],"version-history":[{"count":1,"href":"https:\/\/www.shqiperia.com\/blog\/wp-json\/wp\/v2\/posts\/106071\/revisions"}],"predecessor-version":[{"id":106073,"href":"https:\/\/www.shqiperia.com\/blog\/wp-json\/wp\/v2\/posts\/106071\/revisions\/106073"}],"wp:featuredmedia":[{"embeddable":true,"href":"https:\/\/www.shqiperia.com\/blog\/wp-json\/wp\/v2\/media\/106072"}],"wp:attachment":[{"href":"https:\/\/www.shqiperia.com\/blog\/wp-json\/wp\/v2\/media?parent=106071"}],"wp:term":[{"taxonomy":"category","embeddable":true,"href":"https:\/\/www.shqiperia.com\/blog\/wp-json\/wp\/v2\/categories?post=106071"},{"taxonomy":"post_tag","embeddable":true,"href":"https:\/\/www.shqiperia.com\/blog\/wp-json\/wp\/v2\/tags?post=106071"}],"curies":[{"name":"wp","href":"https:\/\/api.w.org\/{rel}","templated":true}]}}