{"id":106067,"date":"2026-09-05T12:43:55","date_gmt":"2026-09-05T12:43:55","guid":{"rendered":"https:\/\/www.shqiperia.com\/blog\/?p=106067"},"modified":"2026-09-05T12:43:55","modified_gmt":"2026-09-05T12:43:55","slug":"shqiperia-ka-qene-toka-e-njeriut-te-lire-e-njeriut-te-ashper-dhe-zemermire","status":"publish","type":"post","link":"https:\/\/www.shqiperia.com\/blog\/shqiperia-ka-qene-toka-e-njeriut-te-lire-e-njeriut-te-ashper-dhe-zemermire\/","title":{"rendered":"\u201cShqip\u00ebria ka qen\u00eb toka e njeriut t\u00eb lir\u00eb&#8230; e njeriut t\u00eb ashp\u00ebr dhe zem\u00ebrmir\u00eb&#8230;\u201d"},"content":{"rendered":"<p><img data-recalc-dims=\"1\" loading=\"lazy\" decoding=\"async\" data-attachment-id=\"106068\" data-permalink=\"https:\/\/www.shqiperia.com\/blog\/shqiperia-ka-qene-toka-e-njeriut-te-lire-e-njeriut-te-ashper-dhe-zemermire\/640-0-shq-1788601854-copy\/\" data-orig-file=\"https:\/\/i0.wp.com\/www.shqiperia.com\/blog\/wp-content\/uploads\/2026\/09\/640-0-shq-1788601854-Copy.jpg?fit=640%2C406&amp;ssl=1\" data-orig-size=\"640,406\" data-comments-opened=\"1\" data-image-meta=\"{&quot;aperture&quot;:&quot;0&quot;,&quot;credit&quot;:&quot;&quot;,&quot;camera&quot;:&quot;&quot;,&quot;caption&quot;:&quot;&quot;,&quot;created_timestamp&quot;:&quot;0&quot;,&quot;copyright&quot;:&quot;&quot;,&quot;focal_length&quot;:&quot;0&quot;,&quot;iso&quot;:&quot;0&quot;,&quot;shutter_speed&quot;:&quot;0&quot;,&quot;title&quot;:&quot;&quot;,&quot;orientation&quot;:&quot;0&quot;}\" data-image-title=\"-640-0-shq-1788601854 &#8211; Copy\" data-image-description=\"\" data-image-caption=\"\" data-medium-file=\"https:\/\/i0.wp.com\/www.shqiperia.com\/blog\/wp-content\/uploads\/2026\/09\/640-0-shq-1788601854-Copy.jpg?fit=300%2C190&amp;ssl=1\" data-large-file=\"https:\/\/i0.wp.com\/www.shqiperia.com\/blog\/wp-content\/uploads\/2026\/09\/640-0-shq-1788601854-Copy.jpg?fit=640%2C406&amp;ssl=1\" class=\"alignnone  wp-image-106068\" alt=\"\" src=\"https:\/\/i0.wp.com\/www.shqiperia.com\/blog\/wp-content\/uploads\/2026\/09\/640-0-shq-1788601854-Copy.jpg?resize=772%2C489&#038;ssl=1\" width=\"772\" height=\"489\" srcset=\"https:\/\/i0.wp.com\/www.shqiperia.com\/blog\/wp-content\/uploads\/2026\/09\/640-0-shq-1788601854-Copy.jpg?resize=300%2C190&amp;ssl=1 300w, https:\/\/i0.wp.com\/www.shqiperia.com\/blog\/wp-content\/uploads\/2026\/09\/640-0-shq-1788601854-Copy.jpg?resize=450%2C285&amp;ssl=1 450w, https:\/\/i0.wp.com\/www.shqiperia.com\/blog\/wp-content\/uploads\/2026\/09\/640-0-shq-1788601854-Copy.jpg?resize=600%2C381&amp;ssl=1 600w, https:\/\/i0.wp.com\/www.shqiperia.com\/blog\/wp-content\/uploads\/2026\/09\/640-0-shq-1788601854-Copy.jpg?resize=400%2C254&amp;ssl=1 400w, https:\/\/i0.wp.com\/www.shqiperia.com\/blog\/wp-content\/uploads\/2026\/09\/640-0-shq-1788601854-Copy.jpg?w=640&amp;ssl=1 640w\" sizes=\"auto, (max-width: 772px) 100vw, 772px\" \/><\/p>\n<p data-a11y-orig-inline=\"\" data-a11y-base-fs=\"18\">5 Shtator 2026<\/p>\n<p data-a11y-orig-inline=\"\" data-a11y-base-fs=\"18\">P\u00ebr shekuj me radh\u00eb, Shqip\u00ebria ka qen\u00eb p\u00ebr Evrop\u00ebn nj\u00ebkoh\u00ebsisht af\u00ebr dhe larg. Af\u00ebr n\u00eb hart\u00eb, por larg n\u00eb p\u00ebrfytyrim. Pran\u00eb Adriatikut, por e mb\u00ebshtjell\u00eb me nj\u00eb mjegull legjendash, paragjykimesh dhe misteresh.<\/p>\n<p data-a11y-orig-inline=\"\" data-a11y-base-fs=\"18\">Prandaj, kur lexojm\u00eb se \u201cShqip\u00ebria ka qen\u00eb toka e njeriut t\u00eb lir\u00eb&#8230; e njeriut t\u00eb ashp\u00ebr dhe zem\u00ebrmir\u00eb\u201d, duhet t\u00eb ndalemi pak. Sepse kjo fjali nuk \u00ebsht\u00eb thjesht nj\u00eb kompliment. Ajo \u00ebsht\u00eb pjes\u00eb e nj\u00eb historie shum\u00eb m\u00eb t\u00eb gjat\u00eb t\u00eb m\u00ebnyr\u00ebs se si bota e jashtme \u00ebsht\u00eb p\u00ebrpjekur ta shpjegoj\u00eb shqiptarin.<\/p>\n<p data-a11y-orig-inline=\"\" data-a11y-base-fs=\"18\">Dhe jo gjithmon\u00eb ia ka dal\u00eb.<\/p>\n<p data-a11y-orig-inline=\"\" data-a11y-base-fs=\"18\">Sepse Shqip\u00ebria ka qen\u00eb shpesh m\u00eb e madhe se korniza n\u00eb t\u00eb cil\u00ebn \u00ebsht\u00eb vendosur.<\/p>\n<p data-a11y-orig-inline=\"\" data-a11y-base-fs=\"18\">Roberto Morozzo della Rocca, n\u00eb studimin e tij \u201cKombi dhe feja n\u00eb Shqip\u00ebri 1920\u20131944\u201d, v\u00ebren se literatura evropiane e shekujve XIX dhe XX e ka trajtuar shpesh Shqip\u00ebrin\u00eb si nj\u00eb vend t\u00eb pakrahasuesh\u00ebm, me nj\u00eb origjinalitet t\u00eb theksuar historik dhe kulturor.<\/p>\n<p data-a11y-orig-inline=\"\" data-a11y-base-fs=\"18\">Ai v\u00ebren se shqiptar\u00ebt jan\u00eb par\u00eb p\u00ebrmes nj\u00eb galaktike stereotipesh: popull i pap\u00ebrkulur dhe gjakatar, por edhe i lir\u00eb; vend i eg\u00ebr, por i past\u00ebr; hap\u00ebsir\u00eb mes Lindjes dhe Per\u00ebndimit; mes natyr\u00ebs s\u00eb paprekur dhe qytet\u00ebrimit; mes s\u00eb lasht\u00ebs dhe modernes.<\/p>\n<p data-a11y-orig-inline=\"\" data-a11y-base-fs=\"18\">K\u00ebshtu Shqip\u00ebria u shnd\u00ebrrua n\u00eb nj\u00eb lloj pasqyre ku secili udh\u00ebtar shihte edhe di\u00e7ka nga vetja.<\/p>\n<p data-a11y-orig-inline=\"\" data-a11y-base-fs=\"18\">P\u00ebr disa ishte Shqip\u00ebria e njeriut t\u00eb lir\u00eb.<\/p>\n<p data-a11y-orig-inline=\"\" data-a11y-base-fs=\"18\">P\u00ebr t\u00eb tjer\u00eb, Shqip\u00ebria e \u201ceg\u00ebrsis\u00eb\u201d.<\/p>\n<p data-a11y-orig-inline=\"\" data-a11y-base-fs=\"18\">P\u00ebr disa, nj\u00eb Evrop\u00eb e vonuar.<\/p>\n<p data-a11y-orig-inline=\"\" data-a11y-base-fs=\"18\">P\u00ebr t\u00eb tjer\u00eb, nj\u00eb bot\u00eb q\u00eb kishte ruajtur di\u00e7ka q\u00eb qytet\u00ebrimi modern e kishte humbur.<\/p>\n<p data-a11y-orig-inline=\"\" data-a11y-base-fs=\"18\">Dhe ndoshta pik\u00ebrisht k\u00ebtu gjendet nj\u00eb nga paradokset m\u00eb interesante t\u00eb historis\u00eb son\u00eb. Shqip\u00ebria \u00ebsht\u00eb p\u00ebrshkruar shpesh m\u00eb shum\u00eb p\u00ebr at\u00eb q\u00eb evropian\u00ebt mendonin se ishte, sesa p\u00ebr at\u00eb q\u00eb realisht ishte.<\/p>\n<p data-a11y-orig-inline=\"\" data-a11y-base-fs=\"18\">Morozzo e formulon k\u00ebt\u00eb me nj\u00eb mpreht\u00ebsi t\u00eb ve\u00e7ant\u00eb: miti i Shqip\u00ebris\u00eb si nj\u00eb vend unik shpesh \u00ebsht\u00eb p\u00ebrjet\u00ebsuar p\u00ebrmes retorik\u00ebs, duke konfirmuar me p\u00ebrshtypje t\u00eb jashtme at\u00eb q\u00eb ishte \u201czbuluar\u201d ndonj\u00ebher\u00eb edhe p\u00ebrpara se t\u00eb shihej e t\u00eb verifikohej.<\/p>\n<p data-a11y-orig-inline=\"\" data-a11y-base-fs=\"18\">Dhe kjo \u00ebsht\u00eb nj\u00eb v\u00ebrejtje q\u00eb duhet ta mbajm\u00eb mend.<\/p>\n<p data-a11y-orig-inline=\"\" data-a11y-base-fs=\"18\">Sepse ekzotizimi \u00ebsht\u00eb nj\u00eb form\u00eb tjet\u00ebr e mosnjohjes.<\/p>\n<p data-a11y-orig-inline=\"\" data-a11y-base-fs=\"18\">Nj\u00eb nga t\u00eb huajt q\u00eb i dha Shqip\u00ebris\u00eb nj\u00eb vend t\u00eb ve\u00e7ant\u00eb n\u00eb imagjinat\u00ebn evropiane ishte .<\/p>\n<p data-a11y-orig-inline=\"\" data-a11y-base-fs=\"18\">Kur Byron mb\u00ebrriti n\u00eb Shqip\u00ebri n\u00eb vitin 1809, ai nuk pa thjesht nj\u00eb periferi t\u00eb Perandoris\u00eb Osmane. Ai pa nj\u00eb bot\u00eb njer\u00ebzore q\u00eb e magjepsi, veshjet, arm\u00ebt, malet, mikpritjen, krenarin\u00eb dhe karakterin e shqiptar\u00ebve.<\/p>\n<p data-a11y-orig-inline=\"\" data-a11y-base-fs=\"18\">N\u00eb letrat e tij dhe n\u00eb \u201cChilde Harold&#8217;s Pilgrimage\u201d, Shqip\u00ebria shfaqet me ngjyra t\u00eb forta romantike.<\/p>\n<p data-a11y-orig-inline=\"\" data-a11y-base-fs=\"18\">Ai shkroi p\u00ebr shqiptar\u00ebt si njer\u00ebz t\u00eb fort\u00eb, krenar\u00eb, t\u00eb lidhur me lirin\u00eb dhe me nj\u00eb kod nderi q\u00eb p\u00ebr poetin romantik kishte nj\u00eb bukuri t\u00eb ve\u00e7ant\u00eb.<\/p>\n<p data-a11y-orig-inline=\"\" data-a11y-base-fs=\"18\">Por Byroni nuk duhet lexuar vet\u00ebm si nj\u00eb fotograf i Shqip\u00ebris\u00eb. Ai ishte edhe poet romantik.<\/p>\n<p data-a11y-orig-inline=\"\" data-a11y-base-fs=\"18\">Dhe romantizmi kishte prirjen ta shnd\u00ebrronte realitetin n\u00eb mit. Prandaj Shqip\u00ebria e Byronit \u00ebsht\u00eb nj\u00ebkoh\u00ebsisht Shqip\u00ebria reale dhe Shqip\u00ebria e \u00ebnd\u00ebrruar.<\/p>\n<p data-a11y-orig-inline=\"\" data-a11y-base-fs=\"18\">N\u00eb fillim t\u00eb shekullit XX, nj\u00eb tjet\u00ebr figur\u00eb e jasht\u00ebzakonshme do t\u00eb b\u00ebhej nj\u00eb nga d\u00ebshmitaret m\u00eb t\u00eb fuqishme t\u00eb Shqip\u00ebris\u00eb,<\/p>\n<p data-a11y-orig-inline=\"\" data-a11y-base-fs=\"18\">Edith Durham nuk ishte nj\u00eb turiste q\u00eb kaloi rast\u00ebsisht n\u00ebp\u00ebr Shqip\u00ebri.<\/p>\n<p data-a11y-orig-inline=\"\" data-a11y-base-fs=\"18\">Ajo udh\u00ebtoi, jetoi me njer\u00ebzit, pa varf\u00ebrin\u00eb, konfliktet, zakonet, mikpritjen, gjakmarrjen, strukturat fisnore dhe realitetin politik. Dhe, ndon\u00ebse edhe ajo mbarti me vete disa prej ideve t\u00eb koh\u00ebs s\u00eb saj, gradualisht u b\u00eb nj\u00eb prej mbrojt\u00ebseve m\u00eb t\u00eb vendosura t\u00eb shqiptar\u00ebve n\u00eb opinionin britanik.<\/p>\n<p data-a11y-orig-inline=\"\" data-a11y-base-fs=\"18\">Libri i saj \u201cHigh Albania\u201d \u00ebsht\u00eb nj\u00eb d\u00ebshmi e fuqishme e k\u00ebsaj bote.<\/p>\n<p data-a11y-orig-inline=\"\" data-a11y-base-fs=\"18\">Durham u mahnit nga mal\u00ebsor\u00ebt, nga mikpritja dhe nga nj\u00eb ndjenj\u00eb e fort\u00eb dinjiteti q\u00eb ajo e dalloi te njer\u00ebzit e veriut.<\/p>\n<p data-a11y-orig-inline=\"\" data-a11y-base-fs=\"18\">Ajo nuk e fshehu ashp\u00ebrsin\u00eb e jet\u00ebs shqiptare, por refuzoi ta reduktonte shqiptarin n\u00eb stereotipin e \u201cbarbarit\u201d.<\/p>\n<p data-a11y-orig-inline=\"\" data-a11y-base-fs=\"18\">Dhe kjo \u00ebsht\u00eb e r\u00ebnd\u00ebsishme.<\/p>\n<p data-a11y-orig-inline=\"\" data-a11y-base-fs=\"18\">Sepse t\u00eb duash nj\u00eb popull nuk do t\u00eb thot\u00eb t\u00eb fsheh\u00ebsh mang\u00ebsit\u00eb e tij, do t\u00eb thot\u00eb t\u00eb mos lejosh q\u00eb mang\u00ebsit\u00eb ta p\u00ebrkufizojn\u00eb t\u00eb t\u00ebrin.<\/p>\n<p data-a11y-orig-inline=\"\" data-a11y-base-fs=\"18\">Shkrimtarja britanike e vizitoi Jugosllavin\u00eb dhe Ballkanin dhe shkroi gjer\u00ebsisht p\u00ebr rajonin. N\u00eb k\u00ebto udh\u00ebtime, Shqip\u00ebria dhe shqiptar\u00ebt shfaqen brenda nj\u00eb tabloje ballkanike ku kufijt\u00eb politik\u00eb nuk p\u00ebrputhen gjithmon\u00eb me kufijt\u00eb kulturor\u00eb.<\/p>\n<p data-a11y-orig-inline=\"\" data-a11y-base-fs=\"18\">Ajo, si shum\u00eb udh\u00ebtar\u00eb t\u00eb tjer\u00eb per\u00ebndimor\u00eb, e ndjeu se Ballkani ishte nj\u00eb hap\u00ebsir\u00eb ku historia kishte l\u00ebn\u00eb shtresa t\u00eb shumta, ilire, romake, bizantine, osmane, katolike, ortodokse, myslimane.<\/p>\n<p data-a11y-orig-inline=\"\" data-a11y-base-fs=\"18\">Dhe Shqip\u00ebria, pik\u00ebrisht p\u00ebr shkak t\u00eb k\u00ebtij nd\u00ebrthurimi, nuk ishte e leht\u00eb p\u00ebr t&#8217;u futur n\u00eb nj\u00eb kategori t\u00eb vetme.<\/p>\n<p data-a11y-orig-inline=\"\" data-a11y-base-fs=\"18\">Nj\u00eb nga d\u00ebshmit\u00eb m\u00eb interesante \u00ebsht\u00eb ajo e , e cila e vizitoi Shqip\u00ebrin\u00eb n\u00eb vitet 1920.<\/p>\n<p data-a11y-orig-inline=\"\" data-a11y-base-fs=\"18\"><img data-recalc-dims=\"1\" loading=\"lazy\" decoding=\"async\" data-attachment-id=\"106069\" data-permalink=\"https:\/\/www.shqiperia.com\/blog\/shqiperia-ka-qene-toka-e-njeriut-te-lire-e-njeriut-te-ashper-dhe-zemermire\/640-0-shq-1788601854\/\" data-orig-file=\"https:\/\/i0.wp.com\/www.shqiperia.com\/blog\/wp-content\/uploads\/2026\/09\/640-0-shq-1788601854.jpg?fit=640%2C789&amp;ssl=1\" data-orig-size=\"640,789\" data-comments-opened=\"1\" data-image-meta=\"{&quot;aperture&quot;:&quot;0&quot;,&quot;credit&quot;:&quot;&quot;,&quot;camera&quot;:&quot;&quot;,&quot;caption&quot;:&quot;&quot;,&quot;created_timestamp&quot;:&quot;0&quot;,&quot;copyright&quot;:&quot;&quot;,&quot;focal_length&quot;:&quot;0&quot;,&quot;iso&quot;:&quot;0&quot;,&quot;shutter_speed&quot;:&quot;0&quot;,&quot;title&quot;:&quot;&quot;,&quot;orientation&quot;:&quot;0&quot;}\" data-image-title=\"-640-0-shq-1788601854\" data-image-description=\"\" data-image-caption=\"\" data-medium-file=\"https:\/\/i0.wp.com\/www.shqiperia.com\/blog\/wp-content\/uploads\/2026\/09\/640-0-shq-1788601854.jpg?fit=243%2C300&amp;ssl=1\" data-large-file=\"https:\/\/i0.wp.com\/www.shqiperia.com\/blog\/wp-content\/uploads\/2026\/09\/640-0-shq-1788601854.jpg?fit=640%2C789&amp;ssl=1\" class=\"alignnone  wp-image-106069\" alt=\"\" src=\"https:\/\/i0.wp.com\/www.shqiperia.com\/blog\/wp-content\/uploads\/2026\/09\/640-0-shq-1788601854.jpg?resize=697%2C860&#038;ssl=1\" width=\"697\" height=\"860\" srcset=\"https:\/\/i0.wp.com\/www.shqiperia.com\/blog\/wp-content\/uploads\/2026\/09\/640-0-shq-1788601854.jpg?resize=243%2C300&amp;ssl=1 243w, https:\/\/i0.wp.com\/www.shqiperia.com\/blog\/wp-content\/uploads\/2026\/09\/640-0-shq-1788601854.jpg?resize=450%2C555&amp;ssl=1 450w, https:\/\/i0.wp.com\/www.shqiperia.com\/blog\/wp-content\/uploads\/2026\/09\/640-0-shq-1788601854.jpg?resize=600%2C740&amp;ssl=1 600w, https:\/\/i0.wp.com\/www.shqiperia.com\/blog\/wp-content\/uploads\/2026\/09\/640-0-shq-1788601854.jpg?resize=400%2C493&amp;ssl=1 400w, https:\/\/i0.wp.com\/www.shqiperia.com\/blog\/wp-content\/uploads\/2026\/09\/640-0-shq-1788601854.jpg?w=640&amp;ssl=1 640w\" sizes=\"auto, (max-width: 697px) 100vw, 697px\" \/><\/p>\n<p data-a11y-orig-inline=\"\" data-a11y-base-fs=\"18\">Lane u mahnit nga ideja e liris\u00eb shqiptare dhe nga m\u00ebnyra se si shqiptar\u00ebt kishin ruajtur identitetin e tyre p\u00ebrball\u00eb perandorive dhe pushtimeve.<\/p>\n<p data-a11y-orig-inline=\"\" data-a11y-base-fs=\"18\">P\u00ebr t\u00eb, Shqip\u00ebria ishte nj\u00eb vend ku njeriu mund t\u00eb ishte i varf\u00ebr, i armatosur, i ashp\u00ebr dhe i ekspozuar ndaj rreziqeve, por ende t\u00eb ruante di\u00e7ka q\u00eb ajo e konsideronte themelore:<\/p>\n<p data-a11y-orig-inline=\"\" data-a11y-base-fs=\"18\">lirin\u00eb individuale.<\/p>\n<p data-a11y-orig-inline=\"\" data-a11y-base-fs=\"18\">Kjo Shqip\u00ebri do t\u00eb b\u00ebhej pjes\u00eb e r\u00ebnd\u00ebsishme e librit t\u00eb saj \u201cPeaks of Shala\u201d.<\/p>\n<p data-a11y-orig-inline=\"\" data-a11y-base-fs=\"18\">Por edhe k\u00ebtu duhet b\u00ebr\u00eb dallimi mes dokumentit dhe interpretimit.<\/p>\n<p data-a11y-orig-inline=\"\" data-a11y-base-fs=\"18\">Lane nuk po na jepte nj\u00eb fotografi laboratorike t\u00eb Shqip\u00ebris\u00eb.<\/p>\n<p data-a11y-orig-inline=\"\" data-a11y-base-fs=\"18\">Ajo po na jepte Shqip\u00ebrin\u00eb q\u00eb kishte p\u00ebrjetuar dhe interpretuar vet\u00eb.<\/p>\n<p data-a11y-orig-inline=\"\" data-a11y-base-fs=\"18\">Dhe kjo \u00ebsht\u00eb pik\u00ebrisht arsyeja pse k\u00ebto d\u00ebshmi jan\u00eb kaq t\u00eb \u00e7muara.<\/p>\n<p data-a11y-orig-inline=\"\" data-a11y-base-fs=\"18\">N\u00eb shekujt XIX dhe XX, nj\u00eb pjes\u00eb e udh\u00ebtar\u00ebve evropian\u00eb e p\u00ebrshkruanin Shqip\u00ebrin\u00eb si \u201cvendin e fundit\u201d p\u00ebrpara nj\u00eb Evrope t\u00eb qytet\u00ebruar.<\/p>\n<p data-a11y-orig-inline=\"\" data-a11y-base-fs=\"18\">Ishte nj\u00eb m\u00ebnyr\u00eb problematike t\u00eb menduari.<\/p>\n<p data-a11y-orig-inline=\"\" data-a11y-base-fs=\"18\">Sepse pyetja q\u00eb duhet b\u00ebr\u00eb \u00ebsht\u00eb:<\/p>\n<p data-a11y-orig-inline=\"\" data-a11y-base-fs=\"18\">Kush e p\u00ebrcakton se ku mbaron qytet\u00ebrimi?<\/p>\n<p data-a11y-orig-inline=\"\" data-a11y-base-fs=\"18\">N\u00ebse kriteri \u00ebsht\u00eb infrastruktura, Shqip\u00ebria ishte prapa.<\/p>\n<p data-a11y-orig-inline=\"\" data-a11y-base-fs=\"18\">N\u00ebse kriteri \u00ebsht\u00eb zhvillimi industrial, po.<\/p>\n<p data-a11y-orig-inline=\"\" data-a11y-base-fs=\"18\">N\u00ebse kriteri \u00ebsht\u00eb shteti modern, gjithashtu.<\/p>\n<p data-a11y-orig-inline=\"\" data-a11y-base-fs=\"18\">Por n\u00ebse kriteri \u00ebsht\u00eb aft\u00ebsia e nj\u00eb populli p\u00ebr t\u00eb mbijetuar, ruajtur gjuh\u00ebn, zakonet, identitetin dhe ndjenj\u00ebn e dinjitetit n\u00eb kushtet m\u00eb t\u00eb v\u00ebshtira historike, at\u00ebher\u00eb historia merr nj\u00eb tjet\u00ebr kuptim.<\/p>\n<p data-a11y-orig-inline=\"\" data-a11y-base-fs=\"18\">Kjo \u00ebsht\u00eb arsyeja pse shum\u00eb udh\u00ebtar\u00eb, pasi kaluan nga p\u00ebrshkrimi ekzotik te kontakti real me njer\u00ebzit, filluan ta shihnin Shqip\u00ebrin\u00eb ndryshe.<\/p>\n<p data-a11y-orig-inline=\"\" data-a11y-base-fs=\"18\">Morozzo della Rocca ka prekur nj\u00eb t\u00eb v\u00ebrtet\u00eb thelb\u00ebsore: Shqip\u00ebria shpesh \u00ebsht\u00eb p\u00ebrdorur si priz\u00ebm ku evropian\u00ebt projektonin \u00ebndrrat dhe ankthet e veta.<\/p>\n<p data-a11y-orig-inline=\"\" data-a11y-base-fs=\"18\">Kjo \u00ebsht\u00eb ndoshta fjalia q\u00eb duhet t\u00eb na shoq\u00ebroj\u00eb gjat\u00eb gjith\u00eb leximit t\u00eb historis\u00eb s\u00eb imazhit t\u00eb Shqip\u00ebris\u00eb.<\/p>\n<p data-a11y-orig-inline=\"\" data-a11y-base-fs=\"18\">Shqip\u00ebria ka qen\u00eb:<\/p>\n<p data-a11y-orig-inline=\"\" data-a11y-base-fs=\"18\">toka e njeriut t\u00eb lir\u00eb dhe e njeriut t\u00eb eg\u00ebr;<\/p>\n<p data-a11y-orig-inline=\"\" data-a11y-base-fs=\"18\">toka e njeriut t\u00eb ri dhe e njeriut primitiv;<\/p>\n<p data-a11y-orig-inline=\"\" data-a11y-base-fs=\"18\">toka e liris\u00eb dhe e tiranis\u00eb;<\/p>\n<p data-a11y-orig-inline=\"\" data-a11y-base-fs=\"18\">e komunizmit t\u00eb realizuar dhe e gulagut pran\u00eb sht\u00ebpis\u00eb;<\/p>\n<p data-a11y-orig-inline=\"\" data-a11y-base-fs=\"18\">parajs\u00eb e pap\u00ebrlyer dhe mbeturin\u00eb e nj\u00eb bote t\u00eb lasht\u00eb.<\/p>\n<p data-a11y-orig-inline=\"\" data-a11y-base-fs=\"18\">Sa kontradiktore!<\/p>\n<p data-a11y-orig-inline=\"\" data-a11y-base-fs=\"18\">Por ndoshta jo aq shum\u00eb.<\/p>\n<p data-a11y-orig-inline=\"\" data-a11y-base-fs=\"18\">Sepse nj\u00eb vend i panjohur ka gjithmon\u00eb prirjen t\u00eb b\u00ebhet projekcion i imagjinat\u00ebs s\u00eb atij q\u00eb e v\u00ebshtron.<\/p>\n<p data-a11y-orig-inline=\"\" data-a11y-base-fs=\"18\">Dhe Shqip\u00ebria ishte nj\u00eb nga vendet m\u00eb t\u00eb p\u00ebrshtatshme p\u00ebr k\u00ebt\u00eb projekcion: malet e saj, deti, izolimi, historia, zakonet, gjuh\u00ebt, fet\u00eb, kanunet, luft\u00ebrat dhe mbijetesa e saj i dhan\u00eb Evrop\u00ebs material t\u00eb bollsh\u00ebm p\u00ebr t\u00eb nd\u00ebrtuar nj\u00eb mit.<\/p>\n<p data-a11y-orig-inline=\"\" data-a11y-base-fs=\"18\">Dhe k\u00ebtu duhet t\u00eb jemi t\u00eb drejt\u00eb edhe me veten.<\/p>\n<p data-a11y-orig-inline=\"\" data-a11y-base-fs=\"18\">Nuk ka nevoj\u00eb ta zbukurojm\u00eb Shqip\u00ebrin\u00eb duke mohuar varf\u00ebrin\u00eb, prapambetjen, gjakmarrjen, analfabetizmin, konfliktet, sundimet e huaja apo dramat e saj historike.<\/p>\n<p data-a11y-orig-inline=\"\" data-a11y-base-fs=\"18\">Nj\u00eb patriotiz\u00ebm q\u00eb mohon faktet nuk \u00ebsht\u00eb dashuri p\u00ebr atdheun.<\/p>\n<p data-a11y-orig-inline=\"\" data-a11y-base-fs=\"18\">\u00cbsht\u00eb frik\u00eb nga e v\u00ebrteta.<\/p>\n<p data-a11y-orig-inline=\"\" data-a11y-base-fs=\"18\">Por po aq e padrejt\u00eb \u00ebsht\u00eb edhe e kund\u00ebrta: ta p\u00ebrkufizosh Shqip\u00ebrin\u00eb vet\u00ebm p\u00ebrmes plag\u00ebve t\u00eb saj.<\/p>\n<p data-a11y-orig-inline=\"\" data-a11y-base-fs=\"18\">Sepse midis k\u00ebtyre dy skajeve ndodhet Shqip\u00ebria reale.<\/p>\n<p data-a11y-orig-inline=\"\" data-a11y-base-fs=\"18\">Ajo e mal\u00ebsorit dhe e qytetarit, e fshatit dhe e qytetit, e lahut\u00ebs dhe e universitetit, e kull\u00ebs dhe e bibliotek\u00ebs, e Kanunit dhe e Kushtetut\u00ebs, e izolimit dhe e hapjes, e varf\u00ebris\u00eb s\u00eb dikurshme dhe e aspirat\u00ebs s\u00eb sotme.<\/p>\n<p data-a11y-orig-inline=\"\" data-a11y-base-fs=\"18\">Nj\u00eb Shqip\u00ebri kontradiktore, si\u00e7 jan\u00eb pothuajse t\u00eb gjitha shoq\u00ebrit\u00eb q\u00eb kan\u00eb kaluar n\u00ebp\u00ebr histori t\u00eb trazuara.<\/p>\n<p data-a11y-orig-inline=\"\" data-a11y-base-fs=\"18\">Ka pasur edhe \u201cpen\u00ebthyer\u201d, si\u00e7 mund t\u00eb thuhet, q\u00eb e kan\u00eb par\u00eb Shqip\u00ebrin\u00eb p\u00ebrmes paragjykimeve, interesave politike, orientalizmit apo thjesht padijes.<\/p>\n<p data-a11y-orig-inline=\"\" data-a11y-base-fs=\"18\">Por ata nuk jan\u00eb e gjith\u00eb historia.<\/p>\n<p data-a11y-orig-inline=\"\" data-a11y-base-fs=\"18\">N\u00eb an\u00ebn tjet\u00ebr q\u00ebndrojn\u00eb studiues, shkrimtar\u00eb, udh\u00ebtar\u00eb e diplomat\u00eb q\u00eb u p\u00ebrpoq\u00ebn t\u00eb kuptonin.<\/p>\n<p data-a11y-orig-inline=\"\" data-a11y-base-fs=\"18\">Dhe kjo p\u00ebrpjekje meriton t\u00eb kujtohet.<\/p>\n<p data-a11y-orig-inline=\"\" data-a11y-base-fs=\"18\">Sepse nj\u00eb popull nuk e nd\u00ebrton vet\u00ebm vet\u00eb portretin e tij. Ai nd\u00ebrtohet edhe nga m\u00ebnyra se si e kan\u00eb par\u00eb t\u00eb tjer\u00ebt.<\/p>\n<p data-a11y-orig-inline=\"\" data-a11y-base-fs=\"18\">Dhe n\u00eb k\u00ebt\u00eb pasqyr\u00eb t\u00eb huaj Shqip\u00ebria ka marr\u00eb shum\u00eb fytyra.<\/p>\n<p data-a11y-orig-inline=\"\" data-a11y-base-fs=\"18\">Por nj\u00ebra prej tyre p\u00ebrs\u00ebritet vazhdimisht, njeriu shqiptar si qenie e v\u00ebshtir\u00eb p\u00ebr t\u2019u n\u00ebnshtruar.<\/p>\n<p data-a11y-orig-inline=\"\" data-a11y-base-fs=\"18\">Ndoshta kjo \u00ebsht\u00eb ajo q\u00eb i ka intriguar m\u00eb shum\u00eb t\u00eb huajt, jo varf\u00ebria, jo malet, jo ekzotizmi.<\/p>\n<p data-a11y-orig-inline=\"\" data-a11y-base-fs=\"18\">Por kryene\u00e7\u00ebsia p\u00ebr t\u00eb mbetur vetvetja.<\/p>\n<p data-a11y-orig-inline=\"\" data-a11y-base-fs=\"18\">Sot, kur Shqip\u00ebria \u00ebsht\u00eb m\u00eb e hapur ndaj bot\u00ebs se kurr\u00eb m\u00eb par\u00eb, miti po z\u00ebvend\u00ebsohet gradualisht nga realiteti.<\/p>\n<p data-a11y-orig-inline=\"\" data-a11y-base-fs=\"18\">Turisti nuk vjen m\u00eb vet\u00ebm p\u00ebr t\u00eb k\u00ebrkuar \u201cvendin e fundit t\u00eb Evrop\u00ebs\u201d.<\/p>\n<p data-a11y-orig-inline=\"\" data-a11y-base-fs=\"18\">Studiuesi nuk vjen vet\u00ebm p\u00ebr t\u00eb zbuluar nj\u00eb popull ekzotik.<\/p>\n<p data-a11y-orig-inline=\"\" data-a11y-base-fs=\"18\">Bota po e njeh Shqip\u00ebrin\u00eb si nj\u00eb vend evropian me historin\u00eb, kultur\u00ebn, plag\u00ebt, kontradiktat dhe potencialet e veta.<\/p>\n<p data-a11y-orig-inline=\"\" data-a11y-base-fs=\"18\">Por nj\u00eb gj\u00eb nuk ka ndryshuar: Shqip\u00ebria vazhdon t\u00eb jet\u00eb nj\u00eb vend q\u00eb k\u00ebrkon t\u00eb kuptohet.<\/p>\n<p data-a11y-orig-inline=\"\" data-a11y-base-fs=\"18\">Dhe ndoshta ky \u00ebsht\u00eb edhe nj\u00eb prej fatit t\u00eb saj m\u00eb t\u00eb ve\u00e7ant\u00eb. Sepse disa vende b\u00ebhen interesante pasi i kupton.<\/p>\n<p data-a11y-orig-inline=\"\" data-a11y-base-fs=\"18\">Shqip\u00ebria b\u00ebhet interesante pik\u00ebrisht sepse, sa m\u00eb shum\u00eb e njeh, aq m\u00eb shum\u00eb kupton se nuk mund ta mbyll\u00ebsh n\u00eb nj\u00eb p\u00ebrkufizim.<\/p>\n<p data-a11y-orig-inline=\"\" data-a11y-base-fs=\"18\">Ajo ka qen\u00eb p\u00ebr t\u00eb huajt nj\u00ebher\u00ebsh mal, det, kufi, mister, liri, varf\u00ebri, krenari, dhimbje dhe shpres\u00eb.<\/p>\n<p data-a11y-orig-inline=\"\" data-a11y-base-fs=\"18\">Por mbi t\u00eb gjitha ka qen\u00eb nj\u00eb tok\u00eb njer\u00ebzish q\u00eb kan\u00eb luftuar gjat\u00eb p\u00ebr t\u00eb mos u zhdukur nga historia.<\/p>\n<p data-a11y-orig-inline=\"\" data-a11y-base-fs=\"18\">Dhe kjo ndoshta \u00ebsht\u00eb d\u00ebshmia m\u00eb e madhe q\u00eb mund t&#8217;i japim bot\u00ebs:<\/p>\n<p data-a11y-orig-inline=\"\" data-a11y-base-fs=\"18\">Jo se kemi qen\u00eb gjithmon\u00eb m\u00eb t\u00eb mir\u00ebt.<\/p>\n<p data-a11y-orig-inline=\"\" data-a11y-base-fs=\"18\">Jo se kemi qen\u00eb gjithmon\u00eb viktima.<\/p>\n<p data-a11y-orig-inline=\"\" data-a11y-base-fs=\"18\">Jo se kemi qen\u00eb gjithmon\u00eb heronj.<\/p>\n<p data-a11y-orig-inline=\"\" data-a11y-base-fs=\"18\">Por se, pavar\u00ebsisht gjith\u00e7kaje, kemi mbetur.<\/p>\n<p data-a11y-orig-inline=\"\" data-a11y-base-fs=\"18\">Dhe nj\u00eb popull q\u00eb mbetet, pasi historia ka provuar kaq shum\u00eb her\u00eb ta fshij\u00eb, meriton jo vet\u00ebm t\u00eb admirohet, meriton t\u00eb kuptohet.<\/p>\n<p data-a11y-orig-inline=\"\" data-a11y-base-fs=\"18\">A nuk \u00ebsht\u00eb ky vend p\u00ebr t&#8217;u adhuruar, nj\u00ebjt si misteri i besimit, e hirit dhe hyjt.<\/p>\n<p data-a11y-orig-inline=\"\" data-a11y-base-fs=\"18\"><strong data-a11y-orig-inline=\"\" data-a11y-base-fs=\"18\">P\u00ebrgatiti: Albert Vataj<\/strong><\/p>\n<p data-a11y-orig-inline=\"\" data-a11y-base-fs=\"18\"><span>Nga OraNews<\/span><\/p>\n","protected":false},"excerpt":{"rendered":"<p>5 Shtator 2026 P\u00ebr shekuj me radh\u00eb, Shqip\u00ebria ka qen\u00eb p\u00ebr Evrop\u00ebn nj\u00ebkoh\u00ebsisht af\u00ebr dhe larg. Af\u00ebr n\u00eb hart\u00eb, por larg n\u00eb p\u00ebrfytyrim. Pran\u00eb Adriatikut, por e mb\u00ebshtjell\u00eb me nj\u00eb mjegull legjendash, paragjykimesh dhe misteresh. Prandaj, kur lexojm\u00eb se \u201cShqip\u00ebria ka qen\u00eb toka e njeriut t\u00eb lir\u00eb&#8230; e njeriut t\u00eb ashp\u00ebr dhe zem\u00ebrmir\u00eb\u201d, duhet t\u00eb [&hellip;]<\/p>\n","protected":false},"author":9,"featured_media":106068,"comment_status":"open","ping_status":"open","sticky":false,"template":"","format":"standard","meta":{"jetpack_post_was_ever_published":false,"_jetpack_newsletter_access":"","_jetpack_dont_email_post_to_subs":false,"_jetpack_newsletter_tier_id":0,"_jetpack_memberships_contains_paywalled_content":false,"_jetpack_memberships_contains_paid_content":false,"footnotes":"","jetpack_publicize_message":"","jetpack_publicize_feature_enabled":true,"jetpack_social_post_already_shared":true,"jetpack_social_options":{"image_generator_settings":{"template":"highway","default_image_id":0,"font":"","enabled":false},"version":2}},"categories":[27,85,10,35,86],"tags":[],"class_list":["post-106067","post","type-post","status-publish","format-standard","has-post-thumbnail","hentry","category-blogu-i-udhetarit","category-histori","category-kultura","category-shoqerore","category-trashegimi-kulturore"],"jetpack_publicize_connections":[],"jetpack_featured_media_url":"https:\/\/i0.wp.com\/www.shqiperia.com\/blog\/wp-content\/uploads\/2026\/09\/640-0-shq-1788601854-Copy.jpg?fit=640%2C406&ssl=1","jetpack_sharing_enabled":true,"jetpack_shortlink":"https:\/\/wp.me\/p5Z6wp-rAL","jetpack-related-posts":[{"id":101511,"url":"https:\/\/www.shqiperia.com\/blog\/marjana-koceku-nderi-i-njeriut-eshte-me-i-madh-se-cdo-post\/","url_meta":{"origin":106067,"position":0},"title":"Marjana Ko\u00e7eku: &#8211; Nderi i njeriut \u00ebsht\u00eb m\u00eb i madh se \u00e7do post","author":"Kurt Farka","date":"June 15, 2026","format":false,"excerpt":"Nga: Petrit Dukagjini N\u00eb histori, jo gjithmon\u00eb kan\u00eb qen\u00eb shumica ata q\u00eb kan\u00eb ndryshuar rrjedh\u00ebn e ngjarjeve. Shpesh ka qen\u00eb nj\u00eb z\u00eb i vet\u00ebm q\u00eb ka vendosur t\u00eb mos hesht\u00eb p\u00ebrball\u00eb nd\u00ebrgjegjes s\u00eb vet. Partit\u00eb vijn\u00eb e shkojn\u00eb, pushtetet ngrihen e bien, por karakteri dhe besnik\u00ebria ndaj vlerave mbeten. Shqip\u00ebria\u2026","rel":"","context":"In &quot;Blogu i Udh\u00ebtarit&quot;","block_context":{"text":"Blogu i Udh\u00ebtarit","link":"https:\/\/www.shqiperia.com\/blog\/category\/blogu-i-udhetarit\/"},"img":{"alt_text":"","src":"https:\/\/i0.wp.com\/www.shqiperia.com\/blog\/wp-content\/uploads\/2026\/06\/Marjana-Koceku.jpg?fit=710%2C519&ssl=1&resize=350%2C200","width":350,"height":200,"srcset":"https:\/\/i0.wp.com\/www.shqiperia.com\/blog\/wp-content\/uploads\/2026\/06\/Marjana-Koceku.jpg?fit=710%2C519&ssl=1&resize=350%2C200 1x, https:\/\/i0.wp.com\/www.shqiperia.com\/blog\/wp-content\/uploads\/2026\/06\/Marjana-Koceku.jpg?fit=710%2C519&ssl=1&resize=525%2C300 1.5x, https:\/\/i0.wp.com\/www.shqiperia.com\/blog\/wp-content\/uploads\/2026\/06\/Marjana-Koceku.jpg?fit=710%2C519&ssl=1&resize=700%2C400 2x"},"classes":[]},{"id":100070,"url":"https:\/\/www.shqiperia.com\/blog\/spiropali-me-mesazh-te-koduar-ne-europe-shteti-nuk-eshte-prone-e-askujt-dinjiteti-vlen-me-shume-se-forca\/","url_meta":{"origin":106067,"position":1},"title":"Spiropali me mesazh t\u00eb koduar: &#8211; N\u00eb Europ\u00eb shteti nuk \u00ebsht\u00eb pron\u00eb e askujt, dinjiteti vlen m\u00eb shum\u00eb se forca","author":"Kurt Farka","date":"May 9, 2026","format":false,"excerpt":"9 Maji 2026 Elisa Spiropali ka zgjedhur Dit\u00ebn e Europ\u00ebs p\u00ebr t\u00eb d\u00ebrguar t\u00eb tjera mesazhe n\u00eb drejtim t\u00eb partis\u00eb s\u00eb saj. Edhe pse kritikat e drejtp\u00ebrdrejta jan\u00eb ndalur pas replik\u00ebs ndaj k\u00ebrc\u00ebnimit t\u00eb Ram\u00ebs me p\u00ebrjashtim, n\u00eb mesazhin p\u00ebr Dit\u00ebn e Europ\u00ebs duket sikur Spiropali flet me kode. Sipas\u2026","rel":"","context":"In &quot;Blogu i Udh\u00ebtarit&quot;","block_context":{"text":"Blogu i Udh\u00ebtarit","link":"https:\/\/www.shqiperia.com\/blog\/category\/blogu-i-udhetarit\/"},"img":{"alt_text":"","src":"https:\/\/i0.wp.com\/www.shqiperia.com\/blog\/wp-content\/uploads\/2026\/05\/683660598_988439043537725_8063354982261626819_n.jpg?fit=848%2C678&ssl=1&resize=350%2C200","width":350,"height":200,"srcset":"https:\/\/i0.wp.com\/www.shqiperia.com\/blog\/wp-content\/uploads\/2026\/05\/683660598_988439043537725_8063354982261626819_n.jpg?fit=848%2C678&ssl=1&resize=350%2C200 1x, https:\/\/i0.wp.com\/www.shqiperia.com\/blog\/wp-content\/uploads\/2026\/05\/683660598_988439043537725_8063354982261626819_n.jpg?fit=848%2C678&ssl=1&resize=525%2C300 1.5x, https:\/\/i0.wp.com\/www.shqiperia.com\/blog\/wp-content\/uploads\/2026\/05\/683660598_988439043537725_8063354982261626819_n.jpg?fit=848%2C678&ssl=1&resize=700%2C400 2x"},"classes":[]},{"id":101629,"url":"https:\/\/www.shqiperia.com\/blog\/gazetarja-e-cnn-e-pyet-per-revolten-qytetare-rama-humb-toruan-keni-nevoje-te-rehabilitoheni-nuk-ka-protesta\/","url_meta":{"origin":106067,"position":2},"title":"Gazetarja e CNN e pyet p\u00ebr revolt\u00ebn qytetare, Rama humb toruan: &#8211; Keni nevoj\u00eb t\u00eb rehabilitoheni! &#8211; Nuk ka protesta","author":"Kurt Farka","date":"June 19, 2026","format":false,"excerpt":"Nj\u00eb debat i tensionuar ka ndodhur gjat\u00eb panelit n\u00eb Forumin Bot\u00ebror Future Investment Initiative, ku i pranish\u00ebm ishte edhe kryeministri Rama, i cili \u00ebsht\u00eb p\u00ebrplasur me gazetaren e rrjetit televiziv CNN, Eleni Giokos. Gjat\u00eb diskutimit mbi investimet e huaja n\u00eb bregdetin shqiptar dhe ndikimin e tyre n\u00eb mjedis, kreu i\u2026","rel":"","context":"In &quot;Blogu i Udh\u00ebtarit&quot;","block_context":{"text":"Blogu i Udh\u00ebtarit","link":"https:\/\/www.shqiperia.com\/blog\/category\/blogu-i-udhetarit\/"},"img":{"alt_text":"","src":"https:\/\/i0.wp.com\/www.shqiperia.com\/blog\/wp-content\/uploads\/2026\/06\/images-1.jpg?resize=350%2C200&ssl=1","width":350,"height":200,"srcset":"https:\/\/i0.wp.com\/www.shqiperia.com\/blog\/wp-content\/uploads\/2026\/06\/images-1.jpg?resize=350%2C200&ssl=1 1x, https:\/\/i0.wp.com\/www.shqiperia.com\/blog\/wp-content\/uploads\/2026\/06\/images-1.jpg?resize=525%2C300&ssl=1 1.5x"},"classes":[]},{"id":102235,"url":"https:\/\/www.shqiperia.com\/blog\/bbc-jehone-protestave-masive-ne-tirane-shqiptaret-kerkojne-doreheqjen-e-edi-rames\/","url_meta":{"origin":106067,"position":3},"title":"BBC jehon\u00eb protestave masive n\u00eb Tiran\u00eb: Shqiptar\u00ebt k\u00ebrkojn\u00eb dor\u00ebheqjen e Edi Ram\u00ebs","author":"Kurt Farka","date":"July 5, 2026","format":false,"excerpt":"5 Korrok 2026 Media britanike prestigjioze BBC i ka kushtuar nj\u00eb artikull protestave masive n\u00eb Shqip\u00ebri, t\u00eb cilat k\u00ebrkojn\u00eb prej m\u00eb shum\u00eb se nj\u00eb muaji largimin e kryeministrit Edi Rama dhe qeveris\u00eb s\u00eb tij. Artikulli i plot\u00eb i BBC: Fillimisht protestuan kund\u00ebr flamingos, tani turma n\u00eb rrug\u00ebt posht\u00eb zyr\u00ebs s\u00eb\u2026","rel":"","context":"In &quot;Blogu i Udh\u00ebtarit&quot;","block_context":{"text":"Blogu i Udh\u00ebtarit","link":"https:\/\/www.shqiperia.com\/blog\/category\/blogu-i-udhetarit\/"},"img":{"alt_text":"","src":"https:\/\/i0.wp.com\/www.shqiperia.com\/blog\/wp-content\/uploads\/2026\/07\/Edi-Rama-2.webp?fit=1024%2C570&ssl=1&resize=350%2C200","width":350,"height":200,"srcset":"https:\/\/i0.wp.com\/www.shqiperia.com\/blog\/wp-content\/uploads\/2026\/07\/Edi-Rama-2.webp?fit=1024%2C570&ssl=1&resize=350%2C200 1x, https:\/\/i0.wp.com\/www.shqiperia.com\/blog\/wp-content\/uploads\/2026\/07\/Edi-Rama-2.webp?fit=1024%2C570&ssl=1&resize=525%2C300 1.5x, https:\/\/i0.wp.com\/www.shqiperia.com\/blog\/wp-content\/uploads\/2026\/07\/Edi-Rama-2.webp?fit=1024%2C570&ssl=1&resize=700%2C400 2x"},"classes":[]},{"id":103682,"url":"https:\/\/www.shqiperia.com\/blog\/peshk-i-ngrire-me-kimikate-mbi-normat-e-lejuara-aku-kthejeni-ne-pikat-e-shitjes\/","url_meta":{"origin":106067,"position":4},"title":"Peshk i ngrir\u00eb me kimikate mbi normat e lejuara, AKU: &#8211; Kthejeni n\u00eb pikat e shitjes!","author":"Kurt Farka","date":"August 3, 2026","format":false,"excerpt":"3 Gusht 2026 Peshk i ngrir\u00eb me origjin\u00eb nga Turqia, i eksportuar n\u00eb Shqip\u00ebri p\u00ebrmes Greqis\u00eb, \u00ebsht\u00eb identifikuar me nivele t\u00eb larta t\u00eb substancave perfluoroalkile (PFAS), mbi kufijt\u00eb e lejuar nga ligji. P\u00ebr k\u00ebt\u00eb arsye, Autoriteti Komb\u00ebtar i Ushqimit u ka b\u00ebr\u00eb thirrje qytetar\u00ebve t\u00eb mos e konsumojn\u00eb produktin dhe\u2026","rel":"","context":"In &quot;Blogu i Udh\u00ebtarit&quot;","block_context":{"text":"Blogu i Udh\u00ebtarit","link":"https:\/\/www.shqiperia.com\/blog\/category\/blogu-i-udhetarit\/"},"img":{"alt_text":"","src":"https:\/\/i0.wp.com\/www.shqiperia.com\/blog\/wp-content\/uploads\/2026\/08\/1785756598_peshk-2.jpg?fit=780%2C440&ssl=1&resize=350%2C200","width":350,"height":200,"srcset":"https:\/\/i0.wp.com\/www.shqiperia.com\/blog\/wp-content\/uploads\/2026\/08\/1785756598_peshk-2.jpg?fit=780%2C440&ssl=1&resize=350%2C200 1x, https:\/\/i0.wp.com\/www.shqiperia.com\/blog\/wp-content\/uploads\/2026\/08\/1785756598_peshk-2.jpg?fit=780%2C440&ssl=1&resize=525%2C300 1.5x, https:\/\/i0.wp.com\/www.shqiperia.com\/blog\/wp-content\/uploads\/2026\/08\/1785756598_peshk-2.jpg?fit=780%2C440&ssl=1&resize=700%2C400 2x"},"classes":[]},{"id":102614,"url":"https:\/\/www.shqiperia.com\/blog\/marjana-koceku-per-median-holandeze-protestat-do-te-rriten-edhe-me-shume\/","url_meta":{"origin":106067,"position":5},"title":"Marjana Ko\u00e7eku p\u00ebr median holandeze: &#8211; Protestat do t\u00eb rriten edhe m\u00eb shum\u00eb!","author":"Kurt Farka","date":"July 13, 2026","format":false,"excerpt":"13 Korrik 2026 \u201cShqip\u00ebria ka qen\u00eb\u00a0 trazuar, shkak \u00ebsht\u00eb \u201cRevolucioni Flamingo\u201d. Deri tani, dhjet\u00ebra mij\u00ebra shqiptar\u00eb kan\u00eb dal\u00eb n\u00eb rrug\u00eb p\u00ebr m\u00eb shum\u00eb se 40 dit\u00eb, ku maksimumi i pjes\u00ebmarr\u00ebsve n\u00eb shesh ka qen\u00eb 250,000 qytetar\u00eb\u201d. K\u00ebshtu shkruan gazeta hollandeze \u201cde Volkskrant\u201d, p\u00ebr t\u00eb cil\u00ebn deputetja tashm\u00eb e pavarur Marjana\u2026","rel":"","context":"In &quot;Blogu i Udh\u00ebtarit&quot;","block_context":{"text":"Blogu i Udh\u00ebtarit","link":"https:\/\/www.shqiperia.com\/blog\/category\/blogu-i-udhetarit\/"},"img":{"alt_text":"","src":"https:\/\/i0.wp.com\/www.shqiperia.com\/blog\/wp-content\/uploads\/2026\/07\/marjana-kocekui.png?fit=1182%2C780&ssl=1&resize=350%2C200","width":350,"height":200,"srcset":"https:\/\/i0.wp.com\/www.shqiperia.com\/blog\/wp-content\/uploads\/2026\/07\/marjana-kocekui.png?fit=1182%2C780&ssl=1&resize=350%2C200 1x, https:\/\/i0.wp.com\/www.shqiperia.com\/blog\/wp-content\/uploads\/2026\/07\/marjana-kocekui.png?fit=1182%2C780&ssl=1&resize=525%2C300 1.5x, https:\/\/i0.wp.com\/www.shqiperia.com\/blog\/wp-content\/uploads\/2026\/07\/marjana-kocekui.png?fit=1182%2C780&ssl=1&resize=700%2C400 2x, https:\/\/i0.wp.com\/www.shqiperia.com\/blog\/wp-content\/uploads\/2026\/07\/marjana-kocekui.png?fit=1182%2C780&ssl=1&resize=1050%2C600 3x"},"classes":[]}],"_links":{"self":[{"href":"https:\/\/www.shqiperia.com\/blog\/wp-json\/wp\/v2\/posts\/106067","targetHints":{"allow":["GET"]}}],"collection":[{"href":"https:\/\/www.shqiperia.com\/blog\/wp-json\/wp\/v2\/posts"}],"about":[{"href":"https:\/\/www.shqiperia.com\/blog\/wp-json\/wp\/v2\/types\/post"}],"author":[{"embeddable":true,"href":"https:\/\/www.shqiperia.com\/blog\/wp-json\/wp\/v2\/users\/9"}],"replies":[{"embeddable":true,"href":"https:\/\/www.shqiperia.com\/blog\/wp-json\/wp\/v2\/comments?post=106067"}],"version-history":[{"count":1,"href":"https:\/\/www.shqiperia.com\/blog\/wp-json\/wp\/v2\/posts\/106067\/revisions"}],"predecessor-version":[{"id":106070,"href":"https:\/\/www.shqiperia.com\/blog\/wp-json\/wp\/v2\/posts\/106067\/revisions\/106070"}],"wp:featuredmedia":[{"embeddable":true,"href":"https:\/\/www.shqiperia.com\/blog\/wp-json\/wp\/v2\/media\/106068"}],"wp:attachment":[{"href":"https:\/\/www.shqiperia.com\/blog\/wp-json\/wp\/v2\/media?parent=106067"}],"wp:term":[{"taxonomy":"category","embeddable":true,"href":"https:\/\/www.shqiperia.com\/blog\/wp-json\/wp\/v2\/categories?post=106067"},{"taxonomy":"post_tag","embeddable":true,"href":"https:\/\/www.shqiperia.com\/blog\/wp-json\/wp\/v2\/tags?post=106067"}],"curies":[{"name":"wp","href":"https:\/\/api.w.org\/{rel}","templated":true}]}}